{"id":284310,"date":"2026-01-27T10:11:18","date_gmt":"2026-01-27T13:11:18","guid":{"rendered":"https:\/\/noticiaempauta.com\/portal\/?p=284310"},"modified":"2026-01-27T10:11:19","modified_gmt":"2026-01-27T13:11:19","slug":"petrobras-reduz-preco-da-gasolina-em-52-a-partir-desta-terca-feira-27","status":"publish","type":"post","link":"https:\/\/noticiaempauta.com\/portal\/petrobras-reduz-preco-da-gasolina-em-52-a-partir-desta-terca-feira-27\/","title":{"rendered":"Petrobras reduz pre\u00e7o da gasolina em 5,2% a partir desta ter\u00e7a-feira (27)"},"content":{"rendered":"\n<p>A Petrobras anunciou, nesta segunda-feira (26), a redu\u00e7\u00e3o de 5,2% no pre\u00e7o da gasolina A vendida \u00e0s distribuidoras. O novo valor passa a valer a partir desta ter\u00e7a-feira (27), e representa um corte de R$ 0,14 por litro no pre\u00e7o m\u00e9dio praticado pela estatal.<\/p>\n\n\n\n<figure class=\"wp-block-image size-large\"><img fetchpriority=\"high\" decoding=\"async\" width=\"1024\" height=\"613\" src=\"https:\/\/noticiaempauta.com\/portal\/wp-content\/uploads\/2022\/12\/governadores-aceitam-acordo-para-resolver-impasse-do-icms-dos-combustiveis-0f1b7794-a3d8-4925-8cdd-9d1ce8f40bf2-1024x613.webp\" alt=\"\" class=\"wp-image-242580\" srcset=\"https:\/\/noticiaempauta.com\/portal\/wp-content\/uploads\/2022\/12\/governadores-aceitam-acordo-para-resolver-impasse-do-icms-dos-combustiveis-0f1b7794-a3d8-4925-8cdd-9d1ce8f40bf2-1024x613.webp 1024w, https:\/\/noticiaempauta.com\/portal\/wp-content\/uploads\/2022\/12\/governadores-aceitam-acordo-para-resolver-impasse-do-icms-dos-combustiveis-0f1b7794-a3d8-4925-8cdd-9d1ce8f40bf2-300x179.webp 300w, https:\/\/noticiaempauta.com\/portal\/wp-content\/uploads\/2022\/12\/governadores-aceitam-acordo-para-resolver-impasse-do-icms-dos-combustiveis-0f1b7794-a3d8-4925-8cdd-9d1ce8f40bf2-768x459.webp 768w, https:\/\/noticiaempauta.com\/portal\/wp-content\/uploads\/2022\/12\/governadores-aceitam-acordo-para-resolver-impasse-do-icms-dos-combustiveis-0f1b7794-a3d8-4925-8cdd-9d1ce8f40bf2.webp 1170w\" sizes=\"(max-width: 1024px) 100vw, 1024px\" \/><\/figure>\n\n\n\n<p>Com a mudan\u00e7a, o litro da gasolina A, combust\u00edvel puro que sai das refinarias, passar\u00e1 a custar em m\u00e9dia R$ 2,57 para as distribuidoras. Esse produto ainda \u00e9 misturado ao etanol anidro antes de chegar aos postos e ser comercializado ao consumidor final.<\/p>\n\n\n\n<p>Em nota divulgada pela empresa, a Petrobras informou que, desde dezembro de 2022, o pre\u00e7o da gasolina acumula queda de R$ 0,50 por litro. Considerando a infla\u00e7\u00e3o do per\u00edodo, a redu\u00e7\u00e3o real chega a 26,9%. A \u00faltima altera\u00e7\u00e3o no valor havia ocorrido em 21 de outubro de 2025, quando o combust\u00edvel sofreu um reajuste negativo de 4,9%.<\/p>\n\n\n\n<p>A redu\u00e7\u00e3o anunciada ocorre em um contexto de aten\u00e7\u00e3o aos impactos do pre\u00e7o dos combust\u00edveis sobre a infla\u00e7\u00e3o. A gasolina tem o maior peso individual no \u00cdndice Nacional de Pre\u00e7os ao Consumidor Amplo, o IPCA, indicador oficial que mede a infla\u00e7\u00e3o no pa\u00eds. Movimentos de queda no valor do combust\u00edvel tendem a aliviar a press\u00e3o inflacion\u00e1ria, especialmente nos custos de transporte.<\/p>\n\n\n\n<p>Apesar disso, especialistas ressaltam que o repasse da redu\u00e7\u00e3o aos consumidores n\u00e3o \u00e9 autom\u00e1tico nem integral. O pre\u00e7o cobrado nas bombas depende de uma s\u00e9rie de fatores al\u00e9m do valor praticado pela Petrobras. Entre eles est\u00e3o os custos de transporte, a mistura obrigat\u00f3ria com o etanol, a carga tribut\u00e1ria federal e estadual e as margens de lucro de distribuidoras e postos.<\/p>\n\n\n\n<p>Dessa forma, a diminui\u00e7\u00e3o no pre\u00e7o da refinaria pode chegar de forma parcial ou at\u00e9 n\u00e3o ser percebida em algumas regi\u00f5es do pa\u00eds, dependendo da din\u00e2mica local do mercado. Historicamente, o tempo e o percentual de repasse variam conforme a concorr\u00eancia e os custos operacionais de cada localidade.<\/p>\n\n\n\n<p>No mesmo comunicado, a Petrobras informou que n\u00e3o haver\u00e1 altera\u00e7\u00e3o no pre\u00e7o do diesel vendido \u00e0s distribuidoras. Ainda segundo a empresa, desde dezembro de 2022, o diesel acumula redu\u00e7\u00e3o de 36,3% no pre\u00e7o m\u00e9dio, j\u00e1 considerando a infla\u00e7\u00e3o do per\u00edodo.<\/p>\n\n\n\n<p>A estatal n\u00e3o detalhou se novas mudan\u00e7as nos pre\u00e7os dos combust\u00edveis est\u00e3o previstas para as pr\u00f3ximas semanas. A pol\u00edtica de pre\u00e7os da empresa leva em conta fatores como custos de produ\u00e7\u00e3o, condi\u00e7\u00f5es do mercado interno e internacional e a concorr\u00eancia no setor.<\/p>\n\n\n\n<p>Com o novo reajuste, o impacto efetivo para o consumidor dever\u00e1 ser acompanhado ao longo dos pr\u00f3ximos dias, \u00e0 medida que distribuidoras e postos ajustem seus pre\u00e7os.<\/p>\n\n\n\n<p><strong><em>Fonte: Portal O Dia<\/em><\/strong> <strong><em>e Ag\u00eancia Brasil<\/em><\/strong><\/p>\n","protected":false},"excerpt":{"rendered":"<p>A Petrobras anunciou, nesta segunda-feira (26), a redu\u00e7\u00e3o de 5,2% no pre\u00e7o da gasolina A vendida \u00e0s distribuidoras. O novo valor passa a valer a partir desta ter\u00e7a-feira (27), e representa um corte de R$ 0,14 por litro no pre\u00e7o m\u00e9dio praticado pela estatal. Com a mudan\u00e7a, o litro da gasolina A, combust\u00edvel puro que [&hellip;]<\/p>\n","protected":false},"author":2,"featured_media":242580,"comment_status":"closed","ping_status":"closed","sticky":false,"template":"","format":"standard","meta":{"_mi_skip_tracking":false,"footnotes":""},"categories":[25,6,1,16],"tags":[],"class_list":["post-284310","post","type-post","status-publish","format-standard","has-post-thumbnail","hentry","category-destaques-site","category-economia","category-geral","category-todas"],"acf":[],"yoast_head":"<!-- This site is optimized with the Yoast SEO Premium plugin v19.2 (Yoast SEO v26.9) - https:\/\/yoast.com\/product\/yoast-seo-premium-wordpress\/ -->\n<title>Petrobras reduz pre\u00e7o da gasolina em 5,2% a partir desta ter\u00e7a-feira (27) - Portal Not\u00edcia em Pauta<\/title>\n<meta name=\"robots\" content=\"index, follow, max-snippet:-1, max-image-preview:large, max-video-preview:-1\" \/>\n<link rel=\"canonical\" href=\"https:\/\/noticiaempauta.com\/portal\/petrobras-reduz-preco-da-gasolina-em-52-a-partir-desta-terca-feira-27\/\" \/>\n<meta property=\"og:locale\" content=\"pt_BR\" \/>\n<meta property=\"og:type\" content=\"article\" \/>\n<meta property=\"og:title\" content=\"Petrobras reduz pre\u00e7o da gasolina em 5,2% a partir desta ter\u00e7a-feira (27)\" \/>\n<meta property=\"og:description\" content=\"A Petrobras anunciou, nesta segunda-feira (26), a redu\u00e7\u00e3o de 5,2% no pre\u00e7o da gasolina A vendida \u00e0s distribuidoras. O novo valor passa a valer a partir desta ter\u00e7a-feira (27), e representa um corte de R$ 0,14 por litro no pre\u00e7o m\u00e9dio praticado pela estatal. Com a mudan\u00e7a, o litro da gasolina A, combust\u00edvel puro que [&hellip;]\" \/>\n<meta property=\"og:url\" content=\"https:\/\/noticiaempauta.com\/portal\/petrobras-reduz-preco-da-gasolina-em-52-a-partir-desta-terca-feira-27\/\" \/>\n<meta property=\"og:site_name\" content=\"Portal Not\u00edcia em Pauta\" \/>\n<meta property=\"article:publisher\" content=\"https:\/\/www.facebook.com\/Portal-Notcia-Em-Pauta-102292869264820\/\" \/>\n<meta property=\"article:published_time\" content=\"2026-01-27T13:11:18+00:00\" \/>\n<meta property=\"article:modified_time\" content=\"2026-01-27T13:11:19+00:00\" \/>\n<meta property=\"og:image\" content=\"https:\/\/noticiaempauta.com\/portal\/wp-content\/uploads\/2022\/12\/governadores-aceitam-acordo-para-resolver-impasse-do-icms-dos-combustiveis-0f1b7794-a3d8-4925-8cdd-9d1ce8f40bf2.webp\" \/>\n\t<meta property=\"og:image:width\" content=\"1170\" \/>\n\t<meta property=\"og:image:height\" content=\"700\" \/>\n\t<meta property=\"og:image:type\" content=\"image\/webp\" \/>\n<meta name=\"author\" content=\"Reda\u00e7\u00e3o\" \/>\n<meta name=\"twitter:card\" content=\"summary_large_image\" \/>\n<meta name=\"twitter:label1\" content=\"Escrito por\" \/>\n\t<meta name=\"twitter:data1\" content=\"Reda\u00e7\u00e3o\" \/>\n\t<meta name=\"twitter:label2\" content=\"Est. tempo de leitura\" \/>\n\t<meta name=\"twitter:data2\" content=\"3 minutos\" \/>\n<script type=\"application\/ld+json\" class=\"yoast-schema-graph\">{\"@context\":\"https:\/\/schema.org\",\"@graph\":[{\"@type\":\"Article\",\"@id\":\"https:\/\/noticiaempauta.com\/portal\/petrobras-reduz-preco-da-gasolina-em-52-a-partir-desta-terca-feira-27\/#article\",\"isPartOf\":{\"@id\":\"https:\/\/noticiaempauta.com\/portal\/petrobras-reduz-preco-da-gasolina-em-52-a-partir-desta-terca-feira-27\/\"},\"author\":{\"name\":\"Reda\u00e7\u00e3o\",\"@id\":\"https:\/\/noticiaempauta.com\/portal\/#\/schema\/person\/a74af43dd1ab3deca45f988c717d57ac\"},\"headline\":\"Petrobras reduz pre\u00e7o da gasolina em 5,2% a partir desta ter\u00e7a-feira (27)\",\"datePublished\":\"2026-01-27T13:11:18+00:00\",\"dateModified\":\"2026-01-27T13:11:19+00:00\",\"mainEntityOfPage\":{\"@id\":\"https:\/\/noticiaempauta.com\/portal\/petrobras-reduz-preco-da-gasolina-em-52-a-partir-desta-terca-feira-27\/\"},\"wordCount\":489,\"publisher\":{\"@id\":\"https:\/\/noticiaempauta.com\/portal\/#organization\"},\"image\":{\"@id\":\"https:\/\/noticiaempauta.com\/portal\/petrobras-reduz-preco-da-gasolina-em-52-a-partir-desta-terca-feira-27\/#primaryimage\"},\"thumbnailUrl\":\"https:\/\/noticiaempauta.com\/portal\/wp-content\/uploads\/2022\/12\/governadores-aceitam-acordo-para-resolver-impasse-do-icms-dos-combustiveis-0f1b7794-a3d8-4925-8cdd-9d1ce8f40bf2.webp\",\"articleSection\":[\"Destaques\",\"Economia\",\"Geral\",\"Todas as Not\u00edcias\"],\"inLanguage\":\"pt-BR\"},{\"@type\":\"WebPage\",\"@id\":\"https:\/\/noticiaempauta.com\/portal\/petrobras-reduz-preco-da-gasolina-em-52-a-partir-desta-terca-feira-27\/\",\"url\":\"https:\/\/noticiaempauta.com\/portal\/petrobras-reduz-preco-da-gasolina-em-52-a-partir-desta-terca-feira-27\/\",\"name\":\"Petrobras reduz pre\u00e7o da gasolina em 5,2% a partir desta ter\u00e7a-feira (27) - Portal Not\u00edcia em Pauta\",\"isPartOf\":{\"@id\":\"https:\/\/noticiaempauta.com\/portal\/#website\"},\"primaryImageOfPage\":{\"@id\":\"https:\/\/noticiaempauta.com\/portal\/petrobras-reduz-preco-da-gasolina-em-52-a-partir-desta-terca-feira-27\/#primaryimage\"},\"image\":{\"@id\":\"https:\/\/noticiaempauta.com\/portal\/petrobras-reduz-preco-da-gasolina-em-52-a-partir-desta-terca-feira-27\/#primaryimage\"},\"thumbnailUrl\":\"https:\/\/noticiaempauta.com\/portal\/wp-content\/uploads\/2022\/12\/governadores-aceitam-acordo-para-resolver-impasse-do-icms-dos-combustiveis-0f1b7794-a3d8-4925-8cdd-9d1ce8f40bf2.webp\",\"datePublished\":\"2026-01-27T13:11:18+00:00\",\"dateModified\":\"2026-01-27T13:11:19+00:00\",\"breadcrumb\":{\"@id\":\"https:\/\/noticiaempauta.com\/portal\/petrobras-reduz-preco-da-gasolina-em-52-a-partir-desta-terca-feira-27\/#breadcrumb\"},\"inLanguage\":\"pt-BR\",\"potentialAction\":[{\"@type\":\"ReadAction\",\"target\":[\"https:\/\/noticiaempauta.com\/portal\/petrobras-reduz-preco-da-gasolina-em-52-a-partir-desta-terca-feira-27\/\"]}]},{\"@type\":\"ImageObject\",\"inLanguage\":\"pt-BR\",\"@id\":\"https:\/\/noticiaempauta.com\/portal\/petrobras-reduz-preco-da-gasolina-em-52-a-partir-desta-terca-feira-27\/#primaryimage\",\"url\":\"https:\/\/noticiaempauta.com\/portal\/wp-content\/uploads\/2022\/12\/governadores-aceitam-acordo-para-resolver-impasse-do-icms-dos-combustiveis-0f1b7794-a3d8-4925-8cdd-9d1ce8f40bf2.webp\",\"contentUrl\":\"https:\/\/noticiaempauta.com\/portal\/wp-content\/uploads\/2022\/12\/governadores-aceitam-acordo-para-resolver-impasse-do-icms-dos-combustiveis-0f1b7794-a3d8-4925-8cdd-9d1ce8f40bf2.webp\",\"width\":1170,\"height\":700},{\"@type\":\"BreadcrumbList\",\"@id\":\"https:\/\/noticiaempauta.com\/portal\/petrobras-reduz-preco-da-gasolina-em-52-a-partir-desta-terca-feira-27\/#breadcrumb\",\"itemListElement\":[{\"@type\":\"ListItem\",\"position\":1,\"name\":\"P\u00e1gina Inicial\",\"item\":\"https:\/\/noticiaempauta.com\/portal\/\"},{\"@type\":\"ListItem\",\"position\":2,\"name\":\"Destaques\",\"item\":\"https:\/\/noticiaempauta.com\/portal\/destaques-site\/\"},{\"@type\":\"ListItem\",\"position\":3,\"name\":\"Petrobras reduz pre\u00e7o da gasolina em 5,2% a partir desta ter\u00e7a-feira (27)\"}]},{\"@type\":\"WebSite\",\"@id\":\"https:\/\/noticiaempauta.com\/portal\/#website\",\"url\":\"https:\/\/noticiaempauta.com\/portal\/\",\"name\":\"Portal Not\u00edcia em Pauta\",\"description\":\"Voc\u00ea bem informado\",\"publisher\":{\"@id\":\"https:\/\/noticiaempauta.com\/portal\/#organization\"},\"potentialAction\":[{\"@type\":\"SearchAction\",\"target\":{\"@type\":\"EntryPoint\",\"urlTemplate\":\"https:\/\/noticiaempauta.com\/portal\/?s={search_term_string}\"},\"query-input\":{\"@type\":\"PropertyValueSpecification\",\"valueRequired\":true,\"valueName\":\"search_term_string\"}}],\"inLanguage\":\"pt-BR\"},{\"@type\":\"Organization\",\"@id\":\"https:\/\/noticiaempauta.com\/portal\/#organization\",\"name\":\"Portal Not\u00edcia em Pauta\",\"url\":\"https:\/\/noticiaempauta.com\/portal\/\",\"logo\":{\"@type\":\"ImageObject\",\"inLanguage\":\"pt-BR\",\"@id\":\"https:\/\/noticiaempauta.com\/portal\/#\/schema\/logo\/image\/\",\"url\":\"https:\/\/noticiaempauta.com\/portal\/wp-content\/uploads\/2022\/08\/logomarca_tema.fw_.png\",\"contentUrl\":\"https:\/\/noticiaempauta.com\/portal\/wp-content\/uploads\/2022\/08\/logomarca_tema.fw_.png\",\"width\":400,\"height\":232,\"caption\":\"Portal Not\u00edcia em Pauta\"},\"image\":{\"@id\":\"https:\/\/noticiaempauta.com\/portal\/#\/schema\/logo\/image\/\"},\"sameAs\":[\"https:\/\/www.facebook.com\/Portal-Notcia-Em-Pauta-102292869264820\/\",\"https:\/\/www.instagram.com\/portalnoticiaempauta\/\"]},{\"@type\":\"Person\",\"@id\":\"https:\/\/noticiaempauta.com\/portal\/#\/schema\/person\/a74af43dd1ab3deca45f988c717d57ac\",\"name\":\"Reda\u00e7\u00e3o\",\"image\":{\"@type\":\"ImageObject\",\"inLanguage\":\"pt-BR\",\"@id\":\"https:\/\/noticiaempauta.com\/portal\/#\/schema\/person\/image\/\",\"url\":\"https:\/\/secure.gravatar.com\/avatar\/03179346ecce6cdfc13361603e8f54242a90e5cde8618fa23c5c00aa2b0aadf3?s=96&d=mm&r=g\",\"contentUrl\":\"https:\/\/secure.gravatar.com\/avatar\/03179346ecce6cdfc13361603e8f54242a90e5cde8618fa23c5c00aa2b0aadf3?s=96&d=mm&r=g\",\"caption\":\"Reda\u00e7\u00e3o\"},\"sameAs\":[\"https:\/\/noticiaempauta.com\/portal\/\"],\"url\":\"https:\/\/noticiaempauta.com\/portal\/author\/fernando\/\"}]}<\/script>\n<!-- \/ Yoast SEO Premium plugin. -->","yoast_head_json":{"title":"Petrobras reduz pre\u00e7o da gasolina em 5,2% a partir desta ter\u00e7a-feira (27) - Portal Not\u00edcia em Pauta","robots":{"index":"index","follow":"follow","max-snippet":"max-snippet:-1","max-image-preview":"max-image-preview:large","max-video-preview":"max-video-preview:-1"},"canonical":"https:\/\/noticiaempauta.com\/portal\/petrobras-reduz-preco-da-gasolina-em-52-a-partir-desta-terca-feira-27\/","og_locale":"pt_BR","og_type":"article","og_title":"Petrobras reduz pre\u00e7o da gasolina em 5,2% a partir desta ter\u00e7a-feira (27)","og_description":"A Petrobras anunciou, nesta segunda-feira (26), a redu\u00e7\u00e3o de 5,2% no pre\u00e7o da gasolina A vendida \u00e0s distribuidoras. O novo valor passa a valer a partir desta ter\u00e7a-feira (27), e representa um corte de R$ 0,14 por litro no pre\u00e7o m\u00e9dio praticado pela estatal. Com a mudan\u00e7a, o litro da gasolina A, combust\u00edvel puro que [&hellip;]","og_url":"https:\/\/noticiaempauta.com\/portal\/petrobras-reduz-preco-da-gasolina-em-52-a-partir-desta-terca-feira-27\/","og_site_name":"Portal Not\u00edcia em Pauta","article_publisher":"https:\/\/www.facebook.com\/Portal-Notcia-Em-Pauta-102292869264820\/","article_published_time":"2026-01-27T13:11:18+00:00","article_modified_time":"2026-01-27T13:11:19+00:00","og_image":[{"width":1170,"height":700,"url":"https:\/\/noticiaempauta.com\/portal\/wp-content\/uploads\/2022\/12\/governadores-aceitam-acordo-para-resolver-impasse-do-icms-dos-combustiveis-0f1b7794-a3d8-4925-8cdd-9d1ce8f40bf2.webp","type":"image\/webp"}],"author":"Reda\u00e7\u00e3o","twitter_card":"summary_large_image","twitter_misc":{"Escrito por":"Reda\u00e7\u00e3o","Est. tempo de leitura":"3 minutos"},"schema":{"@context":"https:\/\/schema.org","@graph":[{"@type":"Article","@id":"https:\/\/noticiaempauta.com\/portal\/petrobras-reduz-preco-da-gasolina-em-52-a-partir-desta-terca-feira-27\/#article","isPartOf":{"@id":"https:\/\/noticiaempauta.com\/portal\/petrobras-reduz-preco-da-gasolina-em-52-a-partir-desta-terca-feira-27\/"},"author":{"name":"Reda\u00e7\u00e3o","@id":"https:\/\/noticiaempauta.com\/portal\/#\/schema\/person\/a74af43dd1ab3deca45f988c717d57ac"},"headline":"Petrobras reduz pre\u00e7o da gasolina em 5,2% a partir desta ter\u00e7a-feira (27)","datePublished":"2026-01-27T13:11:18+00:00","dateModified":"2026-01-27T13:11:19+00:00","mainEntityOfPage":{"@id":"https:\/\/noticiaempauta.com\/portal\/petrobras-reduz-preco-da-gasolina-em-52-a-partir-desta-terca-feira-27\/"},"wordCount":489,"publisher":{"@id":"https:\/\/noticiaempauta.com\/portal\/#organization"},"image":{"@id":"https:\/\/noticiaempauta.com\/portal\/petrobras-reduz-preco-da-gasolina-em-52-a-partir-desta-terca-feira-27\/#primaryimage"},"thumbnailUrl":"https:\/\/noticiaempauta.com\/portal\/wp-content\/uploads\/2022\/12\/governadores-aceitam-acordo-para-resolver-impasse-do-icms-dos-combustiveis-0f1b7794-a3d8-4925-8cdd-9d1ce8f40bf2.webp","articleSection":["Destaques","Economia","Geral","Todas as Not\u00edcias"],"inLanguage":"pt-BR"},{"@type":"WebPage","@id":"https:\/\/noticiaempauta.com\/portal\/petrobras-reduz-preco-da-gasolina-em-52-a-partir-desta-terca-feira-27\/","url":"https:\/\/noticiaempauta.com\/portal\/petrobras-reduz-preco-da-gasolina-em-52-a-partir-desta-terca-feira-27\/","name":"Petrobras reduz pre\u00e7o da gasolina em 5,2% a partir desta ter\u00e7a-feira (27) - Portal Not\u00edcia em Pauta","isPartOf":{"@id":"https:\/\/noticiaempauta.com\/portal\/#website"},"primaryImageOfPage":{"@id":"https:\/\/noticiaempauta.com\/portal\/petrobras-reduz-preco-da-gasolina-em-52-a-partir-desta-terca-feira-27\/#primaryimage"},"image":{"@id":"https:\/\/noticiaempauta.com\/portal\/petrobras-reduz-preco-da-gasolina-em-52-a-partir-desta-terca-feira-27\/#primaryimage"},"thumbnailUrl":"https:\/\/noticiaempauta.com\/portal\/wp-content\/uploads\/2022\/12\/governadores-aceitam-acordo-para-resolver-impasse-do-icms-dos-combustiveis-0f1b7794-a3d8-4925-8cdd-9d1ce8f40bf2.webp","datePublished":"2026-01-27T13:11:18+00:00","dateModified":"2026-01-27T13:11:19+00:00","breadcrumb":{"@id":"https:\/\/noticiaempauta.com\/portal\/petrobras-reduz-preco-da-gasolina-em-52-a-partir-desta-terca-feira-27\/#breadcrumb"},"inLanguage":"pt-BR","potentialAction":[{"@type":"ReadAction","target":["https:\/\/noticiaempauta.com\/portal\/petrobras-reduz-preco-da-gasolina-em-52-a-partir-desta-terca-feira-27\/"]}]},{"@type":"ImageObject","inLanguage":"pt-BR","@id":"https:\/\/noticiaempauta.com\/portal\/petrobras-reduz-preco-da-gasolina-em-52-a-partir-desta-terca-feira-27\/#primaryimage","url":"https:\/\/noticiaempauta.com\/portal\/wp-content\/uploads\/2022\/12\/governadores-aceitam-acordo-para-resolver-impasse-do-icms-dos-combustiveis-0f1b7794-a3d8-4925-8cdd-9d1ce8f40bf2.webp","contentUrl":"https:\/\/noticiaempauta.com\/portal\/wp-content\/uploads\/2022\/12\/governadores-aceitam-acordo-para-resolver-impasse-do-icms-dos-combustiveis-0f1b7794-a3d8-4925-8cdd-9d1ce8f40bf2.webp","width":1170,"height":700},{"@type":"BreadcrumbList","@id":"https:\/\/noticiaempauta.com\/portal\/petrobras-reduz-preco-da-gasolina-em-52-a-partir-desta-terca-feira-27\/#breadcrumb","itemListElement":[{"@type":"ListItem","position":1,"name":"P\u00e1gina Inicial","item":"https:\/\/noticiaempauta.com\/portal\/"},{"@type":"ListItem","position":2,"name":"Destaques","item":"https:\/\/noticiaempauta.com\/portal\/destaques-site\/"},{"@type":"ListItem","position":3,"name":"Petrobras reduz pre\u00e7o da gasolina em 5,2% a partir desta ter\u00e7a-feira (27)"}]},{"@type":"WebSite","@id":"https:\/\/noticiaempauta.com\/portal\/#website","url":"https:\/\/noticiaempauta.com\/portal\/","name":"Portal Not\u00edcia em Pauta","description":"Voc\u00ea bem informado","publisher":{"@id":"https:\/\/noticiaempauta.com\/portal\/#organization"},"potentialAction":[{"@type":"SearchAction","target":{"@type":"EntryPoint","urlTemplate":"https:\/\/noticiaempauta.com\/portal\/?s={search_term_string}"},"query-input":{"@type":"PropertyValueSpecification","valueRequired":true,"valueName":"search_term_string"}}],"inLanguage":"pt-BR"},{"@type":"Organization","@id":"https:\/\/noticiaempauta.com\/portal\/#organization","name":"Portal Not\u00edcia em Pauta","url":"https:\/\/noticiaempauta.com\/portal\/","logo":{"@type":"ImageObject","inLanguage":"pt-BR","@id":"https:\/\/noticiaempauta.com\/portal\/#\/schema\/logo\/image\/","url":"https:\/\/noticiaempauta.com\/portal\/wp-content\/uploads\/2022\/08\/logomarca_tema.fw_.png","contentUrl":"https:\/\/noticiaempauta.com\/portal\/wp-content\/uploads\/2022\/08\/logomarca_tema.fw_.png","width":400,"height":232,"caption":"Portal Not\u00edcia em Pauta"},"image":{"@id":"https:\/\/noticiaempauta.com\/portal\/#\/schema\/logo\/image\/"},"sameAs":["https:\/\/www.facebook.com\/Portal-Notcia-Em-Pauta-102292869264820\/","https:\/\/www.instagram.com\/portalnoticiaempauta\/"]},{"@type":"Person","@id":"https:\/\/noticiaempauta.com\/portal\/#\/schema\/person\/a74af43dd1ab3deca45f988c717d57ac","name":"Reda\u00e7\u00e3o","image":{"@type":"ImageObject","inLanguage":"pt-BR","@id":"https:\/\/noticiaempauta.com\/portal\/#\/schema\/person\/image\/","url":"https:\/\/secure.gravatar.com\/avatar\/03179346ecce6cdfc13361603e8f54242a90e5cde8618fa23c5c00aa2b0aadf3?s=96&d=mm&r=g","contentUrl":"https:\/\/secure.gravatar.com\/avatar\/03179346ecce6cdfc13361603e8f54242a90e5cde8618fa23c5c00aa2b0aadf3?s=96&d=mm&r=g","caption":"Reda\u00e7\u00e3o"},"sameAs":["https:\/\/noticiaempauta.com\/portal\/"],"url":"https:\/\/noticiaempauta.com\/portal\/author\/fernando\/"}]}},"_links":{"self":[{"href":"https:\/\/noticiaempauta.com\/portal\/wp-json\/wp\/v2\/posts\/284310","targetHints":{"allow":["GET"]}}],"collection":[{"href":"https:\/\/noticiaempauta.com\/portal\/wp-json\/wp\/v2\/posts"}],"about":[{"href":"https:\/\/noticiaempauta.com\/portal\/wp-json\/wp\/v2\/types\/post"}],"author":[{"embeddable":true,"href":"https:\/\/noticiaempauta.com\/portal\/wp-json\/wp\/v2\/users\/2"}],"replies":[{"embeddable":true,"href":"https:\/\/noticiaempauta.com\/portal\/wp-json\/wp\/v2\/comments?post=284310"}],"version-history":[{"count":2,"href":"https:\/\/noticiaempauta.com\/portal\/wp-json\/wp\/v2\/posts\/284310\/revisions"}],"predecessor-version":[{"id":284312,"href":"https:\/\/noticiaempauta.com\/portal\/wp-json\/wp\/v2\/posts\/284310\/revisions\/284312"}],"wp:featuredmedia":[{"embeddable":true,"href":"https:\/\/noticiaempauta.com\/portal\/wp-json\/wp\/v2\/media\/242580"}],"wp:attachment":[{"href":"https:\/\/noticiaempauta.com\/portal\/wp-json\/wp\/v2\/media?parent=284310"}],"wp:term":[{"taxonomy":"category","embeddable":true,"href":"https:\/\/noticiaempauta.com\/portal\/wp-json\/wp\/v2\/categories?post=284310"},{"taxonomy":"post_tag","embeddable":true,"href":"https:\/\/noticiaempauta.com\/portal\/wp-json\/wp\/v2\/tags?post=284310"}],"curies":[{"name":"wp","href":"https:\/\/api.w.org\/{rel}","templated":true}]}}