{"id":284327,"date":"2026-01-27T14:59:45","date_gmt":"2026-01-27T17:59:45","guid":{"rendered":"https:\/\/noticiaempauta.com\/portal\/?p=284327"},"modified":"2026-01-27T14:59:46","modified_gmt":"2026-01-27T17:59:46","slug":"pt-confirma-nome-posto-para-vice-e-bandeira-e-nao-ha-discussao-sobre-vinicius-dias","status":"publish","type":"post","link":"https:\/\/noticiaempauta.com\/portal\/pt-confirma-nome-posto-para-vice-e-bandeira-e-nao-ha-discussao-sobre-vinicius-dias\/","title":{"rendered":"PT confirma: nome posto para vice \u00e9 Bandeira e n\u00e3o h\u00e1 discuss\u00e3o sobre Vin\u00edcius Dias"},"content":{"rendered":"\n<p>Em entrevista concedida na manh\u00e3 desta\u00a0ter\u00e7a-feira (27),\u00a0a dire\u00e7\u00e3o estadual do\u00a0Partido dos Trabalhadores (PT)\u00a0buscou\u00a0pacificar o debate interno\u00a0e esclarecer o andamento das articula\u00e7\u00f5es para a elei\u00e7\u00e3o de 2026 no Piau\u00ed. O posicionamento foi apresentado pelo presidente da sigla no estado,\u00a0<strong>F\u00e1bio Novo<\/strong>, durante coletiva de imprensa.<\/p>\n\n\n\n<figure class=\"wp-block-image size-full\"><img fetchpriority=\"high\" decoding=\"async\" width=\"785\" height=\"435\" src=\"https:\/\/noticiaempauta.com\/portal\/wp-content\/uploads\/2026\/01\/fabio-novo-diz-que-chapa-completa-sera-anunciada-apos-o-carnaval-06302ba06e4ab77d.webp\" alt=\"\" class=\"wp-image-284328\" srcset=\"https:\/\/noticiaempauta.com\/portal\/wp-content\/uploads\/2026\/01\/fabio-novo-diz-que-chapa-completa-sera-anunciada-apos-o-carnaval-06302ba06e4ab77d.webp 785w, https:\/\/noticiaempauta.com\/portal\/wp-content\/uploads\/2026\/01\/fabio-novo-diz-que-chapa-completa-sera-anunciada-apos-o-carnaval-06302ba06e4ab77d-300x166.webp 300w, https:\/\/noticiaempauta.com\/portal\/wp-content\/uploads\/2026\/01\/fabio-novo-diz-que-chapa-completa-sera-anunciada-apos-o-carnaval-06302ba06e4ab77d-768x426.webp 768w\" sizes=\"(max-width: 785px) 100vw, 785px\" \/><figcaption class=\"wp-element-caption\"><em>Foto: Cec\u00edlia Brand\u00e3o\/Meio News<\/em><\/figcaption><\/figure>\n\n\n\n<p><strong>VICE NA CHAPA<\/strong><br>Segundo o dirigente,\u00a0o \u00fanico nome colocado neste momento para ocupar a vaga de vice-governador na chapa do governador Rafael Fonteles \u00e9 o do ex-secret\u00e1rio de Educa\u00e7\u00e3o e atual assessor especial Washington Bandeira. F\u00e1bio Novo negou qualquer discuss\u00e3o formal envolvendo o m\u00e9dico\u00a0Vin\u00edcius Dias, filho do ministro do Desenvolvimento Social,\u00a0Wellington Dias, para essa fun\u00e7\u00e3o.<\/p>\n\n\n\n<p>\u201cO nome que est\u00e1 posto para vice, nesse momento, no partido, \u00e9 o nome do ex-secret\u00e1rio de Educa\u00e7\u00e3o Washington Bandeira. O nome do m\u00e9dico Vin\u00edcius Dias n\u00e3o est\u00e1 posto para vice\u201d, afirmou.<\/p>\n\n\n\n<p><strong>CALEND\u00c1RIO PARTID\u00c1RIO<\/strong><br>F\u00e1bio Novo explicou que o PT segue um&nbsp;<strong>cronograma interno j\u00e1 definido<\/strong>, que inclui elei\u00e7\u00f5es setoriais, jornadas de forma\u00e7\u00e3o pol\u00edtica, recadastramento de filiados e semin\u00e1rios regionais. Segundo ele, a defini\u00e7\u00e3o oficial da chapa majorit\u00e1ria deve ocorrer&nbsp;<strong>ap\u00f3s o Carnaval<\/strong>, quando o partido pretende apresentar os nomes \u00e0 sociedade.<\/p>\n\n\n\n<p>\u201cO partido tem um calend\u00e1rio e n\u00f3s vamos seguir esse calend\u00e1rio. At\u00e9 depois do Carnaval, apresentaremos a nossa chapa com a unidade do partido\u201d, destacou.<\/p>\n\n\n\n<p><strong>RUMORES DE RACHA<\/strong><br>Durante a coletiva, o presidente estadual do PT foi enf\u00e1tico ao&nbsp;<strong>rejeitar especula\u00e7\u00f5es sobre um poss\u00edvel racha<\/strong>&nbsp;entre o governador Rafael Fonteles e o ministro Wellington Dias. Ele afirmou que quem aposta em divis\u00e3o interna \u201cvai quebrar a cara\u201d.<\/p>\n\n\n\n<p>\u201cQuem alimentar que vai ter racha entre Wellington Dias e Rafael Fonteles vai quebrar a cara. N\u00e3o vai ter\u201d, declarou.<\/p>\n\n\n\n<p><strong>PROJETO POL\u00cdTICO<\/strong><br>Ao defender a unidade, F\u00e1bio Novo relembrou avan\u00e7os obtidos por gest\u00f5es petistas no estado, como a universaliza\u00e7\u00e3o da energia el\u00e9trica, a amplia\u00e7\u00e3o da malha vi\u00e1ria, o acesso ao ensino m\u00e9dio em todos os munic\u00edpios e a expans\u00e3o da educa\u00e7\u00e3o em tempo integral.<\/p>\n\n\n\n<p>\u201cCom o Rafael, n\u00f3s estamos dando um salto para colocar o Piau\u00ed dentro do top 10\u201d, disse, ao citar tamb\u00e9m investimentos em seguran\u00e7a p\u00fablica, infraestrutura h\u00eddrica e pol\u00edticas sociais.<\/p>\n\n\n\n<p><strong>POSI\u00c7\u00c3O DE WELLINGTON DIAS<\/strong><br>Questionado sobre a postura do ministro, F\u00e1bio Novo afirmou que&nbsp;<strong>Wellington Dias concorda com a estrat\u00e9gia partid\u00e1ria<\/strong>&nbsp;e refor\u00e7ou que o PT \u00e9 uma legenda plural e democr\u00e1tica.<\/p>\n\n\n\n<p>\u201cO ministro \u00e9 disciplinado e concorda com a estrat\u00e9gia do partido. Aqui n\u00e3o tem dono. Todos colocam suas opini\u00f5es, e o partido decide\u201d, ressaltou.<\/p>\n\n\n\n<p><strong>VIN\u00cdCIUS DIAS<\/strong><br>Sobre a presen\u00e7a de Vin\u00edcius Dias em agendas pelo interior do estado, o dirigente afirmou que&nbsp;<strong>n\u00e3o h\u00e1 qualquer impedimento<\/strong>&nbsp;para que ele circule e atue politicamente como filiado.<\/p>\n\n\n\n<p>\u201cEle \u00e9 um cidad\u00e3o, \u00e9 filiado ao Partido dos Trabalhadores e tem todo o direito de andar pelo Piau\u00ed. O nome dele n\u00e3o est\u00e1 posto para vice-governador\u201d, afirmou.<\/p>\n\n\n\n<p><strong>FIDELIDADE PARTID\u00c1RIA<\/strong><br>F\u00e1bio Novo tamb\u00e9m abordou o tema da&nbsp;<strong>fidelidade partid\u00e1ria<\/strong>, refor\u00e7ando que o PT espera que seus filiados sigam as orienta\u00e7\u00f5es pol\u00edticas da legenda, especialmente no apoio \u00e0s chapas majorit\u00e1rias e aos candidatos dos partidos aliados.<\/p>\n\n\n\n<p>\u201cA nossa prioridade \u00e9 a reelei\u00e7\u00e3o do presidente Lula, do governador Rafael Fonteles, das nossas chapas estadual e federal e dos senadores da base\u201d, pontuou.<\/p>\n\n\n\n<p><strong>PR\u00d3XIMOS PASSOS<\/strong><br>Ao final da coletiva, o presidente estadual destacou que o foco do partido, neste momento, \u00e9 a\u00a0elabora\u00e7\u00e3o do plano de governo,\u00a0antes mesmo da defini\u00e7\u00e3o final dos nomes.<\/p>\n\n\n\n<p>\u201cA nossa preocupa\u00e7\u00e3o agora \u00e9 discutir o projeto, o plano de governo, e apresentar isso \u00e0 sociedade no momento certo\u201d, concluiu.<\/p>\n\n\n\n<p><strong>Fonte: Meio News<\/strong><\/p>\n","protected":false},"excerpt":{"rendered":"<p>Em entrevista concedida na manh\u00e3 desta\u00a0ter\u00e7a-feira (27),\u00a0a dire\u00e7\u00e3o estadual do\u00a0Partido dos Trabalhadores (PT)\u00a0buscou\u00a0pacificar o debate interno\u00a0e esclarecer o andamento das articula\u00e7\u00f5es para a elei\u00e7\u00e3o de 2026 no Piau\u00ed. O posicionamento foi apresentado pelo presidente da sigla no estado,\u00a0F\u00e1bio Novo, durante coletiva de imprensa. VICE NA CHAPASegundo o dirigente,\u00a0o \u00fanico nome colocado neste momento para ocupar [&hellip;]<\/p>\n","protected":false},"author":2,"featured_media":284328,"comment_status":"closed","ping_status":"closed","sticky":false,"template":"","format":"standard","meta":{"_mi_skip_tracking":false,"footnotes":""},"categories":[25,1,3,16],"tags":[],"class_list":["post-284327","post","type-post","status-publish","format-standard","has-post-thumbnail","hentry","category-destaques-site","category-geral","category-politica","category-todas"],"acf":[],"yoast_head":"<!-- This site is optimized with the Yoast SEO Premium plugin v19.2 (Yoast SEO v26.9) - https:\/\/yoast.com\/product\/yoast-seo-premium-wordpress\/ -->\n<title>PT confirma: nome posto para vice \u00e9 Bandeira e n\u00e3o h\u00e1 discuss\u00e3o sobre Vin\u00edcius Dias - Portal Not\u00edcia em Pauta<\/title>\n<meta name=\"robots\" content=\"index, follow, max-snippet:-1, max-image-preview:large, max-video-preview:-1\" \/>\n<link rel=\"canonical\" href=\"https:\/\/noticiaempauta.com\/portal\/pt-confirma-nome-posto-para-vice-e-bandeira-e-nao-ha-discussao-sobre-vinicius-dias\/\" \/>\n<meta property=\"og:locale\" content=\"pt_BR\" \/>\n<meta property=\"og:type\" content=\"article\" \/>\n<meta property=\"og:title\" content=\"PT confirma: nome posto para vice \u00e9 Bandeira e n\u00e3o h\u00e1 discuss\u00e3o sobre Vin\u00edcius Dias\" \/>\n<meta property=\"og:description\" content=\"Em entrevista concedida na manh\u00e3 desta\u00a0ter\u00e7a-feira (27),\u00a0a dire\u00e7\u00e3o estadual do\u00a0Partido dos Trabalhadores (PT)\u00a0buscou\u00a0pacificar o debate interno\u00a0e esclarecer o andamento das articula\u00e7\u00f5es para a elei\u00e7\u00e3o de 2026 no Piau\u00ed. O posicionamento foi apresentado pelo presidente da sigla no estado,\u00a0F\u00e1bio Novo, durante coletiva de imprensa. VICE NA CHAPASegundo o dirigente,\u00a0o \u00fanico nome colocado neste momento para ocupar [&hellip;]\" \/>\n<meta property=\"og:url\" content=\"https:\/\/noticiaempauta.com\/portal\/pt-confirma-nome-posto-para-vice-e-bandeira-e-nao-ha-discussao-sobre-vinicius-dias\/\" \/>\n<meta property=\"og:site_name\" content=\"Portal Not\u00edcia em Pauta\" \/>\n<meta property=\"article:publisher\" content=\"https:\/\/www.facebook.com\/Portal-Notcia-Em-Pauta-102292869264820\/\" \/>\n<meta property=\"article:published_time\" content=\"2026-01-27T17:59:45+00:00\" \/>\n<meta property=\"article:modified_time\" content=\"2026-01-27T17:59:46+00:00\" \/>\n<meta property=\"og:image\" content=\"https:\/\/noticiaempauta.com\/portal\/wp-content\/uploads\/2026\/01\/fabio-novo-diz-que-chapa-completa-sera-anunciada-apos-o-carnaval-06302ba06e4ab77d.webp\" \/>\n\t<meta property=\"og:image:width\" content=\"785\" \/>\n\t<meta property=\"og:image:height\" content=\"435\" \/>\n\t<meta property=\"og:image:type\" content=\"image\/webp\" \/>\n<meta name=\"author\" content=\"Reda\u00e7\u00e3o\" \/>\n<meta name=\"twitter:card\" content=\"summary_large_image\" \/>\n<meta name=\"twitter:label1\" content=\"Escrito por\" \/>\n\t<meta name=\"twitter:data1\" content=\"Reda\u00e7\u00e3o\" \/>\n\t<meta name=\"twitter:label2\" content=\"Est. tempo de leitura\" \/>\n\t<meta name=\"twitter:data2\" content=\"4 minutos\" \/>\n<script type=\"application\/ld+json\" class=\"yoast-schema-graph\">{\"@context\":\"https:\/\/schema.org\",\"@graph\":[{\"@type\":\"Article\",\"@id\":\"https:\/\/noticiaempauta.com\/portal\/pt-confirma-nome-posto-para-vice-e-bandeira-e-nao-ha-discussao-sobre-vinicius-dias\/#article\",\"isPartOf\":{\"@id\":\"https:\/\/noticiaempauta.com\/portal\/pt-confirma-nome-posto-para-vice-e-bandeira-e-nao-ha-discussao-sobre-vinicius-dias\/\"},\"author\":{\"name\":\"Reda\u00e7\u00e3o\",\"@id\":\"https:\/\/noticiaempauta.com\/portal\/#\/schema\/person\/a74af43dd1ab3deca45f988c717d57ac\"},\"headline\":\"PT confirma: nome posto para vice \u00e9 Bandeira e n\u00e3o h\u00e1 discuss\u00e3o sobre Vin\u00edcius Dias\",\"datePublished\":\"2026-01-27T17:59:45+00:00\",\"dateModified\":\"2026-01-27T17:59:46+00:00\",\"mainEntityOfPage\":{\"@id\":\"https:\/\/noticiaempauta.com\/portal\/pt-confirma-nome-posto-para-vice-e-bandeira-e-nao-ha-discussao-sobre-vinicius-dias\/\"},\"wordCount\":682,\"publisher\":{\"@id\":\"https:\/\/noticiaempauta.com\/portal\/#organization\"},\"image\":{\"@id\":\"https:\/\/noticiaempauta.com\/portal\/pt-confirma-nome-posto-para-vice-e-bandeira-e-nao-ha-discussao-sobre-vinicius-dias\/#primaryimage\"},\"thumbnailUrl\":\"https:\/\/noticiaempauta.com\/portal\/wp-content\/uploads\/2026\/01\/fabio-novo-diz-que-chapa-completa-sera-anunciada-apos-o-carnaval-06302ba06e4ab77d.webp\",\"articleSection\":[\"Destaques\",\"Geral\",\"Pol\u00edtica\",\"Todas as Not\u00edcias\"],\"inLanguage\":\"pt-BR\"},{\"@type\":\"WebPage\",\"@id\":\"https:\/\/noticiaempauta.com\/portal\/pt-confirma-nome-posto-para-vice-e-bandeira-e-nao-ha-discussao-sobre-vinicius-dias\/\",\"url\":\"https:\/\/noticiaempauta.com\/portal\/pt-confirma-nome-posto-para-vice-e-bandeira-e-nao-ha-discussao-sobre-vinicius-dias\/\",\"name\":\"PT confirma: nome posto para vice \u00e9 Bandeira e n\u00e3o h\u00e1 discuss\u00e3o sobre Vin\u00edcius Dias - Portal Not\u00edcia em Pauta\",\"isPartOf\":{\"@id\":\"https:\/\/noticiaempauta.com\/portal\/#website\"},\"primaryImageOfPage\":{\"@id\":\"https:\/\/noticiaempauta.com\/portal\/pt-confirma-nome-posto-para-vice-e-bandeira-e-nao-ha-discussao-sobre-vinicius-dias\/#primaryimage\"},\"image\":{\"@id\":\"https:\/\/noticiaempauta.com\/portal\/pt-confirma-nome-posto-para-vice-e-bandeira-e-nao-ha-discussao-sobre-vinicius-dias\/#primaryimage\"},\"thumbnailUrl\":\"https:\/\/noticiaempauta.com\/portal\/wp-content\/uploads\/2026\/01\/fabio-novo-diz-que-chapa-completa-sera-anunciada-apos-o-carnaval-06302ba06e4ab77d.webp\",\"datePublished\":\"2026-01-27T17:59:45+00:00\",\"dateModified\":\"2026-01-27T17:59:46+00:00\",\"breadcrumb\":{\"@id\":\"https:\/\/noticiaempauta.com\/portal\/pt-confirma-nome-posto-para-vice-e-bandeira-e-nao-ha-discussao-sobre-vinicius-dias\/#breadcrumb\"},\"inLanguage\":\"pt-BR\",\"potentialAction\":[{\"@type\":\"ReadAction\",\"target\":[\"https:\/\/noticiaempauta.com\/portal\/pt-confirma-nome-posto-para-vice-e-bandeira-e-nao-ha-discussao-sobre-vinicius-dias\/\"]}]},{\"@type\":\"ImageObject\",\"inLanguage\":\"pt-BR\",\"@id\":\"https:\/\/noticiaempauta.com\/portal\/pt-confirma-nome-posto-para-vice-e-bandeira-e-nao-ha-discussao-sobre-vinicius-dias\/#primaryimage\",\"url\":\"https:\/\/noticiaempauta.com\/portal\/wp-content\/uploads\/2026\/01\/fabio-novo-diz-que-chapa-completa-sera-anunciada-apos-o-carnaval-06302ba06e4ab77d.webp\",\"contentUrl\":\"https:\/\/noticiaempauta.com\/portal\/wp-content\/uploads\/2026\/01\/fabio-novo-diz-que-chapa-completa-sera-anunciada-apos-o-carnaval-06302ba06e4ab77d.webp\",\"width\":785,\"height\":435},{\"@type\":\"BreadcrumbList\",\"@id\":\"https:\/\/noticiaempauta.com\/portal\/pt-confirma-nome-posto-para-vice-e-bandeira-e-nao-ha-discussao-sobre-vinicius-dias\/#breadcrumb\",\"itemListElement\":[{\"@type\":\"ListItem\",\"position\":1,\"name\":\"P\u00e1gina Inicial\",\"item\":\"https:\/\/noticiaempauta.com\/portal\/\"},{\"@type\":\"ListItem\",\"position\":2,\"name\":\"Destaques\",\"item\":\"https:\/\/noticiaempauta.com\/portal\/destaques-site\/\"},{\"@type\":\"ListItem\",\"position\":3,\"name\":\"PT confirma: nome posto para vice \u00e9 Bandeira e n\u00e3o h\u00e1 discuss\u00e3o sobre Vin\u00edcius Dias\"}]},{\"@type\":\"WebSite\",\"@id\":\"https:\/\/noticiaempauta.com\/portal\/#website\",\"url\":\"https:\/\/noticiaempauta.com\/portal\/\",\"name\":\"Portal Not\u00edcia em Pauta\",\"description\":\"Voc\u00ea bem informado\",\"publisher\":{\"@id\":\"https:\/\/noticiaempauta.com\/portal\/#organization\"},\"potentialAction\":[{\"@type\":\"SearchAction\",\"target\":{\"@type\":\"EntryPoint\",\"urlTemplate\":\"https:\/\/noticiaempauta.com\/portal\/?s={search_term_string}\"},\"query-input\":{\"@type\":\"PropertyValueSpecification\",\"valueRequired\":true,\"valueName\":\"search_term_string\"}}],\"inLanguage\":\"pt-BR\"},{\"@type\":\"Organization\",\"@id\":\"https:\/\/noticiaempauta.com\/portal\/#organization\",\"name\":\"Portal Not\u00edcia em Pauta\",\"url\":\"https:\/\/noticiaempauta.com\/portal\/\",\"logo\":{\"@type\":\"ImageObject\",\"inLanguage\":\"pt-BR\",\"@id\":\"https:\/\/noticiaempauta.com\/portal\/#\/schema\/logo\/image\/\",\"url\":\"https:\/\/noticiaempauta.com\/portal\/wp-content\/uploads\/2022\/08\/logomarca_tema.fw_.png\",\"contentUrl\":\"https:\/\/noticiaempauta.com\/portal\/wp-content\/uploads\/2022\/08\/logomarca_tema.fw_.png\",\"width\":400,\"height\":232,\"caption\":\"Portal Not\u00edcia em Pauta\"},\"image\":{\"@id\":\"https:\/\/noticiaempauta.com\/portal\/#\/schema\/logo\/image\/\"},\"sameAs\":[\"https:\/\/www.facebook.com\/Portal-Notcia-Em-Pauta-102292869264820\/\",\"https:\/\/www.instagram.com\/portalnoticiaempauta\/\"]},{\"@type\":\"Person\",\"@id\":\"https:\/\/noticiaempauta.com\/portal\/#\/schema\/person\/a74af43dd1ab3deca45f988c717d57ac\",\"name\":\"Reda\u00e7\u00e3o\",\"image\":{\"@type\":\"ImageObject\",\"inLanguage\":\"pt-BR\",\"@id\":\"https:\/\/noticiaempauta.com\/portal\/#\/schema\/person\/image\/\",\"url\":\"https:\/\/secure.gravatar.com\/avatar\/03179346ecce6cdfc13361603e8f54242a90e5cde8618fa23c5c00aa2b0aadf3?s=96&d=mm&r=g\",\"contentUrl\":\"https:\/\/secure.gravatar.com\/avatar\/03179346ecce6cdfc13361603e8f54242a90e5cde8618fa23c5c00aa2b0aadf3?s=96&d=mm&r=g\",\"caption\":\"Reda\u00e7\u00e3o\"},\"sameAs\":[\"https:\/\/noticiaempauta.com\/portal\/\"],\"url\":\"https:\/\/noticiaempauta.com\/portal\/author\/fernando\/\"}]}<\/script>\n<!-- \/ Yoast SEO Premium plugin. -->","yoast_head_json":{"title":"PT confirma: nome posto para vice \u00e9 Bandeira e n\u00e3o h\u00e1 discuss\u00e3o sobre Vin\u00edcius Dias - Portal Not\u00edcia em Pauta","robots":{"index":"index","follow":"follow","max-snippet":"max-snippet:-1","max-image-preview":"max-image-preview:large","max-video-preview":"max-video-preview:-1"},"canonical":"https:\/\/noticiaempauta.com\/portal\/pt-confirma-nome-posto-para-vice-e-bandeira-e-nao-ha-discussao-sobre-vinicius-dias\/","og_locale":"pt_BR","og_type":"article","og_title":"PT confirma: nome posto para vice \u00e9 Bandeira e n\u00e3o h\u00e1 discuss\u00e3o sobre Vin\u00edcius Dias","og_description":"Em entrevista concedida na manh\u00e3 desta\u00a0ter\u00e7a-feira (27),\u00a0a dire\u00e7\u00e3o estadual do\u00a0Partido dos Trabalhadores (PT)\u00a0buscou\u00a0pacificar o debate interno\u00a0e esclarecer o andamento das articula\u00e7\u00f5es para a elei\u00e7\u00e3o de 2026 no Piau\u00ed. O posicionamento foi apresentado pelo presidente da sigla no estado,\u00a0F\u00e1bio Novo, durante coletiva de imprensa. VICE NA CHAPASegundo o dirigente,\u00a0o \u00fanico nome colocado neste momento para ocupar [&hellip;]","og_url":"https:\/\/noticiaempauta.com\/portal\/pt-confirma-nome-posto-para-vice-e-bandeira-e-nao-ha-discussao-sobre-vinicius-dias\/","og_site_name":"Portal Not\u00edcia em Pauta","article_publisher":"https:\/\/www.facebook.com\/Portal-Notcia-Em-Pauta-102292869264820\/","article_published_time":"2026-01-27T17:59:45+00:00","article_modified_time":"2026-01-27T17:59:46+00:00","og_image":[{"width":785,"height":435,"url":"https:\/\/noticiaempauta.com\/portal\/wp-content\/uploads\/2026\/01\/fabio-novo-diz-que-chapa-completa-sera-anunciada-apos-o-carnaval-06302ba06e4ab77d.webp","type":"image\/webp"}],"author":"Reda\u00e7\u00e3o","twitter_card":"summary_large_image","twitter_misc":{"Escrito por":"Reda\u00e7\u00e3o","Est. tempo de leitura":"4 minutos"},"schema":{"@context":"https:\/\/schema.org","@graph":[{"@type":"Article","@id":"https:\/\/noticiaempauta.com\/portal\/pt-confirma-nome-posto-para-vice-e-bandeira-e-nao-ha-discussao-sobre-vinicius-dias\/#article","isPartOf":{"@id":"https:\/\/noticiaempauta.com\/portal\/pt-confirma-nome-posto-para-vice-e-bandeira-e-nao-ha-discussao-sobre-vinicius-dias\/"},"author":{"name":"Reda\u00e7\u00e3o","@id":"https:\/\/noticiaempauta.com\/portal\/#\/schema\/person\/a74af43dd1ab3deca45f988c717d57ac"},"headline":"PT confirma: nome posto para vice \u00e9 Bandeira e n\u00e3o h\u00e1 discuss\u00e3o sobre Vin\u00edcius Dias","datePublished":"2026-01-27T17:59:45+00:00","dateModified":"2026-01-27T17:59:46+00:00","mainEntityOfPage":{"@id":"https:\/\/noticiaempauta.com\/portal\/pt-confirma-nome-posto-para-vice-e-bandeira-e-nao-ha-discussao-sobre-vinicius-dias\/"},"wordCount":682,"publisher":{"@id":"https:\/\/noticiaempauta.com\/portal\/#organization"},"image":{"@id":"https:\/\/noticiaempauta.com\/portal\/pt-confirma-nome-posto-para-vice-e-bandeira-e-nao-ha-discussao-sobre-vinicius-dias\/#primaryimage"},"thumbnailUrl":"https:\/\/noticiaempauta.com\/portal\/wp-content\/uploads\/2026\/01\/fabio-novo-diz-que-chapa-completa-sera-anunciada-apos-o-carnaval-06302ba06e4ab77d.webp","articleSection":["Destaques","Geral","Pol\u00edtica","Todas as Not\u00edcias"],"inLanguage":"pt-BR"},{"@type":"WebPage","@id":"https:\/\/noticiaempauta.com\/portal\/pt-confirma-nome-posto-para-vice-e-bandeira-e-nao-ha-discussao-sobre-vinicius-dias\/","url":"https:\/\/noticiaempauta.com\/portal\/pt-confirma-nome-posto-para-vice-e-bandeira-e-nao-ha-discussao-sobre-vinicius-dias\/","name":"PT confirma: nome posto para vice \u00e9 Bandeira e n\u00e3o h\u00e1 discuss\u00e3o sobre Vin\u00edcius Dias - Portal Not\u00edcia em Pauta","isPartOf":{"@id":"https:\/\/noticiaempauta.com\/portal\/#website"},"primaryImageOfPage":{"@id":"https:\/\/noticiaempauta.com\/portal\/pt-confirma-nome-posto-para-vice-e-bandeira-e-nao-ha-discussao-sobre-vinicius-dias\/#primaryimage"},"image":{"@id":"https:\/\/noticiaempauta.com\/portal\/pt-confirma-nome-posto-para-vice-e-bandeira-e-nao-ha-discussao-sobre-vinicius-dias\/#primaryimage"},"thumbnailUrl":"https:\/\/noticiaempauta.com\/portal\/wp-content\/uploads\/2026\/01\/fabio-novo-diz-que-chapa-completa-sera-anunciada-apos-o-carnaval-06302ba06e4ab77d.webp","datePublished":"2026-01-27T17:59:45+00:00","dateModified":"2026-01-27T17:59:46+00:00","breadcrumb":{"@id":"https:\/\/noticiaempauta.com\/portal\/pt-confirma-nome-posto-para-vice-e-bandeira-e-nao-ha-discussao-sobre-vinicius-dias\/#breadcrumb"},"inLanguage":"pt-BR","potentialAction":[{"@type":"ReadAction","target":["https:\/\/noticiaempauta.com\/portal\/pt-confirma-nome-posto-para-vice-e-bandeira-e-nao-ha-discussao-sobre-vinicius-dias\/"]}]},{"@type":"ImageObject","inLanguage":"pt-BR","@id":"https:\/\/noticiaempauta.com\/portal\/pt-confirma-nome-posto-para-vice-e-bandeira-e-nao-ha-discussao-sobre-vinicius-dias\/#primaryimage","url":"https:\/\/noticiaempauta.com\/portal\/wp-content\/uploads\/2026\/01\/fabio-novo-diz-que-chapa-completa-sera-anunciada-apos-o-carnaval-06302ba06e4ab77d.webp","contentUrl":"https:\/\/noticiaempauta.com\/portal\/wp-content\/uploads\/2026\/01\/fabio-novo-diz-que-chapa-completa-sera-anunciada-apos-o-carnaval-06302ba06e4ab77d.webp","width":785,"height":435},{"@type":"BreadcrumbList","@id":"https:\/\/noticiaempauta.com\/portal\/pt-confirma-nome-posto-para-vice-e-bandeira-e-nao-ha-discussao-sobre-vinicius-dias\/#breadcrumb","itemListElement":[{"@type":"ListItem","position":1,"name":"P\u00e1gina Inicial","item":"https:\/\/noticiaempauta.com\/portal\/"},{"@type":"ListItem","position":2,"name":"Destaques","item":"https:\/\/noticiaempauta.com\/portal\/destaques-site\/"},{"@type":"ListItem","position":3,"name":"PT confirma: nome posto para vice \u00e9 Bandeira e n\u00e3o h\u00e1 discuss\u00e3o sobre Vin\u00edcius Dias"}]},{"@type":"WebSite","@id":"https:\/\/noticiaempauta.com\/portal\/#website","url":"https:\/\/noticiaempauta.com\/portal\/","name":"Portal Not\u00edcia em Pauta","description":"Voc\u00ea bem informado","publisher":{"@id":"https:\/\/noticiaempauta.com\/portal\/#organization"},"potentialAction":[{"@type":"SearchAction","target":{"@type":"EntryPoint","urlTemplate":"https:\/\/noticiaempauta.com\/portal\/?s={search_term_string}"},"query-input":{"@type":"PropertyValueSpecification","valueRequired":true,"valueName":"search_term_string"}}],"inLanguage":"pt-BR"},{"@type":"Organization","@id":"https:\/\/noticiaempauta.com\/portal\/#organization","name":"Portal Not\u00edcia em Pauta","url":"https:\/\/noticiaempauta.com\/portal\/","logo":{"@type":"ImageObject","inLanguage":"pt-BR","@id":"https:\/\/noticiaempauta.com\/portal\/#\/schema\/logo\/image\/","url":"https:\/\/noticiaempauta.com\/portal\/wp-content\/uploads\/2022\/08\/logomarca_tema.fw_.png","contentUrl":"https:\/\/noticiaempauta.com\/portal\/wp-content\/uploads\/2022\/08\/logomarca_tema.fw_.png","width":400,"height":232,"caption":"Portal Not\u00edcia em Pauta"},"image":{"@id":"https:\/\/noticiaempauta.com\/portal\/#\/schema\/logo\/image\/"},"sameAs":["https:\/\/www.facebook.com\/Portal-Notcia-Em-Pauta-102292869264820\/","https:\/\/www.instagram.com\/portalnoticiaempauta\/"]},{"@type":"Person","@id":"https:\/\/noticiaempauta.com\/portal\/#\/schema\/person\/a74af43dd1ab3deca45f988c717d57ac","name":"Reda\u00e7\u00e3o","image":{"@type":"ImageObject","inLanguage":"pt-BR","@id":"https:\/\/noticiaempauta.com\/portal\/#\/schema\/person\/image\/","url":"https:\/\/secure.gravatar.com\/avatar\/03179346ecce6cdfc13361603e8f54242a90e5cde8618fa23c5c00aa2b0aadf3?s=96&d=mm&r=g","contentUrl":"https:\/\/secure.gravatar.com\/avatar\/03179346ecce6cdfc13361603e8f54242a90e5cde8618fa23c5c00aa2b0aadf3?s=96&d=mm&r=g","caption":"Reda\u00e7\u00e3o"},"sameAs":["https:\/\/noticiaempauta.com\/portal\/"],"url":"https:\/\/noticiaempauta.com\/portal\/author\/fernando\/"}]}},"_links":{"self":[{"href":"https:\/\/noticiaempauta.com\/portal\/wp-json\/wp\/v2\/posts\/284327","targetHints":{"allow":["GET"]}}],"collection":[{"href":"https:\/\/noticiaempauta.com\/portal\/wp-json\/wp\/v2\/posts"}],"about":[{"href":"https:\/\/noticiaempauta.com\/portal\/wp-json\/wp\/v2\/types\/post"}],"author":[{"embeddable":true,"href":"https:\/\/noticiaempauta.com\/portal\/wp-json\/wp\/v2\/users\/2"}],"replies":[{"embeddable":true,"href":"https:\/\/noticiaempauta.com\/portal\/wp-json\/wp\/v2\/comments?post=284327"}],"version-history":[{"count":2,"href":"https:\/\/noticiaempauta.com\/portal\/wp-json\/wp\/v2\/posts\/284327\/revisions"}],"predecessor-version":[{"id":284330,"href":"https:\/\/noticiaempauta.com\/portal\/wp-json\/wp\/v2\/posts\/284327\/revisions\/284330"}],"wp:featuredmedia":[{"embeddable":true,"href":"https:\/\/noticiaempauta.com\/portal\/wp-json\/wp\/v2\/media\/284328"}],"wp:attachment":[{"href":"https:\/\/noticiaempauta.com\/portal\/wp-json\/wp\/v2\/media?parent=284327"}],"wp:term":[{"taxonomy":"category","embeddable":true,"href":"https:\/\/noticiaempauta.com\/portal\/wp-json\/wp\/v2\/categories?post=284327"},{"taxonomy":"post_tag","embeddable":true,"href":"https:\/\/noticiaempauta.com\/portal\/wp-json\/wp\/v2\/tags?post=284327"}],"curies":[{"name":"wp","href":"https:\/\/api.w.org\/{rel}","templated":true}]}}