{"id":284331,"date":"2026-01-27T15:09:44","date_gmt":"2026-01-27T18:09:44","guid":{"rendered":"https:\/\/noticiaempauta.com\/portal\/?p=284331"},"modified":"2026-01-27T15:09:45","modified_gmt":"2026-01-27T18:09:45","slug":"seduc-convoca-1-500-profissionais-da-educacao-para-escolas-de-tempo-integral-no-piaui","status":"publish","type":"post","link":"https:\/\/noticiaempauta.com\/portal\/seduc-convoca-1-500-profissionais-da-educacao-para-escolas-de-tempo-integral-no-piaui\/","title":{"rendered":"Seduc convoca 1.500 profissionais da educa\u00e7\u00e3o para escolas de tempo integral no Piau\u00ed"},"content":{"rendered":"\n<p>A Secretaria de Estado da Educa\u00e7\u00e3o do Piau\u00ed (Seduc\/PI) realizou, nessa segunda-feira (26), a segunda convoca\u00e7\u00e3o do chamamento p\u00fablico para a contrata\u00e7\u00e3o de 1.501 profissionais da educa\u00e7\u00e3o para atuarem em escolas de tempo integral da rede estadual, distribu\u00eddas por cerca de 130 munic\u00edpios piauienses. Confira&nbsp;<a href=\"https:\/\/seduc.pi.gov.br\/editais\/listar\"><strong>aqui<\/strong><\/a>&nbsp;a lista completa dos convocados.<\/p>\n\n\n\n<figure class=\"wp-block-image size-large\"><img fetchpriority=\"high\" decoding=\"async\" width=\"1024\" height=\"768\" src=\"https:\/\/noticiaempauta.com\/portal\/wp-content\/uploads\/2026\/01\/WhatsApp-Image-2025-08-08-at-11.25.41-1024x768.webp\" alt=\"\" class=\"wp-image-284332\" srcset=\"https:\/\/noticiaempauta.com\/portal\/wp-content\/uploads\/2026\/01\/WhatsApp-Image-2025-08-08-at-11.25.41-1024x768.webp 1024w, https:\/\/noticiaempauta.com\/portal\/wp-content\/uploads\/2026\/01\/WhatsApp-Image-2025-08-08-at-11.25.41-300x225.webp 300w, https:\/\/noticiaempauta.com\/portal\/wp-content\/uploads\/2026\/01\/WhatsApp-Image-2025-08-08-at-11.25.41-768x576.webp 768w, https:\/\/noticiaempauta.com\/portal\/wp-content\/uploads\/2026\/01\/WhatsApp-Image-2025-08-08-at-11.25.41-1536x1152.webp 1536w, https:\/\/noticiaempauta.com\/portal\/wp-content\/uploads\/2026\/01\/WhatsApp-Image-2025-08-08-at-11.25.41.webp 1600w\" sizes=\"(max-width: 1024px) 100vw, 1024px\" \/><figcaption class=\"wp-element-caption\"><em>Secretaria de Estado da Educa\u00e7\u00e3o do Piau\u00ed (Foto: Seduc)<\/em><\/figcaption><\/figure>\n\n\n\n<p>Ao todo, est\u00e3o sendo chamados profissionais para 27 cargos, incluindo professores, profissionais de apoio e t\u00e9cnicos de n\u00edveis m\u00e9dio e superior. As contrata\u00e7\u00f5es t\u00eam car\u00e1ter tempor\u00e1rio e n\u00e3o substituem servidores efetivos, sendo destinadas prioritariamente aos cursos t\u00e9cnicos integrados ao ensino m\u00e9dio.<\/p>\n\n\n\n<p>O secret\u00e1rio de Estado da Educa\u00e7\u00e3o, Rodrigo Torres, destacou que a medida fortalece a estrutura da rede estadual. \u201cEssa convoca\u00e7\u00e3o amplia o suporte t\u00e9cnico e pedag\u00f3gico, garantindo o funcionamento das atividades e o atendimento aos estudantes, especialmente no modelo de tempo integral integrado \u00e0 educa\u00e7\u00e3o profissional\u201d, afirmou o gestor.<\/p>\n\n\n\n<p><strong>Entrega de documenta\u00e7\u00e3o&nbsp;<\/strong><\/p>\n\n\n\n<p>Os candidatos convocados devem realizar a entrega da documenta\u00e7\u00e3o exclusivamente de forma eletr\u00f4nica, no per\u00edodo de 27 de janeiro at\u00e9 as 23h59 do dia 1\u00ba de fevereiro de 2026, por meio do site:&nbsp;<a href=\"https:\/\/convocacao.seduc.pi.gov.br\/\">convocacao.seduc.pi.gov.br<\/a>.<\/p>\n\n\n\n<p>O acesso ao formul\u00e1rio eletr\u00f4nico deve ser feito com o CPF. \u00c9 obrigat\u00f3rio o preenchimento completo das informa\u00e7\u00f5es pessoais, funcionais e banc\u00e1rias, al\u00e9m do envio (em formato PDF) de documentos como: RG, CPF, comprovante de resid\u00eancia, t\u00edtulo eleitoral, diploma ou comprovante de escolaridade e declara\u00e7\u00e3o de ac\u00famulo de cargos, entre outros exigidos no edital.<\/p>\n\n\n\n<p><strong>Lota\u00e7\u00e3o<\/strong><\/p>\n\n\n\n<p>Na capital, os candidatos aptos para atuar nas 4\u00aa, 19\u00aa, 20\u00aa e 21\u00aa Ger\u00eancias Regionais de Educa\u00e7\u00e3o (GREs) dever\u00e3o comparecer \u00e0 Coordena\u00e7\u00e3o de Lota\u00e7\u00e3o\/Capital, na sede da Seduc, em Teresina. O profissional deve observar a data de lota\u00e7\u00e3o referente ao seu cargo, conforme o cronograma dispon\u00edvel no edital da 2\u00aa convoca\u00e7\u00e3o.<\/p>\n\n\n\n<p>No interior, os aprovados para as demais GREs devem se dirigir \u00e0s respectivas ger\u00eancias regionais ou supervis\u00f5es municipais at\u00e9 as 13h30 do dia 3 de fevereiro de 2026.<\/p>\n\n\n\n<p>A convoca\u00e7\u00e3o integra a pol\u00edtica do Governo do Estado, liderado pelo governador Rafael Fonteles, voltada \u00e0 amplia\u00e7\u00e3o e consolida\u00e7\u00e3o do ensino de tempo integral integrado \u00e0 Educa\u00e7\u00e3o Profissional na rede p\u00fablica estadual.<\/p>\n\n\n\n<p><strong><em>Fonte: Governo do Piau\u00ed<\/em><\/strong><\/p>\n\n\n\n<p><\/p>\n","protected":false},"excerpt":{"rendered":"<p>A Secretaria de Estado da Educa\u00e7\u00e3o do Piau\u00ed (Seduc\/PI) realizou, nessa segunda-feira (26), a segunda convoca\u00e7\u00e3o do chamamento p\u00fablico para a contrata\u00e7\u00e3o de 1.501 profissionais da educa\u00e7\u00e3o para atuarem em escolas de tempo integral da rede estadual, distribu\u00eddas por cerca de 130 munic\u00edpios piauienses. Confira&nbsp;aqui&nbsp;a lista completa dos convocados. Ao todo, est\u00e3o sendo chamados profissionais [&hellip;]<\/p>\n","protected":false},"author":2,"featured_media":284332,"comment_status":"closed","ping_status":"closed","sticky":false,"template":"","format":"standard","meta":{"_mi_skip_tracking":false,"footnotes":""},"categories":[25,1,16],"tags":[192],"class_list":["post-284331","post","type-post","status-publish","format-standard","has-post-thumbnail","hentry","category-destaques-site","category-geral","category-todas","tag-destaqueprincipal"],"acf":[],"yoast_head":"<!-- This site is optimized with the Yoast SEO Premium plugin v19.2 (Yoast SEO v26.9) - https:\/\/yoast.com\/product\/yoast-seo-premium-wordpress\/ -->\n<title>Seduc convoca 1.500 profissionais da educa\u00e7\u00e3o para escolas de tempo integral no Piau\u00ed - Portal Not\u00edcia em Pauta<\/title>\n<meta name=\"robots\" content=\"index, follow, max-snippet:-1, max-image-preview:large, max-video-preview:-1\" \/>\n<link rel=\"canonical\" href=\"https:\/\/noticiaempauta.com\/portal\/seduc-convoca-1-500-profissionais-da-educacao-para-escolas-de-tempo-integral-no-piaui\/\" \/>\n<meta property=\"og:locale\" content=\"pt_BR\" \/>\n<meta property=\"og:type\" content=\"article\" \/>\n<meta property=\"og:title\" content=\"Seduc convoca 1.500 profissionais da educa\u00e7\u00e3o para escolas de tempo integral no Piau\u00ed\" \/>\n<meta property=\"og:description\" content=\"A Secretaria de Estado da Educa\u00e7\u00e3o do Piau\u00ed (Seduc\/PI) realizou, nessa segunda-feira (26), a segunda convoca\u00e7\u00e3o do chamamento p\u00fablico para a contrata\u00e7\u00e3o de 1.501 profissionais da educa\u00e7\u00e3o para atuarem em escolas de tempo integral da rede estadual, distribu\u00eddas por cerca de 130 munic\u00edpios piauienses. Confira&nbsp;aqui&nbsp;a lista completa dos convocados. Ao todo, est\u00e3o sendo chamados profissionais [&hellip;]\" \/>\n<meta property=\"og:url\" content=\"https:\/\/noticiaempauta.com\/portal\/seduc-convoca-1-500-profissionais-da-educacao-para-escolas-de-tempo-integral-no-piaui\/\" \/>\n<meta property=\"og:site_name\" content=\"Portal Not\u00edcia em Pauta\" \/>\n<meta property=\"article:publisher\" content=\"https:\/\/www.facebook.com\/Portal-Notcia-Em-Pauta-102292869264820\/\" \/>\n<meta property=\"article:published_time\" content=\"2026-01-27T18:09:44+00:00\" \/>\n<meta property=\"article:modified_time\" content=\"2026-01-27T18:09:45+00:00\" \/>\n<meta property=\"og:image\" content=\"https:\/\/noticiaempauta.com\/portal\/wp-content\/uploads\/2026\/01\/WhatsApp-Image-2025-08-08-at-11.25.41.webp\" \/>\n\t<meta property=\"og:image:width\" content=\"1600\" \/>\n\t<meta property=\"og:image:height\" content=\"1200\" \/>\n\t<meta property=\"og:image:type\" content=\"image\/webp\" \/>\n<meta name=\"author\" content=\"Reda\u00e7\u00e3o\" \/>\n<meta name=\"twitter:card\" content=\"summary_large_image\" \/>\n<meta name=\"twitter:label1\" content=\"Escrito por\" \/>\n\t<meta name=\"twitter:data1\" content=\"Reda\u00e7\u00e3o\" \/>\n\t<meta name=\"twitter:label2\" content=\"Est. tempo de leitura\" \/>\n\t<meta name=\"twitter:data2\" content=\"3 minutos\" \/>\n<script type=\"application\/ld+json\" class=\"yoast-schema-graph\">{\"@context\":\"https:\/\/schema.org\",\"@graph\":[{\"@type\":\"Article\",\"@id\":\"https:\/\/noticiaempauta.com\/portal\/seduc-convoca-1-500-profissionais-da-educacao-para-escolas-de-tempo-integral-no-piaui\/#article\",\"isPartOf\":{\"@id\":\"https:\/\/noticiaempauta.com\/portal\/seduc-convoca-1-500-profissionais-da-educacao-para-escolas-de-tempo-integral-no-piaui\/\"},\"author\":{\"name\":\"Reda\u00e7\u00e3o\",\"@id\":\"https:\/\/noticiaempauta.com\/portal\/#\/schema\/person\/a74af43dd1ab3deca45f988c717d57ac\"},\"headline\":\"Seduc convoca 1.500 profissionais da educa\u00e7\u00e3o para escolas de tempo integral no Piau\u00ed\",\"datePublished\":\"2026-01-27T18:09:44+00:00\",\"dateModified\":\"2026-01-27T18:09:45+00:00\",\"mainEntityOfPage\":{\"@id\":\"https:\/\/noticiaempauta.com\/portal\/seduc-convoca-1-500-profissionais-da-educacao-para-escolas-de-tempo-integral-no-piaui\/\"},\"wordCount\":417,\"publisher\":{\"@id\":\"https:\/\/noticiaempauta.com\/portal\/#organization\"},\"image\":{\"@id\":\"https:\/\/noticiaempauta.com\/portal\/seduc-convoca-1-500-profissionais-da-educacao-para-escolas-de-tempo-integral-no-piaui\/#primaryimage\"},\"thumbnailUrl\":\"https:\/\/noticiaempauta.com\/portal\/wp-content\/uploads\/2026\/01\/WhatsApp-Image-2025-08-08-at-11.25.41.webp\",\"keywords\":[\"destaqueprincipal\"],\"articleSection\":[\"Destaques\",\"Geral\",\"Todas as Not\u00edcias\"],\"inLanguage\":\"pt-BR\"},{\"@type\":\"WebPage\",\"@id\":\"https:\/\/noticiaempauta.com\/portal\/seduc-convoca-1-500-profissionais-da-educacao-para-escolas-de-tempo-integral-no-piaui\/\",\"url\":\"https:\/\/noticiaempauta.com\/portal\/seduc-convoca-1-500-profissionais-da-educacao-para-escolas-de-tempo-integral-no-piaui\/\",\"name\":\"Seduc convoca 1.500 profissionais da educa\u00e7\u00e3o para escolas de tempo integral no Piau\u00ed - Portal Not\u00edcia em Pauta\",\"isPartOf\":{\"@id\":\"https:\/\/noticiaempauta.com\/portal\/#website\"},\"primaryImageOfPage\":{\"@id\":\"https:\/\/noticiaempauta.com\/portal\/seduc-convoca-1-500-profissionais-da-educacao-para-escolas-de-tempo-integral-no-piaui\/#primaryimage\"},\"image\":{\"@id\":\"https:\/\/noticiaempauta.com\/portal\/seduc-convoca-1-500-profissionais-da-educacao-para-escolas-de-tempo-integral-no-piaui\/#primaryimage\"},\"thumbnailUrl\":\"https:\/\/noticiaempauta.com\/portal\/wp-content\/uploads\/2026\/01\/WhatsApp-Image-2025-08-08-at-11.25.41.webp\",\"datePublished\":\"2026-01-27T18:09:44+00:00\",\"dateModified\":\"2026-01-27T18:09:45+00:00\",\"breadcrumb\":{\"@id\":\"https:\/\/noticiaempauta.com\/portal\/seduc-convoca-1-500-profissionais-da-educacao-para-escolas-de-tempo-integral-no-piaui\/#breadcrumb\"},\"inLanguage\":\"pt-BR\",\"potentialAction\":[{\"@type\":\"ReadAction\",\"target\":[\"https:\/\/noticiaempauta.com\/portal\/seduc-convoca-1-500-profissionais-da-educacao-para-escolas-de-tempo-integral-no-piaui\/\"]}]},{\"@type\":\"ImageObject\",\"inLanguage\":\"pt-BR\",\"@id\":\"https:\/\/noticiaempauta.com\/portal\/seduc-convoca-1-500-profissionais-da-educacao-para-escolas-de-tempo-integral-no-piaui\/#primaryimage\",\"url\":\"https:\/\/noticiaempauta.com\/portal\/wp-content\/uploads\/2026\/01\/WhatsApp-Image-2025-08-08-at-11.25.41.webp\",\"contentUrl\":\"https:\/\/noticiaempauta.com\/portal\/wp-content\/uploads\/2026\/01\/WhatsApp-Image-2025-08-08-at-11.25.41.webp\",\"width\":1600,\"height\":1200},{\"@type\":\"BreadcrumbList\",\"@id\":\"https:\/\/noticiaempauta.com\/portal\/seduc-convoca-1-500-profissionais-da-educacao-para-escolas-de-tempo-integral-no-piaui\/#breadcrumb\",\"itemListElement\":[{\"@type\":\"ListItem\",\"position\":1,\"name\":\"P\u00e1gina Inicial\",\"item\":\"https:\/\/noticiaempauta.com\/portal\/\"},{\"@type\":\"ListItem\",\"position\":2,\"name\":\"Destaques\",\"item\":\"https:\/\/noticiaempauta.com\/portal\/destaques-site\/\"},{\"@type\":\"ListItem\",\"position\":3,\"name\":\"Seduc convoca 1.500 profissionais da educa\u00e7\u00e3o para escolas de tempo integral no Piau\u00ed\"}]},{\"@type\":\"WebSite\",\"@id\":\"https:\/\/noticiaempauta.com\/portal\/#website\",\"url\":\"https:\/\/noticiaempauta.com\/portal\/\",\"name\":\"Portal Not\u00edcia em Pauta\",\"description\":\"Voc\u00ea bem informado\",\"publisher\":{\"@id\":\"https:\/\/noticiaempauta.com\/portal\/#organization\"},\"potentialAction\":[{\"@type\":\"SearchAction\",\"target\":{\"@type\":\"EntryPoint\",\"urlTemplate\":\"https:\/\/noticiaempauta.com\/portal\/?s={search_term_string}\"},\"query-input\":{\"@type\":\"PropertyValueSpecification\",\"valueRequired\":true,\"valueName\":\"search_term_string\"}}],\"inLanguage\":\"pt-BR\"},{\"@type\":\"Organization\",\"@id\":\"https:\/\/noticiaempauta.com\/portal\/#organization\",\"name\":\"Portal Not\u00edcia em Pauta\",\"url\":\"https:\/\/noticiaempauta.com\/portal\/\",\"logo\":{\"@type\":\"ImageObject\",\"inLanguage\":\"pt-BR\",\"@id\":\"https:\/\/noticiaempauta.com\/portal\/#\/schema\/logo\/image\/\",\"url\":\"https:\/\/noticiaempauta.com\/portal\/wp-content\/uploads\/2022\/08\/logomarca_tema.fw_.png\",\"contentUrl\":\"https:\/\/noticiaempauta.com\/portal\/wp-content\/uploads\/2022\/08\/logomarca_tema.fw_.png\",\"width\":400,\"height\":232,\"caption\":\"Portal Not\u00edcia em Pauta\"},\"image\":{\"@id\":\"https:\/\/noticiaempauta.com\/portal\/#\/schema\/logo\/image\/\"},\"sameAs\":[\"https:\/\/www.facebook.com\/Portal-Notcia-Em-Pauta-102292869264820\/\",\"https:\/\/www.instagram.com\/portalnoticiaempauta\/\"]},{\"@type\":\"Person\",\"@id\":\"https:\/\/noticiaempauta.com\/portal\/#\/schema\/person\/a74af43dd1ab3deca45f988c717d57ac\",\"name\":\"Reda\u00e7\u00e3o\",\"image\":{\"@type\":\"ImageObject\",\"inLanguage\":\"pt-BR\",\"@id\":\"https:\/\/noticiaempauta.com\/portal\/#\/schema\/person\/image\/\",\"url\":\"https:\/\/secure.gravatar.com\/avatar\/03179346ecce6cdfc13361603e8f54242a90e5cde8618fa23c5c00aa2b0aadf3?s=96&d=mm&r=g\",\"contentUrl\":\"https:\/\/secure.gravatar.com\/avatar\/03179346ecce6cdfc13361603e8f54242a90e5cde8618fa23c5c00aa2b0aadf3?s=96&d=mm&r=g\",\"caption\":\"Reda\u00e7\u00e3o\"},\"sameAs\":[\"https:\/\/noticiaempauta.com\/portal\/\"],\"url\":\"https:\/\/noticiaempauta.com\/portal\/author\/fernando\/\"}]}<\/script>\n<!-- \/ Yoast SEO Premium plugin. -->","yoast_head_json":{"title":"Seduc convoca 1.500 profissionais da educa\u00e7\u00e3o para escolas de tempo integral no Piau\u00ed - Portal Not\u00edcia em Pauta","robots":{"index":"index","follow":"follow","max-snippet":"max-snippet:-1","max-image-preview":"max-image-preview:large","max-video-preview":"max-video-preview:-1"},"canonical":"https:\/\/noticiaempauta.com\/portal\/seduc-convoca-1-500-profissionais-da-educacao-para-escolas-de-tempo-integral-no-piaui\/","og_locale":"pt_BR","og_type":"article","og_title":"Seduc convoca 1.500 profissionais da educa\u00e7\u00e3o para escolas de tempo integral no Piau\u00ed","og_description":"A Secretaria de Estado da Educa\u00e7\u00e3o do Piau\u00ed (Seduc\/PI) realizou, nessa segunda-feira (26), a segunda convoca\u00e7\u00e3o do chamamento p\u00fablico para a contrata\u00e7\u00e3o de 1.501 profissionais da educa\u00e7\u00e3o para atuarem em escolas de tempo integral da rede estadual, distribu\u00eddas por cerca de 130 munic\u00edpios piauienses. Confira&nbsp;aqui&nbsp;a lista completa dos convocados. Ao todo, est\u00e3o sendo chamados profissionais [&hellip;]","og_url":"https:\/\/noticiaempauta.com\/portal\/seduc-convoca-1-500-profissionais-da-educacao-para-escolas-de-tempo-integral-no-piaui\/","og_site_name":"Portal Not\u00edcia em Pauta","article_publisher":"https:\/\/www.facebook.com\/Portal-Notcia-Em-Pauta-102292869264820\/","article_published_time":"2026-01-27T18:09:44+00:00","article_modified_time":"2026-01-27T18:09:45+00:00","og_image":[{"width":1600,"height":1200,"url":"https:\/\/noticiaempauta.com\/portal\/wp-content\/uploads\/2026\/01\/WhatsApp-Image-2025-08-08-at-11.25.41.webp","type":"image\/webp"}],"author":"Reda\u00e7\u00e3o","twitter_card":"summary_large_image","twitter_misc":{"Escrito por":"Reda\u00e7\u00e3o","Est. tempo de leitura":"3 minutos"},"schema":{"@context":"https:\/\/schema.org","@graph":[{"@type":"Article","@id":"https:\/\/noticiaempauta.com\/portal\/seduc-convoca-1-500-profissionais-da-educacao-para-escolas-de-tempo-integral-no-piaui\/#article","isPartOf":{"@id":"https:\/\/noticiaempauta.com\/portal\/seduc-convoca-1-500-profissionais-da-educacao-para-escolas-de-tempo-integral-no-piaui\/"},"author":{"name":"Reda\u00e7\u00e3o","@id":"https:\/\/noticiaempauta.com\/portal\/#\/schema\/person\/a74af43dd1ab3deca45f988c717d57ac"},"headline":"Seduc convoca 1.500 profissionais da educa\u00e7\u00e3o para escolas de tempo integral no Piau\u00ed","datePublished":"2026-01-27T18:09:44+00:00","dateModified":"2026-01-27T18:09:45+00:00","mainEntityOfPage":{"@id":"https:\/\/noticiaempauta.com\/portal\/seduc-convoca-1-500-profissionais-da-educacao-para-escolas-de-tempo-integral-no-piaui\/"},"wordCount":417,"publisher":{"@id":"https:\/\/noticiaempauta.com\/portal\/#organization"},"image":{"@id":"https:\/\/noticiaempauta.com\/portal\/seduc-convoca-1-500-profissionais-da-educacao-para-escolas-de-tempo-integral-no-piaui\/#primaryimage"},"thumbnailUrl":"https:\/\/noticiaempauta.com\/portal\/wp-content\/uploads\/2026\/01\/WhatsApp-Image-2025-08-08-at-11.25.41.webp","keywords":["destaqueprincipal"],"articleSection":["Destaques","Geral","Todas as Not\u00edcias"],"inLanguage":"pt-BR"},{"@type":"WebPage","@id":"https:\/\/noticiaempauta.com\/portal\/seduc-convoca-1-500-profissionais-da-educacao-para-escolas-de-tempo-integral-no-piaui\/","url":"https:\/\/noticiaempauta.com\/portal\/seduc-convoca-1-500-profissionais-da-educacao-para-escolas-de-tempo-integral-no-piaui\/","name":"Seduc convoca 1.500 profissionais da educa\u00e7\u00e3o para escolas de tempo integral no Piau\u00ed - Portal Not\u00edcia em Pauta","isPartOf":{"@id":"https:\/\/noticiaempauta.com\/portal\/#website"},"primaryImageOfPage":{"@id":"https:\/\/noticiaempauta.com\/portal\/seduc-convoca-1-500-profissionais-da-educacao-para-escolas-de-tempo-integral-no-piaui\/#primaryimage"},"image":{"@id":"https:\/\/noticiaempauta.com\/portal\/seduc-convoca-1-500-profissionais-da-educacao-para-escolas-de-tempo-integral-no-piaui\/#primaryimage"},"thumbnailUrl":"https:\/\/noticiaempauta.com\/portal\/wp-content\/uploads\/2026\/01\/WhatsApp-Image-2025-08-08-at-11.25.41.webp","datePublished":"2026-01-27T18:09:44+00:00","dateModified":"2026-01-27T18:09:45+00:00","breadcrumb":{"@id":"https:\/\/noticiaempauta.com\/portal\/seduc-convoca-1-500-profissionais-da-educacao-para-escolas-de-tempo-integral-no-piaui\/#breadcrumb"},"inLanguage":"pt-BR","potentialAction":[{"@type":"ReadAction","target":["https:\/\/noticiaempauta.com\/portal\/seduc-convoca-1-500-profissionais-da-educacao-para-escolas-de-tempo-integral-no-piaui\/"]}]},{"@type":"ImageObject","inLanguage":"pt-BR","@id":"https:\/\/noticiaempauta.com\/portal\/seduc-convoca-1-500-profissionais-da-educacao-para-escolas-de-tempo-integral-no-piaui\/#primaryimage","url":"https:\/\/noticiaempauta.com\/portal\/wp-content\/uploads\/2026\/01\/WhatsApp-Image-2025-08-08-at-11.25.41.webp","contentUrl":"https:\/\/noticiaempauta.com\/portal\/wp-content\/uploads\/2026\/01\/WhatsApp-Image-2025-08-08-at-11.25.41.webp","width":1600,"height":1200},{"@type":"BreadcrumbList","@id":"https:\/\/noticiaempauta.com\/portal\/seduc-convoca-1-500-profissionais-da-educacao-para-escolas-de-tempo-integral-no-piaui\/#breadcrumb","itemListElement":[{"@type":"ListItem","position":1,"name":"P\u00e1gina Inicial","item":"https:\/\/noticiaempauta.com\/portal\/"},{"@type":"ListItem","position":2,"name":"Destaques","item":"https:\/\/noticiaempauta.com\/portal\/destaques-site\/"},{"@type":"ListItem","position":3,"name":"Seduc convoca 1.500 profissionais da educa\u00e7\u00e3o para escolas de tempo integral no Piau\u00ed"}]},{"@type":"WebSite","@id":"https:\/\/noticiaempauta.com\/portal\/#website","url":"https:\/\/noticiaempauta.com\/portal\/","name":"Portal Not\u00edcia em Pauta","description":"Voc\u00ea bem informado","publisher":{"@id":"https:\/\/noticiaempauta.com\/portal\/#organization"},"potentialAction":[{"@type":"SearchAction","target":{"@type":"EntryPoint","urlTemplate":"https:\/\/noticiaempauta.com\/portal\/?s={search_term_string}"},"query-input":{"@type":"PropertyValueSpecification","valueRequired":true,"valueName":"search_term_string"}}],"inLanguage":"pt-BR"},{"@type":"Organization","@id":"https:\/\/noticiaempauta.com\/portal\/#organization","name":"Portal Not\u00edcia em Pauta","url":"https:\/\/noticiaempauta.com\/portal\/","logo":{"@type":"ImageObject","inLanguage":"pt-BR","@id":"https:\/\/noticiaempauta.com\/portal\/#\/schema\/logo\/image\/","url":"https:\/\/noticiaempauta.com\/portal\/wp-content\/uploads\/2022\/08\/logomarca_tema.fw_.png","contentUrl":"https:\/\/noticiaempauta.com\/portal\/wp-content\/uploads\/2022\/08\/logomarca_tema.fw_.png","width":400,"height":232,"caption":"Portal Not\u00edcia em Pauta"},"image":{"@id":"https:\/\/noticiaempauta.com\/portal\/#\/schema\/logo\/image\/"},"sameAs":["https:\/\/www.facebook.com\/Portal-Notcia-Em-Pauta-102292869264820\/","https:\/\/www.instagram.com\/portalnoticiaempauta\/"]},{"@type":"Person","@id":"https:\/\/noticiaempauta.com\/portal\/#\/schema\/person\/a74af43dd1ab3deca45f988c717d57ac","name":"Reda\u00e7\u00e3o","image":{"@type":"ImageObject","inLanguage":"pt-BR","@id":"https:\/\/noticiaempauta.com\/portal\/#\/schema\/person\/image\/","url":"https:\/\/secure.gravatar.com\/avatar\/03179346ecce6cdfc13361603e8f54242a90e5cde8618fa23c5c00aa2b0aadf3?s=96&d=mm&r=g","contentUrl":"https:\/\/secure.gravatar.com\/avatar\/03179346ecce6cdfc13361603e8f54242a90e5cde8618fa23c5c00aa2b0aadf3?s=96&d=mm&r=g","caption":"Reda\u00e7\u00e3o"},"sameAs":["https:\/\/noticiaempauta.com\/portal\/"],"url":"https:\/\/noticiaempauta.com\/portal\/author\/fernando\/"}]}},"_links":{"self":[{"href":"https:\/\/noticiaempauta.com\/portal\/wp-json\/wp\/v2\/posts\/284331","targetHints":{"allow":["GET"]}}],"collection":[{"href":"https:\/\/noticiaempauta.com\/portal\/wp-json\/wp\/v2\/posts"}],"about":[{"href":"https:\/\/noticiaempauta.com\/portal\/wp-json\/wp\/v2\/types\/post"}],"author":[{"embeddable":true,"href":"https:\/\/noticiaempauta.com\/portal\/wp-json\/wp\/v2\/users\/2"}],"replies":[{"embeddable":true,"href":"https:\/\/noticiaempauta.com\/portal\/wp-json\/wp\/v2\/comments?post=284331"}],"version-history":[{"count":2,"href":"https:\/\/noticiaempauta.com\/portal\/wp-json\/wp\/v2\/posts\/284331\/revisions"}],"predecessor-version":[{"id":284334,"href":"https:\/\/noticiaempauta.com\/portal\/wp-json\/wp\/v2\/posts\/284331\/revisions\/284334"}],"wp:featuredmedia":[{"embeddable":true,"href":"https:\/\/noticiaempauta.com\/portal\/wp-json\/wp\/v2\/media\/284332"}],"wp:attachment":[{"href":"https:\/\/noticiaempauta.com\/portal\/wp-json\/wp\/v2\/media?parent=284331"}],"wp:term":[{"taxonomy":"category","embeddable":true,"href":"https:\/\/noticiaempauta.com\/portal\/wp-json\/wp\/v2\/categories?post=284331"},{"taxonomy":"post_tag","embeddable":true,"href":"https:\/\/noticiaempauta.com\/portal\/wp-json\/wp\/v2\/tags?post=284331"}],"curies":[{"name":"wp","href":"https:\/\/api.w.org\/{rel}","templated":true}]}}