{"id":284346,"date":"2026-01-28T15:14:50","date_gmt":"2026-01-28T18:14:50","guid":{"rendered":"https:\/\/noticiaempauta.com\/portal\/?p=284346"},"modified":"2026-01-28T15:14:51","modified_gmt":"2026-01-28T18:14:51","slug":"presidente-eleito-do-tre-pi-preve-eleicoes-polarizadas-em-2026-e-alerta-sobre-ia","status":"publish","type":"post","link":"https:\/\/noticiaempauta.com\/portal\/presidente-eleito-do-tre-pi-preve-eleicoes-polarizadas-em-2026-e-alerta-sobre-ia\/","title":{"rendered":"Presidente eleito do TRE-PI prev\u00ea elei\u00e7\u00f5es polarizadas em 2026 e alerta sobre IA"},"content":{"rendered":"\n<p>Em entrevista \u00e0 TV Cidade Verde nesta quarta-feira (28), o desembargador\u00a0<strong>Jos\u00e9 Wilson<\/strong>,\u00a0presidente eleito do Tribunal Regional Eleitoral do Piau\u00ed (TRE-PI), avaliou que as elei\u00e7\u00f5es de 2026 ser\u00e3o marcadas novamente pela polariza\u00e7\u00e3o pol\u00edtica. Apesar disso, o magistrado, que ser\u00e1 o respons\u00e1vel por comandar o processo eleitoral no estado, assegurou que a Corte garantir\u00e1 um pleito tranquilo.\u00a0<\/p>\n\n\n\n<figure class=\"wp-block-image size-large\"><img fetchpriority=\"high\" decoding=\"async\" width=\"1024\" height=\"682\" src=\"https:\/\/noticiaempauta.com\/portal\/wp-content\/uploads\/2026\/01\/jose_wilson-1024x682.webp\" alt=\"\" class=\"wp-image-284347\" srcset=\"https:\/\/noticiaempauta.com\/portal\/wp-content\/uploads\/2026\/01\/jose_wilson-1024x682.webp 1024w, https:\/\/noticiaempauta.com\/portal\/wp-content\/uploads\/2026\/01\/jose_wilson-300x200.webp 300w, https:\/\/noticiaempauta.com\/portal\/wp-content\/uploads\/2026\/01\/jose_wilson-768x512.webp 768w, https:\/\/noticiaempauta.com\/portal\/wp-content\/uploads\/2026\/01\/jose_wilson-1536x1023.webp 1536w, https:\/\/noticiaempauta.com\/portal\/wp-content\/uploads\/2026\/01\/jose_wilson.webp 1600w\" sizes=\"(max-width: 1024px) 100vw, 1024px\" \/><figcaption class=\"wp-element-caption\"><em>(Foto: Renato Andrade\/Cidadeverde.com)<\/em><\/figcaption><\/figure>\n\n\n\n<p>&#8220;Apesar de mantida a polariza\u00e7\u00e3o, tudo indica que nessas elei\u00e7\u00f5es gerais n\u00f3s tamb\u00e9m teremos esse cen\u00e1rio que se iniciou l\u00e1 em 2018, mas a miss\u00e3o do TRE \u00e9 garantir que tenhamos elei\u00e7\u00f5es limpas, tranquilas, sem conflitos. Ou, se houver conflitos, que a gente garanta a seguran\u00e7a da popula\u00e7\u00e3o que vai votar, inclusive com refor\u00e7o, se necess\u00e1rio&#8221;, declarou o pr\u00f3ximo mandat\u00e1rio.<\/p>\n\n\n\n<p>Neste sentido,&nbsp;<strong>o futuro presidente do TRE-PI n\u00e3o descarta a convoca\u00e7\u00e3o de tropas federais<\/strong>. &#8220;Esse monitoramento \u00e9 feito com mais proximidade do per\u00edodo eleitoral, quando se faz um mapeamento das cidades que tradicionalmente t\u00eam conflitos e de outras que apresentam potencial. A partir disso, \u00e9 feito o requerimento ao TSE para o envio do Ex\u00e9rcito ou de tropas federais para garantir a seguran\u00e7a naqueles locais que s\u00e3o necess\u00e1rios&#8221;, disse.<\/p>\n\n\n\n<p>Apesar disso, o magistrado acredita que n\u00e3o haver\u00e1 necessidade de refor\u00e7o das for\u00e7as de seguran\u00e7a. &#8220;As elei\u00e7\u00f5es gerais t\u00eam um acirramento menor do que as elei\u00e7\u00f5es municipais. Nas elei\u00e7\u00f5es municipais existem outros interesses, \u00e0s vezes interesses familiares, antagonismos hist\u00f3ricos, que n\u00e3o existem nas elei\u00e7\u00f5es gerais, que t\u00eam uma amplitude maior. As pessoas se digladiam, mas n\u00e3o a ponto de exigir interven\u00e7\u00e3o das tropas&#8221;, pontuou.&nbsp;<\/p>\n\n\n\n<h2 class=\"wp-block-heading\"><strong>Uso de IA nas elei\u00e7\u00f5es<\/strong><\/h2>\n\n\n\n<p>Durante a entrevista, Jos\u00e9 Wilson comentou que uma das preocupa\u00e7\u00f5es da Justi\u00e7a Eleitoral diz respeito ao uso da intelig\u00eancia artificial. Apesar da ferramenta j\u00e1 ter sido regulamentada, ainda h\u00e1 veda\u00e7\u00f5es que precisam ser respeitadas. \u201cA IA pode ser utilizada desde que tenha um fim l\u00edcito e que haja a perfeita identifica\u00e7\u00e3o de que aquele conte\u00fado foi produzido com o uso de IA. Tem que estar escrito, bem destacado\u201d, destacou.<\/p>\n\n\n\n<p>\u201cO que n\u00e3o pode, por exemplo, \u00e9 o uso de chatbot em que o eleitor acredita estar conversando com um candidato, quando na verdade est\u00e1 falando com um rob\u00f4. Isso \u00e9 expressamente vedado pela resolu\u00e7\u00e3o do TSE&#8221;, completou o desembargador, que assegurou capacidade t\u00e9cnica do TRE-PI para monitorar essas pr\u00e1ticas durante o pleito.\u00a0<\/p>\n\n\n\n<p>&#8220;Existem conv\u00eanios firmados pela Justi\u00e7a Eleitoral com v\u00e1rios \u00f3rg\u00e3os. Um dos principais \u00e9 com a Anatel, justamente para rastreamento e bloqueio de deep fakes. A ideia \u00e9 que, assim que uma pe\u00e7a desse tipo apare\u00e7a, ela seja bloqueada imediatamente, para que n\u00e3o ganhe a amplitude desejada\u201d, enfatizou.\u00a0<\/p>\n\n\n\n<figure class=\"wp-block-embed is-type-video is-provider-youtube wp-block-embed-youtube wp-embed-aspect-16-9 wp-has-aspect-ratio\"><div class=\"wp-block-embed__wrapper\">\n<iframe title=\"Desembargador Jos\u00e9 Wilson \u00e9 eleito presidente do TRE-PI e comandar\u00e1 elei\u00e7\u00f5es de 2026\" width=\"800\" height=\"450\" src=\"https:\/\/www.youtube.com\/embed\/R4QlGc2Yvww?feature=oembed\" frameborder=\"0\" allow=\"accelerometer; autoplay; clipboard-write; encrypted-media; gyroscope; picture-in-picture; web-share\" referrerpolicy=\"strict-origin-when-cross-origin\" allowfullscreen><\/iframe>\n<\/div><\/figure>\n\n\n\n<p><\/p>\n","protected":false},"excerpt":{"rendered":"<p>Em entrevista \u00e0 TV Cidade Verde nesta quarta-feira (28), o desembargador\u00a0Jos\u00e9 Wilson,\u00a0presidente eleito do Tribunal Regional Eleitoral do Piau\u00ed (TRE-PI), avaliou que as elei\u00e7\u00f5es de 2026 ser\u00e3o marcadas novamente pela polariza\u00e7\u00e3o pol\u00edtica. Apesar disso, o magistrado, que ser\u00e1 o respons\u00e1vel por comandar o processo eleitoral no estado, assegurou que a Corte garantir\u00e1 um pleito tranquilo.\u00a0 [&hellip;]<\/p>\n","protected":false},"author":2,"featured_media":284347,"comment_status":"closed","ping_status":"closed","sticky":false,"template":"","format":"standard","meta":{"_mi_skip_tracking":false,"footnotes":""},"categories":[25,1,3,16],"tags":[192],"class_list":["post-284346","post","type-post","status-publish","format-standard","has-post-thumbnail","hentry","category-destaques-site","category-geral","category-politica","category-todas","tag-destaqueprincipal"],"acf":[],"yoast_head":"<!-- This site is optimized with the Yoast SEO Premium plugin v19.2 (Yoast SEO v26.9) - https:\/\/yoast.com\/product\/yoast-seo-premium-wordpress\/ -->\n<title>Presidente eleito do TRE-PI prev\u00ea elei\u00e7\u00f5es polarizadas em 2026 e alerta sobre IA - Portal Not\u00edcia em Pauta<\/title>\n<meta name=\"robots\" content=\"index, follow, max-snippet:-1, max-image-preview:large, max-video-preview:-1\" \/>\n<link rel=\"canonical\" href=\"https:\/\/noticiaempauta.com\/portal\/presidente-eleito-do-tre-pi-preve-eleicoes-polarizadas-em-2026-e-alerta-sobre-ia\/\" \/>\n<meta property=\"og:locale\" content=\"pt_BR\" \/>\n<meta property=\"og:type\" content=\"article\" \/>\n<meta property=\"og:title\" content=\"Presidente eleito do TRE-PI prev\u00ea elei\u00e7\u00f5es polarizadas em 2026 e alerta sobre IA\" \/>\n<meta property=\"og:description\" content=\"Em entrevista \u00e0 TV Cidade Verde nesta quarta-feira (28), o desembargador\u00a0Jos\u00e9 Wilson,\u00a0presidente eleito do Tribunal Regional Eleitoral do Piau\u00ed (TRE-PI), avaliou que as elei\u00e7\u00f5es de 2026 ser\u00e3o marcadas novamente pela polariza\u00e7\u00e3o pol\u00edtica. Apesar disso, o magistrado, que ser\u00e1 o respons\u00e1vel por comandar o processo eleitoral no estado, assegurou que a Corte garantir\u00e1 um pleito tranquilo.\u00a0 [&hellip;]\" \/>\n<meta property=\"og:url\" content=\"https:\/\/noticiaempauta.com\/portal\/presidente-eleito-do-tre-pi-preve-eleicoes-polarizadas-em-2026-e-alerta-sobre-ia\/\" \/>\n<meta property=\"og:site_name\" content=\"Portal Not\u00edcia em Pauta\" \/>\n<meta property=\"article:publisher\" content=\"https:\/\/www.facebook.com\/Portal-Notcia-Em-Pauta-102292869264820\/\" \/>\n<meta property=\"article:published_time\" content=\"2026-01-28T18:14:50+00:00\" \/>\n<meta property=\"article:modified_time\" content=\"2026-01-28T18:14:51+00:00\" \/>\n<meta property=\"og:image\" content=\"https:\/\/noticiaempauta.com\/portal\/wp-content\/uploads\/2026\/01\/jose_wilson.webp\" \/>\n\t<meta property=\"og:image:width\" content=\"1600\" \/>\n\t<meta property=\"og:image:height\" content=\"1066\" \/>\n\t<meta property=\"og:image:type\" content=\"image\/webp\" \/>\n<meta name=\"author\" content=\"Reda\u00e7\u00e3o\" \/>\n<meta name=\"twitter:card\" content=\"summary_large_image\" \/>\n<meta name=\"twitter:label1\" content=\"Escrito por\" \/>\n\t<meta name=\"twitter:data1\" content=\"Reda\u00e7\u00e3o\" \/>\n\t<meta name=\"twitter:label2\" content=\"Est. tempo de leitura\" \/>\n\t<meta name=\"twitter:data2\" content=\"3 minutos\" \/>\n<script type=\"application\/ld+json\" class=\"yoast-schema-graph\">{\"@context\":\"https:\/\/schema.org\",\"@graph\":[{\"@type\":\"Article\",\"@id\":\"https:\/\/noticiaempauta.com\/portal\/presidente-eleito-do-tre-pi-preve-eleicoes-polarizadas-em-2026-e-alerta-sobre-ia\/#article\",\"isPartOf\":{\"@id\":\"https:\/\/noticiaempauta.com\/portal\/presidente-eleito-do-tre-pi-preve-eleicoes-polarizadas-em-2026-e-alerta-sobre-ia\/\"},\"author\":{\"name\":\"Reda\u00e7\u00e3o\",\"@id\":\"https:\/\/noticiaempauta.com\/portal\/#\/schema\/person\/a74af43dd1ab3deca45f988c717d57ac\"},\"headline\":\"Presidente eleito do TRE-PI prev\u00ea elei\u00e7\u00f5es polarizadas em 2026 e alerta sobre IA\",\"datePublished\":\"2026-01-28T18:14:50+00:00\",\"dateModified\":\"2026-01-28T18:14:51+00:00\",\"mainEntityOfPage\":{\"@id\":\"https:\/\/noticiaempauta.com\/portal\/presidente-eleito-do-tre-pi-preve-eleicoes-polarizadas-em-2026-e-alerta-sobre-ia\/\"},\"wordCount\":501,\"publisher\":{\"@id\":\"https:\/\/noticiaempauta.com\/portal\/#organization\"},\"image\":{\"@id\":\"https:\/\/noticiaempauta.com\/portal\/presidente-eleito-do-tre-pi-preve-eleicoes-polarizadas-em-2026-e-alerta-sobre-ia\/#primaryimage\"},\"thumbnailUrl\":\"https:\/\/noticiaempauta.com\/portal\/wp-content\/uploads\/2026\/01\/jose_wilson.webp\",\"keywords\":[\"destaqueprincipal\"],\"articleSection\":[\"Destaques\",\"Geral\",\"Pol\u00edtica\",\"Todas as Not\u00edcias\"],\"inLanguage\":\"pt-BR\"},{\"@type\":\"WebPage\",\"@id\":\"https:\/\/noticiaempauta.com\/portal\/presidente-eleito-do-tre-pi-preve-eleicoes-polarizadas-em-2026-e-alerta-sobre-ia\/\",\"url\":\"https:\/\/noticiaempauta.com\/portal\/presidente-eleito-do-tre-pi-preve-eleicoes-polarizadas-em-2026-e-alerta-sobre-ia\/\",\"name\":\"Presidente eleito do TRE-PI prev\u00ea elei\u00e7\u00f5es polarizadas em 2026 e alerta sobre IA - Portal Not\u00edcia em Pauta\",\"isPartOf\":{\"@id\":\"https:\/\/noticiaempauta.com\/portal\/#website\"},\"primaryImageOfPage\":{\"@id\":\"https:\/\/noticiaempauta.com\/portal\/presidente-eleito-do-tre-pi-preve-eleicoes-polarizadas-em-2026-e-alerta-sobre-ia\/#primaryimage\"},\"image\":{\"@id\":\"https:\/\/noticiaempauta.com\/portal\/presidente-eleito-do-tre-pi-preve-eleicoes-polarizadas-em-2026-e-alerta-sobre-ia\/#primaryimage\"},\"thumbnailUrl\":\"https:\/\/noticiaempauta.com\/portal\/wp-content\/uploads\/2026\/01\/jose_wilson.webp\",\"datePublished\":\"2026-01-28T18:14:50+00:00\",\"dateModified\":\"2026-01-28T18:14:51+00:00\",\"breadcrumb\":{\"@id\":\"https:\/\/noticiaempauta.com\/portal\/presidente-eleito-do-tre-pi-preve-eleicoes-polarizadas-em-2026-e-alerta-sobre-ia\/#breadcrumb\"},\"inLanguage\":\"pt-BR\",\"potentialAction\":[{\"@type\":\"ReadAction\",\"target\":[\"https:\/\/noticiaempauta.com\/portal\/presidente-eleito-do-tre-pi-preve-eleicoes-polarizadas-em-2026-e-alerta-sobre-ia\/\"]}]},{\"@type\":\"ImageObject\",\"inLanguage\":\"pt-BR\",\"@id\":\"https:\/\/noticiaempauta.com\/portal\/presidente-eleito-do-tre-pi-preve-eleicoes-polarizadas-em-2026-e-alerta-sobre-ia\/#primaryimage\",\"url\":\"https:\/\/noticiaempauta.com\/portal\/wp-content\/uploads\/2026\/01\/jose_wilson.webp\",\"contentUrl\":\"https:\/\/noticiaempauta.com\/portal\/wp-content\/uploads\/2026\/01\/jose_wilson.webp\",\"width\":1600,\"height\":1066},{\"@type\":\"BreadcrumbList\",\"@id\":\"https:\/\/noticiaempauta.com\/portal\/presidente-eleito-do-tre-pi-preve-eleicoes-polarizadas-em-2026-e-alerta-sobre-ia\/#breadcrumb\",\"itemListElement\":[{\"@type\":\"ListItem\",\"position\":1,\"name\":\"P\u00e1gina Inicial\",\"item\":\"https:\/\/noticiaempauta.com\/portal\/\"},{\"@type\":\"ListItem\",\"position\":2,\"name\":\"Destaques\",\"item\":\"https:\/\/noticiaempauta.com\/portal\/destaques-site\/\"},{\"@type\":\"ListItem\",\"position\":3,\"name\":\"Presidente eleito do TRE-PI prev\u00ea elei\u00e7\u00f5es polarizadas em 2026 e alerta sobre IA\"}]},{\"@type\":\"WebSite\",\"@id\":\"https:\/\/noticiaempauta.com\/portal\/#website\",\"url\":\"https:\/\/noticiaempauta.com\/portal\/\",\"name\":\"Portal Not\u00edcia em Pauta\",\"description\":\"Voc\u00ea bem informado\",\"publisher\":{\"@id\":\"https:\/\/noticiaempauta.com\/portal\/#organization\"},\"potentialAction\":[{\"@type\":\"SearchAction\",\"target\":{\"@type\":\"EntryPoint\",\"urlTemplate\":\"https:\/\/noticiaempauta.com\/portal\/?s={search_term_string}\"},\"query-input\":{\"@type\":\"PropertyValueSpecification\",\"valueRequired\":true,\"valueName\":\"search_term_string\"}}],\"inLanguage\":\"pt-BR\"},{\"@type\":\"Organization\",\"@id\":\"https:\/\/noticiaempauta.com\/portal\/#organization\",\"name\":\"Portal Not\u00edcia em Pauta\",\"url\":\"https:\/\/noticiaempauta.com\/portal\/\",\"logo\":{\"@type\":\"ImageObject\",\"inLanguage\":\"pt-BR\",\"@id\":\"https:\/\/noticiaempauta.com\/portal\/#\/schema\/logo\/image\/\",\"url\":\"https:\/\/noticiaempauta.com\/portal\/wp-content\/uploads\/2022\/08\/logomarca_tema.fw_.png\",\"contentUrl\":\"https:\/\/noticiaempauta.com\/portal\/wp-content\/uploads\/2022\/08\/logomarca_tema.fw_.png\",\"width\":400,\"height\":232,\"caption\":\"Portal Not\u00edcia em Pauta\"},\"image\":{\"@id\":\"https:\/\/noticiaempauta.com\/portal\/#\/schema\/logo\/image\/\"},\"sameAs\":[\"https:\/\/www.facebook.com\/Portal-Notcia-Em-Pauta-102292869264820\/\",\"https:\/\/www.instagram.com\/portalnoticiaempauta\/\"]},{\"@type\":\"Person\",\"@id\":\"https:\/\/noticiaempauta.com\/portal\/#\/schema\/person\/a74af43dd1ab3deca45f988c717d57ac\",\"name\":\"Reda\u00e7\u00e3o\",\"image\":{\"@type\":\"ImageObject\",\"inLanguage\":\"pt-BR\",\"@id\":\"https:\/\/noticiaempauta.com\/portal\/#\/schema\/person\/image\/\",\"url\":\"https:\/\/secure.gravatar.com\/avatar\/03179346ecce6cdfc13361603e8f54242a90e5cde8618fa23c5c00aa2b0aadf3?s=96&d=mm&r=g\",\"contentUrl\":\"https:\/\/secure.gravatar.com\/avatar\/03179346ecce6cdfc13361603e8f54242a90e5cde8618fa23c5c00aa2b0aadf3?s=96&d=mm&r=g\",\"caption\":\"Reda\u00e7\u00e3o\"},\"sameAs\":[\"https:\/\/noticiaempauta.com\/portal\/\"],\"url\":\"https:\/\/noticiaempauta.com\/portal\/author\/fernando\/\"}]}<\/script>\n<!-- \/ Yoast SEO Premium plugin. -->","yoast_head_json":{"title":"Presidente eleito do TRE-PI prev\u00ea elei\u00e7\u00f5es polarizadas em 2026 e alerta sobre IA - Portal Not\u00edcia em Pauta","robots":{"index":"index","follow":"follow","max-snippet":"max-snippet:-1","max-image-preview":"max-image-preview:large","max-video-preview":"max-video-preview:-1"},"canonical":"https:\/\/noticiaempauta.com\/portal\/presidente-eleito-do-tre-pi-preve-eleicoes-polarizadas-em-2026-e-alerta-sobre-ia\/","og_locale":"pt_BR","og_type":"article","og_title":"Presidente eleito do TRE-PI prev\u00ea elei\u00e7\u00f5es polarizadas em 2026 e alerta sobre IA","og_description":"Em entrevista \u00e0 TV Cidade Verde nesta quarta-feira (28), o desembargador\u00a0Jos\u00e9 Wilson,\u00a0presidente eleito do Tribunal Regional Eleitoral do Piau\u00ed (TRE-PI), avaliou que as elei\u00e7\u00f5es de 2026 ser\u00e3o marcadas novamente pela polariza\u00e7\u00e3o pol\u00edtica. Apesar disso, o magistrado, que ser\u00e1 o respons\u00e1vel por comandar o processo eleitoral no estado, assegurou que a Corte garantir\u00e1 um pleito tranquilo.\u00a0 [&hellip;]","og_url":"https:\/\/noticiaempauta.com\/portal\/presidente-eleito-do-tre-pi-preve-eleicoes-polarizadas-em-2026-e-alerta-sobre-ia\/","og_site_name":"Portal Not\u00edcia em Pauta","article_publisher":"https:\/\/www.facebook.com\/Portal-Notcia-Em-Pauta-102292869264820\/","article_published_time":"2026-01-28T18:14:50+00:00","article_modified_time":"2026-01-28T18:14:51+00:00","og_image":[{"width":1600,"height":1066,"url":"https:\/\/noticiaempauta.com\/portal\/wp-content\/uploads\/2026\/01\/jose_wilson.webp","type":"image\/webp"}],"author":"Reda\u00e7\u00e3o","twitter_card":"summary_large_image","twitter_misc":{"Escrito por":"Reda\u00e7\u00e3o","Est. tempo de leitura":"3 minutos"},"schema":{"@context":"https:\/\/schema.org","@graph":[{"@type":"Article","@id":"https:\/\/noticiaempauta.com\/portal\/presidente-eleito-do-tre-pi-preve-eleicoes-polarizadas-em-2026-e-alerta-sobre-ia\/#article","isPartOf":{"@id":"https:\/\/noticiaempauta.com\/portal\/presidente-eleito-do-tre-pi-preve-eleicoes-polarizadas-em-2026-e-alerta-sobre-ia\/"},"author":{"name":"Reda\u00e7\u00e3o","@id":"https:\/\/noticiaempauta.com\/portal\/#\/schema\/person\/a74af43dd1ab3deca45f988c717d57ac"},"headline":"Presidente eleito do TRE-PI prev\u00ea elei\u00e7\u00f5es polarizadas em 2026 e alerta sobre IA","datePublished":"2026-01-28T18:14:50+00:00","dateModified":"2026-01-28T18:14:51+00:00","mainEntityOfPage":{"@id":"https:\/\/noticiaempauta.com\/portal\/presidente-eleito-do-tre-pi-preve-eleicoes-polarizadas-em-2026-e-alerta-sobre-ia\/"},"wordCount":501,"publisher":{"@id":"https:\/\/noticiaempauta.com\/portal\/#organization"},"image":{"@id":"https:\/\/noticiaempauta.com\/portal\/presidente-eleito-do-tre-pi-preve-eleicoes-polarizadas-em-2026-e-alerta-sobre-ia\/#primaryimage"},"thumbnailUrl":"https:\/\/noticiaempauta.com\/portal\/wp-content\/uploads\/2026\/01\/jose_wilson.webp","keywords":["destaqueprincipal"],"articleSection":["Destaques","Geral","Pol\u00edtica","Todas as Not\u00edcias"],"inLanguage":"pt-BR"},{"@type":"WebPage","@id":"https:\/\/noticiaempauta.com\/portal\/presidente-eleito-do-tre-pi-preve-eleicoes-polarizadas-em-2026-e-alerta-sobre-ia\/","url":"https:\/\/noticiaempauta.com\/portal\/presidente-eleito-do-tre-pi-preve-eleicoes-polarizadas-em-2026-e-alerta-sobre-ia\/","name":"Presidente eleito do TRE-PI prev\u00ea elei\u00e7\u00f5es polarizadas em 2026 e alerta sobre IA - Portal Not\u00edcia em Pauta","isPartOf":{"@id":"https:\/\/noticiaempauta.com\/portal\/#website"},"primaryImageOfPage":{"@id":"https:\/\/noticiaempauta.com\/portal\/presidente-eleito-do-tre-pi-preve-eleicoes-polarizadas-em-2026-e-alerta-sobre-ia\/#primaryimage"},"image":{"@id":"https:\/\/noticiaempauta.com\/portal\/presidente-eleito-do-tre-pi-preve-eleicoes-polarizadas-em-2026-e-alerta-sobre-ia\/#primaryimage"},"thumbnailUrl":"https:\/\/noticiaempauta.com\/portal\/wp-content\/uploads\/2026\/01\/jose_wilson.webp","datePublished":"2026-01-28T18:14:50+00:00","dateModified":"2026-01-28T18:14:51+00:00","breadcrumb":{"@id":"https:\/\/noticiaempauta.com\/portal\/presidente-eleito-do-tre-pi-preve-eleicoes-polarizadas-em-2026-e-alerta-sobre-ia\/#breadcrumb"},"inLanguage":"pt-BR","potentialAction":[{"@type":"ReadAction","target":["https:\/\/noticiaempauta.com\/portal\/presidente-eleito-do-tre-pi-preve-eleicoes-polarizadas-em-2026-e-alerta-sobre-ia\/"]}]},{"@type":"ImageObject","inLanguage":"pt-BR","@id":"https:\/\/noticiaempauta.com\/portal\/presidente-eleito-do-tre-pi-preve-eleicoes-polarizadas-em-2026-e-alerta-sobre-ia\/#primaryimage","url":"https:\/\/noticiaempauta.com\/portal\/wp-content\/uploads\/2026\/01\/jose_wilson.webp","contentUrl":"https:\/\/noticiaempauta.com\/portal\/wp-content\/uploads\/2026\/01\/jose_wilson.webp","width":1600,"height":1066},{"@type":"BreadcrumbList","@id":"https:\/\/noticiaempauta.com\/portal\/presidente-eleito-do-tre-pi-preve-eleicoes-polarizadas-em-2026-e-alerta-sobre-ia\/#breadcrumb","itemListElement":[{"@type":"ListItem","position":1,"name":"P\u00e1gina Inicial","item":"https:\/\/noticiaempauta.com\/portal\/"},{"@type":"ListItem","position":2,"name":"Destaques","item":"https:\/\/noticiaempauta.com\/portal\/destaques-site\/"},{"@type":"ListItem","position":3,"name":"Presidente eleito do TRE-PI prev\u00ea elei\u00e7\u00f5es polarizadas em 2026 e alerta sobre IA"}]},{"@type":"WebSite","@id":"https:\/\/noticiaempauta.com\/portal\/#website","url":"https:\/\/noticiaempauta.com\/portal\/","name":"Portal Not\u00edcia em Pauta","description":"Voc\u00ea bem informado","publisher":{"@id":"https:\/\/noticiaempauta.com\/portal\/#organization"},"potentialAction":[{"@type":"SearchAction","target":{"@type":"EntryPoint","urlTemplate":"https:\/\/noticiaempauta.com\/portal\/?s={search_term_string}"},"query-input":{"@type":"PropertyValueSpecification","valueRequired":true,"valueName":"search_term_string"}}],"inLanguage":"pt-BR"},{"@type":"Organization","@id":"https:\/\/noticiaempauta.com\/portal\/#organization","name":"Portal Not\u00edcia em Pauta","url":"https:\/\/noticiaempauta.com\/portal\/","logo":{"@type":"ImageObject","inLanguage":"pt-BR","@id":"https:\/\/noticiaempauta.com\/portal\/#\/schema\/logo\/image\/","url":"https:\/\/noticiaempauta.com\/portal\/wp-content\/uploads\/2022\/08\/logomarca_tema.fw_.png","contentUrl":"https:\/\/noticiaempauta.com\/portal\/wp-content\/uploads\/2022\/08\/logomarca_tema.fw_.png","width":400,"height":232,"caption":"Portal Not\u00edcia em Pauta"},"image":{"@id":"https:\/\/noticiaempauta.com\/portal\/#\/schema\/logo\/image\/"},"sameAs":["https:\/\/www.facebook.com\/Portal-Notcia-Em-Pauta-102292869264820\/","https:\/\/www.instagram.com\/portalnoticiaempauta\/"]},{"@type":"Person","@id":"https:\/\/noticiaempauta.com\/portal\/#\/schema\/person\/a74af43dd1ab3deca45f988c717d57ac","name":"Reda\u00e7\u00e3o","image":{"@type":"ImageObject","inLanguage":"pt-BR","@id":"https:\/\/noticiaempauta.com\/portal\/#\/schema\/person\/image\/","url":"https:\/\/secure.gravatar.com\/avatar\/03179346ecce6cdfc13361603e8f54242a90e5cde8618fa23c5c00aa2b0aadf3?s=96&d=mm&r=g","contentUrl":"https:\/\/secure.gravatar.com\/avatar\/03179346ecce6cdfc13361603e8f54242a90e5cde8618fa23c5c00aa2b0aadf3?s=96&d=mm&r=g","caption":"Reda\u00e7\u00e3o"},"sameAs":["https:\/\/noticiaempauta.com\/portal\/"],"url":"https:\/\/noticiaempauta.com\/portal\/author\/fernando\/"}]}},"_links":{"self":[{"href":"https:\/\/noticiaempauta.com\/portal\/wp-json\/wp\/v2\/posts\/284346","targetHints":{"allow":["GET"]}}],"collection":[{"href":"https:\/\/noticiaempauta.com\/portal\/wp-json\/wp\/v2\/posts"}],"about":[{"href":"https:\/\/noticiaempauta.com\/portal\/wp-json\/wp\/v2\/types\/post"}],"author":[{"embeddable":true,"href":"https:\/\/noticiaempauta.com\/portal\/wp-json\/wp\/v2\/users\/2"}],"replies":[{"embeddable":true,"href":"https:\/\/noticiaempauta.com\/portal\/wp-json\/wp\/v2\/comments?post=284346"}],"version-history":[{"count":2,"href":"https:\/\/noticiaempauta.com\/portal\/wp-json\/wp\/v2\/posts\/284346\/revisions"}],"predecessor-version":[{"id":284349,"href":"https:\/\/noticiaempauta.com\/portal\/wp-json\/wp\/v2\/posts\/284346\/revisions\/284349"}],"wp:featuredmedia":[{"embeddable":true,"href":"https:\/\/noticiaempauta.com\/portal\/wp-json\/wp\/v2\/media\/284347"}],"wp:attachment":[{"href":"https:\/\/noticiaempauta.com\/portal\/wp-json\/wp\/v2\/media?parent=284346"}],"wp:term":[{"taxonomy":"category","embeddable":true,"href":"https:\/\/noticiaempauta.com\/portal\/wp-json\/wp\/v2\/categories?post=284346"},{"taxonomy":"post_tag","embeddable":true,"href":"https:\/\/noticiaempauta.com\/portal\/wp-json\/wp\/v2\/tags?post=284346"}],"curies":[{"name":"wp","href":"https:\/\/api.w.org\/{rel}","templated":true}]}}