{"id":284350,"date":"2026-01-28T15:26:38","date_gmt":"2026-01-28T18:26:38","guid":{"rendered":"https:\/\/noticiaempauta.com\/portal\/?p=284350"},"modified":"2026-01-28T15:26:39","modified_gmt":"2026-01-28T18:26:39","slug":"prefeitura-de-picos-recupera-mais-de-6-000-m%c2%b2-de-calcamento-e-devolve-mobilidade-a-estrada-que-liga-o-baixio-da-ipueiras-a-cipauba","status":"publish","type":"post","link":"https:\/\/noticiaempauta.com\/portal\/prefeitura-de-picos-recupera-mais-de-6-000-m%c2%b2-de-calcamento-e-devolve-mobilidade-a-estrada-que-liga-o-baixio-da-ipueiras-a-cipauba\/","title":{"rendered":"Prefeitura de Picos recupera mais de 6.000 m\u00b2 de cal\u00e7amento e devolve mobilidade a estrada que liga o Baixio da Ipueiras a Cipa\u00faba"},"content":{"rendered":"\n<p>A Prefeitura de Picos deu mais um passo importante no cronograma de recupera\u00e7\u00e3o de estradas da zona rural picoense.<\/p>\n\n\n\n<figure class=\"wp-block-image size-full\"><img fetchpriority=\"high\" decoding=\"async\" width=\"640\" height=\"427\" src=\"https:\/\/noticiaempauta.com\/portal\/wp-content\/uploads\/2026\/01\/CCM_0293-2.webp\" alt=\"\" class=\"wp-image-284351\" srcset=\"https:\/\/noticiaempauta.com\/portal\/wp-content\/uploads\/2026\/01\/CCM_0293-2.webp 640w, https:\/\/noticiaempauta.com\/portal\/wp-content\/uploads\/2026\/01\/CCM_0293-2-300x200.webp 300w\" sizes=\"(max-width: 640px) 100vw, 640px\" \/><\/figure>\n\n\n\n<p>A administra\u00e7\u00e3o \u201cReconstruindo Nosso Futuro\u201d, do prefeito, Dr. Pablo Santos (MDB), concluiu a recupera\u00e7\u00e3o completa do cal\u00e7amento da via que liga o Baixio da Ipueiras ao Povoado Cipa\u00faba.<\/p>\n\n\n\n<p>O local, que estava com a trafegabilidade comprometida por conta das fortes chuvas do ano passado, recebeu uma nova infraestrutura de cal\u00e7amento melhorando a qualidade de vida de quem trafega por aquela Regi\u00e3o.<\/p>\n\n\n\n<figure class=\"wp-block-image size-full\"><img decoding=\"async\" width=\"640\" height=\"427\" src=\"https:\/\/noticiaempauta.com\/portal\/wp-content\/uploads\/2026\/01\/CCM_0286.webp\" alt=\"\" class=\"wp-image-284352\" srcset=\"https:\/\/noticiaempauta.com\/portal\/wp-content\/uploads\/2026\/01\/CCM_0286.webp 640w, https:\/\/noticiaempauta.com\/portal\/wp-content\/uploads\/2026\/01\/CCM_0286-300x200.webp 300w\" sizes=\"(max-width: 640px) 100vw, 640px\" \/><\/figure>\n\n\n\n<p>Para acabar com os danos estruturais a Prefeitura de Picos aplicou mais de 6.000 m\u00b2 quadrados de pavimenta\u00e7\u00e3o poli\u00e9drica devolvendo a mobilidade entre as duas localidades.<\/p>\n\n\n\n<figure class=\"wp-block-image size-full\"><img decoding=\"async\" width=\"640\" height=\"427\" src=\"https:\/\/noticiaempauta.com\/portal\/wp-content\/uploads\/2026\/01\/CCM_0261.webp\" alt=\"\" class=\"wp-image-284353\" srcset=\"https:\/\/noticiaempauta.com\/portal\/wp-content\/uploads\/2026\/01\/CCM_0261.webp 640w, https:\/\/noticiaempauta.com\/portal\/wp-content\/uploads\/2026\/01\/CCM_0261-300x200.webp 300w\" sizes=\"(max-width: 640px) 100vw, 640px\" \/><\/figure>\n\n\n\n<p>Al\u00e9m de acabar com o problema da lama e da poeira, o novo cal\u00e7amento oferece mais seguran\u00e7a para motoristas e motociclistas, agilidade no deslocamento di\u00e1rio da popula\u00e7\u00e3o e valoriza\u00e7\u00e3o das propriedades rurais localizadas no entorno.<\/p>\n\n\n\n<figure class=\"wp-block-image size-full\"><img loading=\"lazy\" decoding=\"async\" width=\"640\" height=\"427\" src=\"https:\/\/noticiaempauta.com\/portal\/wp-content\/uploads\/2026\/01\/CCM_0290.webp\" alt=\"\" class=\"wp-image-284354\" srcset=\"https:\/\/noticiaempauta.com\/portal\/wp-content\/uploads\/2026\/01\/CCM_0290.webp 640w, https:\/\/noticiaempauta.com\/portal\/wp-content\/uploads\/2026\/01\/CCM_0290-300x200.webp 300w\" sizes=\"(max-width: 640px) 100vw, 640px\" \/><\/figure>\n\n\n\n<p>SECOM<\/p>\n","protected":false},"excerpt":{"rendered":"<p>A Prefeitura de Picos deu mais um passo importante no cronograma de recupera\u00e7\u00e3o de estradas da zona rural picoense. A administra\u00e7\u00e3o \u201cReconstruindo Nosso Futuro\u201d, do prefeito, Dr. Pablo Santos (MDB), concluiu a recupera\u00e7\u00e3o completa do cal\u00e7amento da via que liga o Baixio da Ipueiras ao Povoado Cipa\u00faba. O local, que estava com a trafegabilidade comprometida [&hellip;]<\/p>\n","protected":false},"author":2,"featured_media":284352,"comment_status":"closed","ping_status":"closed","sticky":false,"template":"","format":"standard","meta":{"_mi_skip_tracking":false,"footnotes":""},"categories":[25,1,16],"tags":[],"class_list":["post-284350","post","type-post","status-publish","format-standard","has-post-thumbnail","hentry","category-destaques-site","category-geral","category-todas"],"acf":[],"yoast_head":"<!-- This site is optimized with the Yoast SEO Premium plugin v19.2 (Yoast SEO v26.9) - https:\/\/yoast.com\/product\/yoast-seo-premium-wordpress\/ -->\n<title>Prefeitura de Picos recupera mais de 6.000 m\u00b2 de cal\u00e7amento e devolve mobilidade a estrada que liga o Baixio da Ipueiras a Cipa\u00faba - Portal Not\u00edcia em Pauta<\/title>\n<meta name=\"robots\" content=\"index, follow, max-snippet:-1, max-image-preview:large, max-video-preview:-1\" \/>\n<link rel=\"canonical\" href=\"https:\/\/noticiaempauta.com\/portal\/prefeitura-de-picos-recupera-mais-de-6-000-m\u00b2-de-calcamento-e-devolve-mobilidade-a-estrada-que-liga-o-baixio-da-ipueiras-a-cipauba\/\" \/>\n<meta property=\"og:locale\" content=\"pt_BR\" \/>\n<meta property=\"og:type\" content=\"article\" \/>\n<meta property=\"og:title\" content=\"Prefeitura de Picos recupera mais de 6.000 m\u00b2 de cal\u00e7amento e devolve mobilidade a estrada que liga o Baixio da Ipueiras a Cipa\u00faba\" \/>\n<meta property=\"og:description\" content=\"A Prefeitura de Picos deu mais um passo importante no cronograma de recupera\u00e7\u00e3o de estradas da zona rural picoense. A administra\u00e7\u00e3o \u201cReconstruindo Nosso Futuro\u201d, do prefeito, Dr. Pablo Santos (MDB), concluiu a recupera\u00e7\u00e3o completa do cal\u00e7amento da via que liga o Baixio da Ipueiras ao Povoado Cipa\u00faba. O local, que estava com a trafegabilidade comprometida [&hellip;]\" \/>\n<meta property=\"og:url\" content=\"https:\/\/noticiaempauta.com\/portal\/prefeitura-de-picos-recupera-mais-de-6-000-m\u00b2-de-calcamento-e-devolve-mobilidade-a-estrada-que-liga-o-baixio-da-ipueiras-a-cipauba\/\" \/>\n<meta property=\"og:site_name\" content=\"Portal Not\u00edcia em Pauta\" \/>\n<meta property=\"article:publisher\" content=\"https:\/\/www.facebook.com\/Portal-Notcia-Em-Pauta-102292869264820\/\" \/>\n<meta property=\"article:published_time\" content=\"2026-01-28T18:26:38+00:00\" \/>\n<meta property=\"article:modified_time\" content=\"2026-01-28T18:26:39+00:00\" \/>\n<meta property=\"og:image\" content=\"https:\/\/noticiaempauta.com\/portal\/wp-content\/uploads\/2026\/01\/CCM_0286.webp\" \/>\n\t<meta property=\"og:image:width\" content=\"640\" \/>\n\t<meta property=\"og:image:height\" content=\"427\" \/>\n\t<meta property=\"og:image:type\" content=\"image\/webp\" \/>\n<meta name=\"author\" content=\"Reda\u00e7\u00e3o\" \/>\n<meta name=\"twitter:card\" content=\"summary_large_image\" \/>\n<meta name=\"twitter:label1\" content=\"Escrito por\" \/>\n\t<meta name=\"twitter:data1\" content=\"Reda\u00e7\u00e3o\" \/>\n\t<meta name=\"twitter:label2\" content=\"Est. tempo de leitura\" \/>\n\t<meta name=\"twitter:data2\" content=\"2 minutos\" \/>\n<script type=\"application\/ld+json\" class=\"yoast-schema-graph\">{\"@context\":\"https:\/\/schema.org\",\"@graph\":[{\"@type\":\"Article\",\"@id\":\"https:\/\/noticiaempauta.com\/portal\/prefeitura-de-picos-recupera-mais-de-6-000-m%c2%b2-de-calcamento-e-devolve-mobilidade-a-estrada-que-liga-o-baixio-da-ipueiras-a-cipauba\/#article\",\"isPartOf\":{\"@id\":\"https:\/\/noticiaempauta.com\/portal\/prefeitura-de-picos-recupera-mais-de-6-000-m%c2%b2-de-calcamento-e-devolve-mobilidade-a-estrada-que-liga-o-baixio-da-ipueiras-a-cipauba\/\"},\"author\":{\"name\":\"Reda\u00e7\u00e3o\",\"@id\":\"https:\/\/noticiaempauta.com\/portal\/#\/schema\/person\/a74af43dd1ab3deca45f988c717d57ac\"},\"headline\":\"Prefeitura de Picos recupera mais de 6.000 m\u00b2 de cal\u00e7amento e devolve mobilidade a estrada que liga o Baixio da Ipueiras a Cipa\u00faba\",\"datePublished\":\"2026-01-28T18:26:38+00:00\",\"dateModified\":\"2026-01-28T18:26:39+00:00\",\"mainEntityOfPage\":{\"@id\":\"https:\/\/noticiaempauta.com\/portal\/prefeitura-de-picos-recupera-mais-de-6-000-m%c2%b2-de-calcamento-e-devolve-mobilidade-a-estrada-que-liga-o-baixio-da-ipueiras-a-cipauba\/\"},\"wordCount\":180,\"publisher\":{\"@id\":\"https:\/\/noticiaempauta.com\/portal\/#organization\"},\"image\":{\"@id\":\"https:\/\/noticiaempauta.com\/portal\/prefeitura-de-picos-recupera-mais-de-6-000-m%c2%b2-de-calcamento-e-devolve-mobilidade-a-estrada-que-liga-o-baixio-da-ipueiras-a-cipauba\/#primaryimage\"},\"thumbnailUrl\":\"https:\/\/noticiaempauta.com\/portal\/wp-content\/uploads\/2026\/01\/CCM_0286.webp\",\"articleSection\":[\"Destaques\",\"Geral\",\"Todas as Not\u00edcias\"],\"inLanguage\":\"pt-BR\"},{\"@type\":\"WebPage\",\"@id\":\"https:\/\/noticiaempauta.com\/portal\/prefeitura-de-picos-recupera-mais-de-6-000-m%c2%b2-de-calcamento-e-devolve-mobilidade-a-estrada-que-liga-o-baixio-da-ipueiras-a-cipauba\/\",\"url\":\"https:\/\/noticiaempauta.com\/portal\/prefeitura-de-picos-recupera-mais-de-6-000-m%c2%b2-de-calcamento-e-devolve-mobilidade-a-estrada-que-liga-o-baixio-da-ipueiras-a-cipauba\/\",\"name\":\"Prefeitura de Picos recupera mais de 6.000 m\u00b2 de cal\u00e7amento e devolve mobilidade a estrada que liga o Baixio da Ipueiras a Cipa\u00faba - Portal Not\u00edcia em Pauta\",\"isPartOf\":{\"@id\":\"https:\/\/noticiaempauta.com\/portal\/#website\"},\"primaryImageOfPage\":{\"@id\":\"https:\/\/noticiaempauta.com\/portal\/prefeitura-de-picos-recupera-mais-de-6-000-m%c2%b2-de-calcamento-e-devolve-mobilidade-a-estrada-que-liga-o-baixio-da-ipueiras-a-cipauba\/#primaryimage\"},\"image\":{\"@id\":\"https:\/\/noticiaempauta.com\/portal\/prefeitura-de-picos-recupera-mais-de-6-000-m%c2%b2-de-calcamento-e-devolve-mobilidade-a-estrada-que-liga-o-baixio-da-ipueiras-a-cipauba\/#primaryimage\"},\"thumbnailUrl\":\"https:\/\/noticiaempauta.com\/portal\/wp-content\/uploads\/2026\/01\/CCM_0286.webp\",\"datePublished\":\"2026-01-28T18:26:38+00:00\",\"dateModified\":\"2026-01-28T18:26:39+00:00\",\"breadcrumb\":{\"@id\":\"https:\/\/noticiaempauta.com\/portal\/prefeitura-de-picos-recupera-mais-de-6-000-m%c2%b2-de-calcamento-e-devolve-mobilidade-a-estrada-que-liga-o-baixio-da-ipueiras-a-cipauba\/#breadcrumb\"},\"inLanguage\":\"pt-BR\",\"potentialAction\":[{\"@type\":\"ReadAction\",\"target\":[\"https:\/\/noticiaempauta.com\/portal\/prefeitura-de-picos-recupera-mais-de-6-000-m%c2%b2-de-calcamento-e-devolve-mobilidade-a-estrada-que-liga-o-baixio-da-ipueiras-a-cipauba\/\"]}]},{\"@type\":\"ImageObject\",\"inLanguage\":\"pt-BR\",\"@id\":\"https:\/\/noticiaempauta.com\/portal\/prefeitura-de-picos-recupera-mais-de-6-000-m%c2%b2-de-calcamento-e-devolve-mobilidade-a-estrada-que-liga-o-baixio-da-ipueiras-a-cipauba\/#primaryimage\",\"url\":\"https:\/\/noticiaempauta.com\/portal\/wp-content\/uploads\/2026\/01\/CCM_0286.webp\",\"contentUrl\":\"https:\/\/noticiaempauta.com\/portal\/wp-content\/uploads\/2026\/01\/CCM_0286.webp\",\"width\":640,\"height\":427},{\"@type\":\"BreadcrumbList\",\"@id\":\"https:\/\/noticiaempauta.com\/portal\/prefeitura-de-picos-recupera-mais-de-6-000-m%c2%b2-de-calcamento-e-devolve-mobilidade-a-estrada-que-liga-o-baixio-da-ipueiras-a-cipauba\/#breadcrumb\",\"itemListElement\":[{\"@type\":\"ListItem\",\"position\":1,\"name\":\"P\u00e1gina Inicial\",\"item\":\"https:\/\/noticiaempauta.com\/portal\/\"},{\"@type\":\"ListItem\",\"position\":2,\"name\":\"Destaques\",\"item\":\"https:\/\/noticiaempauta.com\/portal\/destaques-site\/\"},{\"@type\":\"ListItem\",\"position\":3,\"name\":\"Prefeitura de Picos recupera mais de 6.000 m\u00b2 de cal\u00e7amento e devolve mobilidade a estrada que liga o Baixio da Ipueiras a Cipa\u00faba\"}]},{\"@type\":\"WebSite\",\"@id\":\"https:\/\/noticiaempauta.com\/portal\/#website\",\"url\":\"https:\/\/noticiaempauta.com\/portal\/\",\"name\":\"Portal Not\u00edcia em Pauta\",\"description\":\"Voc\u00ea bem informado\",\"publisher\":{\"@id\":\"https:\/\/noticiaempauta.com\/portal\/#organization\"},\"potentialAction\":[{\"@type\":\"SearchAction\",\"target\":{\"@type\":\"EntryPoint\",\"urlTemplate\":\"https:\/\/noticiaempauta.com\/portal\/?s={search_term_string}\"},\"query-input\":{\"@type\":\"PropertyValueSpecification\",\"valueRequired\":true,\"valueName\":\"search_term_string\"}}],\"inLanguage\":\"pt-BR\"},{\"@type\":\"Organization\",\"@id\":\"https:\/\/noticiaempauta.com\/portal\/#organization\",\"name\":\"Portal Not\u00edcia em Pauta\",\"url\":\"https:\/\/noticiaempauta.com\/portal\/\",\"logo\":{\"@type\":\"ImageObject\",\"inLanguage\":\"pt-BR\",\"@id\":\"https:\/\/noticiaempauta.com\/portal\/#\/schema\/logo\/image\/\",\"url\":\"https:\/\/noticiaempauta.com\/portal\/wp-content\/uploads\/2022\/08\/logomarca_tema.fw_.png\",\"contentUrl\":\"https:\/\/noticiaempauta.com\/portal\/wp-content\/uploads\/2022\/08\/logomarca_tema.fw_.png\",\"width\":400,\"height\":232,\"caption\":\"Portal Not\u00edcia em Pauta\"},\"image\":{\"@id\":\"https:\/\/noticiaempauta.com\/portal\/#\/schema\/logo\/image\/\"},\"sameAs\":[\"https:\/\/www.facebook.com\/Portal-Notcia-Em-Pauta-102292869264820\/\",\"https:\/\/www.instagram.com\/portalnoticiaempauta\/\"]},{\"@type\":\"Person\",\"@id\":\"https:\/\/noticiaempauta.com\/portal\/#\/schema\/person\/a74af43dd1ab3deca45f988c717d57ac\",\"name\":\"Reda\u00e7\u00e3o\",\"image\":{\"@type\":\"ImageObject\",\"inLanguage\":\"pt-BR\",\"@id\":\"https:\/\/noticiaempauta.com\/portal\/#\/schema\/person\/image\/\",\"url\":\"https:\/\/secure.gravatar.com\/avatar\/03179346ecce6cdfc13361603e8f54242a90e5cde8618fa23c5c00aa2b0aadf3?s=96&d=mm&r=g\",\"contentUrl\":\"https:\/\/secure.gravatar.com\/avatar\/03179346ecce6cdfc13361603e8f54242a90e5cde8618fa23c5c00aa2b0aadf3?s=96&d=mm&r=g\",\"caption\":\"Reda\u00e7\u00e3o\"},\"sameAs\":[\"https:\/\/noticiaempauta.com\/portal\/\"],\"url\":\"https:\/\/noticiaempauta.com\/portal\/author\/fernando\/\"}]}<\/script>\n<!-- \/ Yoast SEO Premium plugin. -->","yoast_head_json":{"title":"Prefeitura de Picos recupera mais de 6.000 m\u00b2 de cal\u00e7amento e devolve mobilidade a estrada que liga o Baixio da Ipueiras a Cipa\u00faba - Portal Not\u00edcia em Pauta","robots":{"index":"index","follow":"follow","max-snippet":"max-snippet:-1","max-image-preview":"max-image-preview:large","max-video-preview":"max-video-preview:-1"},"canonical":"https:\/\/noticiaempauta.com\/portal\/prefeitura-de-picos-recupera-mais-de-6-000-m\u00b2-de-calcamento-e-devolve-mobilidade-a-estrada-que-liga-o-baixio-da-ipueiras-a-cipauba\/","og_locale":"pt_BR","og_type":"article","og_title":"Prefeitura de Picos recupera mais de 6.000 m\u00b2 de cal\u00e7amento e devolve mobilidade a estrada que liga o Baixio da Ipueiras a Cipa\u00faba","og_description":"A Prefeitura de Picos deu mais um passo importante no cronograma de recupera\u00e7\u00e3o de estradas da zona rural picoense. A administra\u00e7\u00e3o \u201cReconstruindo Nosso Futuro\u201d, do prefeito, Dr. Pablo Santos (MDB), concluiu a recupera\u00e7\u00e3o completa do cal\u00e7amento da via que liga o Baixio da Ipueiras ao Povoado Cipa\u00faba. O local, que estava com a trafegabilidade comprometida [&hellip;]","og_url":"https:\/\/noticiaempauta.com\/portal\/prefeitura-de-picos-recupera-mais-de-6-000-m\u00b2-de-calcamento-e-devolve-mobilidade-a-estrada-que-liga-o-baixio-da-ipueiras-a-cipauba\/","og_site_name":"Portal Not\u00edcia em Pauta","article_publisher":"https:\/\/www.facebook.com\/Portal-Notcia-Em-Pauta-102292869264820\/","article_published_time":"2026-01-28T18:26:38+00:00","article_modified_time":"2026-01-28T18:26:39+00:00","og_image":[{"width":640,"height":427,"url":"https:\/\/noticiaempauta.com\/portal\/wp-content\/uploads\/2026\/01\/CCM_0286.webp","type":"image\/webp"}],"author":"Reda\u00e7\u00e3o","twitter_card":"summary_large_image","twitter_misc":{"Escrito por":"Reda\u00e7\u00e3o","Est. tempo de leitura":"2 minutos"},"schema":{"@context":"https:\/\/schema.org","@graph":[{"@type":"Article","@id":"https:\/\/noticiaempauta.com\/portal\/prefeitura-de-picos-recupera-mais-de-6-000-m%c2%b2-de-calcamento-e-devolve-mobilidade-a-estrada-que-liga-o-baixio-da-ipueiras-a-cipauba\/#article","isPartOf":{"@id":"https:\/\/noticiaempauta.com\/portal\/prefeitura-de-picos-recupera-mais-de-6-000-m%c2%b2-de-calcamento-e-devolve-mobilidade-a-estrada-que-liga-o-baixio-da-ipueiras-a-cipauba\/"},"author":{"name":"Reda\u00e7\u00e3o","@id":"https:\/\/noticiaempauta.com\/portal\/#\/schema\/person\/a74af43dd1ab3deca45f988c717d57ac"},"headline":"Prefeitura de Picos recupera mais de 6.000 m\u00b2 de cal\u00e7amento e devolve mobilidade a estrada que liga o Baixio da Ipueiras a Cipa\u00faba","datePublished":"2026-01-28T18:26:38+00:00","dateModified":"2026-01-28T18:26:39+00:00","mainEntityOfPage":{"@id":"https:\/\/noticiaempauta.com\/portal\/prefeitura-de-picos-recupera-mais-de-6-000-m%c2%b2-de-calcamento-e-devolve-mobilidade-a-estrada-que-liga-o-baixio-da-ipueiras-a-cipauba\/"},"wordCount":180,"publisher":{"@id":"https:\/\/noticiaempauta.com\/portal\/#organization"},"image":{"@id":"https:\/\/noticiaempauta.com\/portal\/prefeitura-de-picos-recupera-mais-de-6-000-m%c2%b2-de-calcamento-e-devolve-mobilidade-a-estrada-que-liga-o-baixio-da-ipueiras-a-cipauba\/#primaryimage"},"thumbnailUrl":"https:\/\/noticiaempauta.com\/portal\/wp-content\/uploads\/2026\/01\/CCM_0286.webp","articleSection":["Destaques","Geral","Todas as Not\u00edcias"],"inLanguage":"pt-BR"},{"@type":"WebPage","@id":"https:\/\/noticiaempauta.com\/portal\/prefeitura-de-picos-recupera-mais-de-6-000-m%c2%b2-de-calcamento-e-devolve-mobilidade-a-estrada-que-liga-o-baixio-da-ipueiras-a-cipauba\/","url":"https:\/\/noticiaempauta.com\/portal\/prefeitura-de-picos-recupera-mais-de-6-000-m%c2%b2-de-calcamento-e-devolve-mobilidade-a-estrada-que-liga-o-baixio-da-ipueiras-a-cipauba\/","name":"Prefeitura de Picos recupera mais de 6.000 m\u00b2 de cal\u00e7amento e devolve mobilidade a estrada que liga o Baixio da Ipueiras a Cipa\u00faba - Portal Not\u00edcia em Pauta","isPartOf":{"@id":"https:\/\/noticiaempauta.com\/portal\/#website"},"primaryImageOfPage":{"@id":"https:\/\/noticiaempauta.com\/portal\/prefeitura-de-picos-recupera-mais-de-6-000-m%c2%b2-de-calcamento-e-devolve-mobilidade-a-estrada-que-liga-o-baixio-da-ipueiras-a-cipauba\/#primaryimage"},"image":{"@id":"https:\/\/noticiaempauta.com\/portal\/prefeitura-de-picos-recupera-mais-de-6-000-m%c2%b2-de-calcamento-e-devolve-mobilidade-a-estrada-que-liga-o-baixio-da-ipueiras-a-cipauba\/#primaryimage"},"thumbnailUrl":"https:\/\/noticiaempauta.com\/portal\/wp-content\/uploads\/2026\/01\/CCM_0286.webp","datePublished":"2026-01-28T18:26:38+00:00","dateModified":"2026-01-28T18:26:39+00:00","breadcrumb":{"@id":"https:\/\/noticiaempauta.com\/portal\/prefeitura-de-picos-recupera-mais-de-6-000-m%c2%b2-de-calcamento-e-devolve-mobilidade-a-estrada-que-liga-o-baixio-da-ipueiras-a-cipauba\/#breadcrumb"},"inLanguage":"pt-BR","potentialAction":[{"@type":"ReadAction","target":["https:\/\/noticiaempauta.com\/portal\/prefeitura-de-picos-recupera-mais-de-6-000-m%c2%b2-de-calcamento-e-devolve-mobilidade-a-estrada-que-liga-o-baixio-da-ipueiras-a-cipauba\/"]}]},{"@type":"ImageObject","inLanguage":"pt-BR","@id":"https:\/\/noticiaempauta.com\/portal\/prefeitura-de-picos-recupera-mais-de-6-000-m%c2%b2-de-calcamento-e-devolve-mobilidade-a-estrada-que-liga-o-baixio-da-ipueiras-a-cipauba\/#primaryimage","url":"https:\/\/noticiaempauta.com\/portal\/wp-content\/uploads\/2026\/01\/CCM_0286.webp","contentUrl":"https:\/\/noticiaempauta.com\/portal\/wp-content\/uploads\/2026\/01\/CCM_0286.webp","width":640,"height":427},{"@type":"BreadcrumbList","@id":"https:\/\/noticiaempauta.com\/portal\/prefeitura-de-picos-recupera-mais-de-6-000-m%c2%b2-de-calcamento-e-devolve-mobilidade-a-estrada-que-liga-o-baixio-da-ipueiras-a-cipauba\/#breadcrumb","itemListElement":[{"@type":"ListItem","position":1,"name":"P\u00e1gina Inicial","item":"https:\/\/noticiaempauta.com\/portal\/"},{"@type":"ListItem","position":2,"name":"Destaques","item":"https:\/\/noticiaempauta.com\/portal\/destaques-site\/"},{"@type":"ListItem","position":3,"name":"Prefeitura de Picos recupera mais de 6.000 m\u00b2 de cal\u00e7amento e devolve mobilidade a estrada que liga o Baixio da Ipueiras a Cipa\u00faba"}]},{"@type":"WebSite","@id":"https:\/\/noticiaempauta.com\/portal\/#website","url":"https:\/\/noticiaempauta.com\/portal\/","name":"Portal Not\u00edcia em Pauta","description":"Voc\u00ea bem informado","publisher":{"@id":"https:\/\/noticiaempauta.com\/portal\/#organization"},"potentialAction":[{"@type":"SearchAction","target":{"@type":"EntryPoint","urlTemplate":"https:\/\/noticiaempauta.com\/portal\/?s={search_term_string}"},"query-input":{"@type":"PropertyValueSpecification","valueRequired":true,"valueName":"search_term_string"}}],"inLanguage":"pt-BR"},{"@type":"Organization","@id":"https:\/\/noticiaempauta.com\/portal\/#organization","name":"Portal Not\u00edcia em Pauta","url":"https:\/\/noticiaempauta.com\/portal\/","logo":{"@type":"ImageObject","inLanguage":"pt-BR","@id":"https:\/\/noticiaempauta.com\/portal\/#\/schema\/logo\/image\/","url":"https:\/\/noticiaempauta.com\/portal\/wp-content\/uploads\/2022\/08\/logomarca_tema.fw_.png","contentUrl":"https:\/\/noticiaempauta.com\/portal\/wp-content\/uploads\/2022\/08\/logomarca_tema.fw_.png","width":400,"height":232,"caption":"Portal Not\u00edcia em Pauta"},"image":{"@id":"https:\/\/noticiaempauta.com\/portal\/#\/schema\/logo\/image\/"},"sameAs":["https:\/\/www.facebook.com\/Portal-Notcia-Em-Pauta-102292869264820\/","https:\/\/www.instagram.com\/portalnoticiaempauta\/"]},{"@type":"Person","@id":"https:\/\/noticiaempauta.com\/portal\/#\/schema\/person\/a74af43dd1ab3deca45f988c717d57ac","name":"Reda\u00e7\u00e3o","image":{"@type":"ImageObject","inLanguage":"pt-BR","@id":"https:\/\/noticiaempauta.com\/portal\/#\/schema\/person\/image\/","url":"https:\/\/secure.gravatar.com\/avatar\/03179346ecce6cdfc13361603e8f54242a90e5cde8618fa23c5c00aa2b0aadf3?s=96&d=mm&r=g","contentUrl":"https:\/\/secure.gravatar.com\/avatar\/03179346ecce6cdfc13361603e8f54242a90e5cde8618fa23c5c00aa2b0aadf3?s=96&d=mm&r=g","caption":"Reda\u00e7\u00e3o"},"sameAs":["https:\/\/noticiaempauta.com\/portal\/"],"url":"https:\/\/noticiaempauta.com\/portal\/author\/fernando\/"}]}},"_links":{"self":[{"href":"https:\/\/noticiaempauta.com\/portal\/wp-json\/wp\/v2\/posts\/284350","targetHints":{"allow":["GET"]}}],"collection":[{"href":"https:\/\/noticiaempauta.com\/portal\/wp-json\/wp\/v2\/posts"}],"about":[{"href":"https:\/\/noticiaempauta.com\/portal\/wp-json\/wp\/v2\/types\/post"}],"author":[{"embeddable":true,"href":"https:\/\/noticiaempauta.com\/portal\/wp-json\/wp\/v2\/users\/2"}],"replies":[{"embeddable":true,"href":"https:\/\/noticiaempauta.com\/portal\/wp-json\/wp\/v2\/comments?post=284350"}],"version-history":[{"count":2,"href":"https:\/\/noticiaempauta.com\/portal\/wp-json\/wp\/v2\/posts\/284350\/revisions"}],"predecessor-version":[{"id":284356,"href":"https:\/\/noticiaempauta.com\/portal\/wp-json\/wp\/v2\/posts\/284350\/revisions\/284356"}],"wp:featuredmedia":[{"embeddable":true,"href":"https:\/\/noticiaempauta.com\/portal\/wp-json\/wp\/v2\/media\/284352"}],"wp:attachment":[{"href":"https:\/\/noticiaempauta.com\/portal\/wp-json\/wp\/v2\/media?parent=284350"}],"wp:term":[{"taxonomy":"category","embeddable":true,"href":"https:\/\/noticiaempauta.com\/portal\/wp-json\/wp\/v2\/categories?post=284350"},{"taxonomy":"post_tag","embeddable":true,"href":"https:\/\/noticiaempauta.com\/portal\/wp-json\/wp\/v2\/tags?post=284350"}],"curies":[{"name":"wp","href":"https:\/\/api.w.org\/{rel}","templated":true}]}}