{"id":284423,"date":"2026-01-29T09:25:15","date_gmt":"2026-01-29T12:25:15","guid":{"rendered":"https:\/\/noticiaempauta.com\/portal\/?p=284423"},"modified":"2026-01-29T09:25:17","modified_gmt":"2026-01-29T12:25:17","slug":"homem-confessa-homicidio-e-corpo-e-encontrado-em-fossa-em-pajeu-do-piaui","status":"publish","type":"post","link":"https:\/\/noticiaempauta.com\/portal\/homem-confessa-homicidio-e-corpo-e-encontrado-em-fossa-em-pajeu-do-piaui\/","title":{"rendered":"Homem confessa homic\u00eddio e corpo \u00e9 encontrado em fossa em Paje\u00fa do Piau\u00ed"},"content":{"rendered":"\n<p>Um homem de 50 anos, identificado como&nbsp;<strong>Cipriano Amorim Sousa<\/strong>, foi assassinado e teve o corpo ocultado em uma&nbsp;<strong>fossa<\/strong>, em&nbsp;<strong>Paje\u00fa do Piau\u00ed<\/strong>, munic\u00edpio a cerca de 410 km de Teresina. O caso veio \u00e0 tona ap\u00f3s familiares registrarem o desaparecimento da v\u00edtima, o que deu in\u00edcio \u00e0s investiga\u00e7\u00f5es.<\/p>\n\n\n\n<figure class=\"wp-block-image size-large\"><img fetchpriority=\"high\" decoding=\"async\" width=\"1024\" height=\"554\" src=\"https:\/\/noticiaempauta.com\/portal\/wp-content\/uploads\/2026\/01\/Homem_confessa_homicidio_e_corpo_e_encontrado_em_fossa_em_Pajeu_do_Piaui_1-1024x554.webp\" alt=\"\" class=\"wp-image-284425\" srcset=\"https:\/\/noticiaempauta.com\/portal\/wp-content\/uploads\/2026\/01\/Homem_confessa_homicidio_e_corpo_e_encontrado_em_fossa_em_Pajeu_do_Piaui_1-1024x554.webp 1024w, https:\/\/noticiaempauta.com\/portal\/wp-content\/uploads\/2026\/01\/Homem_confessa_homicidio_e_corpo_e_encontrado_em_fossa_em_Pajeu_do_Piaui_1-300x162.webp 300w, https:\/\/noticiaempauta.com\/portal\/wp-content\/uploads\/2026\/01\/Homem_confessa_homicidio_e_corpo_e_encontrado_em_fossa_em_Pajeu_do_Piaui_1-768x416.webp 768w, https:\/\/noticiaempauta.com\/portal\/wp-content\/uploads\/2026\/01\/Homem_confessa_homicidio_e_corpo_e_encontrado_em_fossa_em_Pajeu_do_Piaui_1-1536x831.webp 1536w, https:\/\/noticiaempauta.com\/portal\/wp-content\/uploads\/2026\/01\/Homem_confessa_homicidio_e_corpo_e_encontrado_em_fossa_em_Pajeu_do_Piaui_1.webp 1600w\" sizes=\"(max-width: 1024px) 100vw, 1024px\" \/><figcaption class=\"wp-element-caption\"><em>Foto: Reprodu\u00e7\u00e3o \/ Pol\u00edcia Civil<\/em><\/figcaption><\/figure>\n\n\n\n<p>De acordo com informa\u00e7\u00f5es apuradas pela Pol\u00edcia Civil, Cipriano foi visto pela \u00faltima vez em um&nbsp;<strong>bar no centro da cidade<\/strong>, no dia&nbsp;<strong>21 de janeiro<\/strong>. Testemunhas relataram que ele deixou o local&nbsp;<strong>bastante embriagado<\/strong>, entrando em um ve\u00edculo conduzido por um jovem de&nbsp;<strong>22 anos<\/strong>, que passou a ser o principal suspeito.<\/p>\n\n\n\n<h2 class=\"wp-block-heading\"><strong>C\u00e2meras e depoimentos levaram ao suspeito<\/strong><\/h2>\n\n\n\n<p>As investiga\u00e7\u00f5es avan\u00e7aram a partir da an\u00e1lise de&nbsp;<strong>imagens de c\u00e2meras de seguran\u00e7a<\/strong>&nbsp;e de depoimentos colhidos na cidade. O material confirmou que a v\u00edtima esteve no bar e seguiu no carro do investigado. C\u00e2meras instaladas nas proximidades da resid\u00eancia do suspeito tamb\u00e9m ajudaram a tra\u00e7ar o percurso da v\u00edtima.<\/p>\n\n\n\n<p>Durante interrogat\u00f3rio, o jovem apresentou&nbsp;<strong>contradi\u00e7\u00f5es<\/strong>, o que levou as equipes a aprofundarem as dilig\u00eancias no munic\u00edpio.<\/p>\n\n\n\n<h2 class=\"wp-block-heading\"><strong>Crime ocorreu dentro da resid\u00eancia<\/strong><\/h2>\n\n\n\n<figure class=\"wp-block-image size-full\"><img decoding=\"async\" width=\"720\" height=\"691\" src=\"https:\/\/noticiaempauta.com\/portal\/wp-content\/uploads\/2026\/01\/Homem_confessa_homicidio_e_corpo_e_encontrado_em_fossa_em_Pajeu_do_Piaui_2.webp\" alt=\"\" class=\"wp-image-284424\" srcset=\"https:\/\/noticiaempauta.com\/portal\/wp-content\/uploads\/2026\/01\/Homem_confessa_homicidio_e_corpo_e_encontrado_em_fossa_em_Pajeu_do_Piaui_2.webp 720w, https:\/\/noticiaempauta.com\/portal\/wp-content\/uploads\/2026\/01\/Homem_confessa_homicidio_e_corpo_e_encontrado_em_fossa_em_Pajeu_do_Piaui_2-300x288.webp 300w\" sizes=\"(max-width: 720px) 100vw, 720px\" \/><\/figure>\n\n\n\n<p>Ao irem at\u00e9 a casa do suspeito, com autoriza\u00e7\u00e3o para entrada no im\u00f3vel, os policiais encontraram&nbsp;<strong>manchas de sangue<\/strong>&nbsp;e uma&nbsp;<strong>barra de ferro do tipo \u201cp\u00e9 de cabra\u201d<\/strong>, tamb\u00e9m suja de sangue. Diante dos ind\u00edcios, o investigado&nbsp;<strong>confessou<\/strong>&nbsp;o crime.<\/p>\n\n\n\n<p>Segundo a apura\u00e7\u00e3o, Cipriano foi morto&nbsp;<strong>dentro da resid\u00eancia<\/strong>, no dia&nbsp;<strong>21 de janeiro<\/strong>, e o corpo foi&nbsp;<strong>jogado em uma fossa<\/strong>&nbsp;no dia seguinte. O cad\u00e1ver foi localizado em&nbsp;<strong>estado de decomposi\u00e7\u00e3o<\/strong>.<\/p>\n\n\n\n<p>Ap\u00f3s a confiss\u00e3o, a&nbsp;<strong>per\u00edcia criminal<\/strong>&nbsp;foi acionada para o local, assim como o&nbsp;<strong>Corpo de Bombeiros<\/strong>, respons\u00e1vel pela remo\u00e7\u00e3o do corpo. O cad\u00e1ver foi encaminhado para os procedimentos legais, com apoio da Pol\u00edcia Militar, que fez o isolamento da \u00e1rea.<\/p>\n\n\n\n<p>A Pol\u00edcia Civil informou que as investiga\u00e7\u00f5es continuam para esclarecer a&nbsp;<strong>motiva\u00e7\u00e3o do homic\u00eddio<\/strong>&nbsp;e confirmar todos os detalhes da din\u00e2mica do crime.<\/p>\n\n\n\n<p>Fonte: Cidade Verde<\/p>\n","protected":false},"excerpt":{"rendered":"<p>Um homem de 50 anos, identificado como&nbsp;Cipriano Amorim Sousa, foi assassinado e teve o corpo ocultado em uma&nbsp;fossa, em&nbsp;Paje\u00fa do Piau\u00ed, munic\u00edpio a cerca de 410 km de Teresina. O caso veio \u00e0 tona ap\u00f3s familiares registrarem o desaparecimento da v\u00edtima, o que deu in\u00edcio \u00e0s investiga\u00e7\u00f5es. De acordo com informa\u00e7\u00f5es apuradas pela Pol\u00edcia Civil, [&hellip;]<\/p>\n","protected":false},"author":2,"featured_media":284425,"comment_status":"closed","ping_status":"closed","sticky":false,"template":"","format":"standard","meta":{"_mi_skip_tracking":false,"footnotes":""},"categories":[25,1,9,137,16],"tags":[],"class_list":["post-284423","post","type-post","status-publish","format-standard","has-post-thumbnail","hentry","category-destaques-site","category-geral","category-municipios","category-policia","category-todas"],"acf":[],"yoast_head":"<!-- This site is optimized with the Yoast SEO Premium plugin v19.2 (Yoast SEO v26.9) - https:\/\/yoast.com\/product\/yoast-seo-premium-wordpress\/ -->\n<title>Homem confessa homic\u00eddio e corpo \u00e9 encontrado em fossa em Paje\u00fa do Piau\u00ed - Portal Not\u00edcia em Pauta<\/title>\n<meta name=\"robots\" content=\"index, follow, max-snippet:-1, max-image-preview:large, max-video-preview:-1\" \/>\n<link rel=\"canonical\" href=\"https:\/\/noticiaempauta.com\/portal\/homem-confessa-homicidio-e-corpo-e-encontrado-em-fossa-em-pajeu-do-piaui\/\" \/>\n<meta property=\"og:locale\" content=\"pt_BR\" \/>\n<meta property=\"og:type\" content=\"article\" \/>\n<meta property=\"og:title\" content=\"Homem confessa homic\u00eddio e corpo \u00e9 encontrado em fossa em Paje\u00fa do Piau\u00ed\" \/>\n<meta property=\"og:description\" content=\"Um homem de 50 anos, identificado como&nbsp;Cipriano Amorim Sousa, foi assassinado e teve o corpo ocultado em uma&nbsp;fossa, em&nbsp;Paje\u00fa do Piau\u00ed, munic\u00edpio a cerca de 410 km de Teresina. O caso veio \u00e0 tona ap\u00f3s familiares registrarem o desaparecimento da v\u00edtima, o que deu in\u00edcio \u00e0s investiga\u00e7\u00f5es. De acordo com informa\u00e7\u00f5es apuradas pela Pol\u00edcia Civil, [&hellip;]\" \/>\n<meta property=\"og:url\" content=\"https:\/\/noticiaempauta.com\/portal\/homem-confessa-homicidio-e-corpo-e-encontrado-em-fossa-em-pajeu-do-piaui\/\" \/>\n<meta property=\"og:site_name\" content=\"Portal Not\u00edcia em Pauta\" \/>\n<meta property=\"article:publisher\" content=\"https:\/\/www.facebook.com\/Portal-Notcia-Em-Pauta-102292869264820\/\" \/>\n<meta property=\"article:published_time\" content=\"2026-01-29T12:25:15+00:00\" \/>\n<meta property=\"article:modified_time\" content=\"2026-01-29T12:25:17+00:00\" \/>\n<meta property=\"og:image\" content=\"https:\/\/noticiaempauta.com\/portal\/wp-content\/uploads\/2026\/01\/Homem_confessa_homicidio_e_corpo_e_encontrado_em_fossa_em_Pajeu_do_Piaui_1.webp\" \/>\n\t<meta property=\"og:image:width\" content=\"1600\" \/>\n\t<meta property=\"og:image:height\" content=\"866\" \/>\n\t<meta property=\"og:image:type\" content=\"image\/webp\" \/>\n<meta name=\"author\" content=\"Reda\u00e7\u00e3o\" \/>\n<meta name=\"twitter:card\" content=\"summary_large_image\" \/>\n<meta name=\"twitter:label1\" content=\"Escrito por\" \/>\n\t<meta name=\"twitter:data1\" content=\"Reda\u00e7\u00e3o\" \/>\n\t<meta name=\"twitter:label2\" content=\"Est. tempo de leitura\" \/>\n\t<meta name=\"twitter:data2\" content=\"3 minutos\" \/>\n<script type=\"application\/ld+json\" class=\"yoast-schema-graph\">{\"@context\":\"https:\/\/schema.org\",\"@graph\":[{\"@type\":\"Article\",\"@id\":\"https:\/\/noticiaempauta.com\/portal\/homem-confessa-homicidio-e-corpo-e-encontrado-em-fossa-em-pajeu-do-piaui\/#article\",\"isPartOf\":{\"@id\":\"https:\/\/noticiaempauta.com\/portal\/homem-confessa-homicidio-e-corpo-e-encontrado-em-fossa-em-pajeu-do-piaui\/\"},\"author\":{\"name\":\"Reda\u00e7\u00e3o\",\"@id\":\"https:\/\/noticiaempauta.com\/portal\/#\/schema\/person\/a74af43dd1ab3deca45f988c717d57ac\"},\"headline\":\"Homem confessa homic\u00eddio e corpo \u00e9 encontrado em fossa em Paje\u00fa do Piau\u00ed\",\"datePublished\":\"2026-01-29T12:25:15+00:00\",\"dateModified\":\"2026-01-29T12:25:17+00:00\",\"mainEntityOfPage\":{\"@id\":\"https:\/\/noticiaempauta.com\/portal\/homem-confessa-homicidio-e-corpo-e-encontrado-em-fossa-em-pajeu-do-piaui\/\"},\"wordCount\":405,\"publisher\":{\"@id\":\"https:\/\/noticiaempauta.com\/portal\/#organization\"},\"image\":{\"@id\":\"https:\/\/noticiaempauta.com\/portal\/homem-confessa-homicidio-e-corpo-e-encontrado-em-fossa-em-pajeu-do-piaui\/#primaryimage\"},\"thumbnailUrl\":\"https:\/\/noticiaempauta.com\/portal\/wp-content\/uploads\/2026\/01\/Homem_confessa_homicidio_e_corpo_e_encontrado_em_fossa_em_Pajeu_do_Piaui_1.webp\",\"articleSection\":[\"Destaques\",\"Geral\",\"Munic\u00edpios\",\"Pol\u00edcia\",\"Todas as Not\u00edcias\"],\"inLanguage\":\"pt-BR\"},{\"@type\":\"WebPage\",\"@id\":\"https:\/\/noticiaempauta.com\/portal\/homem-confessa-homicidio-e-corpo-e-encontrado-em-fossa-em-pajeu-do-piaui\/\",\"url\":\"https:\/\/noticiaempauta.com\/portal\/homem-confessa-homicidio-e-corpo-e-encontrado-em-fossa-em-pajeu-do-piaui\/\",\"name\":\"Homem confessa homic\u00eddio e corpo \u00e9 encontrado em fossa em Paje\u00fa do Piau\u00ed - Portal Not\u00edcia em Pauta\",\"isPartOf\":{\"@id\":\"https:\/\/noticiaempauta.com\/portal\/#website\"},\"primaryImageOfPage\":{\"@id\":\"https:\/\/noticiaempauta.com\/portal\/homem-confessa-homicidio-e-corpo-e-encontrado-em-fossa-em-pajeu-do-piaui\/#primaryimage\"},\"image\":{\"@id\":\"https:\/\/noticiaempauta.com\/portal\/homem-confessa-homicidio-e-corpo-e-encontrado-em-fossa-em-pajeu-do-piaui\/#primaryimage\"},\"thumbnailUrl\":\"https:\/\/noticiaempauta.com\/portal\/wp-content\/uploads\/2026\/01\/Homem_confessa_homicidio_e_corpo_e_encontrado_em_fossa_em_Pajeu_do_Piaui_1.webp\",\"datePublished\":\"2026-01-29T12:25:15+00:00\",\"dateModified\":\"2026-01-29T12:25:17+00:00\",\"breadcrumb\":{\"@id\":\"https:\/\/noticiaempauta.com\/portal\/homem-confessa-homicidio-e-corpo-e-encontrado-em-fossa-em-pajeu-do-piaui\/#breadcrumb\"},\"inLanguage\":\"pt-BR\",\"potentialAction\":[{\"@type\":\"ReadAction\",\"target\":[\"https:\/\/noticiaempauta.com\/portal\/homem-confessa-homicidio-e-corpo-e-encontrado-em-fossa-em-pajeu-do-piaui\/\"]}]},{\"@type\":\"ImageObject\",\"inLanguage\":\"pt-BR\",\"@id\":\"https:\/\/noticiaempauta.com\/portal\/homem-confessa-homicidio-e-corpo-e-encontrado-em-fossa-em-pajeu-do-piaui\/#primaryimage\",\"url\":\"https:\/\/noticiaempauta.com\/portal\/wp-content\/uploads\/2026\/01\/Homem_confessa_homicidio_e_corpo_e_encontrado_em_fossa_em_Pajeu_do_Piaui_1.webp\",\"contentUrl\":\"https:\/\/noticiaempauta.com\/portal\/wp-content\/uploads\/2026\/01\/Homem_confessa_homicidio_e_corpo_e_encontrado_em_fossa_em_Pajeu_do_Piaui_1.webp\",\"width\":1600,\"height\":866},{\"@type\":\"BreadcrumbList\",\"@id\":\"https:\/\/noticiaempauta.com\/portal\/homem-confessa-homicidio-e-corpo-e-encontrado-em-fossa-em-pajeu-do-piaui\/#breadcrumb\",\"itemListElement\":[{\"@type\":\"ListItem\",\"position\":1,\"name\":\"P\u00e1gina Inicial\",\"item\":\"https:\/\/noticiaempauta.com\/portal\/\"},{\"@type\":\"ListItem\",\"position\":2,\"name\":\"Destaques\",\"item\":\"https:\/\/noticiaempauta.com\/portal\/destaques-site\/\"},{\"@type\":\"ListItem\",\"position\":3,\"name\":\"Homem confessa homic\u00eddio e corpo \u00e9 encontrado em fossa em Paje\u00fa do Piau\u00ed\"}]},{\"@type\":\"WebSite\",\"@id\":\"https:\/\/noticiaempauta.com\/portal\/#website\",\"url\":\"https:\/\/noticiaempauta.com\/portal\/\",\"name\":\"Portal Not\u00edcia em Pauta\",\"description\":\"Voc\u00ea bem informado\",\"publisher\":{\"@id\":\"https:\/\/noticiaempauta.com\/portal\/#organization\"},\"potentialAction\":[{\"@type\":\"SearchAction\",\"target\":{\"@type\":\"EntryPoint\",\"urlTemplate\":\"https:\/\/noticiaempauta.com\/portal\/?s={search_term_string}\"},\"query-input\":{\"@type\":\"PropertyValueSpecification\",\"valueRequired\":true,\"valueName\":\"search_term_string\"}}],\"inLanguage\":\"pt-BR\"},{\"@type\":\"Organization\",\"@id\":\"https:\/\/noticiaempauta.com\/portal\/#organization\",\"name\":\"Portal Not\u00edcia em Pauta\",\"url\":\"https:\/\/noticiaempauta.com\/portal\/\",\"logo\":{\"@type\":\"ImageObject\",\"inLanguage\":\"pt-BR\",\"@id\":\"https:\/\/noticiaempauta.com\/portal\/#\/schema\/logo\/image\/\",\"url\":\"https:\/\/noticiaempauta.com\/portal\/wp-content\/uploads\/2022\/08\/logomarca_tema.fw_.png\",\"contentUrl\":\"https:\/\/noticiaempauta.com\/portal\/wp-content\/uploads\/2022\/08\/logomarca_tema.fw_.png\",\"width\":400,\"height\":232,\"caption\":\"Portal Not\u00edcia em Pauta\"},\"image\":{\"@id\":\"https:\/\/noticiaempauta.com\/portal\/#\/schema\/logo\/image\/\"},\"sameAs\":[\"https:\/\/www.facebook.com\/Portal-Notcia-Em-Pauta-102292869264820\/\",\"https:\/\/www.instagram.com\/portalnoticiaempauta\/\"]},{\"@type\":\"Person\",\"@id\":\"https:\/\/noticiaempauta.com\/portal\/#\/schema\/person\/a74af43dd1ab3deca45f988c717d57ac\",\"name\":\"Reda\u00e7\u00e3o\",\"image\":{\"@type\":\"ImageObject\",\"inLanguage\":\"pt-BR\",\"@id\":\"https:\/\/noticiaempauta.com\/portal\/#\/schema\/person\/image\/\",\"url\":\"https:\/\/secure.gravatar.com\/avatar\/03179346ecce6cdfc13361603e8f54242a90e5cde8618fa23c5c00aa2b0aadf3?s=96&d=mm&r=g\",\"contentUrl\":\"https:\/\/secure.gravatar.com\/avatar\/03179346ecce6cdfc13361603e8f54242a90e5cde8618fa23c5c00aa2b0aadf3?s=96&d=mm&r=g\",\"caption\":\"Reda\u00e7\u00e3o\"},\"sameAs\":[\"https:\/\/noticiaempauta.com\/portal\/\"],\"url\":\"https:\/\/noticiaempauta.com\/portal\/author\/fernando\/\"}]}<\/script>\n<!-- \/ Yoast SEO Premium plugin. -->","yoast_head_json":{"title":"Homem confessa homic\u00eddio e corpo \u00e9 encontrado em fossa em Paje\u00fa do Piau\u00ed - Portal Not\u00edcia em Pauta","robots":{"index":"index","follow":"follow","max-snippet":"max-snippet:-1","max-image-preview":"max-image-preview:large","max-video-preview":"max-video-preview:-1"},"canonical":"https:\/\/noticiaempauta.com\/portal\/homem-confessa-homicidio-e-corpo-e-encontrado-em-fossa-em-pajeu-do-piaui\/","og_locale":"pt_BR","og_type":"article","og_title":"Homem confessa homic\u00eddio e corpo \u00e9 encontrado em fossa em Paje\u00fa do Piau\u00ed","og_description":"Um homem de 50 anos, identificado como&nbsp;Cipriano Amorim Sousa, foi assassinado e teve o corpo ocultado em uma&nbsp;fossa, em&nbsp;Paje\u00fa do Piau\u00ed, munic\u00edpio a cerca de 410 km de Teresina. O caso veio \u00e0 tona ap\u00f3s familiares registrarem o desaparecimento da v\u00edtima, o que deu in\u00edcio \u00e0s investiga\u00e7\u00f5es. De acordo com informa\u00e7\u00f5es apuradas pela Pol\u00edcia Civil, [&hellip;]","og_url":"https:\/\/noticiaempauta.com\/portal\/homem-confessa-homicidio-e-corpo-e-encontrado-em-fossa-em-pajeu-do-piaui\/","og_site_name":"Portal Not\u00edcia em Pauta","article_publisher":"https:\/\/www.facebook.com\/Portal-Notcia-Em-Pauta-102292869264820\/","article_published_time":"2026-01-29T12:25:15+00:00","article_modified_time":"2026-01-29T12:25:17+00:00","og_image":[{"width":1600,"height":866,"url":"https:\/\/noticiaempauta.com\/portal\/wp-content\/uploads\/2026\/01\/Homem_confessa_homicidio_e_corpo_e_encontrado_em_fossa_em_Pajeu_do_Piaui_1.webp","type":"image\/webp"}],"author":"Reda\u00e7\u00e3o","twitter_card":"summary_large_image","twitter_misc":{"Escrito por":"Reda\u00e7\u00e3o","Est. tempo de leitura":"3 minutos"},"schema":{"@context":"https:\/\/schema.org","@graph":[{"@type":"Article","@id":"https:\/\/noticiaempauta.com\/portal\/homem-confessa-homicidio-e-corpo-e-encontrado-em-fossa-em-pajeu-do-piaui\/#article","isPartOf":{"@id":"https:\/\/noticiaempauta.com\/portal\/homem-confessa-homicidio-e-corpo-e-encontrado-em-fossa-em-pajeu-do-piaui\/"},"author":{"name":"Reda\u00e7\u00e3o","@id":"https:\/\/noticiaempauta.com\/portal\/#\/schema\/person\/a74af43dd1ab3deca45f988c717d57ac"},"headline":"Homem confessa homic\u00eddio e corpo \u00e9 encontrado em fossa em Paje\u00fa do Piau\u00ed","datePublished":"2026-01-29T12:25:15+00:00","dateModified":"2026-01-29T12:25:17+00:00","mainEntityOfPage":{"@id":"https:\/\/noticiaempauta.com\/portal\/homem-confessa-homicidio-e-corpo-e-encontrado-em-fossa-em-pajeu-do-piaui\/"},"wordCount":405,"publisher":{"@id":"https:\/\/noticiaempauta.com\/portal\/#organization"},"image":{"@id":"https:\/\/noticiaempauta.com\/portal\/homem-confessa-homicidio-e-corpo-e-encontrado-em-fossa-em-pajeu-do-piaui\/#primaryimage"},"thumbnailUrl":"https:\/\/noticiaempauta.com\/portal\/wp-content\/uploads\/2026\/01\/Homem_confessa_homicidio_e_corpo_e_encontrado_em_fossa_em_Pajeu_do_Piaui_1.webp","articleSection":["Destaques","Geral","Munic\u00edpios","Pol\u00edcia","Todas as Not\u00edcias"],"inLanguage":"pt-BR"},{"@type":"WebPage","@id":"https:\/\/noticiaempauta.com\/portal\/homem-confessa-homicidio-e-corpo-e-encontrado-em-fossa-em-pajeu-do-piaui\/","url":"https:\/\/noticiaempauta.com\/portal\/homem-confessa-homicidio-e-corpo-e-encontrado-em-fossa-em-pajeu-do-piaui\/","name":"Homem confessa homic\u00eddio e corpo \u00e9 encontrado em fossa em Paje\u00fa do Piau\u00ed - Portal Not\u00edcia em Pauta","isPartOf":{"@id":"https:\/\/noticiaempauta.com\/portal\/#website"},"primaryImageOfPage":{"@id":"https:\/\/noticiaempauta.com\/portal\/homem-confessa-homicidio-e-corpo-e-encontrado-em-fossa-em-pajeu-do-piaui\/#primaryimage"},"image":{"@id":"https:\/\/noticiaempauta.com\/portal\/homem-confessa-homicidio-e-corpo-e-encontrado-em-fossa-em-pajeu-do-piaui\/#primaryimage"},"thumbnailUrl":"https:\/\/noticiaempauta.com\/portal\/wp-content\/uploads\/2026\/01\/Homem_confessa_homicidio_e_corpo_e_encontrado_em_fossa_em_Pajeu_do_Piaui_1.webp","datePublished":"2026-01-29T12:25:15+00:00","dateModified":"2026-01-29T12:25:17+00:00","breadcrumb":{"@id":"https:\/\/noticiaempauta.com\/portal\/homem-confessa-homicidio-e-corpo-e-encontrado-em-fossa-em-pajeu-do-piaui\/#breadcrumb"},"inLanguage":"pt-BR","potentialAction":[{"@type":"ReadAction","target":["https:\/\/noticiaempauta.com\/portal\/homem-confessa-homicidio-e-corpo-e-encontrado-em-fossa-em-pajeu-do-piaui\/"]}]},{"@type":"ImageObject","inLanguage":"pt-BR","@id":"https:\/\/noticiaempauta.com\/portal\/homem-confessa-homicidio-e-corpo-e-encontrado-em-fossa-em-pajeu-do-piaui\/#primaryimage","url":"https:\/\/noticiaempauta.com\/portal\/wp-content\/uploads\/2026\/01\/Homem_confessa_homicidio_e_corpo_e_encontrado_em_fossa_em_Pajeu_do_Piaui_1.webp","contentUrl":"https:\/\/noticiaempauta.com\/portal\/wp-content\/uploads\/2026\/01\/Homem_confessa_homicidio_e_corpo_e_encontrado_em_fossa_em_Pajeu_do_Piaui_1.webp","width":1600,"height":866},{"@type":"BreadcrumbList","@id":"https:\/\/noticiaempauta.com\/portal\/homem-confessa-homicidio-e-corpo-e-encontrado-em-fossa-em-pajeu-do-piaui\/#breadcrumb","itemListElement":[{"@type":"ListItem","position":1,"name":"P\u00e1gina Inicial","item":"https:\/\/noticiaempauta.com\/portal\/"},{"@type":"ListItem","position":2,"name":"Destaques","item":"https:\/\/noticiaempauta.com\/portal\/destaques-site\/"},{"@type":"ListItem","position":3,"name":"Homem confessa homic\u00eddio e corpo \u00e9 encontrado em fossa em Paje\u00fa do Piau\u00ed"}]},{"@type":"WebSite","@id":"https:\/\/noticiaempauta.com\/portal\/#website","url":"https:\/\/noticiaempauta.com\/portal\/","name":"Portal Not\u00edcia em Pauta","description":"Voc\u00ea bem informado","publisher":{"@id":"https:\/\/noticiaempauta.com\/portal\/#organization"},"potentialAction":[{"@type":"SearchAction","target":{"@type":"EntryPoint","urlTemplate":"https:\/\/noticiaempauta.com\/portal\/?s={search_term_string}"},"query-input":{"@type":"PropertyValueSpecification","valueRequired":true,"valueName":"search_term_string"}}],"inLanguage":"pt-BR"},{"@type":"Organization","@id":"https:\/\/noticiaempauta.com\/portal\/#organization","name":"Portal Not\u00edcia em Pauta","url":"https:\/\/noticiaempauta.com\/portal\/","logo":{"@type":"ImageObject","inLanguage":"pt-BR","@id":"https:\/\/noticiaempauta.com\/portal\/#\/schema\/logo\/image\/","url":"https:\/\/noticiaempauta.com\/portal\/wp-content\/uploads\/2022\/08\/logomarca_tema.fw_.png","contentUrl":"https:\/\/noticiaempauta.com\/portal\/wp-content\/uploads\/2022\/08\/logomarca_tema.fw_.png","width":400,"height":232,"caption":"Portal Not\u00edcia em Pauta"},"image":{"@id":"https:\/\/noticiaempauta.com\/portal\/#\/schema\/logo\/image\/"},"sameAs":["https:\/\/www.facebook.com\/Portal-Notcia-Em-Pauta-102292869264820\/","https:\/\/www.instagram.com\/portalnoticiaempauta\/"]},{"@type":"Person","@id":"https:\/\/noticiaempauta.com\/portal\/#\/schema\/person\/a74af43dd1ab3deca45f988c717d57ac","name":"Reda\u00e7\u00e3o","image":{"@type":"ImageObject","inLanguage":"pt-BR","@id":"https:\/\/noticiaempauta.com\/portal\/#\/schema\/person\/image\/","url":"https:\/\/secure.gravatar.com\/avatar\/03179346ecce6cdfc13361603e8f54242a90e5cde8618fa23c5c00aa2b0aadf3?s=96&d=mm&r=g","contentUrl":"https:\/\/secure.gravatar.com\/avatar\/03179346ecce6cdfc13361603e8f54242a90e5cde8618fa23c5c00aa2b0aadf3?s=96&d=mm&r=g","caption":"Reda\u00e7\u00e3o"},"sameAs":["https:\/\/noticiaempauta.com\/portal\/"],"url":"https:\/\/noticiaempauta.com\/portal\/author\/fernando\/"}]}},"_links":{"self":[{"href":"https:\/\/noticiaempauta.com\/portal\/wp-json\/wp\/v2\/posts\/284423","targetHints":{"allow":["GET"]}}],"collection":[{"href":"https:\/\/noticiaempauta.com\/portal\/wp-json\/wp\/v2\/posts"}],"about":[{"href":"https:\/\/noticiaempauta.com\/portal\/wp-json\/wp\/v2\/types\/post"}],"author":[{"embeddable":true,"href":"https:\/\/noticiaempauta.com\/portal\/wp-json\/wp\/v2\/users\/2"}],"replies":[{"embeddable":true,"href":"https:\/\/noticiaempauta.com\/portal\/wp-json\/wp\/v2\/comments?post=284423"}],"version-history":[{"count":2,"href":"https:\/\/noticiaempauta.com\/portal\/wp-json\/wp\/v2\/posts\/284423\/revisions"}],"predecessor-version":[{"id":284427,"href":"https:\/\/noticiaempauta.com\/portal\/wp-json\/wp\/v2\/posts\/284423\/revisions\/284427"}],"wp:featuredmedia":[{"embeddable":true,"href":"https:\/\/noticiaempauta.com\/portal\/wp-json\/wp\/v2\/media\/284425"}],"wp:attachment":[{"href":"https:\/\/noticiaempauta.com\/portal\/wp-json\/wp\/v2\/media?parent=284423"}],"wp:term":[{"taxonomy":"category","embeddable":true,"href":"https:\/\/noticiaempauta.com\/portal\/wp-json\/wp\/v2\/categories?post=284423"},{"taxonomy":"post_tag","embeddable":true,"href":"https:\/\/noticiaempauta.com\/portal\/wp-json\/wp\/v2\/tags?post=284423"}],"curies":[{"name":"wp","href":"https:\/\/api.w.org\/{rel}","templated":true}]}}