{"id":284451,"date":"2026-01-30T08:47:35","date_gmt":"2026-01-30T11:47:35","guid":{"rendered":"https:\/\/noticiaempauta.com\/portal\/?p=284451"},"modified":"2026-01-30T08:47:37","modified_gmt":"2026-01-30T11:47:37","slug":"sisu-estudantes-aprovados-na-uespi-devem-fazer-matricula-institucional-entre-os-dias-4-e-8-de-fevereiro","status":"publish","type":"post","link":"https:\/\/noticiaempauta.com\/portal\/sisu-estudantes-aprovados-na-uespi-devem-fazer-matricula-institucional-entre-os-dias-4-e-8-de-fevereiro\/","title":{"rendered":"SISU: estudantes aprovados na Uespi devem fazer matr\u00edcula institucional entre os dias 4 e 8 de fevereiro"},"content":{"rendered":"\n<p>Os 4.260 estudantes aprovados para a Universidade Estadual do Piau\u00ed (Uespi), selecionados por meio do Sistema de Sele\u00e7\u00e3o Unificada (SiSU 2026), para os 105 cursos presenciais nos 12 campi da institui\u00e7\u00e3o em todo o estado devem fazer a matr\u00edcula institucional entre os dias 4 e 8 de fevereiro, atrav\u00e9s do&nbsp;<a href=\"https:\/\/sigpreg.uespi.br\/matriculasisu\/index.php?_gl=1*j59zyc*_ga*MjU1OTc2NzkxLjE3Njk2OTAzNDU.*_ga_1EWD7G0X5J*czE3Njk2OTAzNDQkbzEkZzEkdDE3Njk2OTAzNDckajU3JGwwJGgw*_ga_Y2383RKPVD*czE3Njk2OTAzNDQkbzEkZzEkdDE3Njk2OTAzNDckajU3JGwwJGgw\">site<\/a>. O sistema ficar\u00e1 dispon\u00edvel a partir das 14h do dia 4 at\u00e9 \u00e0s 23 horas e 59 minutos do dia 10 de fevereiro.<\/p>\n\n\n\n<figure class=\"wp-block-image size-full\"><img fetchpriority=\"high\" decoding=\"async\" width=\"768\" height=\"621\" src=\"https:\/\/noticiaempauta.com\/portal\/wp-content\/uploads\/2026\/01\/Design-sem-nome-4-768x960-1.webp\" alt=\"\" class=\"wp-image-284452\" srcset=\"https:\/\/noticiaempauta.com\/portal\/wp-content\/uploads\/2026\/01\/Design-sem-nome-4-768x960-1.webp 768w, https:\/\/noticiaempauta.com\/portal\/wp-content\/uploads\/2026\/01\/Design-sem-nome-4-768x960-1-300x243.webp 300w\" sizes=\"(max-width: 768px) 100vw, 768px\" \/><figcaption class=\"wp-element-caption\"><em>Foto: Danilo Kelvin (Ascom Uespi)<\/em><\/figcaption><\/figure>\n\n\n\n<p>\u201cA Uespi tem passado por uma transforma\u00e7\u00e3o muito importante na gest\u00e3o do governador Rafael Fonteles, inicialmente com investimentos em infraestrutura. Agora, esse avan\u00e7o se reflete tamb\u00e9m nos cursos de licenciatura, gradua\u00e7\u00e3o e p\u00f3s-gradua\u00e7\u00e3o. Neste momento, estamos ofertando 4.260 vagas no SiSU para 105 cursos. A Uespi \u00e9 a institui\u00e7\u00e3o p\u00fablica do Piau\u00ed com a maior quantidade de cursos ofertados, abrangendo desde Parna\u00edba at\u00e9 Corrente, fortalecendo o ensino superior em todo o estado\u201d, destaca o pr\u00f3-reitor de Ensino de Gradua\u00e7\u00e3o da Uespi, Arnaldo Brito.<\/p>\n\n\n\n<p>Com a divulga\u00e7\u00e3o do resultado do SiSU 2026, os candidatos aprovados devem ficar atentos ao cronograma e \u00e0s etapas do processo de matr\u00edcula. Todo o procedimento ser\u00e1 realizado de forma online, conforme orienta a diretora do Departamento de Matr\u00edcula da Uespi, Ad\u00e9lia Leal. \u201cO candidato deve acessar o sistema indicado no edital, no endere\u00e7o&nbsp;<a href=\"https:\/\/sigpreg.uespi.br\/index.php\">sigpreg.espen.br<\/a>, na op\u00e7\u00e3o Matr\u00edculas SiSU. \u00c9 nesse ambiente que ele vai realizar a matr\u00edcula institucional e anexar toda a documenta\u00e7\u00e3o exigida\u201d, explica Ad\u00e9lia Leal.<\/p>\n\n\n\n<p>Sobre a documenta\u00e7\u00e3o exigida, a diretora do Departamento de Matr\u00edcula informa que s\u00e3o solicitados documentos b\u00e1sicos, como CPF, RG, foto 3\u00d74, certificado de conclus\u00e3o do ensino m\u00e9dio e hist\u00f3rico escolar, devidamente chancelados pela Secretaria da Educa\u00e7\u00e3o.<\/p>\n\n\n\n<p>Ad\u00e9lia Leal destaca ainda que os candidatos que conclu\u00edram o ensino m\u00e9dio em 2024 ou 2025 e que ainda n\u00e3o tenham recebido o certificado definitivo poder\u00e3o apresentar uma declara\u00e7\u00e3o provis\u00f3ria da escola, assinada pelo diretor da unidade de ensino.<\/p>\n\n\n\n<p>Tamb\u00e9m \u00e9 obrigat\u00f3ria a apresenta\u00e7\u00e3o da quita\u00e7\u00e3o com o servi\u00e7o militar para candidatos do sexo masculino e da quita\u00e7\u00e3o eleitoral para todos os candidatos. A quita\u00e7\u00e3o eleitoral pode ser emitida no site do Tribunal Superior Eleitoral, com link disponibilizado no edital do SiSU 2026.&nbsp;Para os estudantes que concorreram pelo sistema de cotas, ser\u00e1 exigida ainda a documenta\u00e7\u00e3o espec\u00edfica de comprova\u00e7\u00e3o de renda familiar.<\/p>\n\n\n\n<p><strong>Matr\u00edcula curricular<\/strong><\/p>\n\n\n\n<p>Ap\u00f3s a matr\u00edcula institucional, a Uespi dar\u00e1 in\u00edcio \u00e0 matr\u00edcula curricular, que \u00e9 a etapa em que o estudante passa a ter acesso \u00e0s disciplinas do primeiro bloco do curso. Essa fase ocorrer\u00e1 entre os dias 23 e 27 de fevereiro.<\/p>\n\n\n\n<p>\u201cAp\u00f3s o resultado do SiSU, o aluno j\u00e1 sabe qual campus e qual curso escolheu. Na semana seguinte, ele acessa o site da Uespi e realiza a matr\u00edcula institucional, que \u00e9 o v\u00ednculo dele com a institui\u00e7\u00e3o. Depois disso, ele recebe um e-mail confirmando a matr\u00edcula e com orienta\u00e7\u00f5es passo a passo para fazer a matr\u00edcula curricular, que \u00e9 no curso escolhido. Primeiro a matr\u00edcula institucional, depois a matr\u00edcula curricular. Conclu\u00eddas essas etapas, o aluno j\u00e1 inicia as aulas, a partir do dia 2 de mar\u00e7o\u201d, explica o pr\u00f3-reitor Arnaldo Brito.<\/p>\n\n\n\n<p><strong>Lista de Espera<\/strong><\/p>\n\n\n\n<p>Em rela\u00e7\u00e3o \u00e0 lista de espera, a diretora Ad\u00e9lia Leal informa que as novas convoca\u00e7\u00f5es ocorrer\u00e3o somente ap\u00f3s o encerramento da matr\u00edcula curricular da chamada regular. \u201cAs convoca\u00e7\u00f5es da lista de espera v\u00e3o ocorrer ap\u00f3s o dia 27 de fevereiro, j\u00e1 no m\u00eas de mar\u00e7o, quando faremos o levantamento das vagas ociosas da primeira chamada\u201d, esclarece.<\/p>\n\n\n\n<p>Fonte: Governo do Piau\u00ed<\/p>\n","protected":false},"excerpt":{"rendered":"<p>Os 4.260 estudantes aprovados para a Universidade Estadual do Piau\u00ed (Uespi), selecionados por meio do Sistema de Sele\u00e7\u00e3o Unificada (SiSU 2026), para os 105 cursos presenciais nos 12 campi da institui\u00e7\u00e3o em todo o estado devem fazer a matr\u00edcula institucional entre os dias 4 e 8 de fevereiro, atrav\u00e9s do&nbsp;site. O sistema ficar\u00e1 dispon\u00edvel a [&hellip;]<\/p>\n","protected":false},"author":2,"featured_media":284452,"comment_status":"closed","ping_status":"closed","sticky":false,"template":"","format":"standard","meta":{"_mi_skip_tracking":false,"footnotes":""},"categories":[25,1,16],"tags":[192],"class_list":["post-284451","post","type-post","status-publish","format-standard","has-post-thumbnail","hentry","category-destaques-site","category-geral","category-todas","tag-destaqueprincipal"],"acf":[],"yoast_head":"<!-- This site is optimized with the Yoast SEO Premium plugin v19.2 (Yoast SEO v26.9) - https:\/\/yoast.com\/product\/yoast-seo-premium-wordpress\/ -->\n<title>SISU: estudantes aprovados na Uespi devem fazer matr\u00edcula institucional entre os dias 4 e 8 de fevereiro - Portal Not\u00edcia em Pauta<\/title>\n<meta name=\"robots\" content=\"index, follow, max-snippet:-1, max-image-preview:large, max-video-preview:-1\" \/>\n<link rel=\"canonical\" href=\"https:\/\/noticiaempauta.com\/portal\/sisu-estudantes-aprovados-na-uespi-devem-fazer-matricula-institucional-entre-os-dias-4-e-8-de-fevereiro\/\" \/>\n<meta property=\"og:locale\" content=\"pt_BR\" \/>\n<meta property=\"og:type\" content=\"article\" \/>\n<meta property=\"og:title\" content=\"SISU: estudantes aprovados na Uespi devem fazer matr\u00edcula institucional entre os dias 4 e 8 de fevereiro\" \/>\n<meta property=\"og:description\" content=\"Os 4.260 estudantes aprovados para a Universidade Estadual do Piau\u00ed (Uespi), selecionados por meio do Sistema de Sele\u00e7\u00e3o Unificada (SiSU 2026), para os 105 cursos presenciais nos 12 campi da institui\u00e7\u00e3o em todo o estado devem fazer a matr\u00edcula institucional entre os dias 4 e 8 de fevereiro, atrav\u00e9s do&nbsp;site. O sistema ficar\u00e1 dispon\u00edvel a [&hellip;]\" \/>\n<meta property=\"og:url\" content=\"https:\/\/noticiaempauta.com\/portal\/sisu-estudantes-aprovados-na-uespi-devem-fazer-matricula-institucional-entre-os-dias-4-e-8-de-fevereiro\/\" \/>\n<meta property=\"og:site_name\" content=\"Portal Not\u00edcia em Pauta\" \/>\n<meta property=\"article:publisher\" content=\"https:\/\/www.facebook.com\/Portal-Notcia-Em-Pauta-102292869264820\/\" \/>\n<meta property=\"article:published_time\" content=\"2026-01-30T11:47:35+00:00\" \/>\n<meta property=\"article:modified_time\" content=\"2026-01-30T11:47:37+00:00\" \/>\n<meta property=\"og:image\" content=\"https:\/\/noticiaempauta.com\/portal\/wp-content\/uploads\/2026\/01\/Design-sem-nome-4-768x960-1.webp\" \/>\n\t<meta property=\"og:image:width\" content=\"768\" \/>\n\t<meta property=\"og:image:height\" content=\"621\" \/>\n\t<meta property=\"og:image:type\" content=\"image\/webp\" \/>\n<meta name=\"author\" content=\"Reda\u00e7\u00e3o\" \/>\n<meta name=\"twitter:card\" content=\"summary_large_image\" \/>\n<meta name=\"twitter:label1\" content=\"Escrito por\" \/>\n\t<meta name=\"twitter:data1\" content=\"Reda\u00e7\u00e3o\" \/>\n\t<meta name=\"twitter:label2\" content=\"Est. tempo de leitura\" \/>\n\t<meta name=\"twitter:data2\" content=\"4 minutos\" \/>\n<script type=\"application\/ld+json\" class=\"yoast-schema-graph\">{\"@context\":\"https:\/\/schema.org\",\"@graph\":[{\"@type\":\"Article\",\"@id\":\"https:\/\/noticiaempauta.com\/portal\/sisu-estudantes-aprovados-na-uespi-devem-fazer-matricula-institucional-entre-os-dias-4-e-8-de-fevereiro\/#article\",\"isPartOf\":{\"@id\":\"https:\/\/noticiaempauta.com\/portal\/sisu-estudantes-aprovados-na-uespi-devem-fazer-matricula-institucional-entre-os-dias-4-e-8-de-fevereiro\/\"},\"author\":{\"name\":\"Reda\u00e7\u00e3o\",\"@id\":\"https:\/\/noticiaempauta.com\/portal\/#\/schema\/person\/a74af43dd1ab3deca45f988c717d57ac\"},\"headline\":\"SISU: estudantes aprovados na Uespi devem fazer matr\u00edcula institucional entre os dias 4 e 8 de fevereiro\",\"datePublished\":\"2026-01-30T11:47:35+00:00\",\"dateModified\":\"2026-01-30T11:47:37+00:00\",\"mainEntityOfPage\":{\"@id\":\"https:\/\/noticiaempauta.com\/portal\/sisu-estudantes-aprovados-na-uespi-devem-fazer-matricula-institucional-entre-os-dias-4-e-8-de-fevereiro\/\"},\"wordCount\":648,\"publisher\":{\"@id\":\"https:\/\/noticiaempauta.com\/portal\/#organization\"},\"image\":{\"@id\":\"https:\/\/noticiaempauta.com\/portal\/sisu-estudantes-aprovados-na-uespi-devem-fazer-matricula-institucional-entre-os-dias-4-e-8-de-fevereiro\/#primaryimage\"},\"thumbnailUrl\":\"https:\/\/noticiaempauta.com\/portal\/wp-content\/uploads\/2026\/01\/Design-sem-nome-4-768x960-1.webp\",\"keywords\":[\"destaqueprincipal\"],\"articleSection\":[\"Destaques\",\"Geral\",\"Todas as Not\u00edcias\"],\"inLanguage\":\"pt-BR\"},{\"@type\":\"WebPage\",\"@id\":\"https:\/\/noticiaempauta.com\/portal\/sisu-estudantes-aprovados-na-uespi-devem-fazer-matricula-institucional-entre-os-dias-4-e-8-de-fevereiro\/\",\"url\":\"https:\/\/noticiaempauta.com\/portal\/sisu-estudantes-aprovados-na-uespi-devem-fazer-matricula-institucional-entre-os-dias-4-e-8-de-fevereiro\/\",\"name\":\"SISU: estudantes aprovados na Uespi devem fazer matr\u00edcula institucional entre os dias 4 e 8 de fevereiro - Portal Not\u00edcia em Pauta\",\"isPartOf\":{\"@id\":\"https:\/\/noticiaempauta.com\/portal\/#website\"},\"primaryImageOfPage\":{\"@id\":\"https:\/\/noticiaempauta.com\/portal\/sisu-estudantes-aprovados-na-uespi-devem-fazer-matricula-institucional-entre-os-dias-4-e-8-de-fevereiro\/#primaryimage\"},\"image\":{\"@id\":\"https:\/\/noticiaempauta.com\/portal\/sisu-estudantes-aprovados-na-uespi-devem-fazer-matricula-institucional-entre-os-dias-4-e-8-de-fevereiro\/#primaryimage\"},\"thumbnailUrl\":\"https:\/\/noticiaempauta.com\/portal\/wp-content\/uploads\/2026\/01\/Design-sem-nome-4-768x960-1.webp\",\"datePublished\":\"2026-01-30T11:47:35+00:00\",\"dateModified\":\"2026-01-30T11:47:37+00:00\",\"breadcrumb\":{\"@id\":\"https:\/\/noticiaempauta.com\/portal\/sisu-estudantes-aprovados-na-uespi-devem-fazer-matricula-institucional-entre-os-dias-4-e-8-de-fevereiro\/#breadcrumb\"},\"inLanguage\":\"pt-BR\",\"potentialAction\":[{\"@type\":\"ReadAction\",\"target\":[\"https:\/\/noticiaempauta.com\/portal\/sisu-estudantes-aprovados-na-uespi-devem-fazer-matricula-institucional-entre-os-dias-4-e-8-de-fevereiro\/\"]}]},{\"@type\":\"ImageObject\",\"inLanguage\":\"pt-BR\",\"@id\":\"https:\/\/noticiaempauta.com\/portal\/sisu-estudantes-aprovados-na-uespi-devem-fazer-matricula-institucional-entre-os-dias-4-e-8-de-fevereiro\/#primaryimage\",\"url\":\"https:\/\/noticiaempauta.com\/portal\/wp-content\/uploads\/2026\/01\/Design-sem-nome-4-768x960-1.webp\",\"contentUrl\":\"https:\/\/noticiaempauta.com\/portal\/wp-content\/uploads\/2026\/01\/Design-sem-nome-4-768x960-1.webp\",\"width\":768,\"height\":621},{\"@type\":\"BreadcrumbList\",\"@id\":\"https:\/\/noticiaempauta.com\/portal\/sisu-estudantes-aprovados-na-uespi-devem-fazer-matricula-institucional-entre-os-dias-4-e-8-de-fevereiro\/#breadcrumb\",\"itemListElement\":[{\"@type\":\"ListItem\",\"position\":1,\"name\":\"P\u00e1gina Inicial\",\"item\":\"https:\/\/noticiaempauta.com\/portal\/\"},{\"@type\":\"ListItem\",\"position\":2,\"name\":\"Destaques\",\"item\":\"https:\/\/noticiaempauta.com\/portal\/destaques-site\/\"},{\"@type\":\"ListItem\",\"position\":3,\"name\":\"SISU: estudantes aprovados na Uespi devem fazer matr\u00edcula institucional entre os dias 4 e 8 de fevereiro\"}]},{\"@type\":\"WebSite\",\"@id\":\"https:\/\/noticiaempauta.com\/portal\/#website\",\"url\":\"https:\/\/noticiaempauta.com\/portal\/\",\"name\":\"Portal Not\u00edcia em Pauta\",\"description\":\"Voc\u00ea bem informado\",\"publisher\":{\"@id\":\"https:\/\/noticiaempauta.com\/portal\/#organization\"},\"potentialAction\":[{\"@type\":\"SearchAction\",\"target\":{\"@type\":\"EntryPoint\",\"urlTemplate\":\"https:\/\/noticiaempauta.com\/portal\/?s={search_term_string}\"},\"query-input\":{\"@type\":\"PropertyValueSpecification\",\"valueRequired\":true,\"valueName\":\"search_term_string\"}}],\"inLanguage\":\"pt-BR\"},{\"@type\":\"Organization\",\"@id\":\"https:\/\/noticiaempauta.com\/portal\/#organization\",\"name\":\"Portal Not\u00edcia em Pauta\",\"url\":\"https:\/\/noticiaempauta.com\/portal\/\",\"logo\":{\"@type\":\"ImageObject\",\"inLanguage\":\"pt-BR\",\"@id\":\"https:\/\/noticiaempauta.com\/portal\/#\/schema\/logo\/image\/\",\"url\":\"https:\/\/noticiaempauta.com\/portal\/wp-content\/uploads\/2022\/08\/logomarca_tema.fw_.png\",\"contentUrl\":\"https:\/\/noticiaempauta.com\/portal\/wp-content\/uploads\/2022\/08\/logomarca_tema.fw_.png\",\"width\":400,\"height\":232,\"caption\":\"Portal Not\u00edcia em Pauta\"},\"image\":{\"@id\":\"https:\/\/noticiaempauta.com\/portal\/#\/schema\/logo\/image\/\"},\"sameAs\":[\"https:\/\/www.facebook.com\/Portal-Notcia-Em-Pauta-102292869264820\/\",\"https:\/\/www.instagram.com\/portalnoticiaempauta\/\"]},{\"@type\":\"Person\",\"@id\":\"https:\/\/noticiaempauta.com\/portal\/#\/schema\/person\/a74af43dd1ab3deca45f988c717d57ac\",\"name\":\"Reda\u00e7\u00e3o\",\"image\":{\"@type\":\"ImageObject\",\"inLanguage\":\"pt-BR\",\"@id\":\"https:\/\/noticiaempauta.com\/portal\/#\/schema\/person\/image\/\",\"url\":\"https:\/\/secure.gravatar.com\/avatar\/03179346ecce6cdfc13361603e8f54242a90e5cde8618fa23c5c00aa2b0aadf3?s=96&d=mm&r=g\",\"contentUrl\":\"https:\/\/secure.gravatar.com\/avatar\/03179346ecce6cdfc13361603e8f54242a90e5cde8618fa23c5c00aa2b0aadf3?s=96&d=mm&r=g\",\"caption\":\"Reda\u00e7\u00e3o\"},\"sameAs\":[\"https:\/\/noticiaempauta.com\/portal\/\"],\"url\":\"https:\/\/noticiaempauta.com\/portal\/author\/fernando\/\"}]}<\/script>\n<!-- \/ Yoast SEO Premium plugin. -->","yoast_head_json":{"title":"SISU: estudantes aprovados na Uespi devem fazer matr\u00edcula institucional entre os dias 4 e 8 de fevereiro - Portal Not\u00edcia em Pauta","robots":{"index":"index","follow":"follow","max-snippet":"max-snippet:-1","max-image-preview":"max-image-preview:large","max-video-preview":"max-video-preview:-1"},"canonical":"https:\/\/noticiaempauta.com\/portal\/sisu-estudantes-aprovados-na-uespi-devem-fazer-matricula-institucional-entre-os-dias-4-e-8-de-fevereiro\/","og_locale":"pt_BR","og_type":"article","og_title":"SISU: estudantes aprovados na Uespi devem fazer matr\u00edcula institucional entre os dias 4 e 8 de fevereiro","og_description":"Os 4.260 estudantes aprovados para a Universidade Estadual do Piau\u00ed (Uespi), selecionados por meio do Sistema de Sele\u00e7\u00e3o Unificada (SiSU 2026), para os 105 cursos presenciais nos 12 campi da institui\u00e7\u00e3o em todo o estado devem fazer a matr\u00edcula institucional entre os dias 4 e 8 de fevereiro, atrav\u00e9s do&nbsp;site. O sistema ficar\u00e1 dispon\u00edvel a [&hellip;]","og_url":"https:\/\/noticiaempauta.com\/portal\/sisu-estudantes-aprovados-na-uespi-devem-fazer-matricula-institucional-entre-os-dias-4-e-8-de-fevereiro\/","og_site_name":"Portal Not\u00edcia em Pauta","article_publisher":"https:\/\/www.facebook.com\/Portal-Notcia-Em-Pauta-102292869264820\/","article_published_time":"2026-01-30T11:47:35+00:00","article_modified_time":"2026-01-30T11:47:37+00:00","og_image":[{"width":768,"height":621,"url":"https:\/\/noticiaempauta.com\/portal\/wp-content\/uploads\/2026\/01\/Design-sem-nome-4-768x960-1.webp","type":"image\/webp"}],"author":"Reda\u00e7\u00e3o","twitter_card":"summary_large_image","twitter_misc":{"Escrito por":"Reda\u00e7\u00e3o","Est. tempo de leitura":"4 minutos"},"schema":{"@context":"https:\/\/schema.org","@graph":[{"@type":"Article","@id":"https:\/\/noticiaempauta.com\/portal\/sisu-estudantes-aprovados-na-uespi-devem-fazer-matricula-institucional-entre-os-dias-4-e-8-de-fevereiro\/#article","isPartOf":{"@id":"https:\/\/noticiaempauta.com\/portal\/sisu-estudantes-aprovados-na-uespi-devem-fazer-matricula-institucional-entre-os-dias-4-e-8-de-fevereiro\/"},"author":{"name":"Reda\u00e7\u00e3o","@id":"https:\/\/noticiaempauta.com\/portal\/#\/schema\/person\/a74af43dd1ab3deca45f988c717d57ac"},"headline":"SISU: estudantes aprovados na Uespi devem fazer matr\u00edcula institucional entre os dias 4 e 8 de fevereiro","datePublished":"2026-01-30T11:47:35+00:00","dateModified":"2026-01-30T11:47:37+00:00","mainEntityOfPage":{"@id":"https:\/\/noticiaempauta.com\/portal\/sisu-estudantes-aprovados-na-uespi-devem-fazer-matricula-institucional-entre-os-dias-4-e-8-de-fevereiro\/"},"wordCount":648,"publisher":{"@id":"https:\/\/noticiaempauta.com\/portal\/#organization"},"image":{"@id":"https:\/\/noticiaempauta.com\/portal\/sisu-estudantes-aprovados-na-uespi-devem-fazer-matricula-institucional-entre-os-dias-4-e-8-de-fevereiro\/#primaryimage"},"thumbnailUrl":"https:\/\/noticiaempauta.com\/portal\/wp-content\/uploads\/2026\/01\/Design-sem-nome-4-768x960-1.webp","keywords":["destaqueprincipal"],"articleSection":["Destaques","Geral","Todas as Not\u00edcias"],"inLanguage":"pt-BR"},{"@type":"WebPage","@id":"https:\/\/noticiaempauta.com\/portal\/sisu-estudantes-aprovados-na-uespi-devem-fazer-matricula-institucional-entre-os-dias-4-e-8-de-fevereiro\/","url":"https:\/\/noticiaempauta.com\/portal\/sisu-estudantes-aprovados-na-uespi-devem-fazer-matricula-institucional-entre-os-dias-4-e-8-de-fevereiro\/","name":"SISU: estudantes aprovados na Uespi devem fazer matr\u00edcula institucional entre os dias 4 e 8 de fevereiro - Portal Not\u00edcia em Pauta","isPartOf":{"@id":"https:\/\/noticiaempauta.com\/portal\/#website"},"primaryImageOfPage":{"@id":"https:\/\/noticiaempauta.com\/portal\/sisu-estudantes-aprovados-na-uespi-devem-fazer-matricula-institucional-entre-os-dias-4-e-8-de-fevereiro\/#primaryimage"},"image":{"@id":"https:\/\/noticiaempauta.com\/portal\/sisu-estudantes-aprovados-na-uespi-devem-fazer-matricula-institucional-entre-os-dias-4-e-8-de-fevereiro\/#primaryimage"},"thumbnailUrl":"https:\/\/noticiaempauta.com\/portal\/wp-content\/uploads\/2026\/01\/Design-sem-nome-4-768x960-1.webp","datePublished":"2026-01-30T11:47:35+00:00","dateModified":"2026-01-30T11:47:37+00:00","breadcrumb":{"@id":"https:\/\/noticiaempauta.com\/portal\/sisu-estudantes-aprovados-na-uespi-devem-fazer-matricula-institucional-entre-os-dias-4-e-8-de-fevereiro\/#breadcrumb"},"inLanguage":"pt-BR","potentialAction":[{"@type":"ReadAction","target":["https:\/\/noticiaempauta.com\/portal\/sisu-estudantes-aprovados-na-uespi-devem-fazer-matricula-institucional-entre-os-dias-4-e-8-de-fevereiro\/"]}]},{"@type":"ImageObject","inLanguage":"pt-BR","@id":"https:\/\/noticiaempauta.com\/portal\/sisu-estudantes-aprovados-na-uespi-devem-fazer-matricula-institucional-entre-os-dias-4-e-8-de-fevereiro\/#primaryimage","url":"https:\/\/noticiaempauta.com\/portal\/wp-content\/uploads\/2026\/01\/Design-sem-nome-4-768x960-1.webp","contentUrl":"https:\/\/noticiaempauta.com\/portal\/wp-content\/uploads\/2026\/01\/Design-sem-nome-4-768x960-1.webp","width":768,"height":621},{"@type":"BreadcrumbList","@id":"https:\/\/noticiaempauta.com\/portal\/sisu-estudantes-aprovados-na-uespi-devem-fazer-matricula-institucional-entre-os-dias-4-e-8-de-fevereiro\/#breadcrumb","itemListElement":[{"@type":"ListItem","position":1,"name":"P\u00e1gina Inicial","item":"https:\/\/noticiaempauta.com\/portal\/"},{"@type":"ListItem","position":2,"name":"Destaques","item":"https:\/\/noticiaempauta.com\/portal\/destaques-site\/"},{"@type":"ListItem","position":3,"name":"SISU: estudantes aprovados na Uespi devem fazer matr\u00edcula institucional entre os dias 4 e 8 de fevereiro"}]},{"@type":"WebSite","@id":"https:\/\/noticiaempauta.com\/portal\/#website","url":"https:\/\/noticiaempauta.com\/portal\/","name":"Portal Not\u00edcia em Pauta","description":"Voc\u00ea bem informado","publisher":{"@id":"https:\/\/noticiaempauta.com\/portal\/#organization"},"potentialAction":[{"@type":"SearchAction","target":{"@type":"EntryPoint","urlTemplate":"https:\/\/noticiaempauta.com\/portal\/?s={search_term_string}"},"query-input":{"@type":"PropertyValueSpecification","valueRequired":true,"valueName":"search_term_string"}}],"inLanguage":"pt-BR"},{"@type":"Organization","@id":"https:\/\/noticiaempauta.com\/portal\/#organization","name":"Portal Not\u00edcia em Pauta","url":"https:\/\/noticiaempauta.com\/portal\/","logo":{"@type":"ImageObject","inLanguage":"pt-BR","@id":"https:\/\/noticiaempauta.com\/portal\/#\/schema\/logo\/image\/","url":"https:\/\/noticiaempauta.com\/portal\/wp-content\/uploads\/2022\/08\/logomarca_tema.fw_.png","contentUrl":"https:\/\/noticiaempauta.com\/portal\/wp-content\/uploads\/2022\/08\/logomarca_tema.fw_.png","width":400,"height":232,"caption":"Portal Not\u00edcia em Pauta"},"image":{"@id":"https:\/\/noticiaempauta.com\/portal\/#\/schema\/logo\/image\/"},"sameAs":["https:\/\/www.facebook.com\/Portal-Notcia-Em-Pauta-102292869264820\/","https:\/\/www.instagram.com\/portalnoticiaempauta\/"]},{"@type":"Person","@id":"https:\/\/noticiaempauta.com\/portal\/#\/schema\/person\/a74af43dd1ab3deca45f988c717d57ac","name":"Reda\u00e7\u00e3o","image":{"@type":"ImageObject","inLanguage":"pt-BR","@id":"https:\/\/noticiaempauta.com\/portal\/#\/schema\/person\/image\/","url":"https:\/\/secure.gravatar.com\/avatar\/03179346ecce6cdfc13361603e8f54242a90e5cde8618fa23c5c00aa2b0aadf3?s=96&d=mm&r=g","contentUrl":"https:\/\/secure.gravatar.com\/avatar\/03179346ecce6cdfc13361603e8f54242a90e5cde8618fa23c5c00aa2b0aadf3?s=96&d=mm&r=g","caption":"Reda\u00e7\u00e3o"},"sameAs":["https:\/\/noticiaempauta.com\/portal\/"],"url":"https:\/\/noticiaempauta.com\/portal\/author\/fernando\/"}]}},"_links":{"self":[{"href":"https:\/\/noticiaempauta.com\/portal\/wp-json\/wp\/v2\/posts\/284451","targetHints":{"allow":["GET"]}}],"collection":[{"href":"https:\/\/noticiaempauta.com\/portal\/wp-json\/wp\/v2\/posts"}],"about":[{"href":"https:\/\/noticiaempauta.com\/portal\/wp-json\/wp\/v2\/types\/post"}],"author":[{"embeddable":true,"href":"https:\/\/noticiaempauta.com\/portal\/wp-json\/wp\/v2\/users\/2"}],"replies":[{"embeddable":true,"href":"https:\/\/noticiaempauta.com\/portal\/wp-json\/wp\/v2\/comments?post=284451"}],"version-history":[{"count":2,"href":"https:\/\/noticiaempauta.com\/portal\/wp-json\/wp\/v2\/posts\/284451\/revisions"}],"predecessor-version":[{"id":284454,"href":"https:\/\/noticiaempauta.com\/portal\/wp-json\/wp\/v2\/posts\/284451\/revisions\/284454"}],"wp:featuredmedia":[{"embeddable":true,"href":"https:\/\/noticiaempauta.com\/portal\/wp-json\/wp\/v2\/media\/284452"}],"wp:attachment":[{"href":"https:\/\/noticiaempauta.com\/portal\/wp-json\/wp\/v2\/media?parent=284451"}],"wp:term":[{"taxonomy":"category","embeddable":true,"href":"https:\/\/noticiaempauta.com\/portal\/wp-json\/wp\/v2\/categories?post=284451"},{"taxonomy":"post_tag","embeddable":true,"href":"https:\/\/noticiaempauta.com\/portal\/wp-json\/wp\/v2\/tags?post=284451"}],"curies":[{"name":"wp","href":"https:\/\/api.w.org\/{rel}","templated":true}]}}