{"id":284455,"date":"2026-01-30T08:49:43","date_gmt":"2026-01-30T11:49:43","guid":{"rendered":"https:\/\/noticiaempauta.com\/portal\/?p=284455"},"modified":"2026-01-30T08:49:45","modified_gmt":"2026-01-30T11:49:45","slug":"julio-arcoverde-anuncia-pesquisa-para-definir-candidato-da-oposicao-ao-governo","status":"publish","type":"post","link":"https:\/\/noticiaempauta.com\/portal\/julio-arcoverde-anuncia-pesquisa-para-definir-candidato-da-oposicao-ao-governo\/","title":{"rendered":"J\u00falio Arcoverde anuncia pesquisa para definir candidato da oposi\u00e7\u00e3o ao governo"},"content":{"rendered":"\n<p>O deputado federal J\u00falio Arcoverde (PP), confirmou a realiza\u00e7\u00e3o de uma pesquisa de opini\u00e3o para definir quem ser\u00e1 o candidato da oposi\u00e7\u00e3o ao governo do Piau\u00ed nas elei\u00e7\u00f5es de 2026. Segundo o parlamentar, o levantamento come\u00e7ou a ser feito na \u00faltima ter\u00e7a-feira e deve ouvir cerca de tr\u00eas mil eleitores em diferentes cidades do estado.<\/p>\n\n\n\n<p>De acordo com J\u00falio Arcoverde, o estudo servir\u00e1 de base para a escolha do nome que representar\u00e1 o grupo pol\u00edtico na disputa pelo Pal\u00e1cio de Karnak. A defini\u00e7\u00e3o deve ocorrer ap\u00f3s o per\u00edodo do Carnaval.<\/p>\n\n\n\n<figure class=\"wp-block-image size-large\"><img fetchpriority=\"high\" decoding=\"async\" width=\"1024\" height=\"682\" src=\"https:\/\/noticiaempauta.com\/portal\/wp-content\/uploads\/2026\/01\/b1d6ad7f-4e3e-43c3-be04-bac9400e5bf7-1024x682.webp\" alt=\"\" class=\"wp-image-284456\" srcset=\"https:\/\/noticiaempauta.com\/portal\/wp-content\/uploads\/2026\/01\/b1d6ad7f-4e3e-43c3-be04-bac9400e5bf7-1024x682.webp 1024w, https:\/\/noticiaempauta.com\/portal\/wp-content\/uploads\/2026\/01\/b1d6ad7f-4e3e-43c3-be04-bac9400e5bf7-300x200.webp 300w, https:\/\/noticiaempauta.com\/portal\/wp-content\/uploads\/2026\/01\/b1d6ad7f-4e3e-43c3-be04-bac9400e5bf7-768x512.webp 768w, https:\/\/noticiaempauta.com\/portal\/wp-content\/uploads\/2026\/01\/b1d6ad7f-4e3e-43c3-be04-bac9400e5bf7-1536x1023.webp 1536w, https:\/\/noticiaempauta.com\/portal\/wp-content\/uploads\/2026\/01\/b1d6ad7f-4e3e-43c3-be04-bac9400e5bf7.webp 1600w\" sizes=\"(max-width: 1024px) 100vw, 1024px\" \/><figcaption class=\"wp-element-caption\"><em>Foto: Renato Andrade\/ Cidade Verde<\/em><\/figcaption><\/figure>\n\n\n\n<p>\u201cN\u00f3s vamos decidir atrav\u00e9s de uma pesquisa quem ser\u00e1 o nosso candidato a governador, ou Joel ou a Margaret. N\u00f3s estamos fazendo uma pesquisa e eu acredito que depois do Carnaval a gente j\u00e1 est\u00e1 com o nome nosso posto \u00e0 rua. O importante \u00e9 que a gente est\u00e1 bem aliado, tivemos uma conversa muito boa e essa uni\u00e3o progressista est\u00e1 funcionando muito bem, criando um corpo forte para a campanha de 2026\u201d, afirmou o deputado.<\/p>\n\n\n\n<p>Durante a entrevista, J\u00falio Arcoverde tamb\u00e9m comentou o cen\u00e1rio da chapa proporcional e disse acreditar em um desempenho expressivo do partido nas elei\u00e7\u00f5es. Ele citou a expectativa de eleger deputados estaduais e federais e refor\u00e7ou a confian\u00e7a no senador Ciro Nogueira. \u201cSempre disse que a nossa chapa faria, com certeza, dois federais e poder\u00edamos brigar pela terceira. A for\u00e7a pol\u00edtica e monet\u00e1ria do governo \u00e9 muito forte, mas n\u00f3s vamos ter uma surpresa muito grande na nossa chapa proporcional e vamos eleger o Ciro Nogueira como o senador mais votado do Piau\u00ed\u201d, declarou.<\/p>\n\n\n\n<h2 class=\"wp-block-heading\"><strong>Pol\u00eamica com F\u00e1bio Novo<\/strong><\/h2>\n\n\n\n<p>O deputado aproveitou para rebater declara\u00e7\u00f5es recentes do presidente estadual do PT, F\u00e1bio Novo, relacionadas ao posicionamento pol\u00edtico do prefeito de Cajueiro da Praia. J\u00falio Arcoverde contestou as afirma\u00e7\u00f5es e disse que n\u00e3o correspondem \u00e0 realidade. \u201cN\u00e3o existe nada disso que o F\u00e1bio falou. O prefeito esteve recentemente com o Ciro, esteve em Cajueiro da Praia, e essas declara\u00e7\u00f5es j\u00e1 foram negadas. As pr\u00f3prias falas do F\u00e1bio est\u00e3o mostrando o momento que ele est\u00e1 passando\u201d, disse o parlamentar.<\/p>\n\n\n\n<p>Segundo J\u00falio Arcoverde, enquanto a base governista enfrenta dificuldades de articula\u00e7\u00e3o, a oposi\u00e7\u00e3o busca organizar o pr\u00f3prio campo pol\u00edtico e avan\u00e7ar no di\u00e1logo com partidos que integram o espectro da direita no estado, com a expectativa de converg\u00eancia no segundo turno das elei\u00e7\u00f5es.<\/p>\n\n\n\n<p>Fonte: Cidade Verde<\/p>\n","protected":false},"excerpt":{"rendered":"<p>O deputado federal J\u00falio Arcoverde (PP), confirmou a realiza\u00e7\u00e3o de uma pesquisa de opini\u00e3o para definir quem ser\u00e1 o candidato da oposi\u00e7\u00e3o ao governo do Piau\u00ed nas elei\u00e7\u00f5es de 2026. Segundo o parlamentar, o levantamento come\u00e7ou a ser feito na \u00faltima ter\u00e7a-feira e deve ouvir cerca de tr\u00eas mil eleitores em diferentes cidades do estado. [&hellip;]<\/p>\n","protected":false},"author":2,"featured_media":284456,"comment_status":"closed","ping_status":"closed","sticky":false,"template":"","format":"standard","meta":{"_mi_skip_tracking":false,"footnotes":""},"categories":[25,1,3,16],"tags":[],"class_list":["post-284455","post","type-post","status-publish","format-standard","has-post-thumbnail","hentry","category-destaques-site","category-geral","category-politica","category-todas"],"acf":[],"yoast_head":"<!-- This site is optimized with the Yoast SEO Premium plugin v19.2 (Yoast SEO v26.9) - https:\/\/yoast.com\/product\/yoast-seo-premium-wordpress\/ -->\n<title>J\u00falio Arcoverde anuncia pesquisa para definir candidato da oposi\u00e7\u00e3o ao governo - Portal Not\u00edcia em Pauta<\/title>\n<meta name=\"robots\" content=\"index, follow, max-snippet:-1, max-image-preview:large, max-video-preview:-1\" \/>\n<link rel=\"canonical\" href=\"https:\/\/noticiaempauta.com\/portal\/julio-arcoverde-anuncia-pesquisa-para-definir-candidato-da-oposicao-ao-governo\/\" \/>\n<meta property=\"og:locale\" content=\"pt_BR\" \/>\n<meta property=\"og:type\" content=\"article\" \/>\n<meta property=\"og:title\" content=\"J\u00falio Arcoverde anuncia pesquisa para definir candidato da oposi\u00e7\u00e3o ao governo\" \/>\n<meta property=\"og:description\" content=\"O deputado federal J\u00falio Arcoverde (PP), confirmou a realiza\u00e7\u00e3o de uma pesquisa de opini\u00e3o para definir quem ser\u00e1 o candidato da oposi\u00e7\u00e3o ao governo do Piau\u00ed nas elei\u00e7\u00f5es de 2026. Segundo o parlamentar, o levantamento come\u00e7ou a ser feito na \u00faltima ter\u00e7a-feira e deve ouvir cerca de tr\u00eas mil eleitores em diferentes cidades do estado. [&hellip;]\" \/>\n<meta property=\"og:url\" content=\"https:\/\/noticiaempauta.com\/portal\/julio-arcoverde-anuncia-pesquisa-para-definir-candidato-da-oposicao-ao-governo\/\" \/>\n<meta property=\"og:site_name\" content=\"Portal Not\u00edcia em Pauta\" \/>\n<meta property=\"article:publisher\" content=\"https:\/\/www.facebook.com\/Portal-Notcia-Em-Pauta-102292869264820\/\" \/>\n<meta property=\"article:published_time\" content=\"2026-01-30T11:49:43+00:00\" \/>\n<meta property=\"article:modified_time\" content=\"2026-01-30T11:49:45+00:00\" \/>\n<meta property=\"og:image\" content=\"https:\/\/noticiaempauta.com\/portal\/wp-content\/uploads\/2026\/01\/b1d6ad7f-4e3e-43c3-be04-bac9400e5bf7.webp\" \/>\n\t<meta property=\"og:image:width\" content=\"1600\" \/>\n\t<meta property=\"og:image:height\" content=\"1066\" \/>\n\t<meta property=\"og:image:type\" content=\"image\/webp\" \/>\n<meta name=\"author\" content=\"Reda\u00e7\u00e3o\" \/>\n<meta name=\"twitter:card\" content=\"summary_large_image\" \/>\n<meta name=\"twitter:label1\" content=\"Escrito por\" \/>\n\t<meta name=\"twitter:data1\" content=\"Reda\u00e7\u00e3o\" \/>\n\t<meta name=\"twitter:label2\" content=\"Est. tempo de leitura\" \/>\n\t<meta name=\"twitter:data2\" content=\"3 minutos\" \/>\n<script type=\"application\/ld+json\" class=\"yoast-schema-graph\">{\"@context\":\"https:\/\/schema.org\",\"@graph\":[{\"@type\":\"Article\",\"@id\":\"https:\/\/noticiaempauta.com\/portal\/julio-arcoverde-anuncia-pesquisa-para-definir-candidato-da-oposicao-ao-governo\/#article\",\"isPartOf\":{\"@id\":\"https:\/\/noticiaempauta.com\/portal\/julio-arcoverde-anuncia-pesquisa-para-definir-candidato-da-oposicao-ao-governo\/\"},\"author\":{\"name\":\"Reda\u00e7\u00e3o\",\"@id\":\"https:\/\/noticiaempauta.com\/portal\/#\/schema\/person\/a74af43dd1ab3deca45f988c717d57ac\"},\"headline\":\"J\u00falio Arcoverde anuncia pesquisa para definir candidato da oposi\u00e7\u00e3o ao governo\",\"datePublished\":\"2026-01-30T11:49:43+00:00\",\"dateModified\":\"2026-01-30T11:49:45+00:00\",\"mainEntityOfPage\":{\"@id\":\"https:\/\/noticiaempauta.com\/portal\/julio-arcoverde-anuncia-pesquisa-para-definir-candidato-da-oposicao-ao-governo\/\"},\"wordCount\":451,\"publisher\":{\"@id\":\"https:\/\/noticiaempauta.com\/portal\/#organization\"},\"image\":{\"@id\":\"https:\/\/noticiaempauta.com\/portal\/julio-arcoverde-anuncia-pesquisa-para-definir-candidato-da-oposicao-ao-governo\/#primaryimage\"},\"thumbnailUrl\":\"https:\/\/noticiaempauta.com\/portal\/wp-content\/uploads\/2026\/01\/b1d6ad7f-4e3e-43c3-be04-bac9400e5bf7.webp\",\"articleSection\":[\"Destaques\",\"Geral\",\"Pol\u00edtica\",\"Todas as Not\u00edcias\"],\"inLanguage\":\"pt-BR\"},{\"@type\":\"WebPage\",\"@id\":\"https:\/\/noticiaempauta.com\/portal\/julio-arcoverde-anuncia-pesquisa-para-definir-candidato-da-oposicao-ao-governo\/\",\"url\":\"https:\/\/noticiaempauta.com\/portal\/julio-arcoverde-anuncia-pesquisa-para-definir-candidato-da-oposicao-ao-governo\/\",\"name\":\"J\u00falio Arcoverde anuncia pesquisa para definir candidato da oposi\u00e7\u00e3o ao governo - Portal Not\u00edcia em Pauta\",\"isPartOf\":{\"@id\":\"https:\/\/noticiaempauta.com\/portal\/#website\"},\"primaryImageOfPage\":{\"@id\":\"https:\/\/noticiaempauta.com\/portal\/julio-arcoverde-anuncia-pesquisa-para-definir-candidato-da-oposicao-ao-governo\/#primaryimage\"},\"image\":{\"@id\":\"https:\/\/noticiaempauta.com\/portal\/julio-arcoverde-anuncia-pesquisa-para-definir-candidato-da-oposicao-ao-governo\/#primaryimage\"},\"thumbnailUrl\":\"https:\/\/noticiaempauta.com\/portal\/wp-content\/uploads\/2026\/01\/b1d6ad7f-4e3e-43c3-be04-bac9400e5bf7.webp\",\"datePublished\":\"2026-01-30T11:49:43+00:00\",\"dateModified\":\"2026-01-30T11:49:45+00:00\",\"breadcrumb\":{\"@id\":\"https:\/\/noticiaempauta.com\/portal\/julio-arcoverde-anuncia-pesquisa-para-definir-candidato-da-oposicao-ao-governo\/#breadcrumb\"},\"inLanguage\":\"pt-BR\",\"potentialAction\":[{\"@type\":\"ReadAction\",\"target\":[\"https:\/\/noticiaempauta.com\/portal\/julio-arcoverde-anuncia-pesquisa-para-definir-candidato-da-oposicao-ao-governo\/\"]}]},{\"@type\":\"ImageObject\",\"inLanguage\":\"pt-BR\",\"@id\":\"https:\/\/noticiaempauta.com\/portal\/julio-arcoverde-anuncia-pesquisa-para-definir-candidato-da-oposicao-ao-governo\/#primaryimage\",\"url\":\"https:\/\/noticiaempauta.com\/portal\/wp-content\/uploads\/2026\/01\/b1d6ad7f-4e3e-43c3-be04-bac9400e5bf7.webp\",\"contentUrl\":\"https:\/\/noticiaempauta.com\/portal\/wp-content\/uploads\/2026\/01\/b1d6ad7f-4e3e-43c3-be04-bac9400e5bf7.webp\",\"width\":1600,\"height\":1066},{\"@type\":\"BreadcrumbList\",\"@id\":\"https:\/\/noticiaempauta.com\/portal\/julio-arcoverde-anuncia-pesquisa-para-definir-candidato-da-oposicao-ao-governo\/#breadcrumb\",\"itemListElement\":[{\"@type\":\"ListItem\",\"position\":1,\"name\":\"P\u00e1gina Inicial\",\"item\":\"https:\/\/noticiaempauta.com\/portal\/\"},{\"@type\":\"ListItem\",\"position\":2,\"name\":\"Destaques\",\"item\":\"https:\/\/noticiaempauta.com\/portal\/destaques-site\/\"},{\"@type\":\"ListItem\",\"position\":3,\"name\":\"J\u00falio Arcoverde anuncia pesquisa para definir candidato da oposi\u00e7\u00e3o ao governo\"}]},{\"@type\":\"WebSite\",\"@id\":\"https:\/\/noticiaempauta.com\/portal\/#website\",\"url\":\"https:\/\/noticiaempauta.com\/portal\/\",\"name\":\"Portal Not\u00edcia em Pauta\",\"description\":\"Voc\u00ea bem informado\",\"publisher\":{\"@id\":\"https:\/\/noticiaempauta.com\/portal\/#organization\"},\"potentialAction\":[{\"@type\":\"SearchAction\",\"target\":{\"@type\":\"EntryPoint\",\"urlTemplate\":\"https:\/\/noticiaempauta.com\/portal\/?s={search_term_string}\"},\"query-input\":{\"@type\":\"PropertyValueSpecification\",\"valueRequired\":true,\"valueName\":\"search_term_string\"}}],\"inLanguage\":\"pt-BR\"},{\"@type\":\"Organization\",\"@id\":\"https:\/\/noticiaempauta.com\/portal\/#organization\",\"name\":\"Portal Not\u00edcia em Pauta\",\"url\":\"https:\/\/noticiaempauta.com\/portal\/\",\"logo\":{\"@type\":\"ImageObject\",\"inLanguage\":\"pt-BR\",\"@id\":\"https:\/\/noticiaempauta.com\/portal\/#\/schema\/logo\/image\/\",\"url\":\"https:\/\/noticiaempauta.com\/portal\/wp-content\/uploads\/2022\/08\/logomarca_tema.fw_.png\",\"contentUrl\":\"https:\/\/noticiaempauta.com\/portal\/wp-content\/uploads\/2022\/08\/logomarca_tema.fw_.png\",\"width\":400,\"height\":232,\"caption\":\"Portal Not\u00edcia em Pauta\"},\"image\":{\"@id\":\"https:\/\/noticiaempauta.com\/portal\/#\/schema\/logo\/image\/\"},\"sameAs\":[\"https:\/\/www.facebook.com\/Portal-Notcia-Em-Pauta-102292869264820\/\",\"https:\/\/www.instagram.com\/portalnoticiaempauta\/\"]},{\"@type\":\"Person\",\"@id\":\"https:\/\/noticiaempauta.com\/portal\/#\/schema\/person\/a74af43dd1ab3deca45f988c717d57ac\",\"name\":\"Reda\u00e7\u00e3o\",\"image\":{\"@type\":\"ImageObject\",\"inLanguage\":\"pt-BR\",\"@id\":\"https:\/\/noticiaempauta.com\/portal\/#\/schema\/person\/image\/\",\"url\":\"https:\/\/secure.gravatar.com\/avatar\/03179346ecce6cdfc13361603e8f54242a90e5cde8618fa23c5c00aa2b0aadf3?s=96&d=mm&r=g\",\"contentUrl\":\"https:\/\/secure.gravatar.com\/avatar\/03179346ecce6cdfc13361603e8f54242a90e5cde8618fa23c5c00aa2b0aadf3?s=96&d=mm&r=g\",\"caption\":\"Reda\u00e7\u00e3o\"},\"sameAs\":[\"https:\/\/noticiaempauta.com\/portal\/\"],\"url\":\"https:\/\/noticiaempauta.com\/portal\/author\/fernando\/\"}]}<\/script>\n<!-- \/ Yoast SEO Premium plugin. -->","yoast_head_json":{"title":"J\u00falio Arcoverde anuncia pesquisa para definir candidato da oposi\u00e7\u00e3o ao governo - Portal Not\u00edcia em Pauta","robots":{"index":"index","follow":"follow","max-snippet":"max-snippet:-1","max-image-preview":"max-image-preview:large","max-video-preview":"max-video-preview:-1"},"canonical":"https:\/\/noticiaempauta.com\/portal\/julio-arcoverde-anuncia-pesquisa-para-definir-candidato-da-oposicao-ao-governo\/","og_locale":"pt_BR","og_type":"article","og_title":"J\u00falio Arcoverde anuncia pesquisa para definir candidato da oposi\u00e7\u00e3o ao governo","og_description":"O deputado federal J\u00falio Arcoverde (PP), confirmou a realiza\u00e7\u00e3o de uma pesquisa de opini\u00e3o para definir quem ser\u00e1 o candidato da oposi\u00e7\u00e3o ao governo do Piau\u00ed nas elei\u00e7\u00f5es de 2026. Segundo o parlamentar, o levantamento come\u00e7ou a ser feito na \u00faltima ter\u00e7a-feira e deve ouvir cerca de tr\u00eas mil eleitores em diferentes cidades do estado. [&hellip;]","og_url":"https:\/\/noticiaempauta.com\/portal\/julio-arcoverde-anuncia-pesquisa-para-definir-candidato-da-oposicao-ao-governo\/","og_site_name":"Portal Not\u00edcia em Pauta","article_publisher":"https:\/\/www.facebook.com\/Portal-Notcia-Em-Pauta-102292869264820\/","article_published_time":"2026-01-30T11:49:43+00:00","article_modified_time":"2026-01-30T11:49:45+00:00","og_image":[{"width":1600,"height":1066,"url":"https:\/\/noticiaempauta.com\/portal\/wp-content\/uploads\/2026\/01\/b1d6ad7f-4e3e-43c3-be04-bac9400e5bf7.webp","type":"image\/webp"}],"author":"Reda\u00e7\u00e3o","twitter_card":"summary_large_image","twitter_misc":{"Escrito por":"Reda\u00e7\u00e3o","Est. tempo de leitura":"3 minutos"},"schema":{"@context":"https:\/\/schema.org","@graph":[{"@type":"Article","@id":"https:\/\/noticiaempauta.com\/portal\/julio-arcoverde-anuncia-pesquisa-para-definir-candidato-da-oposicao-ao-governo\/#article","isPartOf":{"@id":"https:\/\/noticiaempauta.com\/portal\/julio-arcoverde-anuncia-pesquisa-para-definir-candidato-da-oposicao-ao-governo\/"},"author":{"name":"Reda\u00e7\u00e3o","@id":"https:\/\/noticiaempauta.com\/portal\/#\/schema\/person\/a74af43dd1ab3deca45f988c717d57ac"},"headline":"J\u00falio Arcoverde anuncia pesquisa para definir candidato da oposi\u00e7\u00e3o ao governo","datePublished":"2026-01-30T11:49:43+00:00","dateModified":"2026-01-30T11:49:45+00:00","mainEntityOfPage":{"@id":"https:\/\/noticiaempauta.com\/portal\/julio-arcoverde-anuncia-pesquisa-para-definir-candidato-da-oposicao-ao-governo\/"},"wordCount":451,"publisher":{"@id":"https:\/\/noticiaempauta.com\/portal\/#organization"},"image":{"@id":"https:\/\/noticiaempauta.com\/portal\/julio-arcoverde-anuncia-pesquisa-para-definir-candidato-da-oposicao-ao-governo\/#primaryimage"},"thumbnailUrl":"https:\/\/noticiaempauta.com\/portal\/wp-content\/uploads\/2026\/01\/b1d6ad7f-4e3e-43c3-be04-bac9400e5bf7.webp","articleSection":["Destaques","Geral","Pol\u00edtica","Todas as Not\u00edcias"],"inLanguage":"pt-BR"},{"@type":"WebPage","@id":"https:\/\/noticiaempauta.com\/portal\/julio-arcoverde-anuncia-pesquisa-para-definir-candidato-da-oposicao-ao-governo\/","url":"https:\/\/noticiaempauta.com\/portal\/julio-arcoverde-anuncia-pesquisa-para-definir-candidato-da-oposicao-ao-governo\/","name":"J\u00falio Arcoverde anuncia pesquisa para definir candidato da oposi\u00e7\u00e3o ao governo - Portal Not\u00edcia em Pauta","isPartOf":{"@id":"https:\/\/noticiaempauta.com\/portal\/#website"},"primaryImageOfPage":{"@id":"https:\/\/noticiaempauta.com\/portal\/julio-arcoverde-anuncia-pesquisa-para-definir-candidato-da-oposicao-ao-governo\/#primaryimage"},"image":{"@id":"https:\/\/noticiaempauta.com\/portal\/julio-arcoverde-anuncia-pesquisa-para-definir-candidato-da-oposicao-ao-governo\/#primaryimage"},"thumbnailUrl":"https:\/\/noticiaempauta.com\/portal\/wp-content\/uploads\/2026\/01\/b1d6ad7f-4e3e-43c3-be04-bac9400e5bf7.webp","datePublished":"2026-01-30T11:49:43+00:00","dateModified":"2026-01-30T11:49:45+00:00","breadcrumb":{"@id":"https:\/\/noticiaempauta.com\/portal\/julio-arcoverde-anuncia-pesquisa-para-definir-candidato-da-oposicao-ao-governo\/#breadcrumb"},"inLanguage":"pt-BR","potentialAction":[{"@type":"ReadAction","target":["https:\/\/noticiaempauta.com\/portal\/julio-arcoverde-anuncia-pesquisa-para-definir-candidato-da-oposicao-ao-governo\/"]}]},{"@type":"ImageObject","inLanguage":"pt-BR","@id":"https:\/\/noticiaempauta.com\/portal\/julio-arcoverde-anuncia-pesquisa-para-definir-candidato-da-oposicao-ao-governo\/#primaryimage","url":"https:\/\/noticiaempauta.com\/portal\/wp-content\/uploads\/2026\/01\/b1d6ad7f-4e3e-43c3-be04-bac9400e5bf7.webp","contentUrl":"https:\/\/noticiaempauta.com\/portal\/wp-content\/uploads\/2026\/01\/b1d6ad7f-4e3e-43c3-be04-bac9400e5bf7.webp","width":1600,"height":1066},{"@type":"BreadcrumbList","@id":"https:\/\/noticiaempauta.com\/portal\/julio-arcoverde-anuncia-pesquisa-para-definir-candidato-da-oposicao-ao-governo\/#breadcrumb","itemListElement":[{"@type":"ListItem","position":1,"name":"P\u00e1gina Inicial","item":"https:\/\/noticiaempauta.com\/portal\/"},{"@type":"ListItem","position":2,"name":"Destaques","item":"https:\/\/noticiaempauta.com\/portal\/destaques-site\/"},{"@type":"ListItem","position":3,"name":"J\u00falio Arcoverde anuncia pesquisa para definir candidato da oposi\u00e7\u00e3o ao governo"}]},{"@type":"WebSite","@id":"https:\/\/noticiaempauta.com\/portal\/#website","url":"https:\/\/noticiaempauta.com\/portal\/","name":"Portal Not\u00edcia em Pauta","description":"Voc\u00ea bem informado","publisher":{"@id":"https:\/\/noticiaempauta.com\/portal\/#organization"},"potentialAction":[{"@type":"SearchAction","target":{"@type":"EntryPoint","urlTemplate":"https:\/\/noticiaempauta.com\/portal\/?s={search_term_string}"},"query-input":{"@type":"PropertyValueSpecification","valueRequired":true,"valueName":"search_term_string"}}],"inLanguage":"pt-BR"},{"@type":"Organization","@id":"https:\/\/noticiaempauta.com\/portal\/#organization","name":"Portal Not\u00edcia em Pauta","url":"https:\/\/noticiaempauta.com\/portal\/","logo":{"@type":"ImageObject","inLanguage":"pt-BR","@id":"https:\/\/noticiaempauta.com\/portal\/#\/schema\/logo\/image\/","url":"https:\/\/noticiaempauta.com\/portal\/wp-content\/uploads\/2022\/08\/logomarca_tema.fw_.png","contentUrl":"https:\/\/noticiaempauta.com\/portal\/wp-content\/uploads\/2022\/08\/logomarca_tema.fw_.png","width":400,"height":232,"caption":"Portal Not\u00edcia em Pauta"},"image":{"@id":"https:\/\/noticiaempauta.com\/portal\/#\/schema\/logo\/image\/"},"sameAs":["https:\/\/www.facebook.com\/Portal-Notcia-Em-Pauta-102292869264820\/","https:\/\/www.instagram.com\/portalnoticiaempauta\/"]},{"@type":"Person","@id":"https:\/\/noticiaempauta.com\/portal\/#\/schema\/person\/a74af43dd1ab3deca45f988c717d57ac","name":"Reda\u00e7\u00e3o","image":{"@type":"ImageObject","inLanguage":"pt-BR","@id":"https:\/\/noticiaempauta.com\/portal\/#\/schema\/person\/image\/","url":"https:\/\/secure.gravatar.com\/avatar\/03179346ecce6cdfc13361603e8f54242a90e5cde8618fa23c5c00aa2b0aadf3?s=96&d=mm&r=g","contentUrl":"https:\/\/secure.gravatar.com\/avatar\/03179346ecce6cdfc13361603e8f54242a90e5cde8618fa23c5c00aa2b0aadf3?s=96&d=mm&r=g","caption":"Reda\u00e7\u00e3o"},"sameAs":["https:\/\/noticiaempauta.com\/portal\/"],"url":"https:\/\/noticiaempauta.com\/portal\/author\/fernando\/"}]}},"_links":{"self":[{"href":"https:\/\/noticiaempauta.com\/portal\/wp-json\/wp\/v2\/posts\/284455","targetHints":{"allow":["GET"]}}],"collection":[{"href":"https:\/\/noticiaempauta.com\/portal\/wp-json\/wp\/v2\/posts"}],"about":[{"href":"https:\/\/noticiaempauta.com\/portal\/wp-json\/wp\/v2\/types\/post"}],"author":[{"embeddable":true,"href":"https:\/\/noticiaempauta.com\/portal\/wp-json\/wp\/v2\/users\/2"}],"replies":[{"embeddable":true,"href":"https:\/\/noticiaempauta.com\/portal\/wp-json\/wp\/v2\/comments?post=284455"}],"version-history":[{"count":2,"href":"https:\/\/noticiaempauta.com\/portal\/wp-json\/wp\/v2\/posts\/284455\/revisions"}],"predecessor-version":[{"id":284458,"href":"https:\/\/noticiaempauta.com\/portal\/wp-json\/wp\/v2\/posts\/284455\/revisions\/284458"}],"wp:featuredmedia":[{"embeddable":true,"href":"https:\/\/noticiaempauta.com\/portal\/wp-json\/wp\/v2\/media\/284456"}],"wp:attachment":[{"href":"https:\/\/noticiaempauta.com\/portal\/wp-json\/wp\/v2\/media?parent=284455"}],"wp:term":[{"taxonomy":"category","embeddable":true,"href":"https:\/\/noticiaempauta.com\/portal\/wp-json\/wp\/v2\/categories?post=284455"},{"taxonomy":"post_tag","embeddable":true,"href":"https:\/\/noticiaempauta.com\/portal\/wp-json\/wp\/v2\/tags?post=284455"}],"curies":[{"name":"wp","href":"https:\/\/api.w.org\/{rel}","templated":true}]}}