{"id":284461,"date":"2026-01-30T13:13:22","date_gmt":"2026-01-30T16:13:22","guid":{"rendered":"https:\/\/noticiaempauta.com\/portal\/?p=284461"},"modified":"2026-01-30T13:13:23","modified_gmt":"2026-01-30T16:13:23","slug":"prefeitura-de-massape-do-piaui-destaca-acoes-e-avancos-na-assistencia-social-com-mais-de-08-mil-atendimentos-em-2025","status":"publish","type":"post","link":"https:\/\/noticiaempauta.com\/portal\/prefeitura-de-massape-do-piaui-destaca-acoes-e-avancos-na-assistencia-social-com-mais-de-08-mil-atendimentos-em-2025\/","title":{"rendered":"Prefeitura de Massap\u00ea do Piau\u00ed destaca a\u00e7\u00f5es e avan\u00e7os na assist\u00eancia social com mais de 08 mil atendimentos em 2025"},"content":{"rendered":"\n<p>A Prefeitura de Massap\u00ea do Piau\u00ed, por meio da Secretaria Municipal de Assist\u00eancia Social, encerrou o ano de 2025 com resultados expressivos na \u00e1rea social, consolidando a\u00e7\u00f5es que garantem direitos, promovem cidadania e ampliam o cuidado com as fam\u00edlias em situa\u00e7\u00e3o de vulnerabilidade. Ao longo do ano, o Centro de Refer\u00eancia de Assist\u00eancia Social (CRAS) realizou 8.281 atendimentos, abrangendo servi\u00e7os como Cadastro \u00danico, Atendimento Psicossocial e o Programa Crian\u00e7a Feliz (PCF).<\/p>\n\n\n\n<p>Os n\u00fameros refletem o compromisso da gest\u00e3o do prefeito Wilton Coutinho com pol\u00edticas p\u00fablicas eficientes, humanizadas e pr\u00f3ximas da popula\u00e7\u00e3o, fortalecendo a rede de prote\u00e7\u00e3o social no munic\u00edpio.<\/p>\n\n\n\n<figure class=\"wp-block-image size-large\"><img fetchpriority=\"high\" decoding=\"async\" width=\"1024\" height=\"576\" src=\"https:\/\/noticiaempauta.com\/portal\/wp-content\/uploads\/2026\/01\/7c36d7dc-cb17-4b12-a2da-5eccf6919529-1024x576.webp\" alt=\"\" class=\"wp-image-284469\" srcset=\"https:\/\/noticiaempauta.com\/portal\/wp-content\/uploads\/2026\/01\/7c36d7dc-cb17-4b12-a2da-5eccf6919529-1024x576.webp 1024w, https:\/\/noticiaempauta.com\/portal\/wp-content\/uploads\/2026\/01\/7c36d7dc-cb17-4b12-a2da-5eccf6919529-300x169.webp 300w, https:\/\/noticiaempauta.com\/portal\/wp-content\/uploads\/2026\/01\/7c36d7dc-cb17-4b12-a2da-5eccf6919529-768x432.webp 768w, https:\/\/noticiaempauta.com\/portal\/wp-content\/uploads\/2026\/01\/7c36d7dc-cb17-4b12-a2da-5eccf6919529-1536x864.webp 1536w, https:\/\/noticiaempauta.com\/portal\/wp-content\/uploads\/2026\/01\/7c36d7dc-cb17-4b12-a2da-5eccf6919529.webp 1600w\" sizes=\"(max-width: 1024px) 100vw, 1024px\" \/><\/figure>\n\n\n\n<p>Em 2025, o Cadastro \u00danico contabilizou 1.020 atendimentos, sendo 854 atualiza\u00e7\u00f5es cadastrais, 110 novos cadastros e 56 visitas domiciliares. Atualmente, Massap\u00ea do Piau\u00ed possui 1.764 fam\u00edlias cadastradas, das quais 1.037 s\u00e3o benefici\u00e1rias do Programa Bolsa Fam\u00edlia, 746 recebem o Aux\u00edlio G\u00e1s e 1.040 contam com a Tarifa Social de Energia El\u00e9trica, garantindo acesso a benef\u00edcios essenciais.<\/p>\n\n\n\n<figure class=\"wp-block-image size-full\"><img decoding=\"async\" width=\"800\" height=\"600\" src=\"https:\/\/noticiaempauta.com\/portal\/wp-content\/uploads\/2026\/01\/FA-IMG-7a2f16b2eb7b58b4997c.webp\" alt=\"\" class=\"wp-image-284470\" srcset=\"https:\/\/noticiaempauta.com\/portal\/wp-content\/uploads\/2026\/01\/FA-IMG-7a2f16b2eb7b58b4997c.webp 800w, https:\/\/noticiaempauta.com\/portal\/wp-content\/uploads\/2026\/01\/FA-IMG-7a2f16b2eb7b58b4997c-300x225.webp 300w, https:\/\/noticiaempauta.com\/portal\/wp-content\/uploads\/2026\/01\/FA-IMG-7a2f16b2eb7b58b4997c-768x576.webp 768w\" sizes=\"(max-width: 800px) 100vw, 800px\" \/><\/figure>\n\n\n\n<p>O Programa Crian\u00e7a Feliz (PCF) teve papel de destaque, com a realiza\u00e7\u00e3o de 6.529 visitas domiciliares ao longo do ano. As a\u00e7\u00f5es priorizaram o acompanhamento de gestantes, crian\u00e7as de 0 a 3 anos e crian\u00e7as de at\u00e9 6 anos benefici\u00e1rias do BPC, fortalecendo v\u00ednculos familiares e promovendo o desenvolvimento integral na primeira inf\u00e2ncia.<\/p>\n\n\n\n<figure class=\"wp-block-image size-large\"><img decoding=\"async\" width=\"768\" height=\"1024\" src=\"https:\/\/noticiaempauta.com\/portal\/wp-content\/uploads\/2026\/01\/3d6d5abe-32d4-42e7-849a-3c0e12753a94-768x1024.webp\" alt=\"\" class=\"wp-image-284471\" srcset=\"https:\/\/noticiaempauta.com\/portal\/wp-content\/uploads\/2026\/01\/3d6d5abe-32d4-42e7-849a-3c0e12753a94-768x1024.webp 768w, https:\/\/noticiaempauta.com\/portal\/wp-content\/uploads\/2026\/01\/3d6d5abe-32d4-42e7-849a-3c0e12753a94-225x300.webp 225w, https:\/\/noticiaempauta.com\/portal\/wp-content\/uploads\/2026\/01\/3d6d5abe-32d4-42e7-849a-3c0e12753a94.webp 900w\" sizes=\"(max-width: 768px) 100vw, 768px\" \/><\/figure>\n\n\n\n<figure class=\"wp-block-image size-large\"><img loading=\"lazy\" decoding=\"async\" width=\"1024\" height=\"702\" src=\"https:\/\/noticiaempauta.com\/portal\/wp-content\/uploads\/2026\/01\/z38-1024x702.webp\" alt=\"\" class=\"wp-image-284468\" srcset=\"https:\/\/noticiaempauta.com\/portal\/wp-content\/uploads\/2026\/01\/z38-1024x702.webp 1024w, https:\/\/noticiaempauta.com\/portal\/wp-content\/uploads\/2026\/01\/z38-300x206.webp 300w, https:\/\/noticiaempauta.com\/portal\/wp-content\/uploads\/2026\/01\/z38-768x527.webp 768w, https:\/\/noticiaempauta.com\/portal\/wp-content\/uploads\/2026\/01\/z38.webp 1433w\" sizes=\"(max-width: 1024px) 100vw, 1024px\" \/><\/figure>\n\n\n\n<p>O atendimento psicossocial foi desenvolvido de forma integrada por assistentes sociais e psic\u00f3loga, atendendo diversas demandas da popula\u00e7\u00e3o. Entre as a\u00e7\u00f5es, destacam-se encaminhamentos para o Benef\u00edcio de Presta\u00e7\u00e3o Continuada (BPC), emiss\u00e3o de documentos e carteiras como Passe Livre e CIA (Carteira de Identifica\u00e7\u00e3o da Pessoa com Transtorno do Espectro Autista).<\/p>\n\n\n\n<figure class=\"wp-block-image size-large\"><img loading=\"lazy\" decoding=\"async\" width=\"1024\" height=\"768\" src=\"https:\/\/noticiaempauta.com\/portal\/wp-content\/uploads\/2026\/01\/baa007a0-7491-4fc7-90d8-b509cba6058e-1024x768.webp\" alt=\"\" class=\"wp-image-284467\" srcset=\"https:\/\/noticiaempauta.com\/portal\/wp-content\/uploads\/2026\/01\/baa007a0-7491-4fc7-90d8-b509cba6058e-1024x768.webp 1024w, https:\/\/noticiaempauta.com\/portal\/wp-content\/uploads\/2026\/01\/baa007a0-7491-4fc7-90d8-b509cba6058e-300x225.webp 300w, https:\/\/noticiaempauta.com\/portal\/wp-content\/uploads\/2026\/01\/baa007a0-7491-4fc7-90d8-b509cba6058e-768x576.webp 768w, https:\/\/noticiaempauta.com\/portal\/wp-content\/uploads\/2026\/01\/baa007a0-7491-4fc7-90d8-b509cba6058e-1536x1152.webp 1536w, https:\/\/noticiaempauta.com\/portal\/wp-content\/uploads\/2026\/01\/baa007a0-7491-4fc7-90d8-b509cba6058e.webp 1600w\" sizes=\"(max-width: 1024px) 100vw, 1024px\" \/><\/figure>\n\n\n\n<p>Durante o ano, foram concedidos 35 aux\u00edlios natalidade e 9 aux\u00edlios alimenta\u00e7\u00e3o. Atualmente, 57 pessoas recebem o BPC no munic\u00edpio, sendo 53 pessoas com defici\u00eancia e 4 idosos.<\/p>\n\n\n\n<p>O Servi\u00e7o de Conviv\u00eancia e Fortalecimento de V\u00ednculos (SCFV) foi executado em parceria com a Secretaria Municipal de Educa\u00e7\u00e3o, em raz\u00e3o da implanta\u00e7\u00e3o do ensino integral. O servi\u00e7o desenvolveu atividades socioeducativas, oficinas de m\u00fasica e dan\u00e7a, promovendo socializa\u00e7\u00e3o, express\u00e3o cultural e fortalecimento de v\u00ednculos comunit\u00e1rios.<\/p>\n\n\n\n<figure class=\"wp-block-image size-full\"><img loading=\"lazy\" decoding=\"async\" width=\"640\" height=\"427\" src=\"https:\/\/noticiaempauta.com\/portal\/wp-content\/uploads\/2026\/01\/z45.webp\" alt=\"\" class=\"wp-image-284466\" srcset=\"https:\/\/noticiaempauta.com\/portal\/wp-content\/uploads\/2026\/01\/z45.webp 640w, https:\/\/noticiaempauta.com\/portal\/wp-content\/uploads\/2026\/01\/z45-300x200.webp 300w\" sizes=\"(max-width: 640px) 100vw, 640px\" \/><\/figure>\n\n\n\n<p>Ao longo de 2025, a Assist\u00eancia Social promoveu diversas a\u00e7\u00f5es, como a celebra\u00e7\u00e3o do Dia Internacional da Mulher, reuni\u00f5es integradas com a sociedade civil, distribui\u00e7\u00e3o de peixes e macaxeiras na Semana Santa, atividades com gestantes, entrega de kits aos visitadores do PCF e grandes a\u00e7\u00f5es de seguran\u00e7a alimentar.<\/p>\n\n\n\n<figure class=\"wp-block-image size-full\"><img loading=\"lazy\" decoding=\"async\" width=\"640\" height=\"427\" src=\"https:\/\/noticiaempauta.com\/portal\/wp-content\/uploads\/2026\/01\/z19.webp\" alt=\"\" class=\"wp-image-284464\" srcset=\"https:\/\/noticiaempauta.com\/portal\/wp-content\/uploads\/2026\/01\/z19.webp 640w, https:\/\/noticiaempauta.com\/portal\/wp-content\/uploads\/2026\/01\/z19-300x200.webp 300w\" sizes=\"(max-width: 640px) 100vw, 640px\" \/><\/figure>\n\n\n\n<p>Somente em 2025, foram distribu\u00eddas mais de 2 mil cestas b\u00e1sicas, beneficiando fam\u00edlias da zona urbana e rural, com apoio do Minist\u00e9rio do Desenvolvimento e Assist\u00eancia Social e parcerias institucionais.<\/p>\n\n\n\n<figure class=\"wp-block-image size-full\"><img loading=\"lazy\" decoding=\"async\" width=\"640\" height=\"427\" src=\"https:\/\/noticiaempauta.com\/portal\/wp-content\/uploads\/2026\/01\/z216.webp\" alt=\"\" class=\"wp-image-284463\" srcset=\"https:\/\/noticiaempauta.com\/portal\/wp-content\/uploads\/2026\/01\/z216.webp 640w, https:\/\/noticiaempauta.com\/portal\/wp-content\/uploads\/2026\/01\/z216-300x200.webp 300w\" sizes=\"(max-width: 640px) 100vw, 640px\" \/><\/figure>\n\n\n\n<p>Eventos como a Festa do Dia das M\u00e3es, a 13\u00aa Confer\u00eancia Municipal de Assist\u00eancia Social, a\u00e7\u00f5es do Agosto Lil\u00e1s, atividades da Semana do Beb\u00ea, campanhas para crian\u00e7as e a chegada da Carreta do Brasil Antenado tamb\u00e9m marcaram o calend\u00e1rio social do munic\u00edpio.<\/p>\n\n\n\n<figure class=\"wp-block-image size-large\"><img loading=\"lazy\" decoding=\"async\" width=\"1024\" height=\"768\" src=\"https:\/\/noticiaempauta.com\/portal\/wp-content\/uploads\/2026\/01\/24530a9d-cb71-47f6-abd8-3fd29a3fc39f-1024x768.webp\" alt=\"\" class=\"wp-image-284462\" srcset=\"https:\/\/noticiaempauta.com\/portal\/wp-content\/uploads\/2026\/01\/24530a9d-cb71-47f6-abd8-3fd29a3fc39f-1024x768.webp 1024w, https:\/\/noticiaempauta.com\/portal\/wp-content\/uploads\/2026\/01\/24530a9d-cb71-47f6-abd8-3fd29a3fc39f-300x225.webp 300w, https:\/\/noticiaempauta.com\/portal\/wp-content\/uploads\/2026\/01\/24530a9d-cb71-47f6-abd8-3fd29a3fc39f-768x576.webp 768w, https:\/\/noticiaempauta.com\/portal\/wp-content\/uploads\/2026\/01\/24530a9d-cb71-47f6-abd8-3fd29a3fc39f.webp 1280w\" sizes=\"(max-width: 1024px) 100vw, 1024px\" \/><\/figure>\n\n\n\n<p>Outro destaque foi o agendamento de transporte, com a realiza\u00e7\u00e3o de 46 viagens ao longo do ano, assegurando que usu\u00e1rios tivessem acesso a per\u00edcias m\u00e9dicas, avalia\u00e7\u00f5es sociais e demais servi\u00e7os necess\u00e1rios \u00e0 concess\u00e3o de benef\u00edcios, reduzindo barreiras de deslocamento.<\/p>\n\n\n\n<figure class=\"wp-block-image size-large\"><img loading=\"lazy\" decoding=\"async\" width=\"1024\" height=\"768\" src=\"https:\/\/noticiaempauta.com\/portal\/wp-content\/uploads\/2026\/01\/5fbfbb84-9706-487c-a3e7-44085e9e2105-1024x768.webp\" alt=\"\" class=\"wp-image-284465\" srcset=\"https:\/\/noticiaempauta.com\/portal\/wp-content\/uploads\/2026\/01\/5fbfbb84-9706-487c-a3e7-44085e9e2105-1024x768.webp 1024w, https:\/\/noticiaempauta.com\/portal\/wp-content\/uploads\/2026\/01\/5fbfbb84-9706-487c-a3e7-44085e9e2105-300x225.webp 300w, https:\/\/noticiaempauta.com\/portal\/wp-content\/uploads\/2026\/01\/5fbfbb84-9706-487c-a3e7-44085e9e2105-768x576.webp 768w, https:\/\/noticiaempauta.com\/portal\/wp-content\/uploads\/2026\/01\/5fbfbb84-9706-487c-a3e7-44085e9e2105-1536x1152.webp 1536w, https:\/\/noticiaempauta.com\/portal\/wp-content\/uploads\/2026\/01\/5fbfbb84-9706-487c-a3e7-44085e9e2105.webp 1600w\" sizes=\"(max-width: 1024px) 100vw, 1024px\" \/><\/figure>\n\n\n\n<p>Para o prefeito Wilton Coutinho, os resultados demonstram o cuidado da gest\u00e3o com as pessoas.&nbsp;\u201cSeguimos trabalhando para que nenhuma fam\u00edlia fique desassistida. A Assist\u00eancia Social \u00e9 uma prioridade da nossa administra\u00e7\u00e3o, pois \u00e9 por meio dela que garantimos dignidade, inclus\u00e3o e oportunidades para quem mais precisa\u201d, destacou.<\/p>\n\n\n\n<p><strong>Fonte: Folha Atual<\/strong><\/p>\n","protected":false},"excerpt":{"rendered":"<p>A Prefeitura de Massap\u00ea do Piau\u00ed, por meio da Secretaria Municipal de Assist\u00eancia Social, encerrou o ano de 2025 com resultados expressivos na \u00e1rea social, consolidando a\u00e7\u00f5es que garantem direitos, promovem cidadania e ampliam o cuidado com as fam\u00edlias em situa\u00e7\u00e3o de vulnerabilidade. Ao longo do ano, o Centro de Refer\u00eancia de Assist\u00eancia Social (CRAS) [&hellip;]<\/p>\n","protected":false},"author":2,"featured_media":284470,"comment_status":"closed","ping_status":"closed","sticky":false,"template":"","format":"standard","meta":{"_mi_skip_tracking":false,"footnotes":""},"categories":[25,1,9,16],"tags":[],"class_list":["post-284461","post","type-post","status-publish","format-standard","has-post-thumbnail","hentry","category-destaques-site","category-geral","category-municipios","category-todas"],"acf":[],"yoast_head":"<!-- This site is optimized with the Yoast SEO Premium plugin v19.2 (Yoast SEO v26.9) - https:\/\/yoast.com\/product\/yoast-seo-premium-wordpress\/ -->\n<title>Prefeitura de Massap\u00ea do Piau\u00ed destaca a\u00e7\u00f5es e avan\u00e7os na assist\u00eancia social com mais de 08 mil atendimentos em 2025 - Portal Not\u00edcia em Pauta<\/title>\n<meta name=\"robots\" content=\"index, follow, max-snippet:-1, max-image-preview:large, max-video-preview:-1\" \/>\n<link rel=\"canonical\" href=\"https:\/\/noticiaempauta.com\/portal\/prefeitura-de-massape-do-piaui-destaca-acoes-e-avancos-na-assistencia-social-com-mais-de-08-mil-atendimentos-em-2025\/\" \/>\n<meta property=\"og:locale\" content=\"pt_BR\" \/>\n<meta property=\"og:type\" content=\"article\" \/>\n<meta property=\"og:title\" content=\"Prefeitura de Massap\u00ea do Piau\u00ed destaca a\u00e7\u00f5es e avan\u00e7os na assist\u00eancia social com mais de 08 mil atendimentos em 2025\" \/>\n<meta property=\"og:description\" content=\"A Prefeitura de Massap\u00ea do Piau\u00ed, por meio da Secretaria Municipal de Assist\u00eancia Social, encerrou o ano de 2025 com resultados expressivos na \u00e1rea social, consolidando a\u00e7\u00f5es que garantem direitos, promovem cidadania e ampliam o cuidado com as fam\u00edlias em situa\u00e7\u00e3o de vulnerabilidade. Ao longo do ano, o Centro de Refer\u00eancia de Assist\u00eancia Social (CRAS) [&hellip;]\" \/>\n<meta property=\"og:url\" content=\"https:\/\/noticiaempauta.com\/portal\/prefeitura-de-massape-do-piaui-destaca-acoes-e-avancos-na-assistencia-social-com-mais-de-08-mil-atendimentos-em-2025\/\" \/>\n<meta property=\"og:site_name\" content=\"Portal Not\u00edcia em Pauta\" \/>\n<meta property=\"article:publisher\" content=\"https:\/\/www.facebook.com\/Portal-Notcia-Em-Pauta-102292869264820\/\" \/>\n<meta property=\"article:published_time\" content=\"2026-01-30T16:13:22+00:00\" \/>\n<meta property=\"article:modified_time\" content=\"2026-01-30T16:13:23+00:00\" \/>\n<meta property=\"og:image\" content=\"https:\/\/noticiaempauta.com\/portal\/wp-content\/uploads\/2026\/01\/FA-IMG-7a2f16b2eb7b58b4997c.webp\" \/>\n\t<meta property=\"og:image:width\" content=\"800\" \/>\n\t<meta property=\"og:image:height\" content=\"600\" \/>\n\t<meta property=\"og:image:type\" content=\"image\/webp\" \/>\n<meta name=\"author\" content=\"Reda\u00e7\u00e3o\" \/>\n<meta name=\"twitter:card\" content=\"summary_large_image\" \/>\n<meta name=\"twitter:label1\" content=\"Escrito por\" \/>\n\t<meta name=\"twitter:data1\" content=\"Reda\u00e7\u00e3o\" \/>\n\t<meta name=\"twitter:label2\" content=\"Est. tempo de leitura\" \/>\n\t<meta name=\"twitter:data2\" content=\"6 minutos\" \/>\n<script type=\"application\/ld+json\" class=\"yoast-schema-graph\">{\"@context\":\"https:\/\/schema.org\",\"@graph\":[{\"@type\":\"Article\",\"@id\":\"https:\/\/noticiaempauta.com\/portal\/prefeitura-de-massape-do-piaui-destaca-acoes-e-avancos-na-assistencia-social-com-mais-de-08-mil-atendimentos-em-2025\/#article\",\"isPartOf\":{\"@id\":\"https:\/\/noticiaempauta.com\/portal\/prefeitura-de-massape-do-piaui-destaca-acoes-e-avancos-na-assistencia-social-com-mais-de-08-mil-atendimentos-em-2025\/\"},\"author\":{\"name\":\"Reda\u00e7\u00e3o\",\"@id\":\"https:\/\/noticiaempauta.com\/portal\/#\/schema\/person\/a74af43dd1ab3deca45f988c717d57ac\"},\"headline\":\"Prefeitura de Massap\u00ea do Piau\u00ed destaca a\u00e7\u00f5es e avan\u00e7os na assist\u00eancia social com mais de 08 mil atendimentos em 2025\",\"datePublished\":\"2026-01-30T16:13:22+00:00\",\"dateModified\":\"2026-01-30T16:13:23+00:00\",\"mainEntityOfPage\":{\"@id\":\"https:\/\/noticiaempauta.com\/portal\/prefeitura-de-massape-do-piaui-destaca-acoes-e-avancos-na-assistencia-social-com-mais-de-08-mil-atendimentos-em-2025\/\"},\"wordCount\":628,\"publisher\":{\"@id\":\"https:\/\/noticiaempauta.com\/portal\/#organization\"},\"image\":{\"@id\":\"https:\/\/noticiaempauta.com\/portal\/prefeitura-de-massape-do-piaui-destaca-acoes-e-avancos-na-assistencia-social-com-mais-de-08-mil-atendimentos-em-2025\/#primaryimage\"},\"thumbnailUrl\":\"https:\/\/noticiaempauta.com\/portal\/wp-content\/uploads\/2026\/01\/FA-IMG-7a2f16b2eb7b58b4997c.webp\",\"articleSection\":[\"Destaques\",\"Geral\",\"Munic\u00edpios\",\"Todas as Not\u00edcias\"],\"inLanguage\":\"pt-BR\"},{\"@type\":\"WebPage\",\"@id\":\"https:\/\/noticiaempauta.com\/portal\/prefeitura-de-massape-do-piaui-destaca-acoes-e-avancos-na-assistencia-social-com-mais-de-08-mil-atendimentos-em-2025\/\",\"url\":\"https:\/\/noticiaempauta.com\/portal\/prefeitura-de-massape-do-piaui-destaca-acoes-e-avancos-na-assistencia-social-com-mais-de-08-mil-atendimentos-em-2025\/\",\"name\":\"Prefeitura de Massap\u00ea do Piau\u00ed destaca a\u00e7\u00f5es e avan\u00e7os na assist\u00eancia social com mais de 08 mil atendimentos em 2025 - Portal Not\u00edcia em Pauta\",\"isPartOf\":{\"@id\":\"https:\/\/noticiaempauta.com\/portal\/#website\"},\"primaryImageOfPage\":{\"@id\":\"https:\/\/noticiaempauta.com\/portal\/prefeitura-de-massape-do-piaui-destaca-acoes-e-avancos-na-assistencia-social-com-mais-de-08-mil-atendimentos-em-2025\/#primaryimage\"},\"image\":{\"@id\":\"https:\/\/noticiaempauta.com\/portal\/prefeitura-de-massape-do-piaui-destaca-acoes-e-avancos-na-assistencia-social-com-mais-de-08-mil-atendimentos-em-2025\/#primaryimage\"},\"thumbnailUrl\":\"https:\/\/noticiaempauta.com\/portal\/wp-content\/uploads\/2026\/01\/FA-IMG-7a2f16b2eb7b58b4997c.webp\",\"datePublished\":\"2026-01-30T16:13:22+00:00\",\"dateModified\":\"2026-01-30T16:13:23+00:00\",\"breadcrumb\":{\"@id\":\"https:\/\/noticiaempauta.com\/portal\/prefeitura-de-massape-do-piaui-destaca-acoes-e-avancos-na-assistencia-social-com-mais-de-08-mil-atendimentos-em-2025\/#breadcrumb\"},\"inLanguage\":\"pt-BR\",\"potentialAction\":[{\"@type\":\"ReadAction\",\"target\":[\"https:\/\/noticiaempauta.com\/portal\/prefeitura-de-massape-do-piaui-destaca-acoes-e-avancos-na-assistencia-social-com-mais-de-08-mil-atendimentos-em-2025\/\"]}]},{\"@type\":\"ImageObject\",\"inLanguage\":\"pt-BR\",\"@id\":\"https:\/\/noticiaempauta.com\/portal\/prefeitura-de-massape-do-piaui-destaca-acoes-e-avancos-na-assistencia-social-com-mais-de-08-mil-atendimentos-em-2025\/#primaryimage\",\"url\":\"https:\/\/noticiaempauta.com\/portal\/wp-content\/uploads\/2026\/01\/FA-IMG-7a2f16b2eb7b58b4997c.webp\",\"contentUrl\":\"https:\/\/noticiaempauta.com\/portal\/wp-content\/uploads\/2026\/01\/FA-IMG-7a2f16b2eb7b58b4997c.webp\",\"width\":800,\"height\":600},{\"@type\":\"BreadcrumbList\",\"@id\":\"https:\/\/noticiaempauta.com\/portal\/prefeitura-de-massape-do-piaui-destaca-acoes-e-avancos-na-assistencia-social-com-mais-de-08-mil-atendimentos-em-2025\/#breadcrumb\",\"itemListElement\":[{\"@type\":\"ListItem\",\"position\":1,\"name\":\"P\u00e1gina Inicial\",\"item\":\"https:\/\/noticiaempauta.com\/portal\/\"},{\"@type\":\"ListItem\",\"position\":2,\"name\":\"Destaques\",\"item\":\"https:\/\/noticiaempauta.com\/portal\/destaques-site\/\"},{\"@type\":\"ListItem\",\"position\":3,\"name\":\"Prefeitura de Massap\u00ea do Piau\u00ed destaca a\u00e7\u00f5es e avan\u00e7os na assist\u00eancia social com mais de 08 mil atendimentos em 2025\"}]},{\"@type\":\"WebSite\",\"@id\":\"https:\/\/noticiaempauta.com\/portal\/#website\",\"url\":\"https:\/\/noticiaempauta.com\/portal\/\",\"name\":\"Portal Not\u00edcia em Pauta\",\"description\":\"Voc\u00ea bem informado\",\"publisher\":{\"@id\":\"https:\/\/noticiaempauta.com\/portal\/#organization\"},\"potentialAction\":[{\"@type\":\"SearchAction\",\"target\":{\"@type\":\"EntryPoint\",\"urlTemplate\":\"https:\/\/noticiaempauta.com\/portal\/?s={search_term_string}\"},\"query-input\":{\"@type\":\"PropertyValueSpecification\",\"valueRequired\":true,\"valueName\":\"search_term_string\"}}],\"inLanguage\":\"pt-BR\"},{\"@type\":\"Organization\",\"@id\":\"https:\/\/noticiaempauta.com\/portal\/#organization\",\"name\":\"Portal Not\u00edcia em Pauta\",\"url\":\"https:\/\/noticiaempauta.com\/portal\/\",\"logo\":{\"@type\":\"ImageObject\",\"inLanguage\":\"pt-BR\",\"@id\":\"https:\/\/noticiaempauta.com\/portal\/#\/schema\/logo\/image\/\",\"url\":\"https:\/\/noticiaempauta.com\/portal\/wp-content\/uploads\/2022\/08\/logomarca_tema.fw_.png\",\"contentUrl\":\"https:\/\/noticiaempauta.com\/portal\/wp-content\/uploads\/2022\/08\/logomarca_tema.fw_.png\",\"width\":400,\"height\":232,\"caption\":\"Portal Not\u00edcia em Pauta\"},\"image\":{\"@id\":\"https:\/\/noticiaempauta.com\/portal\/#\/schema\/logo\/image\/\"},\"sameAs\":[\"https:\/\/www.facebook.com\/Portal-Notcia-Em-Pauta-102292869264820\/\",\"https:\/\/www.instagram.com\/portalnoticiaempauta\/\"]},{\"@type\":\"Person\",\"@id\":\"https:\/\/noticiaempauta.com\/portal\/#\/schema\/person\/a74af43dd1ab3deca45f988c717d57ac\",\"name\":\"Reda\u00e7\u00e3o\",\"image\":{\"@type\":\"ImageObject\",\"inLanguage\":\"pt-BR\",\"@id\":\"https:\/\/noticiaempauta.com\/portal\/#\/schema\/person\/image\/\",\"url\":\"https:\/\/secure.gravatar.com\/avatar\/03179346ecce6cdfc13361603e8f54242a90e5cde8618fa23c5c00aa2b0aadf3?s=96&d=mm&r=g\",\"contentUrl\":\"https:\/\/secure.gravatar.com\/avatar\/03179346ecce6cdfc13361603e8f54242a90e5cde8618fa23c5c00aa2b0aadf3?s=96&d=mm&r=g\",\"caption\":\"Reda\u00e7\u00e3o\"},\"sameAs\":[\"https:\/\/noticiaempauta.com\/portal\/\"],\"url\":\"https:\/\/noticiaempauta.com\/portal\/author\/fernando\/\"}]}<\/script>\n<!-- \/ Yoast SEO Premium plugin. -->","yoast_head_json":{"title":"Prefeitura de Massap\u00ea do Piau\u00ed destaca a\u00e7\u00f5es e avan\u00e7os na assist\u00eancia social com mais de 08 mil atendimentos em 2025 - Portal Not\u00edcia em Pauta","robots":{"index":"index","follow":"follow","max-snippet":"max-snippet:-1","max-image-preview":"max-image-preview:large","max-video-preview":"max-video-preview:-1"},"canonical":"https:\/\/noticiaempauta.com\/portal\/prefeitura-de-massape-do-piaui-destaca-acoes-e-avancos-na-assistencia-social-com-mais-de-08-mil-atendimentos-em-2025\/","og_locale":"pt_BR","og_type":"article","og_title":"Prefeitura de Massap\u00ea do Piau\u00ed destaca a\u00e7\u00f5es e avan\u00e7os na assist\u00eancia social com mais de 08 mil atendimentos em 2025","og_description":"A Prefeitura de Massap\u00ea do Piau\u00ed, por meio da Secretaria Municipal de Assist\u00eancia Social, encerrou o ano de 2025 com resultados expressivos na \u00e1rea social, consolidando a\u00e7\u00f5es que garantem direitos, promovem cidadania e ampliam o cuidado com as fam\u00edlias em situa\u00e7\u00e3o de vulnerabilidade. Ao longo do ano, o Centro de Refer\u00eancia de Assist\u00eancia Social (CRAS) [&hellip;]","og_url":"https:\/\/noticiaempauta.com\/portal\/prefeitura-de-massape-do-piaui-destaca-acoes-e-avancos-na-assistencia-social-com-mais-de-08-mil-atendimentos-em-2025\/","og_site_name":"Portal Not\u00edcia em Pauta","article_publisher":"https:\/\/www.facebook.com\/Portal-Notcia-Em-Pauta-102292869264820\/","article_published_time":"2026-01-30T16:13:22+00:00","article_modified_time":"2026-01-30T16:13:23+00:00","og_image":[{"width":800,"height":600,"url":"https:\/\/noticiaempauta.com\/portal\/wp-content\/uploads\/2026\/01\/FA-IMG-7a2f16b2eb7b58b4997c.webp","type":"image\/webp"}],"author":"Reda\u00e7\u00e3o","twitter_card":"summary_large_image","twitter_misc":{"Escrito por":"Reda\u00e7\u00e3o","Est. tempo de leitura":"6 minutos"},"schema":{"@context":"https:\/\/schema.org","@graph":[{"@type":"Article","@id":"https:\/\/noticiaempauta.com\/portal\/prefeitura-de-massape-do-piaui-destaca-acoes-e-avancos-na-assistencia-social-com-mais-de-08-mil-atendimentos-em-2025\/#article","isPartOf":{"@id":"https:\/\/noticiaempauta.com\/portal\/prefeitura-de-massape-do-piaui-destaca-acoes-e-avancos-na-assistencia-social-com-mais-de-08-mil-atendimentos-em-2025\/"},"author":{"name":"Reda\u00e7\u00e3o","@id":"https:\/\/noticiaempauta.com\/portal\/#\/schema\/person\/a74af43dd1ab3deca45f988c717d57ac"},"headline":"Prefeitura de Massap\u00ea do Piau\u00ed destaca a\u00e7\u00f5es e avan\u00e7os na assist\u00eancia social com mais de 08 mil atendimentos em 2025","datePublished":"2026-01-30T16:13:22+00:00","dateModified":"2026-01-30T16:13:23+00:00","mainEntityOfPage":{"@id":"https:\/\/noticiaempauta.com\/portal\/prefeitura-de-massape-do-piaui-destaca-acoes-e-avancos-na-assistencia-social-com-mais-de-08-mil-atendimentos-em-2025\/"},"wordCount":628,"publisher":{"@id":"https:\/\/noticiaempauta.com\/portal\/#organization"},"image":{"@id":"https:\/\/noticiaempauta.com\/portal\/prefeitura-de-massape-do-piaui-destaca-acoes-e-avancos-na-assistencia-social-com-mais-de-08-mil-atendimentos-em-2025\/#primaryimage"},"thumbnailUrl":"https:\/\/noticiaempauta.com\/portal\/wp-content\/uploads\/2026\/01\/FA-IMG-7a2f16b2eb7b58b4997c.webp","articleSection":["Destaques","Geral","Munic\u00edpios","Todas as Not\u00edcias"],"inLanguage":"pt-BR"},{"@type":"WebPage","@id":"https:\/\/noticiaempauta.com\/portal\/prefeitura-de-massape-do-piaui-destaca-acoes-e-avancos-na-assistencia-social-com-mais-de-08-mil-atendimentos-em-2025\/","url":"https:\/\/noticiaempauta.com\/portal\/prefeitura-de-massape-do-piaui-destaca-acoes-e-avancos-na-assistencia-social-com-mais-de-08-mil-atendimentos-em-2025\/","name":"Prefeitura de Massap\u00ea do Piau\u00ed destaca a\u00e7\u00f5es e avan\u00e7os na assist\u00eancia social com mais de 08 mil atendimentos em 2025 - Portal Not\u00edcia em Pauta","isPartOf":{"@id":"https:\/\/noticiaempauta.com\/portal\/#website"},"primaryImageOfPage":{"@id":"https:\/\/noticiaempauta.com\/portal\/prefeitura-de-massape-do-piaui-destaca-acoes-e-avancos-na-assistencia-social-com-mais-de-08-mil-atendimentos-em-2025\/#primaryimage"},"image":{"@id":"https:\/\/noticiaempauta.com\/portal\/prefeitura-de-massape-do-piaui-destaca-acoes-e-avancos-na-assistencia-social-com-mais-de-08-mil-atendimentos-em-2025\/#primaryimage"},"thumbnailUrl":"https:\/\/noticiaempauta.com\/portal\/wp-content\/uploads\/2026\/01\/FA-IMG-7a2f16b2eb7b58b4997c.webp","datePublished":"2026-01-30T16:13:22+00:00","dateModified":"2026-01-30T16:13:23+00:00","breadcrumb":{"@id":"https:\/\/noticiaempauta.com\/portal\/prefeitura-de-massape-do-piaui-destaca-acoes-e-avancos-na-assistencia-social-com-mais-de-08-mil-atendimentos-em-2025\/#breadcrumb"},"inLanguage":"pt-BR","potentialAction":[{"@type":"ReadAction","target":["https:\/\/noticiaempauta.com\/portal\/prefeitura-de-massape-do-piaui-destaca-acoes-e-avancos-na-assistencia-social-com-mais-de-08-mil-atendimentos-em-2025\/"]}]},{"@type":"ImageObject","inLanguage":"pt-BR","@id":"https:\/\/noticiaempauta.com\/portal\/prefeitura-de-massape-do-piaui-destaca-acoes-e-avancos-na-assistencia-social-com-mais-de-08-mil-atendimentos-em-2025\/#primaryimage","url":"https:\/\/noticiaempauta.com\/portal\/wp-content\/uploads\/2026\/01\/FA-IMG-7a2f16b2eb7b58b4997c.webp","contentUrl":"https:\/\/noticiaempauta.com\/portal\/wp-content\/uploads\/2026\/01\/FA-IMG-7a2f16b2eb7b58b4997c.webp","width":800,"height":600},{"@type":"BreadcrumbList","@id":"https:\/\/noticiaempauta.com\/portal\/prefeitura-de-massape-do-piaui-destaca-acoes-e-avancos-na-assistencia-social-com-mais-de-08-mil-atendimentos-em-2025\/#breadcrumb","itemListElement":[{"@type":"ListItem","position":1,"name":"P\u00e1gina Inicial","item":"https:\/\/noticiaempauta.com\/portal\/"},{"@type":"ListItem","position":2,"name":"Destaques","item":"https:\/\/noticiaempauta.com\/portal\/destaques-site\/"},{"@type":"ListItem","position":3,"name":"Prefeitura de Massap\u00ea do Piau\u00ed destaca a\u00e7\u00f5es e avan\u00e7os na assist\u00eancia social com mais de 08 mil atendimentos em 2025"}]},{"@type":"WebSite","@id":"https:\/\/noticiaempauta.com\/portal\/#website","url":"https:\/\/noticiaempauta.com\/portal\/","name":"Portal Not\u00edcia em Pauta","description":"Voc\u00ea bem informado","publisher":{"@id":"https:\/\/noticiaempauta.com\/portal\/#organization"},"potentialAction":[{"@type":"SearchAction","target":{"@type":"EntryPoint","urlTemplate":"https:\/\/noticiaempauta.com\/portal\/?s={search_term_string}"},"query-input":{"@type":"PropertyValueSpecification","valueRequired":true,"valueName":"search_term_string"}}],"inLanguage":"pt-BR"},{"@type":"Organization","@id":"https:\/\/noticiaempauta.com\/portal\/#organization","name":"Portal Not\u00edcia em Pauta","url":"https:\/\/noticiaempauta.com\/portal\/","logo":{"@type":"ImageObject","inLanguage":"pt-BR","@id":"https:\/\/noticiaempauta.com\/portal\/#\/schema\/logo\/image\/","url":"https:\/\/noticiaempauta.com\/portal\/wp-content\/uploads\/2022\/08\/logomarca_tema.fw_.png","contentUrl":"https:\/\/noticiaempauta.com\/portal\/wp-content\/uploads\/2022\/08\/logomarca_tema.fw_.png","width":400,"height":232,"caption":"Portal Not\u00edcia em Pauta"},"image":{"@id":"https:\/\/noticiaempauta.com\/portal\/#\/schema\/logo\/image\/"},"sameAs":["https:\/\/www.facebook.com\/Portal-Notcia-Em-Pauta-102292869264820\/","https:\/\/www.instagram.com\/portalnoticiaempauta\/"]},{"@type":"Person","@id":"https:\/\/noticiaempauta.com\/portal\/#\/schema\/person\/a74af43dd1ab3deca45f988c717d57ac","name":"Reda\u00e7\u00e3o","image":{"@type":"ImageObject","inLanguage":"pt-BR","@id":"https:\/\/noticiaempauta.com\/portal\/#\/schema\/person\/image\/","url":"https:\/\/secure.gravatar.com\/avatar\/03179346ecce6cdfc13361603e8f54242a90e5cde8618fa23c5c00aa2b0aadf3?s=96&d=mm&r=g","contentUrl":"https:\/\/secure.gravatar.com\/avatar\/03179346ecce6cdfc13361603e8f54242a90e5cde8618fa23c5c00aa2b0aadf3?s=96&d=mm&r=g","caption":"Reda\u00e7\u00e3o"},"sameAs":["https:\/\/noticiaempauta.com\/portal\/"],"url":"https:\/\/noticiaempauta.com\/portal\/author\/fernando\/"}]}},"_links":{"self":[{"href":"https:\/\/noticiaempauta.com\/portal\/wp-json\/wp\/v2\/posts\/284461","targetHints":{"allow":["GET"]}}],"collection":[{"href":"https:\/\/noticiaempauta.com\/portal\/wp-json\/wp\/v2\/posts"}],"about":[{"href":"https:\/\/noticiaempauta.com\/portal\/wp-json\/wp\/v2\/types\/post"}],"author":[{"embeddable":true,"href":"https:\/\/noticiaempauta.com\/portal\/wp-json\/wp\/v2\/users\/2"}],"replies":[{"embeddable":true,"href":"https:\/\/noticiaempauta.com\/portal\/wp-json\/wp\/v2\/comments?post=284461"}],"version-history":[{"count":2,"href":"https:\/\/noticiaempauta.com\/portal\/wp-json\/wp\/v2\/posts\/284461\/revisions"}],"predecessor-version":[{"id":284473,"href":"https:\/\/noticiaempauta.com\/portal\/wp-json\/wp\/v2\/posts\/284461\/revisions\/284473"}],"wp:featuredmedia":[{"embeddable":true,"href":"https:\/\/noticiaempauta.com\/portal\/wp-json\/wp\/v2\/media\/284470"}],"wp:attachment":[{"href":"https:\/\/noticiaempauta.com\/portal\/wp-json\/wp\/v2\/media?parent=284461"}],"wp:term":[{"taxonomy":"category","embeddable":true,"href":"https:\/\/noticiaempauta.com\/portal\/wp-json\/wp\/v2\/categories?post=284461"},{"taxonomy":"post_tag","embeddable":true,"href":"https:\/\/noticiaempauta.com\/portal\/wp-json\/wp\/v2\/tags?post=284461"}],"curies":[{"name":"wp","href":"https:\/\/api.w.org\/{rel}","templated":true}]}}