{"id":284474,"date":"2026-01-30T13:21:22","date_gmt":"2026-01-30T16:21:22","guid":{"rendered":"https:\/\/noticiaempauta.com\/portal\/?p=284474"},"modified":"2026-01-30T13:21:24","modified_gmt":"2026-01-30T16:21:24","slug":"festividades-do-32-aniversario-de-paqueta-do-piaui-iniciam-nesta-sexta-30-confira-programacao","status":"publish","type":"post","link":"https:\/\/noticiaempauta.com\/portal\/festividades-do-32-aniversario-de-paqueta-do-piaui-iniciam-nesta-sexta-30-confira-programacao\/","title":{"rendered":"Festividades do 32\u00b0 anivers\u00e1rio de Paquet\u00e1 do Piau\u00ed iniciam nesta sexta (30); confira programa\u00e7\u00e3o"},"content":{"rendered":"\n<p>A Prefeitura de Paquet\u00e1 do Piau\u00ed d\u00e1 in\u00edcio, nesta sexta-feira, 30 de janeiro, \u00e0 programa\u00e7\u00e3o em comemora\u00e7\u00e3o aos seus 32 anos de emancipa\u00e7\u00e3o pol\u00edtica. A abertura oficial da festa acontece no Balne\u00e1rio Francisco Henrique de Holanda e promete reunir grande p\u00fablico, tendo como principal atra\u00e7\u00e3o da noite o cantor Rey Vaqueiro.<\/p>\n\n\n\n<figure class=\"wp-block-image size-full\"><img fetchpriority=\"high\" decoding=\"async\" width=\"480\" height=\"484\" src=\"https:\/\/noticiaempauta.com\/portal\/wp-content\/uploads\/2026\/01\/FA-IMG-1c003c0db0e800914126.webp\" alt=\"\" class=\"wp-image-284476\" srcset=\"https:\/\/noticiaempauta.com\/portal\/wp-content\/uploads\/2026\/01\/FA-IMG-1c003c0db0e800914126.webp 480w, https:\/\/noticiaempauta.com\/portal\/wp-content\/uploads\/2026\/01\/FA-IMG-1c003c0db0e800914126-298x300.webp 298w, https:\/\/noticiaempauta.com\/portal\/wp-content\/uploads\/2026\/01\/FA-IMG-1c003c0db0e800914126-150x150.webp 150w\" sizes=\"(max-width: 480px) 100vw, 480px\" \/><\/figure>\n\n\n\n<p>A festa desta sexta tamb\u00e9m contar\u00e1 com apresenta\u00e7\u00f5es de Isa\u00edas Forrozeiro e Artur Piseiro, consolidando uma noite dedicada ao forr\u00f3 e \u00e0 m\u00fasica popular, celebrando a cultura e a identidade do povo paquetense.<\/p>\n\n\n\n<p>A programa\u00e7\u00e3o segue no s\u00e1bado (31) com a Noite de Adora\u00e7\u00e3o e Louvor, a partir das 19h, incluindo culto, a participa\u00e7\u00e3o do pastor Misael Santana e show do cantor Luc\u00e3o e Banda, em um momento voltado \u00e0 f\u00e9 e \u00e0 espiritualidade.<\/p>\n\n\n\n<p>No domingo (1\u00ba), as comemora\u00e7\u00f5es continuam com a realiza\u00e7\u00e3o da VI Festa do Vaqueiro, que inclui caf\u00e9 da manh\u00e3 dos vaqueiros, cavalgada, missa, pega de boi, inscri\u00e7\u00f5es para corridas, o 1\u00ba Paquet\u00e1 Moto Fest, corrida de cavalos, show de Edson Sanfoneiro e o tradicional desfile da Rainha do Vaqueiro.<\/p>\n\n\n\n<figure class=\"wp-block-image size-large\"><img decoding=\"async\" width=\"765\" height=\"1024\" src=\"https:\/\/noticiaempauta.com\/portal\/wp-content\/uploads\/2026\/01\/11771-765x1024.webp\" alt=\"\" class=\"wp-image-284475\" srcset=\"https:\/\/noticiaempauta.com\/portal\/wp-content\/uploads\/2026\/01\/11771-765x1024.webp 765w, https:\/\/noticiaempauta.com\/portal\/wp-content\/uploads\/2026\/01\/11771-224x300.webp 224w, https:\/\/noticiaempauta.com\/portal\/wp-content\/uploads\/2026\/01\/11771-768x1027.webp 768w, https:\/\/noticiaempauta.com\/portal\/wp-content\/uploads\/2026\/01\/11771.webp 897w\" sizes=\"(max-width: 765px) 100vw, 765px\" \/><\/figure>\n\n\n\n<p>A programa\u00e7\u00e3o \u00e9 realizada pela Prefeitura de Paquet\u00e1 do Piau\u00ed, por meio das secretarias municipais, com apoio de parceiros institucionais, e refor\u00e7a o compromisso da gest\u00e3o em valorizar a cultura, a religiosidade e as tradi\u00e7\u00f5es que marcam a hist\u00f3ria do munic\u00edpio.<\/p>\n\n\n\n<p>Fonte: Folha Atual<\/p>\n","protected":false},"excerpt":{"rendered":"<p>A Prefeitura de Paquet\u00e1 do Piau\u00ed d\u00e1 in\u00edcio, nesta sexta-feira, 30 de janeiro, \u00e0 programa\u00e7\u00e3o em comemora\u00e7\u00e3o aos seus 32 anos de emancipa\u00e7\u00e3o pol\u00edtica. A abertura oficial da festa acontece no Balne\u00e1rio Francisco Henrique de Holanda e promete reunir grande p\u00fablico, tendo como principal atra\u00e7\u00e3o da noite o cantor Rey Vaqueiro. A festa desta sexta [&hellip;]<\/p>\n","protected":false},"author":2,"featured_media":284476,"comment_status":"closed","ping_status":"closed","sticky":false,"template":"","format":"standard","meta":{"_mi_skip_tracking":false,"footnotes":""},"categories":[25,1,9,16],"tags":[192],"class_list":["post-284474","post","type-post","status-publish","format-standard","has-post-thumbnail","hentry","category-destaques-site","category-geral","category-municipios","category-todas","tag-destaqueprincipal"],"acf":[],"yoast_head":"<!-- This site is optimized with the Yoast SEO Premium plugin v19.2 (Yoast SEO v26.9) - https:\/\/yoast.com\/product\/yoast-seo-premium-wordpress\/ -->\n<title>Festividades do 32\u00b0 anivers\u00e1rio de Paquet\u00e1 do Piau\u00ed iniciam nesta sexta (30); confira programa\u00e7\u00e3o - Portal Not\u00edcia em Pauta<\/title>\n<meta name=\"robots\" content=\"index, follow, max-snippet:-1, max-image-preview:large, max-video-preview:-1\" \/>\n<link rel=\"canonical\" href=\"https:\/\/noticiaempauta.com\/portal\/festividades-do-32-aniversario-de-paqueta-do-piaui-iniciam-nesta-sexta-30-confira-programacao\/\" \/>\n<meta property=\"og:locale\" content=\"pt_BR\" \/>\n<meta property=\"og:type\" content=\"article\" \/>\n<meta property=\"og:title\" content=\"Festividades do 32\u00b0 anivers\u00e1rio de Paquet\u00e1 do Piau\u00ed iniciam nesta sexta (30); confira programa\u00e7\u00e3o\" \/>\n<meta property=\"og:description\" content=\"A Prefeitura de Paquet\u00e1 do Piau\u00ed d\u00e1 in\u00edcio, nesta sexta-feira, 30 de janeiro, \u00e0 programa\u00e7\u00e3o em comemora\u00e7\u00e3o aos seus 32 anos de emancipa\u00e7\u00e3o pol\u00edtica. A abertura oficial da festa acontece no Balne\u00e1rio Francisco Henrique de Holanda e promete reunir grande p\u00fablico, tendo como principal atra\u00e7\u00e3o da noite o cantor Rey Vaqueiro. A festa desta sexta [&hellip;]\" \/>\n<meta property=\"og:url\" content=\"https:\/\/noticiaempauta.com\/portal\/festividades-do-32-aniversario-de-paqueta-do-piaui-iniciam-nesta-sexta-30-confira-programacao\/\" \/>\n<meta property=\"og:site_name\" content=\"Portal Not\u00edcia em Pauta\" \/>\n<meta property=\"article:publisher\" content=\"https:\/\/www.facebook.com\/Portal-Notcia-Em-Pauta-102292869264820\/\" \/>\n<meta property=\"article:published_time\" content=\"2026-01-30T16:21:22+00:00\" \/>\n<meta property=\"article:modified_time\" content=\"2026-01-30T16:21:24+00:00\" \/>\n<meta property=\"og:image\" content=\"https:\/\/noticiaempauta.com\/portal\/wp-content\/uploads\/2026\/01\/FA-IMG-1c003c0db0e800914126.webp\" \/>\n\t<meta property=\"og:image:width\" content=\"480\" \/>\n\t<meta property=\"og:image:height\" content=\"484\" \/>\n\t<meta property=\"og:image:type\" content=\"image\/webp\" \/>\n<meta name=\"author\" content=\"Reda\u00e7\u00e3o\" \/>\n<meta name=\"twitter:card\" content=\"summary_large_image\" \/>\n<meta name=\"twitter:label1\" content=\"Escrito por\" \/>\n\t<meta name=\"twitter:data1\" content=\"Reda\u00e7\u00e3o\" \/>\n\t<meta name=\"twitter:label2\" content=\"Est. tempo de leitura\" \/>\n\t<meta name=\"twitter:data2\" content=\"2 minutos\" \/>\n<script type=\"application\/ld+json\" class=\"yoast-schema-graph\">{\"@context\":\"https:\/\/schema.org\",\"@graph\":[{\"@type\":\"Article\",\"@id\":\"https:\/\/noticiaempauta.com\/portal\/festividades-do-32-aniversario-de-paqueta-do-piaui-iniciam-nesta-sexta-30-confira-programacao\/#article\",\"isPartOf\":{\"@id\":\"https:\/\/noticiaempauta.com\/portal\/festividades-do-32-aniversario-de-paqueta-do-piaui-iniciam-nesta-sexta-30-confira-programacao\/\"},\"author\":{\"name\":\"Reda\u00e7\u00e3o\",\"@id\":\"https:\/\/noticiaempauta.com\/portal\/#\/schema\/person\/a74af43dd1ab3deca45f988c717d57ac\"},\"headline\":\"Festividades do 32\u00b0 anivers\u00e1rio de Paquet\u00e1 do Piau\u00ed iniciam nesta sexta (30); confira programa\u00e7\u00e3o\",\"datePublished\":\"2026-01-30T16:21:22+00:00\",\"dateModified\":\"2026-01-30T16:21:24+00:00\",\"mainEntityOfPage\":{\"@id\":\"https:\/\/noticiaempauta.com\/portal\/festividades-do-32-aniversario-de-paqueta-do-piaui-iniciam-nesta-sexta-30-confira-programacao\/\"},\"wordCount\":248,\"publisher\":{\"@id\":\"https:\/\/noticiaempauta.com\/portal\/#organization\"},\"image\":{\"@id\":\"https:\/\/noticiaempauta.com\/portal\/festividades-do-32-aniversario-de-paqueta-do-piaui-iniciam-nesta-sexta-30-confira-programacao\/#primaryimage\"},\"thumbnailUrl\":\"https:\/\/noticiaempauta.com\/portal\/wp-content\/uploads\/2026\/01\/FA-IMG-1c003c0db0e800914126.webp\",\"keywords\":[\"destaqueprincipal\"],\"articleSection\":[\"Destaques\",\"Geral\",\"Munic\u00edpios\",\"Todas as Not\u00edcias\"],\"inLanguage\":\"pt-BR\"},{\"@type\":\"WebPage\",\"@id\":\"https:\/\/noticiaempauta.com\/portal\/festividades-do-32-aniversario-de-paqueta-do-piaui-iniciam-nesta-sexta-30-confira-programacao\/\",\"url\":\"https:\/\/noticiaempauta.com\/portal\/festividades-do-32-aniversario-de-paqueta-do-piaui-iniciam-nesta-sexta-30-confira-programacao\/\",\"name\":\"Festividades do 32\u00b0 anivers\u00e1rio de Paquet\u00e1 do Piau\u00ed iniciam nesta sexta (30); confira programa\u00e7\u00e3o - Portal Not\u00edcia em Pauta\",\"isPartOf\":{\"@id\":\"https:\/\/noticiaempauta.com\/portal\/#website\"},\"primaryImageOfPage\":{\"@id\":\"https:\/\/noticiaempauta.com\/portal\/festividades-do-32-aniversario-de-paqueta-do-piaui-iniciam-nesta-sexta-30-confira-programacao\/#primaryimage\"},\"image\":{\"@id\":\"https:\/\/noticiaempauta.com\/portal\/festividades-do-32-aniversario-de-paqueta-do-piaui-iniciam-nesta-sexta-30-confira-programacao\/#primaryimage\"},\"thumbnailUrl\":\"https:\/\/noticiaempauta.com\/portal\/wp-content\/uploads\/2026\/01\/FA-IMG-1c003c0db0e800914126.webp\",\"datePublished\":\"2026-01-30T16:21:22+00:00\",\"dateModified\":\"2026-01-30T16:21:24+00:00\",\"breadcrumb\":{\"@id\":\"https:\/\/noticiaempauta.com\/portal\/festividades-do-32-aniversario-de-paqueta-do-piaui-iniciam-nesta-sexta-30-confira-programacao\/#breadcrumb\"},\"inLanguage\":\"pt-BR\",\"potentialAction\":[{\"@type\":\"ReadAction\",\"target\":[\"https:\/\/noticiaempauta.com\/portal\/festividades-do-32-aniversario-de-paqueta-do-piaui-iniciam-nesta-sexta-30-confira-programacao\/\"]}]},{\"@type\":\"ImageObject\",\"inLanguage\":\"pt-BR\",\"@id\":\"https:\/\/noticiaempauta.com\/portal\/festividades-do-32-aniversario-de-paqueta-do-piaui-iniciam-nesta-sexta-30-confira-programacao\/#primaryimage\",\"url\":\"https:\/\/noticiaempauta.com\/portal\/wp-content\/uploads\/2026\/01\/FA-IMG-1c003c0db0e800914126.webp\",\"contentUrl\":\"https:\/\/noticiaempauta.com\/portal\/wp-content\/uploads\/2026\/01\/FA-IMG-1c003c0db0e800914126.webp\",\"width\":480,\"height\":484},{\"@type\":\"BreadcrumbList\",\"@id\":\"https:\/\/noticiaempauta.com\/portal\/festividades-do-32-aniversario-de-paqueta-do-piaui-iniciam-nesta-sexta-30-confira-programacao\/#breadcrumb\",\"itemListElement\":[{\"@type\":\"ListItem\",\"position\":1,\"name\":\"P\u00e1gina Inicial\",\"item\":\"https:\/\/noticiaempauta.com\/portal\/\"},{\"@type\":\"ListItem\",\"position\":2,\"name\":\"Destaques\",\"item\":\"https:\/\/noticiaempauta.com\/portal\/destaques-site\/\"},{\"@type\":\"ListItem\",\"position\":3,\"name\":\"Festividades do 32\u00b0 anivers\u00e1rio de Paquet\u00e1 do Piau\u00ed iniciam nesta sexta (30); confira programa\u00e7\u00e3o\"}]},{\"@type\":\"WebSite\",\"@id\":\"https:\/\/noticiaempauta.com\/portal\/#website\",\"url\":\"https:\/\/noticiaempauta.com\/portal\/\",\"name\":\"Portal Not\u00edcia em Pauta\",\"description\":\"Voc\u00ea bem informado\",\"publisher\":{\"@id\":\"https:\/\/noticiaempauta.com\/portal\/#organization\"},\"potentialAction\":[{\"@type\":\"SearchAction\",\"target\":{\"@type\":\"EntryPoint\",\"urlTemplate\":\"https:\/\/noticiaempauta.com\/portal\/?s={search_term_string}\"},\"query-input\":{\"@type\":\"PropertyValueSpecification\",\"valueRequired\":true,\"valueName\":\"search_term_string\"}}],\"inLanguage\":\"pt-BR\"},{\"@type\":\"Organization\",\"@id\":\"https:\/\/noticiaempauta.com\/portal\/#organization\",\"name\":\"Portal Not\u00edcia em Pauta\",\"url\":\"https:\/\/noticiaempauta.com\/portal\/\",\"logo\":{\"@type\":\"ImageObject\",\"inLanguage\":\"pt-BR\",\"@id\":\"https:\/\/noticiaempauta.com\/portal\/#\/schema\/logo\/image\/\",\"url\":\"https:\/\/noticiaempauta.com\/portal\/wp-content\/uploads\/2022\/08\/logomarca_tema.fw_.png\",\"contentUrl\":\"https:\/\/noticiaempauta.com\/portal\/wp-content\/uploads\/2022\/08\/logomarca_tema.fw_.png\",\"width\":400,\"height\":232,\"caption\":\"Portal Not\u00edcia em Pauta\"},\"image\":{\"@id\":\"https:\/\/noticiaempauta.com\/portal\/#\/schema\/logo\/image\/\"},\"sameAs\":[\"https:\/\/www.facebook.com\/Portal-Notcia-Em-Pauta-102292869264820\/\",\"https:\/\/www.instagram.com\/portalnoticiaempauta\/\"]},{\"@type\":\"Person\",\"@id\":\"https:\/\/noticiaempauta.com\/portal\/#\/schema\/person\/a74af43dd1ab3deca45f988c717d57ac\",\"name\":\"Reda\u00e7\u00e3o\",\"image\":{\"@type\":\"ImageObject\",\"inLanguage\":\"pt-BR\",\"@id\":\"https:\/\/noticiaempauta.com\/portal\/#\/schema\/person\/image\/\",\"url\":\"https:\/\/secure.gravatar.com\/avatar\/03179346ecce6cdfc13361603e8f54242a90e5cde8618fa23c5c00aa2b0aadf3?s=96&d=mm&r=g\",\"contentUrl\":\"https:\/\/secure.gravatar.com\/avatar\/03179346ecce6cdfc13361603e8f54242a90e5cde8618fa23c5c00aa2b0aadf3?s=96&d=mm&r=g\",\"caption\":\"Reda\u00e7\u00e3o\"},\"sameAs\":[\"https:\/\/noticiaempauta.com\/portal\/\"],\"url\":\"https:\/\/noticiaempauta.com\/portal\/author\/fernando\/\"}]}<\/script>\n<!-- \/ Yoast SEO Premium plugin. -->","yoast_head_json":{"title":"Festividades do 32\u00b0 anivers\u00e1rio de Paquet\u00e1 do Piau\u00ed iniciam nesta sexta (30); confira programa\u00e7\u00e3o - Portal Not\u00edcia em Pauta","robots":{"index":"index","follow":"follow","max-snippet":"max-snippet:-1","max-image-preview":"max-image-preview:large","max-video-preview":"max-video-preview:-1"},"canonical":"https:\/\/noticiaempauta.com\/portal\/festividades-do-32-aniversario-de-paqueta-do-piaui-iniciam-nesta-sexta-30-confira-programacao\/","og_locale":"pt_BR","og_type":"article","og_title":"Festividades do 32\u00b0 anivers\u00e1rio de Paquet\u00e1 do Piau\u00ed iniciam nesta sexta (30); confira programa\u00e7\u00e3o","og_description":"A Prefeitura de Paquet\u00e1 do Piau\u00ed d\u00e1 in\u00edcio, nesta sexta-feira, 30 de janeiro, \u00e0 programa\u00e7\u00e3o em comemora\u00e7\u00e3o aos seus 32 anos de emancipa\u00e7\u00e3o pol\u00edtica. A abertura oficial da festa acontece no Balne\u00e1rio Francisco Henrique de Holanda e promete reunir grande p\u00fablico, tendo como principal atra\u00e7\u00e3o da noite o cantor Rey Vaqueiro. A festa desta sexta [&hellip;]","og_url":"https:\/\/noticiaempauta.com\/portal\/festividades-do-32-aniversario-de-paqueta-do-piaui-iniciam-nesta-sexta-30-confira-programacao\/","og_site_name":"Portal Not\u00edcia em Pauta","article_publisher":"https:\/\/www.facebook.com\/Portal-Notcia-Em-Pauta-102292869264820\/","article_published_time":"2026-01-30T16:21:22+00:00","article_modified_time":"2026-01-30T16:21:24+00:00","og_image":[{"width":480,"height":484,"url":"https:\/\/noticiaempauta.com\/portal\/wp-content\/uploads\/2026\/01\/FA-IMG-1c003c0db0e800914126.webp","type":"image\/webp"}],"author":"Reda\u00e7\u00e3o","twitter_card":"summary_large_image","twitter_misc":{"Escrito por":"Reda\u00e7\u00e3o","Est. tempo de leitura":"2 minutos"},"schema":{"@context":"https:\/\/schema.org","@graph":[{"@type":"Article","@id":"https:\/\/noticiaempauta.com\/portal\/festividades-do-32-aniversario-de-paqueta-do-piaui-iniciam-nesta-sexta-30-confira-programacao\/#article","isPartOf":{"@id":"https:\/\/noticiaempauta.com\/portal\/festividades-do-32-aniversario-de-paqueta-do-piaui-iniciam-nesta-sexta-30-confira-programacao\/"},"author":{"name":"Reda\u00e7\u00e3o","@id":"https:\/\/noticiaempauta.com\/portal\/#\/schema\/person\/a74af43dd1ab3deca45f988c717d57ac"},"headline":"Festividades do 32\u00b0 anivers\u00e1rio de Paquet\u00e1 do Piau\u00ed iniciam nesta sexta (30); confira programa\u00e7\u00e3o","datePublished":"2026-01-30T16:21:22+00:00","dateModified":"2026-01-30T16:21:24+00:00","mainEntityOfPage":{"@id":"https:\/\/noticiaempauta.com\/portal\/festividades-do-32-aniversario-de-paqueta-do-piaui-iniciam-nesta-sexta-30-confira-programacao\/"},"wordCount":248,"publisher":{"@id":"https:\/\/noticiaempauta.com\/portal\/#organization"},"image":{"@id":"https:\/\/noticiaempauta.com\/portal\/festividades-do-32-aniversario-de-paqueta-do-piaui-iniciam-nesta-sexta-30-confira-programacao\/#primaryimage"},"thumbnailUrl":"https:\/\/noticiaempauta.com\/portal\/wp-content\/uploads\/2026\/01\/FA-IMG-1c003c0db0e800914126.webp","keywords":["destaqueprincipal"],"articleSection":["Destaques","Geral","Munic\u00edpios","Todas as Not\u00edcias"],"inLanguage":"pt-BR"},{"@type":"WebPage","@id":"https:\/\/noticiaempauta.com\/portal\/festividades-do-32-aniversario-de-paqueta-do-piaui-iniciam-nesta-sexta-30-confira-programacao\/","url":"https:\/\/noticiaempauta.com\/portal\/festividades-do-32-aniversario-de-paqueta-do-piaui-iniciam-nesta-sexta-30-confira-programacao\/","name":"Festividades do 32\u00b0 anivers\u00e1rio de Paquet\u00e1 do Piau\u00ed iniciam nesta sexta (30); confira programa\u00e7\u00e3o - Portal Not\u00edcia em Pauta","isPartOf":{"@id":"https:\/\/noticiaempauta.com\/portal\/#website"},"primaryImageOfPage":{"@id":"https:\/\/noticiaempauta.com\/portal\/festividades-do-32-aniversario-de-paqueta-do-piaui-iniciam-nesta-sexta-30-confira-programacao\/#primaryimage"},"image":{"@id":"https:\/\/noticiaempauta.com\/portal\/festividades-do-32-aniversario-de-paqueta-do-piaui-iniciam-nesta-sexta-30-confira-programacao\/#primaryimage"},"thumbnailUrl":"https:\/\/noticiaempauta.com\/portal\/wp-content\/uploads\/2026\/01\/FA-IMG-1c003c0db0e800914126.webp","datePublished":"2026-01-30T16:21:22+00:00","dateModified":"2026-01-30T16:21:24+00:00","breadcrumb":{"@id":"https:\/\/noticiaempauta.com\/portal\/festividades-do-32-aniversario-de-paqueta-do-piaui-iniciam-nesta-sexta-30-confira-programacao\/#breadcrumb"},"inLanguage":"pt-BR","potentialAction":[{"@type":"ReadAction","target":["https:\/\/noticiaempauta.com\/portal\/festividades-do-32-aniversario-de-paqueta-do-piaui-iniciam-nesta-sexta-30-confira-programacao\/"]}]},{"@type":"ImageObject","inLanguage":"pt-BR","@id":"https:\/\/noticiaempauta.com\/portal\/festividades-do-32-aniversario-de-paqueta-do-piaui-iniciam-nesta-sexta-30-confira-programacao\/#primaryimage","url":"https:\/\/noticiaempauta.com\/portal\/wp-content\/uploads\/2026\/01\/FA-IMG-1c003c0db0e800914126.webp","contentUrl":"https:\/\/noticiaempauta.com\/portal\/wp-content\/uploads\/2026\/01\/FA-IMG-1c003c0db0e800914126.webp","width":480,"height":484},{"@type":"BreadcrumbList","@id":"https:\/\/noticiaempauta.com\/portal\/festividades-do-32-aniversario-de-paqueta-do-piaui-iniciam-nesta-sexta-30-confira-programacao\/#breadcrumb","itemListElement":[{"@type":"ListItem","position":1,"name":"P\u00e1gina Inicial","item":"https:\/\/noticiaempauta.com\/portal\/"},{"@type":"ListItem","position":2,"name":"Destaques","item":"https:\/\/noticiaempauta.com\/portal\/destaques-site\/"},{"@type":"ListItem","position":3,"name":"Festividades do 32\u00b0 anivers\u00e1rio de Paquet\u00e1 do Piau\u00ed iniciam nesta sexta (30); confira programa\u00e7\u00e3o"}]},{"@type":"WebSite","@id":"https:\/\/noticiaempauta.com\/portal\/#website","url":"https:\/\/noticiaempauta.com\/portal\/","name":"Portal Not\u00edcia em Pauta","description":"Voc\u00ea bem informado","publisher":{"@id":"https:\/\/noticiaempauta.com\/portal\/#organization"},"potentialAction":[{"@type":"SearchAction","target":{"@type":"EntryPoint","urlTemplate":"https:\/\/noticiaempauta.com\/portal\/?s={search_term_string}"},"query-input":{"@type":"PropertyValueSpecification","valueRequired":true,"valueName":"search_term_string"}}],"inLanguage":"pt-BR"},{"@type":"Organization","@id":"https:\/\/noticiaempauta.com\/portal\/#organization","name":"Portal Not\u00edcia em Pauta","url":"https:\/\/noticiaempauta.com\/portal\/","logo":{"@type":"ImageObject","inLanguage":"pt-BR","@id":"https:\/\/noticiaempauta.com\/portal\/#\/schema\/logo\/image\/","url":"https:\/\/noticiaempauta.com\/portal\/wp-content\/uploads\/2022\/08\/logomarca_tema.fw_.png","contentUrl":"https:\/\/noticiaempauta.com\/portal\/wp-content\/uploads\/2022\/08\/logomarca_tema.fw_.png","width":400,"height":232,"caption":"Portal Not\u00edcia em Pauta"},"image":{"@id":"https:\/\/noticiaempauta.com\/portal\/#\/schema\/logo\/image\/"},"sameAs":["https:\/\/www.facebook.com\/Portal-Notcia-Em-Pauta-102292869264820\/","https:\/\/www.instagram.com\/portalnoticiaempauta\/"]},{"@type":"Person","@id":"https:\/\/noticiaempauta.com\/portal\/#\/schema\/person\/a74af43dd1ab3deca45f988c717d57ac","name":"Reda\u00e7\u00e3o","image":{"@type":"ImageObject","inLanguage":"pt-BR","@id":"https:\/\/noticiaempauta.com\/portal\/#\/schema\/person\/image\/","url":"https:\/\/secure.gravatar.com\/avatar\/03179346ecce6cdfc13361603e8f54242a90e5cde8618fa23c5c00aa2b0aadf3?s=96&d=mm&r=g","contentUrl":"https:\/\/secure.gravatar.com\/avatar\/03179346ecce6cdfc13361603e8f54242a90e5cde8618fa23c5c00aa2b0aadf3?s=96&d=mm&r=g","caption":"Reda\u00e7\u00e3o"},"sameAs":["https:\/\/noticiaempauta.com\/portal\/"],"url":"https:\/\/noticiaempauta.com\/portal\/author\/fernando\/"}]}},"_links":{"self":[{"href":"https:\/\/noticiaempauta.com\/portal\/wp-json\/wp\/v2\/posts\/284474","targetHints":{"allow":["GET"]}}],"collection":[{"href":"https:\/\/noticiaempauta.com\/portal\/wp-json\/wp\/v2\/posts"}],"about":[{"href":"https:\/\/noticiaempauta.com\/portal\/wp-json\/wp\/v2\/types\/post"}],"author":[{"embeddable":true,"href":"https:\/\/noticiaempauta.com\/portal\/wp-json\/wp\/v2\/users\/2"}],"replies":[{"embeddable":true,"href":"https:\/\/noticiaempauta.com\/portal\/wp-json\/wp\/v2\/comments?post=284474"}],"version-history":[{"count":2,"href":"https:\/\/noticiaempauta.com\/portal\/wp-json\/wp\/v2\/posts\/284474\/revisions"}],"predecessor-version":[{"id":284478,"href":"https:\/\/noticiaempauta.com\/portal\/wp-json\/wp\/v2\/posts\/284474\/revisions\/284478"}],"wp:featuredmedia":[{"embeddable":true,"href":"https:\/\/noticiaempauta.com\/portal\/wp-json\/wp\/v2\/media\/284476"}],"wp:attachment":[{"href":"https:\/\/noticiaempauta.com\/portal\/wp-json\/wp\/v2\/media?parent=284474"}],"wp:term":[{"taxonomy":"category","embeddable":true,"href":"https:\/\/noticiaempauta.com\/portal\/wp-json\/wp\/v2\/categories?post=284474"},{"taxonomy":"post_tag","embeddable":true,"href":"https:\/\/noticiaempauta.com\/portal\/wp-json\/wp\/v2\/tags?post=284474"}],"curies":[{"name":"wp","href":"https:\/\/api.w.org\/{rel}","templated":true}]}}