{"id":285631,"date":"2026-02-22T16:45:23","date_gmt":"2026-02-22T19:45:23","guid":{"rendered":"https:\/\/noticiaempauta.com\/portal\/?p=285631"},"modified":"2026-02-22T16:45:25","modified_gmt":"2026-02-22T19:45:25","slug":"em-fronteiras-suspeito-especializado-em-roubo-de-cargas-e-preso-com-caminhao-roubado-no-piaui","status":"publish","type":"post","link":"https:\/\/noticiaempauta.com\/portal\/em-fronteiras-suspeito-especializado-em-roubo-de-cargas-e-preso-com-caminhao-roubado-no-piaui\/","title":{"rendered":"Em Fronteiras, suspeito especializado em roubo de cargas \u00e9 preso com caminh\u00e3o roubado no Piau\u00ed"},"content":{"rendered":"\n<p>Um homem suspeito de integrar uma organiza\u00e7\u00e3o criminosa especializada em roubo de cargas foi preso na noite de s\u00e1bado (21), em uma a\u00e7\u00e3o que resultou na recupera\u00e7\u00e3o de uma carreta carregada de biscoitos na BR-230, em Fronteiras (PI).<\/p>\n\n\n\n<figure class=\"wp-block-image size-full\"><img fetchpriority=\"high\" decoding=\"async\" width=\"800\" height=\"565\" src=\"https:\/\/noticiaempauta.com\/portal\/wp-content\/uploads\/2026\/02\/IMG_4034.webp\" alt=\"\" class=\"wp-image-285632\" srcset=\"https:\/\/noticiaempauta.com\/portal\/wp-content\/uploads\/2026\/02\/IMG_4034.webp 800w, https:\/\/noticiaempauta.com\/portal\/wp-content\/uploads\/2026\/02\/IMG_4034-300x212.webp 300w, https:\/\/noticiaempauta.com\/portal\/wp-content\/uploads\/2026\/02\/IMG_4034-768x542.webp 768w\" sizes=\"(max-width: 800px) 100vw, 800px\" \/><figcaption class=\"wp-element-caption\">(Fotos: PM-PI)<\/figcaption><\/figure>\n\n\n\n<p>De acordo com informa\u00e7\u00f5es da Pol\u00edcia Militar do Piau\u00ed, o caso ocorreu por volta de 23h, quando equipes receberam informa\u00e7\u00f5es sobre uma carreta azul que havia sido roubada na BR-316, entre os munic\u00edpios de Vila Nova do Piau\u00ed e Campo Grande do Piau\u00ed. Guarni\u00e7\u00f5es de Vila Nova, Alegrete e S\u00e3o Juli\u00e3o montaram barreiras e iniciaram dilig\u00eancias nas poss\u00edveis rotas de fuga.<\/p>\n\n\n\n<p>Durante patrulhamento nas imedia\u00e7\u00f5es de um cemit\u00e9rio \u00e0s margens da BR-230, a equipe avistou um caminh\u00e3o com as caracter\u00edsticas repassadas. Foi iniciado acompanhamento t\u00e1tico com giroflex e sirenes acionados, mas o motorista n\u00e3o obedeceu de imediato \u00e0 ordem de parada.<\/p>\n\n\n\n<p>Com apoio da For\u00e7a T\u00e1tica, a carreta foi interceptada, e a equipe confirmou que se tratava do ve\u00edculo roubado em Caruaru (PE). O condutor, identificado pelas iniciais J.V.S.R., natural de Juazeiro do Norte (CE), foi preso em flagrante.<\/p>\n\n\n\n<p>Ap\u00f3s consulta aos sistemas policiais, foi constatado que o suspeito possui diversos registros criminais em estados do Nordeste pela mesma pr\u00e1tica, sendo apontado como integrante de organiza\u00e7\u00e3o criminosa especializada em roubo de cargas.<\/p>\n\n\n\n<p>O homem informou ainda que contava com o apoio de dois ve\u00edculos, uma Saveiro vermelha e uma S10 preta. Equipes da For\u00e7a T\u00e1tica e do BEPI seguem em dilig\u00eancias para localizar os autom\u00f3veis e poss\u00edveis comparsas.<\/p>\n\n\n\n<p>A carreta, carregada de biscoitos, foi recuperada e apresentada, juntamente com o suspeito, na Delegacia de Pol\u00edcia Civil de Fronteiras para os procedimentos legais cab\u00edveis.<\/p>\n\n\n\n<p>Fonte: Portal Clube News<\/p>\n\n\n\n<p><\/p>\n","protected":false},"excerpt":{"rendered":"<p>Um homem suspeito de integrar uma organiza\u00e7\u00e3o criminosa especializada em roubo de cargas foi preso na noite de s\u00e1bado (21), em uma a\u00e7\u00e3o que resultou na recupera\u00e7\u00e3o de uma carreta carregada de biscoitos na BR-230, em Fronteiras (PI). De acordo com informa\u00e7\u00f5es da Pol\u00edcia Militar do Piau\u00ed, o caso ocorreu por volta de 23h, quando [&hellip;]<\/p>\n","protected":false},"author":2,"featured_media":285632,"comment_status":"closed","ping_status":"closed","sticky":false,"template":"","format":"standard","meta":{"_mi_skip_tracking":false,"footnotes":""},"categories":[25,1,9,137,16],"tags":[192],"class_list":["post-285631","post","type-post","status-publish","format-standard","has-post-thumbnail","hentry","category-destaques-site","category-geral","category-municipios","category-policia","category-todas","tag-destaqueprincipal"],"acf":[],"yoast_head":"<!-- This site is optimized with the Yoast SEO Premium plugin v19.2 (Yoast SEO v26.9) - https:\/\/yoast.com\/product\/yoast-seo-premium-wordpress\/ -->\n<title>Em Fronteiras, suspeito especializado em roubo de cargas \u00e9 preso com caminh\u00e3o roubado no Piau\u00ed - Portal Not\u00edcia em Pauta<\/title>\n<meta name=\"robots\" content=\"index, follow, max-snippet:-1, max-image-preview:large, max-video-preview:-1\" \/>\n<link rel=\"canonical\" href=\"https:\/\/noticiaempauta.com\/portal\/em-fronteiras-suspeito-especializado-em-roubo-de-cargas-e-preso-com-caminhao-roubado-no-piaui\/\" \/>\n<meta property=\"og:locale\" content=\"pt_BR\" \/>\n<meta property=\"og:type\" content=\"article\" \/>\n<meta property=\"og:title\" content=\"Em Fronteiras, suspeito especializado em roubo de cargas \u00e9 preso com caminh\u00e3o roubado no Piau\u00ed\" \/>\n<meta property=\"og:description\" content=\"Um homem suspeito de integrar uma organiza\u00e7\u00e3o criminosa especializada em roubo de cargas foi preso na noite de s\u00e1bado (21), em uma a\u00e7\u00e3o que resultou na recupera\u00e7\u00e3o de uma carreta carregada de biscoitos na BR-230, em Fronteiras (PI). De acordo com informa\u00e7\u00f5es da Pol\u00edcia Militar do Piau\u00ed, o caso ocorreu por volta de 23h, quando [&hellip;]\" \/>\n<meta property=\"og:url\" content=\"https:\/\/noticiaempauta.com\/portal\/em-fronteiras-suspeito-especializado-em-roubo-de-cargas-e-preso-com-caminhao-roubado-no-piaui\/\" \/>\n<meta property=\"og:site_name\" content=\"Portal Not\u00edcia em Pauta\" \/>\n<meta property=\"article:publisher\" content=\"https:\/\/www.facebook.com\/Portal-Notcia-Em-Pauta-102292869264820\/\" \/>\n<meta property=\"article:published_time\" content=\"2026-02-22T19:45:23+00:00\" \/>\n<meta property=\"article:modified_time\" content=\"2026-02-22T19:45:25+00:00\" \/>\n<meta property=\"og:image\" content=\"https:\/\/noticiaempauta.com\/portal\/wp-content\/uploads\/2026\/02\/IMG_4034.webp\" \/>\n\t<meta property=\"og:image:width\" content=\"800\" \/>\n\t<meta property=\"og:image:height\" content=\"565\" \/>\n\t<meta property=\"og:image:type\" content=\"image\/webp\" \/>\n<meta name=\"author\" content=\"Reda\u00e7\u00e3o\" \/>\n<meta name=\"twitter:card\" content=\"summary_large_image\" \/>\n<meta name=\"twitter:label1\" content=\"Escrito por\" \/>\n\t<meta name=\"twitter:data1\" content=\"Reda\u00e7\u00e3o\" \/>\n\t<meta name=\"twitter:label2\" content=\"Est. tempo de leitura\" \/>\n\t<meta name=\"twitter:data2\" content=\"2 minutos\" \/>\n<script type=\"application\/ld+json\" class=\"yoast-schema-graph\">{\"@context\":\"https:\/\/schema.org\",\"@graph\":[{\"@type\":\"Article\",\"@id\":\"https:\/\/noticiaempauta.com\/portal\/em-fronteiras-suspeito-especializado-em-roubo-de-cargas-e-preso-com-caminhao-roubado-no-piaui\/#article\",\"isPartOf\":{\"@id\":\"https:\/\/noticiaempauta.com\/portal\/em-fronteiras-suspeito-especializado-em-roubo-de-cargas-e-preso-com-caminhao-roubado-no-piaui\/\"},\"author\":{\"name\":\"Reda\u00e7\u00e3o\",\"@id\":\"https:\/\/noticiaempauta.com\/portal\/#\/schema\/person\/a74af43dd1ab3deca45f988c717d57ac\"},\"headline\":\"Em Fronteiras, suspeito especializado em roubo de cargas \u00e9 preso com caminh\u00e3o roubado no Piau\u00ed\",\"datePublished\":\"2026-02-22T19:45:23+00:00\",\"dateModified\":\"2026-02-22T19:45:25+00:00\",\"mainEntityOfPage\":{\"@id\":\"https:\/\/noticiaempauta.com\/portal\/em-fronteiras-suspeito-especializado-em-roubo-de-cargas-e-preso-com-caminhao-roubado-no-piaui\/\"},\"wordCount\":326,\"publisher\":{\"@id\":\"https:\/\/noticiaempauta.com\/portal\/#organization\"},\"image\":{\"@id\":\"https:\/\/noticiaempauta.com\/portal\/em-fronteiras-suspeito-especializado-em-roubo-de-cargas-e-preso-com-caminhao-roubado-no-piaui\/#primaryimage\"},\"thumbnailUrl\":\"https:\/\/noticiaempauta.com\/portal\/wp-content\/uploads\/2026\/02\/IMG_4034.webp\",\"keywords\":[\"destaqueprincipal\"],\"articleSection\":[\"Destaques\",\"Geral\",\"Munic\u00edpios\",\"Pol\u00edcia\",\"Todas as Not\u00edcias\"],\"inLanguage\":\"pt-BR\"},{\"@type\":\"WebPage\",\"@id\":\"https:\/\/noticiaempauta.com\/portal\/em-fronteiras-suspeito-especializado-em-roubo-de-cargas-e-preso-com-caminhao-roubado-no-piaui\/\",\"url\":\"https:\/\/noticiaempauta.com\/portal\/em-fronteiras-suspeito-especializado-em-roubo-de-cargas-e-preso-com-caminhao-roubado-no-piaui\/\",\"name\":\"Em Fronteiras, suspeito especializado em roubo de cargas \u00e9 preso com caminh\u00e3o roubado no Piau\u00ed - Portal Not\u00edcia em Pauta\",\"isPartOf\":{\"@id\":\"https:\/\/noticiaempauta.com\/portal\/#website\"},\"primaryImageOfPage\":{\"@id\":\"https:\/\/noticiaempauta.com\/portal\/em-fronteiras-suspeito-especializado-em-roubo-de-cargas-e-preso-com-caminhao-roubado-no-piaui\/#primaryimage\"},\"image\":{\"@id\":\"https:\/\/noticiaempauta.com\/portal\/em-fronteiras-suspeito-especializado-em-roubo-de-cargas-e-preso-com-caminhao-roubado-no-piaui\/#primaryimage\"},\"thumbnailUrl\":\"https:\/\/noticiaempauta.com\/portal\/wp-content\/uploads\/2026\/02\/IMG_4034.webp\",\"datePublished\":\"2026-02-22T19:45:23+00:00\",\"dateModified\":\"2026-02-22T19:45:25+00:00\",\"breadcrumb\":{\"@id\":\"https:\/\/noticiaempauta.com\/portal\/em-fronteiras-suspeito-especializado-em-roubo-de-cargas-e-preso-com-caminhao-roubado-no-piaui\/#breadcrumb\"},\"inLanguage\":\"pt-BR\",\"potentialAction\":[{\"@type\":\"ReadAction\",\"target\":[\"https:\/\/noticiaempauta.com\/portal\/em-fronteiras-suspeito-especializado-em-roubo-de-cargas-e-preso-com-caminhao-roubado-no-piaui\/\"]}]},{\"@type\":\"ImageObject\",\"inLanguage\":\"pt-BR\",\"@id\":\"https:\/\/noticiaempauta.com\/portal\/em-fronteiras-suspeito-especializado-em-roubo-de-cargas-e-preso-com-caminhao-roubado-no-piaui\/#primaryimage\",\"url\":\"https:\/\/noticiaempauta.com\/portal\/wp-content\/uploads\/2026\/02\/IMG_4034.webp\",\"contentUrl\":\"https:\/\/noticiaempauta.com\/portal\/wp-content\/uploads\/2026\/02\/IMG_4034.webp\",\"width\":800,\"height\":565},{\"@type\":\"BreadcrumbList\",\"@id\":\"https:\/\/noticiaempauta.com\/portal\/em-fronteiras-suspeito-especializado-em-roubo-de-cargas-e-preso-com-caminhao-roubado-no-piaui\/#breadcrumb\",\"itemListElement\":[{\"@type\":\"ListItem\",\"position\":1,\"name\":\"P\u00e1gina Inicial\",\"item\":\"https:\/\/noticiaempauta.com\/portal\/\"},{\"@type\":\"ListItem\",\"position\":2,\"name\":\"Destaques\",\"item\":\"https:\/\/noticiaempauta.com\/portal\/destaques-site\/\"},{\"@type\":\"ListItem\",\"position\":3,\"name\":\"Em Fronteiras, suspeito especializado em roubo de cargas \u00e9 preso com caminh\u00e3o roubado no Piau\u00ed\"}]},{\"@type\":\"WebSite\",\"@id\":\"https:\/\/noticiaempauta.com\/portal\/#website\",\"url\":\"https:\/\/noticiaempauta.com\/portal\/\",\"name\":\"Portal Not\u00edcia em Pauta\",\"description\":\"Voc\u00ea bem informado\",\"publisher\":{\"@id\":\"https:\/\/noticiaempauta.com\/portal\/#organization\"},\"potentialAction\":[{\"@type\":\"SearchAction\",\"target\":{\"@type\":\"EntryPoint\",\"urlTemplate\":\"https:\/\/noticiaempauta.com\/portal\/?s={search_term_string}\"},\"query-input\":{\"@type\":\"PropertyValueSpecification\",\"valueRequired\":true,\"valueName\":\"search_term_string\"}}],\"inLanguage\":\"pt-BR\"},{\"@type\":\"Organization\",\"@id\":\"https:\/\/noticiaempauta.com\/portal\/#organization\",\"name\":\"Portal Not\u00edcia em Pauta\",\"url\":\"https:\/\/noticiaempauta.com\/portal\/\",\"logo\":{\"@type\":\"ImageObject\",\"inLanguage\":\"pt-BR\",\"@id\":\"https:\/\/noticiaempauta.com\/portal\/#\/schema\/logo\/image\/\",\"url\":\"https:\/\/noticiaempauta.com\/portal\/wp-content\/uploads\/2022\/08\/logomarca_tema.fw_.png\",\"contentUrl\":\"https:\/\/noticiaempauta.com\/portal\/wp-content\/uploads\/2022\/08\/logomarca_tema.fw_.png\",\"width\":400,\"height\":232,\"caption\":\"Portal Not\u00edcia em Pauta\"},\"image\":{\"@id\":\"https:\/\/noticiaempauta.com\/portal\/#\/schema\/logo\/image\/\"},\"sameAs\":[\"https:\/\/www.facebook.com\/Portal-Notcia-Em-Pauta-102292869264820\/\",\"https:\/\/www.instagram.com\/portalnoticiaempauta\/\"]},{\"@type\":\"Person\",\"@id\":\"https:\/\/noticiaempauta.com\/portal\/#\/schema\/person\/a74af43dd1ab3deca45f988c717d57ac\",\"name\":\"Reda\u00e7\u00e3o\",\"image\":{\"@type\":\"ImageObject\",\"inLanguage\":\"pt-BR\",\"@id\":\"https:\/\/noticiaempauta.com\/portal\/#\/schema\/person\/image\/\",\"url\":\"https:\/\/secure.gravatar.com\/avatar\/03179346ecce6cdfc13361603e8f54242a90e5cde8618fa23c5c00aa2b0aadf3?s=96&d=mm&r=g\",\"contentUrl\":\"https:\/\/secure.gravatar.com\/avatar\/03179346ecce6cdfc13361603e8f54242a90e5cde8618fa23c5c00aa2b0aadf3?s=96&d=mm&r=g\",\"caption\":\"Reda\u00e7\u00e3o\"},\"sameAs\":[\"https:\/\/noticiaempauta.com\/portal\/\"],\"url\":\"https:\/\/noticiaempauta.com\/portal\/author\/fernando\/\"}]}<\/script>\n<!-- \/ Yoast SEO Premium plugin. -->","yoast_head_json":{"title":"Em Fronteiras, suspeito especializado em roubo de cargas \u00e9 preso com caminh\u00e3o roubado no Piau\u00ed - Portal Not\u00edcia em Pauta","robots":{"index":"index","follow":"follow","max-snippet":"max-snippet:-1","max-image-preview":"max-image-preview:large","max-video-preview":"max-video-preview:-1"},"canonical":"https:\/\/noticiaempauta.com\/portal\/em-fronteiras-suspeito-especializado-em-roubo-de-cargas-e-preso-com-caminhao-roubado-no-piaui\/","og_locale":"pt_BR","og_type":"article","og_title":"Em Fronteiras, suspeito especializado em roubo de cargas \u00e9 preso com caminh\u00e3o roubado no Piau\u00ed","og_description":"Um homem suspeito de integrar uma organiza\u00e7\u00e3o criminosa especializada em roubo de cargas foi preso na noite de s\u00e1bado (21), em uma a\u00e7\u00e3o que resultou na recupera\u00e7\u00e3o de uma carreta carregada de biscoitos na BR-230, em Fronteiras (PI). De acordo com informa\u00e7\u00f5es da Pol\u00edcia Militar do Piau\u00ed, o caso ocorreu por volta de 23h, quando [&hellip;]","og_url":"https:\/\/noticiaempauta.com\/portal\/em-fronteiras-suspeito-especializado-em-roubo-de-cargas-e-preso-com-caminhao-roubado-no-piaui\/","og_site_name":"Portal Not\u00edcia em Pauta","article_publisher":"https:\/\/www.facebook.com\/Portal-Notcia-Em-Pauta-102292869264820\/","article_published_time":"2026-02-22T19:45:23+00:00","article_modified_time":"2026-02-22T19:45:25+00:00","og_image":[{"width":800,"height":565,"url":"https:\/\/noticiaempauta.com\/portal\/wp-content\/uploads\/2026\/02\/IMG_4034.webp","type":"image\/webp"}],"author":"Reda\u00e7\u00e3o","twitter_card":"summary_large_image","twitter_misc":{"Escrito por":"Reda\u00e7\u00e3o","Est. tempo de leitura":"2 minutos"},"schema":{"@context":"https:\/\/schema.org","@graph":[{"@type":"Article","@id":"https:\/\/noticiaempauta.com\/portal\/em-fronteiras-suspeito-especializado-em-roubo-de-cargas-e-preso-com-caminhao-roubado-no-piaui\/#article","isPartOf":{"@id":"https:\/\/noticiaempauta.com\/portal\/em-fronteiras-suspeito-especializado-em-roubo-de-cargas-e-preso-com-caminhao-roubado-no-piaui\/"},"author":{"name":"Reda\u00e7\u00e3o","@id":"https:\/\/noticiaempauta.com\/portal\/#\/schema\/person\/a74af43dd1ab3deca45f988c717d57ac"},"headline":"Em Fronteiras, suspeito especializado em roubo de cargas \u00e9 preso com caminh\u00e3o roubado no Piau\u00ed","datePublished":"2026-02-22T19:45:23+00:00","dateModified":"2026-02-22T19:45:25+00:00","mainEntityOfPage":{"@id":"https:\/\/noticiaempauta.com\/portal\/em-fronteiras-suspeito-especializado-em-roubo-de-cargas-e-preso-com-caminhao-roubado-no-piaui\/"},"wordCount":326,"publisher":{"@id":"https:\/\/noticiaempauta.com\/portal\/#organization"},"image":{"@id":"https:\/\/noticiaempauta.com\/portal\/em-fronteiras-suspeito-especializado-em-roubo-de-cargas-e-preso-com-caminhao-roubado-no-piaui\/#primaryimage"},"thumbnailUrl":"https:\/\/noticiaempauta.com\/portal\/wp-content\/uploads\/2026\/02\/IMG_4034.webp","keywords":["destaqueprincipal"],"articleSection":["Destaques","Geral","Munic\u00edpios","Pol\u00edcia","Todas as Not\u00edcias"],"inLanguage":"pt-BR"},{"@type":"WebPage","@id":"https:\/\/noticiaempauta.com\/portal\/em-fronteiras-suspeito-especializado-em-roubo-de-cargas-e-preso-com-caminhao-roubado-no-piaui\/","url":"https:\/\/noticiaempauta.com\/portal\/em-fronteiras-suspeito-especializado-em-roubo-de-cargas-e-preso-com-caminhao-roubado-no-piaui\/","name":"Em Fronteiras, suspeito especializado em roubo de cargas \u00e9 preso com caminh\u00e3o roubado no Piau\u00ed - Portal Not\u00edcia em Pauta","isPartOf":{"@id":"https:\/\/noticiaempauta.com\/portal\/#website"},"primaryImageOfPage":{"@id":"https:\/\/noticiaempauta.com\/portal\/em-fronteiras-suspeito-especializado-em-roubo-de-cargas-e-preso-com-caminhao-roubado-no-piaui\/#primaryimage"},"image":{"@id":"https:\/\/noticiaempauta.com\/portal\/em-fronteiras-suspeito-especializado-em-roubo-de-cargas-e-preso-com-caminhao-roubado-no-piaui\/#primaryimage"},"thumbnailUrl":"https:\/\/noticiaempauta.com\/portal\/wp-content\/uploads\/2026\/02\/IMG_4034.webp","datePublished":"2026-02-22T19:45:23+00:00","dateModified":"2026-02-22T19:45:25+00:00","breadcrumb":{"@id":"https:\/\/noticiaempauta.com\/portal\/em-fronteiras-suspeito-especializado-em-roubo-de-cargas-e-preso-com-caminhao-roubado-no-piaui\/#breadcrumb"},"inLanguage":"pt-BR","potentialAction":[{"@type":"ReadAction","target":["https:\/\/noticiaempauta.com\/portal\/em-fronteiras-suspeito-especializado-em-roubo-de-cargas-e-preso-com-caminhao-roubado-no-piaui\/"]}]},{"@type":"ImageObject","inLanguage":"pt-BR","@id":"https:\/\/noticiaempauta.com\/portal\/em-fronteiras-suspeito-especializado-em-roubo-de-cargas-e-preso-com-caminhao-roubado-no-piaui\/#primaryimage","url":"https:\/\/noticiaempauta.com\/portal\/wp-content\/uploads\/2026\/02\/IMG_4034.webp","contentUrl":"https:\/\/noticiaempauta.com\/portal\/wp-content\/uploads\/2026\/02\/IMG_4034.webp","width":800,"height":565},{"@type":"BreadcrumbList","@id":"https:\/\/noticiaempauta.com\/portal\/em-fronteiras-suspeito-especializado-em-roubo-de-cargas-e-preso-com-caminhao-roubado-no-piaui\/#breadcrumb","itemListElement":[{"@type":"ListItem","position":1,"name":"P\u00e1gina Inicial","item":"https:\/\/noticiaempauta.com\/portal\/"},{"@type":"ListItem","position":2,"name":"Destaques","item":"https:\/\/noticiaempauta.com\/portal\/destaques-site\/"},{"@type":"ListItem","position":3,"name":"Em Fronteiras, suspeito especializado em roubo de cargas \u00e9 preso com caminh\u00e3o roubado no Piau\u00ed"}]},{"@type":"WebSite","@id":"https:\/\/noticiaempauta.com\/portal\/#website","url":"https:\/\/noticiaempauta.com\/portal\/","name":"Portal Not\u00edcia em Pauta","description":"Voc\u00ea bem informado","publisher":{"@id":"https:\/\/noticiaempauta.com\/portal\/#organization"},"potentialAction":[{"@type":"SearchAction","target":{"@type":"EntryPoint","urlTemplate":"https:\/\/noticiaempauta.com\/portal\/?s={search_term_string}"},"query-input":{"@type":"PropertyValueSpecification","valueRequired":true,"valueName":"search_term_string"}}],"inLanguage":"pt-BR"},{"@type":"Organization","@id":"https:\/\/noticiaempauta.com\/portal\/#organization","name":"Portal Not\u00edcia em Pauta","url":"https:\/\/noticiaempauta.com\/portal\/","logo":{"@type":"ImageObject","inLanguage":"pt-BR","@id":"https:\/\/noticiaempauta.com\/portal\/#\/schema\/logo\/image\/","url":"https:\/\/noticiaempauta.com\/portal\/wp-content\/uploads\/2022\/08\/logomarca_tema.fw_.png","contentUrl":"https:\/\/noticiaempauta.com\/portal\/wp-content\/uploads\/2022\/08\/logomarca_tema.fw_.png","width":400,"height":232,"caption":"Portal Not\u00edcia em Pauta"},"image":{"@id":"https:\/\/noticiaempauta.com\/portal\/#\/schema\/logo\/image\/"},"sameAs":["https:\/\/www.facebook.com\/Portal-Notcia-Em-Pauta-102292869264820\/","https:\/\/www.instagram.com\/portalnoticiaempauta\/"]},{"@type":"Person","@id":"https:\/\/noticiaempauta.com\/portal\/#\/schema\/person\/a74af43dd1ab3deca45f988c717d57ac","name":"Reda\u00e7\u00e3o","image":{"@type":"ImageObject","inLanguage":"pt-BR","@id":"https:\/\/noticiaempauta.com\/portal\/#\/schema\/person\/image\/","url":"https:\/\/secure.gravatar.com\/avatar\/03179346ecce6cdfc13361603e8f54242a90e5cde8618fa23c5c00aa2b0aadf3?s=96&d=mm&r=g","contentUrl":"https:\/\/secure.gravatar.com\/avatar\/03179346ecce6cdfc13361603e8f54242a90e5cde8618fa23c5c00aa2b0aadf3?s=96&d=mm&r=g","caption":"Reda\u00e7\u00e3o"},"sameAs":["https:\/\/noticiaempauta.com\/portal\/"],"url":"https:\/\/noticiaempauta.com\/portal\/author\/fernando\/"}]}},"_links":{"self":[{"href":"https:\/\/noticiaempauta.com\/portal\/wp-json\/wp\/v2\/posts\/285631","targetHints":{"allow":["GET"]}}],"collection":[{"href":"https:\/\/noticiaempauta.com\/portal\/wp-json\/wp\/v2\/posts"}],"about":[{"href":"https:\/\/noticiaempauta.com\/portal\/wp-json\/wp\/v2\/types\/post"}],"author":[{"embeddable":true,"href":"https:\/\/noticiaempauta.com\/portal\/wp-json\/wp\/v2\/users\/2"}],"replies":[{"embeddable":true,"href":"https:\/\/noticiaempauta.com\/portal\/wp-json\/wp\/v2\/comments?post=285631"}],"version-history":[{"count":2,"href":"https:\/\/noticiaempauta.com\/portal\/wp-json\/wp\/v2\/posts\/285631\/revisions"}],"predecessor-version":[{"id":285634,"href":"https:\/\/noticiaempauta.com\/portal\/wp-json\/wp\/v2\/posts\/285631\/revisions\/285634"}],"wp:featuredmedia":[{"embeddable":true,"href":"https:\/\/noticiaempauta.com\/portal\/wp-json\/wp\/v2\/media\/285632"}],"wp:attachment":[{"href":"https:\/\/noticiaempauta.com\/portal\/wp-json\/wp\/v2\/media?parent=285631"}],"wp:term":[{"taxonomy":"category","embeddable":true,"href":"https:\/\/noticiaempauta.com\/portal\/wp-json\/wp\/v2\/categories?post=285631"},{"taxonomy":"post_tag","embeddable":true,"href":"https:\/\/noticiaempauta.com\/portal\/wp-json\/wp\/v2\/tags?post=285631"}],"curies":[{"name":"wp","href":"https:\/\/api.w.org\/{rel}","templated":true}]}}