{"id":285635,"date":"2026-02-22T16:54:31","date_gmt":"2026-02-22T19:54:31","guid":{"rendered":"https:\/\/noticiaempauta.com\/portal\/?p=285635"},"modified":"2026-02-22T16:54:33","modified_gmt":"2026-02-22T19:54:33","slug":"empresario-morre-apos-carro-capotar-na-pi-378-em-pio-ix","status":"publish","type":"post","link":"https:\/\/noticiaempauta.com\/portal\/empresario-morre-apos-carro-capotar-na-pi-378-em-pio-ix\/","title":{"rendered":"Empres\u00e1rio morre ap\u00f3s carro capotar na PI-378, em Pio IX"},"content":{"rendered":"\n<p><strong>Um homem identificado como Giliard<\/strong>,&nbsp;<strong>empres\u00e1rio de 44 anos<\/strong>,<strong>&nbsp;morreu ap\u00f3s um grave acidente<\/strong>&nbsp;registrado por volta das 19h deste s\u00e1bado (21)&nbsp;<strong>na rodovia PI-378<\/strong>,&nbsp;<strong>estrada que liga o munic\u00edpio de Pio IX \u00e0 BR-020<\/strong>, nas proximidades do assentamento Nova Esperan\u00e7a.<\/p>\n\n\n\n<figure class=\"wp-block-image size-large\"><img fetchpriority=\"high\" decoding=\"async\" width=\"1024\" height=\"768\" src=\"https:\/\/noticiaempauta.com\/portal\/wp-content\/uploads\/2026\/02\/IMG_4044-1024x768.webp\" alt=\"\" class=\"wp-image-285636\" srcset=\"https:\/\/noticiaempauta.com\/portal\/wp-content\/uploads\/2026\/02\/IMG_4044-1024x768.webp 1024w, https:\/\/noticiaempauta.com\/portal\/wp-content\/uploads\/2026\/02\/IMG_4044-300x225.webp 300w, https:\/\/noticiaempauta.com\/portal\/wp-content\/uploads\/2026\/02\/IMG_4044-768x576.webp 768w, https:\/\/noticiaempauta.com\/portal\/wp-content\/uploads\/2026\/02\/IMG_4044.webp 1280w\" sizes=\"(max-width: 1024px) 100vw, 1024px\" \/><figcaption class=\"wp-element-caption\">(Foto: PM-PI)<\/figcaption><\/figure>\n\n\n\n<p>De acordo com o comandante do Grupamento da Pol\u00edcia Militar (PM) em Pio IX, sargento Joelson, a guarni\u00e7\u00e3o foi acionada por populares por volta de 19h, com a informa\u00e7\u00e3o de que um ve\u00edculo havia sa\u00eddo da pista, capotado v\u00e1rias vezes e parado fora da rodovia.<\/p>\n\n\n\n<p>\u201cQuando chegamos ao local, j\u00e1 encontramos o homem em \u00f3bito. Isolamos o local e acionamos a per\u00edcia da Pol\u00edcia Civil, que realizou os procedimentos e removeu o corpo para o Instituto M\u00e9dico Legal (IML) de Picos\u201d \u201d, relatou o sargento.<\/p>\n\n\n\n<p>A equipe policial chegou ao local entre 19h20 e 19h30. Segundo a PM, o empres\u00e1rio n\u00e3o era o condutor do ve\u00edculo e estava no banco traseiro do carro, ao lado de uma mulher. O motorista era outro homem, que seguia na parte da frente do autom\u00f3vel, tamb\u00e9m acompanhado de uma mulher.&nbsp;<strong>Ao todo<\/strong>,&nbsp;<strong>quatro pessoas estavam no carro no momento do acidente<\/strong>.<\/p>\n\n\n\n<p>Ainda de acordo com a PM,&nbsp;<strong>as outras tr\u00eas pessoas j\u00e1 tinham sido socorridas por populares em ve\u00edculos particulares para o Hospital Regional de Picos<\/strong>,&nbsp;<strong>onde permanecem internadas<\/strong>.<\/p>\n\n\n\n<p>Giliard era empres\u00e1rio do ramo de cal\u00e7ados e roupas e bastante conhecido em Pio IX, onde mantinha uma loja. As circunst\u00e2ncias do acidente dever\u00e3o ser apuradas ap\u00f3s a conclus\u00e3o da per\u00edcia.<\/p>\n\n\n\n<p>Fonte: Cidade Verde<\/p>\n\n\n\n<p><\/p>\n","protected":false},"excerpt":{"rendered":"<p>Um homem identificado como Giliard,&nbsp;empres\u00e1rio de 44 anos,&nbsp;morreu ap\u00f3s um grave acidente&nbsp;registrado por volta das 19h deste s\u00e1bado (21)&nbsp;na rodovia PI-378,&nbsp;estrada que liga o munic\u00edpio de Pio IX \u00e0 BR-020, nas proximidades do assentamento Nova Esperan\u00e7a. De acordo com o comandante do Grupamento da Pol\u00edcia Militar (PM) em Pio IX, sargento Joelson, a guarni\u00e7\u00e3o foi [&hellip;]<\/p>\n","protected":false},"author":2,"featured_media":285636,"comment_status":"closed","ping_status":"closed","sticky":false,"template":"","format":"standard","meta":{"_mi_skip_tracking":false,"footnotes":""},"categories":[25,1,9,137,16],"tags":[],"class_list":["post-285635","post","type-post","status-publish","format-standard","has-post-thumbnail","hentry","category-destaques-site","category-geral","category-municipios","category-policia","category-todas"],"acf":[],"yoast_head":"<!-- This site is optimized with the Yoast SEO Premium plugin v19.2 (Yoast SEO v26.9) - https:\/\/yoast.com\/product\/yoast-seo-premium-wordpress\/ -->\n<title>Empres\u00e1rio morre ap\u00f3s carro capotar na PI-378, em Pio IX - Portal Not\u00edcia em Pauta<\/title>\n<meta name=\"robots\" content=\"index, follow, max-snippet:-1, max-image-preview:large, max-video-preview:-1\" \/>\n<link rel=\"canonical\" href=\"https:\/\/noticiaempauta.com\/portal\/empresario-morre-apos-carro-capotar-na-pi-378-em-pio-ix\/\" \/>\n<meta property=\"og:locale\" content=\"pt_BR\" \/>\n<meta property=\"og:type\" content=\"article\" \/>\n<meta property=\"og:title\" content=\"Empres\u00e1rio morre ap\u00f3s carro capotar na PI-378, em Pio IX\" \/>\n<meta property=\"og:description\" content=\"Um homem identificado como Giliard,&nbsp;empres\u00e1rio de 44 anos,&nbsp;morreu ap\u00f3s um grave acidente&nbsp;registrado por volta das 19h deste s\u00e1bado (21)&nbsp;na rodovia PI-378,&nbsp;estrada que liga o munic\u00edpio de Pio IX \u00e0 BR-020, nas proximidades do assentamento Nova Esperan\u00e7a. De acordo com o comandante do Grupamento da Pol\u00edcia Militar (PM) em Pio IX, sargento Joelson, a guarni\u00e7\u00e3o foi [&hellip;]\" \/>\n<meta property=\"og:url\" content=\"https:\/\/noticiaempauta.com\/portal\/empresario-morre-apos-carro-capotar-na-pi-378-em-pio-ix\/\" \/>\n<meta property=\"og:site_name\" content=\"Portal Not\u00edcia em Pauta\" \/>\n<meta property=\"article:publisher\" content=\"https:\/\/www.facebook.com\/Portal-Notcia-Em-Pauta-102292869264820\/\" \/>\n<meta property=\"article:published_time\" content=\"2026-02-22T19:54:31+00:00\" \/>\n<meta property=\"article:modified_time\" content=\"2026-02-22T19:54:33+00:00\" \/>\n<meta property=\"og:image\" content=\"https:\/\/noticiaempauta.com\/portal\/wp-content\/uploads\/2026\/02\/IMG_4044.webp\" \/>\n\t<meta property=\"og:image:width\" content=\"1280\" \/>\n\t<meta property=\"og:image:height\" content=\"960\" \/>\n\t<meta property=\"og:image:type\" content=\"image\/webp\" \/>\n<meta name=\"author\" content=\"Reda\u00e7\u00e3o\" \/>\n<meta name=\"twitter:card\" content=\"summary_large_image\" \/>\n<meta name=\"twitter:label1\" content=\"Escrito por\" \/>\n\t<meta name=\"twitter:data1\" content=\"Reda\u00e7\u00e3o\" \/>\n\t<meta name=\"twitter:label2\" content=\"Est. tempo de leitura\" \/>\n\t<meta name=\"twitter:data2\" content=\"2 minutos\" \/>\n<script type=\"application\/ld+json\" class=\"yoast-schema-graph\">{\"@context\":\"https:\/\/schema.org\",\"@graph\":[{\"@type\":\"Article\",\"@id\":\"https:\/\/noticiaempauta.com\/portal\/empresario-morre-apos-carro-capotar-na-pi-378-em-pio-ix\/#article\",\"isPartOf\":{\"@id\":\"https:\/\/noticiaempauta.com\/portal\/empresario-morre-apos-carro-capotar-na-pi-378-em-pio-ix\/\"},\"author\":{\"name\":\"Reda\u00e7\u00e3o\",\"@id\":\"https:\/\/noticiaempauta.com\/portal\/#\/schema\/person\/a74af43dd1ab3deca45f988c717d57ac\"},\"headline\":\"Empres\u00e1rio morre ap\u00f3s carro capotar na PI-378, em Pio IX\",\"datePublished\":\"2026-02-22T19:54:31+00:00\",\"dateModified\":\"2026-02-22T19:54:33+00:00\",\"mainEntityOfPage\":{\"@id\":\"https:\/\/noticiaempauta.com\/portal\/empresario-morre-apos-carro-capotar-na-pi-378-em-pio-ix\/\"},\"wordCount\":297,\"publisher\":{\"@id\":\"https:\/\/noticiaempauta.com\/portal\/#organization\"},\"image\":{\"@id\":\"https:\/\/noticiaempauta.com\/portal\/empresario-morre-apos-carro-capotar-na-pi-378-em-pio-ix\/#primaryimage\"},\"thumbnailUrl\":\"https:\/\/noticiaempauta.com\/portal\/wp-content\/uploads\/2026\/02\/IMG_4044.webp\",\"articleSection\":[\"Destaques\",\"Geral\",\"Munic\u00edpios\",\"Pol\u00edcia\",\"Todas as Not\u00edcias\"],\"inLanguage\":\"pt-BR\"},{\"@type\":\"WebPage\",\"@id\":\"https:\/\/noticiaempauta.com\/portal\/empresario-morre-apos-carro-capotar-na-pi-378-em-pio-ix\/\",\"url\":\"https:\/\/noticiaempauta.com\/portal\/empresario-morre-apos-carro-capotar-na-pi-378-em-pio-ix\/\",\"name\":\"Empres\u00e1rio morre ap\u00f3s carro capotar na PI-378, em Pio IX - Portal Not\u00edcia em Pauta\",\"isPartOf\":{\"@id\":\"https:\/\/noticiaempauta.com\/portal\/#website\"},\"primaryImageOfPage\":{\"@id\":\"https:\/\/noticiaempauta.com\/portal\/empresario-morre-apos-carro-capotar-na-pi-378-em-pio-ix\/#primaryimage\"},\"image\":{\"@id\":\"https:\/\/noticiaempauta.com\/portal\/empresario-morre-apos-carro-capotar-na-pi-378-em-pio-ix\/#primaryimage\"},\"thumbnailUrl\":\"https:\/\/noticiaempauta.com\/portal\/wp-content\/uploads\/2026\/02\/IMG_4044.webp\",\"datePublished\":\"2026-02-22T19:54:31+00:00\",\"dateModified\":\"2026-02-22T19:54:33+00:00\",\"breadcrumb\":{\"@id\":\"https:\/\/noticiaempauta.com\/portal\/empresario-morre-apos-carro-capotar-na-pi-378-em-pio-ix\/#breadcrumb\"},\"inLanguage\":\"pt-BR\",\"potentialAction\":[{\"@type\":\"ReadAction\",\"target\":[\"https:\/\/noticiaempauta.com\/portal\/empresario-morre-apos-carro-capotar-na-pi-378-em-pio-ix\/\"]}]},{\"@type\":\"ImageObject\",\"inLanguage\":\"pt-BR\",\"@id\":\"https:\/\/noticiaempauta.com\/portal\/empresario-morre-apos-carro-capotar-na-pi-378-em-pio-ix\/#primaryimage\",\"url\":\"https:\/\/noticiaempauta.com\/portal\/wp-content\/uploads\/2026\/02\/IMG_4044.webp\",\"contentUrl\":\"https:\/\/noticiaempauta.com\/portal\/wp-content\/uploads\/2026\/02\/IMG_4044.webp\",\"width\":1280,\"height\":960},{\"@type\":\"BreadcrumbList\",\"@id\":\"https:\/\/noticiaempauta.com\/portal\/empresario-morre-apos-carro-capotar-na-pi-378-em-pio-ix\/#breadcrumb\",\"itemListElement\":[{\"@type\":\"ListItem\",\"position\":1,\"name\":\"P\u00e1gina Inicial\",\"item\":\"https:\/\/noticiaempauta.com\/portal\/\"},{\"@type\":\"ListItem\",\"position\":2,\"name\":\"Destaques\",\"item\":\"https:\/\/noticiaempauta.com\/portal\/destaques-site\/\"},{\"@type\":\"ListItem\",\"position\":3,\"name\":\"Empres\u00e1rio morre ap\u00f3s carro capotar na PI-378, em Pio IX\"}]},{\"@type\":\"WebSite\",\"@id\":\"https:\/\/noticiaempauta.com\/portal\/#website\",\"url\":\"https:\/\/noticiaempauta.com\/portal\/\",\"name\":\"Portal Not\u00edcia em Pauta\",\"description\":\"Voc\u00ea bem informado\",\"publisher\":{\"@id\":\"https:\/\/noticiaempauta.com\/portal\/#organization\"},\"potentialAction\":[{\"@type\":\"SearchAction\",\"target\":{\"@type\":\"EntryPoint\",\"urlTemplate\":\"https:\/\/noticiaempauta.com\/portal\/?s={search_term_string}\"},\"query-input\":{\"@type\":\"PropertyValueSpecification\",\"valueRequired\":true,\"valueName\":\"search_term_string\"}}],\"inLanguage\":\"pt-BR\"},{\"@type\":\"Organization\",\"@id\":\"https:\/\/noticiaempauta.com\/portal\/#organization\",\"name\":\"Portal Not\u00edcia em Pauta\",\"url\":\"https:\/\/noticiaempauta.com\/portal\/\",\"logo\":{\"@type\":\"ImageObject\",\"inLanguage\":\"pt-BR\",\"@id\":\"https:\/\/noticiaempauta.com\/portal\/#\/schema\/logo\/image\/\",\"url\":\"https:\/\/noticiaempauta.com\/portal\/wp-content\/uploads\/2022\/08\/logomarca_tema.fw_.png\",\"contentUrl\":\"https:\/\/noticiaempauta.com\/portal\/wp-content\/uploads\/2022\/08\/logomarca_tema.fw_.png\",\"width\":400,\"height\":232,\"caption\":\"Portal Not\u00edcia em Pauta\"},\"image\":{\"@id\":\"https:\/\/noticiaempauta.com\/portal\/#\/schema\/logo\/image\/\"},\"sameAs\":[\"https:\/\/www.facebook.com\/Portal-Notcia-Em-Pauta-102292869264820\/\",\"https:\/\/www.instagram.com\/portalnoticiaempauta\/\"]},{\"@type\":\"Person\",\"@id\":\"https:\/\/noticiaempauta.com\/portal\/#\/schema\/person\/a74af43dd1ab3deca45f988c717d57ac\",\"name\":\"Reda\u00e7\u00e3o\",\"image\":{\"@type\":\"ImageObject\",\"inLanguage\":\"pt-BR\",\"@id\":\"https:\/\/noticiaempauta.com\/portal\/#\/schema\/person\/image\/\",\"url\":\"https:\/\/secure.gravatar.com\/avatar\/03179346ecce6cdfc13361603e8f54242a90e5cde8618fa23c5c00aa2b0aadf3?s=96&d=mm&r=g\",\"contentUrl\":\"https:\/\/secure.gravatar.com\/avatar\/03179346ecce6cdfc13361603e8f54242a90e5cde8618fa23c5c00aa2b0aadf3?s=96&d=mm&r=g\",\"caption\":\"Reda\u00e7\u00e3o\"},\"sameAs\":[\"https:\/\/noticiaempauta.com\/portal\/\"],\"url\":\"https:\/\/noticiaempauta.com\/portal\/author\/fernando\/\"}]}<\/script>\n<!-- \/ Yoast SEO Premium plugin. -->","yoast_head_json":{"title":"Empres\u00e1rio morre ap\u00f3s carro capotar na PI-378, em Pio IX - Portal Not\u00edcia em Pauta","robots":{"index":"index","follow":"follow","max-snippet":"max-snippet:-1","max-image-preview":"max-image-preview:large","max-video-preview":"max-video-preview:-1"},"canonical":"https:\/\/noticiaempauta.com\/portal\/empresario-morre-apos-carro-capotar-na-pi-378-em-pio-ix\/","og_locale":"pt_BR","og_type":"article","og_title":"Empres\u00e1rio morre ap\u00f3s carro capotar na PI-378, em Pio IX","og_description":"Um homem identificado como Giliard,&nbsp;empres\u00e1rio de 44 anos,&nbsp;morreu ap\u00f3s um grave acidente&nbsp;registrado por volta das 19h deste s\u00e1bado (21)&nbsp;na rodovia PI-378,&nbsp;estrada que liga o munic\u00edpio de Pio IX \u00e0 BR-020, nas proximidades do assentamento Nova Esperan\u00e7a. De acordo com o comandante do Grupamento da Pol\u00edcia Militar (PM) em Pio IX, sargento Joelson, a guarni\u00e7\u00e3o foi [&hellip;]","og_url":"https:\/\/noticiaempauta.com\/portal\/empresario-morre-apos-carro-capotar-na-pi-378-em-pio-ix\/","og_site_name":"Portal Not\u00edcia em Pauta","article_publisher":"https:\/\/www.facebook.com\/Portal-Notcia-Em-Pauta-102292869264820\/","article_published_time":"2026-02-22T19:54:31+00:00","article_modified_time":"2026-02-22T19:54:33+00:00","og_image":[{"width":1280,"height":960,"url":"https:\/\/noticiaempauta.com\/portal\/wp-content\/uploads\/2026\/02\/IMG_4044.webp","type":"image\/webp"}],"author":"Reda\u00e7\u00e3o","twitter_card":"summary_large_image","twitter_misc":{"Escrito por":"Reda\u00e7\u00e3o","Est. tempo de leitura":"2 minutos"},"schema":{"@context":"https:\/\/schema.org","@graph":[{"@type":"Article","@id":"https:\/\/noticiaempauta.com\/portal\/empresario-morre-apos-carro-capotar-na-pi-378-em-pio-ix\/#article","isPartOf":{"@id":"https:\/\/noticiaempauta.com\/portal\/empresario-morre-apos-carro-capotar-na-pi-378-em-pio-ix\/"},"author":{"name":"Reda\u00e7\u00e3o","@id":"https:\/\/noticiaempauta.com\/portal\/#\/schema\/person\/a74af43dd1ab3deca45f988c717d57ac"},"headline":"Empres\u00e1rio morre ap\u00f3s carro capotar na PI-378, em Pio IX","datePublished":"2026-02-22T19:54:31+00:00","dateModified":"2026-02-22T19:54:33+00:00","mainEntityOfPage":{"@id":"https:\/\/noticiaempauta.com\/portal\/empresario-morre-apos-carro-capotar-na-pi-378-em-pio-ix\/"},"wordCount":297,"publisher":{"@id":"https:\/\/noticiaempauta.com\/portal\/#organization"},"image":{"@id":"https:\/\/noticiaempauta.com\/portal\/empresario-morre-apos-carro-capotar-na-pi-378-em-pio-ix\/#primaryimage"},"thumbnailUrl":"https:\/\/noticiaempauta.com\/portal\/wp-content\/uploads\/2026\/02\/IMG_4044.webp","articleSection":["Destaques","Geral","Munic\u00edpios","Pol\u00edcia","Todas as Not\u00edcias"],"inLanguage":"pt-BR"},{"@type":"WebPage","@id":"https:\/\/noticiaempauta.com\/portal\/empresario-morre-apos-carro-capotar-na-pi-378-em-pio-ix\/","url":"https:\/\/noticiaempauta.com\/portal\/empresario-morre-apos-carro-capotar-na-pi-378-em-pio-ix\/","name":"Empres\u00e1rio morre ap\u00f3s carro capotar na PI-378, em Pio IX - Portal Not\u00edcia em Pauta","isPartOf":{"@id":"https:\/\/noticiaempauta.com\/portal\/#website"},"primaryImageOfPage":{"@id":"https:\/\/noticiaempauta.com\/portal\/empresario-morre-apos-carro-capotar-na-pi-378-em-pio-ix\/#primaryimage"},"image":{"@id":"https:\/\/noticiaempauta.com\/portal\/empresario-morre-apos-carro-capotar-na-pi-378-em-pio-ix\/#primaryimage"},"thumbnailUrl":"https:\/\/noticiaempauta.com\/portal\/wp-content\/uploads\/2026\/02\/IMG_4044.webp","datePublished":"2026-02-22T19:54:31+00:00","dateModified":"2026-02-22T19:54:33+00:00","breadcrumb":{"@id":"https:\/\/noticiaempauta.com\/portal\/empresario-morre-apos-carro-capotar-na-pi-378-em-pio-ix\/#breadcrumb"},"inLanguage":"pt-BR","potentialAction":[{"@type":"ReadAction","target":["https:\/\/noticiaempauta.com\/portal\/empresario-morre-apos-carro-capotar-na-pi-378-em-pio-ix\/"]}]},{"@type":"ImageObject","inLanguage":"pt-BR","@id":"https:\/\/noticiaempauta.com\/portal\/empresario-morre-apos-carro-capotar-na-pi-378-em-pio-ix\/#primaryimage","url":"https:\/\/noticiaempauta.com\/portal\/wp-content\/uploads\/2026\/02\/IMG_4044.webp","contentUrl":"https:\/\/noticiaempauta.com\/portal\/wp-content\/uploads\/2026\/02\/IMG_4044.webp","width":1280,"height":960},{"@type":"BreadcrumbList","@id":"https:\/\/noticiaempauta.com\/portal\/empresario-morre-apos-carro-capotar-na-pi-378-em-pio-ix\/#breadcrumb","itemListElement":[{"@type":"ListItem","position":1,"name":"P\u00e1gina Inicial","item":"https:\/\/noticiaempauta.com\/portal\/"},{"@type":"ListItem","position":2,"name":"Destaques","item":"https:\/\/noticiaempauta.com\/portal\/destaques-site\/"},{"@type":"ListItem","position":3,"name":"Empres\u00e1rio morre ap\u00f3s carro capotar na PI-378, em Pio IX"}]},{"@type":"WebSite","@id":"https:\/\/noticiaempauta.com\/portal\/#website","url":"https:\/\/noticiaempauta.com\/portal\/","name":"Portal Not\u00edcia em Pauta","description":"Voc\u00ea bem informado","publisher":{"@id":"https:\/\/noticiaempauta.com\/portal\/#organization"},"potentialAction":[{"@type":"SearchAction","target":{"@type":"EntryPoint","urlTemplate":"https:\/\/noticiaempauta.com\/portal\/?s={search_term_string}"},"query-input":{"@type":"PropertyValueSpecification","valueRequired":true,"valueName":"search_term_string"}}],"inLanguage":"pt-BR"},{"@type":"Organization","@id":"https:\/\/noticiaempauta.com\/portal\/#organization","name":"Portal Not\u00edcia em Pauta","url":"https:\/\/noticiaempauta.com\/portal\/","logo":{"@type":"ImageObject","inLanguage":"pt-BR","@id":"https:\/\/noticiaempauta.com\/portal\/#\/schema\/logo\/image\/","url":"https:\/\/noticiaempauta.com\/portal\/wp-content\/uploads\/2022\/08\/logomarca_tema.fw_.png","contentUrl":"https:\/\/noticiaempauta.com\/portal\/wp-content\/uploads\/2022\/08\/logomarca_tema.fw_.png","width":400,"height":232,"caption":"Portal Not\u00edcia em Pauta"},"image":{"@id":"https:\/\/noticiaempauta.com\/portal\/#\/schema\/logo\/image\/"},"sameAs":["https:\/\/www.facebook.com\/Portal-Notcia-Em-Pauta-102292869264820\/","https:\/\/www.instagram.com\/portalnoticiaempauta\/"]},{"@type":"Person","@id":"https:\/\/noticiaempauta.com\/portal\/#\/schema\/person\/a74af43dd1ab3deca45f988c717d57ac","name":"Reda\u00e7\u00e3o","image":{"@type":"ImageObject","inLanguage":"pt-BR","@id":"https:\/\/noticiaempauta.com\/portal\/#\/schema\/person\/image\/","url":"https:\/\/secure.gravatar.com\/avatar\/03179346ecce6cdfc13361603e8f54242a90e5cde8618fa23c5c00aa2b0aadf3?s=96&d=mm&r=g","contentUrl":"https:\/\/secure.gravatar.com\/avatar\/03179346ecce6cdfc13361603e8f54242a90e5cde8618fa23c5c00aa2b0aadf3?s=96&d=mm&r=g","caption":"Reda\u00e7\u00e3o"},"sameAs":["https:\/\/noticiaempauta.com\/portal\/"],"url":"https:\/\/noticiaempauta.com\/portal\/author\/fernando\/"}]}},"_links":{"self":[{"href":"https:\/\/noticiaempauta.com\/portal\/wp-json\/wp\/v2\/posts\/285635","targetHints":{"allow":["GET"]}}],"collection":[{"href":"https:\/\/noticiaempauta.com\/portal\/wp-json\/wp\/v2\/posts"}],"about":[{"href":"https:\/\/noticiaempauta.com\/portal\/wp-json\/wp\/v2\/types\/post"}],"author":[{"embeddable":true,"href":"https:\/\/noticiaempauta.com\/portal\/wp-json\/wp\/v2\/users\/2"}],"replies":[{"embeddable":true,"href":"https:\/\/noticiaempauta.com\/portal\/wp-json\/wp\/v2\/comments?post=285635"}],"version-history":[{"count":2,"href":"https:\/\/noticiaempauta.com\/portal\/wp-json\/wp\/v2\/posts\/285635\/revisions"}],"predecessor-version":[{"id":285638,"href":"https:\/\/noticiaempauta.com\/portal\/wp-json\/wp\/v2\/posts\/285635\/revisions\/285638"}],"wp:featuredmedia":[{"embeddable":true,"href":"https:\/\/noticiaempauta.com\/portal\/wp-json\/wp\/v2\/media\/285636"}],"wp:attachment":[{"href":"https:\/\/noticiaempauta.com\/portal\/wp-json\/wp\/v2\/media?parent=285635"}],"wp:term":[{"taxonomy":"category","embeddable":true,"href":"https:\/\/noticiaempauta.com\/portal\/wp-json\/wp\/v2\/categories?post=285635"},{"taxonomy":"post_tag","embeddable":true,"href":"https:\/\/noticiaempauta.com\/portal\/wp-json\/wp\/v2\/tags?post=285635"}],"curies":[{"name":"wp","href":"https:\/\/api.w.org\/{rel}","templated":true}]}}