{"id":285639,"date":"2026-02-23T08:58:05","date_gmt":"2026-02-23T11:58:05","guid":{"rendered":"https:\/\/noticiaempauta.com\/portal\/?p=285639"},"modified":"2026-02-23T08:58:07","modified_gmt":"2026-02-23T11:58:07","slug":"gestao-municipal-promove-a-primeira-copa-dos-campeoes-em-aroeiras-do-itaim","status":"publish","type":"post","link":"https:\/\/noticiaempauta.com\/portal\/gestao-municipal-promove-a-primeira-copa-dos-campeoes-em-aroeiras-do-itaim\/","title":{"rendered":"Gest\u00e3o Municipal promove a primeira Copa dos Campe\u00f5es em Aroeiras do Itaim"},"content":{"rendered":"\n<p>A Secretaria Municipal de Esportes promoveu, em parceria com a Prefeitura Municipal de Aroeiras do Itaim, a primeira Copa dos Campe\u00f5es, realizada ao longo de todo o domingo. O evento reuniu atletas do munic\u00edpio em uma programa\u00e7\u00e3o marcada pela competitividade, integra\u00e7\u00e3o social e valoriza\u00e7\u00e3o do esporte local, fortalecendo as pol\u00edticas p\u00fablicas voltadas ao esporte e ao lazer.<\/p>\n\n\n\n<figure class=\"wp-block-image size-full\"><img fetchpriority=\"high\" decoding=\"async\" width=\"960\" height=\"862\" src=\"https:\/\/noticiaempauta.com\/portal\/wp-content\/uploads\/2026\/02\/WhatsApp-Image-2026-02-23-at-08.52.22-1.webp\" alt=\"\" class=\"wp-image-285640\" srcset=\"https:\/\/noticiaempauta.com\/portal\/wp-content\/uploads\/2026\/02\/WhatsApp-Image-2026-02-23-at-08.52.22-1.webp 960w, https:\/\/noticiaempauta.com\/portal\/wp-content\/uploads\/2026\/02\/WhatsApp-Image-2026-02-23-at-08.52.22-1-300x269.webp 300w, https:\/\/noticiaempauta.com\/portal\/wp-content\/uploads\/2026\/02\/WhatsApp-Image-2026-02-23-at-08.52.22-1-768x690.webp 768w\" sizes=\"(max-width: 960px) 100vw, 960px\" \/><\/figure>\n\n\n\n<p>As partidas aconteceram durante todo o dia, com jogos pela manh\u00e3 e finais realizadas no per\u00edodo da tarde. Al\u00e9m do car\u00e1ter esportivo, a competi\u00e7\u00e3o teve como objetivo estrat\u00e9gico a observa\u00e7\u00e3o t\u00e9cnica dos atletas, visando \u00e0 forma\u00e7\u00e3o da Sele\u00e7\u00e3o Municipal de Aroeiras do Itaim, que representar\u00e1 o munic\u00edpio em competi\u00e7\u00f5es oficiais, incluindo o campeonato da APPM 2026.<\/p>\n\n\n\n<figure class=\"wp-block-image size-large\"><img decoding=\"async\" width=\"1024\" height=\"768\" src=\"https:\/\/noticiaempauta.com\/portal\/wp-content\/uploads\/2026\/02\/WhatsApp-Image-2026-02-23-at-08.52.22-4-1024x768.webp\" alt=\"\" class=\"wp-image-285641\" srcset=\"https:\/\/noticiaempauta.com\/portal\/wp-content\/uploads\/2026\/02\/WhatsApp-Image-2026-02-23-at-08.52.22-4-1024x768.webp 1024w, https:\/\/noticiaempauta.com\/portal\/wp-content\/uploads\/2026\/02\/WhatsApp-Image-2026-02-23-at-08.52.22-4-300x225.webp 300w, https:\/\/noticiaempauta.com\/portal\/wp-content\/uploads\/2026\/02\/WhatsApp-Image-2026-02-23-at-08.52.22-4-768x576.webp 768w, https:\/\/noticiaempauta.com\/portal\/wp-content\/uploads\/2026\/02\/WhatsApp-Image-2026-02-23-at-08.52.22-4.webp 1280w\" sizes=\"(max-width: 1024px) 100vw, 1024px\" \/><\/figure>\n\n\n\n<p>A equipe Louco \u00e9 Pouco sagrou-se campe\u00e3 da primeira Copa dos Campe\u00f5es, ap\u00f3s uma campanha marcada por dedica\u00e7\u00e3o, talento e esp\u00edrito esportivo. A final atraiu a aten\u00e7\u00e3o do p\u00fablico e evidenciou o potencial dos atletas locais, refor\u00e7ando a import\u00e2ncia de investimentos cont\u00ednuos no esporte amador do munic\u00edpio.<\/p>\n\n\n\n<figure class=\"wp-block-image size-large\"><img decoding=\"async\" width=\"768\" height=\"1024\" src=\"https:\/\/noticiaempauta.com\/portal\/wp-content\/uploads\/2026\/02\/WhatsApp-Image-2026-02-23-at-08.52.22-5-768x1024.webp\" alt=\"\" class=\"wp-image-285642\" srcset=\"https:\/\/noticiaempauta.com\/portal\/wp-content\/uploads\/2026\/02\/WhatsApp-Image-2026-02-23-at-08.52.22-5-768x1024.webp 768w, https:\/\/noticiaempauta.com\/portal\/wp-content\/uploads\/2026\/02\/WhatsApp-Image-2026-02-23-at-08.52.22-5-225x300.webp 225w, https:\/\/noticiaempauta.com\/portal\/wp-content\/uploads\/2026\/02\/WhatsApp-Image-2026-02-23-at-08.52.22-5.webp 960w\" sizes=\"(max-width: 768px) 100vw, 768px\" \/><\/figure>\n\n\n\n<p>Presente durante o evento, o prefeito municipal Marciano Macedo destacou a relev\u00e2ncia da competi\u00e7\u00e3o para o fortalecimento do esporte local. \u201cA Copa dos Campe\u00f5es foi um momento importante n\u00e3o apenas de competi\u00e7\u00e3o, mas tamb\u00e9m de avalia\u00e7\u00e3o. Tivemos a oportunidade de observar nossos atletas e identificar talentos que poder\u00e3o compor a Sele\u00e7\u00e3o Municipal. O esporte \u00e9 uma ferramenta fundamental de inclus\u00e3o, disciplina e desenvolvimento para a juventude\u201d, afirmou o gestor.<\/p>\n\n\n\n<figure class=\"wp-block-image size-large\"><img loading=\"lazy\" decoding=\"async\" width=\"768\" height=\"1024\" src=\"https:\/\/noticiaempauta.com\/portal\/wp-content\/uploads\/2026\/02\/WhatsApp-Image-2026-02-23-at-08.52.22-2-768x1024.webp\" alt=\"\" class=\"wp-image-285643\" srcset=\"https:\/\/noticiaempauta.com\/portal\/wp-content\/uploads\/2026\/02\/WhatsApp-Image-2026-02-23-at-08.52.22-2-768x1024.webp 768w, https:\/\/noticiaempauta.com\/portal\/wp-content\/uploads\/2026\/02\/WhatsApp-Image-2026-02-23-at-08.52.22-2-225x300.webp 225w, https:\/\/noticiaempauta.com\/portal\/wp-content\/uploads\/2026\/02\/WhatsApp-Image-2026-02-23-at-08.52.22-2.webp 960w\" sizes=\"(max-width: 768px) 100vw, 768px\" \/><\/figure>\n\n\n\n<p>A gest\u00e3o municipal reafirma seu compromisso com o incentivo ao esporte e ao lazer, entendendo essas iniciativas como essenciais para a promo\u00e7\u00e3o da qualidade de vida, da integra\u00e7\u00e3o social e da valoriza\u00e7\u00e3o dos jovens atletas de Aroeiras do Itaim.<\/p>\n\n\n\n<figure class=\"wp-block-image size-large\"><img loading=\"lazy\" decoding=\"async\" width=\"768\" height=\"1024\" src=\"https:\/\/noticiaempauta.com\/portal\/wp-content\/uploads\/2026\/02\/WhatsApp-Image-2026-02-23-at-08.52.21-768x1024.webp\" alt=\"\" class=\"wp-image-285644\" srcset=\"https:\/\/noticiaempauta.com\/portal\/wp-content\/uploads\/2026\/02\/WhatsApp-Image-2026-02-23-at-08.52.21-768x1024.webp 768w, https:\/\/noticiaempauta.com\/portal\/wp-content\/uploads\/2026\/02\/WhatsApp-Image-2026-02-23-at-08.52.21-225x300.webp 225w, https:\/\/noticiaempauta.com\/portal\/wp-content\/uploads\/2026\/02\/WhatsApp-Image-2026-02-23-at-08.52.21.webp 960w\" sizes=\"(max-width: 768px) 100vw, 768px\" \/><\/figure>\n\n\n\n<p>Estiveram presentes na ocasi\u00e3o o vice-prefeito Z\u00eanio Neves, os vereadores Zenin, Chagas de Mundim e Justino Holanda, al\u00e9m do chefe de gabinete Alexsandro Teixeira, do diretor de Esportes Facudes, diversas representa\u00e7\u00f5es do munic\u00edpio e a popula\u00e7\u00e3o, que marcou presen\u00e7a e prestigiou o evento ao longo de toda a programa\u00e7\u00e3o.<\/p>\n\n\n\n<figure class=\"wp-block-image size-large\"><img loading=\"lazy\" decoding=\"async\" width=\"768\" height=\"1024\" src=\"https:\/\/noticiaempauta.com\/portal\/wp-content\/uploads\/2026\/02\/WhatsApp-Image-2026-02-23-at-08.52.22-3-768x1024.webp\" alt=\"\" class=\"wp-image-285645\" srcset=\"https:\/\/noticiaempauta.com\/portal\/wp-content\/uploads\/2026\/02\/WhatsApp-Image-2026-02-23-at-08.52.22-3-768x1024.webp 768w, https:\/\/noticiaempauta.com\/portal\/wp-content\/uploads\/2026\/02\/WhatsApp-Image-2026-02-23-at-08.52.22-3-225x300.webp 225w, https:\/\/noticiaempauta.com\/portal\/wp-content\/uploads\/2026\/02\/WhatsApp-Image-2026-02-23-at-08.52.22-3.webp 960w\" sizes=\"(max-width: 768px) 100vw, 768px\" \/><\/figure>\n\n\n\n<figure class=\"wp-block-image size-large\"><img loading=\"lazy\" decoding=\"async\" width=\"768\" height=\"1024\" src=\"https:\/\/noticiaempauta.com\/portal\/wp-content\/uploads\/2026\/02\/WhatsApp-Image-2026-02-23-at-08.52.21-1-768x1024.webp\" alt=\"\" class=\"wp-image-285646\" srcset=\"https:\/\/noticiaempauta.com\/portal\/wp-content\/uploads\/2026\/02\/WhatsApp-Image-2026-02-23-at-08.52.21-1-768x1024.webp 768w, https:\/\/noticiaempauta.com\/portal\/wp-content\/uploads\/2026\/02\/WhatsApp-Image-2026-02-23-at-08.52.21-1-225x300.webp 225w, https:\/\/noticiaempauta.com\/portal\/wp-content\/uploads\/2026\/02\/WhatsApp-Image-2026-02-23-at-08.52.21-1.webp 960w\" sizes=\"(max-width: 768px) 100vw, 768px\" \/><\/figure>\n","protected":false},"excerpt":{"rendered":"<p>A Secretaria Municipal de Esportes promoveu, em parceria com a Prefeitura Municipal de Aroeiras do Itaim, a primeira Copa dos Campe\u00f5es, realizada ao longo de todo o domingo. O evento reuniu atletas do munic\u00edpio em uma programa\u00e7\u00e3o marcada pela competitividade, integra\u00e7\u00e3o social e valoriza\u00e7\u00e3o do esporte local, fortalecendo as pol\u00edticas p\u00fablicas voltadas ao esporte e [&hellip;]<\/p>\n","protected":false},"author":2,"featured_media":285640,"comment_status":"closed","ping_status":"closed","sticky":false,"template":"","format":"standard","meta":{"_mi_skip_tracking":false,"footnotes":""},"categories":[25,26,1,9,16],"tags":[192],"class_list":["post-285639","post","type-post","status-publish","format-standard","has-post-thumbnail","hentry","category-destaques-site","category-esporte","category-geral","category-municipios","category-todas","tag-destaqueprincipal"],"acf":[],"yoast_head":"<!-- This site is optimized with the Yoast SEO Premium plugin v19.2 (Yoast SEO v26.9) - https:\/\/yoast.com\/product\/yoast-seo-premium-wordpress\/ -->\n<title>Gest\u00e3o Municipal promove a primeira Copa dos Campe\u00f5es em Aroeiras do Itaim - Portal Not\u00edcia em Pauta<\/title>\n<meta name=\"robots\" content=\"index, follow, max-snippet:-1, max-image-preview:large, max-video-preview:-1\" \/>\n<link rel=\"canonical\" href=\"https:\/\/noticiaempauta.com\/portal\/gestao-municipal-promove-a-primeira-copa-dos-campeoes-em-aroeiras-do-itaim\/\" \/>\n<meta property=\"og:locale\" content=\"pt_BR\" \/>\n<meta property=\"og:type\" content=\"article\" \/>\n<meta property=\"og:title\" content=\"Gest\u00e3o Municipal promove a primeira Copa dos Campe\u00f5es em Aroeiras do Itaim\" \/>\n<meta property=\"og:description\" content=\"A Secretaria Municipal de Esportes promoveu, em parceria com a Prefeitura Municipal de Aroeiras do Itaim, a primeira Copa dos Campe\u00f5es, realizada ao longo de todo o domingo. O evento reuniu atletas do munic\u00edpio em uma programa\u00e7\u00e3o marcada pela competitividade, integra\u00e7\u00e3o social e valoriza\u00e7\u00e3o do esporte local, fortalecendo as pol\u00edticas p\u00fablicas voltadas ao esporte e [&hellip;]\" \/>\n<meta property=\"og:url\" content=\"https:\/\/noticiaempauta.com\/portal\/gestao-municipal-promove-a-primeira-copa-dos-campeoes-em-aroeiras-do-itaim\/\" \/>\n<meta property=\"og:site_name\" content=\"Portal Not\u00edcia em Pauta\" \/>\n<meta property=\"article:publisher\" content=\"https:\/\/www.facebook.com\/Portal-Notcia-Em-Pauta-102292869264820\/\" \/>\n<meta property=\"article:published_time\" content=\"2026-02-23T11:58:05+00:00\" \/>\n<meta property=\"article:modified_time\" content=\"2026-02-23T11:58:07+00:00\" \/>\n<meta property=\"og:image\" content=\"https:\/\/noticiaempauta.com\/portal\/wp-content\/uploads\/2026\/02\/WhatsApp-Image-2026-02-23-at-08.52.22-1.webp\" \/>\n\t<meta property=\"og:image:width\" content=\"960\" \/>\n\t<meta property=\"og:image:height\" content=\"862\" \/>\n\t<meta property=\"og:image:type\" content=\"image\/webp\" \/>\n<meta name=\"author\" content=\"Reda\u00e7\u00e3o\" \/>\n<meta name=\"twitter:card\" content=\"summary_large_image\" \/>\n<meta name=\"twitter:label1\" content=\"Escrito por\" \/>\n\t<meta name=\"twitter:data1\" content=\"Reda\u00e7\u00e3o\" \/>\n\t<meta name=\"twitter:label2\" content=\"Est. tempo de leitura\" \/>\n\t<meta name=\"twitter:data2\" content=\"4 minutos\" \/>\n<script type=\"application\/ld+json\" class=\"yoast-schema-graph\">{\"@context\":\"https:\/\/schema.org\",\"@graph\":[{\"@type\":\"Article\",\"@id\":\"https:\/\/noticiaempauta.com\/portal\/gestao-municipal-promove-a-primeira-copa-dos-campeoes-em-aroeiras-do-itaim\/#article\",\"isPartOf\":{\"@id\":\"https:\/\/noticiaempauta.com\/portal\/gestao-municipal-promove-a-primeira-copa-dos-campeoes-em-aroeiras-do-itaim\/\"},\"author\":{\"name\":\"Reda\u00e7\u00e3o\",\"@id\":\"https:\/\/noticiaempauta.com\/portal\/#\/schema\/person\/a74af43dd1ab3deca45f988c717d57ac\"},\"headline\":\"Gest\u00e3o Municipal promove a primeira Copa dos Campe\u00f5es em Aroeiras do Itaim\",\"datePublished\":\"2026-02-23T11:58:05+00:00\",\"dateModified\":\"2026-02-23T11:58:07+00:00\",\"mainEntityOfPage\":{\"@id\":\"https:\/\/noticiaempauta.com\/portal\/gestao-municipal-promove-a-primeira-copa-dos-campeoes-em-aroeiras-do-itaim\/\"},\"wordCount\":377,\"publisher\":{\"@id\":\"https:\/\/noticiaempauta.com\/portal\/#organization\"},\"image\":{\"@id\":\"https:\/\/noticiaempauta.com\/portal\/gestao-municipal-promove-a-primeira-copa-dos-campeoes-em-aroeiras-do-itaim\/#primaryimage\"},\"thumbnailUrl\":\"https:\/\/noticiaempauta.com\/portal\/wp-content\/uploads\/2026\/02\/WhatsApp-Image-2026-02-23-at-08.52.22-1.webp\",\"keywords\":[\"destaqueprincipal\"],\"articleSection\":[\"Destaques\",\"Esporte\",\"Geral\",\"Munic\u00edpios\",\"Todas as Not\u00edcias\"],\"inLanguage\":\"pt-BR\"},{\"@type\":\"WebPage\",\"@id\":\"https:\/\/noticiaempauta.com\/portal\/gestao-municipal-promove-a-primeira-copa-dos-campeoes-em-aroeiras-do-itaim\/\",\"url\":\"https:\/\/noticiaempauta.com\/portal\/gestao-municipal-promove-a-primeira-copa-dos-campeoes-em-aroeiras-do-itaim\/\",\"name\":\"Gest\u00e3o Municipal promove a primeira Copa dos Campe\u00f5es em Aroeiras do Itaim - Portal Not\u00edcia em Pauta\",\"isPartOf\":{\"@id\":\"https:\/\/noticiaempauta.com\/portal\/#website\"},\"primaryImageOfPage\":{\"@id\":\"https:\/\/noticiaempauta.com\/portal\/gestao-municipal-promove-a-primeira-copa-dos-campeoes-em-aroeiras-do-itaim\/#primaryimage\"},\"image\":{\"@id\":\"https:\/\/noticiaempauta.com\/portal\/gestao-municipal-promove-a-primeira-copa-dos-campeoes-em-aroeiras-do-itaim\/#primaryimage\"},\"thumbnailUrl\":\"https:\/\/noticiaempauta.com\/portal\/wp-content\/uploads\/2026\/02\/WhatsApp-Image-2026-02-23-at-08.52.22-1.webp\",\"datePublished\":\"2026-02-23T11:58:05+00:00\",\"dateModified\":\"2026-02-23T11:58:07+00:00\",\"breadcrumb\":{\"@id\":\"https:\/\/noticiaempauta.com\/portal\/gestao-municipal-promove-a-primeira-copa-dos-campeoes-em-aroeiras-do-itaim\/#breadcrumb\"},\"inLanguage\":\"pt-BR\",\"potentialAction\":[{\"@type\":\"ReadAction\",\"target\":[\"https:\/\/noticiaempauta.com\/portal\/gestao-municipal-promove-a-primeira-copa-dos-campeoes-em-aroeiras-do-itaim\/\"]}]},{\"@type\":\"ImageObject\",\"inLanguage\":\"pt-BR\",\"@id\":\"https:\/\/noticiaempauta.com\/portal\/gestao-municipal-promove-a-primeira-copa-dos-campeoes-em-aroeiras-do-itaim\/#primaryimage\",\"url\":\"https:\/\/noticiaempauta.com\/portal\/wp-content\/uploads\/2026\/02\/WhatsApp-Image-2026-02-23-at-08.52.22-1.webp\",\"contentUrl\":\"https:\/\/noticiaempauta.com\/portal\/wp-content\/uploads\/2026\/02\/WhatsApp-Image-2026-02-23-at-08.52.22-1.webp\",\"width\":960,\"height\":862},{\"@type\":\"BreadcrumbList\",\"@id\":\"https:\/\/noticiaempauta.com\/portal\/gestao-municipal-promove-a-primeira-copa-dos-campeoes-em-aroeiras-do-itaim\/#breadcrumb\",\"itemListElement\":[{\"@type\":\"ListItem\",\"position\":1,\"name\":\"P\u00e1gina Inicial\",\"item\":\"https:\/\/noticiaempauta.com\/portal\/\"},{\"@type\":\"ListItem\",\"position\":2,\"name\":\"Destaques\",\"item\":\"https:\/\/noticiaempauta.com\/portal\/destaques-site\/\"},{\"@type\":\"ListItem\",\"position\":3,\"name\":\"Gest\u00e3o Municipal promove a primeira Copa dos Campe\u00f5es em Aroeiras do Itaim\"}]},{\"@type\":\"WebSite\",\"@id\":\"https:\/\/noticiaempauta.com\/portal\/#website\",\"url\":\"https:\/\/noticiaempauta.com\/portal\/\",\"name\":\"Portal Not\u00edcia em Pauta\",\"description\":\"Voc\u00ea bem informado\",\"publisher\":{\"@id\":\"https:\/\/noticiaempauta.com\/portal\/#organization\"},\"potentialAction\":[{\"@type\":\"SearchAction\",\"target\":{\"@type\":\"EntryPoint\",\"urlTemplate\":\"https:\/\/noticiaempauta.com\/portal\/?s={search_term_string}\"},\"query-input\":{\"@type\":\"PropertyValueSpecification\",\"valueRequired\":true,\"valueName\":\"search_term_string\"}}],\"inLanguage\":\"pt-BR\"},{\"@type\":\"Organization\",\"@id\":\"https:\/\/noticiaempauta.com\/portal\/#organization\",\"name\":\"Portal Not\u00edcia em Pauta\",\"url\":\"https:\/\/noticiaempauta.com\/portal\/\",\"logo\":{\"@type\":\"ImageObject\",\"inLanguage\":\"pt-BR\",\"@id\":\"https:\/\/noticiaempauta.com\/portal\/#\/schema\/logo\/image\/\",\"url\":\"https:\/\/noticiaempauta.com\/portal\/wp-content\/uploads\/2022\/08\/logomarca_tema.fw_.png\",\"contentUrl\":\"https:\/\/noticiaempauta.com\/portal\/wp-content\/uploads\/2022\/08\/logomarca_tema.fw_.png\",\"width\":400,\"height\":232,\"caption\":\"Portal Not\u00edcia em Pauta\"},\"image\":{\"@id\":\"https:\/\/noticiaempauta.com\/portal\/#\/schema\/logo\/image\/\"},\"sameAs\":[\"https:\/\/www.facebook.com\/Portal-Notcia-Em-Pauta-102292869264820\/\",\"https:\/\/www.instagram.com\/portalnoticiaempauta\/\"]},{\"@type\":\"Person\",\"@id\":\"https:\/\/noticiaempauta.com\/portal\/#\/schema\/person\/a74af43dd1ab3deca45f988c717d57ac\",\"name\":\"Reda\u00e7\u00e3o\",\"image\":{\"@type\":\"ImageObject\",\"inLanguage\":\"pt-BR\",\"@id\":\"https:\/\/noticiaempauta.com\/portal\/#\/schema\/person\/image\/\",\"url\":\"https:\/\/secure.gravatar.com\/avatar\/03179346ecce6cdfc13361603e8f54242a90e5cde8618fa23c5c00aa2b0aadf3?s=96&d=mm&r=g\",\"contentUrl\":\"https:\/\/secure.gravatar.com\/avatar\/03179346ecce6cdfc13361603e8f54242a90e5cde8618fa23c5c00aa2b0aadf3?s=96&d=mm&r=g\",\"caption\":\"Reda\u00e7\u00e3o\"},\"sameAs\":[\"https:\/\/noticiaempauta.com\/portal\/\"],\"url\":\"https:\/\/noticiaempauta.com\/portal\/author\/fernando\/\"}]}<\/script>\n<!-- \/ Yoast SEO Premium plugin. -->","yoast_head_json":{"title":"Gest\u00e3o Municipal promove a primeira Copa dos Campe\u00f5es em Aroeiras do Itaim - Portal Not\u00edcia em Pauta","robots":{"index":"index","follow":"follow","max-snippet":"max-snippet:-1","max-image-preview":"max-image-preview:large","max-video-preview":"max-video-preview:-1"},"canonical":"https:\/\/noticiaempauta.com\/portal\/gestao-municipal-promove-a-primeira-copa-dos-campeoes-em-aroeiras-do-itaim\/","og_locale":"pt_BR","og_type":"article","og_title":"Gest\u00e3o Municipal promove a primeira Copa dos Campe\u00f5es em Aroeiras do Itaim","og_description":"A Secretaria Municipal de Esportes promoveu, em parceria com a Prefeitura Municipal de Aroeiras do Itaim, a primeira Copa dos Campe\u00f5es, realizada ao longo de todo o domingo. O evento reuniu atletas do munic\u00edpio em uma programa\u00e7\u00e3o marcada pela competitividade, integra\u00e7\u00e3o social e valoriza\u00e7\u00e3o do esporte local, fortalecendo as pol\u00edticas p\u00fablicas voltadas ao esporte e [&hellip;]","og_url":"https:\/\/noticiaempauta.com\/portal\/gestao-municipal-promove-a-primeira-copa-dos-campeoes-em-aroeiras-do-itaim\/","og_site_name":"Portal Not\u00edcia em Pauta","article_publisher":"https:\/\/www.facebook.com\/Portal-Notcia-Em-Pauta-102292869264820\/","article_published_time":"2026-02-23T11:58:05+00:00","article_modified_time":"2026-02-23T11:58:07+00:00","og_image":[{"width":960,"height":862,"url":"https:\/\/noticiaempauta.com\/portal\/wp-content\/uploads\/2026\/02\/WhatsApp-Image-2026-02-23-at-08.52.22-1.webp","type":"image\/webp"}],"author":"Reda\u00e7\u00e3o","twitter_card":"summary_large_image","twitter_misc":{"Escrito por":"Reda\u00e7\u00e3o","Est. tempo de leitura":"4 minutos"},"schema":{"@context":"https:\/\/schema.org","@graph":[{"@type":"Article","@id":"https:\/\/noticiaempauta.com\/portal\/gestao-municipal-promove-a-primeira-copa-dos-campeoes-em-aroeiras-do-itaim\/#article","isPartOf":{"@id":"https:\/\/noticiaempauta.com\/portal\/gestao-municipal-promove-a-primeira-copa-dos-campeoes-em-aroeiras-do-itaim\/"},"author":{"name":"Reda\u00e7\u00e3o","@id":"https:\/\/noticiaempauta.com\/portal\/#\/schema\/person\/a74af43dd1ab3deca45f988c717d57ac"},"headline":"Gest\u00e3o Municipal promove a primeira Copa dos Campe\u00f5es em Aroeiras do Itaim","datePublished":"2026-02-23T11:58:05+00:00","dateModified":"2026-02-23T11:58:07+00:00","mainEntityOfPage":{"@id":"https:\/\/noticiaempauta.com\/portal\/gestao-municipal-promove-a-primeira-copa-dos-campeoes-em-aroeiras-do-itaim\/"},"wordCount":377,"publisher":{"@id":"https:\/\/noticiaempauta.com\/portal\/#organization"},"image":{"@id":"https:\/\/noticiaempauta.com\/portal\/gestao-municipal-promove-a-primeira-copa-dos-campeoes-em-aroeiras-do-itaim\/#primaryimage"},"thumbnailUrl":"https:\/\/noticiaempauta.com\/portal\/wp-content\/uploads\/2026\/02\/WhatsApp-Image-2026-02-23-at-08.52.22-1.webp","keywords":["destaqueprincipal"],"articleSection":["Destaques","Esporte","Geral","Munic\u00edpios","Todas as Not\u00edcias"],"inLanguage":"pt-BR"},{"@type":"WebPage","@id":"https:\/\/noticiaempauta.com\/portal\/gestao-municipal-promove-a-primeira-copa-dos-campeoes-em-aroeiras-do-itaim\/","url":"https:\/\/noticiaempauta.com\/portal\/gestao-municipal-promove-a-primeira-copa-dos-campeoes-em-aroeiras-do-itaim\/","name":"Gest\u00e3o Municipal promove a primeira Copa dos Campe\u00f5es em Aroeiras do Itaim - Portal Not\u00edcia em Pauta","isPartOf":{"@id":"https:\/\/noticiaempauta.com\/portal\/#website"},"primaryImageOfPage":{"@id":"https:\/\/noticiaempauta.com\/portal\/gestao-municipal-promove-a-primeira-copa-dos-campeoes-em-aroeiras-do-itaim\/#primaryimage"},"image":{"@id":"https:\/\/noticiaempauta.com\/portal\/gestao-municipal-promove-a-primeira-copa-dos-campeoes-em-aroeiras-do-itaim\/#primaryimage"},"thumbnailUrl":"https:\/\/noticiaempauta.com\/portal\/wp-content\/uploads\/2026\/02\/WhatsApp-Image-2026-02-23-at-08.52.22-1.webp","datePublished":"2026-02-23T11:58:05+00:00","dateModified":"2026-02-23T11:58:07+00:00","breadcrumb":{"@id":"https:\/\/noticiaempauta.com\/portal\/gestao-municipal-promove-a-primeira-copa-dos-campeoes-em-aroeiras-do-itaim\/#breadcrumb"},"inLanguage":"pt-BR","potentialAction":[{"@type":"ReadAction","target":["https:\/\/noticiaempauta.com\/portal\/gestao-municipal-promove-a-primeira-copa-dos-campeoes-em-aroeiras-do-itaim\/"]}]},{"@type":"ImageObject","inLanguage":"pt-BR","@id":"https:\/\/noticiaempauta.com\/portal\/gestao-municipal-promove-a-primeira-copa-dos-campeoes-em-aroeiras-do-itaim\/#primaryimage","url":"https:\/\/noticiaempauta.com\/portal\/wp-content\/uploads\/2026\/02\/WhatsApp-Image-2026-02-23-at-08.52.22-1.webp","contentUrl":"https:\/\/noticiaempauta.com\/portal\/wp-content\/uploads\/2026\/02\/WhatsApp-Image-2026-02-23-at-08.52.22-1.webp","width":960,"height":862},{"@type":"BreadcrumbList","@id":"https:\/\/noticiaempauta.com\/portal\/gestao-municipal-promove-a-primeira-copa-dos-campeoes-em-aroeiras-do-itaim\/#breadcrumb","itemListElement":[{"@type":"ListItem","position":1,"name":"P\u00e1gina Inicial","item":"https:\/\/noticiaempauta.com\/portal\/"},{"@type":"ListItem","position":2,"name":"Destaques","item":"https:\/\/noticiaempauta.com\/portal\/destaques-site\/"},{"@type":"ListItem","position":3,"name":"Gest\u00e3o Municipal promove a primeira Copa dos Campe\u00f5es em Aroeiras do Itaim"}]},{"@type":"WebSite","@id":"https:\/\/noticiaempauta.com\/portal\/#website","url":"https:\/\/noticiaempauta.com\/portal\/","name":"Portal Not\u00edcia em Pauta","description":"Voc\u00ea bem informado","publisher":{"@id":"https:\/\/noticiaempauta.com\/portal\/#organization"},"potentialAction":[{"@type":"SearchAction","target":{"@type":"EntryPoint","urlTemplate":"https:\/\/noticiaempauta.com\/portal\/?s={search_term_string}"},"query-input":{"@type":"PropertyValueSpecification","valueRequired":true,"valueName":"search_term_string"}}],"inLanguage":"pt-BR"},{"@type":"Organization","@id":"https:\/\/noticiaempauta.com\/portal\/#organization","name":"Portal Not\u00edcia em Pauta","url":"https:\/\/noticiaempauta.com\/portal\/","logo":{"@type":"ImageObject","inLanguage":"pt-BR","@id":"https:\/\/noticiaempauta.com\/portal\/#\/schema\/logo\/image\/","url":"https:\/\/noticiaempauta.com\/portal\/wp-content\/uploads\/2022\/08\/logomarca_tema.fw_.png","contentUrl":"https:\/\/noticiaempauta.com\/portal\/wp-content\/uploads\/2022\/08\/logomarca_tema.fw_.png","width":400,"height":232,"caption":"Portal Not\u00edcia em Pauta"},"image":{"@id":"https:\/\/noticiaempauta.com\/portal\/#\/schema\/logo\/image\/"},"sameAs":["https:\/\/www.facebook.com\/Portal-Notcia-Em-Pauta-102292869264820\/","https:\/\/www.instagram.com\/portalnoticiaempauta\/"]},{"@type":"Person","@id":"https:\/\/noticiaempauta.com\/portal\/#\/schema\/person\/a74af43dd1ab3deca45f988c717d57ac","name":"Reda\u00e7\u00e3o","image":{"@type":"ImageObject","inLanguage":"pt-BR","@id":"https:\/\/noticiaempauta.com\/portal\/#\/schema\/person\/image\/","url":"https:\/\/secure.gravatar.com\/avatar\/03179346ecce6cdfc13361603e8f54242a90e5cde8618fa23c5c00aa2b0aadf3?s=96&d=mm&r=g","contentUrl":"https:\/\/secure.gravatar.com\/avatar\/03179346ecce6cdfc13361603e8f54242a90e5cde8618fa23c5c00aa2b0aadf3?s=96&d=mm&r=g","caption":"Reda\u00e7\u00e3o"},"sameAs":["https:\/\/noticiaempauta.com\/portal\/"],"url":"https:\/\/noticiaempauta.com\/portal\/author\/fernando\/"}]}},"_links":{"self":[{"href":"https:\/\/noticiaempauta.com\/portal\/wp-json\/wp\/v2\/posts\/285639","targetHints":{"allow":["GET"]}}],"collection":[{"href":"https:\/\/noticiaempauta.com\/portal\/wp-json\/wp\/v2\/posts"}],"about":[{"href":"https:\/\/noticiaempauta.com\/portal\/wp-json\/wp\/v2\/types\/post"}],"author":[{"embeddable":true,"href":"https:\/\/noticiaempauta.com\/portal\/wp-json\/wp\/v2\/users\/2"}],"replies":[{"embeddable":true,"href":"https:\/\/noticiaempauta.com\/portal\/wp-json\/wp\/v2\/comments?post=285639"}],"version-history":[{"count":2,"href":"https:\/\/noticiaempauta.com\/portal\/wp-json\/wp\/v2\/posts\/285639\/revisions"}],"predecessor-version":[{"id":285648,"href":"https:\/\/noticiaempauta.com\/portal\/wp-json\/wp\/v2\/posts\/285639\/revisions\/285648"}],"wp:featuredmedia":[{"embeddable":true,"href":"https:\/\/noticiaempauta.com\/portal\/wp-json\/wp\/v2\/media\/285640"}],"wp:attachment":[{"href":"https:\/\/noticiaempauta.com\/portal\/wp-json\/wp\/v2\/media?parent=285639"}],"wp:term":[{"taxonomy":"category","embeddable":true,"href":"https:\/\/noticiaempauta.com\/portal\/wp-json\/wp\/v2\/categories?post=285639"},{"taxonomy":"post_tag","embeddable":true,"href":"https:\/\/noticiaempauta.com\/portal\/wp-json\/wp\/v2\/tags?post=285639"}],"curies":[{"name":"wp","href":"https:\/\/api.w.org\/{rel}","templated":true}]}}