{"id":285649,"date":"2026-02-23T09:08:51","date_gmt":"2026-02-23T12:08:51","guid":{"rendered":"https:\/\/noticiaempauta.com\/portal\/?p=285649"},"modified":"2026-02-23T09:08:54","modified_gmt":"2026-02-23T12:08:54","slug":"eleicoes-2026-eleitor-tem-ate-6-de-maio-para-alterar-local-de-votacao-e-outros-dados","status":"publish","type":"post","link":"https:\/\/noticiaempauta.com\/portal\/eleicoes-2026-eleitor-tem-ate-6-de-maio-para-alterar-local-de-votacao-e-outros-dados\/","title":{"rendered":"Elei\u00e7\u00f5es 2026: eleitor tem at\u00e9 6 de maio para alterar local de vota\u00e7\u00e3o e outros dados"},"content":{"rendered":"\n<p>Com a aproxima\u00e7\u00e3o das elei\u00e7\u00f5es de 2026, os eleitores t\u00eam at\u00e9\u00a06 de maio\u00a0para\u00a0alterar o local de vota\u00e7\u00e3o\u00a0ou\u00a0atualizar dados cadastrais.<\/p>\n\n\n\n<figure class=\"wp-block-image size-full\"><img fetchpriority=\"high\" decoding=\"async\" width=\"758\" height=\"409\" src=\"https:\/\/noticiaempauta.com\/portal\/wp-content\/uploads\/2022\/09\/titulo-eleitor.jpeg\" alt=\"\" class=\"wp-image-241512\" srcset=\"https:\/\/noticiaempauta.com\/portal\/wp-content\/uploads\/2022\/09\/titulo-eleitor.jpeg 758w, https:\/\/noticiaempauta.com\/portal\/wp-content\/uploads\/2022\/09\/titulo-eleitor-300x162.jpeg 300w\" sizes=\"(max-width: 758px) 100vw, 758px\" \/><figcaption class=\"wp-element-caption\">Foto: Reprodu\u00e7\u00e3o\/TRE-PI<\/figcaption><\/figure>\n\n\n\n<p>As mudan\u00e7as podem ser feitas:<\/p>\n\n\n\n<ul class=\"wp-block-list\">\n<li><strong>Presencialmente<\/strong>, nos cart\u00f3rios eleitorais, conforme orienta\u00e7\u00f5es do Tribunal Regional Eleitoral de cada estado;<\/li>\n\n\n\n<li><strong>Pela internet<\/strong>, por meio do Autoatendimento Eleitoral no site do Tribunal Superior Eleitoral.<\/li>\n<\/ul>\n\n\n\n<h3 class=\"wp-block-heading\">Servi\u00e7os dispon\u00edveis at\u00e9 6 de maio<\/h3>\n\n\n\n<p>O eleitor tamb\u00e9m pode:<\/p>\n\n\n\n<ul class=\"wp-block-list\">\n<li>Emitir o\u00a0<strong>primeiro t\u00edtulo de eleitor<\/strong>\u00a0ou o\u00a0<strong>e-T\u00edtulo<\/strong>;<\/li>\n\n\n\n<li>Cadastrar a\u00a0<strong>biometria digital<\/strong>;<\/li>\n\n\n\n<li>Atualizar o\u00a0<strong>domic\u00edlio eleitoral<\/strong>\u00a0(munic\u00edpio de vota\u00e7\u00e3o);<\/li>\n\n\n\n<li>Corrigir ou atualizar\u00a0<strong>informa\u00e7\u00f5es cadastrais<\/strong>;<\/li>\n\n\n\n<li><strong>Regularizar pend\u00eancias<\/strong>, como multas por aus\u00eancia n\u00e3o justificada.<\/li>\n<\/ul>\n\n\n\n<h3 class=\"wp-block-heading\">Datas das elei\u00e7\u00f5es<\/h3>\n\n\n\n<p>O\u00a0primeiro turno\u00a0ser\u00e1 realizado em\u00a04 de outubro de 2026.<\/p>\n\n\n\n<p>Os brasileiros ir\u00e3o escolher:<\/p>\n\n\n\n<ul class=\"wp-block-list\">\n<li><strong>Deputados estaduais e federais<\/strong><\/li>\n\n\n\n<li><strong>Deputados distritais<\/strong>\u00a0(no Distrito Federal)<\/li>\n\n\n\n<li><strong>Senadores<\/strong><\/li>\n\n\n\n<li><strong>Governadores<\/strong><\/li>\n\n\n\n<li><strong>Presidente da Rep\u00fablica<\/strong><\/li>\n<\/ul>\n\n\n\n<p>Caso haja necessidade de\u00a0segundo turno\u00a0para presidente ou governadores, a nova vota\u00e7\u00e3o ocorrer\u00e1 em\u00a025 de outubro.<\/p>\n\n\n\n<p>Fonte: Meio News<\/p>\n","protected":false},"excerpt":{"rendered":"<p>Com a aproxima\u00e7\u00e3o das elei\u00e7\u00f5es de 2026, os eleitores t\u00eam at\u00e9\u00a06 de maio\u00a0para\u00a0alterar o local de vota\u00e7\u00e3o\u00a0ou\u00a0atualizar dados cadastrais. As mudan\u00e7as podem ser feitas: Servi\u00e7os dispon\u00edveis at\u00e9 6 de maio O eleitor tamb\u00e9m pode: Datas das elei\u00e7\u00f5es O\u00a0primeiro turno\u00a0ser\u00e1 realizado em\u00a04 de outubro de 2026. Os brasileiros ir\u00e3o escolher: Caso haja necessidade de\u00a0segundo turno\u00a0para presidente [&hellip;]<\/p>\n","protected":false},"author":2,"featured_media":241512,"comment_status":"closed","ping_status":"closed","sticky":false,"template":"","format":"standard","meta":{"_mi_skip_tracking":false,"footnotes":""},"categories":[25,1,16],"tags":[192],"class_list":["post-285649","post","type-post","status-publish","format-standard","has-post-thumbnail","hentry","category-destaques-site","category-geral","category-todas","tag-destaqueprincipal"],"acf":[],"yoast_head":"<!-- This site is optimized with the Yoast SEO Premium plugin v19.2 (Yoast SEO v26.9) - https:\/\/yoast.com\/product\/yoast-seo-premium-wordpress\/ -->\n<title>Elei\u00e7\u00f5es 2026: eleitor tem at\u00e9 6 de maio para alterar local de vota\u00e7\u00e3o e outros dados - Portal Not\u00edcia em Pauta<\/title>\n<meta name=\"robots\" content=\"index, follow, max-snippet:-1, max-image-preview:large, max-video-preview:-1\" \/>\n<link rel=\"canonical\" href=\"https:\/\/noticiaempauta.com\/portal\/eleicoes-2026-eleitor-tem-ate-6-de-maio-para-alterar-local-de-votacao-e-outros-dados\/\" \/>\n<meta property=\"og:locale\" content=\"pt_BR\" \/>\n<meta property=\"og:type\" content=\"article\" \/>\n<meta property=\"og:title\" content=\"Elei\u00e7\u00f5es 2026: eleitor tem at\u00e9 6 de maio para alterar local de vota\u00e7\u00e3o e outros dados\" \/>\n<meta property=\"og:description\" content=\"Com a aproxima\u00e7\u00e3o das elei\u00e7\u00f5es de 2026, os eleitores t\u00eam at\u00e9\u00a06 de maio\u00a0para\u00a0alterar o local de vota\u00e7\u00e3o\u00a0ou\u00a0atualizar dados cadastrais. As mudan\u00e7as podem ser feitas: Servi\u00e7os dispon\u00edveis at\u00e9 6 de maio O eleitor tamb\u00e9m pode: Datas das elei\u00e7\u00f5es O\u00a0primeiro turno\u00a0ser\u00e1 realizado em\u00a04 de outubro de 2026. Os brasileiros ir\u00e3o escolher: Caso haja necessidade de\u00a0segundo turno\u00a0para presidente [&hellip;]\" \/>\n<meta property=\"og:url\" content=\"https:\/\/noticiaempauta.com\/portal\/eleicoes-2026-eleitor-tem-ate-6-de-maio-para-alterar-local-de-votacao-e-outros-dados\/\" \/>\n<meta property=\"og:site_name\" content=\"Portal Not\u00edcia em Pauta\" \/>\n<meta property=\"article:publisher\" content=\"https:\/\/www.facebook.com\/Portal-Notcia-Em-Pauta-102292869264820\/\" \/>\n<meta property=\"article:published_time\" content=\"2026-02-23T12:08:51+00:00\" \/>\n<meta property=\"article:modified_time\" content=\"2026-02-23T12:08:54+00:00\" \/>\n<meta property=\"og:image\" content=\"https:\/\/noticiaempauta.com\/portal\/wp-content\/uploads\/2022\/09\/titulo-eleitor.jpeg\" \/>\n\t<meta property=\"og:image:width\" content=\"758\" \/>\n\t<meta property=\"og:image:height\" content=\"409\" \/>\n\t<meta property=\"og:image:type\" content=\"image\/jpeg\" \/>\n<meta name=\"author\" content=\"Reda\u00e7\u00e3o\" \/>\n<meta name=\"twitter:card\" content=\"summary_large_image\" \/>\n<meta name=\"twitter:label1\" content=\"Escrito por\" \/>\n\t<meta name=\"twitter:data1\" content=\"Reda\u00e7\u00e3o\" \/>\n\t<meta name=\"twitter:label2\" content=\"Est. tempo de leitura\" \/>\n\t<meta name=\"twitter:data2\" content=\"2 minutos\" \/>\n<script type=\"application\/ld+json\" class=\"yoast-schema-graph\">{\"@context\":\"https:\/\/schema.org\",\"@graph\":[{\"@type\":\"Article\",\"@id\":\"https:\/\/noticiaempauta.com\/portal\/eleicoes-2026-eleitor-tem-ate-6-de-maio-para-alterar-local-de-votacao-e-outros-dados\/#article\",\"isPartOf\":{\"@id\":\"https:\/\/noticiaempauta.com\/portal\/eleicoes-2026-eleitor-tem-ate-6-de-maio-para-alterar-local-de-votacao-e-outros-dados\/\"},\"author\":{\"name\":\"Reda\u00e7\u00e3o\",\"@id\":\"https:\/\/noticiaempauta.com\/portal\/#\/schema\/person\/a74af43dd1ab3deca45f988c717d57ac\"},\"headline\":\"Elei\u00e7\u00f5es 2026: eleitor tem at\u00e9 6 de maio para alterar local de vota\u00e7\u00e3o e outros dados\",\"datePublished\":\"2026-02-23T12:08:51+00:00\",\"dateModified\":\"2026-02-23T12:08:54+00:00\",\"mainEntityOfPage\":{\"@id\":\"https:\/\/noticiaempauta.com\/portal\/eleicoes-2026-eleitor-tem-ate-6-de-maio-para-alterar-local-de-votacao-e-outros-dados\/\"},\"wordCount\":188,\"publisher\":{\"@id\":\"https:\/\/noticiaempauta.com\/portal\/#organization\"},\"image\":{\"@id\":\"https:\/\/noticiaempauta.com\/portal\/eleicoes-2026-eleitor-tem-ate-6-de-maio-para-alterar-local-de-votacao-e-outros-dados\/#primaryimage\"},\"thumbnailUrl\":\"https:\/\/noticiaempauta.com\/portal\/wp-content\/uploads\/2022\/09\/titulo-eleitor.jpeg\",\"keywords\":[\"destaqueprincipal\"],\"articleSection\":[\"Destaques\",\"Geral\",\"Todas as Not\u00edcias\"],\"inLanguage\":\"pt-BR\"},{\"@type\":\"WebPage\",\"@id\":\"https:\/\/noticiaempauta.com\/portal\/eleicoes-2026-eleitor-tem-ate-6-de-maio-para-alterar-local-de-votacao-e-outros-dados\/\",\"url\":\"https:\/\/noticiaempauta.com\/portal\/eleicoes-2026-eleitor-tem-ate-6-de-maio-para-alterar-local-de-votacao-e-outros-dados\/\",\"name\":\"Elei\u00e7\u00f5es 2026: eleitor tem at\u00e9 6 de maio para alterar local de vota\u00e7\u00e3o e outros dados - Portal Not\u00edcia em Pauta\",\"isPartOf\":{\"@id\":\"https:\/\/noticiaempauta.com\/portal\/#website\"},\"primaryImageOfPage\":{\"@id\":\"https:\/\/noticiaempauta.com\/portal\/eleicoes-2026-eleitor-tem-ate-6-de-maio-para-alterar-local-de-votacao-e-outros-dados\/#primaryimage\"},\"image\":{\"@id\":\"https:\/\/noticiaempauta.com\/portal\/eleicoes-2026-eleitor-tem-ate-6-de-maio-para-alterar-local-de-votacao-e-outros-dados\/#primaryimage\"},\"thumbnailUrl\":\"https:\/\/noticiaempauta.com\/portal\/wp-content\/uploads\/2022\/09\/titulo-eleitor.jpeg\",\"datePublished\":\"2026-02-23T12:08:51+00:00\",\"dateModified\":\"2026-02-23T12:08:54+00:00\",\"breadcrumb\":{\"@id\":\"https:\/\/noticiaempauta.com\/portal\/eleicoes-2026-eleitor-tem-ate-6-de-maio-para-alterar-local-de-votacao-e-outros-dados\/#breadcrumb\"},\"inLanguage\":\"pt-BR\",\"potentialAction\":[{\"@type\":\"ReadAction\",\"target\":[\"https:\/\/noticiaempauta.com\/portal\/eleicoes-2026-eleitor-tem-ate-6-de-maio-para-alterar-local-de-votacao-e-outros-dados\/\"]}]},{\"@type\":\"ImageObject\",\"inLanguage\":\"pt-BR\",\"@id\":\"https:\/\/noticiaempauta.com\/portal\/eleicoes-2026-eleitor-tem-ate-6-de-maio-para-alterar-local-de-votacao-e-outros-dados\/#primaryimage\",\"url\":\"https:\/\/noticiaempauta.com\/portal\/wp-content\/uploads\/2022\/09\/titulo-eleitor.jpeg\",\"contentUrl\":\"https:\/\/noticiaempauta.com\/portal\/wp-content\/uploads\/2022\/09\/titulo-eleitor.jpeg\",\"width\":758,\"height\":409,\"caption\":\"Foto: Reprodu\u00e7\u00e3o\/TRE-PI\"},{\"@type\":\"BreadcrumbList\",\"@id\":\"https:\/\/noticiaempauta.com\/portal\/eleicoes-2026-eleitor-tem-ate-6-de-maio-para-alterar-local-de-votacao-e-outros-dados\/#breadcrumb\",\"itemListElement\":[{\"@type\":\"ListItem\",\"position\":1,\"name\":\"P\u00e1gina Inicial\",\"item\":\"https:\/\/noticiaempauta.com\/portal\/\"},{\"@type\":\"ListItem\",\"position\":2,\"name\":\"Destaques\",\"item\":\"https:\/\/noticiaempauta.com\/portal\/destaques-site\/\"},{\"@type\":\"ListItem\",\"position\":3,\"name\":\"Elei\u00e7\u00f5es 2026: eleitor tem at\u00e9 6 de maio para alterar local de vota\u00e7\u00e3o e outros dados\"}]},{\"@type\":\"WebSite\",\"@id\":\"https:\/\/noticiaempauta.com\/portal\/#website\",\"url\":\"https:\/\/noticiaempauta.com\/portal\/\",\"name\":\"Portal Not\u00edcia em Pauta\",\"description\":\"Voc\u00ea bem informado\",\"publisher\":{\"@id\":\"https:\/\/noticiaempauta.com\/portal\/#organization\"},\"potentialAction\":[{\"@type\":\"SearchAction\",\"target\":{\"@type\":\"EntryPoint\",\"urlTemplate\":\"https:\/\/noticiaempauta.com\/portal\/?s={search_term_string}\"},\"query-input\":{\"@type\":\"PropertyValueSpecification\",\"valueRequired\":true,\"valueName\":\"search_term_string\"}}],\"inLanguage\":\"pt-BR\"},{\"@type\":\"Organization\",\"@id\":\"https:\/\/noticiaempauta.com\/portal\/#organization\",\"name\":\"Portal Not\u00edcia em Pauta\",\"url\":\"https:\/\/noticiaempauta.com\/portal\/\",\"logo\":{\"@type\":\"ImageObject\",\"inLanguage\":\"pt-BR\",\"@id\":\"https:\/\/noticiaempauta.com\/portal\/#\/schema\/logo\/image\/\",\"url\":\"https:\/\/noticiaempauta.com\/portal\/wp-content\/uploads\/2022\/08\/logomarca_tema.fw_.png\",\"contentUrl\":\"https:\/\/noticiaempauta.com\/portal\/wp-content\/uploads\/2022\/08\/logomarca_tema.fw_.png\",\"width\":400,\"height\":232,\"caption\":\"Portal Not\u00edcia em Pauta\"},\"image\":{\"@id\":\"https:\/\/noticiaempauta.com\/portal\/#\/schema\/logo\/image\/\"},\"sameAs\":[\"https:\/\/www.facebook.com\/Portal-Notcia-Em-Pauta-102292869264820\/\",\"https:\/\/www.instagram.com\/portalnoticiaempauta\/\"]},{\"@type\":\"Person\",\"@id\":\"https:\/\/noticiaempauta.com\/portal\/#\/schema\/person\/a74af43dd1ab3deca45f988c717d57ac\",\"name\":\"Reda\u00e7\u00e3o\",\"image\":{\"@type\":\"ImageObject\",\"inLanguage\":\"pt-BR\",\"@id\":\"https:\/\/noticiaempauta.com\/portal\/#\/schema\/person\/image\/\",\"url\":\"https:\/\/secure.gravatar.com\/avatar\/03179346ecce6cdfc13361603e8f54242a90e5cde8618fa23c5c00aa2b0aadf3?s=96&d=mm&r=g\",\"contentUrl\":\"https:\/\/secure.gravatar.com\/avatar\/03179346ecce6cdfc13361603e8f54242a90e5cde8618fa23c5c00aa2b0aadf3?s=96&d=mm&r=g\",\"caption\":\"Reda\u00e7\u00e3o\"},\"sameAs\":[\"https:\/\/noticiaempauta.com\/portal\/\"],\"url\":\"https:\/\/noticiaempauta.com\/portal\/author\/fernando\/\"}]}<\/script>\n<!-- \/ Yoast SEO Premium plugin. -->","yoast_head_json":{"title":"Elei\u00e7\u00f5es 2026: eleitor tem at\u00e9 6 de maio para alterar local de vota\u00e7\u00e3o e outros dados - Portal Not\u00edcia em Pauta","robots":{"index":"index","follow":"follow","max-snippet":"max-snippet:-1","max-image-preview":"max-image-preview:large","max-video-preview":"max-video-preview:-1"},"canonical":"https:\/\/noticiaempauta.com\/portal\/eleicoes-2026-eleitor-tem-ate-6-de-maio-para-alterar-local-de-votacao-e-outros-dados\/","og_locale":"pt_BR","og_type":"article","og_title":"Elei\u00e7\u00f5es 2026: eleitor tem at\u00e9 6 de maio para alterar local de vota\u00e7\u00e3o e outros dados","og_description":"Com a aproxima\u00e7\u00e3o das elei\u00e7\u00f5es de 2026, os eleitores t\u00eam at\u00e9\u00a06 de maio\u00a0para\u00a0alterar o local de vota\u00e7\u00e3o\u00a0ou\u00a0atualizar dados cadastrais. As mudan\u00e7as podem ser feitas: Servi\u00e7os dispon\u00edveis at\u00e9 6 de maio O eleitor tamb\u00e9m pode: Datas das elei\u00e7\u00f5es O\u00a0primeiro turno\u00a0ser\u00e1 realizado em\u00a04 de outubro de 2026. Os brasileiros ir\u00e3o escolher: Caso haja necessidade de\u00a0segundo turno\u00a0para presidente [&hellip;]","og_url":"https:\/\/noticiaempauta.com\/portal\/eleicoes-2026-eleitor-tem-ate-6-de-maio-para-alterar-local-de-votacao-e-outros-dados\/","og_site_name":"Portal Not\u00edcia em Pauta","article_publisher":"https:\/\/www.facebook.com\/Portal-Notcia-Em-Pauta-102292869264820\/","article_published_time":"2026-02-23T12:08:51+00:00","article_modified_time":"2026-02-23T12:08:54+00:00","og_image":[{"width":758,"height":409,"url":"https:\/\/noticiaempauta.com\/portal\/wp-content\/uploads\/2022\/09\/titulo-eleitor.jpeg","type":"image\/jpeg"}],"author":"Reda\u00e7\u00e3o","twitter_card":"summary_large_image","twitter_misc":{"Escrito por":"Reda\u00e7\u00e3o","Est. tempo de leitura":"2 minutos"},"schema":{"@context":"https:\/\/schema.org","@graph":[{"@type":"Article","@id":"https:\/\/noticiaempauta.com\/portal\/eleicoes-2026-eleitor-tem-ate-6-de-maio-para-alterar-local-de-votacao-e-outros-dados\/#article","isPartOf":{"@id":"https:\/\/noticiaempauta.com\/portal\/eleicoes-2026-eleitor-tem-ate-6-de-maio-para-alterar-local-de-votacao-e-outros-dados\/"},"author":{"name":"Reda\u00e7\u00e3o","@id":"https:\/\/noticiaempauta.com\/portal\/#\/schema\/person\/a74af43dd1ab3deca45f988c717d57ac"},"headline":"Elei\u00e7\u00f5es 2026: eleitor tem at\u00e9 6 de maio para alterar local de vota\u00e7\u00e3o e outros dados","datePublished":"2026-02-23T12:08:51+00:00","dateModified":"2026-02-23T12:08:54+00:00","mainEntityOfPage":{"@id":"https:\/\/noticiaempauta.com\/portal\/eleicoes-2026-eleitor-tem-ate-6-de-maio-para-alterar-local-de-votacao-e-outros-dados\/"},"wordCount":188,"publisher":{"@id":"https:\/\/noticiaempauta.com\/portal\/#organization"},"image":{"@id":"https:\/\/noticiaempauta.com\/portal\/eleicoes-2026-eleitor-tem-ate-6-de-maio-para-alterar-local-de-votacao-e-outros-dados\/#primaryimage"},"thumbnailUrl":"https:\/\/noticiaempauta.com\/portal\/wp-content\/uploads\/2022\/09\/titulo-eleitor.jpeg","keywords":["destaqueprincipal"],"articleSection":["Destaques","Geral","Todas as Not\u00edcias"],"inLanguage":"pt-BR"},{"@type":"WebPage","@id":"https:\/\/noticiaempauta.com\/portal\/eleicoes-2026-eleitor-tem-ate-6-de-maio-para-alterar-local-de-votacao-e-outros-dados\/","url":"https:\/\/noticiaempauta.com\/portal\/eleicoes-2026-eleitor-tem-ate-6-de-maio-para-alterar-local-de-votacao-e-outros-dados\/","name":"Elei\u00e7\u00f5es 2026: eleitor tem at\u00e9 6 de maio para alterar local de vota\u00e7\u00e3o e outros dados - Portal Not\u00edcia em Pauta","isPartOf":{"@id":"https:\/\/noticiaempauta.com\/portal\/#website"},"primaryImageOfPage":{"@id":"https:\/\/noticiaempauta.com\/portal\/eleicoes-2026-eleitor-tem-ate-6-de-maio-para-alterar-local-de-votacao-e-outros-dados\/#primaryimage"},"image":{"@id":"https:\/\/noticiaempauta.com\/portal\/eleicoes-2026-eleitor-tem-ate-6-de-maio-para-alterar-local-de-votacao-e-outros-dados\/#primaryimage"},"thumbnailUrl":"https:\/\/noticiaempauta.com\/portal\/wp-content\/uploads\/2022\/09\/titulo-eleitor.jpeg","datePublished":"2026-02-23T12:08:51+00:00","dateModified":"2026-02-23T12:08:54+00:00","breadcrumb":{"@id":"https:\/\/noticiaempauta.com\/portal\/eleicoes-2026-eleitor-tem-ate-6-de-maio-para-alterar-local-de-votacao-e-outros-dados\/#breadcrumb"},"inLanguage":"pt-BR","potentialAction":[{"@type":"ReadAction","target":["https:\/\/noticiaempauta.com\/portal\/eleicoes-2026-eleitor-tem-ate-6-de-maio-para-alterar-local-de-votacao-e-outros-dados\/"]}]},{"@type":"ImageObject","inLanguage":"pt-BR","@id":"https:\/\/noticiaempauta.com\/portal\/eleicoes-2026-eleitor-tem-ate-6-de-maio-para-alterar-local-de-votacao-e-outros-dados\/#primaryimage","url":"https:\/\/noticiaempauta.com\/portal\/wp-content\/uploads\/2022\/09\/titulo-eleitor.jpeg","contentUrl":"https:\/\/noticiaempauta.com\/portal\/wp-content\/uploads\/2022\/09\/titulo-eleitor.jpeg","width":758,"height":409,"caption":"Foto: Reprodu\u00e7\u00e3o\/TRE-PI"},{"@type":"BreadcrumbList","@id":"https:\/\/noticiaempauta.com\/portal\/eleicoes-2026-eleitor-tem-ate-6-de-maio-para-alterar-local-de-votacao-e-outros-dados\/#breadcrumb","itemListElement":[{"@type":"ListItem","position":1,"name":"P\u00e1gina Inicial","item":"https:\/\/noticiaempauta.com\/portal\/"},{"@type":"ListItem","position":2,"name":"Destaques","item":"https:\/\/noticiaempauta.com\/portal\/destaques-site\/"},{"@type":"ListItem","position":3,"name":"Elei\u00e7\u00f5es 2026: eleitor tem at\u00e9 6 de maio para alterar local de vota\u00e7\u00e3o e outros dados"}]},{"@type":"WebSite","@id":"https:\/\/noticiaempauta.com\/portal\/#website","url":"https:\/\/noticiaempauta.com\/portal\/","name":"Portal Not\u00edcia em Pauta","description":"Voc\u00ea bem informado","publisher":{"@id":"https:\/\/noticiaempauta.com\/portal\/#organization"},"potentialAction":[{"@type":"SearchAction","target":{"@type":"EntryPoint","urlTemplate":"https:\/\/noticiaempauta.com\/portal\/?s={search_term_string}"},"query-input":{"@type":"PropertyValueSpecification","valueRequired":true,"valueName":"search_term_string"}}],"inLanguage":"pt-BR"},{"@type":"Organization","@id":"https:\/\/noticiaempauta.com\/portal\/#organization","name":"Portal Not\u00edcia em Pauta","url":"https:\/\/noticiaempauta.com\/portal\/","logo":{"@type":"ImageObject","inLanguage":"pt-BR","@id":"https:\/\/noticiaempauta.com\/portal\/#\/schema\/logo\/image\/","url":"https:\/\/noticiaempauta.com\/portal\/wp-content\/uploads\/2022\/08\/logomarca_tema.fw_.png","contentUrl":"https:\/\/noticiaempauta.com\/portal\/wp-content\/uploads\/2022\/08\/logomarca_tema.fw_.png","width":400,"height":232,"caption":"Portal Not\u00edcia em Pauta"},"image":{"@id":"https:\/\/noticiaempauta.com\/portal\/#\/schema\/logo\/image\/"},"sameAs":["https:\/\/www.facebook.com\/Portal-Notcia-Em-Pauta-102292869264820\/","https:\/\/www.instagram.com\/portalnoticiaempauta\/"]},{"@type":"Person","@id":"https:\/\/noticiaempauta.com\/portal\/#\/schema\/person\/a74af43dd1ab3deca45f988c717d57ac","name":"Reda\u00e7\u00e3o","image":{"@type":"ImageObject","inLanguage":"pt-BR","@id":"https:\/\/noticiaempauta.com\/portal\/#\/schema\/person\/image\/","url":"https:\/\/secure.gravatar.com\/avatar\/03179346ecce6cdfc13361603e8f54242a90e5cde8618fa23c5c00aa2b0aadf3?s=96&d=mm&r=g","contentUrl":"https:\/\/secure.gravatar.com\/avatar\/03179346ecce6cdfc13361603e8f54242a90e5cde8618fa23c5c00aa2b0aadf3?s=96&d=mm&r=g","caption":"Reda\u00e7\u00e3o"},"sameAs":["https:\/\/noticiaempauta.com\/portal\/"],"url":"https:\/\/noticiaempauta.com\/portal\/author\/fernando\/"}]}},"_links":{"self":[{"href":"https:\/\/noticiaempauta.com\/portal\/wp-json\/wp\/v2\/posts\/285649","targetHints":{"allow":["GET"]}}],"collection":[{"href":"https:\/\/noticiaempauta.com\/portal\/wp-json\/wp\/v2\/posts"}],"about":[{"href":"https:\/\/noticiaempauta.com\/portal\/wp-json\/wp\/v2\/types\/post"}],"author":[{"embeddable":true,"href":"https:\/\/noticiaempauta.com\/portal\/wp-json\/wp\/v2\/users\/2"}],"replies":[{"embeddable":true,"href":"https:\/\/noticiaempauta.com\/portal\/wp-json\/wp\/v2\/comments?post=285649"}],"version-history":[{"count":2,"href":"https:\/\/noticiaempauta.com\/portal\/wp-json\/wp\/v2\/posts\/285649\/revisions"}],"predecessor-version":[{"id":285651,"href":"https:\/\/noticiaempauta.com\/portal\/wp-json\/wp\/v2\/posts\/285649\/revisions\/285651"}],"wp:featuredmedia":[{"embeddable":true,"href":"https:\/\/noticiaempauta.com\/portal\/wp-json\/wp\/v2\/media\/241512"}],"wp:attachment":[{"href":"https:\/\/noticiaempauta.com\/portal\/wp-json\/wp\/v2\/media?parent=285649"}],"wp:term":[{"taxonomy":"category","embeddable":true,"href":"https:\/\/noticiaempauta.com\/portal\/wp-json\/wp\/v2\/categories?post=285649"},{"taxonomy":"post_tag","embeddable":true,"href":"https:\/\/noticiaempauta.com\/portal\/wp-json\/wp\/v2\/tags?post=285649"}],"curies":[{"name":"wp","href":"https:\/\/api.w.org\/{rel}","templated":true}]}}