{"id":285662,"date":"2026-02-23T16:50:47","date_gmt":"2026-02-23T19:50:47","guid":{"rendered":"https:\/\/noticiaempauta.com\/portal\/?p=285662"},"modified":"2026-02-23T16:50:49","modified_gmt":"2026-02-23T19:50:49","slug":"secretaria-de-transito-promove-3a-semana-municipal-de-transito-com-acoes-educativas-e-servicos-a-populacao","status":"publish","type":"post","link":"https:\/\/noticiaempauta.com\/portal\/secretaria-de-transito-promove-3a-semana-municipal-de-transito-com-acoes-educativas-e-servicos-a-populacao\/","title":{"rendered":"Secretaria de Tr\u00e2nsito promove \u201c3\u00aa Semana Municipal de Tr\u00e2nsito\u201d com a\u00e7\u00f5es educativas e servi\u00e7os \u00e0 popula\u00e7\u00e3o"},"content":{"rendered":"\n<p>A Prefeitura de Picos, por meio da Secreria Municipal de Tr\u00e2nsito, Transportes e Mobilidade Urbana, estar\u00e1 realizando entre os dias 2 e 7 de mar\u00e7o, a 3\u00aa Semana Municipal de Tr\u00e2nsito.&nbsp;A iniciativa chega \u00e0 sua terceira edi\u00e7\u00e3o neste ano de 2026 com uma programa\u00e7\u00e3o voltada \u00e0 conscientiza\u00e7\u00e3o, educa\u00e7\u00e3o e fortalecimento das a\u00e7\u00f5es de fiscaliza\u00e7\u00e3o no munic\u00edpio. A a\u00e7\u00e3o, j\u00e1 institu\u00edda por Lei municipal, tem por objetivo ampliar o debate sobre seguran\u00e7a vi\u00e1ria e aproximar o poder p\u00fablico da popula\u00e7\u00e3o.<\/p>\n\n\n\n<figure class=\"wp-block-image size-full\"><img fetchpriority=\"high\" decoding=\"async\" width=\"640\" height=\"427\" src=\"https:\/\/noticiaempauta.com\/portal\/wp-content\/uploads\/2026\/02\/CCM_0871-1-1.webp\" alt=\"\" class=\"wp-image-285663\" srcset=\"https:\/\/noticiaempauta.com\/portal\/wp-content\/uploads\/2026\/02\/CCM_0871-1-1.webp 640w, https:\/\/noticiaempauta.com\/portal\/wp-content\/uploads\/2026\/02\/CCM_0871-1-1-300x200.webp 300w\" sizes=\"(max-width: 640px) 100vw, 640px\" \/><\/figure>\n\n\n\n<p>De acordo com a educadora de tr\u00e2nsito Talita Lima, embora neste ano n\u00e3o seja poss\u00edvel realizar as atividades diretamente no per\u00edodo letivo das escolas como em edi\u00e7\u00f5es anteriores, uma unidade escolar ser\u00e1 contemplada com palestra ministrada por inspetores de tr\u00e2nsito. A proposta \u00e9 manter o foco educativo e refor\u00e7ar a forma\u00e7\u00e3o cidad\u00e3 desde cedo.<\/p>\n\n\n\n<p>\u201cA abertura oficial acontece na pr\u00f3xima segunda-feira, 2 de mar\u00e7o, no plen\u00e1rio da C\u00e2mara Municipal. O evento contar\u00e1 com palestra do major M\u00e1rio, da 1\u00aa Companhia de Tr\u00e2nsito, al\u00e9m da participa\u00e7\u00e3o dos inspetores municipais, com p\u00fablico formado por alunos da rede local. Ao longo da semana, entre ter\u00e7a e quinta-feira, ser\u00e3o realizadas blitz educativas em pontos estrat\u00e9gicos da cidade, que ser\u00e3o divulgados nas redes sociais oficiais\u201d, explica.<\/p>\n\n\n\n<p>A programa\u00e7\u00e3o ser\u00e1 encerrada no s\u00e1bado, 7 de mar\u00e7o, com a\u00e7\u00e3o integrada na Pra\u00e7a Josina Ferreira. A atividade reunir\u00e1 diversas secretarias municipais e oferecer\u00e1 servi\u00e7os p\u00fablicos nas \u00e1reas de sa\u00fade e educa\u00e7\u00e3o, al\u00e9m de um espa\u00e7o informativo sobre os processos de habilita\u00e7\u00e3o, que passaram por mudan\u00e7as recentes e ainda geram d\u00favidas na popula\u00e7\u00e3o.<\/p>\n\n\n\n<p>Para Talita Lima, a 3\u00aa Semana Municipal de Tr\u00e2nsito refor\u00e7a uma preocupa\u00e7\u00e3o permanente da gest\u00e3o do prefeito Dr. Pablo Santos e do Secret\u00e1rio de Tr\u00e2nsito Edivaldo Filho com a constru\u00e7\u00e3o de um tr\u00e2nsito mais seguro e organizado. A gestora destaca que a fiscaliza\u00e7\u00e3o tamb\u00e9m desempenha papel educativo, ao orientar condutores sobre seus direitos e deveres e promover o cumprimento das normas.<\/p>\n\n\n\n<p>A proposta, conforme explica, \u00e9 dar maior visibilidade \u00e0s a\u00e7\u00f5es j\u00e1 desenvolvidas ao longo do ano, ampliando o di\u00e1logo com a comunidade. \u201cQuando realizamos uma blitz, ela \u00e9 pensada para organizar o tr\u00e2nsito, informar a popula\u00e7\u00e3o, responder questionamentos e tirar d\u00favidas. \u00c9 uma a\u00e7\u00e3o educativa\u201d, pontua.&nbsp;Com a iniciativa, o munic\u00edpio busca \u201cjogar luz\u201d sobre um tema considerado de primeira grandeza para a qualidade de vida coletiva: a responsabilidade compartilhada por um tr\u00e2nsito mais consciente e seguro.<\/p>\n\n\n\n<p>SECOM<\/p>\n","protected":false},"excerpt":{"rendered":"<p>A Prefeitura de Picos, por meio da Secreria Municipal de Tr\u00e2nsito, Transportes e Mobilidade Urbana, estar\u00e1 realizando entre os dias 2 e 7 de mar\u00e7o, a 3\u00aa Semana Municipal de Tr\u00e2nsito.&nbsp;A iniciativa chega \u00e0 sua terceira edi\u00e7\u00e3o neste ano de 2026 com uma programa\u00e7\u00e3o voltada \u00e0 conscientiza\u00e7\u00e3o, educa\u00e7\u00e3o e fortalecimento das a\u00e7\u00f5es de fiscaliza\u00e7\u00e3o no [&hellip;]<\/p>\n","protected":false},"author":2,"featured_media":285663,"comment_status":"closed","ping_status":"closed","sticky":false,"template":"","format":"standard","meta":{"_mi_skip_tracking":false,"footnotes":""},"categories":[25,1,16],"tags":[192],"class_list":["post-285662","post","type-post","status-publish","format-standard","has-post-thumbnail","hentry","category-destaques-site","category-geral","category-todas","tag-destaqueprincipal"],"acf":[],"yoast_head":"<!-- This site is optimized with the Yoast SEO Premium plugin v19.2 (Yoast SEO v26.9) - https:\/\/yoast.com\/product\/yoast-seo-premium-wordpress\/ -->\n<title>Secretaria de Tr\u00e2nsito promove \u201c3\u00aa Semana Municipal de Tr\u00e2nsito\u201d com a\u00e7\u00f5es educativas e servi\u00e7os \u00e0 popula\u00e7\u00e3o - Portal Not\u00edcia em Pauta<\/title>\n<meta name=\"robots\" content=\"index, follow, max-snippet:-1, max-image-preview:large, max-video-preview:-1\" \/>\n<link rel=\"canonical\" href=\"https:\/\/noticiaempauta.com\/portal\/secretaria-de-transito-promove-3a-semana-municipal-de-transito-com-acoes-educativas-e-servicos-a-populacao\/\" \/>\n<meta property=\"og:locale\" content=\"pt_BR\" \/>\n<meta property=\"og:type\" content=\"article\" \/>\n<meta property=\"og:title\" content=\"Secretaria de Tr\u00e2nsito promove \u201c3\u00aa Semana Municipal de Tr\u00e2nsito\u201d com a\u00e7\u00f5es educativas e servi\u00e7os \u00e0 popula\u00e7\u00e3o\" \/>\n<meta property=\"og:description\" content=\"A Prefeitura de Picos, por meio da Secreria Municipal de Tr\u00e2nsito, Transportes e Mobilidade Urbana, estar\u00e1 realizando entre os dias 2 e 7 de mar\u00e7o, a 3\u00aa Semana Municipal de Tr\u00e2nsito.&nbsp;A iniciativa chega \u00e0 sua terceira edi\u00e7\u00e3o neste ano de 2026 com uma programa\u00e7\u00e3o voltada \u00e0 conscientiza\u00e7\u00e3o, educa\u00e7\u00e3o e fortalecimento das a\u00e7\u00f5es de fiscaliza\u00e7\u00e3o no [&hellip;]\" \/>\n<meta property=\"og:url\" content=\"https:\/\/noticiaempauta.com\/portal\/secretaria-de-transito-promove-3a-semana-municipal-de-transito-com-acoes-educativas-e-servicos-a-populacao\/\" \/>\n<meta property=\"og:site_name\" content=\"Portal Not\u00edcia em Pauta\" \/>\n<meta property=\"article:publisher\" content=\"https:\/\/www.facebook.com\/Portal-Notcia-Em-Pauta-102292869264820\/\" \/>\n<meta property=\"article:published_time\" content=\"2026-02-23T19:50:47+00:00\" \/>\n<meta property=\"article:modified_time\" content=\"2026-02-23T19:50:49+00:00\" \/>\n<meta property=\"og:image\" content=\"https:\/\/noticiaempauta.com\/portal\/wp-content\/uploads\/2026\/02\/CCM_0871-1-1.webp\" \/>\n\t<meta property=\"og:image:width\" content=\"640\" \/>\n\t<meta property=\"og:image:height\" content=\"427\" \/>\n\t<meta property=\"og:image:type\" content=\"image\/webp\" \/>\n<meta name=\"author\" content=\"Reda\u00e7\u00e3o\" \/>\n<meta name=\"twitter:card\" content=\"summary_large_image\" \/>\n<meta name=\"twitter:label1\" content=\"Escrito por\" \/>\n\t<meta name=\"twitter:data1\" content=\"Reda\u00e7\u00e3o\" \/>\n\t<meta name=\"twitter:label2\" content=\"Est. tempo de leitura\" \/>\n\t<meta name=\"twitter:data2\" content=\"3 minutos\" \/>\n<script type=\"application\/ld+json\" class=\"yoast-schema-graph\">{\"@context\":\"https:\/\/schema.org\",\"@graph\":[{\"@type\":\"Article\",\"@id\":\"https:\/\/noticiaempauta.com\/portal\/secretaria-de-transito-promove-3a-semana-municipal-de-transito-com-acoes-educativas-e-servicos-a-populacao\/#article\",\"isPartOf\":{\"@id\":\"https:\/\/noticiaempauta.com\/portal\/secretaria-de-transito-promove-3a-semana-municipal-de-transito-com-acoes-educativas-e-servicos-a-populacao\/\"},\"author\":{\"name\":\"Reda\u00e7\u00e3o\",\"@id\":\"https:\/\/noticiaempauta.com\/portal\/#\/schema\/person\/a74af43dd1ab3deca45f988c717d57ac\"},\"headline\":\"Secretaria de Tr\u00e2nsito promove \u201c3\u00aa Semana Municipal de Tr\u00e2nsito\u201d com a\u00e7\u00f5es educativas e servi\u00e7os \u00e0 popula\u00e7\u00e3o\",\"datePublished\":\"2026-02-23T19:50:47+00:00\",\"dateModified\":\"2026-02-23T19:50:49+00:00\",\"mainEntityOfPage\":{\"@id\":\"https:\/\/noticiaempauta.com\/portal\/secretaria-de-transito-promove-3a-semana-municipal-de-transito-com-acoes-educativas-e-servicos-a-populacao\/\"},\"wordCount\":470,\"publisher\":{\"@id\":\"https:\/\/noticiaempauta.com\/portal\/#organization\"},\"image\":{\"@id\":\"https:\/\/noticiaempauta.com\/portal\/secretaria-de-transito-promove-3a-semana-municipal-de-transito-com-acoes-educativas-e-servicos-a-populacao\/#primaryimage\"},\"thumbnailUrl\":\"https:\/\/noticiaempauta.com\/portal\/wp-content\/uploads\/2026\/02\/CCM_0871-1-1.webp\",\"keywords\":[\"destaqueprincipal\"],\"articleSection\":[\"Destaques\",\"Geral\",\"Todas as Not\u00edcias\"],\"inLanguage\":\"pt-BR\"},{\"@type\":\"WebPage\",\"@id\":\"https:\/\/noticiaempauta.com\/portal\/secretaria-de-transito-promove-3a-semana-municipal-de-transito-com-acoes-educativas-e-servicos-a-populacao\/\",\"url\":\"https:\/\/noticiaempauta.com\/portal\/secretaria-de-transito-promove-3a-semana-municipal-de-transito-com-acoes-educativas-e-servicos-a-populacao\/\",\"name\":\"Secretaria de Tr\u00e2nsito promove \u201c3\u00aa Semana Municipal de Tr\u00e2nsito\u201d com a\u00e7\u00f5es educativas e servi\u00e7os \u00e0 popula\u00e7\u00e3o - Portal Not\u00edcia em Pauta\",\"isPartOf\":{\"@id\":\"https:\/\/noticiaempauta.com\/portal\/#website\"},\"primaryImageOfPage\":{\"@id\":\"https:\/\/noticiaempauta.com\/portal\/secretaria-de-transito-promove-3a-semana-municipal-de-transito-com-acoes-educativas-e-servicos-a-populacao\/#primaryimage\"},\"image\":{\"@id\":\"https:\/\/noticiaempauta.com\/portal\/secretaria-de-transito-promove-3a-semana-municipal-de-transito-com-acoes-educativas-e-servicos-a-populacao\/#primaryimage\"},\"thumbnailUrl\":\"https:\/\/noticiaempauta.com\/portal\/wp-content\/uploads\/2026\/02\/CCM_0871-1-1.webp\",\"datePublished\":\"2026-02-23T19:50:47+00:00\",\"dateModified\":\"2026-02-23T19:50:49+00:00\",\"breadcrumb\":{\"@id\":\"https:\/\/noticiaempauta.com\/portal\/secretaria-de-transito-promove-3a-semana-municipal-de-transito-com-acoes-educativas-e-servicos-a-populacao\/#breadcrumb\"},\"inLanguage\":\"pt-BR\",\"potentialAction\":[{\"@type\":\"ReadAction\",\"target\":[\"https:\/\/noticiaempauta.com\/portal\/secretaria-de-transito-promove-3a-semana-municipal-de-transito-com-acoes-educativas-e-servicos-a-populacao\/\"]}]},{\"@type\":\"ImageObject\",\"inLanguage\":\"pt-BR\",\"@id\":\"https:\/\/noticiaempauta.com\/portal\/secretaria-de-transito-promove-3a-semana-municipal-de-transito-com-acoes-educativas-e-servicos-a-populacao\/#primaryimage\",\"url\":\"https:\/\/noticiaempauta.com\/portal\/wp-content\/uploads\/2026\/02\/CCM_0871-1-1.webp\",\"contentUrl\":\"https:\/\/noticiaempauta.com\/portal\/wp-content\/uploads\/2026\/02\/CCM_0871-1-1.webp\",\"width\":640,\"height\":427},{\"@type\":\"BreadcrumbList\",\"@id\":\"https:\/\/noticiaempauta.com\/portal\/secretaria-de-transito-promove-3a-semana-municipal-de-transito-com-acoes-educativas-e-servicos-a-populacao\/#breadcrumb\",\"itemListElement\":[{\"@type\":\"ListItem\",\"position\":1,\"name\":\"P\u00e1gina Inicial\",\"item\":\"https:\/\/noticiaempauta.com\/portal\/\"},{\"@type\":\"ListItem\",\"position\":2,\"name\":\"Destaques\",\"item\":\"https:\/\/noticiaempauta.com\/portal\/destaques-site\/\"},{\"@type\":\"ListItem\",\"position\":3,\"name\":\"Secretaria de Tr\u00e2nsito promove \u201c3\u00aa Semana Municipal de Tr\u00e2nsito\u201d com a\u00e7\u00f5es educativas e servi\u00e7os \u00e0 popula\u00e7\u00e3o\"}]},{\"@type\":\"WebSite\",\"@id\":\"https:\/\/noticiaempauta.com\/portal\/#website\",\"url\":\"https:\/\/noticiaempauta.com\/portal\/\",\"name\":\"Portal Not\u00edcia em Pauta\",\"description\":\"Voc\u00ea bem informado\",\"publisher\":{\"@id\":\"https:\/\/noticiaempauta.com\/portal\/#organization\"},\"potentialAction\":[{\"@type\":\"SearchAction\",\"target\":{\"@type\":\"EntryPoint\",\"urlTemplate\":\"https:\/\/noticiaempauta.com\/portal\/?s={search_term_string}\"},\"query-input\":{\"@type\":\"PropertyValueSpecification\",\"valueRequired\":true,\"valueName\":\"search_term_string\"}}],\"inLanguage\":\"pt-BR\"},{\"@type\":\"Organization\",\"@id\":\"https:\/\/noticiaempauta.com\/portal\/#organization\",\"name\":\"Portal Not\u00edcia em Pauta\",\"url\":\"https:\/\/noticiaempauta.com\/portal\/\",\"logo\":{\"@type\":\"ImageObject\",\"inLanguage\":\"pt-BR\",\"@id\":\"https:\/\/noticiaempauta.com\/portal\/#\/schema\/logo\/image\/\",\"url\":\"https:\/\/noticiaempauta.com\/portal\/wp-content\/uploads\/2022\/08\/logomarca_tema.fw_.png\",\"contentUrl\":\"https:\/\/noticiaempauta.com\/portal\/wp-content\/uploads\/2022\/08\/logomarca_tema.fw_.png\",\"width\":400,\"height\":232,\"caption\":\"Portal Not\u00edcia em Pauta\"},\"image\":{\"@id\":\"https:\/\/noticiaempauta.com\/portal\/#\/schema\/logo\/image\/\"},\"sameAs\":[\"https:\/\/www.facebook.com\/Portal-Notcia-Em-Pauta-102292869264820\/\",\"https:\/\/www.instagram.com\/portalnoticiaempauta\/\"]},{\"@type\":\"Person\",\"@id\":\"https:\/\/noticiaempauta.com\/portal\/#\/schema\/person\/a74af43dd1ab3deca45f988c717d57ac\",\"name\":\"Reda\u00e7\u00e3o\",\"image\":{\"@type\":\"ImageObject\",\"inLanguage\":\"pt-BR\",\"@id\":\"https:\/\/noticiaempauta.com\/portal\/#\/schema\/person\/image\/\",\"url\":\"https:\/\/secure.gravatar.com\/avatar\/03179346ecce6cdfc13361603e8f54242a90e5cde8618fa23c5c00aa2b0aadf3?s=96&d=mm&r=g\",\"contentUrl\":\"https:\/\/secure.gravatar.com\/avatar\/03179346ecce6cdfc13361603e8f54242a90e5cde8618fa23c5c00aa2b0aadf3?s=96&d=mm&r=g\",\"caption\":\"Reda\u00e7\u00e3o\"},\"sameAs\":[\"https:\/\/noticiaempauta.com\/portal\/\"],\"url\":\"https:\/\/noticiaempauta.com\/portal\/author\/fernando\/\"}]}<\/script>\n<!-- \/ Yoast SEO Premium plugin. -->","yoast_head_json":{"title":"Secretaria de Tr\u00e2nsito promove \u201c3\u00aa Semana Municipal de Tr\u00e2nsito\u201d com a\u00e7\u00f5es educativas e servi\u00e7os \u00e0 popula\u00e7\u00e3o - Portal Not\u00edcia em Pauta","robots":{"index":"index","follow":"follow","max-snippet":"max-snippet:-1","max-image-preview":"max-image-preview:large","max-video-preview":"max-video-preview:-1"},"canonical":"https:\/\/noticiaempauta.com\/portal\/secretaria-de-transito-promove-3a-semana-municipal-de-transito-com-acoes-educativas-e-servicos-a-populacao\/","og_locale":"pt_BR","og_type":"article","og_title":"Secretaria de Tr\u00e2nsito promove \u201c3\u00aa Semana Municipal de Tr\u00e2nsito\u201d com a\u00e7\u00f5es educativas e servi\u00e7os \u00e0 popula\u00e7\u00e3o","og_description":"A Prefeitura de Picos, por meio da Secreria Municipal de Tr\u00e2nsito, Transportes e Mobilidade Urbana, estar\u00e1 realizando entre os dias 2 e 7 de mar\u00e7o, a 3\u00aa Semana Municipal de Tr\u00e2nsito.&nbsp;A iniciativa chega \u00e0 sua terceira edi\u00e7\u00e3o neste ano de 2026 com uma programa\u00e7\u00e3o voltada \u00e0 conscientiza\u00e7\u00e3o, educa\u00e7\u00e3o e fortalecimento das a\u00e7\u00f5es de fiscaliza\u00e7\u00e3o no [&hellip;]","og_url":"https:\/\/noticiaempauta.com\/portal\/secretaria-de-transito-promove-3a-semana-municipal-de-transito-com-acoes-educativas-e-servicos-a-populacao\/","og_site_name":"Portal Not\u00edcia em Pauta","article_publisher":"https:\/\/www.facebook.com\/Portal-Notcia-Em-Pauta-102292869264820\/","article_published_time":"2026-02-23T19:50:47+00:00","article_modified_time":"2026-02-23T19:50:49+00:00","og_image":[{"width":640,"height":427,"url":"https:\/\/noticiaempauta.com\/portal\/wp-content\/uploads\/2026\/02\/CCM_0871-1-1.webp","type":"image\/webp"}],"author":"Reda\u00e7\u00e3o","twitter_card":"summary_large_image","twitter_misc":{"Escrito por":"Reda\u00e7\u00e3o","Est. tempo de leitura":"3 minutos"},"schema":{"@context":"https:\/\/schema.org","@graph":[{"@type":"Article","@id":"https:\/\/noticiaempauta.com\/portal\/secretaria-de-transito-promove-3a-semana-municipal-de-transito-com-acoes-educativas-e-servicos-a-populacao\/#article","isPartOf":{"@id":"https:\/\/noticiaempauta.com\/portal\/secretaria-de-transito-promove-3a-semana-municipal-de-transito-com-acoes-educativas-e-servicos-a-populacao\/"},"author":{"name":"Reda\u00e7\u00e3o","@id":"https:\/\/noticiaempauta.com\/portal\/#\/schema\/person\/a74af43dd1ab3deca45f988c717d57ac"},"headline":"Secretaria de Tr\u00e2nsito promove \u201c3\u00aa Semana Municipal de Tr\u00e2nsito\u201d com a\u00e7\u00f5es educativas e servi\u00e7os \u00e0 popula\u00e7\u00e3o","datePublished":"2026-02-23T19:50:47+00:00","dateModified":"2026-02-23T19:50:49+00:00","mainEntityOfPage":{"@id":"https:\/\/noticiaempauta.com\/portal\/secretaria-de-transito-promove-3a-semana-municipal-de-transito-com-acoes-educativas-e-servicos-a-populacao\/"},"wordCount":470,"publisher":{"@id":"https:\/\/noticiaempauta.com\/portal\/#organization"},"image":{"@id":"https:\/\/noticiaempauta.com\/portal\/secretaria-de-transito-promove-3a-semana-municipal-de-transito-com-acoes-educativas-e-servicos-a-populacao\/#primaryimage"},"thumbnailUrl":"https:\/\/noticiaempauta.com\/portal\/wp-content\/uploads\/2026\/02\/CCM_0871-1-1.webp","keywords":["destaqueprincipal"],"articleSection":["Destaques","Geral","Todas as Not\u00edcias"],"inLanguage":"pt-BR"},{"@type":"WebPage","@id":"https:\/\/noticiaempauta.com\/portal\/secretaria-de-transito-promove-3a-semana-municipal-de-transito-com-acoes-educativas-e-servicos-a-populacao\/","url":"https:\/\/noticiaempauta.com\/portal\/secretaria-de-transito-promove-3a-semana-municipal-de-transito-com-acoes-educativas-e-servicos-a-populacao\/","name":"Secretaria de Tr\u00e2nsito promove \u201c3\u00aa Semana Municipal de Tr\u00e2nsito\u201d com a\u00e7\u00f5es educativas e servi\u00e7os \u00e0 popula\u00e7\u00e3o - Portal Not\u00edcia em Pauta","isPartOf":{"@id":"https:\/\/noticiaempauta.com\/portal\/#website"},"primaryImageOfPage":{"@id":"https:\/\/noticiaempauta.com\/portal\/secretaria-de-transito-promove-3a-semana-municipal-de-transito-com-acoes-educativas-e-servicos-a-populacao\/#primaryimage"},"image":{"@id":"https:\/\/noticiaempauta.com\/portal\/secretaria-de-transito-promove-3a-semana-municipal-de-transito-com-acoes-educativas-e-servicos-a-populacao\/#primaryimage"},"thumbnailUrl":"https:\/\/noticiaempauta.com\/portal\/wp-content\/uploads\/2026\/02\/CCM_0871-1-1.webp","datePublished":"2026-02-23T19:50:47+00:00","dateModified":"2026-02-23T19:50:49+00:00","breadcrumb":{"@id":"https:\/\/noticiaempauta.com\/portal\/secretaria-de-transito-promove-3a-semana-municipal-de-transito-com-acoes-educativas-e-servicos-a-populacao\/#breadcrumb"},"inLanguage":"pt-BR","potentialAction":[{"@type":"ReadAction","target":["https:\/\/noticiaempauta.com\/portal\/secretaria-de-transito-promove-3a-semana-municipal-de-transito-com-acoes-educativas-e-servicos-a-populacao\/"]}]},{"@type":"ImageObject","inLanguage":"pt-BR","@id":"https:\/\/noticiaempauta.com\/portal\/secretaria-de-transito-promove-3a-semana-municipal-de-transito-com-acoes-educativas-e-servicos-a-populacao\/#primaryimage","url":"https:\/\/noticiaempauta.com\/portal\/wp-content\/uploads\/2026\/02\/CCM_0871-1-1.webp","contentUrl":"https:\/\/noticiaempauta.com\/portal\/wp-content\/uploads\/2026\/02\/CCM_0871-1-1.webp","width":640,"height":427},{"@type":"BreadcrumbList","@id":"https:\/\/noticiaempauta.com\/portal\/secretaria-de-transito-promove-3a-semana-municipal-de-transito-com-acoes-educativas-e-servicos-a-populacao\/#breadcrumb","itemListElement":[{"@type":"ListItem","position":1,"name":"P\u00e1gina Inicial","item":"https:\/\/noticiaempauta.com\/portal\/"},{"@type":"ListItem","position":2,"name":"Destaques","item":"https:\/\/noticiaempauta.com\/portal\/destaques-site\/"},{"@type":"ListItem","position":3,"name":"Secretaria de Tr\u00e2nsito promove \u201c3\u00aa Semana Municipal de Tr\u00e2nsito\u201d com a\u00e7\u00f5es educativas e servi\u00e7os \u00e0 popula\u00e7\u00e3o"}]},{"@type":"WebSite","@id":"https:\/\/noticiaempauta.com\/portal\/#website","url":"https:\/\/noticiaempauta.com\/portal\/","name":"Portal Not\u00edcia em Pauta","description":"Voc\u00ea bem informado","publisher":{"@id":"https:\/\/noticiaempauta.com\/portal\/#organization"},"potentialAction":[{"@type":"SearchAction","target":{"@type":"EntryPoint","urlTemplate":"https:\/\/noticiaempauta.com\/portal\/?s={search_term_string}"},"query-input":{"@type":"PropertyValueSpecification","valueRequired":true,"valueName":"search_term_string"}}],"inLanguage":"pt-BR"},{"@type":"Organization","@id":"https:\/\/noticiaempauta.com\/portal\/#organization","name":"Portal Not\u00edcia em Pauta","url":"https:\/\/noticiaempauta.com\/portal\/","logo":{"@type":"ImageObject","inLanguage":"pt-BR","@id":"https:\/\/noticiaempauta.com\/portal\/#\/schema\/logo\/image\/","url":"https:\/\/noticiaempauta.com\/portal\/wp-content\/uploads\/2022\/08\/logomarca_tema.fw_.png","contentUrl":"https:\/\/noticiaempauta.com\/portal\/wp-content\/uploads\/2022\/08\/logomarca_tema.fw_.png","width":400,"height":232,"caption":"Portal Not\u00edcia em Pauta"},"image":{"@id":"https:\/\/noticiaempauta.com\/portal\/#\/schema\/logo\/image\/"},"sameAs":["https:\/\/www.facebook.com\/Portal-Notcia-Em-Pauta-102292869264820\/","https:\/\/www.instagram.com\/portalnoticiaempauta\/"]},{"@type":"Person","@id":"https:\/\/noticiaempauta.com\/portal\/#\/schema\/person\/a74af43dd1ab3deca45f988c717d57ac","name":"Reda\u00e7\u00e3o","image":{"@type":"ImageObject","inLanguage":"pt-BR","@id":"https:\/\/noticiaempauta.com\/portal\/#\/schema\/person\/image\/","url":"https:\/\/secure.gravatar.com\/avatar\/03179346ecce6cdfc13361603e8f54242a90e5cde8618fa23c5c00aa2b0aadf3?s=96&d=mm&r=g","contentUrl":"https:\/\/secure.gravatar.com\/avatar\/03179346ecce6cdfc13361603e8f54242a90e5cde8618fa23c5c00aa2b0aadf3?s=96&d=mm&r=g","caption":"Reda\u00e7\u00e3o"},"sameAs":["https:\/\/noticiaempauta.com\/portal\/"],"url":"https:\/\/noticiaempauta.com\/portal\/author\/fernando\/"}]}},"_links":{"self":[{"href":"https:\/\/noticiaempauta.com\/portal\/wp-json\/wp\/v2\/posts\/285662","targetHints":{"allow":["GET"]}}],"collection":[{"href":"https:\/\/noticiaempauta.com\/portal\/wp-json\/wp\/v2\/posts"}],"about":[{"href":"https:\/\/noticiaempauta.com\/portal\/wp-json\/wp\/v2\/types\/post"}],"author":[{"embeddable":true,"href":"https:\/\/noticiaempauta.com\/portal\/wp-json\/wp\/v2\/users\/2"}],"replies":[{"embeddable":true,"href":"https:\/\/noticiaempauta.com\/portal\/wp-json\/wp\/v2\/comments?post=285662"}],"version-history":[{"count":2,"href":"https:\/\/noticiaempauta.com\/portal\/wp-json\/wp\/v2\/posts\/285662\/revisions"}],"predecessor-version":[{"id":285665,"href":"https:\/\/noticiaempauta.com\/portal\/wp-json\/wp\/v2\/posts\/285662\/revisions\/285665"}],"wp:featuredmedia":[{"embeddable":true,"href":"https:\/\/noticiaempauta.com\/portal\/wp-json\/wp\/v2\/media\/285663"}],"wp:attachment":[{"href":"https:\/\/noticiaempauta.com\/portal\/wp-json\/wp\/v2\/media?parent=285662"}],"wp:term":[{"taxonomy":"category","embeddable":true,"href":"https:\/\/noticiaempauta.com\/portal\/wp-json\/wp\/v2\/categories?post=285662"},{"taxonomy":"post_tag","embeddable":true,"href":"https:\/\/noticiaempauta.com\/portal\/wp-json\/wp\/v2\/tags?post=285662"}],"curies":[{"name":"wp","href":"https:\/\/api.w.org\/{rel}","templated":true}]}}