{"id":285666,"date":"2026-02-23T17:04:14","date_gmt":"2026-02-23T20:04:14","guid":{"rendered":"https:\/\/noticiaempauta.com\/portal\/?p=285666"},"modified":"2026-02-23T17:04:16","modified_gmt":"2026-02-23T20:04:16","slug":"colisao-entre-carros-mata-3-pessoas-na-br-316-entre-o-marcolandia-e-araripina","status":"publish","type":"post","link":"https:\/\/noticiaempauta.com\/portal\/colisao-entre-carros-mata-3-pessoas-na-br-316-entre-o-marcolandia-e-araripina\/","title":{"rendered":"Colis\u00e3o entre carros mata 3 pessoas na BR-316 entre o Marcol\u00e2ndia e Araripina"},"content":{"rendered":"\n<p>Uma\u00a0colis\u00e3o\u00a0envolvendo dois carros de passeio deixou tr\u00eas pessoas mortas e uma ferida, na BR-316, no munic\u00edpio de\u00a0Marcol\u00e2ndia (PI). O acidente aconteceu nas proximidades de\u00a0Araripina (PE), de acordo com a Pol\u00edcia Rodovi\u00e1ria Federal (PRF).\u00a0<\/p>\n\n\n\n<figure class=\"wp-block-image size-full\"><img fetchpriority=\"high\" decoding=\"async\" width=\"785\" height=\"435\" src=\"https:\/\/noticiaempauta.com\/portal\/wp-content\/uploads\/2026\/02\/acidente-em-marcolandia-41461cc199eaef73.webp\" alt=\"\" class=\"wp-image-285667\" srcset=\"https:\/\/noticiaempauta.com\/portal\/wp-content\/uploads\/2026\/02\/acidente-em-marcolandia-41461cc199eaef73.webp 785w, https:\/\/noticiaempauta.com\/portal\/wp-content\/uploads\/2026\/02\/acidente-em-marcolandia-41461cc199eaef73-300x166.webp 300w, https:\/\/noticiaempauta.com\/portal\/wp-content\/uploads\/2026\/02\/acidente-em-marcolandia-41461cc199eaef73-768x426.webp 768w\" sizes=\"(max-width: 785px) 100vw, 785px\" \/><figcaption class=\"wp-element-caption\"><em>(Foto: Reprodu\u00e7\u00e3o\/Cidades na Net)<\/em><\/figcaption><\/figure>\n\n\n\n<p>De acordo com informa\u00e7\u00f5es preliminares, o acidente aconteceu durante uma tentativa de ultrapassagem. Um homem identificado como Marivaldo Bai\u00e3o, que seguia de Sim\u00f5es conduzindo um ve\u00edculo modelo Siena, tentou ultrapassar uma carreta quando colidiu frontalmente com um Corolla, conduzido por uma empres\u00e1ria do ramo de granjas, identificada como Mariana.<\/p>\n\n\n\n<p>Tr\u00eas pessoas morreram ainda no local. A quarta v\u00edtima sofreu fratura em uma das pernas e foi socorrida, sendo encaminhada para atendimento m\u00e9dico em Araripina (PE).&nbsp;<\/p>\n\n\n\n<p>As circunst\u00e2ncias exatas do acidente ainda dever\u00e3o ser apuradas pelas autoridades competentes.<\/p>\n\n\n\n<p>Fonte: Meio News<\/p>\n","protected":false},"excerpt":{"rendered":"<p>Uma\u00a0colis\u00e3o\u00a0envolvendo dois carros de passeio deixou tr\u00eas pessoas mortas e uma ferida, na BR-316, no munic\u00edpio de\u00a0Marcol\u00e2ndia (PI). O acidente aconteceu nas proximidades de\u00a0Araripina (PE), de acordo com a Pol\u00edcia Rodovi\u00e1ria Federal (PRF).\u00a0 De acordo com informa\u00e7\u00f5es preliminares, o acidente aconteceu durante uma tentativa de ultrapassagem. Um homem identificado como Marivaldo Bai\u00e3o, que seguia de [&hellip;]<\/p>\n","protected":false},"author":2,"featured_media":285667,"comment_status":"closed","ping_status":"closed","sticky":false,"template":"","format":"standard","meta":{"_mi_skip_tracking":false,"footnotes":""},"categories":[25,1,9,137,16],"tags":[],"class_list":["post-285666","post","type-post","status-publish","format-standard","has-post-thumbnail","hentry","category-destaques-site","category-geral","category-municipios","category-policia","category-todas"],"acf":[],"yoast_head":"<!-- This site is optimized with the Yoast SEO Premium plugin v19.2 (Yoast SEO v26.9) - https:\/\/yoast.com\/product\/yoast-seo-premium-wordpress\/ -->\n<title>Colis\u00e3o entre carros mata 3 pessoas na BR-316 entre o Marcol\u00e2ndia e Araripina - Portal Not\u00edcia em Pauta<\/title>\n<meta name=\"robots\" content=\"index, follow, max-snippet:-1, max-image-preview:large, max-video-preview:-1\" \/>\n<link rel=\"canonical\" href=\"https:\/\/noticiaempauta.com\/portal\/colisao-entre-carros-mata-3-pessoas-na-br-316-entre-o-marcolandia-e-araripina\/\" \/>\n<meta property=\"og:locale\" content=\"pt_BR\" \/>\n<meta property=\"og:type\" content=\"article\" \/>\n<meta property=\"og:title\" content=\"Colis\u00e3o entre carros mata 3 pessoas na BR-316 entre o Marcol\u00e2ndia e Araripina\" \/>\n<meta property=\"og:description\" content=\"Uma\u00a0colis\u00e3o\u00a0envolvendo dois carros de passeio deixou tr\u00eas pessoas mortas e uma ferida, na BR-316, no munic\u00edpio de\u00a0Marcol\u00e2ndia (PI). O acidente aconteceu nas proximidades de\u00a0Araripina (PE), de acordo com a Pol\u00edcia Rodovi\u00e1ria Federal (PRF).\u00a0 De acordo com informa\u00e7\u00f5es preliminares, o acidente aconteceu durante uma tentativa de ultrapassagem. Um homem identificado como Marivaldo Bai\u00e3o, que seguia de [&hellip;]\" \/>\n<meta property=\"og:url\" content=\"https:\/\/noticiaempauta.com\/portal\/colisao-entre-carros-mata-3-pessoas-na-br-316-entre-o-marcolandia-e-araripina\/\" \/>\n<meta property=\"og:site_name\" content=\"Portal Not\u00edcia em Pauta\" \/>\n<meta property=\"article:publisher\" content=\"https:\/\/www.facebook.com\/Portal-Notcia-Em-Pauta-102292869264820\/\" \/>\n<meta property=\"article:published_time\" content=\"2026-02-23T20:04:14+00:00\" \/>\n<meta property=\"article:modified_time\" content=\"2026-02-23T20:04:16+00:00\" \/>\n<meta property=\"og:image\" content=\"https:\/\/noticiaempauta.com\/portal\/wp-content\/uploads\/2026\/02\/acidente-em-marcolandia-41461cc199eaef73.webp\" \/>\n\t<meta property=\"og:image:width\" content=\"785\" \/>\n\t<meta property=\"og:image:height\" content=\"435\" \/>\n\t<meta property=\"og:image:type\" content=\"image\/webp\" \/>\n<meta name=\"author\" content=\"Reda\u00e7\u00e3o\" \/>\n<meta name=\"twitter:card\" content=\"summary_large_image\" \/>\n<meta name=\"twitter:label1\" content=\"Escrito por\" \/>\n\t<meta name=\"twitter:data1\" content=\"Reda\u00e7\u00e3o\" \/>\n\t<meta name=\"twitter:label2\" content=\"Est. tempo de leitura\" \/>\n\t<meta name=\"twitter:data2\" content=\"2 minutos\" \/>\n<script type=\"application\/ld+json\" class=\"yoast-schema-graph\">{\"@context\":\"https:\/\/schema.org\",\"@graph\":[{\"@type\":\"Article\",\"@id\":\"https:\/\/noticiaempauta.com\/portal\/colisao-entre-carros-mata-3-pessoas-na-br-316-entre-o-marcolandia-e-araripina\/#article\",\"isPartOf\":{\"@id\":\"https:\/\/noticiaempauta.com\/portal\/colisao-entre-carros-mata-3-pessoas-na-br-316-entre-o-marcolandia-e-araripina\/\"},\"author\":{\"name\":\"Reda\u00e7\u00e3o\",\"@id\":\"https:\/\/noticiaempauta.com\/portal\/#\/schema\/person\/a74af43dd1ab3deca45f988c717d57ac\"},\"headline\":\"Colis\u00e3o entre carros mata 3 pessoas na BR-316 entre o Marcol\u00e2ndia e Araripina\",\"datePublished\":\"2026-02-23T20:04:14+00:00\",\"dateModified\":\"2026-02-23T20:04:16+00:00\",\"mainEntityOfPage\":{\"@id\":\"https:\/\/noticiaempauta.com\/portal\/colisao-entre-carros-mata-3-pessoas-na-br-316-entre-o-marcolandia-e-araripina\/\"},\"wordCount\":164,\"publisher\":{\"@id\":\"https:\/\/noticiaempauta.com\/portal\/#organization\"},\"image\":{\"@id\":\"https:\/\/noticiaempauta.com\/portal\/colisao-entre-carros-mata-3-pessoas-na-br-316-entre-o-marcolandia-e-araripina\/#primaryimage\"},\"thumbnailUrl\":\"https:\/\/noticiaempauta.com\/portal\/wp-content\/uploads\/2026\/02\/acidente-em-marcolandia-41461cc199eaef73.webp\",\"articleSection\":[\"Destaques\",\"Geral\",\"Munic\u00edpios\",\"Pol\u00edcia\",\"Todas as Not\u00edcias\"],\"inLanguage\":\"pt-BR\"},{\"@type\":\"WebPage\",\"@id\":\"https:\/\/noticiaempauta.com\/portal\/colisao-entre-carros-mata-3-pessoas-na-br-316-entre-o-marcolandia-e-araripina\/\",\"url\":\"https:\/\/noticiaempauta.com\/portal\/colisao-entre-carros-mata-3-pessoas-na-br-316-entre-o-marcolandia-e-araripina\/\",\"name\":\"Colis\u00e3o entre carros mata 3 pessoas na BR-316 entre o Marcol\u00e2ndia e Araripina - Portal Not\u00edcia em Pauta\",\"isPartOf\":{\"@id\":\"https:\/\/noticiaempauta.com\/portal\/#website\"},\"primaryImageOfPage\":{\"@id\":\"https:\/\/noticiaempauta.com\/portal\/colisao-entre-carros-mata-3-pessoas-na-br-316-entre-o-marcolandia-e-araripina\/#primaryimage\"},\"image\":{\"@id\":\"https:\/\/noticiaempauta.com\/portal\/colisao-entre-carros-mata-3-pessoas-na-br-316-entre-o-marcolandia-e-araripina\/#primaryimage\"},\"thumbnailUrl\":\"https:\/\/noticiaempauta.com\/portal\/wp-content\/uploads\/2026\/02\/acidente-em-marcolandia-41461cc199eaef73.webp\",\"datePublished\":\"2026-02-23T20:04:14+00:00\",\"dateModified\":\"2026-02-23T20:04:16+00:00\",\"breadcrumb\":{\"@id\":\"https:\/\/noticiaempauta.com\/portal\/colisao-entre-carros-mata-3-pessoas-na-br-316-entre-o-marcolandia-e-araripina\/#breadcrumb\"},\"inLanguage\":\"pt-BR\",\"potentialAction\":[{\"@type\":\"ReadAction\",\"target\":[\"https:\/\/noticiaempauta.com\/portal\/colisao-entre-carros-mata-3-pessoas-na-br-316-entre-o-marcolandia-e-araripina\/\"]}]},{\"@type\":\"ImageObject\",\"inLanguage\":\"pt-BR\",\"@id\":\"https:\/\/noticiaempauta.com\/portal\/colisao-entre-carros-mata-3-pessoas-na-br-316-entre-o-marcolandia-e-araripina\/#primaryimage\",\"url\":\"https:\/\/noticiaempauta.com\/portal\/wp-content\/uploads\/2026\/02\/acidente-em-marcolandia-41461cc199eaef73.webp\",\"contentUrl\":\"https:\/\/noticiaempauta.com\/portal\/wp-content\/uploads\/2026\/02\/acidente-em-marcolandia-41461cc199eaef73.webp\",\"width\":785,\"height\":435},{\"@type\":\"BreadcrumbList\",\"@id\":\"https:\/\/noticiaempauta.com\/portal\/colisao-entre-carros-mata-3-pessoas-na-br-316-entre-o-marcolandia-e-araripina\/#breadcrumb\",\"itemListElement\":[{\"@type\":\"ListItem\",\"position\":1,\"name\":\"P\u00e1gina Inicial\",\"item\":\"https:\/\/noticiaempauta.com\/portal\/\"},{\"@type\":\"ListItem\",\"position\":2,\"name\":\"Destaques\",\"item\":\"https:\/\/noticiaempauta.com\/portal\/destaques-site\/\"},{\"@type\":\"ListItem\",\"position\":3,\"name\":\"Colis\u00e3o entre carros mata 3 pessoas na BR-316 entre o Marcol\u00e2ndia e Araripina\"}]},{\"@type\":\"WebSite\",\"@id\":\"https:\/\/noticiaempauta.com\/portal\/#website\",\"url\":\"https:\/\/noticiaempauta.com\/portal\/\",\"name\":\"Portal Not\u00edcia em Pauta\",\"description\":\"Voc\u00ea bem informado\",\"publisher\":{\"@id\":\"https:\/\/noticiaempauta.com\/portal\/#organization\"},\"potentialAction\":[{\"@type\":\"SearchAction\",\"target\":{\"@type\":\"EntryPoint\",\"urlTemplate\":\"https:\/\/noticiaempauta.com\/portal\/?s={search_term_string}\"},\"query-input\":{\"@type\":\"PropertyValueSpecification\",\"valueRequired\":true,\"valueName\":\"search_term_string\"}}],\"inLanguage\":\"pt-BR\"},{\"@type\":\"Organization\",\"@id\":\"https:\/\/noticiaempauta.com\/portal\/#organization\",\"name\":\"Portal Not\u00edcia em Pauta\",\"url\":\"https:\/\/noticiaempauta.com\/portal\/\",\"logo\":{\"@type\":\"ImageObject\",\"inLanguage\":\"pt-BR\",\"@id\":\"https:\/\/noticiaempauta.com\/portal\/#\/schema\/logo\/image\/\",\"url\":\"https:\/\/noticiaempauta.com\/portal\/wp-content\/uploads\/2022\/08\/logomarca_tema.fw_.png\",\"contentUrl\":\"https:\/\/noticiaempauta.com\/portal\/wp-content\/uploads\/2022\/08\/logomarca_tema.fw_.png\",\"width\":400,\"height\":232,\"caption\":\"Portal Not\u00edcia em Pauta\"},\"image\":{\"@id\":\"https:\/\/noticiaempauta.com\/portal\/#\/schema\/logo\/image\/\"},\"sameAs\":[\"https:\/\/www.facebook.com\/Portal-Notcia-Em-Pauta-102292869264820\/\",\"https:\/\/www.instagram.com\/portalnoticiaempauta\/\"]},{\"@type\":\"Person\",\"@id\":\"https:\/\/noticiaempauta.com\/portal\/#\/schema\/person\/a74af43dd1ab3deca45f988c717d57ac\",\"name\":\"Reda\u00e7\u00e3o\",\"image\":{\"@type\":\"ImageObject\",\"inLanguage\":\"pt-BR\",\"@id\":\"https:\/\/noticiaempauta.com\/portal\/#\/schema\/person\/image\/\",\"url\":\"https:\/\/secure.gravatar.com\/avatar\/03179346ecce6cdfc13361603e8f54242a90e5cde8618fa23c5c00aa2b0aadf3?s=96&d=mm&r=g\",\"contentUrl\":\"https:\/\/secure.gravatar.com\/avatar\/03179346ecce6cdfc13361603e8f54242a90e5cde8618fa23c5c00aa2b0aadf3?s=96&d=mm&r=g\",\"caption\":\"Reda\u00e7\u00e3o\"},\"sameAs\":[\"https:\/\/noticiaempauta.com\/portal\/\"],\"url\":\"https:\/\/noticiaempauta.com\/portal\/author\/fernando\/\"}]}<\/script>\n<!-- \/ Yoast SEO Premium plugin. -->","yoast_head_json":{"title":"Colis\u00e3o entre carros mata 3 pessoas na BR-316 entre o Marcol\u00e2ndia e Araripina - Portal Not\u00edcia em Pauta","robots":{"index":"index","follow":"follow","max-snippet":"max-snippet:-1","max-image-preview":"max-image-preview:large","max-video-preview":"max-video-preview:-1"},"canonical":"https:\/\/noticiaempauta.com\/portal\/colisao-entre-carros-mata-3-pessoas-na-br-316-entre-o-marcolandia-e-araripina\/","og_locale":"pt_BR","og_type":"article","og_title":"Colis\u00e3o entre carros mata 3 pessoas na BR-316 entre o Marcol\u00e2ndia e Araripina","og_description":"Uma\u00a0colis\u00e3o\u00a0envolvendo dois carros de passeio deixou tr\u00eas pessoas mortas e uma ferida, na BR-316, no munic\u00edpio de\u00a0Marcol\u00e2ndia (PI). O acidente aconteceu nas proximidades de\u00a0Araripina (PE), de acordo com a Pol\u00edcia Rodovi\u00e1ria Federal (PRF).\u00a0 De acordo com informa\u00e7\u00f5es preliminares, o acidente aconteceu durante uma tentativa de ultrapassagem. Um homem identificado como Marivaldo Bai\u00e3o, que seguia de [&hellip;]","og_url":"https:\/\/noticiaempauta.com\/portal\/colisao-entre-carros-mata-3-pessoas-na-br-316-entre-o-marcolandia-e-araripina\/","og_site_name":"Portal Not\u00edcia em Pauta","article_publisher":"https:\/\/www.facebook.com\/Portal-Notcia-Em-Pauta-102292869264820\/","article_published_time":"2026-02-23T20:04:14+00:00","article_modified_time":"2026-02-23T20:04:16+00:00","og_image":[{"width":785,"height":435,"url":"https:\/\/noticiaempauta.com\/portal\/wp-content\/uploads\/2026\/02\/acidente-em-marcolandia-41461cc199eaef73.webp","type":"image\/webp"}],"author":"Reda\u00e7\u00e3o","twitter_card":"summary_large_image","twitter_misc":{"Escrito por":"Reda\u00e7\u00e3o","Est. tempo de leitura":"2 minutos"},"schema":{"@context":"https:\/\/schema.org","@graph":[{"@type":"Article","@id":"https:\/\/noticiaempauta.com\/portal\/colisao-entre-carros-mata-3-pessoas-na-br-316-entre-o-marcolandia-e-araripina\/#article","isPartOf":{"@id":"https:\/\/noticiaempauta.com\/portal\/colisao-entre-carros-mata-3-pessoas-na-br-316-entre-o-marcolandia-e-araripina\/"},"author":{"name":"Reda\u00e7\u00e3o","@id":"https:\/\/noticiaempauta.com\/portal\/#\/schema\/person\/a74af43dd1ab3deca45f988c717d57ac"},"headline":"Colis\u00e3o entre carros mata 3 pessoas na BR-316 entre o Marcol\u00e2ndia e Araripina","datePublished":"2026-02-23T20:04:14+00:00","dateModified":"2026-02-23T20:04:16+00:00","mainEntityOfPage":{"@id":"https:\/\/noticiaempauta.com\/portal\/colisao-entre-carros-mata-3-pessoas-na-br-316-entre-o-marcolandia-e-araripina\/"},"wordCount":164,"publisher":{"@id":"https:\/\/noticiaempauta.com\/portal\/#organization"},"image":{"@id":"https:\/\/noticiaempauta.com\/portal\/colisao-entre-carros-mata-3-pessoas-na-br-316-entre-o-marcolandia-e-araripina\/#primaryimage"},"thumbnailUrl":"https:\/\/noticiaempauta.com\/portal\/wp-content\/uploads\/2026\/02\/acidente-em-marcolandia-41461cc199eaef73.webp","articleSection":["Destaques","Geral","Munic\u00edpios","Pol\u00edcia","Todas as Not\u00edcias"],"inLanguage":"pt-BR"},{"@type":"WebPage","@id":"https:\/\/noticiaempauta.com\/portal\/colisao-entre-carros-mata-3-pessoas-na-br-316-entre-o-marcolandia-e-araripina\/","url":"https:\/\/noticiaempauta.com\/portal\/colisao-entre-carros-mata-3-pessoas-na-br-316-entre-o-marcolandia-e-araripina\/","name":"Colis\u00e3o entre carros mata 3 pessoas na BR-316 entre o Marcol\u00e2ndia e Araripina - Portal Not\u00edcia em Pauta","isPartOf":{"@id":"https:\/\/noticiaempauta.com\/portal\/#website"},"primaryImageOfPage":{"@id":"https:\/\/noticiaempauta.com\/portal\/colisao-entre-carros-mata-3-pessoas-na-br-316-entre-o-marcolandia-e-araripina\/#primaryimage"},"image":{"@id":"https:\/\/noticiaempauta.com\/portal\/colisao-entre-carros-mata-3-pessoas-na-br-316-entre-o-marcolandia-e-araripina\/#primaryimage"},"thumbnailUrl":"https:\/\/noticiaempauta.com\/portal\/wp-content\/uploads\/2026\/02\/acidente-em-marcolandia-41461cc199eaef73.webp","datePublished":"2026-02-23T20:04:14+00:00","dateModified":"2026-02-23T20:04:16+00:00","breadcrumb":{"@id":"https:\/\/noticiaempauta.com\/portal\/colisao-entre-carros-mata-3-pessoas-na-br-316-entre-o-marcolandia-e-araripina\/#breadcrumb"},"inLanguage":"pt-BR","potentialAction":[{"@type":"ReadAction","target":["https:\/\/noticiaempauta.com\/portal\/colisao-entre-carros-mata-3-pessoas-na-br-316-entre-o-marcolandia-e-araripina\/"]}]},{"@type":"ImageObject","inLanguage":"pt-BR","@id":"https:\/\/noticiaempauta.com\/portal\/colisao-entre-carros-mata-3-pessoas-na-br-316-entre-o-marcolandia-e-araripina\/#primaryimage","url":"https:\/\/noticiaempauta.com\/portal\/wp-content\/uploads\/2026\/02\/acidente-em-marcolandia-41461cc199eaef73.webp","contentUrl":"https:\/\/noticiaempauta.com\/portal\/wp-content\/uploads\/2026\/02\/acidente-em-marcolandia-41461cc199eaef73.webp","width":785,"height":435},{"@type":"BreadcrumbList","@id":"https:\/\/noticiaempauta.com\/portal\/colisao-entre-carros-mata-3-pessoas-na-br-316-entre-o-marcolandia-e-araripina\/#breadcrumb","itemListElement":[{"@type":"ListItem","position":1,"name":"P\u00e1gina Inicial","item":"https:\/\/noticiaempauta.com\/portal\/"},{"@type":"ListItem","position":2,"name":"Destaques","item":"https:\/\/noticiaempauta.com\/portal\/destaques-site\/"},{"@type":"ListItem","position":3,"name":"Colis\u00e3o entre carros mata 3 pessoas na BR-316 entre o Marcol\u00e2ndia e Araripina"}]},{"@type":"WebSite","@id":"https:\/\/noticiaempauta.com\/portal\/#website","url":"https:\/\/noticiaempauta.com\/portal\/","name":"Portal Not\u00edcia em Pauta","description":"Voc\u00ea bem informado","publisher":{"@id":"https:\/\/noticiaempauta.com\/portal\/#organization"},"potentialAction":[{"@type":"SearchAction","target":{"@type":"EntryPoint","urlTemplate":"https:\/\/noticiaempauta.com\/portal\/?s={search_term_string}"},"query-input":{"@type":"PropertyValueSpecification","valueRequired":true,"valueName":"search_term_string"}}],"inLanguage":"pt-BR"},{"@type":"Organization","@id":"https:\/\/noticiaempauta.com\/portal\/#organization","name":"Portal Not\u00edcia em Pauta","url":"https:\/\/noticiaempauta.com\/portal\/","logo":{"@type":"ImageObject","inLanguage":"pt-BR","@id":"https:\/\/noticiaempauta.com\/portal\/#\/schema\/logo\/image\/","url":"https:\/\/noticiaempauta.com\/portal\/wp-content\/uploads\/2022\/08\/logomarca_tema.fw_.png","contentUrl":"https:\/\/noticiaempauta.com\/portal\/wp-content\/uploads\/2022\/08\/logomarca_tema.fw_.png","width":400,"height":232,"caption":"Portal Not\u00edcia em Pauta"},"image":{"@id":"https:\/\/noticiaempauta.com\/portal\/#\/schema\/logo\/image\/"},"sameAs":["https:\/\/www.facebook.com\/Portal-Notcia-Em-Pauta-102292869264820\/","https:\/\/www.instagram.com\/portalnoticiaempauta\/"]},{"@type":"Person","@id":"https:\/\/noticiaempauta.com\/portal\/#\/schema\/person\/a74af43dd1ab3deca45f988c717d57ac","name":"Reda\u00e7\u00e3o","image":{"@type":"ImageObject","inLanguage":"pt-BR","@id":"https:\/\/noticiaempauta.com\/portal\/#\/schema\/person\/image\/","url":"https:\/\/secure.gravatar.com\/avatar\/03179346ecce6cdfc13361603e8f54242a90e5cde8618fa23c5c00aa2b0aadf3?s=96&d=mm&r=g","contentUrl":"https:\/\/secure.gravatar.com\/avatar\/03179346ecce6cdfc13361603e8f54242a90e5cde8618fa23c5c00aa2b0aadf3?s=96&d=mm&r=g","caption":"Reda\u00e7\u00e3o"},"sameAs":["https:\/\/noticiaempauta.com\/portal\/"],"url":"https:\/\/noticiaempauta.com\/portal\/author\/fernando\/"}]}},"_links":{"self":[{"href":"https:\/\/noticiaempauta.com\/portal\/wp-json\/wp\/v2\/posts\/285666","targetHints":{"allow":["GET"]}}],"collection":[{"href":"https:\/\/noticiaempauta.com\/portal\/wp-json\/wp\/v2\/posts"}],"about":[{"href":"https:\/\/noticiaempauta.com\/portal\/wp-json\/wp\/v2\/types\/post"}],"author":[{"embeddable":true,"href":"https:\/\/noticiaempauta.com\/portal\/wp-json\/wp\/v2\/users\/2"}],"replies":[{"embeddable":true,"href":"https:\/\/noticiaempauta.com\/portal\/wp-json\/wp\/v2\/comments?post=285666"}],"version-history":[{"count":2,"href":"https:\/\/noticiaempauta.com\/portal\/wp-json\/wp\/v2\/posts\/285666\/revisions"}],"predecessor-version":[{"id":285669,"href":"https:\/\/noticiaempauta.com\/portal\/wp-json\/wp\/v2\/posts\/285666\/revisions\/285669"}],"wp:featuredmedia":[{"embeddable":true,"href":"https:\/\/noticiaempauta.com\/portal\/wp-json\/wp\/v2\/media\/285667"}],"wp:attachment":[{"href":"https:\/\/noticiaempauta.com\/portal\/wp-json\/wp\/v2\/media?parent=285666"}],"wp:term":[{"taxonomy":"category","embeddable":true,"href":"https:\/\/noticiaempauta.com\/portal\/wp-json\/wp\/v2\/categories?post=285666"},{"taxonomy":"post_tag","embeddable":true,"href":"https:\/\/noticiaempauta.com\/portal\/wp-json\/wp\/v2\/tags?post=285666"}],"curies":[{"name":"wp","href":"https:\/\/api.w.org\/{rel}","templated":true}]}}