{"id":285671,"date":"2026-02-24T09:16:56","date_gmt":"2026-02-24T12:16:56","guid":{"rendered":"https:\/\/noticiaempauta.com\/portal\/?p=285671"},"modified":"2026-02-24T09:16:58","modified_gmt":"2026-02-24T12:16:58","slug":"piaui-pode-registrar-ate-100-mm-de-chuva-e-fica-sob-alerta-de-perigo-ate-domingo","status":"publish","type":"post","link":"https:\/\/noticiaempauta.com\/portal\/piaui-pode-registrar-ate-100-mm-de-chuva-e-fica-sob-alerta-de-perigo-ate-domingo\/","title":{"rendered":"Piau\u00ed pode registrar at\u00e9 100 mm de chuva e fica sob alerta de perigo at\u00e9 domingo"},"content":{"rendered":"\n<p>O Piau\u00ed come\u00e7a a semana sob um cen\u00e1rio de instabilidade ampla e persistente. A combina\u00e7\u00e3o de sistemas atmosf\u00e9ricos que atuam sobre o Norte e Nordeste deve provocar\u00a0chuvas moderadas a fortes entre esta segunda-feira (23) e o dia 1\u00ba de mar\u00e7o, com acumulados que podem alcan\u00e7ar\u00a0100 mil\u00edmetros em algumas \u00e1reas do estado, segundo a Sala de Monitoramento e Previs\u00e3o de Eventos Clim\u00e1ticos Extremos da Semarh.<\/p>\n\n\n\n<figure class=\"wp-block-image size-full\"><img fetchpriority=\"high\" decoding=\"async\" width=\"855\" height=\"480\" src=\"https:\/\/noticiaempauta.com\/portal\/wp-content\/uploads\/2024\/01\/com-dois-alertas-mais-de-100-cidades-do-piaui-tem-previsao-de-chuvas-intensas-292cd771-5d3e-427b-8ac4-1830dc110f05.webp\" alt=\"\" class=\"wp-image-253827\" srcset=\"https:\/\/noticiaempauta.com\/portal\/wp-content\/uploads\/2024\/01\/com-dois-alertas-mais-de-100-cidades-do-piaui-tem-previsao-de-chuvas-intensas-292cd771-5d3e-427b-8ac4-1830dc110f05.webp 855w, https:\/\/noticiaempauta.com\/portal\/wp-content\/uploads\/2024\/01\/com-dois-alertas-mais-de-100-cidades-do-piaui-tem-previsao-de-chuvas-intensas-292cd771-5d3e-427b-8ac4-1830dc110f05-300x168.webp 300w, https:\/\/noticiaempauta.com\/portal\/wp-content\/uploads\/2024\/01\/com-dois-alertas-mais-de-100-cidades-do-piaui-tem-previsao-de-chuvas-intensas-292cd771-5d3e-427b-8ac4-1830dc110f05-768x431.webp 768w\" sizes=\"(max-width: 855px) 100vw, 855px\" \/><figcaption class=\"wp-element-caption\">Foto: J\u00e9ssica Dayane\/ Portal Meio Norte<\/figcaption><\/figure>\n\n\n\n<p>A Defesa Civil estadual j\u00e1 emitiu alertas de&nbsp;<strong>\u201cperigo\u201d (n\u00edvel laranja)<\/strong>&nbsp;para parte do territ\u00f3rio, especialmente nas regi\u00f5es de Entre Rios, Serra da Capivara, Vale dos Rios Piau\u00ed e Itaueira, Tabuleiros do Alto Parna\u00edba, Chapada das Mangabeiras e Chapada Vale do Itaim.<\/p>\n\n\n\n<p>Outras \u00e1reas est\u00e3o sob&nbsp;<strong>\u201cperigo potencial\u201d (n\u00edvel amarelo)<\/strong>, incluindo Plan\u00edcie Litor\u00e2nea, Cocais, Carnaubais e Vale do Guaribas.<\/p>\n\n\n\n<figure class=\"wp-block-image size-full\"><img decoding=\"async\" width=\"790\" height=\"593\" src=\"https:\/\/noticiaempauta.com\/portal\/wp-content\/uploads\/2026\/02\/fotos_cv_10.webp\" alt=\"\" class=\"wp-image-285672\" srcset=\"https:\/\/noticiaempauta.com\/portal\/wp-content\/uploads\/2026\/02\/fotos_cv_10.webp 790w, https:\/\/noticiaempauta.com\/portal\/wp-content\/uploads\/2026\/02\/fotos_cv_10-300x225.webp 300w, https:\/\/noticiaempauta.com\/portal\/wp-content\/uploads\/2026\/02\/fotos_cv_10-768x576.webp 768w\" sizes=\"(max-width: 790px) 100vw, 790px\" \/><figcaption class=\"wp-element-caption\"><em>(Foto: Reprodu\u00e7\u00e3o \/ Inmet)<\/em><\/figcaption><\/figure>\n\n\n\n<p>De acordo com o boletim, as precipita\u00e7\u00f5es s\u00e3o motivadas principalmente pela atua\u00e7\u00e3o da&nbsp;<strong>Zona de Converg\u00eancia Intertropical (ZCIT)&nbsp;<\/strong>associada a \u00e1reas de instabilidade.<\/p>\n\n\n\n<p>A partir do meio da semana, um segundo sistema deve refor\u00e7ar o cen\u00e1rio: a&nbsp;<strong>Zona de Converg\u00eancia do Atl\u00e2ntico Sul (ZCAS)<\/strong>, que forma um corredor de umidade e tende a intensificar os volumes, sobretudo no sudoeste piauiense.<\/p>\n\n\n\n<p><strong>Os mapas de tend\u00eancia de chuva acumulada acumulados entre 70 mm e acima de 100 mm at\u00e9 o in\u00edcio de mar\u00e7o.<\/strong><\/p>\n\n\n\n<figure class=\"wp-block-image size-full\"><img decoding=\"async\" width=\"790\" height=\"774\" src=\"https:\/\/noticiaempauta.com\/portal\/wp-content\/uploads\/2026\/02\/mapa_chuva_ate_marco.webp\" alt=\"\" class=\"wp-image-285673\" srcset=\"https:\/\/noticiaempauta.com\/portal\/wp-content\/uploads\/2026\/02\/mapa_chuva_ate_marco.webp 790w, https:\/\/noticiaempauta.com\/portal\/wp-content\/uploads\/2026\/02\/mapa_chuva_ate_marco-300x294.webp 300w, https:\/\/noticiaempauta.com\/portal\/wp-content\/uploads\/2026\/02\/mapa_chuva_ate_marco-768x752.webp 768w\" sizes=\"(max-width: 790px) 100vw, 790px\" \/><figcaption class=\"wp-element-caption\"><em>(Foto: Reprodu\u00e7\u00e3o \/ Inmet)<\/em><\/figcaption><\/figure>\n\n\n\n<h2 class=\"wp-block-heading\"><strong>Sudoeste concentra maior preocupa\u00e7\u00e3o<\/strong><\/h2>\n\n\n\n<p>A previs\u00e3o tamb\u00e9m aponta chuva mais concentrada nas \u00e1reas que fazem divisa com o Maranh\u00e3o<strong>. Munic\u00edpios como Uru\u00e7u\u00ed, Ribeiro Gon\u00e7alves, Baixa Grande do Ribeiro, Bom Jesus e Reden\u00e7\u00e3o do Gurgu\u00e9ia aparecem na zona de maior instabilidade.<\/strong><\/p>\n\n\n\n<p>No domingo (22), Uru\u00e7u\u00ed registrou 50 mm de chuva em apenas 24 horas, o maior volume do estado. Alto Long\u00e1 acumulou 32 mm e Teresina, 22 mm. Com o solo j\u00e1 \u00famido, novas pancadas intensas elevam o potencial de transtornos.<\/p>\n\n\n\n<h2 class=\"wp-block-heading\"><strong>Previs\u00e3o para os pr\u00f3ximos dias<\/strong><\/h2>\n\n\n\n<p>Nesta&nbsp;<strong>segunda-feira (23)<\/strong>, a previs\u00e3o aponta c\u00e9u nublado a parcialmente nublado em todas as mesorregi\u00f5es, com pancadas e trovoadas isoladas.<\/p>\n\n\n\n<ul class=\"wp-block-list\">\n<li>Norte, pode chover em cidades como Lu\u00eds Correia, Parna\u00edba, Piripiri e Esperantina.<\/li>\n\n\n\n<li>Centro-Norte, incluindo Teresina, a chuva deve ocorrer principalmente \u00e0 tarde ou \u00e0 noite, com m\u00e1xima prevista de 32\u00b0C.<\/li>\n\n\n\n<li>Sudeste, o calor pode chegar a 35\u00b0C, com pancadas isoladas.<\/li>\n\n\n\n<li>Sudoeste, a instabilidade \u00e9 maior nas \u00e1reas que fazem divisa com o Maranh\u00e3o.<\/li>\n<\/ul>\n\n\n\n<p>Na\u00a0ter\u00e7a-feira (24), o tempo permanece inst\u00e1vel.\u00a0A previs\u00e3o indica aumento de nuvens e pancadas com trovoadas em praticamente todo o estado.\u00a0Em Teresina, a m\u00e1xima deve cair para 29\u00b0C, com possibilidade de chuva \u00e0 noite. No Norte, os ventos podem ficar moderados a fortes. No Sudoeste, a tend\u00eancia \u00e9 de chuvas mais organizadas e frequentes.<\/p>\n\n\n\n<p>Para\u00a0a quarta-feira (25),\u00a0o padr\u00e3o se mant\u00e9m, com c\u00e9u variando entre parcialmente nublado e nublado,\u00a0pancadas isoladas e temperaturas m\u00e1ximas em torno de 30\u00b0C a 31\u00b0C na maior parte do estado.\u00a0A combina\u00e7\u00e3o de calor e alta umidade continua favorecendo a forma\u00e7\u00e3o de temporais localizados.<\/p>\n","protected":false},"excerpt":{"rendered":"<p>O Piau\u00ed come\u00e7a a semana sob um cen\u00e1rio de instabilidade ampla e persistente. A combina\u00e7\u00e3o de sistemas atmosf\u00e9ricos que atuam sobre o Norte e Nordeste deve provocar\u00a0chuvas moderadas a fortes entre esta segunda-feira (23) e o dia 1\u00ba de mar\u00e7o, com acumulados que podem alcan\u00e7ar\u00a0100 mil\u00edmetros em algumas \u00e1reas do estado, segundo a Sala de [&hellip;]<\/p>\n","protected":false},"author":2,"featured_media":253827,"comment_status":"closed","ping_status":"closed","sticky":false,"template":"","format":"standard","meta":{"_mi_skip_tracking":false,"footnotes":""},"categories":[25,1,9,16],"tags":[192],"class_list":["post-285671","post","type-post","status-publish","format-standard","has-post-thumbnail","hentry","category-destaques-site","category-geral","category-municipios","category-todas","tag-destaqueprincipal"],"acf":[],"yoast_head":"<!-- This site is optimized with the Yoast SEO Premium plugin v19.2 (Yoast SEO v26.9) - https:\/\/yoast.com\/product\/yoast-seo-premium-wordpress\/ -->\n<title>Piau\u00ed pode registrar at\u00e9 100 mm de chuva e fica sob alerta de perigo at\u00e9 domingo - Portal Not\u00edcia em Pauta<\/title>\n<meta name=\"robots\" content=\"index, follow, max-snippet:-1, max-image-preview:large, max-video-preview:-1\" \/>\n<link rel=\"canonical\" href=\"https:\/\/noticiaempauta.com\/portal\/piaui-pode-registrar-ate-100-mm-de-chuva-e-fica-sob-alerta-de-perigo-ate-domingo\/\" \/>\n<meta property=\"og:locale\" content=\"pt_BR\" \/>\n<meta property=\"og:type\" content=\"article\" \/>\n<meta property=\"og:title\" content=\"Piau\u00ed pode registrar at\u00e9 100 mm de chuva e fica sob alerta de perigo at\u00e9 domingo\" \/>\n<meta property=\"og:description\" content=\"O Piau\u00ed come\u00e7a a semana sob um cen\u00e1rio de instabilidade ampla e persistente. A combina\u00e7\u00e3o de sistemas atmosf\u00e9ricos que atuam sobre o Norte e Nordeste deve provocar\u00a0chuvas moderadas a fortes entre esta segunda-feira (23) e o dia 1\u00ba de mar\u00e7o, com acumulados que podem alcan\u00e7ar\u00a0100 mil\u00edmetros em algumas \u00e1reas do estado, segundo a Sala de [&hellip;]\" \/>\n<meta property=\"og:url\" content=\"https:\/\/noticiaempauta.com\/portal\/piaui-pode-registrar-ate-100-mm-de-chuva-e-fica-sob-alerta-de-perigo-ate-domingo\/\" \/>\n<meta property=\"og:site_name\" content=\"Portal Not\u00edcia em Pauta\" \/>\n<meta property=\"article:publisher\" content=\"https:\/\/www.facebook.com\/Portal-Notcia-Em-Pauta-102292869264820\/\" \/>\n<meta property=\"article:published_time\" content=\"2026-02-24T12:16:56+00:00\" \/>\n<meta property=\"article:modified_time\" content=\"2026-02-24T12:16:58+00:00\" \/>\n<meta property=\"og:image\" content=\"https:\/\/noticiaempauta.com\/portal\/wp-content\/uploads\/2024\/01\/com-dois-alertas-mais-de-100-cidades-do-piaui-tem-previsao-de-chuvas-intensas-292cd771-5d3e-427b-8ac4-1830dc110f05.webp\" \/>\n\t<meta property=\"og:image:width\" content=\"855\" \/>\n\t<meta property=\"og:image:height\" content=\"480\" \/>\n\t<meta property=\"og:image:type\" content=\"image\/webp\" \/>\n<meta name=\"author\" content=\"Reda\u00e7\u00e3o\" \/>\n<meta name=\"twitter:card\" content=\"summary_large_image\" \/>\n<meta name=\"twitter:label1\" content=\"Escrito por\" \/>\n\t<meta name=\"twitter:data1\" content=\"Reda\u00e7\u00e3o\" \/>\n\t<meta name=\"twitter:label2\" content=\"Est. tempo de leitura\" \/>\n\t<meta name=\"twitter:data2\" content=\"4 minutos\" \/>\n<script type=\"application\/ld+json\" class=\"yoast-schema-graph\">{\"@context\":\"https:\/\/schema.org\",\"@graph\":[{\"@type\":\"Article\",\"@id\":\"https:\/\/noticiaempauta.com\/portal\/piaui-pode-registrar-ate-100-mm-de-chuva-e-fica-sob-alerta-de-perigo-ate-domingo\/#article\",\"isPartOf\":{\"@id\":\"https:\/\/noticiaempauta.com\/portal\/piaui-pode-registrar-ate-100-mm-de-chuva-e-fica-sob-alerta-de-perigo-ate-domingo\/\"},\"author\":{\"name\":\"Reda\u00e7\u00e3o\",\"@id\":\"https:\/\/noticiaempauta.com\/portal\/#\/schema\/person\/a74af43dd1ab3deca45f988c717d57ac\"},\"headline\":\"Piau\u00ed pode registrar at\u00e9 100 mm de chuva e fica sob alerta de perigo at\u00e9 domingo\",\"datePublished\":\"2026-02-24T12:16:56+00:00\",\"dateModified\":\"2026-02-24T12:16:58+00:00\",\"mainEntityOfPage\":{\"@id\":\"https:\/\/noticiaempauta.com\/portal\/piaui-pode-registrar-ate-100-mm-de-chuva-e-fica-sob-alerta-de-perigo-ate-domingo\/\"},\"wordCount\":543,\"publisher\":{\"@id\":\"https:\/\/noticiaempauta.com\/portal\/#organization\"},\"image\":{\"@id\":\"https:\/\/noticiaempauta.com\/portal\/piaui-pode-registrar-ate-100-mm-de-chuva-e-fica-sob-alerta-de-perigo-ate-domingo\/#primaryimage\"},\"thumbnailUrl\":\"https:\/\/noticiaempauta.com\/portal\/wp-content\/uploads\/2024\/01\/com-dois-alertas-mais-de-100-cidades-do-piaui-tem-previsao-de-chuvas-intensas-292cd771-5d3e-427b-8ac4-1830dc110f05.webp\",\"keywords\":[\"destaqueprincipal\"],\"articleSection\":[\"Destaques\",\"Geral\",\"Munic\u00edpios\",\"Todas as Not\u00edcias\"],\"inLanguage\":\"pt-BR\"},{\"@type\":\"WebPage\",\"@id\":\"https:\/\/noticiaempauta.com\/portal\/piaui-pode-registrar-ate-100-mm-de-chuva-e-fica-sob-alerta-de-perigo-ate-domingo\/\",\"url\":\"https:\/\/noticiaempauta.com\/portal\/piaui-pode-registrar-ate-100-mm-de-chuva-e-fica-sob-alerta-de-perigo-ate-domingo\/\",\"name\":\"Piau\u00ed pode registrar at\u00e9 100 mm de chuva e fica sob alerta de perigo at\u00e9 domingo - Portal Not\u00edcia em Pauta\",\"isPartOf\":{\"@id\":\"https:\/\/noticiaempauta.com\/portal\/#website\"},\"primaryImageOfPage\":{\"@id\":\"https:\/\/noticiaempauta.com\/portal\/piaui-pode-registrar-ate-100-mm-de-chuva-e-fica-sob-alerta-de-perigo-ate-domingo\/#primaryimage\"},\"image\":{\"@id\":\"https:\/\/noticiaempauta.com\/portal\/piaui-pode-registrar-ate-100-mm-de-chuva-e-fica-sob-alerta-de-perigo-ate-domingo\/#primaryimage\"},\"thumbnailUrl\":\"https:\/\/noticiaempauta.com\/portal\/wp-content\/uploads\/2024\/01\/com-dois-alertas-mais-de-100-cidades-do-piaui-tem-previsao-de-chuvas-intensas-292cd771-5d3e-427b-8ac4-1830dc110f05.webp\",\"datePublished\":\"2026-02-24T12:16:56+00:00\",\"dateModified\":\"2026-02-24T12:16:58+00:00\",\"breadcrumb\":{\"@id\":\"https:\/\/noticiaempauta.com\/portal\/piaui-pode-registrar-ate-100-mm-de-chuva-e-fica-sob-alerta-de-perigo-ate-domingo\/#breadcrumb\"},\"inLanguage\":\"pt-BR\",\"potentialAction\":[{\"@type\":\"ReadAction\",\"target\":[\"https:\/\/noticiaempauta.com\/portal\/piaui-pode-registrar-ate-100-mm-de-chuva-e-fica-sob-alerta-de-perigo-ate-domingo\/\"]}]},{\"@type\":\"ImageObject\",\"inLanguage\":\"pt-BR\",\"@id\":\"https:\/\/noticiaempauta.com\/portal\/piaui-pode-registrar-ate-100-mm-de-chuva-e-fica-sob-alerta-de-perigo-ate-domingo\/#primaryimage\",\"url\":\"https:\/\/noticiaempauta.com\/portal\/wp-content\/uploads\/2024\/01\/com-dois-alertas-mais-de-100-cidades-do-piaui-tem-previsao-de-chuvas-intensas-292cd771-5d3e-427b-8ac4-1830dc110f05.webp\",\"contentUrl\":\"https:\/\/noticiaempauta.com\/portal\/wp-content\/uploads\/2024\/01\/com-dois-alertas-mais-de-100-cidades-do-piaui-tem-previsao-de-chuvas-intensas-292cd771-5d3e-427b-8ac4-1830dc110f05.webp\",\"width\":855,\"height\":480,\"caption\":\"Foto: J\u00e9ssica Dayane\/ Portal Meio Norte\"},{\"@type\":\"BreadcrumbList\",\"@id\":\"https:\/\/noticiaempauta.com\/portal\/piaui-pode-registrar-ate-100-mm-de-chuva-e-fica-sob-alerta-de-perigo-ate-domingo\/#breadcrumb\",\"itemListElement\":[{\"@type\":\"ListItem\",\"position\":1,\"name\":\"P\u00e1gina Inicial\",\"item\":\"https:\/\/noticiaempauta.com\/portal\/\"},{\"@type\":\"ListItem\",\"position\":2,\"name\":\"Destaques\",\"item\":\"https:\/\/noticiaempauta.com\/portal\/destaques-site\/\"},{\"@type\":\"ListItem\",\"position\":3,\"name\":\"Piau\u00ed pode registrar at\u00e9 100 mm de chuva e fica sob alerta de perigo at\u00e9 domingo\"}]},{\"@type\":\"WebSite\",\"@id\":\"https:\/\/noticiaempauta.com\/portal\/#website\",\"url\":\"https:\/\/noticiaempauta.com\/portal\/\",\"name\":\"Portal Not\u00edcia em Pauta\",\"description\":\"Voc\u00ea bem informado\",\"publisher\":{\"@id\":\"https:\/\/noticiaempauta.com\/portal\/#organization\"},\"potentialAction\":[{\"@type\":\"SearchAction\",\"target\":{\"@type\":\"EntryPoint\",\"urlTemplate\":\"https:\/\/noticiaempauta.com\/portal\/?s={search_term_string}\"},\"query-input\":{\"@type\":\"PropertyValueSpecification\",\"valueRequired\":true,\"valueName\":\"search_term_string\"}}],\"inLanguage\":\"pt-BR\"},{\"@type\":\"Organization\",\"@id\":\"https:\/\/noticiaempauta.com\/portal\/#organization\",\"name\":\"Portal Not\u00edcia em Pauta\",\"url\":\"https:\/\/noticiaempauta.com\/portal\/\",\"logo\":{\"@type\":\"ImageObject\",\"inLanguage\":\"pt-BR\",\"@id\":\"https:\/\/noticiaempauta.com\/portal\/#\/schema\/logo\/image\/\",\"url\":\"https:\/\/noticiaempauta.com\/portal\/wp-content\/uploads\/2022\/08\/logomarca_tema.fw_.png\",\"contentUrl\":\"https:\/\/noticiaempauta.com\/portal\/wp-content\/uploads\/2022\/08\/logomarca_tema.fw_.png\",\"width\":400,\"height\":232,\"caption\":\"Portal Not\u00edcia em Pauta\"},\"image\":{\"@id\":\"https:\/\/noticiaempauta.com\/portal\/#\/schema\/logo\/image\/\"},\"sameAs\":[\"https:\/\/www.facebook.com\/Portal-Notcia-Em-Pauta-102292869264820\/\",\"https:\/\/www.instagram.com\/portalnoticiaempauta\/\"]},{\"@type\":\"Person\",\"@id\":\"https:\/\/noticiaempauta.com\/portal\/#\/schema\/person\/a74af43dd1ab3deca45f988c717d57ac\",\"name\":\"Reda\u00e7\u00e3o\",\"image\":{\"@type\":\"ImageObject\",\"inLanguage\":\"pt-BR\",\"@id\":\"https:\/\/noticiaempauta.com\/portal\/#\/schema\/person\/image\/\",\"url\":\"https:\/\/secure.gravatar.com\/avatar\/03179346ecce6cdfc13361603e8f54242a90e5cde8618fa23c5c00aa2b0aadf3?s=96&d=mm&r=g\",\"contentUrl\":\"https:\/\/secure.gravatar.com\/avatar\/03179346ecce6cdfc13361603e8f54242a90e5cde8618fa23c5c00aa2b0aadf3?s=96&d=mm&r=g\",\"caption\":\"Reda\u00e7\u00e3o\"},\"sameAs\":[\"https:\/\/noticiaempauta.com\/portal\/\"],\"url\":\"https:\/\/noticiaempauta.com\/portal\/author\/fernando\/\"}]}<\/script>\n<!-- \/ Yoast SEO Premium plugin. -->","yoast_head_json":{"title":"Piau\u00ed pode registrar at\u00e9 100 mm de chuva e fica sob alerta de perigo at\u00e9 domingo - Portal Not\u00edcia em Pauta","robots":{"index":"index","follow":"follow","max-snippet":"max-snippet:-1","max-image-preview":"max-image-preview:large","max-video-preview":"max-video-preview:-1"},"canonical":"https:\/\/noticiaempauta.com\/portal\/piaui-pode-registrar-ate-100-mm-de-chuva-e-fica-sob-alerta-de-perigo-ate-domingo\/","og_locale":"pt_BR","og_type":"article","og_title":"Piau\u00ed pode registrar at\u00e9 100 mm de chuva e fica sob alerta de perigo at\u00e9 domingo","og_description":"O Piau\u00ed come\u00e7a a semana sob um cen\u00e1rio de instabilidade ampla e persistente. A combina\u00e7\u00e3o de sistemas atmosf\u00e9ricos que atuam sobre o Norte e Nordeste deve provocar\u00a0chuvas moderadas a fortes entre esta segunda-feira (23) e o dia 1\u00ba de mar\u00e7o, com acumulados que podem alcan\u00e7ar\u00a0100 mil\u00edmetros em algumas \u00e1reas do estado, segundo a Sala de [&hellip;]","og_url":"https:\/\/noticiaempauta.com\/portal\/piaui-pode-registrar-ate-100-mm-de-chuva-e-fica-sob-alerta-de-perigo-ate-domingo\/","og_site_name":"Portal Not\u00edcia em Pauta","article_publisher":"https:\/\/www.facebook.com\/Portal-Notcia-Em-Pauta-102292869264820\/","article_published_time":"2026-02-24T12:16:56+00:00","article_modified_time":"2026-02-24T12:16:58+00:00","og_image":[{"width":855,"height":480,"url":"https:\/\/noticiaempauta.com\/portal\/wp-content\/uploads\/2024\/01\/com-dois-alertas-mais-de-100-cidades-do-piaui-tem-previsao-de-chuvas-intensas-292cd771-5d3e-427b-8ac4-1830dc110f05.webp","type":"image\/webp"}],"author":"Reda\u00e7\u00e3o","twitter_card":"summary_large_image","twitter_misc":{"Escrito por":"Reda\u00e7\u00e3o","Est. tempo de leitura":"4 minutos"},"schema":{"@context":"https:\/\/schema.org","@graph":[{"@type":"Article","@id":"https:\/\/noticiaempauta.com\/portal\/piaui-pode-registrar-ate-100-mm-de-chuva-e-fica-sob-alerta-de-perigo-ate-domingo\/#article","isPartOf":{"@id":"https:\/\/noticiaempauta.com\/portal\/piaui-pode-registrar-ate-100-mm-de-chuva-e-fica-sob-alerta-de-perigo-ate-domingo\/"},"author":{"name":"Reda\u00e7\u00e3o","@id":"https:\/\/noticiaempauta.com\/portal\/#\/schema\/person\/a74af43dd1ab3deca45f988c717d57ac"},"headline":"Piau\u00ed pode registrar at\u00e9 100 mm de chuva e fica sob alerta de perigo at\u00e9 domingo","datePublished":"2026-02-24T12:16:56+00:00","dateModified":"2026-02-24T12:16:58+00:00","mainEntityOfPage":{"@id":"https:\/\/noticiaempauta.com\/portal\/piaui-pode-registrar-ate-100-mm-de-chuva-e-fica-sob-alerta-de-perigo-ate-domingo\/"},"wordCount":543,"publisher":{"@id":"https:\/\/noticiaempauta.com\/portal\/#organization"},"image":{"@id":"https:\/\/noticiaempauta.com\/portal\/piaui-pode-registrar-ate-100-mm-de-chuva-e-fica-sob-alerta-de-perigo-ate-domingo\/#primaryimage"},"thumbnailUrl":"https:\/\/noticiaempauta.com\/portal\/wp-content\/uploads\/2024\/01\/com-dois-alertas-mais-de-100-cidades-do-piaui-tem-previsao-de-chuvas-intensas-292cd771-5d3e-427b-8ac4-1830dc110f05.webp","keywords":["destaqueprincipal"],"articleSection":["Destaques","Geral","Munic\u00edpios","Todas as Not\u00edcias"],"inLanguage":"pt-BR"},{"@type":"WebPage","@id":"https:\/\/noticiaempauta.com\/portal\/piaui-pode-registrar-ate-100-mm-de-chuva-e-fica-sob-alerta-de-perigo-ate-domingo\/","url":"https:\/\/noticiaempauta.com\/portal\/piaui-pode-registrar-ate-100-mm-de-chuva-e-fica-sob-alerta-de-perigo-ate-domingo\/","name":"Piau\u00ed pode registrar at\u00e9 100 mm de chuva e fica sob alerta de perigo at\u00e9 domingo - Portal Not\u00edcia em Pauta","isPartOf":{"@id":"https:\/\/noticiaempauta.com\/portal\/#website"},"primaryImageOfPage":{"@id":"https:\/\/noticiaempauta.com\/portal\/piaui-pode-registrar-ate-100-mm-de-chuva-e-fica-sob-alerta-de-perigo-ate-domingo\/#primaryimage"},"image":{"@id":"https:\/\/noticiaempauta.com\/portal\/piaui-pode-registrar-ate-100-mm-de-chuva-e-fica-sob-alerta-de-perigo-ate-domingo\/#primaryimage"},"thumbnailUrl":"https:\/\/noticiaempauta.com\/portal\/wp-content\/uploads\/2024\/01\/com-dois-alertas-mais-de-100-cidades-do-piaui-tem-previsao-de-chuvas-intensas-292cd771-5d3e-427b-8ac4-1830dc110f05.webp","datePublished":"2026-02-24T12:16:56+00:00","dateModified":"2026-02-24T12:16:58+00:00","breadcrumb":{"@id":"https:\/\/noticiaempauta.com\/portal\/piaui-pode-registrar-ate-100-mm-de-chuva-e-fica-sob-alerta-de-perigo-ate-domingo\/#breadcrumb"},"inLanguage":"pt-BR","potentialAction":[{"@type":"ReadAction","target":["https:\/\/noticiaempauta.com\/portal\/piaui-pode-registrar-ate-100-mm-de-chuva-e-fica-sob-alerta-de-perigo-ate-domingo\/"]}]},{"@type":"ImageObject","inLanguage":"pt-BR","@id":"https:\/\/noticiaempauta.com\/portal\/piaui-pode-registrar-ate-100-mm-de-chuva-e-fica-sob-alerta-de-perigo-ate-domingo\/#primaryimage","url":"https:\/\/noticiaempauta.com\/portal\/wp-content\/uploads\/2024\/01\/com-dois-alertas-mais-de-100-cidades-do-piaui-tem-previsao-de-chuvas-intensas-292cd771-5d3e-427b-8ac4-1830dc110f05.webp","contentUrl":"https:\/\/noticiaempauta.com\/portal\/wp-content\/uploads\/2024\/01\/com-dois-alertas-mais-de-100-cidades-do-piaui-tem-previsao-de-chuvas-intensas-292cd771-5d3e-427b-8ac4-1830dc110f05.webp","width":855,"height":480,"caption":"Foto: J\u00e9ssica Dayane\/ Portal Meio Norte"},{"@type":"BreadcrumbList","@id":"https:\/\/noticiaempauta.com\/portal\/piaui-pode-registrar-ate-100-mm-de-chuva-e-fica-sob-alerta-de-perigo-ate-domingo\/#breadcrumb","itemListElement":[{"@type":"ListItem","position":1,"name":"P\u00e1gina Inicial","item":"https:\/\/noticiaempauta.com\/portal\/"},{"@type":"ListItem","position":2,"name":"Destaques","item":"https:\/\/noticiaempauta.com\/portal\/destaques-site\/"},{"@type":"ListItem","position":3,"name":"Piau\u00ed pode registrar at\u00e9 100 mm de chuva e fica sob alerta de perigo at\u00e9 domingo"}]},{"@type":"WebSite","@id":"https:\/\/noticiaempauta.com\/portal\/#website","url":"https:\/\/noticiaempauta.com\/portal\/","name":"Portal Not\u00edcia em Pauta","description":"Voc\u00ea bem informado","publisher":{"@id":"https:\/\/noticiaempauta.com\/portal\/#organization"},"potentialAction":[{"@type":"SearchAction","target":{"@type":"EntryPoint","urlTemplate":"https:\/\/noticiaempauta.com\/portal\/?s={search_term_string}"},"query-input":{"@type":"PropertyValueSpecification","valueRequired":true,"valueName":"search_term_string"}}],"inLanguage":"pt-BR"},{"@type":"Organization","@id":"https:\/\/noticiaempauta.com\/portal\/#organization","name":"Portal Not\u00edcia em Pauta","url":"https:\/\/noticiaempauta.com\/portal\/","logo":{"@type":"ImageObject","inLanguage":"pt-BR","@id":"https:\/\/noticiaempauta.com\/portal\/#\/schema\/logo\/image\/","url":"https:\/\/noticiaempauta.com\/portal\/wp-content\/uploads\/2022\/08\/logomarca_tema.fw_.png","contentUrl":"https:\/\/noticiaempauta.com\/portal\/wp-content\/uploads\/2022\/08\/logomarca_tema.fw_.png","width":400,"height":232,"caption":"Portal Not\u00edcia em Pauta"},"image":{"@id":"https:\/\/noticiaempauta.com\/portal\/#\/schema\/logo\/image\/"},"sameAs":["https:\/\/www.facebook.com\/Portal-Notcia-Em-Pauta-102292869264820\/","https:\/\/www.instagram.com\/portalnoticiaempauta\/"]},{"@type":"Person","@id":"https:\/\/noticiaempauta.com\/portal\/#\/schema\/person\/a74af43dd1ab3deca45f988c717d57ac","name":"Reda\u00e7\u00e3o","image":{"@type":"ImageObject","inLanguage":"pt-BR","@id":"https:\/\/noticiaempauta.com\/portal\/#\/schema\/person\/image\/","url":"https:\/\/secure.gravatar.com\/avatar\/03179346ecce6cdfc13361603e8f54242a90e5cde8618fa23c5c00aa2b0aadf3?s=96&d=mm&r=g","contentUrl":"https:\/\/secure.gravatar.com\/avatar\/03179346ecce6cdfc13361603e8f54242a90e5cde8618fa23c5c00aa2b0aadf3?s=96&d=mm&r=g","caption":"Reda\u00e7\u00e3o"},"sameAs":["https:\/\/noticiaempauta.com\/portal\/"],"url":"https:\/\/noticiaempauta.com\/portal\/author\/fernando\/"}]}},"_links":{"self":[{"href":"https:\/\/noticiaempauta.com\/portal\/wp-json\/wp\/v2\/posts\/285671","targetHints":{"allow":["GET"]}}],"collection":[{"href":"https:\/\/noticiaempauta.com\/portal\/wp-json\/wp\/v2\/posts"}],"about":[{"href":"https:\/\/noticiaempauta.com\/portal\/wp-json\/wp\/v2\/types\/post"}],"author":[{"embeddable":true,"href":"https:\/\/noticiaempauta.com\/portal\/wp-json\/wp\/v2\/users\/2"}],"replies":[{"embeddable":true,"href":"https:\/\/noticiaempauta.com\/portal\/wp-json\/wp\/v2\/comments?post=285671"}],"version-history":[{"count":2,"href":"https:\/\/noticiaempauta.com\/portal\/wp-json\/wp\/v2\/posts\/285671\/revisions"}],"predecessor-version":[{"id":285675,"href":"https:\/\/noticiaempauta.com\/portal\/wp-json\/wp\/v2\/posts\/285671\/revisions\/285675"}],"wp:featuredmedia":[{"embeddable":true,"href":"https:\/\/noticiaempauta.com\/portal\/wp-json\/wp\/v2\/media\/253827"}],"wp:attachment":[{"href":"https:\/\/noticiaempauta.com\/portal\/wp-json\/wp\/v2\/media?parent=285671"}],"wp:term":[{"taxonomy":"category","embeddable":true,"href":"https:\/\/noticiaempauta.com\/portal\/wp-json\/wp\/v2\/categories?post=285671"},{"taxonomy":"post_tag","embeddable":true,"href":"https:\/\/noticiaempauta.com\/portal\/wp-json\/wp\/v2\/tags?post=285671"}],"curies":[{"name":"wp","href":"https:\/\/api.w.org\/{rel}","templated":true}]}}