{"id":285682,"date":"2026-02-24T15:35:01","date_gmt":"2026-02-24T18:35:01","guid":{"rendered":"https:\/\/noticiaempauta.com\/portal\/?p=285682"},"modified":"2026-02-24T15:35:02","modified_gmt":"2026-02-24T18:35:02","slug":"piaui-tera-nova-companhia-aerea-com-voos-entre-teresinalitoral-e-serra-da-capivara","status":"publish","type":"post","link":"https:\/\/noticiaempauta.com\/portal\/piaui-tera-nova-companhia-aerea-com-voos-entre-teresinalitoral-e-serra-da-capivara\/","title":{"rendered":"Piau\u00ed ter\u00e1 nova companhia a\u00e9rea com voos entre Teresina,litoral e Serra da Capivara"},"content":{"rendered":"\n<p>Uma nova companhia a\u00e9rea vai entrar no mercado, ainda este ano,&nbsp;<strong>com a miss\u00e3o de integrar rotas tur\u00edsticas no Piau\u00ed.<\/strong>&nbsp;\u00c9 a Mov Air, empresa privada criada em parceria com o governo do estado para ofertar voos regionais.&nbsp;<\/p>\n\n\n\n<p>O foco principal \u00e9 a integra\u00e7\u00e3o entre a capital (Teresina), o litoral (Parna\u00edba) e o turismo hist\u00f3rico\/arqueol\u00f3gico (S\u00e3o Raimundo Nonato), facilitando o tr\u00e2nsito de turistas e integrando regi\u00f5es. A proposta inicial&nbsp;<strong>\u00e9 oferecer passagens a\u00e9reas na rota saindo do aeroporto de Parna\u00edba, passando por Teresina, S\u00e3o Raimundo Nonato e chegando a Bras\u00edlia.<\/strong>&nbsp;A ideia \u00e9 ter&nbsp;<strong>voos todos os dias, ida e volta, com pre\u00e7os acess\u00edveis.&nbsp;<\/strong><\/p>\n\n\n\n<figure class=\"wp-block-image size-full\"><img fetchpriority=\"high\" decoding=\"async\" width=\"790\" height=\"527\" src=\"https:\/\/noticiaempauta.com\/portal\/wp-content\/uploads\/2026\/02\/aeroporto1.webp\" alt=\"\" class=\"wp-image-285684\" srcset=\"https:\/\/noticiaempauta.com\/portal\/wp-content\/uploads\/2026\/02\/aeroporto1.webp 790w, https:\/\/noticiaempauta.com\/portal\/wp-content\/uploads\/2026\/02\/aeroporto1-300x200.webp 300w, https:\/\/noticiaempauta.com\/portal\/wp-content\/uploads\/2026\/02\/aeroporto1-768x512.webp 768w\" sizes=\"(max-width: 790px) 100vw, 790px\" \/><figcaption class=\"wp-element-caption\"><em>(Foto: Francisco Leal<\/em>)<\/figcaption><\/figure>\n\n\n\n<p>A proposta nasceu quando o governo do estado foi surpreendido com a retirada dos voos da Azul, no in\u00edcio de 2025, das cidades de Parna\u00edba e S\u00e3o Raimundo Nonato. Com o impasse, o governador Rafael Fonteles (PT) iniciou tratativas para a cria\u00e7\u00e3o de uma companhia a\u00e9rea que atendesse o Nordeste.&nbsp;&nbsp;<\/p>\n\n\n\n<p>\u201cO governador defendeu que o Piau\u00ed sa\u00edsse na frente, investindo e apoiando uma empresa que pudesse fazer essa conex\u00e3o tur\u00edstica. O Piau\u00ed \u00e9 forte no agro, no turismo de neg\u00f3cios, o sul do estado est\u00e1 virando uma refer\u00eancia na agricultura, mas precisamos conectar esses polos com todo o Brasil\u201d, disse o gerente de Turismo da Investe Piau\u00ed, Jos\u00e9 Neto, ex-secret\u00e1rio Estadual de Turismo.\u00a0<\/p>\n\n\n\n<p>A Investe Piau\u00ed firmou um termo de coopera\u00e7\u00e3o de longo prazo com a empresa Levu Air, companhia de cargas. Da\u00ed, foi fundada a Mov Air, que tem no slogan \u201ccompanhia a\u00e9rea que nasce com o Piau\u00ed no cora\u00e7\u00e3o\u201d e que tem sede em S\u00e3o Paulo. A Levu foi a empresa que ganhou a concess\u00e3o para administrar o aeroporto de Parna\u00edba.&nbsp;<strong>O governo do estado investiu cerca de R$ 30 milh\u00f5es.&nbsp;<\/strong><\/p>\n\n\n\n<figure class=\"wp-block-image size-full\"><img decoding=\"async\" width=\"790\" height=\"593\" src=\"https:\/\/noticiaempauta.com\/portal\/wp-content\/uploads\/2026\/02\/joseneto2.webp\" alt=\"\" class=\"wp-image-285683\" srcset=\"https:\/\/noticiaempauta.com\/portal\/wp-content\/uploads\/2026\/02\/joseneto2.webp 790w, https:\/\/noticiaempauta.com\/portal\/wp-content\/uploads\/2026\/02\/joseneto2-300x225.webp 300w, https:\/\/noticiaempauta.com\/portal\/wp-content\/uploads\/2026\/02\/joseneto2-768x576.webp 768w\" sizes=\"(max-width: 790px) 100vw, 790px\" \/><figcaption class=\"wp-element-caption\"><em>(Gerente de Turismo da Investe Piau\u00ed, Jos\u00e9 Neto)<\/em><\/figcaption><\/figure>\n\n\n\n<p>\u201cParna\u00edba vai ser o grande hub da Mov Air. A Investe Piau\u00ed aportou recursos na empresa com a possibilidade de parceria societ\u00e1ria com a Mov Air\u201d, disse Jos\u00e9 Neto.&nbsp;<\/p>\n\n\n\n<p>A empresa definiu um cronograma para o in\u00edcio das opera\u00e7\u00f5es a\u00e9reas no estado. A sele\u00e7\u00e3o de equipes para operar as aeronaves j\u00e1 foi definida, e a Mov Air j\u00e1 tem autoriza\u00e7\u00e3o para funcionar como transporte de carga, iniciando os trabalhos provavelmente at\u00e9 abril.<\/p>\n\n\n\n<p><strong>Os voos dom\u00e9sticos da empresa dependem de autoriza\u00e7\u00e3o da Anac (Ag\u00eancia Nacional de Avia\u00e7\u00e3o Civil), da aprova\u00e7\u00e3o de manuais, mas provavelmente ter\u00e1 voo a partir de julho.<\/strong>&nbsp;\u00c9 a previs\u00e3o de data em que est\u00e3o trabalhando, mas o an\u00fancio oficial ser\u00e1 feito pelo governador Rafael Fonteles.&nbsp;&nbsp;<\/p>\n\n\n\n<p>A primeira rota projetada para a Mov Air \u00e9 Parna\u00edba, no litoral do estado, Teresina, capital, e S\u00e3o Raimundo Nonato, uma das cidades de entrada para o Parque Nacional Serra da Capivara, ber\u00e7o do homem americano, patrim\u00f4nio da humanidade.&nbsp;<\/p>\n\n\n\n<p>Jos\u00e9 Neto informou que v\u00e1rios estados j\u00e1 est\u00e3o de olho no modelo regional. O governo de Sergipe j\u00e1 conversou com a Investe Piau\u00ed para entender o modelo para fazer neg\u00f3cios e estados da regi\u00e3o Sul.&nbsp;<\/p>\n\n\n\n<p>\u201cA Mov Air nasce como via\u00e7\u00e3o regional com grandes possibilidades de crescimento\u201d, destaca Jos\u00e9 Neto.&nbsp;<\/p>\n\n\n\n<p>Fonte: Cidade Verde<\/p>\n","protected":false},"excerpt":{"rendered":"<p>Uma nova companhia a\u00e9rea vai entrar no mercado, ainda este ano,&nbsp;com a miss\u00e3o de integrar rotas tur\u00edsticas no Piau\u00ed.&nbsp;\u00c9 a Mov Air, empresa privada criada em parceria com o governo do estado para ofertar voos regionais.&nbsp; O foco principal \u00e9 a integra\u00e7\u00e3o entre a capital (Teresina), o litoral (Parna\u00edba) e o turismo hist\u00f3rico\/arqueol\u00f3gico (S\u00e3o Raimundo [&hellip;]<\/p>\n","protected":false},"author":2,"featured_media":285684,"comment_status":"closed","ping_status":"closed","sticky":false,"template":"","format":"standard","meta":{"_mi_skip_tracking":false,"footnotes":""},"categories":[25,1,9,16],"tags":[],"class_list":["post-285682","post","type-post","status-publish","format-standard","has-post-thumbnail","hentry","category-destaques-site","category-geral","category-municipios","category-todas"],"acf":[],"yoast_head":"<!-- This site is optimized with the Yoast SEO Premium plugin v19.2 (Yoast SEO v26.9) - https:\/\/yoast.com\/product\/yoast-seo-premium-wordpress\/ -->\n<title>Piau\u00ed ter\u00e1 nova companhia a\u00e9rea com voos entre Teresina,litoral e Serra da Capivara - Portal Not\u00edcia em Pauta<\/title>\n<meta name=\"robots\" content=\"index, follow, max-snippet:-1, max-image-preview:large, max-video-preview:-1\" \/>\n<link rel=\"canonical\" href=\"https:\/\/noticiaempauta.com\/portal\/piaui-tera-nova-companhia-aerea-com-voos-entre-teresinalitoral-e-serra-da-capivara\/\" \/>\n<meta property=\"og:locale\" content=\"pt_BR\" \/>\n<meta property=\"og:type\" content=\"article\" \/>\n<meta property=\"og:title\" content=\"Piau\u00ed ter\u00e1 nova companhia a\u00e9rea com voos entre Teresina,litoral e Serra da Capivara\" \/>\n<meta property=\"og:description\" content=\"Uma nova companhia a\u00e9rea vai entrar no mercado, ainda este ano,&nbsp;com a miss\u00e3o de integrar rotas tur\u00edsticas no Piau\u00ed.&nbsp;\u00c9 a Mov Air, empresa privada criada em parceria com o governo do estado para ofertar voos regionais.&nbsp; O foco principal \u00e9 a integra\u00e7\u00e3o entre a capital (Teresina), o litoral (Parna\u00edba) e o turismo hist\u00f3rico\/arqueol\u00f3gico (S\u00e3o Raimundo [&hellip;]\" \/>\n<meta property=\"og:url\" content=\"https:\/\/noticiaempauta.com\/portal\/piaui-tera-nova-companhia-aerea-com-voos-entre-teresinalitoral-e-serra-da-capivara\/\" \/>\n<meta property=\"og:site_name\" content=\"Portal Not\u00edcia em Pauta\" \/>\n<meta property=\"article:publisher\" content=\"https:\/\/www.facebook.com\/Portal-Notcia-Em-Pauta-102292869264820\/\" \/>\n<meta property=\"article:published_time\" content=\"2026-02-24T18:35:01+00:00\" \/>\n<meta property=\"article:modified_time\" content=\"2026-02-24T18:35:02+00:00\" \/>\n<meta property=\"og:image\" content=\"https:\/\/noticiaempauta.com\/portal\/wp-content\/uploads\/2026\/02\/aeroporto1.webp\" \/>\n\t<meta property=\"og:image:width\" content=\"790\" \/>\n\t<meta property=\"og:image:height\" content=\"527\" \/>\n\t<meta property=\"og:image:type\" content=\"image\/webp\" \/>\n<meta name=\"author\" content=\"Reda\u00e7\u00e3o\" \/>\n<meta name=\"twitter:card\" content=\"summary_large_image\" \/>\n<meta name=\"twitter:label1\" content=\"Escrito por\" \/>\n\t<meta name=\"twitter:data1\" content=\"Reda\u00e7\u00e3o\" \/>\n\t<meta name=\"twitter:label2\" content=\"Est. tempo de leitura\" \/>\n\t<meta name=\"twitter:data2\" content=\"4 minutos\" \/>\n<script type=\"application\/ld+json\" class=\"yoast-schema-graph\">{\"@context\":\"https:\/\/schema.org\",\"@graph\":[{\"@type\":\"Article\",\"@id\":\"https:\/\/noticiaempauta.com\/portal\/piaui-tera-nova-companhia-aerea-com-voos-entre-teresinalitoral-e-serra-da-capivara\/#article\",\"isPartOf\":{\"@id\":\"https:\/\/noticiaempauta.com\/portal\/piaui-tera-nova-companhia-aerea-com-voos-entre-teresinalitoral-e-serra-da-capivara\/\"},\"author\":{\"name\":\"Reda\u00e7\u00e3o\",\"@id\":\"https:\/\/noticiaempauta.com\/portal\/#\/schema\/person\/a74af43dd1ab3deca45f988c717d57ac\"},\"headline\":\"Piau\u00ed ter\u00e1 nova companhia a\u00e9rea com voos entre Teresina,litoral e Serra da Capivara\",\"datePublished\":\"2026-02-24T18:35:01+00:00\",\"dateModified\":\"2026-02-24T18:35:02+00:00\",\"mainEntityOfPage\":{\"@id\":\"https:\/\/noticiaempauta.com\/portal\/piaui-tera-nova-companhia-aerea-com-voos-entre-teresinalitoral-e-serra-da-capivara\/\"},\"wordCount\":591,\"publisher\":{\"@id\":\"https:\/\/noticiaempauta.com\/portal\/#organization\"},\"image\":{\"@id\":\"https:\/\/noticiaempauta.com\/portal\/piaui-tera-nova-companhia-aerea-com-voos-entre-teresinalitoral-e-serra-da-capivara\/#primaryimage\"},\"thumbnailUrl\":\"https:\/\/noticiaempauta.com\/portal\/wp-content\/uploads\/2026\/02\/aeroporto1.webp\",\"articleSection\":[\"Destaques\",\"Geral\",\"Munic\u00edpios\",\"Todas as Not\u00edcias\"],\"inLanguage\":\"pt-BR\"},{\"@type\":\"WebPage\",\"@id\":\"https:\/\/noticiaempauta.com\/portal\/piaui-tera-nova-companhia-aerea-com-voos-entre-teresinalitoral-e-serra-da-capivara\/\",\"url\":\"https:\/\/noticiaempauta.com\/portal\/piaui-tera-nova-companhia-aerea-com-voos-entre-teresinalitoral-e-serra-da-capivara\/\",\"name\":\"Piau\u00ed ter\u00e1 nova companhia a\u00e9rea com voos entre Teresina,litoral e Serra da Capivara - Portal Not\u00edcia em Pauta\",\"isPartOf\":{\"@id\":\"https:\/\/noticiaempauta.com\/portal\/#website\"},\"primaryImageOfPage\":{\"@id\":\"https:\/\/noticiaempauta.com\/portal\/piaui-tera-nova-companhia-aerea-com-voos-entre-teresinalitoral-e-serra-da-capivara\/#primaryimage\"},\"image\":{\"@id\":\"https:\/\/noticiaempauta.com\/portal\/piaui-tera-nova-companhia-aerea-com-voos-entre-teresinalitoral-e-serra-da-capivara\/#primaryimage\"},\"thumbnailUrl\":\"https:\/\/noticiaempauta.com\/portal\/wp-content\/uploads\/2026\/02\/aeroporto1.webp\",\"datePublished\":\"2026-02-24T18:35:01+00:00\",\"dateModified\":\"2026-02-24T18:35:02+00:00\",\"breadcrumb\":{\"@id\":\"https:\/\/noticiaempauta.com\/portal\/piaui-tera-nova-companhia-aerea-com-voos-entre-teresinalitoral-e-serra-da-capivara\/#breadcrumb\"},\"inLanguage\":\"pt-BR\",\"potentialAction\":[{\"@type\":\"ReadAction\",\"target\":[\"https:\/\/noticiaempauta.com\/portal\/piaui-tera-nova-companhia-aerea-com-voos-entre-teresinalitoral-e-serra-da-capivara\/\"]}]},{\"@type\":\"ImageObject\",\"inLanguage\":\"pt-BR\",\"@id\":\"https:\/\/noticiaempauta.com\/portal\/piaui-tera-nova-companhia-aerea-com-voos-entre-teresinalitoral-e-serra-da-capivara\/#primaryimage\",\"url\":\"https:\/\/noticiaempauta.com\/portal\/wp-content\/uploads\/2026\/02\/aeroporto1.webp\",\"contentUrl\":\"https:\/\/noticiaempauta.com\/portal\/wp-content\/uploads\/2026\/02\/aeroporto1.webp\",\"width\":790,\"height\":527},{\"@type\":\"BreadcrumbList\",\"@id\":\"https:\/\/noticiaempauta.com\/portal\/piaui-tera-nova-companhia-aerea-com-voos-entre-teresinalitoral-e-serra-da-capivara\/#breadcrumb\",\"itemListElement\":[{\"@type\":\"ListItem\",\"position\":1,\"name\":\"P\u00e1gina Inicial\",\"item\":\"https:\/\/noticiaempauta.com\/portal\/\"},{\"@type\":\"ListItem\",\"position\":2,\"name\":\"Destaques\",\"item\":\"https:\/\/noticiaempauta.com\/portal\/destaques-site\/\"},{\"@type\":\"ListItem\",\"position\":3,\"name\":\"Piau\u00ed ter\u00e1 nova companhia a\u00e9rea com voos entre Teresina,litoral e Serra da Capivara\"}]},{\"@type\":\"WebSite\",\"@id\":\"https:\/\/noticiaempauta.com\/portal\/#website\",\"url\":\"https:\/\/noticiaempauta.com\/portal\/\",\"name\":\"Portal Not\u00edcia em Pauta\",\"description\":\"Voc\u00ea bem informado\",\"publisher\":{\"@id\":\"https:\/\/noticiaempauta.com\/portal\/#organization\"},\"potentialAction\":[{\"@type\":\"SearchAction\",\"target\":{\"@type\":\"EntryPoint\",\"urlTemplate\":\"https:\/\/noticiaempauta.com\/portal\/?s={search_term_string}\"},\"query-input\":{\"@type\":\"PropertyValueSpecification\",\"valueRequired\":true,\"valueName\":\"search_term_string\"}}],\"inLanguage\":\"pt-BR\"},{\"@type\":\"Organization\",\"@id\":\"https:\/\/noticiaempauta.com\/portal\/#organization\",\"name\":\"Portal Not\u00edcia em Pauta\",\"url\":\"https:\/\/noticiaempauta.com\/portal\/\",\"logo\":{\"@type\":\"ImageObject\",\"inLanguage\":\"pt-BR\",\"@id\":\"https:\/\/noticiaempauta.com\/portal\/#\/schema\/logo\/image\/\",\"url\":\"https:\/\/noticiaempauta.com\/portal\/wp-content\/uploads\/2022\/08\/logomarca_tema.fw_.png\",\"contentUrl\":\"https:\/\/noticiaempauta.com\/portal\/wp-content\/uploads\/2022\/08\/logomarca_tema.fw_.png\",\"width\":400,\"height\":232,\"caption\":\"Portal Not\u00edcia em Pauta\"},\"image\":{\"@id\":\"https:\/\/noticiaempauta.com\/portal\/#\/schema\/logo\/image\/\"},\"sameAs\":[\"https:\/\/www.facebook.com\/Portal-Notcia-Em-Pauta-102292869264820\/\",\"https:\/\/www.instagram.com\/portalnoticiaempauta\/\"]},{\"@type\":\"Person\",\"@id\":\"https:\/\/noticiaempauta.com\/portal\/#\/schema\/person\/a74af43dd1ab3deca45f988c717d57ac\",\"name\":\"Reda\u00e7\u00e3o\",\"image\":{\"@type\":\"ImageObject\",\"inLanguage\":\"pt-BR\",\"@id\":\"https:\/\/noticiaempauta.com\/portal\/#\/schema\/person\/image\/\",\"url\":\"https:\/\/secure.gravatar.com\/avatar\/03179346ecce6cdfc13361603e8f54242a90e5cde8618fa23c5c00aa2b0aadf3?s=96&d=mm&r=g\",\"contentUrl\":\"https:\/\/secure.gravatar.com\/avatar\/03179346ecce6cdfc13361603e8f54242a90e5cde8618fa23c5c00aa2b0aadf3?s=96&d=mm&r=g\",\"caption\":\"Reda\u00e7\u00e3o\"},\"sameAs\":[\"https:\/\/noticiaempauta.com\/portal\/\"],\"url\":\"https:\/\/noticiaempauta.com\/portal\/author\/fernando\/\"}]}<\/script>\n<!-- \/ Yoast SEO Premium plugin. -->","yoast_head_json":{"title":"Piau\u00ed ter\u00e1 nova companhia a\u00e9rea com voos entre Teresina,litoral e Serra da Capivara - Portal Not\u00edcia em Pauta","robots":{"index":"index","follow":"follow","max-snippet":"max-snippet:-1","max-image-preview":"max-image-preview:large","max-video-preview":"max-video-preview:-1"},"canonical":"https:\/\/noticiaempauta.com\/portal\/piaui-tera-nova-companhia-aerea-com-voos-entre-teresinalitoral-e-serra-da-capivara\/","og_locale":"pt_BR","og_type":"article","og_title":"Piau\u00ed ter\u00e1 nova companhia a\u00e9rea com voos entre Teresina,litoral e Serra da Capivara","og_description":"Uma nova companhia a\u00e9rea vai entrar no mercado, ainda este ano,&nbsp;com a miss\u00e3o de integrar rotas tur\u00edsticas no Piau\u00ed.&nbsp;\u00c9 a Mov Air, empresa privada criada em parceria com o governo do estado para ofertar voos regionais.&nbsp; O foco principal \u00e9 a integra\u00e7\u00e3o entre a capital (Teresina), o litoral (Parna\u00edba) e o turismo hist\u00f3rico\/arqueol\u00f3gico (S\u00e3o Raimundo [&hellip;]","og_url":"https:\/\/noticiaempauta.com\/portal\/piaui-tera-nova-companhia-aerea-com-voos-entre-teresinalitoral-e-serra-da-capivara\/","og_site_name":"Portal Not\u00edcia em Pauta","article_publisher":"https:\/\/www.facebook.com\/Portal-Notcia-Em-Pauta-102292869264820\/","article_published_time":"2026-02-24T18:35:01+00:00","article_modified_time":"2026-02-24T18:35:02+00:00","og_image":[{"width":790,"height":527,"url":"https:\/\/noticiaempauta.com\/portal\/wp-content\/uploads\/2026\/02\/aeroporto1.webp","type":"image\/webp"}],"author":"Reda\u00e7\u00e3o","twitter_card":"summary_large_image","twitter_misc":{"Escrito por":"Reda\u00e7\u00e3o","Est. tempo de leitura":"4 minutos"},"schema":{"@context":"https:\/\/schema.org","@graph":[{"@type":"Article","@id":"https:\/\/noticiaempauta.com\/portal\/piaui-tera-nova-companhia-aerea-com-voos-entre-teresinalitoral-e-serra-da-capivara\/#article","isPartOf":{"@id":"https:\/\/noticiaempauta.com\/portal\/piaui-tera-nova-companhia-aerea-com-voos-entre-teresinalitoral-e-serra-da-capivara\/"},"author":{"name":"Reda\u00e7\u00e3o","@id":"https:\/\/noticiaempauta.com\/portal\/#\/schema\/person\/a74af43dd1ab3deca45f988c717d57ac"},"headline":"Piau\u00ed ter\u00e1 nova companhia a\u00e9rea com voos entre Teresina,litoral e Serra da Capivara","datePublished":"2026-02-24T18:35:01+00:00","dateModified":"2026-02-24T18:35:02+00:00","mainEntityOfPage":{"@id":"https:\/\/noticiaempauta.com\/portal\/piaui-tera-nova-companhia-aerea-com-voos-entre-teresinalitoral-e-serra-da-capivara\/"},"wordCount":591,"publisher":{"@id":"https:\/\/noticiaempauta.com\/portal\/#organization"},"image":{"@id":"https:\/\/noticiaempauta.com\/portal\/piaui-tera-nova-companhia-aerea-com-voos-entre-teresinalitoral-e-serra-da-capivara\/#primaryimage"},"thumbnailUrl":"https:\/\/noticiaempauta.com\/portal\/wp-content\/uploads\/2026\/02\/aeroporto1.webp","articleSection":["Destaques","Geral","Munic\u00edpios","Todas as Not\u00edcias"],"inLanguage":"pt-BR"},{"@type":"WebPage","@id":"https:\/\/noticiaempauta.com\/portal\/piaui-tera-nova-companhia-aerea-com-voos-entre-teresinalitoral-e-serra-da-capivara\/","url":"https:\/\/noticiaempauta.com\/portal\/piaui-tera-nova-companhia-aerea-com-voos-entre-teresinalitoral-e-serra-da-capivara\/","name":"Piau\u00ed ter\u00e1 nova companhia a\u00e9rea com voos entre Teresina,litoral e Serra da Capivara - Portal Not\u00edcia em Pauta","isPartOf":{"@id":"https:\/\/noticiaempauta.com\/portal\/#website"},"primaryImageOfPage":{"@id":"https:\/\/noticiaempauta.com\/portal\/piaui-tera-nova-companhia-aerea-com-voos-entre-teresinalitoral-e-serra-da-capivara\/#primaryimage"},"image":{"@id":"https:\/\/noticiaempauta.com\/portal\/piaui-tera-nova-companhia-aerea-com-voos-entre-teresinalitoral-e-serra-da-capivara\/#primaryimage"},"thumbnailUrl":"https:\/\/noticiaempauta.com\/portal\/wp-content\/uploads\/2026\/02\/aeroporto1.webp","datePublished":"2026-02-24T18:35:01+00:00","dateModified":"2026-02-24T18:35:02+00:00","breadcrumb":{"@id":"https:\/\/noticiaempauta.com\/portal\/piaui-tera-nova-companhia-aerea-com-voos-entre-teresinalitoral-e-serra-da-capivara\/#breadcrumb"},"inLanguage":"pt-BR","potentialAction":[{"@type":"ReadAction","target":["https:\/\/noticiaempauta.com\/portal\/piaui-tera-nova-companhia-aerea-com-voos-entre-teresinalitoral-e-serra-da-capivara\/"]}]},{"@type":"ImageObject","inLanguage":"pt-BR","@id":"https:\/\/noticiaempauta.com\/portal\/piaui-tera-nova-companhia-aerea-com-voos-entre-teresinalitoral-e-serra-da-capivara\/#primaryimage","url":"https:\/\/noticiaempauta.com\/portal\/wp-content\/uploads\/2026\/02\/aeroporto1.webp","contentUrl":"https:\/\/noticiaempauta.com\/portal\/wp-content\/uploads\/2026\/02\/aeroporto1.webp","width":790,"height":527},{"@type":"BreadcrumbList","@id":"https:\/\/noticiaempauta.com\/portal\/piaui-tera-nova-companhia-aerea-com-voos-entre-teresinalitoral-e-serra-da-capivara\/#breadcrumb","itemListElement":[{"@type":"ListItem","position":1,"name":"P\u00e1gina Inicial","item":"https:\/\/noticiaempauta.com\/portal\/"},{"@type":"ListItem","position":2,"name":"Destaques","item":"https:\/\/noticiaempauta.com\/portal\/destaques-site\/"},{"@type":"ListItem","position":3,"name":"Piau\u00ed ter\u00e1 nova companhia a\u00e9rea com voos entre Teresina,litoral e Serra da Capivara"}]},{"@type":"WebSite","@id":"https:\/\/noticiaempauta.com\/portal\/#website","url":"https:\/\/noticiaempauta.com\/portal\/","name":"Portal Not\u00edcia em Pauta","description":"Voc\u00ea bem informado","publisher":{"@id":"https:\/\/noticiaempauta.com\/portal\/#organization"},"potentialAction":[{"@type":"SearchAction","target":{"@type":"EntryPoint","urlTemplate":"https:\/\/noticiaempauta.com\/portal\/?s={search_term_string}"},"query-input":{"@type":"PropertyValueSpecification","valueRequired":true,"valueName":"search_term_string"}}],"inLanguage":"pt-BR"},{"@type":"Organization","@id":"https:\/\/noticiaempauta.com\/portal\/#organization","name":"Portal Not\u00edcia em Pauta","url":"https:\/\/noticiaempauta.com\/portal\/","logo":{"@type":"ImageObject","inLanguage":"pt-BR","@id":"https:\/\/noticiaempauta.com\/portal\/#\/schema\/logo\/image\/","url":"https:\/\/noticiaempauta.com\/portal\/wp-content\/uploads\/2022\/08\/logomarca_tema.fw_.png","contentUrl":"https:\/\/noticiaempauta.com\/portal\/wp-content\/uploads\/2022\/08\/logomarca_tema.fw_.png","width":400,"height":232,"caption":"Portal Not\u00edcia em Pauta"},"image":{"@id":"https:\/\/noticiaempauta.com\/portal\/#\/schema\/logo\/image\/"},"sameAs":["https:\/\/www.facebook.com\/Portal-Notcia-Em-Pauta-102292869264820\/","https:\/\/www.instagram.com\/portalnoticiaempauta\/"]},{"@type":"Person","@id":"https:\/\/noticiaempauta.com\/portal\/#\/schema\/person\/a74af43dd1ab3deca45f988c717d57ac","name":"Reda\u00e7\u00e3o","image":{"@type":"ImageObject","inLanguage":"pt-BR","@id":"https:\/\/noticiaempauta.com\/portal\/#\/schema\/person\/image\/","url":"https:\/\/secure.gravatar.com\/avatar\/03179346ecce6cdfc13361603e8f54242a90e5cde8618fa23c5c00aa2b0aadf3?s=96&d=mm&r=g","contentUrl":"https:\/\/secure.gravatar.com\/avatar\/03179346ecce6cdfc13361603e8f54242a90e5cde8618fa23c5c00aa2b0aadf3?s=96&d=mm&r=g","caption":"Reda\u00e7\u00e3o"},"sameAs":["https:\/\/noticiaempauta.com\/portal\/"],"url":"https:\/\/noticiaempauta.com\/portal\/author\/fernando\/"}]}},"_links":{"self":[{"href":"https:\/\/noticiaempauta.com\/portal\/wp-json\/wp\/v2\/posts\/285682","targetHints":{"allow":["GET"]}}],"collection":[{"href":"https:\/\/noticiaempauta.com\/portal\/wp-json\/wp\/v2\/posts"}],"about":[{"href":"https:\/\/noticiaempauta.com\/portal\/wp-json\/wp\/v2\/types\/post"}],"author":[{"embeddable":true,"href":"https:\/\/noticiaempauta.com\/portal\/wp-json\/wp\/v2\/users\/2"}],"replies":[{"embeddable":true,"href":"https:\/\/noticiaempauta.com\/portal\/wp-json\/wp\/v2\/comments?post=285682"}],"version-history":[{"count":2,"href":"https:\/\/noticiaempauta.com\/portal\/wp-json\/wp\/v2\/posts\/285682\/revisions"}],"predecessor-version":[{"id":285686,"href":"https:\/\/noticiaempauta.com\/portal\/wp-json\/wp\/v2\/posts\/285682\/revisions\/285686"}],"wp:featuredmedia":[{"embeddable":true,"href":"https:\/\/noticiaempauta.com\/portal\/wp-json\/wp\/v2\/media\/285684"}],"wp:attachment":[{"href":"https:\/\/noticiaempauta.com\/portal\/wp-json\/wp\/v2\/media?parent=285682"}],"wp:term":[{"taxonomy":"category","embeddable":true,"href":"https:\/\/noticiaempauta.com\/portal\/wp-json\/wp\/v2\/categories?post=285682"},{"taxonomy":"post_tag","embeddable":true,"href":"https:\/\/noticiaempauta.com\/portal\/wp-json\/wp\/v2\/tags?post=285682"}],"curies":[{"name":"wp","href":"https:\/\/api.w.org\/{rel}","templated":true}]}}