{"id":285688,"date":"2026-02-24T16:25:05","date_gmt":"2026-02-24T19:25:05","guid":{"rendered":"https:\/\/noticiaempauta.com\/portal\/?p=285688"},"modified":"2026-02-24T16:25:09","modified_gmt":"2026-02-24T19:25:09","slug":"aroeiras-do-itaim-participa-de-capacitacao-sobre-a-plataforma-piaui-primeira-infancia-para-fortalecer-acoes-voltadas-as-criancas","status":"publish","type":"post","link":"https:\/\/noticiaempauta.com\/portal\/aroeiras-do-itaim-participa-de-capacitacao-sobre-a-plataforma-piaui-primeira-infancia-para-fortalecer-acoes-voltadas-as-criancas\/","title":{"rendered":"Aroeiras do Itaim participa de capacita\u00e7\u00e3o sobre a plataforma Piau\u00ed Primeira Inf\u00e2ncia para fortalecer a\u00e7\u00f5es voltadas \u00e0s crian\u00e7as"},"content":{"rendered":"\n<p>Foi realizada, nessa segunda-feira, dia 23 de fevereiro, uma capacita\u00e7\u00e3o para o uso da plataforma Piau\u00ed Primeira Inf\u00e2ncia, ferramenta estrat\u00e9gica que apoia os munic\u00edpios no planejamento, monitoramento e execu\u00e7\u00e3o de pol\u00edticas p\u00fablicas voltadas \u00e0s crian\u00e7as de 0 a 6 anos. Representando o munic\u00edpio, participaram a supervisora do programa, Camila Crispim, juntamente com Marcil\u00e2ndia Souza e Marcioney de Souza, que passam a integrar o grupo respons\u00e1vel pela execu\u00e7\u00e3o das a\u00e7\u00f5es no territ\u00f3rio.<\/p>\n\n\n\n<figure class=\"wp-block-image size-large\"><img fetchpriority=\"high\" decoding=\"async\" width=\"1024\" height=\"576\" src=\"https:\/\/noticiaempauta.com\/portal\/wp-content\/uploads\/2026\/02\/WhatsApp-Image-2026-02-24-at-14.18.40-2-1024x576.webp\" alt=\"\" class=\"wp-image-285689\" srcset=\"https:\/\/noticiaempauta.com\/portal\/wp-content\/uploads\/2026\/02\/WhatsApp-Image-2026-02-24-at-14.18.40-2-1024x576.webp 1024w, https:\/\/noticiaempauta.com\/portal\/wp-content\/uploads\/2026\/02\/WhatsApp-Image-2026-02-24-at-14.18.40-2-300x169.webp 300w, https:\/\/noticiaempauta.com\/portal\/wp-content\/uploads\/2026\/02\/WhatsApp-Image-2026-02-24-at-14.18.40-2-768x432.webp 768w, https:\/\/noticiaempauta.com\/portal\/wp-content\/uploads\/2026\/02\/WhatsApp-Image-2026-02-24-at-14.18.40-2.webp 1280w\" sizes=\"(max-width: 1024px) 100vw, 1024px\" \/><\/figure>\n\n\n\n<p>O encontro contou com a participa\u00e7\u00e3o da coordenadora do Pacto pelas Crian\u00e7as e primeira-dama do Estado do Piau\u00ed, Isabel Fonteles, al\u00e9m de representantes de diversos \u00f3rg\u00e3os do Governo do Estado do Piau\u00ed. Durante a capacita\u00e7\u00e3o, foram apresentadas as funcionalidades da plataforma, que permite o monitoramento em tempo real de indicadores, a identifica\u00e7\u00e3o de vulnerabilidades e o acompanhamento das a\u00e7\u00f5es desenvolvidas pelos munic\u00edpios.<\/p>\n\n\n\n<figure class=\"wp-block-image size-large\"><img decoding=\"async\" width=\"576\" height=\"1024\" src=\"https:\/\/noticiaempauta.com\/portal\/wp-content\/uploads\/2026\/02\/WhatsApp-Image-2026-02-24-at-14.18.40-1-576x1024.webp\" alt=\"\" class=\"wp-image-285690\" srcset=\"https:\/\/noticiaempauta.com\/portal\/wp-content\/uploads\/2026\/02\/WhatsApp-Image-2026-02-24-at-14.18.40-1-576x1024.webp 576w, https:\/\/noticiaempauta.com\/portal\/wp-content\/uploads\/2026\/02\/WhatsApp-Image-2026-02-24-at-14.18.40-1-169x300.webp 169w, https:\/\/noticiaempauta.com\/portal\/wp-content\/uploads\/2026\/02\/WhatsApp-Image-2026-02-24-at-14.18.40-1.webp 720w\" sizes=\"(max-width: 576px) 100vw, 576px\" \/><\/figure>\n\n\n\n<p>De acordo com a supervisora do programa no munic\u00edpio, Camila Crispim, a ades\u00e3o \u00e0 plataforma representa um avan\u00e7o significativo no cuidado com a inf\u00e2ncia. \u201cEsse programa \u00e9 fundamental porque nos d\u00e1 dados reais e atualizados, permitindo planejar melhor as a\u00e7\u00f5es e garantir que as pol\u00edticas p\u00fablicas cheguem a quem mais precisa. \u00c9 um investimento direto no futuro das nossas crian\u00e7as e adolescentes\u201d, destacou.<\/p>\n\n\n\n<figure class=\"wp-block-image size-large\"><img decoding=\"async\" width=\"1024\" height=\"576\" src=\"https:\/\/noticiaempauta.com\/portal\/wp-content\/uploads\/2026\/02\/WhatsApp-Image-2026-02-24-at-14.18.40-3-1024x576.webp\" alt=\"\" class=\"wp-image-285691\" srcset=\"https:\/\/noticiaempauta.com\/portal\/wp-content\/uploads\/2026\/02\/WhatsApp-Image-2026-02-24-at-14.18.40-3-1024x576.webp 1024w, https:\/\/noticiaempauta.com\/portal\/wp-content\/uploads\/2026\/02\/WhatsApp-Image-2026-02-24-at-14.18.40-3-300x169.webp 300w, https:\/\/noticiaempauta.com\/portal\/wp-content\/uploads\/2026\/02\/WhatsApp-Image-2026-02-24-at-14.18.40-3-768x432.webp 768w, https:\/\/noticiaempauta.com\/portal\/wp-content\/uploads\/2026\/02\/WhatsApp-Image-2026-02-24-at-14.18.40-3.webp 1280w\" sizes=\"(max-width: 1024px) 100vw, 1024px\" \/><\/figure>\n\n\n\n<p>A implanta\u00e7\u00e3o do Piau\u00ed Primeira Inf\u00e2ncia no munic\u00edpio refor\u00e7a o compromisso da gest\u00e3o com a promo\u00e7\u00e3o de uma inf\u00e2ncia e adolesc\u00eancia mais seguras, assegurando direitos, fortalecendo o acompanhamento das fam\u00edlias e contribuindo para o desenvolvimento integral das crian\u00e7as desde os primeiros anos de vida.<\/p>\n\n\n\n<figure class=\"wp-block-image size-large\"><img loading=\"lazy\" decoding=\"async\" width=\"1024\" height=\"768\" src=\"https:\/\/noticiaempauta.com\/portal\/wp-content\/uploads\/2026\/02\/WhatsApp-Image-2026-02-24-at-14.18.41-1024x768.webp\" alt=\"\" class=\"wp-image-285692\" srcset=\"https:\/\/noticiaempauta.com\/portal\/wp-content\/uploads\/2026\/02\/WhatsApp-Image-2026-02-24-at-14.18.41-1024x768.webp 1024w, https:\/\/noticiaempauta.com\/portal\/wp-content\/uploads\/2026\/02\/WhatsApp-Image-2026-02-24-at-14.18.41-300x225.webp 300w, https:\/\/noticiaempauta.com\/portal\/wp-content\/uploads\/2026\/02\/WhatsApp-Image-2026-02-24-at-14.18.41-768x576.webp 768w, https:\/\/noticiaempauta.com\/portal\/wp-content\/uploads\/2026\/02\/WhatsApp-Image-2026-02-24-at-14.18.41.webp 1536w\" sizes=\"(max-width: 1024px) 100vw, 1024px\" \/><\/figure>\n\n\n\n<figure class=\"wp-block-image size-large\"><img loading=\"lazy\" decoding=\"async\" width=\"1024\" height=\"576\" src=\"https:\/\/noticiaempauta.com\/portal\/wp-content\/uploads\/2026\/02\/WhatsApp-Image-2026-02-24-at-14.18.40-1024x576.webp\" alt=\"\" class=\"wp-image-285693\" srcset=\"https:\/\/noticiaempauta.com\/portal\/wp-content\/uploads\/2026\/02\/WhatsApp-Image-2026-02-24-at-14.18.40-1024x576.webp 1024w, https:\/\/noticiaempauta.com\/portal\/wp-content\/uploads\/2026\/02\/WhatsApp-Image-2026-02-24-at-14.18.40-300x169.webp 300w, https:\/\/noticiaempauta.com\/portal\/wp-content\/uploads\/2026\/02\/WhatsApp-Image-2026-02-24-at-14.18.40-768x432.webp 768w, https:\/\/noticiaempauta.com\/portal\/wp-content\/uploads\/2026\/02\/WhatsApp-Image-2026-02-24-at-14.18.40.webp 1280w\" sizes=\"(max-width: 1024px) 100vw, 1024px\" \/><\/figure>\n\n\n\n<figure class=\"wp-block-image size-large\"><img loading=\"lazy\" decoding=\"async\" width=\"1024\" height=\"768\" src=\"https:\/\/noticiaempauta.com\/portal\/wp-content\/uploads\/2026\/02\/WhatsApp-Image-2026-02-24-at-14.18.40-4-1024x768.webp\" alt=\"\" class=\"wp-image-285694\" srcset=\"https:\/\/noticiaempauta.com\/portal\/wp-content\/uploads\/2026\/02\/WhatsApp-Image-2026-02-24-at-14.18.40-4-1024x768.webp 1024w, https:\/\/noticiaempauta.com\/portal\/wp-content\/uploads\/2026\/02\/WhatsApp-Image-2026-02-24-at-14.18.40-4-300x225.webp 300w, https:\/\/noticiaempauta.com\/portal\/wp-content\/uploads\/2026\/02\/WhatsApp-Image-2026-02-24-at-14.18.40-4-768x576.webp 768w, https:\/\/noticiaempauta.com\/portal\/wp-content\/uploads\/2026\/02\/WhatsApp-Image-2026-02-24-at-14.18.40-4.webp 1536w\" sizes=\"(max-width: 1024px) 100vw, 1024px\" \/><\/figure>\n","protected":false},"excerpt":{"rendered":"<p>Foi realizada, nessa segunda-feira, dia 23 de fevereiro, uma capacita\u00e7\u00e3o para o uso da plataforma Piau\u00ed Primeira Inf\u00e2ncia, ferramenta estrat\u00e9gica que apoia os munic\u00edpios no planejamento, monitoramento e execu\u00e7\u00e3o de pol\u00edticas p\u00fablicas voltadas \u00e0s crian\u00e7as de 0 a 6 anos. Representando o munic\u00edpio, participaram a supervisora do programa, Camila Crispim, juntamente com Marcil\u00e2ndia Souza e [&hellip;]<\/p>\n","protected":false},"author":2,"featured_media":285689,"comment_status":"closed","ping_status":"closed","sticky":false,"template":"","format":"standard","meta":{"_mi_skip_tracking":false,"footnotes":""},"categories":[25,1,9,16],"tags":[],"class_list":["post-285688","post","type-post","status-publish","format-standard","has-post-thumbnail","hentry","category-destaques-site","category-geral","category-municipios","category-todas"],"acf":[],"yoast_head":"<!-- This site is optimized with the Yoast SEO Premium plugin v19.2 (Yoast SEO v26.9) - https:\/\/yoast.com\/product\/yoast-seo-premium-wordpress\/ -->\n<title>Aroeiras do Itaim participa de capacita\u00e7\u00e3o sobre a plataforma Piau\u00ed Primeira Inf\u00e2ncia para fortalecer a\u00e7\u00f5es voltadas \u00e0s crian\u00e7as - Portal Not\u00edcia em Pauta<\/title>\n<meta name=\"robots\" content=\"index, follow, max-snippet:-1, max-image-preview:large, max-video-preview:-1\" \/>\n<link rel=\"canonical\" href=\"https:\/\/noticiaempauta.com\/portal\/aroeiras-do-itaim-participa-de-capacitacao-sobre-a-plataforma-piaui-primeira-infancia-para-fortalecer-acoes-voltadas-as-criancas\/\" \/>\n<meta property=\"og:locale\" content=\"pt_BR\" \/>\n<meta property=\"og:type\" content=\"article\" \/>\n<meta property=\"og:title\" content=\"Aroeiras do Itaim participa de capacita\u00e7\u00e3o sobre a plataforma Piau\u00ed Primeira Inf\u00e2ncia para fortalecer a\u00e7\u00f5es voltadas \u00e0s crian\u00e7as\" \/>\n<meta property=\"og:description\" content=\"Foi realizada, nessa segunda-feira, dia 23 de fevereiro, uma capacita\u00e7\u00e3o para o uso da plataforma Piau\u00ed Primeira Inf\u00e2ncia, ferramenta estrat\u00e9gica que apoia os munic\u00edpios no planejamento, monitoramento e execu\u00e7\u00e3o de pol\u00edticas p\u00fablicas voltadas \u00e0s crian\u00e7as de 0 a 6 anos. Representando o munic\u00edpio, participaram a supervisora do programa, Camila Crispim, juntamente com Marcil\u00e2ndia Souza e [&hellip;]\" \/>\n<meta property=\"og:url\" content=\"https:\/\/noticiaempauta.com\/portal\/aroeiras-do-itaim-participa-de-capacitacao-sobre-a-plataforma-piaui-primeira-infancia-para-fortalecer-acoes-voltadas-as-criancas\/\" \/>\n<meta property=\"og:site_name\" content=\"Portal Not\u00edcia em Pauta\" \/>\n<meta property=\"article:publisher\" content=\"https:\/\/www.facebook.com\/Portal-Notcia-Em-Pauta-102292869264820\/\" \/>\n<meta property=\"article:published_time\" content=\"2026-02-24T19:25:05+00:00\" \/>\n<meta property=\"article:modified_time\" content=\"2026-02-24T19:25:09+00:00\" \/>\n<meta property=\"og:image\" content=\"https:\/\/noticiaempauta.com\/portal\/wp-content\/uploads\/2026\/02\/WhatsApp-Image-2026-02-24-at-14.18.40-2.webp\" \/>\n\t<meta property=\"og:image:width\" content=\"1280\" \/>\n\t<meta property=\"og:image:height\" content=\"720\" \/>\n\t<meta property=\"og:image:type\" content=\"image\/webp\" \/>\n<meta name=\"author\" content=\"Reda\u00e7\u00e3o\" \/>\n<meta name=\"twitter:card\" content=\"summary_large_image\" \/>\n<meta name=\"twitter:label1\" content=\"Escrito por\" \/>\n\t<meta name=\"twitter:data1\" content=\"Reda\u00e7\u00e3o\" \/>\n\t<meta name=\"twitter:label2\" content=\"Est. tempo de leitura\" \/>\n\t<meta name=\"twitter:data2\" content=\"3 minutos\" \/>\n<script type=\"application\/ld+json\" class=\"yoast-schema-graph\">{\"@context\":\"https:\/\/schema.org\",\"@graph\":[{\"@type\":\"Article\",\"@id\":\"https:\/\/noticiaempauta.com\/portal\/aroeiras-do-itaim-participa-de-capacitacao-sobre-a-plataforma-piaui-primeira-infancia-para-fortalecer-acoes-voltadas-as-criancas\/#article\",\"isPartOf\":{\"@id\":\"https:\/\/noticiaempauta.com\/portal\/aroeiras-do-itaim-participa-de-capacitacao-sobre-a-plataforma-piaui-primeira-infancia-para-fortalecer-acoes-voltadas-as-criancas\/\"},\"author\":{\"name\":\"Reda\u00e7\u00e3o\",\"@id\":\"https:\/\/noticiaempauta.com\/portal\/#\/schema\/person\/a74af43dd1ab3deca45f988c717d57ac\"},\"headline\":\"Aroeiras do Itaim participa de capacita\u00e7\u00e3o sobre a plataforma Piau\u00ed Primeira Inf\u00e2ncia para fortalecer a\u00e7\u00f5es voltadas \u00e0s crian\u00e7as\",\"datePublished\":\"2026-02-24T19:25:05+00:00\",\"dateModified\":\"2026-02-24T19:25:09+00:00\",\"mainEntityOfPage\":{\"@id\":\"https:\/\/noticiaempauta.com\/portal\/aroeiras-do-itaim-participa-de-capacitacao-sobre-a-plataforma-piaui-primeira-infancia-para-fortalecer-acoes-voltadas-as-criancas\/\"},\"wordCount\":296,\"publisher\":{\"@id\":\"https:\/\/noticiaempauta.com\/portal\/#organization\"},\"image\":{\"@id\":\"https:\/\/noticiaempauta.com\/portal\/aroeiras-do-itaim-participa-de-capacitacao-sobre-a-plataforma-piaui-primeira-infancia-para-fortalecer-acoes-voltadas-as-criancas\/#primaryimage\"},\"thumbnailUrl\":\"https:\/\/noticiaempauta.com\/portal\/wp-content\/uploads\/2026\/02\/WhatsApp-Image-2026-02-24-at-14.18.40-2.webp\",\"articleSection\":[\"Destaques\",\"Geral\",\"Munic\u00edpios\",\"Todas as Not\u00edcias\"],\"inLanguage\":\"pt-BR\"},{\"@type\":\"WebPage\",\"@id\":\"https:\/\/noticiaempauta.com\/portal\/aroeiras-do-itaim-participa-de-capacitacao-sobre-a-plataforma-piaui-primeira-infancia-para-fortalecer-acoes-voltadas-as-criancas\/\",\"url\":\"https:\/\/noticiaempauta.com\/portal\/aroeiras-do-itaim-participa-de-capacitacao-sobre-a-plataforma-piaui-primeira-infancia-para-fortalecer-acoes-voltadas-as-criancas\/\",\"name\":\"Aroeiras do Itaim participa de capacita\u00e7\u00e3o sobre a plataforma Piau\u00ed Primeira Inf\u00e2ncia para fortalecer a\u00e7\u00f5es voltadas \u00e0s crian\u00e7as - Portal Not\u00edcia em Pauta\",\"isPartOf\":{\"@id\":\"https:\/\/noticiaempauta.com\/portal\/#website\"},\"primaryImageOfPage\":{\"@id\":\"https:\/\/noticiaempauta.com\/portal\/aroeiras-do-itaim-participa-de-capacitacao-sobre-a-plataforma-piaui-primeira-infancia-para-fortalecer-acoes-voltadas-as-criancas\/#primaryimage\"},\"image\":{\"@id\":\"https:\/\/noticiaempauta.com\/portal\/aroeiras-do-itaim-participa-de-capacitacao-sobre-a-plataforma-piaui-primeira-infancia-para-fortalecer-acoes-voltadas-as-criancas\/#primaryimage\"},\"thumbnailUrl\":\"https:\/\/noticiaempauta.com\/portal\/wp-content\/uploads\/2026\/02\/WhatsApp-Image-2026-02-24-at-14.18.40-2.webp\",\"datePublished\":\"2026-02-24T19:25:05+00:00\",\"dateModified\":\"2026-02-24T19:25:09+00:00\",\"breadcrumb\":{\"@id\":\"https:\/\/noticiaempauta.com\/portal\/aroeiras-do-itaim-participa-de-capacitacao-sobre-a-plataforma-piaui-primeira-infancia-para-fortalecer-acoes-voltadas-as-criancas\/#breadcrumb\"},\"inLanguage\":\"pt-BR\",\"potentialAction\":[{\"@type\":\"ReadAction\",\"target\":[\"https:\/\/noticiaempauta.com\/portal\/aroeiras-do-itaim-participa-de-capacitacao-sobre-a-plataforma-piaui-primeira-infancia-para-fortalecer-acoes-voltadas-as-criancas\/\"]}]},{\"@type\":\"ImageObject\",\"inLanguage\":\"pt-BR\",\"@id\":\"https:\/\/noticiaempauta.com\/portal\/aroeiras-do-itaim-participa-de-capacitacao-sobre-a-plataforma-piaui-primeira-infancia-para-fortalecer-acoes-voltadas-as-criancas\/#primaryimage\",\"url\":\"https:\/\/noticiaempauta.com\/portal\/wp-content\/uploads\/2026\/02\/WhatsApp-Image-2026-02-24-at-14.18.40-2.webp\",\"contentUrl\":\"https:\/\/noticiaempauta.com\/portal\/wp-content\/uploads\/2026\/02\/WhatsApp-Image-2026-02-24-at-14.18.40-2.webp\",\"width\":1280,\"height\":720},{\"@type\":\"BreadcrumbList\",\"@id\":\"https:\/\/noticiaempauta.com\/portal\/aroeiras-do-itaim-participa-de-capacitacao-sobre-a-plataforma-piaui-primeira-infancia-para-fortalecer-acoes-voltadas-as-criancas\/#breadcrumb\",\"itemListElement\":[{\"@type\":\"ListItem\",\"position\":1,\"name\":\"P\u00e1gina Inicial\",\"item\":\"https:\/\/noticiaempauta.com\/portal\/\"},{\"@type\":\"ListItem\",\"position\":2,\"name\":\"Destaques\",\"item\":\"https:\/\/noticiaempauta.com\/portal\/destaques-site\/\"},{\"@type\":\"ListItem\",\"position\":3,\"name\":\"Aroeiras do Itaim participa de capacita\u00e7\u00e3o sobre a plataforma Piau\u00ed Primeira Inf\u00e2ncia para fortalecer a\u00e7\u00f5es voltadas \u00e0s crian\u00e7as\"}]},{\"@type\":\"WebSite\",\"@id\":\"https:\/\/noticiaempauta.com\/portal\/#website\",\"url\":\"https:\/\/noticiaempauta.com\/portal\/\",\"name\":\"Portal Not\u00edcia em Pauta\",\"description\":\"Voc\u00ea bem informado\",\"publisher\":{\"@id\":\"https:\/\/noticiaempauta.com\/portal\/#organization\"},\"potentialAction\":[{\"@type\":\"SearchAction\",\"target\":{\"@type\":\"EntryPoint\",\"urlTemplate\":\"https:\/\/noticiaempauta.com\/portal\/?s={search_term_string}\"},\"query-input\":{\"@type\":\"PropertyValueSpecification\",\"valueRequired\":true,\"valueName\":\"search_term_string\"}}],\"inLanguage\":\"pt-BR\"},{\"@type\":\"Organization\",\"@id\":\"https:\/\/noticiaempauta.com\/portal\/#organization\",\"name\":\"Portal Not\u00edcia em Pauta\",\"url\":\"https:\/\/noticiaempauta.com\/portal\/\",\"logo\":{\"@type\":\"ImageObject\",\"inLanguage\":\"pt-BR\",\"@id\":\"https:\/\/noticiaempauta.com\/portal\/#\/schema\/logo\/image\/\",\"url\":\"https:\/\/noticiaempauta.com\/portal\/wp-content\/uploads\/2022\/08\/logomarca_tema.fw_.png\",\"contentUrl\":\"https:\/\/noticiaempauta.com\/portal\/wp-content\/uploads\/2022\/08\/logomarca_tema.fw_.png\",\"width\":400,\"height\":232,\"caption\":\"Portal Not\u00edcia em Pauta\"},\"image\":{\"@id\":\"https:\/\/noticiaempauta.com\/portal\/#\/schema\/logo\/image\/\"},\"sameAs\":[\"https:\/\/www.facebook.com\/Portal-Notcia-Em-Pauta-102292869264820\/\",\"https:\/\/www.instagram.com\/portalnoticiaempauta\/\"]},{\"@type\":\"Person\",\"@id\":\"https:\/\/noticiaempauta.com\/portal\/#\/schema\/person\/a74af43dd1ab3deca45f988c717d57ac\",\"name\":\"Reda\u00e7\u00e3o\",\"image\":{\"@type\":\"ImageObject\",\"inLanguage\":\"pt-BR\",\"@id\":\"https:\/\/noticiaempauta.com\/portal\/#\/schema\/person\/image\/\",\"url\":\"https:\/\/secure.gravatar.com\/avatar\/03179346ecce6cdfc13361603e8f54242a90e5cde8618fa23c5c00aa2b0aadf3?s=96&d=mm&r=g\",\"contentUrl\":\"https:\/\/secure.gravatar.com\/avatar\/03179346ecce6cdfc13361603e8f54242a90e5cde8618fa23c5c00aa2b0aadf3?s=96&d=mm&r=g\",\"caption\":\"Reda\u00e7\u00e3o\"},\"sameAs\":[\"https:\/\/noticiaempauta.com\/portal\/\"],\"url\":\"https:\/\/noticiaempauta.com\/portal\/author\/fernando\/\"}]}<\/script>\n<!-- \/ Yoast SEO Premium plugin. -->","yoast_head_json":{"title":"Aroeiras do Itaim participa de capacita\u00e7\u00e3o sobre a plataforma Piau\u00ed Primeira Inf\u00e2ncia para fortalecer a\u00e7\u00f5es voltadas \u00e0s crian\u00e7as - Portal Not\u00edcia em Pauta","robots":{"index":"index","follow":"follow","max-snippet":"max-snippet:-1","max-image-preview":"max-image-preview:large","max-video-preview":"max-video-preview:-1"},"canonical":"https:\/\/noticiaempauta.com\/portal\/aroeiras-do-itaim-participa-de-capacitacao-sobre-a-plataforma-piaui-primeira-infancia-para-fortalecer-acoes-voltadas-as-criancas\/","og_locale":"pt_BR","og_type":"article","og_title":"Aroeiras do Itaim participa de capacita\u00e7\u00e3o sobre a plataforma Piau\u00ed Primeira Inf\u00e2ncia para fortalecer a\u00e7\u00f5es voltadas \u00e0s crian\u00e7as","og_description":"Foi realizada, nessa segunda-feira, dia 23 de fevereiro, uma capacita\u00e7\u00e3o para o uso da plataforma Piau\u00ed Primeira Inf\u00e2ncia, ferramenta estrat\u00e9gica que apoia os munic\u00edpios no planejamento, monitoramento e execu\u00e7\u00e3o de pol\u00edticas p\u00fablicas voltadas \u00e0s crian\u00e7as de 0 a 6 anos. Representando o munic\u00edpio, participaram a supervisora do programa, Camila Crispim, juntamente com Marcil\u00e2ndia Souza e [&hellip;]","og_url":"https:\/\/noticiaempauta.com\/portal\/aroeiras-do-itaim-participa-de-capacitacao-sobre-a-plataforma-piaui-primeira-infancia-para-fortalecer-acoes-voltadas-as-criancas\/","og_site_name":"Portal Not\u00edcia em Pauta","article_publisher":"https:\/\/www.facebook.com\/Portal-Notcia-Em-Pauta-102292869264820\/","article_published_time":"2026-02-24T19:25:05+00:00","article_modified_time":"2026-02-24T19:25:09+00:00","og_image":[{"width":1280,"height":720,"url":"https:\/\/noticiaempauta.com\/portal\/wp-content\/uploads\/2026\/02\/WhatsApp-Image-2026-02-24-at-14.18.40-2.webp","type":"image\/webp"}],"author":"Reda\u00e7\u00e3o","twitter_card":"summary_large_image","twitter_misc":{"Escrito por":"Reda\u00e7\u00e3o","Est. tempo de leitura":"3 minutos"},"schema":{"@context":"https:\/\/schema.org","@graph":[{"@type":"Article","@id":"https:\/\/noticiaempauta.com\/portal\/aroeiras-do-itaim-participa-de-capacitacao-sobre-a-plataforma-piaui-primeira-infancia-para-fortalecer-acoes-voltadas-as-criancas\/#article","isPartOf":{"@id":"https:\/\/noticiaempauta.com\/portal\/aroeiras-do-itaim-participa-de-capacitacao-sobre-a-plataforma-piaui-primeira-infancia-para-fortalecer-acoes-voltadas-as-criancas\/"},"author":{"name":"Reda\u00e7\u00e3o","@id":"https:\/\/noticiaempauta.com\/portal\/#\/schema\/person\/a74af43dd1ab3deca45f988c717d57ac"},"headline":"Aroeiras do Itaim participa de capacita\u00e7\u00e3o sobre a plataforma Piau\u00ed Primeira Inf\u00e2ncia para fortalecer a\u00e7\u00f5es voltadas \u00e0s crian\u00e7as","datePublished":"2026-02-24T19:25:05+00:00","dateModified":"2026-02-24T19:25:09+00:00","mainEntityOfPage":{"@id":"https:\/\/noticiaempauta.com\/portal\/aroeiras-do-itaim-participa-de-capacitacao-sobre-a-plataforma-piaui-primeira-infancia-para-fortalecer-acoes-voltadas-as-criancas\/"},"wordCount":296,"publisher":{"@id":"https:\/\/noticiaempauta.com\/portal\/#organization"},"image":{"@id":"https:\/\/noticiaempauta.com\/portal\/aroeiras-do-itaim-participa-de-capacitacao-sobre-a-plataforma-piaui-primeira-infancia-para-fortalecer-acoes-voltadas-as-criancas\/#primaryimage"},"thumbnailUrl":"https:\/\/noticiaempauta.com\/portal\/wp-content\/uploads\/2026\/02\/WhatsApp-Image-2026-02-24-at-14.18.40-2.webp","articleSection":["Destaques","Geral","Munic\u00edpios","Todas as Not\u00edcias"],"inLanguage":"pt-BR"},{"@type":"WebPage","@id":"https:\/\/noticiaempauta.com\/portal\/aroeiras-do-itaim-participa-de-capacitacao-sobre-a-plataforma-piaui-primeira-infancia-para-fortalecer-acoes-voltadas-as-criancas\/","url":"https:\/\/noticiaempauta.com\/portal\/aroeiras-do-itaim-participa-de-capacitacao-sobre-a-plataforma-piaui-primeira-infancia-para-fortalecer-acoes-voltadas-as-criancas\/","name":"Aroeiras do Itaim participa de capacita\u00e7\u00e3o sobre a plataforma Piau\u00ed Primeira Inf\u00e2ncia para fortalecer a\u00e7\u00f5es voltadas \u00e0s crian\u00e7as - Portal Not\u00edcia em Pauta","isPartOf":{"@id":"https:\/\/noticiaempauta.com\/portal\/#website"},"primaryImageOfPage":{"@id":"https:\/\/noticiaempauta.com\/portal\/aroeiras-do-itaim-participa-de-capacitacao-sobre-a-plataforma-piaui-primeira-infancia-para-fortalecer-acoes-voltadas-as-criancas\/#primaryimage"},"image":{"@id":"https:\/\/noticiaempauta.com\/portal\/aroeiras-do-itaim-participa-de-capacitacao-sobre-a-plataforma-piaui-primeira-infancia-para-fortalecer-acoes-voltadas-as-criancas\/#primaryimage"},"thumbnailUrl":"https:\/\/noticiaempauta.com\/portal\/wp-content\/uploads\/2026\/02\/WhatsApp-Image-2026-02-24-at-14.18.40-2.webp","datePublished":"2026-02-24T19:25:05+00:00","dateModified":"2026-02-24T19:25:09+00:00","breadcrumb":{"@id":"https:\/\/noticiaempauta.com\/portal\/aroeiras-do-itaim-participa-de-capacitacao-sobre-a-plataforma-piaui-primeira-infancia-para-fortalecer-acoes-voltadas-as-criancas\/#breadcrumb"},"inLanguage":"pt-BR","potentialAction":[{"@type":"ReadAction","target":["https:\/\/noticiaempauta.com\/portal\/aroeiras-do-itaim-participa-de-capacitacao-sobre-a-plataforma-piaui-primeira-infancia-para-fortalecer-acoes-voltadas-as-criancas\/"]}]},{"@type":"ImageObject","inLanguage":"pt-BR","@id":"https:\/\/noticiaempauta.com\/portal\/aroeiras-do-itaim-participa-de-capacitacao-sobre-a-plataforma-piaui-primeira-infancia-para-fortalecer-acoes-voltadas-as-criancas\/#primaryimage","url":"https:\/\/noticiaempauta.com\/portal\/wp-content\/uploads\/2026\/02\/WhatsApp-Image-2026-02-24-at-14.18.40-2.webp","contentUrl":"https:\/\/noticiaempauta.com\/portal\/wp-content\/uploads\/2026\/02\/WhatsApp-Image-2026-02-24-at-14.18.40-2.webp","width":1280,"height":720},{"@type":"BreadcrumbList","@id":"https:\/\/noticiaempauta.com\/portal\/aroeiras-do-itaim-participa-de-capacitacao-sobre-a-plataforma-piaui-primeira-infancia-para-fortalecer-acoes-voltadas-as-criancas\/#breadcrumb","itemListElement":[{"@type":"ListItem","position":1,"name":"P\u00e1gina Inicial","item":"https:\/\/noticiaempauta.com\/portal\/"},{"@type":"ListItem","position":2,"name":"Destaques","item":"https:\/\/noticiaempauta.com\/portal\/destaques-site\/"},{"@type":"ListItem","position":3,"name":"Aroeiras do Itaim participa de capacita\u00e7\u00e3o sobre a plataforma Piau\u00ed Primeira Inf\u00e2ncia para fortalecer a\u00e7\u00f5es voltadas \u00e0s crian\u00e7as"}]},{"@type":"WebSite","@id":"https:\/\/noticiaempauta.com\/portal\/#website","url":"https:\/\/noticiaempauta.com\/portal\/","name":"Portal Not\u00edcia em Pauta","description":"Voc\u00ea bem informado","publisher":{"@id":"https:\/\/noticiaempauta.com\/portal\/#organization"},"potentialAction":[{"@type":"SearchAction","target":{"@type":"EntryPoint","urlTemplate":"https:\/\/noticiaempauta.com\/portal\/?s={search_term_string}"},"query-input":{"@type":"PropertyValueSpecification","valueRequired":true,"valueName":"search_term_string"}}],"inLanguage":"pt-BR"},{"@type":"Organization","@id":"https:\/\/noticiaempauta.com\/portal\/#organization","name":"Portal Not\u00edcia em Pauta","url":"https:\/\/noticiaempauta.com\/portal\/","logo":{"@type":"ImageObject","inLanguage":"pt-BR","@id":"https:\/\/noticiaempauta.com\/portal\/#\/schema\/logo\/image\/","url":"https:\/\/noticiaempauta.com\/portal\/wp-content\/uploads\/2022\/08\/logomarca_tema.fw_.png","contentUrl":"https:\/\/noticiaempauta.com\/portal\/wp-content\/uploads\/2022\/08\/logomarca_tema.fw_.png","width":400,"height":232,"caption":"Portal Not\u00edcia em Pauta"},"image":{"@id":"https:\/\/noticiaempauta.com\/portal\/#\/schema\/logo\/image\/"},"sameAs":["https:\/\/www.facebook.com\/Portal-Notcia-Em-Pauta-102292869264820\/","https:\/\/www.instagram.com\/portalnoticiaempauta\/"]},{"@type":"Person","@id":"https:\/\/noticiaempauta.com\/portal\/#\/schema\/person\/a74af43dd1ab3deca45f988c717d57ac","name":"Reda\u00e7\u00e3o","image":{"@type":"ImageObject","inLanguage":"pt-BR","@id":"https:\/\/noticiaempauta.com\/portal\/#\/schema\/person\/image\/","url":"https:\/\/secure.gravatar.com\/avatar\/03179346ecce6cdfc13361603e8f54242a90e5cde8618fa23c5c00aa2b0aadf3?s=96&d=mm&r=g","contentUrl":"https:\/\/secure.gravatar.com\/avatar\/03179346ecce6cdfc13361603e8f54242a90e5cde8618fa23c5c00aa2b0aadf3?s=96&d=mm&r=g","caption":"Reda\u00e7\u00e3o"},"sameAs":["https:\/\/noticiaempauta.com\/portal\/"],"url":"https:\/\/noticiaempauta.com\/portal\/author\/fernando\/"}]}},"_links":{"self":[{"href":"https:\/\/noticiaempauta.com\/portal\/wp-json\/wp\/v2\/posts\/285688","targetHints":{"allow":["GET"]}}],"collection":[{"href":"https:\/\/noticiaempauta.com\/portal\/wp-json\/wp\/v2\/posts"}],"about":[{"href":"https:\/\/noticiaempauta.com\/portal\/wp-json\/wp\/v2\/types\/post"}],"author":[{"embeddable":true,"href":"https:\/\/noticiaempauta.com\/portal\/wp-json\/wp\/v2\/users\/2"}],"replies":[{"embeddable":true,"href":"https:\/\/noticiaempauta.com\/portal\/wp-json\/wp\/v2\/comments?post=285688"}],"version-history":[{"count":2,"href":"https:\/\/noticiaempauta.com\/portal\/wp-json\/wp\/v2\/posts\/285688\/revisions"}],"predecessor-version":[{"id":285696,"href":"https:\/\/noticiaempauta.com\/portal\/wp-json\/wp\/v2\/posts\/285688\/revisions\/285696"}],"wp:featuredmedia":[{"embeddable":true,"href":"https:\/\/noticiaempauta.com\/portal\/wp-json\/wp\/v2\/media\/285689"}],"wp:attachment":[{"href":"https:\/\/noticiaempauta.com\/portal\/wp-json\/wp\/v2\/media?parent=285688"}],"wp:term":[{"taxonomy":"category","embeddable":true,"href":"https:\/\/noticiaempauta.com\/portal\/wp-json\/wp\/v2\/categories?post=285688"},{"taxonomy":"post_tag","embeddable":true,"href":"https:\/\/noticiaempauta.com\/portal\/wp-json\/wp\/v2\/tags?post=285688"}],"curies":[{"name":"wp","href":"https:\/\/api.w.org\/{rel}","templated":true}]}}