{"id":285697,"date":"2026-02-24T17:16:32","date_gmt":"2026-02-24T20:16:32","guid":{"rendered":"https:\/\/noticiaempauta.com\/portal\/?p=285697"},"modified":"2026-02-24T17:16:34","modified_gmt":"2026-02-24T20:16:34","slug":"parlamento-do-futuro-tem-inicio-com-posse-dos-estudantes-e-eleicao-da-mesa-diretora-na-alepi","status":"publish","type":"post","link":"https:\/\/noticiaempauta.com\/portal\/parlamento-do-futuro-tem-inicio-com-posse-dos-estudantes-e-eleicao-da-mesa-diretora-na-alepi\/","title":{"rendered":"Parlamento do Futuro tem in\u00edcio com posse dos estudantes e elei\u00e7\u00e3o da Mesa Diretora na ALEPI"},"content":{"rendered":"\n<p>A Assembleia Legislativa do Piau\u00ed (Alepi), por meio do programa Parlamento do Futuro, empossou 30 alunos da rede p\u00fablica estadual como deputados estaduais e realizou elei\u00e7\u00e3o da Mesa Diretora na manh\u00e3 desta segunda-feira (23). Os estudantes vivenciam, entre os dias 22 e 25 de fevereiro, a rotina parlamentar, como apresentando e debatendo projetos de lei.<\/p>\n\n\n\n<figure class=\"wp-block-image size-full\"><img fetchpriority=\"high\" decoding=\"async\" width=\"600\" height=\"400\" src=\"https:\/\/noticiaempauta.com\/portal\/wp-content\/uploads\/2026\/02\/image_assessoria-28.webp\" alt=\"\" class=\"wp-image-285698\" srcset=\"https:\/\/noticiaempauta.com\/portal\/wp-content\/uploads\/2026\/02\/image_assessoria-28.webp 600w, https:\/\/noticiaempauta.com\/portal\/wp-content\/uploads\/2026\/02\/image_assessoria-28-300x200.webp 300w\" sizes=\"(max-width: 600px) 100vw, 600px\" \/><\/figure>\n\n\n\n<p>A estudante Luiza Maria, presidente da edi\u00e7\u00e3o anterior do Parlamento do Futuro, realizada em 2024, conduziu a sess\u00e3o de posse e a elei\u00e7\u00e3o da Mesa Diretora, que teve dois grupos concorrentes. As duas candidatas \u00e0 presid\u00eancia foram Cibelly Bispo e Maria Clara Figueiredo. Os discursos de ambas defenderam a uni\u00e3o entre os parlamentares e o respeito \u00e0s diferen\u00e7as.<\/p>\n\n\n\n<p>Ap\u00f3s vota\u00e7\u00e3o secreta, Cibelly Bispo foi eleita com 19 votos. Os demais escolhidos para compor a Mesa Diretora foram L\u00edvia Bezerra, 1\u00aa vice-presidente; Ingrid Ara\u00fajo, 2\u00aa vice-presidente; Ant\u00f4nio Wesley, 3\u00ba vice-presidente; Fernando Maia, 4\u00ba vice-presidente; Francisca Raiane, 1\u00aa secret\u00e1ria; Mateus Nonato, 2\u00ba secret\u00e1rio; Izaque Ara\u00fajo, 3\u00ba secret\u00e1rio; Jo\u00e3o Daniel, 4\u00ba secret\u00e1rio.<\/p>\n\n\n\n<p>Cibelly Bispo enalteceu o Parlamento do Futuro e destacou a oportunidade dada pela Alepi. \u201cEstou muito honrada, muito agradecida a todos que votaram em mim. Queria agradecer tamb\u00e9m \u00e0 Assembleia pela oportunidade dada aos estudantes. \u00c9 uma \u00f3tima iniciativa. Creio que vai incentivar muitos jovens a se engajarem no mundo pol\u00edtico\u201d, disse.<\/p>\n\n\n\n<p>Durante a sess\u00e3o, o presidente da Alepi, Severo Eul\u00e1lio (MDB), contou que o Parlamento do Futuro \u00e9 um exemplo de educa\u00e7\u00e3o pol\u00edtica e que o programa \u00e9 realizado pela Assembleia em conjunto com o Tribunal Regional Eleitoral (TRE) e com a Secretaria de Estado da Educa\u00e7\u00e3o (Seduc). \u201cQuero aqui dar as boas-vindas a todos voc\u00eas, agora j\u00e1 diplomados no TRE e empossados na Assembleia Legislativa. Momento extremamente importante para o nosso parlamento estadual\u201d, disse.<\/p>\n\n\n\n<p>O secret\u00e1rio de Estadual de Educa\u00e7\u00e3o, Rodrigo Torres, afirmou que esse \u00e9 \u201cum momento de celebra\u00e7\u00e3o e de valoriza\u00e7\u00e3o da democracia representativa. Em momentos como esse a gente aprende a valorizar a import\u00e2ncia do voto, da representa\u00e7\u00e3o\u201d.<\/p>\n\n\n\n<p><strong>Parlamento do Futuro<\/strong>&nbsp;\u2013 O Parlamento do Futuro surgiu a partir de projeto de resolu\u00e7\u00e3o do deputado Francisco Limma (PT), aprovado em 2023. Sua primeira edi\u00e7\u00e3o foi realizada em fevereiro de 2024 e o programa foi finalista do Pr\u00eamio Assembleia Cidad\u00e3, organizado pela Uni\u00e3o Nacional dos Legisladores e Legislativos Estaduais (Unale).<\/p>\n\n\n\n<p>Fonte: Alepi<\/p>\n","protected":false},"excerpt":{"rendered":"<p>A Assembleia Legislativa do Piau\u00ed (Alepi), por meio do programa Parlamento do Futuro, empossou 30 alunos da rede p\u00fablica estadual como deputados estaduais e realizou elei\u00e7\u00e3o da Mesa Diretora na manh\u00e3 desta segunda-feira (23). Os estudantes vivenciam, entre os dias 22 e 25 de fevereiro, a rotina parlamentar, como apresentando e debatendo projetos de lei. [&hellip;]<\/p>\n","protected":false},"author":2,"featured_media":285698,"comment_status":"closed","ping_status":"closed","sticky":false,"template":"","format":"standard","meta":{"_mi_skip_tracking":false,"footnotes":""},"categories":[1,16],"tags":[],"class_list":["post-285697","post","type-post","status-publish","format-standard","has-post-thumbnail","hentry","category-geral","category-todas"],"acf":[],"yoast_head":"<!-- This site is optimized with the Yoast SEO Premium plugin v19.2 (Yoast SEO v26.9) - https:\/\/yoast.com\/product\/yoast-seo-premium-wordpress\/ -->\n<title>Parlamento do Futuro tem in\u00edcio com posse dos estudantes e elei\u00e7\u00e3o da Mesa Diretora na ALEPI - Portal Not\u00edcia em Pauta<\/title>\n<meta name=\"robots\" content=\"index, follow, max-snippet:-1, max-image-preview:large, max-video-preview:-1\" \/>\n<link rel=\"canonical\" href=\"https:\/\/noticiaempauta.com\/portal\/parlamento-do-futuro-tem-inicio-com-posse-dos-estudantes-e-eleicao-da-mesa-diretora-na-alepi\/\" \/>\n<meta property=\"og:locale\" content=\"pt_BR\" \/>\n<meta property=\"og:type\" content=\"article\" \/>\n<meta property=\"og:title\" content=\"Parlamento do Futuro tem in\u00edcio com posse dos estudantes e elei\u00e7\u00e3o da Mesa Diretora na ALEPI\" \/>\n<meta property=\"og:description\" content=\"A Assembleia Legislativa do Piau\u00ed (Alepi), por meio do programa Parlamento do Futuro, empossou 30 alunos da rede p\u00fablica estadual como deputados estaduais e realizou elei\u00e7\u00e3o da Mesa Diretora na manh\u00e3 desta segunda-feira (23). Os estudantes vivenciam, entre os dias 22 e 25 de fevereiro, a rotina parlamentar, como apresentando e debatendo projetos de lei. [&hellip;]\" \/>\n<meta property=\"og:url\" content=\"https:\/\/noticiaempauta.com\/portal\/parlamento-do-futuro-tem-inicio-com-posse-dos-estudantes-e-eleicao-da-mesa-diretora-na-alepi\/\" \/>\n<meta property=\"og:site_name\" content=\"Portal Not\u00edcia em Pauta\" \/>\n<meta property=\"article:publisher\" content=\"https:\/\/www.facebook.com\/Portal-Notcia-Em-Pauta-102292869264820\/\" \/>\n<meta property=\"article:published_time\" content=\"2026-02-24T20:16:32+00:00\" \/>\n<meta property=\"article:modified_time\" content=\"2026-02-24T20:16:34+00:00\" \/>\n<meta property=\"og:image\" content=\"https:\/\/noticiaempauta.com\/portal\/wp-content\/uploads\/2026\/02\/image_assessoria-28.webp\" \/>\n\t<meta property=\"og:image:width\" content=\"600\" \/>\n\t<meta property=\"og:image:height\" content=\"400\" \/>\n\t<meta property=\"og:image:type\" content=\"image\/webp\" \/>\n<meta name=\"author\" content=\"Reda\u00e7\u00e3o\" \/>\n<meta name=\"twitter:card\" content=\"summary_large_image\" \/>\n<meta name=\"twitter:label1\" content=\"Escrito por\" \/>\n\t<meta name=\"twitter:data1\" content=\"Reda\u00e7\u00e3o\" \/>\n\t<meta name=\"twitter:label2\" content=\"Est. tempo de leitura\" \/>\n\t<meta name=\"twitter:data2\" content=\"3 minutos\" \/>\n<script type=\"application\/ld+json\" class=\"yoast-schema-graph\">{\"@context\":\"https:\/\/schema.org\",\"@graph\":[{\"@type\":\"Article\",\"@id\":\"https:\/\/noticiaempauta.com\/portal\/parlamento-do-futuro-tem-inicio-com-posse-dos-estudantes-e-eleicao-da-mesa-diretora-na-alepi\/#article\",\"isPartOf\":{\"@id\":\"https:\/\/noticiaempauta.com\/portal\/parlamento-do-futuro-tem-inicio-com-posse-dos-estudantes-e-eleicao-da-mesa-diretora-na-alepi\/\"},\"author\":{\"name\":\"Reda\u00e7\u00e3o\",\"@id\":\"https:\/\/noticiaempauta.com\/portal\/#\/schema\/person\/a74af43dd1ab3deca45f988c717d57ac\"},\"headline\":\"Parlamento do Futuro tem in\u00edcio com posse dos estudantes e elei\u00e7\u00e3o da Mesa Diretora na ALEPI\",\"datePublished\":\"2026-02-24T20:16:32+00:00\",\"dateModified\":\"2026-02-24T20:16:34+00:00\",\"mainEntityOfPage\":{\"@id\":\"https:\/\/noticiaempauta.com\/portal\/parlamento-do-futuro-tem-inicio-com-posse-dos-estudantes-e-eleicao-da-mesa-diretora-na-alepi\/\"},\"wordCount\":413,\"publisher\":{\"@id\":\"https:\/\/noticiaempauta.com\/portal\/#organization\"},\"image\":{\"@id\":\"https:\/\/noticiaempauta.com\/portal\/parlamento-do-futuro-tem-inicio-com-posse-dos-estudantes-e-eleicao-da-mesa-diretora-na-alepi\/#primaryimage\"},\"thumbnailUrl\":\"https:\/\/noticiaempauta.com\/portal\/wp-content\/uploads\/2026\/02\/image_assessoria-28.webp\",\"articleSection\":[\"Geral\",\"Todas as Not\u00edcias\"],\"inLanguage\":\"pt-BR\"},{\"@type\":\"WebPage\",\"@id\":\"https:\/\/noticiaempauta.com\/portal\/parlamento-do-futuro-tem-inicio-com-posse-dos-estudantes-e-eleicao-da-mesa-diretora-na-alepi\/\",\"url\":\"https:\/\/noticiaempauta.com\/portal\/parlamento-do-futuro-tem-inicio-com-posse-dos-estudantes-e-eleicao-da-mesa-diretora-na-alepi\/\",\"name\":\"Parlamento do Futuro tem in\u00edcio com posse dos estudantes e elei\u00e7\u00e3o da Mesa Diretora na ALEPI - Portal Not\u00edcia em Pauta\",\"isPartOf\":{\"@id\":\"https:\/\/noticiaempauta.com\/portal\/#website\"},\"primaryImageOfPage\":{\"@id\":\"https:\/\/noticiaempauta.com\/portal\/parlamento-do-futuro-tem-inicio-com-posse-dos-estudantes-e-eleicao-da-mesa-diretora-na-alepi\/#primaryimage\"},\"image\":{\"@id\":\"https:\/\/noticiaempauta.com\/portal\/parlamento-do-futuro-tem-inicio-com-posse-dos-estudantes-e-eleicao-da-mesa-diretora-na-alepi\/#primaryimage\"},\"thumbnailUrl\":\"https:\/\/noticiaempauta.com\/portal\/wp-content\/uploads\/2026\/02\/image_assessoria-28.webp\",\"datePublished\":\"2026-02-24T20:16:32+00:00\",\"dateModified\":\"2026-02-24T20:16:34+00:00\",\"breadcrumb\":{\"@id\":\"https:\/\/noticiaempauta.com\/portal\/parlamento-do-futuro-tem-inicio-com-posse-dos-estudantes-e-eleicao-da-mesa-diretora-na-alepi\/#breadcrumb\"},\"inLanguage\":\"pt-BR\",\"potentialAction\":[{\"@type\":\"ReadAction\",\"target\":[\"https:\/\/noticiaempauta.com\/portal\/parlamento-do-futuro-tem-inicio-com-posse-dos-estudantes-e-eleicao-da-mesa-diretora-na-alepi\/\"]}]},{\"@type\":\"ImageObject\",\"inLanguage\":\"pt-BR\",\"@id\":\"https:\/\/noticiaempauta.com\/portal\/parlamento-do-futuro-tem-inicio-com-posse-dos-estudantes-e-eleicao-da-mesa-diretora-na-alepi\/#primaryimage\",\"url\":\"https:\/\/noticiaempauta.com\/portal\/wp-content\/uploads\/2026\/02\/image_assessoria-28.webp\",\"contentUrl\":\"https:\/\/noticiaempauta.com\/portal\/wp-content\/uploads\/2026\/02\/image_assessoria-28.webp\",\"width\":600,\"height\":400},{\"@type\":\"BreadcrumbList\",\"@id\":\"https:\/\/noticiaempauta.com\/portal\/parlamento-do-futuro-tem-inicio-com-posse-dos-estudantes-e-eleicao-da-mesa-diretora-na-alepi\/#breadcrumb\",\"itemListElement\":[{\"@type\":\"ListItem\",\"position\":1,\"name\":\"P\u00e1gina Inicial\",\"item\":\"https:\/\/noticiaempauta.com\/portal\/\"},{\"@type\":\"ListItem\",\"position\":2,\"name\":\"Geral\",\"item\":\"https:\/\/noticiaempauta.com\/portal\/geral\/\"},{\"@type\":\"ListItem\",\"position\":3,\"name\":\"Parlamento do Futuro tem in\u00edcio com posse dos estudantes e elei\u00e7\u00e3o da Mesa Diretora na ALEPI\"}]},{\"@type\":\"WebSite\",\"@id\":\"https:\/\/noticiaempauta.com\/portal\/#website\",\"url\":\"https:\/\/noticiaempauta.com\/portal\/\",\"name\":\"Portal Not\u00edcia em Pauta\",\"description\":\"Voc\u00ea bem informado\",\"publisher\":{\"@id\":\"https:\/\/noticiaempauta.com\/portal\/#organization\"},\"potentialAction\":[{\"@type\":\"SearchAction\",\"target\":{\"@type\":\"EntryPoint\",\"urlTemplate\":\"https:\/\/noticiaempauta.com\/portal\/?s={search_term_string}\"},\"query-input\":{\"@type\":\"PropertyValueSpecification\",\"valueRequired\":true,\"valueName\":\"search_term_string\"}}],\"inLanguage\":\"pt-BR\"},{\"@type\":\"Organization\",\"@id\":\"https:\/\/noticiaempauta.com\/portal\/#organization\",\"name\":\"Portal Not\u00edcia em Pauta\",\"url\":\"https:\/\/noticiaempauta.com\/portal\/\",\"logo\":{\"@type\":\"ImageObject\",\"inLanguage\":\"pt-BR\",\"@id\":\"https:\/\/noticiaempauta.com\/portal\/#\/schema\/logo\/image\/\",\"url\":\"https:\/\/noticiaempauta.com\/portal\/wp-content\/uploads\/2022\/08\/logomarca_tema.fw_.png\",\"contentUrl\":\"https:\/\/noticiaempauta.com\/portal\/wp-content\/uploads\/2022\/08\/logomarca_tema.fw_.png\",\"width\":400,\"height\":232,\"caption\":\"Portal Not\u00edcia em Pauta\"},\"image\":{\"@id\":\"https:\/\/noticiaempauta.com\/portal\/#\/schema\/logo\/image\/\"},\"sameAs\":[\"https:\/\/www.facebook.com\/Portal-Notcia-Em-Pauta-102292869264820\/\",\"https:\/\/www.instagram.com\/portalnoticiaempauta\/\"]},{\"@type\":\"Person\",\"@id\":\"https:\/\/noticiaempauta.com\/portal\/#\/schema\/person\/a74af43dd1ab3deca45f988c717d57ac\",\"name\":\"Reda\u00e7\u00e3o\",\"image\":{\"@type\":\"ImageObject\",\"inLanguage\":\"pt-BR\",\"@id\":\"https:\/\/noticiaempauta.com\/portal\/#\/schema\/person\/image\/\",\"url\":\"https:\/\/secure.gravatar.com\/avatar\/03179346ecce6cdfc13361603e8f54242a90e5cde8618fa23c5c00aa2b0aadf3?s=96&d=mm&r=g\",\"contentUrl\":\"https:\/\/secure.gravatar.com\/avatar\/03179346ecce6cdfc13361603e8f54242a90e5cde8618fa23c5c00aa2b0aadf3?s=96&d=mm&r=g\",\"caption\":\"Reda\u00e7\u00e3o\"},\"sameAs\":[\"https:\/\/noticiaempauta.com\/portal\/\"],\"url\":\"https:\/\/noticiaempauta.com\/portal\/author\/fernando\/\"}]}<\/script>\n<!-- \/ Yoast SEO Premium plugin. -->","yoast_head_json":{"title":"Parlamento do Futuro tem in\u00edcio com posse dos estudantes e elei\u00e7\u00e3o da Mesa Diretora na ALEPI - Portal Not\u00edcia em Pauta","robots":{"index":"index","follow":"follow","max-snippet":"max-snippet:-1","max-image-preview":"max-image-preview:large","max-video-preview":"max-video-preview:-1"},"canonical":"https:\/\/noticiaempauta.com\/portal\/parlamento-do-futuro-tem-inicio-com-posse-dos-estudantes-e-eleicao-da-mesa-diretora-na-alepi\/","og_locale":"pt_BR","og_type":"article","og_title":"Parlamento do Futuro tem in\u00edcio com posse dos estudantes e elei\u00e7\u00e3o da Mesa Diretora na ALEPI","og_description":"A Assembleia Legislativa do Piau\u00ed (Alepi), por meio do programa Parlamento do Futuro, empossou 30 alunos da rede p\u00fablica estadual como deputados estaduais e realizou elei\u00e7\u00e3o da Mesa Diretora na manh\u00e3 desta segunda-feira (23). Os estudantes vivenciam, entre os dias 22 e 25 de fevereiro, a rotina parlamentar, como apresentando e debatendo projetos de lei. [&hellip;]","og_url":"https:\/\/noticiaempauta.com\/portal\/parlamento-do-futuro-tem-inicio-com-posse-dos-estudantes-e-eleicao-da-mesa-diretora-na-alepi\/","og_site_name":"Portal Not\u00edcia em Pauta","article_publisher":"https:\/\/www.facebook.com\/Portal-Notcia-Em-Pauta-102292869264820\/","article_published_time":"2026-02-24T20:16:32+00:00","article_modified_time":"2026-02-24T20:16:34+00:00","og_image":[{"width":600,"height":400,"url":"https:\/\/noticiaempauta.com\/portal\/wp-content\/uploads\/2026\/02\/image_assessoria-28.webp","type":"image\/webp"}],"author":"Reda\u00e7\u00e3o","twitter_card":"summary_large_image","twitter_misc":{"Escrito por":"Reda\u00e7\u00e3o","Est. tempo de leitura":"3 minutos"},"schema":{"@context":"https:\/\/schema.org","@graph":[{"@type":"Article","@id":"https:\/\/noticiaempauta.com\/portal\/parlamento-do-futuro-tem-inicio-com-posse-dos-estudantes-e-eleicao-da-mesa-diretora-na-alepi\/#article","isPartOf":{"@id":"https:\/\/noticiaempauta.com\/portal\/parlamento-do-futuro-tem-inicio-com-posse-dos-estudantes-e-eleicao-da-mesa-diretora-na-alepi\/"},"author":{"name":"Reda\u00e7\u00e3o","@id":"https:\/\/noticiaempauta.com\/portal\/#\/schema\/person\/a74af43dd1ab3deca45f988c717d57ac"},"headline":"Parlamento do Futuro tem in\u00edcio com posse dos estudantes e elei\u00e7\u00e3o da Mesa Diretora na ALEPI","datePublished":"2026-02-24T20:16:32+00:00","dateModified":"2026-02-24T20:16:34+00:00","mainEntityOfPage":{"@id":"https:\/\/noticiaempauta.com\/portal\/parlamento-do-futuro-tem-inicio-com-posse-dos-estudantes-e-eleicao-da-mesa-diretora-na-alepi\/"},"wordCount":413,"publisher":{"@id":"https:\/\/noticiaempauta.com\/portal\/#organization"},"image":{"@id":"https:\/\/noticiaempauta.com\/portal\/parlamento-do-futuro-tem-inicio-com-posse-dos-estudantes-e-eleicao-da-mesa-diretora-na-alepi\/#primaryimage"},"thumbnailUrl":"https:\/\/noticiaempauta.com\/portal\/wp-content\/uploads\/2026\/02\/image_assessoria-28.webp","articleSection":["Geral","Todas as Not\u00edcias"],"inLanguage":"pt-BR"},{"@type":"WebPage","@id":"https:\/\/noticiaempauta.com\/portal\/parlamento-do-futuro-tem-inicio-com-posse-dos-estudantes-e-eleicao-da-mesa-diretora-na-alepi\/","url":"https:\/\/noticiaempauta.com\/portal\/parlamento-do-futuro-tem-inicio-com-posse-dos-estudantes-e-eleicao-da-mesa-diretora-na-alepi\/","name":"Parlamento do Futuro tem in\u00edcio com posse dos estudantes e elei\u00e7\u00e3o da Mesa Diretora na ALEPI - Portal Not\u00edcia em Pauta","isPartOf":{"@id":"https:\/\/noticiaempauta.com\/portal\/#website"},"primaryImageOfPage":{"@id":"https:\/\/noticiaempauta.com\/portal\/parlamento-do-futuro-tem-inicio-com-posse-dos-estudantes-e-eleicao-da-mesa-diretora-na-alepi\/#primaryimage"},"image":{"@id":"https:\/\/noticiaempauta.com\/portal\/parlamento-do-futuro-tem-inicio-com-posse-dos-estudantes-e-eleicao-da-mesa-diretora-na-alepi\/#primaryimage"},"thumbnailUrl":"https:\/\/noticiaempauta.com\/portal\/wp-content\/uploads\/2026\/02\/image_assessoria-28.webp","datePublished":"2026-02-24T20:16:32+00:00","dateModified":"2026-02-24T20:16:34+00:00","breadcrumb":{"@id":"https:\/\/noticiaempauta.com\/portal\/parlamento-do-futuro-tem-inicio-com-posse-dos-estudantes-e-eleicao-da-mesa-diretora-na-alepi\/#breadcrumb"},"inLanguage":"pt-BR","potentialAction":[{"@type":"ReadAction","target":["https:\/\/noticiaempauta.com\/portal\/parlamento-do-futuro-tem-inicio-com-posse-dos-estudantes-e-eleicao-da-mesa-diretora-na-alepi\/"]}]},{"@type":"ImageObject","inLanguage":"pt-BR","@id":"https:\/\/noticiaempauta.com\/portal\/parlamento-do-futuro-tem-inicio-com-posse-dos-estudantes-e-eleicao-da-mesa-diretora-na-alepi\/#primaryimage","url":"https:\/\/noticiaempauta.com\/portal\/wp-content\/uploads\/2026\/02\/image_assessoria-28.webp","contentUrl":"https:\/\/noticiaempauta.com\/portal\/wp-content\/uploads\/2026\/02\/image_assessoria-28.webp","width":600,"height":400},{"@type":"BreadcrumbList","@id":"https:\/\/noticiaempauta.com\/portal\/parlamento-do-futuro-tem-inicio-com-posse-dos-estudantes-e-eleicao-da-mesa-diretora-na-alepi\/#breadcrumb","itemListElement":[{"@type":"ListItem","position":1,"name":"P\u00e1gina Inicial","item":"https:\/\/noticiaempauta.com\/portal\/"},{"@type":"ListItem","position":2,"name":"Geral","item":"https:\/\/noticiaempauta.com\/portal\/geral\/"},{"@type":"ListItem","position":3,"name":"Parlamento do Futuro tem in\u00edcio com posse dos estudantes e elei\u00e7\u00e3o da Mesa Diretora na ALEPI"}]},{"@type":"WebSite","@id":"https:\/\/noticiaempauta.com\/portal\/#website","url":"https:\/\/noticiaempauta.com\/portal\/","name":"Portal Not\u00edcia em Pauta","description":"Voc\u00ea bem informado","publisher":{"@id":"https:\/\/noticiaempauta.com\/portal\/#organization"},"potentialAction":[{"@type":"SearchAction","target":{"@type":"EntryPoint","urlTemplate":"https:\/\/noticiaempauta.com\/portal\/?s={search_term_string}"},"query-input":{"@type":"PropertyValueSpecification","valueRequired":true,"valueName":"search_term_string"}}],"inLanguage":"pt-BR"},{"@type":"Organization","@id":"https:\/\/noticiaempauta.com\/portal\/#organization","name":"Portal Not\u00edcia em Pauta","url":"https:\/\/noticiaempauta.com\/portal\/","logo":{"@type":"ImageObject","inLanguage":"pt-BR","@id":"https:\/\/noticiaempauta.com\/portal\/#\/schema\/logo\/image\/","url":"https:\/\/noticiaempauta.com\/portal\/wp-content\/uploads\/2022\/08\/logomarca_tema.fw_.png","contentUrl":"https:\/\/noticiaempauta.com\/portal\/wp-content\/uploads\/2022\/08\/logomarca_tema.fw_.png","width":400,"height":232,"caption":"Portal Not\u00edcia em Pauta"},"image":{"@id":"https:\/\/noticiaempauta.com\/portal\/#\/schema\/logo\/image\/"},"sameAs":["https:\/\/www.facebook.com\/Portal-Notcia-Em-Pauta-102292869264820\/","https:\/\/www.instagram.com\/portalnoticiaempauta\/"]},{"@type":"Person","@id":"https:\/\/noticiaempauta.com\/portal\/#\/schema\/person\/a74af43dd1ab3deca45f988c717d57ac","name":"Reda\u00e7\u00e3o","image":{"@type":"ImageObject","inLanguage":"pt-BR","@id":"https:\/\/noticiaempauta.com\/portal\/#\/schema\/person\/image\/","url":"https:\/\/secure.gravatar.com\/avatar\/03179346ecce6cdfc13361603e8f54242a90e5cde8618fa23c5c00aa2b0aadf3?s=96&d=mm&r=g","contentUrl":"https:\/\/secure.gravatar.com\/avatar\/03179346ecce6cdfc13361603e8f54242a90e5cde8618fa23c5c00aa2b0aadf3?s=96&d=mm&r=g","caption":"Reda\u00e7\u00e3o"},"sameAs":["https:\/\/noticiaempauta.com\/portal\/"],"url":"https:\/\/noticiaempauta.com\/portal\/author\/fernando\/"}]}},"_links":{"self":[{"href":"https:\/\/noticiaempauta.com\/portal\/wp-json\/wp\/v2\/posts\/285697","targetHints":{"allow":["GET"]}}],"collection":[{"href":"https:\/\/noticiaempauta.com\/portal\/wp-json\/wp\/v2\/posts"}],"about":[{"href":"https:\/\/noticiaempauta.com\/portal\/wp-json\/wp\/v2\/types\/post"}],"author":[{"embeddable":true,"href":"https:\/\/noticiaempauta.com\/portal\/wp-json\/wp\/v2\/users\/2"}],"replies":[{"embeddable":true,"href":"https:\/\/noticiaempauta.com\/portal\/wp-json\/wp\/v2\/comments?post=285697"}],"version-history":[{"count":1,"href":"https:\/\/noticiaempauta.com\/portal\/wp-json\/wp\/v2\/posts\/285697\/revisions"}],"predecessor-version":[{"id":285699,"href":"https:\/\/noticiaempauta.com\/portal\/wp-json\/wp\/v2\/posts\/285697\/revisions\/285699"}],"wp:featuredmedia":[{"embeddable":true,"href":"https:\/\/noticiaempauta.com\/portal\/wp-json\/wp\/v2\/media\/285698"}],"wp:attachment":[{"href":"https:\/\/noticiaempauta.com\/portal\/wp-json\/wp\/v2\/media?parent=285697"}],"wp:term":[{"taxonomy":"category","embeddable":true,"href":"https:\/\/noticiaempauta.com\/portal\/wp-json\/wp\/v2\/categories?post=285697"},{"taxonomy":"post_tag","embeddable":true,"href":"https:\/\/noticiaempauta.com\/portal\/wp-json\/wp\/v2\/tags?post=285697"}],"curies":[{"name":"wp","href":"https:\/\/api.w.org\/{rel}","templated":true}]}}