{"id":285714,"date":"2026-02-25T09:04:56","date_gmt":"2026-02-25T12:04:56","guid":{"rendered":"https:\/\/noticiaempauta.com\/portal\/?p=285714"},"modified":"2026-02-25T09:04:58","modified_gmt":"2026-02-25T12:04:58","slug":"divulgado-resultado-preliminar-da-prova-objetiva-do-concurso-da-pc-pi-veja","status":"publish","type":"post","link":"https:\/\/noticiaempauta.com\/portal\/divulgado-resultado-preliminar-da-prova-objetiva-do-concurso-da-pc-pi-veja\/","title":{"rendered":"Divulgado resultado preliminar da prova objetiva do concurso da PC-PI; veja"},"content":{"rendered":"\n<p>A\u00a0Funda\u00e7\u00e3o Get\u00falio Vargas (FGV) divulgou o resultado preliminar\u00a0da prova objetiva do concurso p\u00fablico da Pol\u00edcia Civil do Piau\u00ed.\u00a0A lista foi publicada no site da banca organizadora na noite desta ter\u00e7a-feira (24).\u00a0De acordo com candidatos, o site apresentou instabilidade desde as primeiras horas de ontem.<\/p>\n\n\n\n<ul class=\"wp-block-list\">\n<li><strong><a href=\"https:\/\/conhecimento.fgv.br\/sites\/default\/files\/concursos\/335_pcpi-delegado-resultado-preliminar-prova-objetiva-2026-02-23.pdf\">Confira o resultado para o cargo de delegado<\/a><\/strong><\/li>\n\n\n\n<li><a href=\"https:\/\/conhecimento.fgv.br\/sites\/default\/files\/concursos\/386_pcpi-demais-cargos-resultado-preliminar-objetiva-2026-02-24.pdf\"><strong>Confira o resultado para os demais cargos\u00a0<\/strong><\/a><\/li>\n<\/ul>\n\n\n\n<p>De acordo com o cronograma, a interposi\u00e7\u00e3o de recursos contra o resultado preliminar da prova objetiva fica aberto nos dias 25 e 26 de fevereiro. A publica\u00e7\u00e3o do resultado definitivo ser\u00e1 no dia 11 de mar\u00e7o de 2026.<\/p>\n\n\n\n<figure class=\"wp-block-image size-full\"><img fetchpriority=\"high\" decoding=\"async\" width=\"790\" height=\"500\" src=\"https:\/\/noticiaempauta.com\/portal\/wp-content\/uploads\/2026\/02\/concurso_pcpi1.webp\" alt=\"\" class=\"wp-image-285715\" srcset=\"https:\/\/noticiaempauta.com\/portal\/wp-content\/uploads\/2026\/02\/concurso_pcpi1.webp 790w, https:\/\/noticiaempauta.com\/portal\/wp-content\/uploads\/2026\/02\/concurso_pcpi1-300x190.webp 300w, https:\/\/noticiaempauta.com\/portal\/wp-content\/uploads\/2026\/02\/concurso_pcpi1-768x486.webp 768w\" sizes=\"(max-width: 790px) 100vw, 790px\" \/><figcaption class=\"wp-element-caption\"><em>(Foto: Renato Andrade \/ Cidadeverde.com)<\/em><\/figcaption><\/figure>\n\n\n\n<p>Ao todo,\u00a0mais de 37 mil candidatos realizaram a prova do concurso da PC-PI\u00a0no \u00faltimo dia 25 de janeiro, com vagas para os cargos de Delegado, Oficial Investigador, Perito Criminal, Perito M\u00e9dico-Legista e Perito Odontolegista.<\/p>\n\n\n\n<p>A expectativa \u00e9 que&nbsp;todos os aprovados no concurso da PC-PI sejam lotados em unidades policiais no interior do estado.<\/p>\n\n\n\n<p>\u201cN\u00e3o \u00e9 para vir ningu\u00e9m para a capital. Todas essas vagas s\u00e3o direcionadas para o interior, inclusive os peritos. Quando o governador for nomear, fazemos o concurso de remo\u00e7\u00e3o e se houver necessidade para Teresina algu\u00e9m vem por remo\u00e7\u00e3o. Esses novos v\u00e3o para o interior, realmente s\u00e3o poucos para vir para Teresina\u201d, afirma o delegado-geral, Luccy Keiko.<\/p>\n\n\n\n<p>Fonte: Cidade Verde<\/p>\n","protected":false},"excerpt":{"rendered":"<p>A\u00a0Funda\u00e7\u00e3o Get\u00falio Vargas (FGV) divulgou o resultado preliminar\u00a0da prova objetiva do concurso p\u00fablico da Pol\u00edcia Civil do Piau\u00ed.\u00a0A lista foi publicada no site da banca organizadora na noite desta ter\u00e7a-feira (24).\u00a0De acordo com candidatos, o site apresentou instabilidade desde as primeiras horas de ontem. De acordo com o cronograma, a interposi\u00e7\u00e3o de recursos contra o [&hellip;]<\/p>\n","protected":false},"author":2,"featured_media":285715,"comment_status":"closed","ping_status":"closed","sticky":false,"template":"","format":"standard","meta":{"_mi_skip_tracking":false,"footnotes":""},"categories":[25,1,137,16],"tags":[192],"class_list":["post-285714","post","type-post","status-publish","format-standard","has-post-thumbnail","hentry","category-destaques-site","category-geral","category-policia","category-todas","tag-destaqueprincipal"],"acf":[],"yoast_head":"<!-- This site is optimized with the Yoast SEO Premium plugin v19.2 (Yoast SEO v26.9) - https:\/\/yoast.com\/product\/yoast-seo-premium-wordpress\/ -->\n<title>Divulgado resultado preliminar da prova objetiva do concurso da PC-PI; veja - Portal Not\u00edcia em Pauta<\/title>\n<meta name=\"robots\" content=\"index, follow, max-snippet:-1, max-image-preview:large, max-video-preview:-1\" \/>\n<link rel=\"canonical\" href=\"https:\/\/noticiaempauta.com\/portal\/divulgado-resultado-preliminar-da-prova-objetiva-do-concurso-da-pc-pi-veja\/\" \/>\n<meta property=\"og:locale\" content=\"pt_BR\" \/>\n<meta property=\"og:type\" content=\"article\" \/>\n<meta property=\"og:title\" content=\"Divulgado resultado preliminar da prova objetiva do concurso da PC-PI; veja\" \/>\n<meta property=\"og:description\" content=\"A\u00a0Funda\u00e7\u00e3o Get\u00falio Vargas (FGV) divulgou o resultado preliminar\u00a0da prova objetiva do concurso p\u00fablico da Pol\u00edcia Civil do Piau\u00ed.\u00a0A lista foi publicada no site da banca organizadora na noite desta ter\u00e7a-feira (24).\u00a0De acordo com candidatos, o site apresentou instabilidade desde as primeiras horas de ontem. De acordo com o cronograma, a interposi\u00e7\u00e3o de recursos contra o [&hellip;]\" \/>\n<meta property=\"og:url\" content=\"https:\/\/noticiaempauta.com\/portal\/divulgado-resultado-preliminar-da-prova-objetiva-do-concurso-da-pc-pi-veja\/\" \/>\n<meta property=\"og:site_name\" content=\"Portal Not\u00edcia em Pauta\" \/>\n<meta property=\"article:publisher\" content=\"https:\/\/www.facebook.com\/Portal-Notcia-Em-Pauta-102292869264820\/\" \/>\n<meta property=\"article:published_time\" content=\"2026-02-25T12:04:56+00:00\" \/>\n<meta property=\"article:modified_time\" content=\"2026-02-25T12:04:58+00:00\" \/>\n<meta property=\"og:image\" content=\"https:\/\/noticiaempauta.com\/portal\/wp-content\/uploads\/2026\/02\/concurso_pcpi1.webp\" \/>\n\t<meta property=\"og:image:width\" content=\"790\" \/>\n\t<meta property=\"og:image:height\" content=\"500\" \/>\n\t<meta property=\"og:image:type\" content=\"image\/webp\" \/>\n<meta name=\"author\" content=\"Reda\u00e7\u00e3o\" \/>\n<meta name=\"twitter:card\" content=\"summary_large_image\" \/>\n<meta name=\"twitter:label1\" content=\"Escrito por\" \/>\n\t<meta name=\"twitter:data1\" content=\"Reda\u00e7\u00e3o\" \/>\n\t<meta name=\"twitter:label2\" content=\"Est. tempo de leitura\" \/>\n\t<meta name=\"twitter:data2\" content=\"2 minutos\" \/>\n<script type=\"application\/ld+json\" class=\"yoast-schema-graph\">{\"@context\":\"https:\/\/schema.org\",\"@graph\":[{\"@type\":\"Article\",\"@id\":\"https:\/\/noticiaempauta.com\/portal\/divulgado-resultado-preliminar-da-prova-objetiva-do-concurso-da-pc-pi-veja\/#article\",\"isPartOf\":{\"@id\":\"https:\/\/noticiaempauta.com\/portal\/divulgado-resultado-preliminar-da-prova-objetiva-do-concurso-da-pc-pi-veja\/\"},\"author\":{\"name\":\"Reda\u00e7\u00e3o\",\"@id\":\"https:\/\/noticiaempauta.com\/portal\/#\/schema\/person\/a74af43dd1ab3deca45f988c717d57ac\"},\"headline\":\"Divulgado resultado preliminar da prova objetiva do concurso da PC-PI; veja\",\"datePublished\":\"2026-02-25T12:04:56+00:00\",\"dateModified\":\"2026-02-25T12:04:58+00:00\",\"mainEntityOfPage\":{\"@id\":\"https:\/\/noticiaempauta.com\/portal\/divulgado-resultado-preliminar-da-prova-objetiva-do-concurso-da-pc-pi-veja\/\"},\"wordCount\":242,\"publisher\":{\"@id\":\"https:\/\/noticiaempauta.com\/portal\/#organization\"},\"image\":{\"@id\":\"https:\/\/noticiaempauta.com\/portal\/divulgado-resultado-preliminar-da-prova-objetiva-do-concurso-da-pc-pi-veja\/#primaryimage\"},\"thumbnailUrl\":\"https:\/\/noticiaempauta.com\/portal\/wp-content\/uploads\/2026\/02\/concurso_pcpi1.webp\",\"keywords\":[\"destaqueprincipal\"],\"articleSection\":[\"Destaques\",\"Geral\",\"Pol\u00edcia\",\"Todas as Not\u00edcias\"],\"inLanguage\":\"pt-BR\"},{\"@type\":\"WebPage\",\"@id\":\"https:\/\/noticiaempauta.com\/portal\/divulgado-resultado-preliminar-da-prova-objetiva-do-concurso-da-pc-pi-veja\/\",\"url\":\"https:\/\/noticiaempauta.com\/portal\/divulgado-resultado-preliminar-da-prova-objetiva-do-concurso-da-pc-pi-veja\/\",\"name\":\"Divulgado resultado preliminar da prova objetiva do concurso da PC-PI; veja - Portal Not\u00edcia em Pauta\",\"isPartOf\":{\"@id\":\"https:\/\/noticiaempauta.com\/portal\/#website\"},\"primaryImageOfPage\":{\"@id\":\"https:\/\/noticiaempauta.com\/portal\/divulgado-resultado-preliminar-da-prova-objetiva-do-concurso-da-pc-pi-veja\/#primaryimage\"},\"image\":{\"@id\":\"https:\/\/noticiaempauta.com\/portal\/divulgado-resultado-preliminar-da-prova-objetiva-do-concurso-da-pc-pi-veja\/#primaryimage\"},\"thumbnailUrl\":\"https:\/\/noticiaempauta.com\/portal\/wp-content\/uploads\/2026\/02\/concurso_pcpi1.webp\",\"datePublished\":\"2026-02-25T12:04:56+00:00\",\"dateModified\":\"2026-02-25T12:04:58+00:00\",\"breadcrumb\":{\"@id\":\"https:\/\/noticiaempauta.com\/portal\/divulgado-resultado-preliminar-da-prova-objetiva-do-concurso-da-pc-pi-veja\/#breadcrumb\"},\"inLanguage\":\"pt-BR\",\"potentialAction\":[{\"@type\":\"ReadAction\",\"target\":[\"https:\/\/noticiaempauta.com\/portal\/divulgado-resultado-preliminar-da-prova-objetiva-do-concurso-da-pc-pi-veja\/\"]}]},{\"@type\":\"ImageObject\",\"inLanguage\":\"pt-BR\",\"@id\":\"https:\/\/noticiaempauta.com\/portal\/divulgado-resultado-preliminar-da-prova-objetiva-do-concurso-da-pc-pi-veja\/#primaryimage\",\"url\":\"https:\/\/noticiaempauta.com\/portal\/wp-content\/uploads\/2026\/02\/concurso_pcpi1.webp\",\"contentUrl\":\"https:\/\/noticiaempauta.com\/portal\/wp-content\/uploads\/2026\/02\/concurso_pcpi1.webp\",\"width\":790,\"height\":500},{\"@type\":\"BreadcrumbList\",\"@id\":\"https:\/\/noticiaempauta.com\/portal\/divulgado-resultado-preliminar-da-prova-objetiva-do-concurso-da-pc-pi-veja\/#breadcrumb\",\"itemListElement\":[{\"@type\":\"ListItem\",\"position\":1,\"name\":\"P\u00e1gina Inicial\",\"item\":\"https:\/\/noticiaempauta.com\/portal\/\"},{\"@type\":\"ListItem\",\"position\":2,\"name\":\"Destaques\",\"item\":\"https:\/\/noticiaempauta.com\/portal\/destaques-site\/\"},{\"@type\":\"ListItem\",\"position\":3,\"name\":\"Divulgado resultado preliminar da prova objetiva do concurso da PC-PI; veja\"}]},{\"@type\":\"WebSite\",\"@id\":\"https:\/\/noticiaempauta.com\/portal\/#website\",\"url\":\"https:\/\/noticiaempauta.com\/portal\/\",\"name\":\"Portal Not\u00edcia em Pauta\",\"description\":\"Voc\u00ea bem informado\",\"publisher\":{\"@id\":\"https:\/\/noticiaempauta.com\/portal\/#organization\"},\"potentialAction\":[{\"@type\":\"SearchAction\",\"target\":{\"@type\":\"EntryPoint\",\"urlTemplate\":\"https:\/\/noticiaempauta.com\/portal\/?s={search_term_string}\"},\"query-input\":{\"@type\":\"PropertyValueSpecification\",\"valueRequired\":true,\"valueName\":\"search_term_string\"}}],\"inLanguage\":\"pt-BR\"},{\"@type\":\"Organization\",\"@id\":\"https:\/\/noticiaempauta.com\/portal\/#organization\",\"name\":\"Portal Not\u00edcia em Pauta\",\"url\":\"https:\/\/noticiaempauta.com\/portal\/\",\"logo\":{\"@type\":\"ImageObject\",\"inLanguage\":\"pt-BR\",\"@id\":\"https:\/\/noticiaempauta.com\/portal\/#\/schema\/logo\/image\/\",\"url\":\"https:\/\/noticiaempauta.com\/portal\/wp-content\/uploads\/2022\/08\/logomarca_tema.fw_.png\",\"contentUrl\":\"https:\/\/noticiaempauta.com\/portal\/wp-content\/uploads\/2022\/08\/logomarca_tema.fw_.png\",\"width\":400,\"height\":232,\"caption\":\"Portal Not\u00edcia em Pauta\"},\"image\":{\"@id\":\"https:\/\/noticiaempauta.com\/portal\/#\/schema\/logo\/image\/\"},\"sameAs\":[\"https:\/\/www.facebook.com\/Portal-Notcia-Em-Pauta-102292869264820\/\",\"https:\/\/www.instagram.com\/portalnoticiaempauta\/\"]},{\"@type\":\"Person\",\"@id\":\"https:\/\/noticiaempauta.com\/portal\/#\/schema\/person\/a74af43dd1ab3deca45f988c717d57ac\",\"name\":\"Reda\u00e7\u00e3o\",\"image\":{\"@type\":\"ImageObject\",\"inLanguage\":\"pt-BR\",\"@id\":\"https:\/\/noticiaempauta.com\/portal\/#\/schema\/person\/image\/\",\"url\":\"https:\/\/secure.gravatar.com\/avatar\/03179346ecce6cdfc13361603e8f54242a90e5cde8618fa23c5c00aa2b0aadf3?s=96&d=mm&r=g\",\"contentUrl\":\"https:\/\/secure.gravatar.com\/avatar\/03179346ecce6cdfc13361603e8f54242a90e5cde8618fa23c5c00aa2b0aadf3?s=96&d=mm&r=g\",\"caption\":\"Reda\u00e7\u00e3o\"},\"sameAs\":[\"https:\/\/noticiaempauta.com\/portal\/\"],\"url\":\"https:\/\/noticiaempauta.com\/portal\/author\/fernando\/\"}]}<\/script>\n<!-- \/ Yoast SEO Premium plugin. -->","yoast_head_json":{"title":"Divulgado resultado preliminar da prova objetiva do concurso da PC-PI; veja - Portal Not\u00edcia em Pauta","robots":{"index":"index","follow":"follow","max-snippet":"max-snippet:-1","max-image-preview":"max-image-preview:large","max-video-preview":"max-video-preview:-1"},"canonical":"https:\/\/noticiaempauta.com\/portal\/divulgado-resultado-preliminar-da-prova-objetiva-do-concurso-da-pc-pi-veja\/","og_locale":"pt_BR","og_type":"article","og_title":"Divulgado resultado preliminar da prova objetiva do concurso da PC-PI; veja","og_description":"A\u00a0Funda\u00e7\u00e3o Get\u00falio Vargas (FGV) divulgou o resultado preliminar\u00a0da prova objetiva do concurso p\u00fablico da Pol\u00edcia Civil do Piau\u00ed.\u00a0A lista foi publicada no site da banca organizadora na noite desta ter\u00e7a-feira (24).\u00a0De acordo com candidatos, o site apresentou instabilidade desde as primeiras horas de ontem. De acordo com o cronograma, a interposi\u00e7\u00e3o de recursos contra o [&hellip;]","og_url":"https:\/\/noticiaempauta.com\/portal\/divulgado-resultado-preliminar-da-prova-objetiva-do-concurso-da-pc-pi-veja\/","og_site_name":"Portal Not\u00edcia em Pauta","article_publisher":"https:\/\/www.facebook.com\/Portal-Notcia-Em-Pauta-102292869264820\/","article_published_time":"2026-02-25T12:04:56+00:00","article_modified_time":"2026-02-25T12:04:58+00:00","og_image":[{"width":790,"height":500,"url":"https:\/\/noticiaempauta.com\/portal\/wp-content\/uploads\/2026\/02\/concurso_pcpi1.webp","type":"image\/webp"}],"author":"Reda\u00e7\u00e3o","twitter_card":"summary_large_image","twitter_misc":{"Escrito por":"Reda\u00e7\u00e3o","Est. tempo de leitura":"2 minutos"},"schema":{"@context":"https:\/\/schema.org","@graph":[{"@type":"Article","@id":"https:\/\/noticiaempauta.com\/portal\/divulgado-resultado-preliminar-da-prova-objetiva-do-concurso-da-pc-pi-veja\/#article","isPartOf":{"@id":"https:\/\/noticiaempauta.com\/portal\/divulgado-resultado-preliminar-da-prova-objetiva-do-concurso-da-pc-pi-veja\/"},"author":{"name":"Reda\u00e7\u00e3o","@id":"https:\/\/noticiaempauta.com\/portal\/#\/schema\/person\/a74af43dd1ab3deca45f988c717d57ac"},"headline":"Divulgado resultado preliminar da prova objetiva do concurso da PC-PI; veja","datePublished":"2026-02-25T12:04:56+00:00","dateModified":"2026-02-25T12:04:58+00:00","mainEntityOfPage":{"@id":"https:\/\/noticiaempauta.com\/portal\/divulgado-resultado-preliminar-da-prova-objetiva-do-concurso-da-pc-pi-veja\/"},"wordCount":242,"publisher":{"@id":"https:\/\/noticiaempauta.com\/portal\/#organization"},"image":{"@id":"https:\/\/noticiaempauta.com\/portal\/divulgado-resultado-preliminar-da-prova-objetiva-do-concurso-da-pc-pi-veja\/#primaryimage"},"thumbnailUrl":"https:\/\/noticiaempauta.com\/portal\/wp-content\/uploads\/2026\/02\/concurso_pcpi1.webp","keywords":["destaqueprincipal"],"articleSection":["Destaques","Geral","Pol\u00edcia","Todas as Not\u00edcias"],"inLanguage":"pt-BR"},{"@type":"WebPage","@id":"https:\/\/noticiaempauta.com\/portal\/divulgado-resultado-preliminar-da-prova-objetiva-do-concurso-da-pc-pi-veja\/","url":"https:\/\/noticiaempauta.com\/portal\/divulgado-resultado-preliminar-da-prova-objetiva-do-concurso-da-pc-pi-veja\/","name":"Divulgado resultado preliminar da prova objetiva do concurso da PC-PI; veja - Portal Not\u00edcia em Pauta","isPartOf":{"@id":"https:\/\/noticiaempauta.com\/portal\/#website"},"primaryImageOfPage":{"@id":"https:\/\/noticiaempauta.com\/portal\/divulgado-resultado-preliminar-da-prova-objetiva-do-concurso-da-pc-pi-veja\/#primaryimage"},"image":{"@id":"https:\/\/noticiaempauta.com\/portal\/divulgado-resultado-preliminar-da-prova-objetiva-do-concurso-da-pc-pi-veja\/#primaryimage"},"thumbnailUrl":"https:\/\/noticiaempauta.com\/portal\/wp-content\/uploads\/2026\/02\/concurso_pcpi1.webp","datePublished":"2026-02-25T12:04:56+00:00","dateModified":"2026-02-25T12:04:58+00:00","breadcrumb":{"@id":"https:\/\/noticiaempauta.com\/portal\/divulgado-resultado-preliminar-da-prova-objetiva-do-concurso-da-pc-pi-veja\/#breadcrumb"},"inLanguage":"pt-BR","potentialAction":[{"@type":"ReadAction","target":["https:\/\/noticiaempauta.com\/portal\/divulgado-resultado-preliminar-da-prova-objetiva-do-concurso-da-pc-pi-veja\/"]}]},{"@type":"ImageObject","inLanguage":"pt-BR","@id":"https:\/\/noticiaempauta.com\/portal\/divulgado-resultado-preliminar-da-prova-objetiva-do-concurso-da-pc-pi-veja\/#primaryimage","url":"https:\/\/noticiaempauta.com\/portal\/wp-content\/uploads\/2026\/02\/concurso_pcpi1.webp","contentUrl":"https:\/\/noticiaempauta.com\/portal\/wp-content\/uploads\/2026\/02\/concurso_pcpi1.webp","width":790,"height":500},{"@type":"BreadcrumbList","@id":"https:\/\/noticiaempauta.com\/portal\/divulgado-resultado-preliminar-da-prova-objetiva-do-concurso-da-pc-pi-veja\/#breadcrumb","itemListElement":[{"@type":"ListItem","position":1,"name":"P\u00e1gina Inicial","item":"https:\/\/noticiaempauta.com\/portal\/"},{"@type":"ListItem","position":2,"name":"Destaques","item":"https:\/\/noticiaempauta.com\/portal\/destaques-site\/"},{"@type":"ListItem","position":3,"name":"Divulgado resultado preliminar da prova objetiva do concurso da PC-PI; veja"}]},{"@type":"WebSite","@id":"https:\/\/noticiaempauta.com\/portal\/#website","url":"https:\/\/noticiaempauta.com\/portal\/","name":"Portal Not\u00edcia em Pauta","description":"Voc\u00ea bem informado","publisher":{"@id":"https:\/\/noticiaempauta.com\/portal\/#organization"},"potentialAction":[{"@type":"SearchAction","target":{"@type":"EntryPoint","urlTemplate":"https:\/\/noticiaempauta.com\/portal\/?s={search_term_string}"},"query-input":{"@type":"PropertyValueSpecification","valueRequired":true,"valueName":"search_term_string"}}],"inLanguage":"pt-BR"},{"@type":"Organization","@id":"https:\/\/noticiaempauta.com\/portal\/#organization","name":"Portal Not\u00edcia em Pauta","url":"https:\/\/noticiaempauta.com\/portal\/","logo":{"@type":"ImageObject","inLanguage":"pt-BR","@id":"https:\/\/noticiaempauta.com\/portal\/#\/schema\/logo\/image\/","url":"https:\/\/noticiaempauta.com\/portal\/wp-content\/uploads\/2022\/08\/logomarca_tema.fw_.png","contentUrl":"https:\/\/noticiaempauta.com\/portal\/wp-content\/uploads\/2022\/08\/logomarca_tema.fw_.png","width":400,"height":232,"caption":"Portal Not\u00edcia em Pauta"},"image":{"@id":"https:\/\/noticiaempauta.com\/portal\/#\/schema\/logo\/image\/"},"sameAs":["https:\/\/www.facebook.com\/Portal-Notcia-Em-Pauta-102292869264820\/","https:\/\/www.instagram.com\/portalnoticiaempauta\/"]},{"@type":"Person","@id":"https:\/\/noticiaempauta.com\/portal\/#\/schema\/person\/a74af43dd1ab3deca45f988c717d57ac","name":"Reda\u00e7\u00e3o","image":{"@type":"ImageObject","inLanguage":"pt-BR","@id":"https:\/\/noticiaempauta.com\/portal\/#\/schema\/person\/image\/","url":"https:\/\/secure.gravatar.com\/avatar\/03179346ecce6cdfc13361603e8f54242a90e5cde8618fa23c5c00aa2b0aadf3?s=96&d=mm&r=g","contentUrl":"https:\/\/secure.gravatar.com\/avatar\/03179346ecce6cdfc13361603e8f54242a90e5cde8618fa23c5c00aa2b0aadf3?s=96&d=mm&r=g","caption":"Reda\u00e7\u00e3o"},"sameAs":["https:\/\/noticiaempauta.com\/portal\/"],"url":"https:\/\/noticiaempauta.com\/portal\/author\/fernando\/"}]}},"_links":{"self":[{"href":"https:\/\/noticiaempauta.com\/portal\/wp-json\/wp\/v2\/posts\/285714","targetHints":{"allow":["GET"]}}],"collection":[{"href":"https:\/\/noticiaempauta.com\/portal\/wp-json\/wp\/v2\/posts"}],"about":[{"href":"https:\/\/noticiaempauta.com\/portal\/wp-json\/wp\/v2\/types\/post"}],"author":[{"embeddable":true,"href":"https:\/\/noticiaempauta.com\/portal\/wp-json\/wp\/v2\/users\/2"}],"replies":[{"embeddable":true,"href":"https:\/\/noticiaempauta.com\/portal\/wp-json\/wp\/v2\/comments?post=285714"}],"version-history":[{"count":2,"href":"https:\/\/noticiaempauta.com\/portal\/wp-json\/wp\/v2\/posts\/285714\/revisions"}],"predecessor-version":[{"id":285717,"href":"https:\/\/noticiaempauta.com\/portal\/wp-json\/wp\/v2\/posts\/285714\/revisions\/285717"}],"wp:featuredmedia":[{"embeddable":true,"href":"https:\/\/noticiaempauta.com\/portal\/wp-json\/wp\/v2\/media\/285715"}],"wp:attachment":[{"href":"https:\/\/noticiaempauta.com\/portal\/wp-json\/wp\/v2\/media?parent=285714"}],"wp:term":[{"taxonomy":"category","embeddable":true,"href":"https:\/\/noticiaempauta.com\/portal\/wp-json\/wp\/v2\/categories?post=285714"},{"taxonomy":"post_tag","embeddable":true,"href":"https:\/\/noticiaempauta.com\/portal\/wp-json\/wp\/v2\/tags?post=285714"}],"curies":[{"name":"wp","href":"https:\/\/api.w.org\/{rel}","templated":true}]}}