{"id":285718,"date":"2026-02-25T09:10:14","date_gmt":"2026-02-25T12:10:14","guid":{"rendered":"https:\/\/noticiaempauta.com\/portal\/?p=285718"},"modified":"2026-02-25T09:10:15","modified_gmt":"2026-02-25T12:10:15","slug":"sargento-mota-e-expulso-da-policia-militar-do-piaui","status":"publish","type":"post","link":"https:\/\/noticiaempauta.com\/portal\/sargento-mota-e-expulso-da-policia-militar-do-piaui\/","title":{"rendered":"Sargento Mota \u00e9 expulso da Pol\u00edcia Militar do Piau\u00ed"},"content":{"rendered":"\n<p>O sargento Avelar dos Reis Mota, conhecido como sargento Mota, foi expulso da Pol\u00edcia Militar do Piau\u00ed. Ele respondia a um processo disciplinar por ferir os c\u00f3digos de conduta da corpora\u00e7\u00e3o em virtude de transgress\u00f5es como se utilizar da condi\u00e7\u00e3o de militar para obter facilidades pessoais, se apropriar de bens particulares, concorrer para o desprest\u00edgio da corpora\u00e7\u00e3o por crime doloso grave e danificar ou inutilizar bens particulares.<\/p>\n\n\n\n<figure class=\"wp-block-image size-full\"><img fetchpriority=\"high\" decoding=\"async\" width=\"581\" height=\"425\" src=\"https:\/\/noticiaempauta.com\/portal\/wp-content\/uploads\/2026\/02\/sargento-mota-1760618078.webp\" alt=\"\" class=\"wp-image-285720\" srcset=\"https:\/\/noticiaempauta.com\/portal\/wp-content\/uploads\/2026\/02\/sargento-mota-1760618078.webp 581w, https:\/\/noticiaempauta.com\/portal\/wp-content\/uploads\/2026\/02\/sargento-mota-1760618078-300x219.webp 300w\" sizes=\"(max-width: 581px) 100vw, 581px\" \/><figcaption class=\"wp-element-caption\"><em>(Foto: Reprodu\u00e7\u00e3o)<\/em><\/figcaption><\/figure>\n\n\n\n<p>H\u00e1 quatro meses, o\u00a0sargento Mota foi condenado na justi\u00e7a comum por invadir uma resid\u00eancia e furtar um perfume em Teresina. O crime ocorreu em fevereiro de 2023. Segundo a den\u00fancia, o sargento usou uma chave falsa para entrar na casa, no bairro Areias, zona sul da capital. Na ocasi\u00e3o, o sargento estava escalado para trabalhar no Promorar, mas foi at\u00e9 a casa da v\u00edtima, de onde furtou um perfume Malbec.<\/p>\n\n\n\n<p>Ao sair, ele tentou danificar as c\u00e2meras de seguran\u00e7a do im\u00f3vel, mas como n\u00e3o conseguiu, cortou os fios de energia da casa.&nbsp;A defesa do sargento Mota alegou que ele tinha ido ao local ap\u00f3s ouvir sobre um plano contra um filho de um PM, disse que ele entrou na casa porque a porta estava aberta e que ficou pouco tempo no local.<\/p>\n\n\n\n<p>Paralelo ao processo na justi\u00e7a comum, a Corregedoria da PM abriu um procedimento para apurar as condutas atribu\u00eddas ao sargento Mota em \u00e2mbito disciplinar. O resultado desde processo saiu nesta quarta (25). Conforme a decis\u00e3o, o sargento violou os deveres \u00e9ticos fundamentais estabelecidos no C\u00f3digo de Conduta Militar.<\/p>\n\n\n\n<p>A Pol\u00edcia Militar decidiu pela exclus\u00e3o a bem da disciplina do sargento Mota.<\/p>\n\n\n\n<h2 class=\"wp-block-heading\">Investigado em opera\u00e7\u00e3o contra jogos ilegais<\/h2>\n\n\n\n<p>Al\u00e9m de responder pelo furto de um perfume em Teresina, o sargento Mota foi um dos alvos da Opera\u00e7\u00e3o Jogo Sujo, que foi deflagrada pela Pol\u00edcia Civil em 2024 para investigar a divulga\u00e7\u00e3o de jogos de azar ilegais e um esquema de estelionato. Entre os alvos da a\u00e7\u00e3o tamb\u00e9m estava blogueiros e influenciadores digitais de Teresina.<\/p>\n\n\n\n<p>Na ocasi\u00e3o, a Pol\u00edcia Civil\u00a0realizou buscas na casa do sargento Mota e do cabo Raimundo Alves Torres, conhecido como cabo Jairo. Os policiais apreenderam carros de luxo e R$ 500 mil em esp\u00e9cie dos investigados.<\/p>\n\n\n\n<p>Fonte: Portal O Dia<\/p>\n","protected":false},"excerpt":{"rendered":"<p>O sargento Avelar dos Reis Mota, conhecido como sargento Mota, foi expulso da Pol\u00edcia Militar do Piau\u00ed. Ele respondia a um processo disciplinar por ferir os c\u00f3digos de conduta da corpora\u00e7\u00e3o em virtude de transgress\u00f5es como se utilizar da condi\u00e7\u00e3o de militar para obter facilidades pessoais, se apropriar de bens particulares, concorrer para o desprest\u00edgio [&hellip;]<\/p>\n","protected":false},"author":2,"featured_media":285720,"comment_status":"closed","ping_status":"closed","sticky":false,"template":"","format":"standard","meta":{"_mi_skip_tracking":false,"footnotes":""},"categories":[25,1,137,16],"tags":[192],"class_list":["post-285718","post","type-post","status-publish","format-standard","has-post-thumbnail","hentry","category-destaques-site","category-geral","category-policia","category-todas","tag-destaqueprincipal"],"acf":[],"yoast_head":"<!-- This site is optimized with the Yoast SEO Premium plugin v19.2 (Yoast SEO v26.9) - https:\/\/yoast.com\/product\/yoast-seo-premium-wordpress\/ -->\n<title>Sargento Mota \u00e9 expulso da Pol\u00edcia Militar do Piau\u00ed - Portal Not\u00edcia em Pauta<\/title>\n<meta name=\"robots\" content=\"index, follow, max-snippet:-1, max-image-preview:large, max-video-preview:-1\" \/>\n<link rel=\"canonical\" href=\"https:\/\/noticiaempauta.com\/portal\/sargento-mota-e-expulso-da-policia-militar-do-piaui\/\" \/>\n<meta property=\"og:locale\" content=\"pt_BR\" \/>\n<meta property=\"og:type\" content=\"article\" \/>\n<meta property=\"og:title\" content=\"Sargento Mota \u00e9 expulso da Pol\u00edcia Militar do Piau\u00ed\" \/>\n<meta property=\"og:description\" content=\"O sargento Avelar dos Reis Mota, conhecido como sargento Mota, foi expulso da Pol\u00edcia Militar do Piau\u00ed. Ele respondia a um processo disciplinar por ferir os c\u00f3digos de conduta da corpora\u00e7\u00e3o em virtude de transgress\u00f5es como se utilizar da condi\u00e7\u00e3o de militar para obter facilidades pessoais, se apropriar de bens particulares, concorrer para o desprest\u00edgio [&hellip;]\" \/>\n<meta property=\"og:url\" content=\"https:\/\/noticiaempauta.com\/portal\/sargento-mota-e-expulso-da-policia-militar-do-piaui\/\" \/>\n<meta property=\"og:site_name\" content=\"Portal Not\u00edcia em Pauta\" \/>\n<meta property=\"article:publisher\" content=\"https:\/\/www.facebook.com\/Portal-Notcia-Em-Pauta-102292869264820\/\" \/>\n<meta property=\"article:published_time\" content=\"2026-02-25T12:10:14+00:00\" \/>\n<meta property=\"article:modified_time\" content=\"2026-02-25T12:10:15+00:00\" \/>\n<meta property=\"og:image\" content=\"https:\/\/noticiaempauta.com\/portal\/wp-content\/uploads\/2026\/02\/sargento-mota-1760618078.webp\" \/>\n\t<meta property=\"og:image:width\" content=\"581\" \/>\n\t<meta property=\"og:image:height\" content=\"425\" \/>\n\t<meta property=\"og:image:type\" content=\"image\/webp\" \/>\n<meta name=\"author\" content=\"Reda\u00e7\u00e3o\" \/>\n<meta name=\"twitter:card\" content=\"summary_large_image\" \/>\n<meta name=\"twitter:label1\" content=\"Escrito por\" \/>\n\t<meta name=\"twitter:data1\" content=\"Reda\u00e7\u00e3o\" \/>\n\t<meta name=\"twitter:label2\" content=\"Est. tempo de leitura\" \/>\n\t<meta name=\"twitter:data2\" content=\"3 minutos\" \/>\n<script type=\"application\/ld+json\" class=\"yoast-schema-graph\">{\"@context\":\"https:\/\/schema.org\",\"@graph\":[{\"@type\":\"Article\",\"@id\":\"https:\/\/noticiaempauta.com\/portal\/sargento-mota-e-expulso-da-policia-militar-do-piaui\/#article\",\"isPartOf\":{\"@id\":\"https:\/\/noticiaempauta.com\/portal\/sargento-mota-e-expulso-da-policia-militar-do-piaui\/\"},\"author\":{\"name\":\"Reda\u00e7\u00e3o\",\"@id\":\"https:\/\/noticiaempauta.com\/portal\/#\/schema\/person\/a74af43dd1ab3deca45f988c717d57ac\"},\"headline\":\"Sargento Mota \u00e9 expulso da Pol\u00edcia Militar do Piau\u00ed\",\"datePublished\":\"2026-02-25T12:10:14+00:00\",\"dateModified\":\"2026-02-25T12:10:15+00:00\",\"mainEntityOfPage\":{\"@id\":\"https:\/\/noticiaempauta.com\/portal\/sargento-mota-e-expulso-da-policia-militar-do-piaui\/\"},\"wordCount\":406,\"publisher\":{\"@id\":\"https:\/\/noticiaempauta.com\/portal\/#organization\"},\"image\":{\"@id\":\"https:\/\/noticiaempauta.com\/portal\/sargento-mota-e-expulso-da-policia-militar-do-piaui\/#primaryimage\"},\"thumbnailUrl\":\"https:\/\/noticiaempauta.com\/portal\/wp-content\/uploads\/2026\/02\/sargento-mota-1760618078.webp\",\"keywords\":[\"destaqueprincipal\"],\"articleSection\":[\"Destaques\",\"Geral\",\"Pol\u00edcia\",\"Todas as Not\u00edcias\"],\"inLanguage\":\"pt-BR\"},{\"@type\":\"WebPage\",\"@id\":\"https:\/\/noticiaempauta.com\/portal\/sargento-mota-e-expulso-da-policia-militar-do-piaui\/\",\"url\":\"https:\/\/noticiaempauta.com\/portal\/sargento-mota-e-expulso-da-policia-militar-do-piaui\/\",\"name\":\"Sargento Mota \u00e9 expulso da Pol\u00edcia Militar do Piau\u00ed - Portal Not\u00edcia em Pauta\",\"isPartOf\":{\"@id\":\"https:\/\/noticiaempauta.com\/portal\/#website\"},\"primaryImageOfPage\":{\"@id\":\"https:\/\/noticiaempauta.com\/portal\/sargento-mota-e-expulso-da-policia-militar-do-piaui\/#primaryimage\"},\"image\":{\"@id\":\"https:\/\/noticiaempauta.com\/portal\/sargento-mota-e-expulso-da-policia-militar-do-piaui\/#primaryimage\"},\"thumbnailUrl\":\"https:\/\/noticiaempauta.com\/portal\/wp-content\/uploads\/2026\/02\/sargento-mota-1760618078.webp\",\"datePublished\":\"2026-02-25T12:10:14+00:00\",\"dateModified\":\"2026-02-25T12:10:15+00:00\",\"breadcrumb\":{\"@id\":\"https:\/\/noticiaempauta.com\/portal\/sargento-mota-e-expulso-da-policia-militar-do-piaui\/#breadcrumb\"},\"inLanguage\":\"pt-BR\",\"potentialAction\":[{\"@type\":\"ReadAction\",\"target\":[\"https:\/\/noticiaempauta.com\/portal\/sargento-mota-e-expulso-da-policia-militar-do-piaui\/\"]}]},{\"@type\":\"ImageObject\",\"inLanguage\":\"pt-BR\",\"@id\":\"https:\/\/noticiaempauta.com\/portal\/sargento-mota-e-expulso-da-policia-militar-do-piaui\/#primaryimage\",\"url\":\"https:\/\/noticiaempauta.com\/portal\/wp-content\/uploads\/2026\/02\/sargento-mota-1760618078.webp\",\"contentUrl\":\"https:\/\/noticiaempauta.com\/portal\/wp-content\/uploads\/2026\/02\/sargento-mota-1760618078.webp\",\"width\":581,\"height\":425},{\"@type\":\"BreadcrumbList\",\"@id\":\"https:\/\/noticiaempauta.com\/portal\/sargento-mota-e-expulso-da-policia-militar-do-piaui\/#breadcrumb\",\"itemListElement\":[{\"@type\":\"ListItem\",\"position\":1,\"name\":\"P\u00e1gina Inicial\",\"item\":\"https:\/\/noticiaempauta.com\/portal\/\"},{\"@type\":\"ListItem\",\"position\":2,\"name\":\"Destaques\",\"item\":\"https:\/\/noticiaempauta.com\/portal\/destaques-site\/\"},{\"@type\":\"ListItem\",\"position\":3,\"name\":\"Sargento Mota \u00e9 expulso da Pol\u00edcia Militar do Piau\u00ed\"}]},{\"@type\":\"WebSite\",\"@id\":\"https:\/\/noticiaempauta.com\/portal\/#website\",\"url\":\"https:\/\/noticiaempauta.com\/portal\/\",\"name\":\"Portal Not\u00edcia em Pauta\",\"description\":\"Voc\u00ea bem informado\",\"publisher\":{\"@id\":\"https:\/\/noticiaempauta.com\/portal\/#organization\"},\"potentialAction\":[{\"@type\":\"SearchAction\",\"target\":{\"@type\":\"EntryPoint\",\"urlTemplate\":\"https:\/\/noticiaempauta.com\/portal\/?s={search_term_string}\"},\"query-input\":{\"@type\":\"PropertyValueSpecification\",\"valueRequired\":true,\"valueName\":\"search_term_string\"}}],\"inLanguage\":\"pt-BR\"},{\"@type\":\"Organization\",\"@id\":\"https:\/\/noticiaempauta.com\/portal\/#organization\",\"name\":\"Portal Not\u00edcia em Pauta\",\"url\":\"https:\/\/noticiaempauta.com\/portal\/\",\"logo\":{\"@type\":\"ImageObject\",\"inLanguage\":\"pt-BR\",\"@id\":\"https:\/\/noticiaempauta.com\/portal\/#\/schema\/logo\/image\/\",\"url\":\"https:\/\/noticiaempauta.com\/portal\/wp-content\/uploads\/2022\/08\/logomarca_tema.fw_.png\",\"contentUrl\":\"https:\/\/noticiaempauta.com\/portal\/wp-content\/uploads\/2022\/08\/logomarca_tema.fw_.png\",\"width\":400,\"height\":232,\"caption\":\"Portal Not\u00edcia em Pauta\"},\"image\":{\"@id\":\"https:\/\/noticiaempauta.com\/portal\/#\/schema\/logo\/image\/\"},\"sameAs\":[\"https:\/\/www.facebook.com\/Portal-Notcia-Em-Pauta-102292869264820\/\",\"https:\/\/www.instagram.com\/portalnoticiaempauta\/\"]},{\"@type\":\"Person\",\"@id\":\"https:\/\/noticiaempauta.com\/portal\/#\/schema\/person\/a74af43dd1ab3deca45f988c717d57ac\",\"name\":\"Reda\u00e7\u00e3o\",\"image\":{\"@type\":\"ImageObject\",\"inLanguage\":\"pt-BR\",\"@id\":\"https:\/\/noticiaempauta.com\/portal\/#\/schema\/person\/image\/\",\"url\":\"https:\/\/secure.gravatar.com\/avatar\/03179346ecce6cdfc13361603e8f54242a90e5cde8618fa23c5c00aa2b0aadf3?s=96&d=mm&r=g\",\"contentUrl\":\"https:\/\/secure.gravatar.com\/avatar\/03179346ecce6cdfc13361603e8f54242a90e5cde8618fa23c5c00aa2b0aadf3?s=96&d=mm&r=g\",\"caption\":\"Reda\u00e7\u00e3o\"},\"sameAs\":[\"https:\/\/noticiaempauta.com\/portal\/\"],\"url\":\"https:\/\/noticiaempauta.com\/portal\/author\/fernando\/\"}]}<\/script>\n<!-- \/ Yoast SEO Premium plugin. -->","yoast_head_json":{"title":"Sargento Mota \u00e9 expulso da Pol\u00edcia Militar do Piau\u00ed - Portal Not\u00edcia em Pauta","robots":{"index":"index","follow":"follow","max-snippet":"max-snippet:-1","max-image-preview":"max-image-preview:large","max-video-preview":"max-video-preview:-1"},"canonical":"https:\/\/noticiaempauta.com\/portal\/sargento-mota-e-expulso-da-policia-militar-do-piaui\/","og_locale":"pt_BR","og_type":"article","og_title":"Sargento Mota \u00e9 expulso da Pol\u00edcia Militar do Piau\u00ed","og_description":"O sargento Avelar dos Reis Mota, conhecido como sargento Mota, foi expulso da Pol\u00edcia Militar do Piau\u00ed. Ele respondia a um processo disciplinar por ferir os c\u00f3digos de conduta da corpora\u00e7\u00e3o em virtude de transgress\u00f5es como se utilizar da condi\u00e7\u00e3o de militar para obter facilidades pessoais, se apropriar de bens particulares, concorrer para o desprest\u00edgio [&hellip;]","og_url":"https:\/\/noticiaempauta.com\/portal\/sargento-mota-e-expulso-da-policia-militar-do-piaui\/","og_site_name":"Portal Not\u00edcia em Pauta","article_publisher":"https:\/\/www.facebook.com\/Portal-Notcia-Em-Pauta-102292869264820\/","article_published_time":"2026-02-25T12:10:14+00:00","article_modified_time":"2026-02-25T12:10:15+00:00","og_image":[{"width":581,"height":425,"url":"https:\/\/noticiaempauta.com\/portal\/wp-content\/uploads\/2026\/02\/sargento-mota-1760618078.webp","type":"image\/webp"}],"author":"Reda\u00e7\u00e3o","twitter_card":"summary_large_image","twitter_misc":{"Escrito por":"Reda\u00e7\u00e3o","Est. tempo de leitura":"3 minutos"},"schema":{"@context":"https:\/\/schema.org","@graph":[{"@type":"Article","@id":"https:\/\/noticiaempauta.com\/portal\/sargento-mota-e-expulso-da-policia-militar-do-piaui\/#article","isPartOf":{"@id":"https:\/\/noticiaempauta.com\/portal\/sargento-mota-e-expulso-da-policia-militar-do-piaui\/"},"author":{"name":"Reda\u00e7\u00e3o","@id":"https:\/\/noticiaempauta.com\/portal\/#\/schema\/person\/a74af43dd1ab3deca45f988c717d57ac"},"headline":"Sargento Mota \u00e9 expulso da Pol\u00edcia Militar do Piau\u00ed","datePublished":"2026-02-25T12:10:14+00:00","dateModified":"2026-02-25T12:10:15+00:00","mainEntityOfPage":{"@id":"https:\/\/noticiaempauta.com\/portal\/sargento-mota-e-expulso-da-policia-militar-do-piaui\/"},"wordCount":406,"publisher":{"@id":"https:\/\/noticiaempauta.com\/portal\/#organization"},"image":{"@id":"https:\/\/noticiaempauta.com\/portal\/sargento-mota-e-expulso-da-policia-militar-do-piaui\/#primaryimage"},"thumbnailUrl":"https:\/\/noticiaempauta.com\/portal\/wp-content\/uploads\/2026\/02\/sargento-mota-1760618078.webp","keywords":["destaqueprincipal"],"articleSection":["Destaques","Geral","Pol\u00edcia","Todas as Not\u00edcias"],"inLanguage":"pt-BR"},{"@type":"WebPage","@id":"https:\/\/noticiaempauta.com\/portal\/sargento-mota-e-expulso-da-policia-militar-do-piaui\/","url":"https:\/\/noticiaempauta.com\/portal\/sargento-mota-e-expulso-da-policia-militar-do-piaui\/","name":"Sargento Mota \u00e9 expulso da Pol\u00edcia Militar do Piau\u00ed - Portal Not\u00edcia em Pauta","isPartOf":{"@id":"https:\/\/noticiaempauta.com\/portal\/#website"},"primaryImageOfPage":{"@id":"https:\/\/noticiaempauta.com\/portal\/sargento-mota-e-expulso-da-policia-militar-do-piaui\/#primaryimage"},"image":{"@id":"https:\/\/noticiaempauta.com\/portal\/sargento-mota-e-expulso-da-policia-militar-do-piaui\/#primaryimage"},"thumbnailUrl":"https:\/\/noticiaempauta.com\/portal\/wp-content\/uploads\/2026\/02\/sargento-mota-1760618078.webp","datePublished":"2026-02-25T12:10:14+00:00","dateModified":"2026-02-25T12:10:15+00:00","breadcrumb":{"@id":"https:\/\/noticiaempauta.com\/portal\/sargento-mota-e-expulso-da-policia-militar-do-piaui\/#breadcrumb"},"inLanguage":"pt-BR","potentialAction":[{"@type":"ReadAction","target":["https:\/\/noticiaempauta.com\/portal\/sargento-mota-e-expulso-da-policia-militar-do-piaui\/"]}]},{"@type":"ImageObject","inLanguage":"pt-BR","@id":"https:\/\/noticiaempauta.com\/portal\/sargento-mota-e-expulso-da-policia-militar-do-piaui\/#primaryimage","url":"https:\/\/noticiaempauta.com\/portal\/wp-content\/uploads\/2026\/02\/sargento-mota-1760618078.webp","contentUrl":"https:\/\/noticiaempauta.com\/portal\/wp-content\/uploads\/2026\/02\/sargento-mota-1760618078.webp","width":581,"height":425},{"@type":"BreadcrumbList","@id":"https:\/\/noticiaempauta.com\/portal\/sargento-mota-e-expulso-da-policia-militar-do-piaui\/#breadcrumb","itemListElement":[{"@type":"ListItem","position":1,"name":"P\u00e1gina Inicial","item":"https:\/\/noticiaempauta.com\/portal\/"},{"@type":"ListItem","position":2,"name":"Destaques","item":"https:\/\/noticiaempauta.com\/portal\/destaques-site\/"},{"@type":"ListItem","position":3,"name":"Sargento Mota \u00e9 expulso da Pol\u00edcia Militar do Piau\u00ed"}]},{"@type":"WebSite","@id":"https:\/\/noticiaempauta.com\/portal\/#website","url":"https:\/\/noticiaempauta.com\/portal\/","name":"Portal Not\u00edcia em Pauta","description":"Voc\u00ea bem informado","publisher":{"@id":"https:\/\/noticiaempauta.com\/portal\/#organization"},"potentialAction":[{"@type":"SearchAction","target":{"@type":"EntryPoint","urlTemplate":"https:\/\/noticiaempauta.com\/portal\/?s={search_term_string}"},"query-input":{"@type":"PropertyValueSpecification","valueRequired":true,"valueName":"search_term_string"}}],"inLanguage":"pt-BR"},{"@type":"Organization","@id":"https:\/\/noticiaempauta.com\/portal\/#organization","name":"Portal Not\u00edcia em Pauta","url":"https:\/\/noticiaempauta.com\/portal\/","logo":{"@type":"ImageObject","inLanguage":"pt-BR","@id":"https:\/\/noticiaempauta.com\/portal\/#\/schema\/logo\/image\/","url":"https:\/\/noticiaempauta.com\/portal\/wp-content\/uploads\/2022\/08\/logomarca_tema.fw_.png","contentUrl":"https:\/\/noticiaempauta.com\/portal\/wp-content\/uploads\/2022\/08\/logomarca_tema.fw_.png","width":400,"height":232,"caption":"Portal Not\u00edcia em Pauta"},"image":{"@id":"https:\/\/noticiaempauta.com\/portal\/#\/schema\/logo\/image\/"},"sameAs":["https:\/\/www.facebook.com\/Portal-Notcia-Em-Pauta-102292869264820\/","https:\/\/www.instagram.com\/portalnoticiaempauta\/"]},{"@type":"Person","@id":"https:\/\/noticiaempauta.com\/portal\/#\/schema\/person\/a74af43dd1ab3deca45f988c717d57ac","name":"Reda\u00e7\u00e3o","image":{"@type":"ImageObject","inLanguage":"pt-BR","@id":"https:\/\/noticiaempauta.com\/portal\/#\/schema\/person\/image\/","url":"https:\/\/secure.gravatar.com\/avatar\/03179346ecce6cdfc13361603e8f54242a90e5cde8618fa23c5c00aa2b0aadf3?s=96&d=mm&r=g","contentUrl":"https:\/\/secure.gravatar.com\/avatar\/03179346ecce6cdfc13361603e8f54242a90e5cde8618fa23c5c00aa2b0aadf3?s=96&d=mm&r=g","caption":"Reda\u00e7\u00e3o"},"sameAs":["https:\/\/noticiaempauta.com\/portal\/"],"url":"https:\/\/noticiaempauta.com\/portal\/author\/fernando\/"}]}},"_links":{"self":[{"href":"https:\/\/noticiaempauta.com\/portal\/wp-json\/wp\/v2\/posts\/285718","targetHints":{"allow":["GET"]}}],"collection":[{"href":"https:\/\/noticiaempauta.com\/portal\/wp-json\/wp\/v2\/posts"}],"about":[{"href":"https:\/\/noticiaempauta.com\/portal\/wp-json\/wp\/v2\/types\/post"}],"author":[{"embeddable":true,"href":"https:\/\/noticiaempauta.com\/portal\/wp-json\/wp\/v2\/users\/2"}],"replies":[{"embeddable":true,"href":"https:\/\/noticiaempauta.com\/portal\/wp-json\/wp\/v2\/comments?post=285718"}],"version-history":[{"count":2,"href":"https:\/\/noticiaempauta.com\/portal\/wp-json\/wp\/v2\/posts\/285718\/revisions"}],"predecessor-version":[{"id":285722,"href":"https:\/\/noticiaempauta.com\/portal\/wp-json\/wp\/v2\/posts\/285718\/revisions\/285722"}],"wp:featuredmedia":[{"embeddable":true,"href":"https:\/\/noticiaempauta.com\/portal\/wp-json\/wp\/v2\/media\/285720"}],"wp:attachment":[{"href":"https:\/\/noticiaempauta.com\/portal\/wp-json\/wp\/v2\/media?parent=285718"}],"wp:term":[{"taxonomy":"category","embeddable":true,"href":"https:\/\/noticiaempauta.com\/portal\/wp-json\/wp\/v2\/categories?post=285718"},{"taxonomy":"post_tag","embeddable":true,"href":"https:\/\/noticiaempauta.com\/portal\/wp-json\/wp\/v2\/tags?post=285718"}],"curies":[{"name":"wp","href":"https:\/\/api.w.org\/{rel}","templated":true}]}}