{"id":285723,"date":"2026-02-25T09:35:03","date_gmt":"2026-02-25T12:35:03","guid":{"rendered":"https:\/\/noticiaempauta.com\/portal\/?p=285723"},"modified":"2026-02-25T09:35:04","modified_gmt":"2026-02-25T12:35:04","slug":"audiencia-debate-transposicao-do-rio-sao-francisco-que-atingira-80-cidades-do-piaui","status":"publish","type":"post","link":"https:\/\/noticiaempauta.com\/portal\/audiencia-debate-transposicao-do-rio-sao-francisco-que-atingira-80-cidades-do-piaui\/","title":{"rendered":"Audi\u00eancia debate transposi\u00e7\u00e3o do Rio S\u00e3o Francisco que atingir\u00e1 80 cidades do Piau\u00ed"},"content":{"rendered":"\n<p>Uma audi\u00eancia p\u00fablica realizada nesta quarta-feira (25), no Instituto Federal do Piau\u00ed (IFPI) de S\u00e3o Raimundo Nonato, a 529 km de Teresina, discute os avan\u00e7os do estudo para a transposi\u00e7\u00e3o do Rio S\u00e3o Francisco no semi\u00e1rido piauiense. O debate vai contar com a presen\u00e7a do diretor do Departamento de Projetos Estrat\u00e9gicos (DPE) da Secretaria Nacional de Seguran\u00e7a H\u00eddrica, do Minist\u00e9rio da Integra\u00e7\u00e3o e do Desenvolvimento Regional (MIDR), Bruno Cravo Alves.<\/p>\n\n\n\n<p>A expectativa \u00e9 que cerca de 26 munic\u00edpios sejam diretamente impactados com a constru\u00e7\u00e3o de canal e futura adutora, mas o alcance pode chegar a mais de 80 cidades do semi\u00e1rido, beneficiando aproximadamente um milh\u00e3o de pessoas.<\/p>\n\n\n\n<figure class=\"wp-block-image size-full\"><img fetchpriority=\"high\" decoding=\"async\" width=\"768\" height=\"417\" src=\"https:\/\/noticiaempauta.com\/portal\/wp-content\/uploads\/2026\/02\/Sao_Francisco.webp\" alt=\"\" class=\"wp-image-285724\" srcset=\"https:\/\/noticiaempauta.com\/portal\/wp-content\/uploads\/2026\/02\/Sao_Francisco.webp 768w, https:\/\/noticiaempauta.com\/portal\/wp-content\/uploads\/2026\/02\/Sao_Francisco-300x163.webp 300w\" sizes=\"(max-width: 768px) 100vw, 768px\" \/><figcaption class=\"wp-element-caption\"><em>(Foto:<\/em>\u00a0<em>Ricardo Stuckert\/PR)<\/em><\/figcaption><\/figure>\n\n\n\n<p>\u201cEsse n\u00famero de 26 munic\u00edpios ser\u00e1 diretamente impactado, mas o projeto contempla toda a regi\u00e3o do semi\u00e1rido piauiense\u201d, afirmou.<\/p>\n\n\n\n<p>A iniciativa integra o eixo de seguran\u00e7a h\u00eddrica do novo Programa de Acelera\u00e7\u00e3o do Crescimento (PAC) e busca enfrentar o d\u00e9ficit h\u00eddrico na regi\u00e3o. Segundo o diretor, o estudo t\u00e9cnico j\u00e1 concluiu a etapa de identifica\u00e7\u00e3o da demanda e agora avan\u00e7a para a defini\u00e7\u00e3o da solu\u00e7\u00e3o mais vi\u00e1vel.<\/p>\n\n\n\n<p>\u201cA viabilidade se d\u00e1 a partir da identifica\u00e7\u00e3o da demanda, que j\u00e1 conclu\u00edmos nesse primeiro produto apresentado \u00e0 sociedade. A continuidade do projeto vai chegar \u00e0 solu\u00e7\u00e3o vi\u00e1vel para atender essa demanda\u201d, destacou.<\/p>\n\n\n\n<p>Bruno Cravo ressaltou que o Piau\u00ed passou a ser prioridade dentro do planejamento federal no eixo h\u00eddrico. \u201cO Piau\u00ed n\u00e3o estava esquecido nesse projeto. \u00c9 prioridade do governo federal o eixo de seguran\u00e7a h\u00eddrica. Retomamos os estudos a partir de uma provoca\u00e7\u00e3o da classe pol\u00edtica do estado\u201d, pontuou.<\/p>\n\n\n\n<p>O levantamento t\u00e9cnico apontou que a disponibilidade h\u00eddrica local \u00e9 limitada diante do n\u00edvel de seguran\u00e7a exigido para o abastecimento humano.<\/p>\n\n\n\n<p>\u201cQuando tratamos de abastecimento humano, esperamos no m\u00ednimo 95% de disponibilidade h\u00eddrica. A revis\u00e3o hidrol\u00f3gica mostrou que a oferta \u00e9 muito limitada, o que indica a necessidade de um aporte h\u00eddrico para a regi\u00e3o\u201d, explicou.<\/p>\n\n\n\n<p>De acordo com o cronograma apresentado, o estudo deve ser conclu\u00eddo at\u00e9 novembro deste ano. Em 2027, devem ser elaborados os projetos executivos, com previs\u00e3o de in\u00edcio das obras entre 2028 e 2030. \u201cTemos um longo caminho at\u00e9 que a \u00e1gua saia na torneira da popula\u00e7\u00e3o\u201d, frisou.<\/p>\n\n\n\n<p>Por fim, o diretor destacou a import\u00e2ncia da mobiliza\u00e7\u00e3o pol\u00edtica para garantir recursos.<\/p>\n\n\n\n<p>\u201cToda a classe pol\u00edtica tem se mobilizado. Esse deixou de ser um projeto de bandeira \u00fanica e passou a ser um projeto do estado, fundamental para assegurar os recursos\u201d, concluiu.<\/p>\n\n\n\n<p>Fonte: Cidade Verde<\/p>\n","protected":false},"excerpt":{"rendered":"<p>Uma audi\u00eancia p\u00fablica realizada nesta quarta-feira (25), no Instituto Federal do Piau\u00ed (IFPI) de S\u00e3o Raimundo Nonato, a 529 km de Teresina, discute os avan\u00e7os do estudo para a transposi\u00e7\u00e3o do Rio S\u00e3o Francisco no semi\u00e1rido piauiense. O debate vai contar com a presen\u00e7a do diretor do Departamento de Projetos Estrat\u00e9gicos (DPE) da Secretaria Nacional [&hellip;]<\/p>\n","protected":false},"author":2,"featured_media":285724,"comment_status":"closed","ping_status":"closed","sticky":false,"template":"","format":"standard","meta":{"_mi_skip_tracking":false,"footnotes":""},"categories":[25,1,9,16],"tags":[192],"class_list":["post-285723","post","type-post","status-publish","format-standard","has-post-thumbnail","hentry","category-destaques-site","category-geral","category-municipios","category-todas","tag-destaqueprincipal"],"acf":[],"yoast_head":"<!-- This site is optimized with the Yoast SEO Premium plugin v19.2 (Yoast SEO v26.9) - https:\/\/yoast.com\/product\/yoast-seo-premium-wordpress\/ -->\n<title>Audi\u00eancia debate transposi\u00e7\u00e3o do Rio S\u00e3o Francisco que atingir\u00e1 80 cidades do Piau\u00ed - Portal Not\u00edcia em Pauta<\/title>\n<meta name=\"robots\" content=\"index, follow, max-snippet:-1, max-image-preview:large, max-video-preview:-1\" \/>\n<link rel=\"canonical\" href=\"https:\/\/noticiaempauta.com\/portal\/audiencia-debate-transposicao-do-rio-sao-francisco-que-atingira-80-cidades-do-piaui\/\" \/>\n<meta property=\"og:locale\" content=\"pt_BR\" \/>\n<meta property=\"og:type\" content=\"article\" \/>\n<meta property=\"og:title\" content=\"Audi\u00eancia debate transposi\u00e7\u00e3o do Rio S\u00e3o Francisco que atingir\u00e1 80 cidades do Piau\u00ed\" \/>\n<meta property=\"og:description\" content=\"Uma audi\u00eancia p\u00fablica realizada nesta quarta-feira (25), no Instituto Federal do Piau\u00ed (IFPI) de S\u00e3o Raimundo Nonato, a 529 km de Teresina, discute os avan\u00e7os do estudo para a transposi\u00e7\u00e3o do Rio S\u00e3o Francisco no semi\u00e1rido piauiense. O debate vai contar com a presen\u00e7a do diretor do Departamento de Projetos Estrat\u00e9gicos (DPE) da Secretaria Nacional [&hellip;]\" \/>\n<meta property=\"og:url\" content=\"https:\/\/noticiaempauta.com\/portal\/audiencia-debate-transposicao-do-rio-sao-francisco-que-atingira-80-cidades-do-piaui\/\" \/>\n<meta property=\"og:site_name\" content=\"Portal Not\u00edcia em Pauta\" \/>\n<meta property=\"article:publisher\" content=\"https:\/\/www.facebook.com\/Portal-Notcia-Em-Pauta-102292869264820\/\" \/>\n<meta property=\"article:published_time\" content=\"2026-02-25T12:35:03+00:00\" \/>\n<meta property=\"article:modified_time\" content=\"2026-02-25T12:35:04+00:00\" \/>\n<meta property=\"og:image\" content=\"https:\/\/noticiaempauta.com\/portal\/wp-content\/uploads\/2026\/02\/Sao_Francisco.webp\" \/>\n\t<meta property=\"og:image:width\" content=\"768\" \/>\n\t<meta property=\"og:image:height\" content=\"417\" \/>\n\t<meta property=\"og:image:type\" content=\"image\/webp\" \/>\n<meta name=\"author\" content=\"Reda\u00e7\u00e3o\" \/>\n<meta name=\"twitter:card\" content=\"summary_large_image\" \/>\n<meta name=\"twitter:label1\" content=\"Escrito por\" \/>\n\t<meta name=\"twitter:data1\" content=\"Reda\u00e7\u00e3o\" \/>\n\t<meta name=\"twitter:label2\" content=\"Est. tempo de leitura\" \/>\n\t<meta name=\"twitter:data2\" content=\"3 minutos\" \/>\n<script type=\"application\/ld+json\" class=\"yoast-schema-graph\">{\"@context\":\"https:\/\/schema.org\",\"@graph\":[{\"@type\":\"Article\",\"@id\":\"https:\/\/noticiaempauta.com\/portal\/audiencia-debate-transposicao-do-rio-sao-francisco-que-atingira-80-cidades-do-piaui\/#article\",\"isPartOf\":{\"@id\":\"https:\/\/noticiaempauta.com\/portal\/audiencia-debate-transposicao-do-rio-sao-francisco-que-atingira-80-cidades-do-piaui\/\"},\"author\":{\"name\":\"Reda\u00e7\u00e3o\",\"@id\":\"https:\/\/noticiaempauta.com\/portal\/#\/schema\/person\/a74af43dd1ab3deca45f988c717d57ac\"},\"headline\":\"Audi\u00eancia debate transposi\u00e7\u00e3o do Rio S\u00e3o Francisco que atingir\u00e1 80 cidades do Piau\u00ed\",\"datePublished\":\"2026-02-25T12:35:03+00:00\",\"dateModified\":\"2026-02-25T12:35:04+00:00\",\"mainEntityOfPage\":{\"@id\":\"https:\/\/noticiaempauta.com\/portal\/audiencia-debate-transposicao-do-rio-sao-francisco-que-atingira-80-cidades-do-piaui\/\"},\"wordCount\":469,\"publisher\":{\"@id\":\"https:\/\/noticiaempauta.com\/portal\/#organization\"},\"image\":{\"@id\":\"https:\/\/noticiaempauta.com\/portal\/audiencia-debate-transposicao-do-rio-sao-francisco-que-atingira-80-cidades-do-piaui\/#primaryimage\"},\"thumbnailUrl\":\"https:\/\/noticiaempauta.com\/portal\/wp-content\/uploads\/2026\/02\/Sao_Francisco.webp\",\"keywords\":[\"destaqueprincipal\"],\"articleSection\":[\"Destaques\",\"Geral\",\"Munic\u00edpios\",\"Todas as Not\u00edcias\"],\"inLanguage\":\"pt-BR\"},{\"@type\":\"WebPage\",\"@id\":\"https:\/\/noticiaempauta.com\/portal\/audiencia-debate-transposicao-do-rio-sao-francisco-que-atingira-80-cidades-do-piaui\/\",\"url\":\"https:\/\/noticiaempauta.com\/portal\/audiencia-debate-transposicao-do-rio-sao-francisco-que-atingira-80-cidades-do-piaui\/\",\"name\":\"Audi\u00eancia debate transposi\u00e7\u00e3o do Rio S\u00e3o Francisco que atingir\u00e1 80 cidades do Piau\u00ed - Portal Not\u00edcia em Pauta\",\"isPartOf\":{\"@id\":\"https:\/\/noticiaempauta.com\/portal\/#website\"},\"primaryImageOfPage\":{\"@id\":\"https:\/\/noticiaempauta.com\/portal\/audiencia-debate-transposicao-do-rio-sao-francisco-que-atingira-80-cidades-do-piaui\/#primaryimage\"},\"image\":{\"@id\":\"https:\/\/noticiaempauta.com\/portal\/audiencia-debate-transposicao-do-rio-sao-francisco-que-atingira-80-cidades-do-piaui\/#primaryimage\"},\"thumbnailUrl\":\"https:\/\/noticiaempauta.com\/portal\/wp-content\/uploads\/2026\/02\/Sao_Francisco.webp\",\"datePublished\":\"2026-02-25T12:35:03+00:00\",\"dateModified\":\"2026-02-25T12:35:04+00:00\",\"breadcrumb\":{\"@id\":\"https:\/\/noticiaempauta.com\/portal\/audiencia-debate-transposicao-do-rio-sao-francisco-que-atingira-80-cidades-do-piaui\/#breadcrumb\"},\"inLanguage\":\"pt-BR\",\"potentialAction\":[{\"@type\":\"ReadAction\",\"target\":[\"https:\/\/noticiaempauta.com\/portal\/audiencia-debate-transposicao-do-rio-sao-francisco-que-atingira-80-cidades-do-piaui\/\"]}]},{\"@type\":\"ImageObject\",\"inLanguage\":\"pt-BR\",\"@id\":\"https:\/\/noticiaempauta.com\/portal\/audiencia-debate-transposicao-do-rio-sao-francisco-que-atingira-80-cidades-do-piaui\/#primaryimage\",\"url\":\"https:\/\/noticiaempauta.com\/portal\/wp-content\/uploads\/2026\/02\/Sao_Francisco.webp\",\"contentUrl\":\"https:\/\/noticiaempauta.com\/portal\/wp-content\/uploads\/2026\/02\/Sao_Francisco.webp\",\"width\":768,\"height\":417},{\"@type\":\"BreadcrumbList\",\"@id\":\"https:\/\/noticiaempauta.com\/portal\/audiencia-debate-transposicao-do-rio-sao-francisco-que-atingira-80-cidades-do-piaui\/#breadcrumb\",\"itemListElement\":[{\"@type\":\"ListItem\",\"position\":1,\"name\":\"P\u00e1gina Inicial\",\"item\":\"https:\/\/noticiaempauta.com\/portal\/\"},{\"@type\":\"ListItem\",\"position\":2,\"name\":\"Destaques\",\"item\":\"https:\/\/noticiaempauta.com\/portal\/destaques-site\/\"},{\"@type\":\"ListItem\",\"position\":3,\"name\":\"Audi\u00eancia debate transposi\u00e7\u00e3o do Rio S\u00e3o Francisco que atingir\u00e1 80 cidades do Piau\u00ed\"}]},{\"@type\":\"WebSite\",\"@id\":\"https:\/\/noticiaempauta.com\/portal\/#website\",\"url\":\"https:\/\/noticiaempauta.com\/portal\/\",\"name\":\"Portal Not\u00edcia em Pauta\",\"description\":\"Voc\u00ea bem informado\",\"publisher\":{\"@id\":\"https:\/\/noticiaempauta.com\/portal\/#organization\"},\"potentialAction\":[{\"@type\":\"SearchAction\",\"target\":{\"@type\":\"EntryPoint\",\"urlTemplate\":\"https:\/\/noticiaempauta.com\/portal\/?s={search_term_string}\"},\"query-input\":{\"@type\":\"PropertyValueSpecification\",\"valueRequired\":true,\"valueName\":\"search_term_string\"}}],\"inLanguage\":\"pt-BR\"},{\"@type\":\"Organization\",\"@id\":\"https:\/\/noticiaempauta.com\/portal\/#organization\",\"name\":\"Portal Not\u00edcia em Pauta\",\"url\":\"https:\/\/noticiaempauta.com\/portal\/\",\"logo\":{\"@type\":\"ImageObject\",\"inLanguage\":\"pt-BR\",\"@id\":\"https:\/\/noticiaempauta.com\/portal\/#\/schema\/logo\/image\/\",\"url\":\"https:\/\/noticiaempauta.com\/portal\/wp-content\/uploads\/2022\/08\/logomarca_tema.fw_.png\",\"contentUrl\":\"https:\/\/noticiaempauta.com\/portal\/wp-content\/uploads\/2022\/08\/logomarca_tema.fw_.png\",\"width\":400,\"height\":232,\"caption\":\"Portal Not\u00edcia em Pauta\"},\"image\":{\"@id\":\"https:\/\/noticiaempauta.com\/portal\/#\/schema\/logo\/image\/\"},\"sameAs\":[\"https:\/\/www.facebook.com\/Portal-Notcia-Em-Pauta-102292869264820\/\",\"https:\/\/www.instagram.com\/portalnoticiaempauta\/\"]},{\"@type\":\"Person\",\"@id\":\"https:\/\/noticiaempauta.com\/portal\/#\/schema\/person\/a74af43dd1ab3deca45f988c717d57ac\",\"name\":\"Reda\u00e7\u00e3o\",\"image\":{\"@type\":\"ImageObject\",\"inLanguage\":\"pt-BR\",\"@id\":\"https:\/\/noticiaempauta.com\/portal\/#\/schema\/person\/image\/\",\"url\":\"https:\/\/secure.gravatar.com\/avatar\/03179346ecce6cdfc13361603e8f54242a90e5cde8618fa23c5c00aa2b0aadf3?s=96&d=mm&r=g\",\"contentUrl\":\"https:\/\/secure.gravatar.com\/avatar\/03179346ecce6cdfc13361603e8f54242a90e5cde8618fa23c5c00aa2b0aadf3?s=96&d=mm&r=g\",\"caption\":\"Reda\u00e7\u00e3o\"},\"sameAs\":[\"https:\/\/noticiaempauta.com\/portal\/\"],\"url\":\"https:\/\/noticiaempauta.com\/portal\/author\/fernando\/\"}]}<\/script>\n<!-- \/ Yoast SEO Premium plugin. -->","yoast_head_json":{"title":"Audi\u00eancia debate transposi\u00e7\u00e3o do Rio S\u00e3o Francisco que atingir\u00e1 80 cidades do Piau\u00ed - Portal Not\u00edcia em Pauta","robots":{"index":"index","follow":"follow","max-snippet":"max-snippet:-1","max-image-preview":"max-image-preview:large","max-video-preview":"max-video-preview:-1"},"canonical":"https:\/\/noticiaempauta.com\/portal\/audiencia-debate-transposicao-do-rio-sao-francisco-que-atingira-80-cidades-do-piaui\/","og_locale":"pt_BR","og_type":"article","og_title":"Audi\u00eancia debate transposi\u00e7\u00e3o do Rio S\u00e3o Francisco que atingir\u00e1 80 cidades do Piau\u00ed","og_description":"Uma audi\u00eancia p\u00fablica realizada nesta quarta-feira (25), no Instituto Federal do Piau\u00ed (IFPI) de S\u00e3o Raimundo Nonato, a 529 km de Teresina, discute os avan\u00e7os do estudo para a transposi\u00e7\u00e3o do Rio S\u00e3o Francisco no semi\u00e1rido piauiense. O debate vai contar com a presen\u00e7a do diretor do Departamento de Projetos Estrat\u00e9gicos (DPE) da Secretaria Nacional [&hellip;]","og_url":"https:\/\/noticiaempauta.com\/portal\/audiencia-debate-transposicao-do-rio-sao-francisco-que-atingira-80-cidades-do-piaui\/","og_site_name":"Portal Not\u00edcia em Pauta","article_publisher":"https:\/\/www.facebook.com\/Portal-Notcia-Em-Pauta-102292869264820\/","article_published_time":"2026-02-25T12:35:03+00:00","article_modified_time":"2026-02-25T12:35:04+00:00","og_image":[{"width":768,"height":417,"url":"https:\/\/noticiaempauta.com\/portal\/wp-content\/uploads\/2026\/02\/Sao_Francisco.webp","type":"image\/webp"}],"author":"Reda\u00e7\u00e3o","twitter_card":"summary_large_image","twitter_misc":{"Escrito por":"Reda\u00e7\u00e3o","Est. tempo de leitura":"3 minutos"},"schema":{"@context":"https:\/\/schema.org","@graph":[{"@type":"Article","@id":"https:\/\/noticiaempauta.com\/portal\/audiencia-debate-transposicao-do-rio-sao-francisco-que-atingira-80-cidades-do-piaui\/#article","isPartOf":{"@id":"https:\/\/noticiaempauta.com\/portal\/audiencia-debate-transposicao-do-rio-sao-francisco-que-atingira-80-cidades-do-piaui\/"},"author":{"name":"Reda\u00e7\u00e3o","@id":"https:\/\/noticiaempauta.com\/portal\/#\/schema\/person\/a74af43dd1ab3deca45f988c717d57ac"},"headline":"Audi\u00eancia debate transposi\u00e7\u00e3o do Rio S\u00e3o Francisco que atingir\u00e1 80 cidades do Piau\u00ed","datePublished":"2026-02-25T12:35:03+00:00","dateModified":"2026-02-25T12:35:04+00:00","mainEntityOfPage":{"@id":"https:\/\/noticiaempauta.com\/portal\/audiencia-debate-transposicao-do-rio-sao-francisco-que-atingira-80-cidades-do-piaui\/"},"wordCount":469,"publisher":{"@id":"https:\/\/noticiaempauta.com\/portal\/#organization"},"image":{"@id":"https:\/\/noticiaempauta.com\/portal\/audiencia-debate-transposicao-do-rio-sao-francisco-que-atingira-80-cidades-do-piaui\/#primaryimage"},"thumbnailUrl":"https:\/\/noticiaempauta.com\/portal\/wp-content\/uploads\/2026\/02\/Sao_Francisco.webp","keywords":["destaqueprincipal"],"articleSection":["Destaques","Geral","Munic\u00edpios","Todas as Not\u00edcias"],"inLanguage":"pt-BR"},{"@type":"WebPage","@id":"https:\/\/noticiaempauta.com\/portal\/audiencia-debate-transposicao-do-rio-sao-francisco-que-atingira-80-cidades-do-piaui\/","url":"https:\/\/noticiaempauta.com\/portal\/audiencia-debate-transposicao-do-rio-sao-francisco-que-atingira-80-cidades-do-piaui\/","name":"Audi\u00eancia debate transposi\u00e7\u00e3o do Rio S\u00e3o Francisco que atingir\u00e1 80 cidades do Piau\u00ed - Portal Not\u00edcia em Pauta","isPartOf":{"@id":"https:\/\/noticiaempauta.com\/portal\/#website"},"primaryImageOfPage":{"@id":"https:\/\/noticiaempauta.com\/portal\/audiencia-debate-transposicao-do-rio-sao-francisco-que-atingira-80-cidades-do-piaui\/#primaryimage"},"image":{"@id":"https:\/\/noticiaempauta.com\/portal\/audiencia-debate-transposicao-do-rio-sao-francisco-que-atingira-80-cidades-do-piaui\/#primaryimage"},"thumbnailUrl":"https:\/\/noticiaempauta.com\/portal\/wp-content\/uploads\/2026\/02\/Sao_Francisco.webp","datePublished":"2026-02-25T12:35:03+00:00","dateModified":"2026-02-25T12:35:04+00:00","breadcrumb":{"@id":"https:\/\/noticiaempauta.com\/portal\/audiencia-debate-transposicao-do-rio-sao-francisco-que-atingira-80-cidades-do-piaui\/#breadcrumb"},"inLanguage":"pt-BR","potentialAction":[{"@type":"ReadAction","target":["https:\/\/noticiaempauta.com\/portal\/audiencia-debate-transposicao-do-rio-sao-francisco-que-atingira-80-cidades-do-piaui\/"]}]},{"@type":"ImageObject","inLanguage":"pt-BR","@id":"https:\/\/noticiaempauta.com\/portal\/audiencia-debate-transposicao-do-rio-sao-francisco-que-atingira-80-cidades-do-piaui\/#primaryimage","url":"https:\/\/noticiaempauta.com\/portal\/wp-content\/uploads\/2026\/02\/Sao_Francisco.webp","contentUrl":"https:\/\/noticiaempauta.com\/portal\/wp-content\/uploads\/2026\/02\/Sao_Francisco.webp","width":768,"height":417},{"@type":"BreadcrumbList","@id":"https:\/\/noticiaempauta.com\/portal\/audiencia-debate-transposicao-do-rio-sao-francisco-que-atingira-80-cidades-do-piaui\/#breadcrumb","itemListElement":[{"@type":"ListItem","position":1,"name":"P\u00e1gina Inicial","item":"https:\/\/noticiaempauta.com\/portal\/"},{"@type":"ListItem","position":2,"name":"Destaques","item":"https:\/\/noticiaempauta.com\/portal\/destaques-site\/"},{"@type":"ListItem","position":3,"name":"Audi\u00eancia debate transposi\u00e7\u00e3o do Rio S\u00e3o Francisco que atingir\u00e1 80 cidades do Piau\u00ed"}]},{"@type":"WebSite","@id":"https:\/\/noticiaempauta.com\/portal\/#website","url":"https:\/\/noticiaempauta.com\/portal\/","name":"Portal Not\u00edcia em Pauta","description":"Voc\u00ea bem informado","publisher":{"@id":"https:\/\/noticiaempauta.com\/portal\/#organization"},"potentialAction":[{"@type":"SearchAction","target":{"@type":"EntryPoint","urlTemplate":"https:\/\/noticiaempauta.com\/portal\/?s={search_term_string}"},"query-input":{"@type":"PropertyValueSpecification","valueRequired":true,"valueName":"search_term_string"}}],"inLanguage":"pt-BR"},{"@type":"Organization","@id":"https:\/\/noticiaempauta.com\/portal\/#organization","name":"Portal Not\u00edcia em Pauta","url":"https:\/\/noticiaempauta.com\/portal\/","logo":{"@type":"ImageObject","inLanguage":"pt-BR","@id":"https:\/\/noticiaempauta.com\/portal\/#\/schema\/logo\/image\/","url":"https:\/\/noticiaempauta.com\/portal\/wp-content\/uploads\/2022\/08\/logomarca_tema.fw_.png","contentUrl":"https:\/\/noticiaempauta.com\/portal\/wp-content\/uploads\/2022\/08\/logomarca_tema.fw_.png","width":400,"height":232,"caption":"Portal Not\u00edcia em Pauta"},"image":{"@id":"https:\/\/noticiaempauta.com\/portal\/#\/schema\/logo\/image\/"},"sameAs":["https:\/\/www.facebook.com\/Portal-Notcia-Em-Pauta-102292869264820\/","https:\/\/www.instagram.com\/portalnoticiaempauta\/"]},{"@type":"Person","@id":"https:\/\/noticiaempauta.com\/portal\/#\/schema\/person\/a74af43dd1ab3deca45f988c717d57ac","name":"Reda\u00e7\u00e3o","image":{"@type":"ImageObject","inLanguage":"pt-BR","@id":"https:\/\/noticiaempauta.com\/portal\/#\/schema\/person\/image\/","url":"https:\/\/secure.gravatar.com\/avatar\/03179346ecce6cdfc13361603e8f54242a90e5cde8618fa23c5c00aa2b0aadf3?s=96&d=mm&r=g","contentUrl":"https:\/\/secure.gravatar.com\/avatar\/03179346ecce6cdfc13361603e8f54242a90e5cde8618fa23c5c00aa2b0aadf3?s=96&d=mm&r=g","caption":"Reda\u00e7\u00e3o"},"sameAs":["https:\/\/noticiaempauta.com\/portal\/"],"url":"https:\/\/noticiaempauta.com\/portal\/author\/fernando\/"}]}},"_links":{"self":[{"href":"https:\/\/noticiaempauta.com\/portal\/wp-json\/wp\/v2\/posts\/285723","targetHints":{"allow":["GET"]}}],"collection":[{"href":"https:\/\/noticiaempauta.com\/portal\/wp-json\/wp\/v2\/posts"}],"about":[{"href":"https:\/\/noticiaempauta.com\/portal\/wp-json\/wp\/v2\/types\/post"}],"author":[{"embeddable":true,"href":"https:\/\/noticiaempauta.com\/portal\/wp-json\/wp\/v2\/users\/2"}],"replies":[{"embeddable":true,"href":"https:\/\/noticiaempauta.com\/portal\/wp-json\/wp\/v2\/comments?post=285723"}],"version-history":[{"count":2,"href":"https:\/\/noticiaempauta.com\/portal\/wp-json\/wp\/v2\/posts\/285723\/revisions"}],"predecessor-version":[{"id":285726,"href":"https:\/\/noticiaempauta.com\/portal\/wp-json\/wp\/v2\/posts\/285723\/revisions\/285726"}],"wp:featuredmedia":[{"embeddable":true,"href":"https:\/\/noticiaempauta.com\/portal\/wp-json\/wp\/v2\/media\/285724"}],"wp:attachment":[{"href":"https:\/\/noticiaempauta.com\/portal\/wp-json\/wp\/v2\/media?parent=285723"}],"wp:term":[{"taxonomy":"category","embeddable":true,"href":"https:\/\/noticiaempauta.com\/portal\/wp-json\/wp\/v2\/categories?post=285723"},{"taxonomy":"post_tag","embeddable":true,"href":"https:\/\/noticiaempauta.com\/portal\/wp-json\/wp\/v2\/tags?post=285723"}],"curies":[{"name":"wp","href":"https:\/\/api.w.org\/{rel}","templated":true}]}}