{"id":285745,"date":"2026-02-25T16:06:27","date_gmt":"2026-02-25T19:06:27","guid":{"rendered":"https:\/\/noticiaempauta.com\/portal\/?p=285745"},"modified":"2026-02-25T16:06:28","modified_gmt":"2026-02-25T19:06:28","slug":"educacao-de-massape-do-piaui-participa-de-capacitacao-sobre-planejamento-para-educacao-inclusiva","status":"publish","type":"post","link":"https:\/\/noticiaempauta.com\/portal\/educacao-de-massape-do-piaui-participa-de-capacitacao-sobre-planejamento-para-educacao-inclusiva\/","title":{"rendered":"Educa\u00e7\u00e3o de Massap\u00ea do Piau\u00ed participa de capacita\u00e7\u00e3o sobre planejamento para educa\u00e7\u00e3o inclusiva"},"content":{"rendered":"\n<p>A Prefeitura de Massap\u00ea do Piau\u00ed, por meio da Secretaria Municipal de Educa\u00e7\u00e3o e em parceria com a Prefeitura do munic\u00edpio de Geminiano promoveu\u00a0um encontro educacional para os profissionais da educa\u00e7\u00e3o com capacita\u00e7\u00e3o e planejamento para a educa\u00e7\u00e3o inclusiva.<\/p>\n\n\n\n<figure class=\"wp-block-image size-full\"><img fetchpriority=\"high\" decoding=\"async\" width=\"800\" height=\"600\" src=\"https:\/\/noticiaempauta.com\/portal\/wp-content\/uploads\/2026\/02\/1779b3c8-e832-4580-a82a-a8da97cec50b.webp\" alt=\"\" class=\"wp-image-285748\" srcset=\"https:\/\/noticiaempauta.com\/portal\/wp-content\/uploads\/2026\/02\/1779b3c8-e832-4580-a82a-a8da97cec50b.webp 800w, https:\/\/noticiaempauta.com\/portal\/wp-content\/uploads\/2026\/02\/1779b3c8-e832-4580-a82a-a8da97cec50b-300x225.webp 300w, https:\/\/noticiaempauta.com\/portal\/wp-content\/uploads\/2026\/02\/1779b3c8-e832-4580-a82a-a8da97cec50b-768x576.webp 768w\" sizes=\"(max-width: 800px) 100vw, 800px\" \/><figcaption class=\"wp-element-caption\"><em>(Fotos: Folha Atual)<\/em><\/figcaption><\/figure>\n\n\n\n<p>O evento aconteceu na tarde desta ter\u00e7a-feira, 24 de fevereiro, no Gin\u00e1sio Poliesportivo de Geminiano. A capacita\u00e7\u00e3o da continuidade ao Itiner\u00e1rio Pedag\u00f3gico 2026 de Massap\u00ea do Piau\u00ed, que aconteceu nos dias 10 e 11 de fevereiro reunindo autoridades e profissionais da educa\u00e7\u00e3o do munic\u00edpio.<\/p>\n\n\n\n<figure class=\"wp-block-image size-full\"><img decoding=\"async\" width=\"800\" height=\"533\" src=\"https:\/\/noticiaempauta.com\/portal\/wp-content\/uploads\/2026\/02\/DSC_026513.webp\" alt=\"\" class=\"wp-image-285749\" srcset=\"https:\/\/noticiaempauta.com\/portal\/wp-content\/uploads\/2026\/02\/DSC_026513.webp 800w, https:\/\/noticiaempauta.com\/portal\/wp-content\/uploads\/2026\/02\/DSC_026513-300x200.webp 300w, https:\/\/noticiaempauta.com\/portal\/wp-content\/uploads\/2026\/02\/DSC_026513-768x512.webp 768w\" sizes=\"(max-width: 800px) 100vw, 800px\" \/><\/figure>\n\n\n\n<p>Logo ap\u00f3s as falas das autoridades presentes deu-se inicio \u00e0s palestras. A primeira foi ministrada pelo Dr. Gilson Soares de Ara\u00fajo com o tema, \u201cPiau\u00ed Primeira Inf\u00e2ncia: Governan\u00e7a colaborativa a favor da educa\u00e7\u00e3o p\u00fablica municipal\u201d.<\/p>\n\n\n\n<figure class=\"wp-block-image size-full\"><img decoding=\"async\" width=\"800\" height=\"533\" src=\"https:\/\/noticiaempauta.com\/portal\/wp-content\/uploads\/2026\/02\/DSC_027023.webp\" alt=\"\" class=\"wp-image-285750\" srcset=\"https:\/\/noticiaempauta.com\/portal\/wp-content\/uploads\/2026\/02\/DSC_027023.webp 800w, https:\/\/noticiaempauta.com\/portal\/wp-content\/uploads\/2026\/02\/DSC_027023-300x200.webp 300w, https:\/\/noticiaempauta.com\/portal\/wp-content\/uploads\/2026\/02\/DSC_027023-768x512.webp 768w\" sizes=\"(max-width: 800px) 100vw, 800px\" \/><\/figure>\n\n\n\n<p>Em seguida, a palestrante Priscila Boy, trouxe o debate a cerca da educa\u00e7\u00e3o inclusiva, com o tema, \u201cAEE. PAEE. PEI. PDI. PcD. TEA: Diferen\u00e7as entre Educa\u00e7\u00e3o Especial e Educa\u00e7\u00e3o Inclusiva\u201d.<\/p>\n\n\n\n<figure class=\"wp-block-image size-full\"><img loading=\"lazy\" decoding=\"async\" width=\"800\" height=\"600\" src=\"https:\/\/noticiaempauta.com\/portal\/wp-content\/uploads\/2026\/02\/8ef5638f-73b9-40d1-906d-7485bfa00c9f.webp\" alt=\"\" class=\"wp-image-285747\" srcset=\"https:\/\/noticiaempauta.com\/portal\/wp-content\/uploads\/2026\/02\/8ef5638f-73b9-40d1-906d-7485bfa00c9f.webp 800w, https:\/\/noticiaempauta.com\/portal\/wp-content\/uploads\/2026\/02\/8ef5638f-73b9-40d1-906d-7485bfa00c9f-300x225.webp 300w, https:\/\/noticiaempauta.com\/portal\/wp-content\/uploads\/2026\/02\/8ef5638f-73b9-40d1-906d-7485bfa00c9f-768x576.webp 768w\" sizes=\"(max-width: 800px) 100vw, 800px\" \/><\/figure>\n\n\n\n<p>A secret\u00e1ria Municipal de Educa\u00e7\u00e3o de Massap\u00ea do Piau\u00ed, Josuene Santos destacou a import\u00e2ncia da capacita\u00e7\u00e3o para os profissionais da educa\u00e7\u00e3o municipal.<\/p>\n\n\n\n<figure class=\"wp-block-image size-full\"><img loading=\"lazy\" decoding=\"async\" width=\"800\" height=\"600\" src=\"https:\/\/noticiaempauta.com\/portal\/wp-content\/uploads\/2026\/02\/6ddf46c0-5f2e-40a8-914c-a73bf8b5a9ed.webp\" alt=\"\" class=\"wp-image-285746\" srcset=\"https:\/\/noticiaempauta.com\/portal\/wp-content\/uploads\/2026\/02\/6ddf46c0-5f2e-40a8-914c-a73bf8b5a9ed.webp 800w, https:\/\/noticiaempauta.com\/portal\/wp-content\/uploads\/2026\/02\/6ddf46c0-5f2e-40a8-914c-a73bf8b5a9ed-300x225.webp 300w, https:\/\/noticiaempauta.com\/portal\/wp-content\/uploads\/2026\/02\/6ddf46c0-5f2e-40a8-914c-a73bf8b5a9ed-768x576.webp 768w\" sizes=\"(max-width: 800px) 100vw, 800px\" \/><\/figure>\n\n\n\n<p>&#8220;A participa\u00e7\u00e3o dos nossos professores da Rede Municipal de Ensino em capacita\u00e7\u00e3o dessa natureza \u00e9 muito pertinente \u00e0 educa\u00e7\u00e3o do nosso contexto atual, a educa\u00e7\u00e3o inclusiva, ent\u00e3o hoje n\u00f3s estamos muito agraciados com grandes palestrantes renomados que aqui est\u00e3o compartilhando grandes conhecimentos que certamente vai agregar para os nossos professores em sua atua\u00e7\u00e3o no dia a dia do processo de ensino e aprendizagem nas nas escolas do nosso munic\u00edpio,&#8221; frisou a secret\u00e1ria.<\/p>\n\n\n\n<p>Fonte: Folha Atual<\/p>\n","protected":false},"excerpt":{"rendered":"<p>A Prefeitura de Massap\u00ea do Piau\u00ed, por meio da Secretaria Municipal de Educa\u00e7\u00e3o e em parceria com a Prefeitura do munic\u00edpio de Geminiano promoveu\u00a0um encontro educacional para os profissionais da educa\u00e7\u00e3o com capacita\u00e7\u00e3o e planejamento para a educa\u00e7\u00e3o inclusiva. O evento aconteceu na tarde desta ter\u00e7a-feira, 24 de fevereiro, no Gin\u00e1sio Poliesportivo de Geminiano. A [&hellip;]<\/p>\n","protected":false},"author":2,"featured_media":285747,"comment_status":"closed","ping_status":"closed","sticky":false,"template":"","format":"standard","meta":{"_mi_skip_tracking":false,"footnotes":""},"categories":[25,1,9,16],"tags":[],"class_list":["post-285745","post","type-post","status-publish","format-standard","has-post-thumbnail","hentry","category-destaques-site","category-geral","category-municipios","category-todas"],"acf":[],"yoast_head":"<!-- This site is optimized with the Yoast SEO Premium plugin v19.2 (Yoast SEO v26.9) - https:\/\/yoast.com\/product\/yoast-seo-premium-wordpress\/ -->\n<title>Educa\u00e7\u00e3o de Massap\u00ea do Piau\u00ed participa de capacita\u00e7\u00e3o sobre planejamento para educa\u00e7\u00e3o inclusiva - Portal Not\u00edcia em Pauta<\/title>\n<meta name=\"robots\" content=\"index, follow, max-snippet:-1, max-image-preview:large, max-video-preview:-1\" \/>\n<link rel=\"canonical\" href=\"https:\/\/noticiaempauta.com\/portal\/educacao-de-massape-do-piaui-participa-de-capacitacao-sobre-planejamento-para-educacao-inclusiva\/\" \/>\n<meta property=\"og:locale\" content=\"pt_BR\" \/>\n<meta property=\"og:type\" content=\"article\" \/>\n<meta property=\"og:title\" content=\"Educa\u00e7\u00e3o de Massap\u00ea do Piau\u00ed participa de capacita\u00e7\u00e3o sobre planejamento para educa\u00e7\u00e3o inclusiva\" \/>\n<meta property=\"og:description\" content=\"A Prefeitura de Massap\u00ea do Piau\u00ed, por meio da Secretaria Municipal de Educa\u00e7\u00e3o e em parceria com a Prefeitura do munic\u00edpio de Geminiano promoveu\u00a0um encontro educacional para os profissionais da educa\u00e7\u00e3o com capacita\u00e7\u00e3o e planejamento para a educa\u00e7\u00e3o inclusiva. O evento aconteceu na tarde desta ter\u00e7a-feira, 24 de fevereiro, no Gin\u00e1sio Poliesportivo de Geminiano. A [&hellip;]\" \/>\n<meta property=\"og:url\" content=\"https:\/\/noticiaempauta.com\/portal\/educacao-de-massape-do-piaui-participa-de-capacitacao-sobre-planejamento-para-educacao-inclusiva\/\" \/>\n<meta property=\"og:site_name\" content=\"Portal Not\u00edcia em Pauta\" \/>\n<meta property=\"article:publisher\" content=\"https:\/\/www.facebook.com\/Portal-Notcia-Em-Pauta-102292869264820\/\" \/>\n<meta property=\"article:published_time\" content=\"2026-02-25T19:06:27+00:00\" \/>\n<meta property=\"article:modified_time\" content=\"2026-02-25T19:06:28+00:00\" \/>\n<meta property=\"og:image\" content=\"https:\/\/noticiaempauta.com\/portal\/wp-content\/uploads\/2026\/02\/8ef5638f-73b9-40d1-906d-7485bfa00c9f.webp\" \/>\n\t<meta property=\"og:image:width\" content=\"800\" \/>\n\t<meta property=\"og:image:height\" content=\"600\" \/>\n\t<meta property=\"og:image:type\" content=\"image\/webp\" \/>\n<meta name=\"author\" content=\"Reda\u00e7\u00e3o\" \/>\n<meta name=\"twitter:card\" content=\"summary_large_image\" \/>\n<meta name=\"twitter:label1\" content=\"Escrito por\" \/>\n\t<meta name=\"twitter:data1\" content=\"Reda\u00e7\u00e3o\" \/>\n\t<meta name=\"twitter:label2\" content=\"Est. tempo de leitura\" \/>\n\t<meta name=\"twitter:data2\" content=\"3 minutos\" \/>\n<script type=\"application\/ld+json\" class=\"yoast-schema-graph\">{\"@context\":\"https:\/\/schema.org\",\"@graph\":[{\"@type\":\"Article\",\"@id\":\"https:\/\/noticiaempauta.com\/portal\/educacao-de-massape-do-piaui-participa-de-capacitacao-sobre-planejamento-para-educacao-inclusiva\/#article\",\"isPartOf\":{\"@id\":\"https:\/\/noticiaempauta.com\/portal\/educacao-de-massape-do-piaui-participa-de-capacitacao-sobre-planejamento-para-educacao-inclusiva\/\"},\"author\":{\"name\":\"Reda\u00e7\u00e3o\",\"@id\":\"https:\/\/noticiaempauta.com\/portal\/#\/schema\/person\/a74af43dd1ab3deca45f988c717d57ac\"},\"headline\":\"Educa\u00e7\u00e3o de Massap\u00ea do Piau\u00ed participa de capacita\u00e7\u00e3o sobre planejamento para educa\u00e7\u00e3o inclusiva\",\"datePublished\":\"2026-02-25T19:06:27+00:00\",\"dateModified\":\"2026-02-25T19:06:28+00:00\",\"mainEntityOfPage\":{\"@id\":\"https:\/\/noticiaempauta.com\/portal\/educacao-de-massape-do-piaui-participa-de-capacitacao-sobre-planejamento-para-educacao-inclusiva\/\"},\"wordCount\":296,\"publisher\":{\"@id\":\"https:\/\/noticiaempauta.com\/portal\/#organization\"},\"image\":{\"@id\":\"https:\/\/noticiaempauta.com\/portal\/educacao-de-massape-do-piaui-participa-de-capacitacao-sobre-planejamento-para-educacao-inclusiva\/#primaryimage\"},\"thumbnailUrl\":\"https:\/\/noticiaempauta.com\/portal\/wp-content\/uploads\/2026\/02\/8ef5638f-73b9-40d1-906d-7485bfa00c9f.webp\",\"articleSection\":[\"Destaques\",\"Geral\",\"Munic\u00edpios\",\"Todas as Not\u00edcias\"],\"inLanguage\":\"pt-BR\"},{\"@type\":\"WebPage\",\"@id\":\"https:\/\/noticiaempauta.com\/portal\/educacao-de-massape-do-piaui-participa-de-capacitacao-sobre-planejamento-para-educacao-inclusiva\/\",\"url\":\"https:\/\/noticiaempauta.com\/portal\/educacao-de-massape-do-piaui-participa-de-capacitacao-sobre-planejamento-para-educacao-inclusiva\/\",\"name\":\"Educa\u00e7\u00e3o de Massap\u00ea do Piau\u00ed participa de capacita\u00e7\u00e3o sobre planejamento para educa\u00e7\u00e3o inclusiva - Portal Not\u00edcia em Pauta\",\"isPartOf\":{\"@id\":\"https:\/\/noticiaempauta.com\/portal\/#website\"},\"primaryImageOfPage\":{\"@id\":\"https:\/\/noticiaempauta.com\/portal\/educacao-de-massape-do-piaui-participa-de-capacitacao-sobre-planejamento-para-educacao-inclusiva\/#primaryimage\"},\"image\":{\"@id\":\"https:\/\/noticiaempauta.com\/portal\/educacao-de-massape-do-piaui-participa-de-capacitacao-sobre-planejamento-para-educacao-inclusiva\/#primaryimage\"},\"thumbnailUrl\":\"https:\/\/noticiaempauta.com\/portal\/wp-content\/uploads\/2026\/02\/8ef5638f-73b9-40d1-906d-7485bfa00c9f.webp\",\"datePublished\":\"2026-02-25T19:06:27+00:00\",\"dateModified\":\"2026-02-25T19:06:28+00:00\",\"breadcrumb\":{\"@id\":\"https:\/\/noticiaempauta.com\/portal\/educacao-de-massape-do-piaui-participa-de-capacitacao-sobre-planejamento-para-educacao-inclusiva\/#breadcrumb\"},\"inLanguage\":\"pt-BR\",\"potentialAction\":[{\"@type\":\"ReadAction\",\"target\":[\"https:\/\/noticiaempauta.com\/portal\/educacao-de-massape-do-piaui-participa-de-capacitacao-sobre-planejamento-para-educacao-inclusiva\/\"]}]},{\"@type\":\"ImageObject\",\"inLanguage\":\"pt-BR\",\"@id\":\"https:\/\/noticiaempauta.com\/portal\/educacao-de-massape-do-piaui-participa-de-capacitacao-sobre-planejamento-para-educacao-inclusiva\/#primaryimage\",\"url\":\"https:\/\/noticiaempauta.com\/portal\/wp-content\/uploads\/2026\/02\/8ef5638f-73b9-40d1-906d-7485bfa00c9f.webp\",\"contentUrl\":\"https:\/\/noticiaempauta.com\/portal\/wp-content\/uploads\/2026\/02\/8ef5638f-73b9-40d1-906d-7485bfa00c9f.webp\",\"width\":800,\"height\":600},{\"@type\":\"BreadcrumbList\",\"@id\":\"https:\/\/noticiaempauta.com\/portal\/educacao-de-massape-do-piaui-participa-de-capacitacao-sobre-planejamento-para-educacao-inclusiva\/#breadcrumb\",\"itemListElement\":[{\"@type\":\"ListItem\",\"position\":1,\"name\":\"P\u00e1gina Inicial\",\"item\":\"https:\/\/noticiaempauta.com\/portal\/\"},{\"@type\":\"ListItem\",\"position\":2,\"name\":\"Destaques\",\"item\":\"https:\/\/noticiaempauta.com\/portal\/destaques-site\/\"},{\"@type\":\"ListItem\",\"position\":3,\"name\":\"Educa\u00e7\u00e3o de Massap\u00ea do Piau\u00ed participa de capacita\u00e7\u00e3o sobre planejamento para educa\u00e7\u00e3o inclusiva\"}]},{\"@type\":\"WebSite\",\"@id\":\"https:\/\/noticiaempauta.com\/portal\/#website\",\"url\":\"https:\/\/noticiaempauta.com\/portal\/\",\"name\":\"Portal Not\u00edcia em Pauta\",\"description\":\"Voc\u00ea bem informado\",\"publisher\":{\"@id\":\"https:\/\/noticiaempauta.com\/portal\/#organization\"},\"potentialAction\":[{\"@type\":\"SearchAction\",\"target\":{\"@type\":\"EntryPoint\",\"urlTemplate\":\"https:\/\/noticiaempauta.com\/portal\/?s={search_term_string}\"},\"query-input\":{\"@type\":\"PropertyValueSpecification\",\"valueRequired\":true,\"valueName\":\"search_term_string\"}}],\"inLanguage\":\"pt-BR\"},{\"@type\":\"Organization\",\"@id\":\"https:\/\/noticiaempauta.com\/portal\/#organization\",\"name\":\"Portal Not\u00edcia em Pauta\",\"url\":\"https:\/\/noticiaempauta.com\/portal\/\",\"logo\":{\"@type\":\"ImageObject\",\"inLanguage\":\"pt-BR\",\"@id\":\"https:\/\/noticiaempauta.com\/portal\/#\/schema\/logo\/image\/\",\"url\":\"https:\/\/noticiaempauta.com\/portal\/wp-content\/uploads\/2022\/08\/logomarca_tema.fw_.png\",\"contentUrl\":\"https:\/\/noticiaempauta.com\/portal\/wp-content\/uploads\/2022\/08\/logomarca_tema.fw_.png\",\"width\":400,\"height\":232,\"caption\":\"Portal Not\u00edcia em Pauta\"},\"image\":{\"@id\":\"https:\/\/noticiaempauta.com\/portal\/#\/schema\/logo\/image\/\"},\"sameAs\":[\"https:\/\/www.facebook.com\/Portal-Notcia-Em-Pauta-102292869264820\/\",\"https:\/\/www.instagram.com\/portalnoticiaempauta\/\"]},{\"@type\":\"Person\",\"@id\":\"https:\/\/noticiaempauta.com\/portal\/#\/schema\/person\/a74af43dd1ab3deca45f988c717d57ac\",\"name\":\"Reda\u00e7\u00e3o\",\"image\":{\"@type\":\"ImageObject\",\"inLanguage\":\"pt-BR\",\"@id\":\"https:\/\/noticiaempauta.com\/portal\/#\/schema\/person\/image\/\",\"url\":\"https:\/\/secure.gravatar.com\/avatar\/03179346ecce6cdfc13361603e8f54242a90e5cde8618fa23c5c00aa2b0aadf3?s=96&d=mm&r=g\",\"contentUrl\":\"https:\/\/secure.gravatar.com\/avatar\/03179346ecce6cdfc13361603e8f54242a90e5cde8618fa23c5c00aa2b0aadf3?s=96&d=mm&r=g\",\"caption\":\"Reda\u00e7\u00e3o\"},\"sameAs\":[\"https:\/\/noticiaempauta.com\/portal\/\"],\"url\":\"https:\/\/noticiaempauta.com\/portal\/author\/fernando\/\"}]}<\/script>\n<!-- \/ Yoast SEO Premium plugin. -->","yoast_head_json":{"title":"Educa\u00e7\u00e3o de Massap\u00ea do Piau\u00ed participa de capacita\u00e7\u00e3o sobre planejamento para educa\u00e7\u00e3o inclusiva - Portal Not\u00edcia em Pauta","robots":{"index":"index","follow":"follow","max-snippet":"max-snippet:-1","max-image-preview":"max-image-preview:large","max-video-preview":"max-video-preview:-1"},"canonical":"https:\/\/noticiaempauta.com\/portal\/educacao-de-massape-do-piaui-participa-de-capacitacao-sobre-planejamento-para-educacao-inclusiva\/","og_locale":"pt_BR","og_type":"article","og_title":"Educa\u00e7\u00e3o de Massap\u00ea do Piau\u00ed participa de capacita\u00e7\u00e3o sobre planejamento para educa\u00e7\u00e3o inclusiva","og_description":"A Prefeitura de Massap\u00ea do Piau\u00ed, por meio da Secretaria Municipal de Educa\u00e7\u00e3o e em parceria com a Prefeitura do munic\u00edpio de Geminiano promoveu\u00a0um encontro educacional para os profissionais da educa\u00e7\u00e3o com capacita\u00e7\u00e3o e planejamento para a educa\u00e7\u00e3o inclusiva. O evento aconteceu na tarde desta ter\u00e7a-feira, 24 de fevereiro, no Gin\u00e1sio Poliesportivo de Geminiano. A [&hellip;]","og_url":"https:\/\/noticiaempauta.com\/portal\/educacao-de-massape-do-piaui-participa-de-capacitacao-sobre-planejamento-para-educacao-inclusiva\/","og_site_name":"Portal Not\u00edcia em Pauta","article_publisher":"https:\/\/www.facebook.com\/Portal-Notcia-Em-Pauta-102292869264820\/","article_published_time":"2026-02-25T19:06:27+00:00","article_modified_time":"2026-02-25T19:06:28+00:00","og_image":[{"width":800,"height":600,"url":"https:\/\/noticiaempauta.com\/portal\/wp-content\/uploads\/2026\/02\/8ef5638f-73b9-40d1-906d-7485bfa00c9f.webp","type":"image\/webp"}],"author":"Reda\u00e7\u00e3o","twitter_card":"summary_large_image","twitter_misc":{"Escrito por":"Reda\u00e7\u00e3o","Est. tempo de leitura":"3 minutos"},"schema":{"@context":"https:\/\/schema.org","@graph":[{"@type":"Article","@id":"https:\/\/noticiaempauta.com\/portal\/educacao-de-massape-do-piaui-participa-de-capacitacao-sobre-planejamento-para-educacao-inclusiva\/#article","isPartOf":{"@id":"https:\/\/noticiaempauta.com\/portal\/educacao-de-massape-do-piaui-participa-de-capacitacao-sobre-planejamento-para-educacao-inclusiva\/"},"author":{"name":"Reda\u00e7\u00e3o","@id":"https:\/\/noticiaempauta.com\/portal\/#\/schema\/person\/a74af43dd1ab3deca45f988c717d57ac"},"headline":"Educa\u00e7\u00e3o de Massap\u00ea do Piau\u00ed participa de capacita\u00e7\u00e3o sobre planejamento para educa\u00e7\u00e3o inclusiva","datePublished":"2026-02-25T19:06:27+00:00","dateModified":"2026-02-25T19:06:28+00:00","mainEntityOfPage":{"@id":"https:\/\/noticiaempauta.com\/portal\/educacao-de-massape-do-piaui-participa-de-capacitacao-sobre-planejamento-para-educacao-inclusiva\/"},"wordCount":296,"publisher":{"@id":"https:\/\/noticiaempauta.com\/portal\/#organization"},"image":{"@id":"https:\/\/noticiaempauta.com\/portal\/educacao-de-massape-do-piaui-participa-de-capacitacao-sobre-planejamento-para-educacao-inclusiva\/#primaryimage"},"thumbnailUrl":"https:\/\/noticiaempauta.com\/portal\/wp-content\/uploads\/2026\/02\/8ef5638f-73b9-40d1-906d-7485bfa00c9f.webp","articleSection":["Destaques","Geral","Munic\u00edpios","Todas as Not\u00edcias"],"inLanguage":"pt-BR"},{"@type":"WebPage","@id":"https:\/\/noticiaempauta.com\/portal\/educacao-de-massape-do-piaui-participa-de-capacitacao-sobre-planejamento-para-educacao-inclusiva\/","url":"https:\/\/noticiaempauta.com\/portal\/educacao-de-massape-do-piaui-participa-de-capacitacao-sobre-planejamento-para-educacao-inclusiva\/","name":"Educa\u00e7\u00e3o de Massap\u00ea do Piau\u00ed participa de capacita\u00e7\u00e3o sobre planejamento para educa\u00e7\u00e3o inclusiva - Portal Not\u00edcia em Pauta","isPartOf":{"@id":"https:\/\/noticiaempauta.com\/portal\/#website"},"primaryImageOfPage":{"@id":"https:\/\/noticiaempauta.com\/portal\/educacao-de-massape-do-piaui-participa-de-capacitacao-sobre-planejamento-para-educacao-inclusiva\/#primaryimage"},"image":{"@id":"https:\/\/noticiaempauta.com\/portal\/educacao-de-massape-do-piaui-participa-de-capacitacao-sobre-planejamento-para-educacao-inclusiva\/#primaryimage"},"thumbnailUrl":"https:\/\/noticiaempauta.com\/portal\/wp-content\/uploads\/2026\/02\/8ef5638f-73b9-40d1-906d-7485bfa00c9f.webp","datePublished":"2026-02-25T19:06:27+00:00","dateModified":"2026-02-25T19:06:28+00:00","breadcrumb":{"@id":"https:\/\/noticiaempauta.com\/portal\/educacao-de-massape-do-piaui-participa-de-capacitacao-sobre-planejamento-para-educacao-inclusiva\/#breadcrumb"},"inLanguage":"pt-BR","potentialAction":[{"@type":"ReadAction","target":["https:\/\/noticiaempauta.com\/portal\/educacao-de-massape-do-piaui-participa-de-capacitacao-sobre-planejamento-para-educacao-inclusiva\/"]}]},{"@type":"ImageObject","inLanguage":"pt-BR","@id":"https:\/\/noticiaempauta.com\/portal\/educacao-de-massape-do-piaui-participa-de-capacitacao-sobre-planejamento-para-educacao-inclusiva\/#primaryimage","url":"https:\/\/noticiaempauta.com\/portal\/wp-content\/uploads\/2026\/02\/8ef5638f-73b9-40d1-906d-7485bfa00c9f.webp","contentUrl":"https:\/\/noticiaempauta.com\/portal\/wp-content\/uploads\/2026\/02\/8ef5638f-73b9-40d1-906d-7485bfa00c9f.webp","width":800,"height":600},{"@type":"BreadcrumbList","@id":"https:\/\/noticiaempauta.com\/portal\/educacao-de-massape-do-piaui-participa-de-capacitacao-sobre-planejamento-para-educacao-inclusiva\/#breadcrumb","itemListElement":[{"@type":"ListItem","position":1,"name":"P\u00e1gina Inicial","item":"https:\/\/noticiaempauta.com\/portal\/"},{"@type":"ListItem","position":2,"name":"Destaques","item":"https:\/\/noticiaempauta.com\/portal\/destaques-site\/"},{"@type":"ListItem","position":3,"name":"Educa\u00e7\u00e3o de Massap\u00ea do Piau\u00ed participa de capacita\u00e7\u00e3o sobre planejamento para educa\u00e7\u00e3o inclusiva"}]},{"@type":"WebSite","@id":"https:\/\/noticiaempauta.com\/portal\/#website","url":"https:\/\/noticiaempauta.com\/portal\/","name":"Portal Not\u00edcia em Pauta","description":"Voc\u00ea bem informado","publisher":{"@id":"https:\/\/noticiaempauta.com\/portal\/#organization"},"potentialAction":[{"@type":"SearchAction","target":{"@type":"EntryPoint","urlTemplate":"https:\/\/noticiaempauta.com\/portal\/?s={search_term_string}"},"query-input":{"@type":"PropertyValueSpecification","valueRequired":true,"valueName":"search_term_string"}}],"inLanguage":"pt-BR"},{"@type":"Organization","@id":"https:\/\/noticiaempauta.com\/portal\/#organization","name":"Portal Not\u00edcia em Pauta","url":"https:\/\/noticiaempauta.com\/portal\/","logo":{"@type":"ImageObject","inLanguage":"pt-BR","@id":"https:\/\/noticiaempauta.com\/portal\/#\/schema\/logo\/image\/","url":"https:\/\/noticiaempauta.com\/portal\/wp-content\/uploads\/2022\/08\/logomarca_tema.fw_.png","contentUrl":"https:\/\/noticiaempauta.com\/portal\/wp-content\/uploads\/2022\/08\/logomarca_tema.fw_.png","width":400,"height":232,"caption":"Portal Not\u00edcia em Pauta"},"image":{"@id":"https:\/\/noticiaempauta.com\/portal\/#\/schema\/logo\/image\/"},"sameAs":["https:\/\/www.facebook.com\/Portal-Notcia-Em-Pauta-102292869264820\/","https:\/\/www.instagram.com\/portalnoticiaempauta\/"]},{"@type":"Person","@id":"https:\/\/noticiaempauta.com\/portal\/#\/schema\/person\/a74af43dd1ab3deca45f988c717d57ac","name":"Reda\u00e7\u00e3o","image":{"@type":"ImageObject","inLanguage":"pt-BR","@id":"https:\/\/noticiaempauta.com\/portal\/#\/schema\/person\/image\/","url":"https:\/\/secure.gravatar.com\/avatar\/03179346ecce6cdfc13361603e8f54242a90e5cde8618fa23c5c00aa2b0aadf3?s=96&d=mm&r=g","contentUrl":"https:\/\/secure.gravatar.com\/avatar\/03179346ecce6cdfc13361603e8f54242a90e5cde8618fa23c5c00aa2b0aadf3?s=96&d=mm&r=g","caption":"Reda\u00e7\u00e3o"},"sameAs":["https:\/\/noticiaempauta.com\/portal\/"],"url":"https:\/\/noticiaempauta.com\/portal\/author\/fernando\/"}]}},"_links":{"self":[{"href":"https:\/\/noticiaempauta.com\/portal\/wp-json\/wp\/v2\/posts\/285745","targetHints":{"allow":["GET"]}}],"collection":[{"href":"https:\/\/noticiaempauta.com\/portal\/wp-json\/wp\/v2\/posts"}],"about":[{"href":"https:\/\/noticiaempauta.com\/portal\/wp-json\/wp\/v2\/types\/post"}],"author":[{"embeddable":true,"href":"https:\/\/noticiaempauta.com\/portal\/wp-json\/wp\/v2\/users\/2"}],"replies":[{"embeddable":true,"href":"https:\/\/noticiaempauta.com\/portal\/wp-json\/wp\/v2\/comments?post=285745"}],"version-history":[{"count":2,"href":"https:\/\/noticiaempauta.com\/portal\/wp-json\/wp\/v2\/posts\/285745\/revisions"}],"predecessor-version":[{"id":285752,"href":"https:\/\/noticiaempauta.com\/portal\/wp-json\/wp\/v2\/posts\/285745\/revisions\/285752"}],"wp:featuredmedia":[{"embeddable":true,"href":"https:\/\/noticiaempauta.com\/portal\/wp-json\/wp\/v2\/media\/285747"}],"wp:attachment":[{"href":"https:\/\/noticiaempauta.com\/portal\/wp-json\/wp\/v2\/media?parent=285745"}],"wp:term":[{"taxonomy":"category","embeddable":true,"href":"https:\/\/noticiaempauta.com\/portal\/wp-json\/wp\/v2\/categories?post=285745"},{"taxonomy":"post_tag","embeddable":true,"href":"https:\/\/noticiaempauta.com\/portal\/wp-json\/wp\/v2\/tags?post=285745"}],"curies":[{"name":"wp","href":"https:\/\/api.w.org\/{rel}","templated":true}]}}