{"id":285762,"date":"2026-02-26T09:54:31","date_gmt":"2026-02-26T12:54:31","guid":{"rendered":"https:\/\/noticiaempauta.com\/portal\/?p=285762"},"modified":"2026-02-26T09:54:32","modified_gmt":"2026-02-26T12:54:32","slug":"prefeitura-de-picos-implementara-tarifa-do-lixo-para-cumprir-lei-federal-e-evitar-sancoes","status":"publish","type":"post","link":"https:\/\/noticiaempauta.com\/portal\/prefeitura-de-picos-implementara-tarifa-do-lixo-para-cumprir-lei-federal-e-evitar-sancoes\/","title":{"rendered":"Prefeitura de Picos implementar\u00e1 Tarifa do Lixo para cumprir Lei Federal e evitar san\u00e7\u00f5es"},"content":{"rendered":"\n<p>O secret\u00e1rio municipal de Finan\u00e7as de Picos, J\u00falio C\u00e9sar, confirmou a implementa\u00e7\u00e3o, por parte da Prefeitura, da Tarifa de Manejo de Res\u00edduos S\u00f3lidos, popularmente conhecida como \u201cTarifa do Lixo\u201d, com in\u00edcio da cobran\u00e7a previsto para este ano.<\/p>\n\n\n\n<figure class=\"wp-block-image size-full\"><img fetchpriority=\"high\" decoding=\"async\" width=\"640\" height=\"475\" src=\"https:\/\/noticiaempauta.com\/portal\/wp-content\/uploads\/2026\/02\/LIXO.jpg.webp\" alt=\"\" class=\"wp-image-285763\" srcset=\"https:\/\/noticiaempauta.com\/portal\/wp-content\/uploads\/2026\/02\/LIXO.jpg.webp 640w, https:\/\/noticiaempauta.com\/portal\/wp-content\/uploads\/2026\/02\/LIXO.jpg-300x223.webp 300w\" sizes=\"(max-width: 640px) 100vw, 640px\" \/><figcaption class=\"wp-element-caption\"><em>Cobran\u00e7a ser\u00e1 realizada de forma integrada ao Carn\u00ea do IPTU.<\/em><\/figcaption><\/figure>\n\n\n\n<p>J\u00falio C\u00e9sar explicou que a implementa\u00e7\u00e3o da referida taxa obedece a uma exig\u00eancia imposta pela Lei Federal n\u00ba 14.026\/2020 (Novo Marco do Saneamento B\u00e1sico) refor\u00e7ada por diretrizes do TCE-PI (Tribunal de Contas do Estado do Piau\u00ed).<\/p>\n\n\n\n<p>Ainda segundo o Secret\u00e1rio de Finan\u00e7as, a cobran\u00e7a tornou-se obrigat\u00f3ria para todos os munic\u00edpios brasileiros.<\/p>\n\n\n\n<p>\u201cO descumprimento da norma pode ser enquadrado como crime de responsabilidade fiscal, uma vez que a n\u00e3o arrecada\u00e7\u00e3o configura ren\u00fancia de receita sem amparo legal\u201d, pontuou, acrescentando que o n\u00e3o cumprimento da determina\u00e7\u00e3o acarretar\u00e1 em san\u00e7\u00f5es para o Pal\u00e1cio Coelho Rodrigues, entre as quais o n\u00e3o recebimento de recursos oriundos do Governo Federal e do Governo Estadual.<\/p>\n\n\n\n<p>De acordo com o gestor, a nova Legisla\u00e7\u00e3o visa garantir que os munic\u00edpios tenham recursos pr\u00f3prios para custear a coleta, o transporte e a destina\u00e7\u00e3o final dos res\u00edduos.<\/p>\n\n\n\n<p>Ele tamb\u00e9m informou que atualmente o lixo produzido nas zonas urbana e rural do munic\u00edpio picoense \u00e9 levado para um aterro sanit\u00e1rio na cidade de Francisco Santos, gerando custos operacionais elevados que, at\u00e9 ent\u00e3o, eram custeados integralmente pelo Tesouro Municipal.<\/p>\n\n\n\n<p>\u201cA cobran\u00e7a tem por objetivo permitir uma melhora na presta\u00e7\u00e3o dos servi\u00e7os e o recurso arrecadado dever\u00e1 ser empregado exclusivamente nesta finalidade\u201d, frisou o secret\u00e1rio.<\/p>\n\n\n\n<p>Para regulamentar a cobran\u00e7a da \u201cTaxa do Lixo\u201d em Picos foi publicada a Lei Complementar n\u00ba 3.471\/2025, onde consta na mesma que o custo do servi\u00e7o ser\u00e1 rateado entre os moradores e a cobran\u00e7a ser\u00e1 realizada de forma integrada ao Carn\u00ea do IPTU (Imposto Predial e Territorial Urbano).<\/p>\n\n\n\n<p>\u201cCaso o munic\u00edpio se recusasse a instituir a taxa, sofreria a suspens\u00e3o de repasses de verbas federais e estaduais, inviabilizando outros servi\u00e7os p\u00fablicos essenciais\u201d, finalizou J\u00falio C\u00e9sar.<\/p>\n\n\n\n<p>SECOM<\/p>\n","protected":false},"excerpt":{"rendered":"<p>O secret\u00e1rio municipal de Finan\u00e7as de Picos, J\u00falio C\u00e9sar, confirmou a implementa\u00e7\u00e3o, por parte da Prefeitura, da Tarifa de Manejo de Res\u00edduos S\u00f3lidos, popularmente conhecida como \u201cTarifa do Lixo\u201d, com in\u00edcio da cobran\u00e7a previsto para este ano. J\u00falio C\u00e9sar explicou que a implementa\u00e7\u00e3o da referida taxa obedece a uma exig\u00eancia imposta pela Lei Federal n\u00ba [&hellip;]<\/p>\n","protected":false},"author":2,"featured_media":285763,"comment_status":"closed","ping_status":"closed","sticky":false,"template":"","format":"standard","meta":{"_mi_skip_tracking":false,"footnotes":""},"categories":[25,1,16],"tags":[],"class_list":["post-285762","post","type-post","status-publish","format-standard","has-post-thumbnail","hentry","category-destaques-site","category-geral","category-todas"],"acf":[],"yoast_head":"<!-- This site is optimized with the Yoast SEO Premium plugin v19.2 (Yoast SEO v26.9) - https:\/\/yoast.com\/product\/yoast-seo-premium-wordpress\/ -->\n<title>Prefeitura de Picos implementar\u00e1 Tarifa do Lixo para cumprir Lei Federal e evitar san\u00e7\u00f5es - Portal Not\u00edcia em Pauta<\/title>\n<meta name=\"robots\" content=\"index, follow, max-snippet:-1, max-image-preview:large, max-video-preview:-1\" \/>\n<link rel=\"canonical\" href=\"https:\/\/noticiaempauta.com\/portal\/prefeitura-de-picos-implementara-tarifa-do-lixo-para-cumprir-lei-federal-e-evitar-sancoes\/\" \/>\n<meta property=\"og:locale\" content=\"pt_BR\" \/>\n<meta property=\"og:type\" content=\"article\" \/>\n<meta property=\"og:title\" content=\"Prefeitura de Picos implementar\u00e1 Tarifa do Lixo para cumprir Lei Federal e evitar san\u00e7\u00f5es\" \/>\n<meta property=\"og:description\" content=\"O secret\u00e1rio municipal de Finan\u00e7as de Picos, J\u00falio C\u00e9sar, confirmou a implementa\u00e7\u00e3o, por parte da Prefeitura, da Tarifa de Manejo de Res\u00edduos S\u00f3lidos, popularmente conhecida como \u201cTarifa do Lixo\u201d, com in\u00edcio da cobran\u00e7a previsto para este ano. J\u00falio C\u00e9sar explicou que a implementa\u00e7\u00e3o da referida taxa obedece a uma exig\u00eancia imposta pela Lei Federal n\u00ba [&hellip;]\" \/>\n<meta property=\"og:url\" content=\"https:\/\/noticiaempauta.com\/portal\/prefeitura-de-picos-implementara-tarifa-do-lixo-para-cumprir-lei-federal-e-evitar-sancoes\/\" \/>\n<meta property=\"og:site_name\" content=\"Portal Not\u00edcia em Pauta\" \/>\n<meta property=\"article:publisher\" content=\"https:\/\/www.facebook.com\/Portal-Notcia-Em-Pauta-102292869264820\/\" \/>\n<meta property=\"article:published_time\" content=\"2026-02-26T12:54:31+00:00\" \/>\n<meta property=\"article:modified_time\" content=\"2026-02-26T12:54:32+00:00\" \/>\n<meta property=\"og:image\" content=\"https:\/\/noticiaempauta.com\/portal\/wp-content\/uploads\/2026\/02\/LIXO.jpg.webp\" \/>\n\t<meta property=\"og:image:width\" content=\"640\" \/>\n\t<meta property=\"og:image:height\" content=\"475\" \/>\n\t<meta property=\"og:image:type\" content=\"image\/webp\" \/>\n<meta name=\"author\" content=\"Reda\u00e7\u00e3o\" \/>\n<meta name=\"twitter:card\" content=\"summary_large_image\" \/>\n<meta name=\"twitter:label1\" content=\"Escrito por\" \/>\n\t<meta name=\"twitter:data1\" content=\"Reda\u00e7\u00e3o\" \/>\n\t<meta name=\"twitter:label2\" content=\"Est. tempo de leitura\" \/>\n\t<meta name=\"twitter:data2\" content=\"3 minutos\" \/>\n<script type=\"application\/ld+json\" class=\"yoast-schema-graph\">{\"@context\":\"https:\/\/schema.org\",\"@graph\":[{\"@type\":\"Article\",\"@id\":\"https:\/\/noticiaempauta.com\/portal\/prefeitura-de-picos-implementara-tarifa-do-lixo-para-cumprir-lei-federal-e-evitar-sancoes\/#article\",\"isPartOf\":{\"@id\":\"https:\/\/noticiaempauta.com\/portal\/prefeitura-de-picos-implementara-tarifa-do-lixo-para-cumprir-lei-federal-e-evitar-sancoes\/\"},\"author\":{\"name\":\"Reda\u00e7\u00e3o\",\"@id\":\"https:\/\/noticiaempauta.com\/portal\/#\/schema\/person\/a74af43dd1ab3deca45f988c717d57ac\"},\"headline\":\"Prefeitura de Picos implementar\u00e1 Tarifa do Lixo para cumprir Lei Federal e evitar san\u00e7\u00f5es\",\"datePublished\":\"2026-02-26T12:54:31+00:00\",\"dateModified\":\"2026-02-26T12:54:32+00:00\",\"mainEntityOfPage\":{\"@id\":\"https:\/\/noticiaempauta.com\/portal\/prefeitura-de-picos-implementara-tarifa-do-lixo-para-cumprir-lei-federal-e-evitar-sancoes\/\"},\"wordCount\":387,\"publisher\":{\"@id\":\"https:\/\/noticiaempauta.com\/portal\/#organization\"},\"image\":{\"@id\":\"https:\/\/noticiaempauta.com\/portal\/prefeitura-de-picos-implementara-tarifa-do-lixo-para-cumprir-lei-federal-e-evitar-sancoes\/#primaryimage\"},\"thumbnailUrl\":\"https:\/\/noticiaempauta.com\/portal\/wp-content\/uploads\/2026\/02\/LIXO.jpg.webp\",\"articleSection\":[\"Destaques\",\"Geral\",\"Todas as Not\u00edcias\"],\"inLanguage\":\"pt-BR\"},{\"@type\":\"WebPage\",\"@id\":\"https:\/\/noticiaempauta.com\/portal\/prefeitura-de-picos-implementara-tarifa-do-lixo-para-cumprir-lei-federal-e-evitar-sancoes\/\",\"url\":\"https:\/\/noticiaempauta.com\/portal\/prefeitura-de-picos-implementara-tarifa-do-lixo-para-cumprir-lei-federal-e-evitar-sancoes\/\",\"name\":\"Prefeitura de Picos implementar\u00e1 Tarifa do Lixo para cumprir Lei Federal e evitar san\u00e7\u00f5es - Portal Not\u00edcia em Pauta\",\"isPartOf\":{\"@id\":\"https:\/\/noticiaempauta.com\/portal\/#website\"},\"primaryImageOfPage\":{\"@id\":\"https:\/\/noticiaempauta.com\/portal\/prefeitura-de-picos-implementara-tarifa-do-lixo-para-cumprir-lei-federal-e-evitar-sancoes\/#primaryimage\"},\"image\":{\"@id\":\"https:\/\/noticiaempauta.com\/portal\/prefeitura-de-picos-implementara-tarifa-do-lixo-para-cumprir-lei-federal-e-evitar-sancoes\/#primaryimage\"},\"thumbnailUrl\":\"https:\/\/noticiaempauta.com\/portal\/wp-content\/uploads\/2026\/02\/LIXO.jpg.webp\",\"datePublished\":\"2026-02-26T12:54:31+00:00\",\"dateModified\":\"2026-02-26T12:54:32+00:00\",\"breadcrumb\":{\"@id\":\"https:\/\/noticiaempauta.com\/portal\/prefeitura-de-picos-implementara-tarifa-do-lixo-para-cumprir-lei-federal-e-evitar-sancoes\/#breadcrumb\"},\"inLanguage\":\"pt-BR\",\"potentialAction\":[{\"@type\":\"ReadAction\",\"target\":[\"https:\/\/noticiaempauta.com\/portal\/prefeitura-de-picos-implementara-tarifa-do-lixo-para-cumprir-lei-federal-e-evitar-sancoes\/\"]}]},{\"@type\":\"ImageObject\",\"inLanguage\":\"pt-BR\",\"@id\":\"https:\/\/noticiaempauta.com\/portal\/prefeitura-de-picos-implementara-tarifa-do-lixo-para-cumprir-lei-federal-e-evitar-sancoes\/#primaryimage\",\"url\":\"https:\/\/noticiaempauta.com\/portal\/wp-content\/uploads\/2026\/02\/LIXO.jpg.webp\",\"contentUrl\":\"https:\/\/noticiaempauta.com\/portal\/wp-content\/uploads\/2026\/02\/LIXO.jpg.webp\",\"width\":640,\"height\":475},{\"@type\":\"BreadcrumbList\",\"@id\":\"https:\/\/noticiaempauta.com\/portal\/prefeitura-de-picos-implementara-tarifa-do-lixo-para-cumprir-lei-federal-e-evitar-sancoes\/#breadcrumb\",\"itemListElement\":[{\"@type\":\"ListItem\",\"position\":1,\"name\":\"P\u00e1gina Inicial\",\"item\":\"https:\/\/noticiaempauta.com\/portal\/\"},{\"@type\":\"ListItem\",\"position\":2,\"name\":\"Destaques\",\"item\":\"https:\/\/noticiaempauta.com\/portal\/destaques-site\/\"},{\"@type\":\"ListItem\",\"position\":3,\"name\":\"Prefeitura de Picos implementar\u00e1 Tarifa do Lixo para cumprir Lei Federal e evitar san\u00e7\u00f5es\"}]},{\"@type\":\"WebSite\",\"@id\":\"https:\/\/noticiaempauta.com\/portal\/#website\",\"url\":\"https:\/\/noticiaempauta.com\/portal\/\",\"name\":\"Portal Not\u00edcia em Pauta\",\"description\":\"Voc\u00ea bem informado\",\"publisher\":{\"@id\":\"https:\/\/noticiaempauta.com\/portal\/#organization\"},\"potentialAction\":[{\"@type\":\"SearchAction\",\"target\":{\"@type\":\"EntryPoint\",\"urlTemplate\":\"https:\/\/noticiaempauta.com\/portal\/?s={search_term_string}\"},\"query-input\":{\"@type\":\"PropertyValueSpecification\",\"valueRequired\":true,\"valueName\":\"search_term_string\"}}],\"inLanguage\":\"pt-BR\"},{\"@type\":\"Organization\",\"@id\":\"https:\/\/noticiaempauta.com\/portal\/#organization\",\"name\":\"Portal Not\u00edcia em Pauta\",\"url\":\"https:\/\/noticiaempauta.com\/portal\/\",\"logo\":{\"@type\":\"ImageObject\",\"inLanguage\":\"pt-BR\",\"@id\":\"https:\/\/noticiaempauta.com\/portal\/#\/schema\/logo\/image\/\",\"url\":\"https:\/\/noticiaempauta.com\/portal\/wp-content\/uploads\/2022\/08\/logomarca_tema.fw_.png\",\"contentUrl\":\"https:\/\/noticiaempauta.com\/portal\/wp-content\/uploads\/2022\/08\/logomarca_tema.fw_.png\",\"width\":400,\"height\":232,\"caption\":\"Portal Not\u00edcia em Pauta\"},\"image\":{\"@id\":\"https:\/\/noticiaempauta.com\/portal\/#\/schema\/logo\/image\/\"},\"sameAs\":[\"https:\/\/www.facebook.com\/Portal-Notcia-Em-Pauta-102292869264820\/\",\"https:\/\/www.instagram.com\/portalnoticiaempauta\/\"]},{\"@type\":\"Person\",\"@id\":\"https:\/\/noticiaempauta.com\/portal\/#\/schema\/person\/a74af43dd1ab3deca45f988c717d57ac\",\"name\":\"Reda\u00e7\u00e3o\",\"image\":{\"@type\":\"ImageObject\",\"inLanguage\":\"pt-BR\",\"@id\":\"https:\/\/noticiaempauta.com\/portal\/#\/schema\/person\/image\/\",\"url\":\"https:\/\/secure.gravatar.com\/avatar\/03179346ecce6cdfc13361603e8f54242a90e5cde8618fa23c5c00aa2b0aadf3?s=96&d=mm&r=g\",\"contentUrl\":\"https:\/\/secure.gravatar.com\/avatar\/03179346ecce6cdfc13361603e8f54242a90e5cde8618fa23c5c00aa2b0aadf3?s=96&d=mm&r=g\",\"caption\":\"Reda\u00e7\u00e3o\"},\"sameAs\":[\"https:\/\/noticiaempauta.com\/portal\/\"],\"url\":\"https:\/\/noticiaempauta.com\/portal\/author\/fernando\/\"}]}<\/script>\n<!-- \/ Yoast SEO Premium plugin. -->","yoast_head_json":{"title":"Prefeitura de Picos implementar\u00e1 Tarifa do Lixo para cumprir Lei Federal e evitar san\u00e7\u00f5es - Portal Not\u00edcia em Pauta","robots":{"index":"index","follow":"follow","max-snippet":"max-snippet:-1","max-image-preview":"max-image-preview:large","max-video-preview":"max-video-preview:-1"},"canonical":"https:\/\/noticiaempauta.com\/portal\/prefeitura-de-picos-implementara-tarifa-do-lixo-para-cumprir-lei-federal-e-evitar-sancoes\/","og_locale":"pt_BR","og_type":"article","og_title":"Prefeitura de Picos implementar\u00e1 Tarifa do Lixo para cumprir Lei Federal e evitar san\u00e7\u00f5es","og_description":"O secret\u00e1rio municipal de Finan\u00e7as de Picos, J\u00falio C\u00e9sar, confirmou a implementa\u00e7\u00e3o, por parte da Prefeitura, da Tarifa de Manejo de Res\u00edduos S\u00f3lidos, popularmente conhecida como \u201cTarifa do Lixo\u201d, com in\u00edcio da cobran\u00e7a previsto para este ano. J\u00falio C\u00e9sar explicou que a implementa\u00e7\u00e3o da referida taxa obedece a uma exig\u00eancia imposta pela Lei Federal n\u00ba [&hellip;]","og_url":"https:\/\/noticiaempauta.com\/portal\/prefeitura-de-picos-implementara-tarifa-do-lixo-para-cumprir-lei-federal-e-evitar-sancoes\/","og_site_name":"Portal Not\u00edcia em Pauta","article_publisher":"https:\/\/www.facebook.com\/Portal-Notcia-Em-Pauta-102292869264820\/","article_published_time":"2026-02-26T12:54:31+00:00","article_modified_time":"2026-02-26T12:54:32+00:00","og_image":[{"width":640,"height":475,"url":"https:\/\/noticiaempauta.com\/portal\/wp-content\/uploads\/2026\/02\/LIXO.jpg.webp","type":"image\/webp"}],"author":"Reda\u00e7\u00e3o","twitter_card":"summary_large_image","twitter_misc":{"Escrito por":"Reda\u00e7\u00e3o","Est. tempo de leitura":"3 minutos"},"schema":{"@context":"https:\/\/schema.org","@graph":[{"@type":"Article","@id":"https:\/\/noticiaempauta.com\/portal\/prefeitura-de-picos-implementara-tarifa-do-lixo-para-cumprir-lei-federal-e-evitar-sancoes\/#article","isPartOf":{"@id":"https:\/\/noticiaempauta.com\/portal\/prefeitura-de-picos-implementara-tarifa-do-lixo-para-cumprir-lei-federal-e-evitar-sancoes\/"},"author":{"name":"Reda\u00e7\u00e3o","@id":"https:\/\/noticiaempauta.com\/portal\/#\/schema\/person\/a74af43dd1ab3deca45f988c717d57ac"},"headline":"Prefeitura de Picos implementar\u00e1 Tarifa do Lixo para cumprir Lei Federal e evitar san\u00e7\u00f5es","datePublished":"2026-02-26T12:54:31+00:00","dateModified":"2026-02-26T12:54:32+00:00","mainEntityOfPage":{"@id":"https:\/\/noticiaempauta.com\/portal\/prefeitura-de-picos-implementara-tarifa-do-lixo-para-cumprir-lei-federal-e-evitar-sancoes\/"},"wordCount":387,"publisher":{"@id":"https:\/\/noticiaempauta.com\/portal\/#organization"},"image":{"@id":"https:\/\/noticiaempauta.com\/portal\/prefeitura-de-picos-implementara-tarifa-do-lixo-para-cumprir-lei-federal-e-evitar-sancoes\/#primaryimage"},"thumbnailUrl":"https:\/\/noticiaempauta.com\/portal\/wp-content\/uploads\/2026\/02\/LIXO.jpg.webp","articleSection":["Destaques","Geral","Todas as Not\u00edcias"],"inLanguage":"pt-BR"},{"@type":"WebPage","@id":"https:\/\/noticiaempauta.com\/portal\/prefeitura-de-picos-implementara-tarifa-do-lixo-para-cumprir-lei-federal-e-evitar-sancoes\/","url":"https:\/\/noticiaempauta.com\/portal\/prefeitura-de-picos-implementara-tarifa-do-lixo-para-cumprir-lei-federal-e-evitar-sancoes\/","name":"Prefeitura de Picos implementar\u00e1 Tarifa do Lixo para cumprir Lei Federal e evitar san\u00e7\u00f5es - Portal Not\u00edcia em Pauta","isPartOf":{"@id":"https:\/\/noticiaempauta.com\/portal\/#website"},"primaryImageOfPage":{"@id":"https:\/\/noticiaempauta.com\/portal\/prefeitura-de-picos-implementara-tarifa-do-lixo-para-cumprir-lei-federal-e-evitar-sancoes\/#primaryimage"},"image":{"@id":"https:\/\/noticiaempauta.com\/portal\/prefeitura-de-picos-implementara-tarifa-do-lixo-para-cumprir-lei-federal-e-evitar-sancoes\/#primaryimage"},"thumbnailUrl":"https:\/\/noticiaempauta.com\/portal\/wp-content\/uploads\/2026\/02\/LIXO.jpg.webp","datePublished":"2026-02-26T12:54:31+00:00","dateModified":"2026-02-26T12:54:32+00:00","breadcrumb":{"@id":"https:\/\/noticiaempauta.com\/portal\/prefeitura-de-picos-implementara-tarifa-do-lixo-para-cumprir-lei-federal-e-evitar-sancoes\/#breadcrumb"},"inLanguage":"pt-BR","potentialAction":[{"@type":"ReadAction","target":["https:\/\/noticiaempauta.com\/portal\/prefeitura-de-picos-implementara-tarifa-do-lixo-para-cumprir-lei-federal-e-evitar-sancoes\/"]}]},{"@type":"ImageObject","inLanguage":"pt-BR","@id":"https:\/\/noticiaempauta.com\/portal\/prefeitura-de-picos-implementara-tarifa-do-lixo-para-cumprir-lei-federal-e-evitar-sancoes\/#primaryimage","url":"https:\/\/noticiaempauta.com\/portal\/wp-content\/uploads\/2026\/02\/LIXO.jpg.webp","contentUrl":"https:\/\/noticiaempauta.com\/portal\/wp-content\/uploads\/2026\/02\/LIXO.jpg.webp","width":640,"height":475},{"@type":"BreadcrumbList","@id":"https:\/\/noticiaempauta.com\/portal\/prefeitura-de-picos-implementara-tarifa-do-lixo-para-cumprir-lei-federal-e-evitar-sancoes\/#breadcrumb","itemListElement":[{"@type":"ListItem","position":1,"name":"P\u00e1gina Inicial","item":"https:\/\/noticiaempauta.com\/portal\/"},{"@type":"ListItem","position":2,"name":"Destaques","item":"https:\/\/noticiaempauta.com\/portal\/destaques-site\/"},{"@type":"ListItem","position":3,"name":"Prefeitura de Picos implementar\u00e1 Tarifa do Lixo para cumprir Lei Federal e evitar san\u00e7\u00f5es"}]},{"@type":"WebSite","@id":"https:\/\/noticiaempauta.com\/portal\/#website","url":"https:\/\/noticiaempauta.com\/portal\/","name":"Portal Not\u00edcia em Pauta","description":"Voc\u00ea bem informado","publisher":{"@id":"https:\/\/noticiaempauta.com\/portal\/#organization"},"potentialAction":[{"@type":"SearchAction","target":{"@type":"EntryPoint","urlTemplate":"https:\/\/noticiaempauta.com\/portal\/?s={search_term_string}"},"query-input":{"@type":"PropertyValueSpecification","valueRequired":true,"valueName":"search_term_string"}}],"inLanguage":"pt-BR"},{"@type":"Organization","@id":"https:\/\/noticiaempauta.com\/portal\/#organization","name":"Portal Not\u00edcia em Pauta","url":"https:\/\/noticiaempauta.com\/portal\/","logo":{"@type":"ImageObject","inLanguage":"pt-BR","@id":"https:\/\/noticiaempauta.com\/portal\/#\/schema\/logo\/image\/","url":"https:\/\/noticiaempauta.com\/portal\/wp-content\/uploads\/2022\/08\/logomarca_tema.fw_.png","contentUrl":"https:\/\/noticiaempauta.com\/portal\/wp-content\/uploads\/2022\/08\/logomarca_tema.fw_.png","width":400,"height":232,"caption":"Portal Not\u00edcia em Pauta"},"image":{"@id":"https:\/\/noticiaempauta.com\/portal\/#\/schema\/logo\/image\/"},"sameAs":["https:\/\/www.facebook.com\/Portal-Notcia-Em-Pauta-102292869264820\/","https:\/\/www.instagram.com\/portalnoticiaempauta\/"]},{"@type":"Person","@id":"https:\/\/noticiaempauta.com\/portal\/#\/schema\/person\/a74af43dd1ab3deca45f988c717d57ac","name":"Reda\u00e7\u00e3o","image":{"@type":"ImageObject","inLanguage":"pt-BR","@id":"https:\/\/noticiaempauta.com\/portal\/#\/schema\/person\/image\/","url":"https:\/\/secure.gravatar.com\/avatar\/03179346ecce6cdfc13361603e8f54242a90e5cde8618fa23c5c00aa2b0aadf3?s=96&d=mm&r=g","contentUrl":"https:\/\/secure.gravatar.com\/avatar\/03179346ecce6cdfc13361603e8f54242a90e5cde8618fa23c5c00aa2b0aadf3?s=96&d=mm&r=g","caption":"Reda\u00e7\u00e3o"},"sameAs":["https:\/\/noticiaempauta.com\/portal\/"],"url":"https:\/\/noticiaempauta.com\/portal\/author\/fernando\/"}]}},"_links":{"self":[{"href":"https:\/\/noticiaempauta.com\/portal\/wp-json\/wp\/v2\/posts\/285762","targetHints":{"allow":["GET"]}}],"collection":[{"href":"https:\/\/noticiaempauta.com\/portal\/wp-json\/wp\/v2\/posts"}],"about":[{"href":"https:\/\/noticiaempauta.com\/portal\/wp-json\/wp\/v2\/types\/post"}],"author":[{"embeddable":true,"href":"https:\/\/noticiaempauta.com\/portal\/wp-json\/wp\/v2\/users\/2"}],"replies":[{"embeddable":true,"href":"https:\/\/noticiaempauta.com\/portal\/wp-json\/wp\/v2\/comments?post=285762"}],"version-history":[{"count":2,"href":"https:\/\/noticiaempauta.com\/portal\/wp-json\/wp\/v2\/posts\/285762\/revisions"}],"predecessor-version":[{"id":285765,"href":"https:\/\/noticiaempauta.com\/portal\/wp-json\/wp\/v2\/posts\/285762\/revisions\/285765"}],"wp:featuredmedia":[{"embeddable":true,"href":"https:\/\/noticiaempauta.com\/portal\/wp-json\/wp\/v2\/media\/285763"}],"wp:attachment":[{"href":"https:\/\/noticiaempauta.com\/portal\/wp-json\/wp\/v2\/media?parent=285762"}],"wp:term":[{"taxonomy":"category","embeddable":true,"href":"https:\/\/noticiaempauta.com\/portal\/wp-json\/wp\/v2\/categories?post=285762"},{"taxonomy":"post_tag","embeddable":true,"href":"https:\/\/noticiaempauta.com\/portal\/wp-json\/wp\/v2\/tags?post=285762"}],"curies":[{"name":"wp","href":"https:\/\/api.w.org\/{rel}","templated":true}]}}