{"id":285768,"date":"2026-02-26T11:33:11","date_gmt":"2026-02-26T14:33:11","guid":{"rendered":"https:\/\/noticiaempauta.com\/portal\/?p=285768"},"modified":"2026-02-26T11:33:13","modified_gmt":"2026-02-26T14:33:13","slug":"prefeito-marciano-macedo-cumpre-agenda-em-brasilia-e-fortalece-articulacao-em-busca-de-investimentos-para-aroeiras-do-itaim","status":"publish","type":"post","link":"https:\/\/noticiaempauta.com\/portal\/prefeito-marciano-macedo-cumpre-agenda-em-brasilia-e-fortalece-articulacao-em-busca-de-investimentos-para-aroeiras-do-itaim\/","title":{"rendered":"Prefeito Marciano Macedo cumpre agenda em Bras\u00edlia e fortalece articula\u00e7\u00e3o em busca de investimentos para Aroeiras do Itaim"},"content":{"rendered":"\n<p>O prefeito Marciano Mac\u00eado deu continuidade, nessa quarta-feira (25), \u00e0 sua agenda institucional em Bras\u00edlia, com uma s\u00e9rie de encontros estrat\u00e9gicos voltados ao fortalecimento do munic\u00edpio. Durante a programa\u00e7\u00e3o, o gestor municipal manteve di\u00e1logo com gestores p\u00fablicos, parlamentares e lideran\u00e7as pol\u00edticas, refor\u00e7ando pautas priorit\u00e1rias da administra\u00e7\u00e3o.<\/p>\n\n\n\n<figure class=\"wp-block-image size-full\"><img fetchpriority=\"high\" decoding=\"async\" width=\"955\" height=\"611\" src=\"https:\/\/noticiaempauta.com\/portal\/wp-content\/uploads\/2026\/02\/P40G-IMG-a03f8b0f0e20b1ac9a.webp\" alt=\"\" class=\"wp-image-285769\" srcset=\"https:\/\/noticiaempauta.com\/portal\/wp-content\/uploads\/2026\/02\/P40G-IMG-a03f8b0f0e20b1ac9a.webp 955w, https:\/\/noticiaempauta.com\/portal\/wp-content\/uploads\/2026\/02\/P40G-IMG-a03f8b0f0e20b1ac9a-300x192.webp 300w, https:\/\/noticiaempauta.com\/portal\/wp-content\/uploads\/2026\/02\/P40G-IMG-a03f8b0f0e20b1ac9a-768x491.webp 768w\" sizes=\"(max-width: 955px) 100vw, 955px\" \/><\/figure>\n\n\n\n<p>Entre os compromissos, o prefeito se reuniu com o senador Ciro Nogueira, ocasi\u00e3o em que foram discutidas demandas do munic\u00edpio e a import\u00e2ncia da articula\u00e7\u00e3o interfederativa \u2014 coopera\u00e7\u00e3o entre Uni\u00e3o, Estado e Munic\u00edpio \u2014 como instrumento essencial para a viabiliza\u00e7\u00e3o de pol\u00edticas p\u00fablicas e investimentos.<\/p>\n\n\n\n<figure class=\"wp-block-image size-full\"><img decoding=\"async\" width=\"957\" height=\"821\" src=\"https:\/\/noticiaempauta.com\/portal\/wp-content\/uploads\/2026\/02\/61200057-d220-497d-8586-3feeabd803d01.webp\" alt=\"\" class=\"wp-image-285770\" srcset=\"https:\/\/noticiaempauta.com\/portal\/wp-content\/uploads\/2026\/02\/61200057-d220-497d-8586-3feeabd803d01.webp 957w, https:\/\/noticiaempauta.com\/portal\/wp-content\/uploads\/2026\/02\/61200057-d220-497d-8586-3feeabd803d01-300x257.webp 300w, https:\/\/noticiaempauta.com\/portal\/wp-content\/uploads\/2026\/02\/61200057-d220-497d-8586-3feeabd803d01-768x659.webp 768w\" sizes=\"(max-width: 957px) 100vw, 957px\" \/><\/figure>\n\n\n\n<p>\u201cEsse di\u00e1logo \u00e9 fundamental para que possamos avan\u00e7ar em projetos que impactam diretamente a vida da nossa popula\u00e7\u00e3o. Refor\u00e7amos nosso compromisso com uma gest\u00e3o respons\u00e1vel, que busca parcerias e apoio institucional para promover o desenvolvimento do munic\u00edpio\u201d, destacou o prefeito.<\/p>\n\n\n\n<figure class=\"wp-block-image size-large\"><img decoding=\"async\" width=\"1024\" height=\"768\" src=\"https:\/\/noticiaempauta.com\/portal\/wp-content\/uploads\/2026\/02\/d612d26f-b8bf-4322-90d9-dfd1e95cd1c51-1024x768.webp\" alt=\"\" class=\"wp-image-285771\" srcset=\"https:\/\/noticiaempauta.com\/portal\/wp-content\/uploads\/2026\/02\/d612d26f-b8bf-4322-90d9-dfd1e95cd1c51-1024x768.webp 1024w, https:\/\/noticiaempauta.com\/portal\/wp-content\/uploads\/2026\/02\/d612d26f-b8bf-4322-90d9-dfd1e95cd1c51-300x225.webp 300w, https:\/\/noticiaempauta.com\/portal\/wp-content\/uploads\/2026\/02\/d612d26f-b8bf-4322-90d9-dfd1e95cd1c51-768x576.webp 768w, https:\/\/noticiaempauta.com\/portal\/wp-content\/uploads\/2026\/02\/d612d26f-b8bf-4322-90d9-dfd1e95cd1c51.webp 1280w\" sizes=\"(max-width: 1024px) 100vw, 1024px\" \/><\/figure>\n\n\n\n<p>Ainda nessa quarta-feira, o gestor municipal tamb\u00e9m se encontrou com o ministro do Esporte, Andr\u00e9 Fufuca. Na ocasi\u00e3o, foram discutidas possibilidades de parcerias voltadas ao fortalecimento das pol\u00edticas p\u00fablicas de esporte, com foco na inclus\u00e3o social, incentivo \u00e0 pr\u00e1tica esportiva e amplia\u00e7\u00e3o de oportunidades para crian\u00e7as, jovens e atletas do munic\u00edpio.<\/p>\n\n\n\n<p>&#8220;O esporte \u00e9 uma ferramenta de transforma\u00e7\u00e3o social. Tivemos uma conversa muito produtiva, buscando parcerias que possibilitem novos investimentos e projetos para o esporte do nosso munic\u00edpio\u201d, completou o prefeito.<\/p>\n\n\n\n<p>A gest\u00e3o municipal segue fortalecendo o di\u00e1logo institucional e a coopera\u00e7\u00e3o entre os entes federados, reafirmando o compromisso com a\u00e7\u00f5es que resultem em melhorias concretas e mais qualidade de vida para a popula\u00e7\u00e3o.<\/p>\n","protected":false},"excerpt":{"rendered":"<p>O prefeito Marciano Mac\u00eado deu continuidade, nessa quarta-feira (25), \u00e0 sua agenda institucional em Bras\u00edlia, com uma s\u00e9rie de encontros estrat\u00e9gicos voltados ao fortalecimento do munic\u00edpio. Durante a programa\u00e7\u00e3o, o gestor municipal manteve di\u00e1logo com gestores p\u00fablicos, parlamentares e lideran\u00e7as pol\u00edticas, refor\u00e7ando pautas priorit\u00e1rias da administra\u00e7\u00e3o. Entre os compromissos, o prefeito se reuniu com o [&hellip;]<\/p>\n","protected":false},"author":2,"featured_media":285769,"comment_status":"closed","ping_status":"closed","sticky":false,"template":"","format":"standard","meta":{"_mi_skip_tracking":false,"footnotes":""},"categories":[1,9,16],"tags":[],"class_list":["post-285768","post","type-post","status-publish","format-standard","has-post-thumbnail","hentry","category-geral","category-municipios","category-todas"],"acf":[],"yoast_head":"<!-- This site is optimized with the Yoast SEO Premium plugin v19.2 (Yoast SEO v26.9) - https:\/\/yoast.com\/product\/yoast-seo-premium-wordpress\/ -->\n<title>Prefeito Marciano Macedo cumpre agenda em Bras\u00edlia e fortalece articula\u00e7\u00e3o em busca de investimentos para Aroeiras do Itaim - Portal Not\u00edcia em Pauta<\/title>\n<meta name=\"robots\" content=\"index, follow, max-snippet:-1, max-image-preview:large, max-video-preview:-1\" \/>\n<link rel=\"canonical\" href=\"https:\/\/noticiaempauta.com\/portal\/prefeito-marciano-macedo-cumpre-agenda-em-brasilia-e-fortalece-articulacao-em-busca-de-investimentos-para-aroeiras-do-itaim\/\" \/>\n<meta property=\"og:locale\" content=\"pt_BR\" \/>\n<meta property=\"og:type\" content=\"article\" \/>\n<meta property=\"og:title\" content=\"Prefeito Marciano Macedo cumpre agenda em Bras\u00edlia e fortalece articula\u00e7\u00e3o em busca de investimentos para Aroeiras do Itaim\" \/>\n<meta property=\"og:description\" content=\"O prefeito Marciano Mac\u00eado deu continuidade, nessa quarta-feira (25), \u00e0 sua agenda institucional em Bras\u00edlia, com uma s\u00e9rie de encontros estrat\u00e9gicos voltados ao fortalecimento do munic\u00edpio. Durante a programa\u00e7\u00e3o, o gestor municipal manteve di\u00e1logo com gestores p\u00fablicos, parlamentares e lideran\u00e7as pol\u00edticas, refor\u00e7ando pautas priorit\u00e1rias da administra\u00e7\u00e3o. Entre os compromissos, o prefeito se reuniu com o [&hellip;]\" \/>\n<meta property=\"og:url\" content=\"https:\/\/noticiaempauta.com\/portal\/prefeito-marciano-macedo-cumpre-agenda-em-brasilia-e-fortalece-articulacao-em-busca-de-investimentos-para-aroeiras-do-itaim\/\" \/>\n<meta property=\"og:site_name\" content=\"Portal Not\u00edcia em Pauta\" \/>\n<meta property=\"article:publisher\" content=\"https:\/\/www.facebook.com\/Portal-Notcia-Em-Pauta-102292869264820\/\" \/>\n<meta property=\"article:published_time\" content=\"2026-02-26T14:33:11+00:00\" \/>\n<meta property=\"article:modified_time\" content=\"2026-02-26T14:33:13+00:00\" \/>\n<meta property=\"og:image\" content=\"https:\/\/noticiaempauta.com\/portal\/wp-content\/uploads\/2026\/02\/P40G-IMG-a03f8b0f0e20b1ac9a.webp\" \/>\n\t<meta property=\"og:image:width\" content=\"955\" \/>\n\t<meta property=\"og:image:height\" content=\"611\" \/>\n\t<meta property=\"og:image:type\" content=\"image\/webp\" \/>\n<meta name=\"author\" content=\"Reda\u00e7\u00e3o\" \/>\n<meta name=\"twitter:card\" content=\"summary_large_image\" \/>\n<meta name=\"twitter:label1\" content=\"Escrito por\" \/>\n\t<meta name=\"twitter:data1\" content=\"Reda\u00e7\u00e3o\" \/>\n\t<meta name=\"twitter:label2\" content=\"Est. tempo de leitura\" \/>\n\t<meta name=\"twitter:data2\" content=\"3 minutos\" \/>\n<script type=\"application\/ld+json\" class=\"yoast-schema-graph\">{\"@context\":\"https:\/\/schema.org\",\"@graph\":[{\"@type\":\"Article\",\"@id\":\"https:\/\/noticiaempauta.com\/portal\/prefeito-marciano-macedo-cumpre-agenda-em-brasilia-e-fortalece-articulacao-em-busca-de-investimentos-para-aroeiras-do-itaim\/#article\",\"isPartOf\":{\"@id\":\"https:\/\/noticiaempauta.com\/portal\/prefeito-marciano-macedo-cumpre-agenda-em-brasilia-e-fortalece-articulacao-em-busca-de-investimentos-para-aroeiras-do-itaim\/\"},\"author\":{\"name\":\"Reda\u00e7\u00e3o\",\"@id\":\"https:\/\/noticiaempauta.com\/portal\/#\/schema\/person\/a74af43dd1ab3deca45f988c717d57ac\"},\"headline\":\"Prefeito Marciano Macedo cumpre agenda em Bras\u00edlia e fortalece articula\u00e7\u00e3o em busca de investimentos para Aroeiras do Itaim\",\"datePublished\":\"2026-02-26T14:33:11+00:00\",\"dateModified\":\"2026-02-26T14:33:13+00:00\",\"mainEntityOfPage\":{\"@id\":\"https:\/\/noticiaempauta.com\/portal\/prefeito-marciano-macedo-cumpre-agenda-em-brasilia-e-fortalece-articulacao-em-busca-de-investimentos-para-aroeiras-do-itaim\/\"},\"wordCount\":304,\"publisher\":{\"@id\":\"https:\/\/noticiaempauta.com\/portal\/#organization\"},\"image\":{\"@id\":\"https:\/\/noticiaempauta.com\/portal\/prefeito-marciano-macedo-cumpre-agenda-em-brasilia-e-fortalece-articulacao-em-busca-de-investimentos-para-aroeiras-do-itaim\/#primaryimage\"},\"thumbnailUrl\":\"https:\/\/noticiaempauta.com\/portal\/wp-content\/uploads\/2026\/02\/P40G-IMG-a03f8b0f0e20b1ac9a.webp\",\"articleSection\":[\"Geral\",\"Munic\u00edpios\",\"Todas as Not\u00edcias\"],\"inLanguage\":\"pt-BR\"},{\"@type\":\"WebPage\",\"@id\":\"https:\/\/noticiaempauta.com\/portal\/prefeito-marciano-macedo-cumpre-agenda-em-brasilia-e-fortalece-articulacao-em-busca-de-investimentos-para-aroeiras-do-itaim\/\",\"url\":\"https:\/\/noticiaempauta.com\/portal\/prefeito-marciano-macedo-cumpre-agenda-em-brasilia-e-fortalece-articulacao-em-busca-de-investimentos-para-aroeiras-do-itaim\/\",\"name\":\"Prefeito Marciano Macedo cumpre agenda em Bras\u00edlia e fortalece articula\u00e7\u00e3o em busca de investimentos para Aroeiras do Itaim - Portal Not\u00edcia em Pauta\",\"isPartOf\":{\"@id\":\"https:\/\/noticiaempauta.com\/portal\/#website\"},\"primaryImageOfPage\":{\"@id\":\"https:\/\/noticiaempauta.com\/portal\/prefeito-marciano-macedo-cumpre-agenda-em-brasilia-e-fortalece-articulacao-em-busca-de-investimentos-para-aroeiras-do-itaim\/#primaryimage\"},\"image\":{\"@id\":\"https:\/\/noticiaempauta.com\/portal\/prefeito-marciano-macedo-cumpre-agenda-em-brasilia-e-fortalece-articulacao-em-busca-de-investimentos-para-aroeiras-do-itaim\/#primaryimage\"},\"thumbnailUrl\":\"https:\/\/noticiaempauta.com\/portal\/wp-content\/uploads\/2026\/02\/P40G-IMG-a03f8b0f0e20b1ac9a.webp\",\"datePublished\":\"2026-02-26T14:33:11+00:00\",\"dateModified\":\"2026-02-26T14:33:13+00:00\",\"breadcrumb\":{\"@id\":\"https:\/\/noticiaempauta.com\/portal\/prefeito-marciano-macedo-cumpre-agenda-em-brasilia-e-fortalece-articulacao-em-busca-de-investimentos-para-aroeiras-do-itaim\/#breadcrumb\"},\"inLanguage\":\"pt-BR\",\"potentialAction\":[{\"@type\":\"ReadAction\",\"target\":[\"https:\/\/noticiaempauta.com\/portal\/prefeito-marciano-macedo-cumpre-agenda-em-brasilia-e-fortalece-articulacao-em-busca-de-investimentos-para-aroeiras-do-itaim\/\"]}]},{\"@type\":\"ImageObject\",\"inLanguage\":\"pt-BR\",\"@id\":\"https:\/\/noticiaempauta.com\/portal\/prefeito-marciano-macedo-cumpre-agenda-em-brasilia-e-fortalece-articulacao-em-busca-de-investimentos-para-aroeiras-do-itaim\/#primaryimage\",\"url\":\"https:\/\/noticiaempauta.com\/portal\/wp-content\/uploads\/2026\/02\/P40G-IMG-a03f8b0f0e20b1ac9a.webp\",\"contentUrl\":\"https:\/\/noticiaempauta.com\/portal\/wp-content\/uploads\/2026\/02\/P40G-IMG-a03f8b0f0e20b1ac9a.webp\",\"width\":955,\"height\":611},{\"@type\":\"BreadcrumbList\",\"@id\":\"https:\/\/noticiaempauta.com\/portal\/prefeito-marciano-macedo-cumpre-agenda-em-brasilia-e-fortalece-articulacao-em-busca-de-investimentos-para-aroeiras-do-itaim\/#breadcrumb\",\"itemListElement\":[{\"@type\":\"ListItem\",\"position\":1,\"name\":\"P\u00e1gina Inicial\",\"item\":\"https:\/\/noticiaempauta.com\/portal\/\"},{\"@type\":\"ListItem\",\"position\":2,\"name\":\"Geral\",\"item\":\"https:\/\/noticiaempauta.com\/portal\/geral\/\"},{\"@type\":\"ListItem\",\"position\":3,\"name\":\"Prefeito Marciano Macedo cumpre agenda em Bras\u00edlia e fortalece articula\u00e7\u00e3o em busca de investimentos para Aroeiras do Itaim\"}]},{\"@type\":\"WebSite\",\"@id\":\"https:\/\/noticiaempauta.com\/portal\/#website\",\"url\":\"https:\/\/noticiaempauta.com\/portal\/\",\"name\":\"Portal Not\u00edcia em Pauta\",\"description\":\"Voc\u00ea bem informado\",\"publisher\":{\"@id\":\"https:\/\/noticiaempauta.com\/portal\/#organization\"},\"potentialAction\":[{\"@type\":\"SearchAction\",\"target\":{\"@type\":\"EntryPoint\",\"urlTemplate\":\"https:\/\/noticiaempauta.com\/portal\/?s={search_term_string}\"},\"query-input\":{\"@type\":\"PropertyValueSpecification\",\"valueRequired\":true,\"valueName\":\"search_term_string\"}}],\"inLanguage\":\"pt-BR\"},{\"@type\":\"Organization\",\"@id\":\"https:\/\/noticiaempauta.com\/portal\/#organization\",\"name\":\"Portal Not\u00edcia em Pauta\",\"url\":\"https:\/\/noticiaempauta.com\/portal\/\",\"logo\":{\"@type\":\"ImageObject\",\"inLanguage\":\"pt-BR\",\"@id\":\"https:\/\/noticiaempauta.com\/portal\/#\/schema\/logo\/image\/\",\"url\":\"https:\/\/noticiaempauta.com\/portal\/wp-content\/uploads\/2022\/08\/logomarca_tema.fw_.png\",\"contentUrl\":\"https:\/\/noticiaempauta.com\/portal\/wp-content\/uploads\/2022\/08\/logomarca_tema.fw_.png\",\"width\":400,\"height\":232,\"caption\":\"Portal Not\u00edcia em Pauta\"},\"image\":{\"@id\":\"https:\/\/noticiaempauta.com\/portal\/#\/schema\/logo\/image\/\"},\"sameAs\":[\"https:\/\/www.facebook.com\/Portal-Notcia-Em-Pauta-102292869264820\/\",\"https:\/\/www.instagram.com\/portalnoticiaempauta\/\"]},{\"@type\":\"Person\",\"@id\":\"https:\/\/noticiaempauta.com\/portal\/#\/schema\/person\/a74af43dd1ab3deca45f988c717d57ac\",\"name\":\"Reda\u00e7\u00e3o\",\"image\":{\"@type\":\"ImageObject\",\"inLanguage\":\"pt-BR\",\"@id\":\"https:\/\/noticiaempauta.com\/portal\/#\/schema\/person\/image\/\",\"url\":\"https:\/\/secure.gravatar.com\/avatar\/03179346ecce6cdfc13361603e8f54242a90e5cde8618fa23c5c00aa2b0aadf3?s=96&d=mm&r=g\",\"contentUrl\":\"https:\/\/secure.gravatar.com\/avatar\/03179346ecce6cdfc13361603e8f54242a90e5cde8618fa23c5c00aa2b0aadf3?s=96&d=mm&r=g\",\"caption\":\"Reda\u00e7\u00e3o\"},\"sameAs\":[\"https:\/\/noticiaempauta.com\/portal\/\"],\"url\":\"https:\/\/noticiaempauta.com\/portal\/author\/fernando\/\"}]}<\/script>\n<!-- \/ Yoast SEO Premium plugin. -->","yoast_head_json":{"title":"Prefeito Marciano Macedo cumpre agenda em Bras\u00edlia e fortalece articula\u00e7\u00e3o em busca de investimentos para Aroeiras do Itaim - Portal Not\u00edcia em Pauta","robots":{"index":"index","follow":"follow","max-snippet":"max-snippet:-1","max-image-preview":"max-image-preview:large","max-video-preview":"max-video-preview:-1"},"canonical":"https:\/\/noticiaempauta.com\/portal\/prefeito-marciano-macedo-cumpre-agenda-em-brasilia-e-fortalece-articulacao-em-busca-de-investimentos-para-aroeiras-do-itaim\/","og_locale":"pt_BR","og_type":"article","og_title":"Prefeito Marciano Macedo cumpre agenda em Bras\u00edlia e fortalece articula\u00e7\u00e3o em busca de investimentos para Aroeiras do Itaim","og_description":"O prefeito Marciano Mac\u00eado deu continuidade, nessa quarta-feira (25), \u00e0 sua agenda institucional em Bras\u00edlia, com uma s\u00e9rie de encontros estrat\u00e9gicos voltados ao fortalecimento do munic\u00edpio. Durante a programa\u00e7\u00e3o, o gestor municipal manteve di\u00e1logo com gestores p\u00fablicos, parlamentares e lideran\u00e7as pol\u00edticas, refor\u00e7ando pautas priorit\u00e1rias da administra\u00e7\u00e3o. Entre os compromissos, o prefeito se reuniu com o [&hellip;]","og_url":"https:\/\/noticiaempauta.com\/portal\/prefeito-marciano-macedo-cumpre-agenda-em-brasilia-e-fortalece-articulacao-em-busca-de-investimentos-para-aroeiras-do-itaim\/","og_site_name":"Portal Not\u00edcia em Pauta","article_publisher":"https:\/\/www.facebook.com\/Portal-Notcia-Em-Pauta-102292869264820\/","article_published_time":"2026-02-26T14:33:11+00:00","article_modified_time":"2026-02-26T14:33:13+00:00","og_image":[{"width":955,"height":611,"url":"https:\/\/noticiaempauta.com\/portal\/wp-content\/uploads\/2026\/02\/P40G-IMG-a03f8b0f0e20b1ac9a.webp","type":"image\/webp"}],"author":"Reda\u00e7\u00e3o","twitter_card":"summary_large_image","twitter_misc":{"Escrito por":"Reda\u00e7\u00e3o","Est. tempo de leitura":"3 minutos"},"schema":{"@context":"https:\/\/schema.org","@graph":[{"@type":"Article","@id":"https:\/\/noticiaempauta.com\/portal\/prefeito-marciano-macedo-cumpre-agenda-em-brasilia-e-fortalece-articulacao-em-busca-de-investimentos-para-aroeiras-do-itaim\/#article","isPartOf":{"@id":"https:\/\/noticiaempauta.com\/portal\/prefeito-marciano-macedo-cumpre-agenda-em-brasilia-e-fortalece-articulacao-em-busca-de-investimentos-para-aroeiras-do-itaim\/"},"author":{"name":"Reda\u00e7\u00e3o","@id":"https:\/\/noticiaempauta.com\/portal\/#\/schema\/person\/a74af43dd1ab3deca45f988c717d57ac"},"headline":"Prefeito Marciano Macedo cumpre agenda em Bras\u00edlia e fortalece articula\u00e7\u00e3o em busca de investimentos para Aroeiras do Itaim","datePublished":"2026-02-26T14:33:11+00:00","dateModified":"2026-02-26T14:33:13+00:00","mainEntityOfPage":{"@id":"https:\/\/noticiaempauta.com\/portal\/prefeito-marciano-macedo-cumpre-agenda-em-brasilia-e-fortalece-articulacao-em-busca-de-investimentos-para-aroeiras-do-itaim\/"},"wordCount":304,"publisher":{"@id":"https:\/\/noticiaempauta.com\/portal\/#organization"},"image":{"@id":"https:\/\/noticiaempauta.com\/portal\/prefeito-marciano-macedo-cumpre-agenda-em-brasilia-e-fortalece-articulacao-em-busca-de-investimentos-para-aroeiras-do-itaim\/#primaryimage"},"thumbnailUrl":"https:\/\/noticiaempauta.com\/portal\/wp-content\/uploads\/2026\/02\/P40G-IMG-a03f8b0f0e20b1ac9a.webp","articleSection":["Geral","Munic\u00edpios","Todas as Not\u00edcias"],"inLanguage":"pt-BR"},{"@type":"WebPage","@id":"https:\/\/noticiaempauta.com\/portal\/prefeito-marciano-macedo-cumpre-agenda-em-brasilia-e-fortalece-articulacao-em-busca-de-investimentos-para-aroeiras-do-itaim\/","url":"https:\/\/noticiaempauta.com\/portal\/prefeito-marciano-macedo-cumpre-agenda-em-brasilia-e-fortalece-articulacao-em-busca-de-investimentos-para-aroeiras-do-itaim\/","name":"Prefeito Marciano Macedo cumpre agenda em Bras\u00edlia e fortalece articula\u00e7\u00e3o em busca de investimentos para Aroeiras do Itaim - Portal Not\u00edcia em Pauta","isPartOf":{"@id":"https:\/\/noticiaempauta.com\/portal\/#website"},"primaryImageOfPage":{"@id":"https:\/\/noticiaempauta.com\/portal\/prefeito-marciano-macedo-cumpre-agenda-em-brasilia-e-fortalece-articulacao-em-busca-de-investimentos-para-aroeiras-do-itaim\/#primaryimage"},"image":{"@id":"https:\/\/noticiaempauta.com\/portal\/prefeito-marciano-macedo-cumpre-agenda-em-brasilia-e-fortalece-articulacao-em-busca-de-investimentos-para-aroeiras-do-itaim\/#primaryimage"},"thumbnailUrl":"https:\/\/noticiaempauta.com\/portal\/wp-content\/uploads\/2026\/02\/P40G-IMG-a03f8b0f0e20b1ac9a.webp","datePublished":"2026-02-26T14:33:11+00:00","dateModified":"2026-02-26T14:33:13+00:00","breadcrumb":{"@id":"https:\/\/noticiaempauta.com\/portal\/prefeito-marciano-macedo-cumpre-agenda-em-brasilia-e-fortalece-articulacao-em-busca-de-investimentos-para-aroeiras-do-itaim\/#breadcrumb"},"inLanguage":"pt-BR","potentialAction":[{"@type":"ReadAction","target":["https:\/\/noticiaempauta.com\/portal\/prefeito-marciano-macedo-cumpre-agenda-em-brasilia-e-fortalece-articulacao-em-busca-de-investimentos-para-aroeiras-do-itaim\/"]}]},{"@type":"ImageObject","inLanguage":"pt-BR","@id":"https:\/\/noticiaempauta.com\/portal\/prefeito-marciano-macedo-cumpre-agenda-em-brasilia-e-fortalece-articulacao-em-busca-de-investimentos-para-aroeiras-do-itaim\/#primaryimage","url":"https:\/\/noticiaempauta.com\/portal\/wp-content\/uploads\/2026\/02\/P40G-IMG-a03f8b0f0e20b1ac9a.webp","contentUrl":"https:\/\/noticiaempauta.com\/portal\/wp-content\/uploads\/2026\/02\/P40G-IMG-a03f8b0f0e20b1ac9a.webp","width":955,"height":611},{"@type":"BreadcrumbList","@id":"https:\/\/noticiaempauta.com\/portal\/prefeito-marciano-macedo-cumpre-agenda-em-brasilia-e-fortalece-articulacao-em-busca-de-investimentos-para-aroeiras-do-itaim\/#breadcrumb","itemListElement":[{"@type":"ListItem","position":1,"name":"P\u00e1gina Inicial","item":"https:\/\/noticiaempauta.com\/portal\/"},{"@type":"ListItem","position":2,"name":"Geral","item":"https:\/\/noticiaempauta.com\/portal\/geral\/"},{"@type":"ListItem","position":3,"name":"Prefeito Marciano Macedo cumpre agenda em Bras\u00edlia e fortalece articula\u00e7\u00e3o em busca de investimentos para Aroeiras do Itaim"}]},{"@type":"WebSite","@id":"https:\/\/noticiaempauta.com\/portal\/#website","url":"https:\/\/noticiaempauta.com\/portal\/","name":"Portal Not\u00edcia em Pauta","description":"Voc\u00ea bem informado","publisher":{"@id":"https:\/\/noticiaempauta.com\/portal\/#organization"},"potentialAction":[{"@type":"SearchAction","target":{"@type":"EntryPoint","urlTemplate":"https:\/\/noticiaempauta.com\/portal\/?s={search_term_string}"},"query-input":{"@type":"PropertyValueSpecification","valueRequired":true,"valueName":"search_term_string"}}],"inLanguage":"pt-BR"},{"@type":"Organization","@id":"https:\/\/noticiaempauta.com\/portal\/#organization","name":"Portal Not\u00edcia em Pauta","url":"https:\/\/noticiaempauta.com\/portal\/","logo":{"@type":"ImageObject","inLanguage":"pt-BR","@id":"https:\/\/noticiaempauta.com\/portal\/#\/schema\/logo\/image\/","url":"https:\/\/noticiaempauta.com\/portal\/wp-content\/uploads\/2022\/08\/logomarca_tema.fw_.png","contentUrl":"https:\/\/noticiaempauta.com\/portal\/wp-content\/uploads\/2022\/08\/logomarca_tema.fw_.png","width":400,"height":232,"caption":"Portal Not\u00edcia em Pauta"},"image":{"@id":"https:\/\/noticiaempauta.com\/portal\/#\/schema\/logo\/image\/"},"sameAs":["https:\/\/www.facebook.com\/Portal-Notcia-Em-Pauta-102292869264820\/","https:\/\/www.instagram.com\/portalnoticiaempauta\/"]},{"@type":"Person","@id":"https:\/\/noticiaempauta.com\/portal\/#\/schema\/person\/a74af43dd1ab3deca45f988c717d57ac","name":"Reda\u00e7\u00e3o","image":{"@type":"ImageObject","inLanguage":"pt-BR","@id":"https:\/\/noticiaempauta.com\/portal\/#\/schema\/person\/image\/","url":"https:\/\/secure.gravatar.com\/avatar\/03179346ecce6cdfc13361603e8f54242a90e5cde8618fa23c5c00aa2b0aadf3?s=96&d=mm&r=g","contentUrl":"https:\/\/secure.gravatar.com\/avatar\/03179346ecce6cdfc13361603e8f54242a90e5cde8618fa23c5c00aa2b0aadf3?s=96&d=mm&r=g","caption":"Reda\u00e7\u00e3o"},"sameAs":["https:\/\/noticiaempauta.com\/portal\/"],"url":"https:\/\/noticiaempauta.com\/portal\/author\/fernando\/"}]}},"_links":{"self":[{"href":"https:\/\/noticiaempauta.com\/portal\/wp-json\/wp\/v2\/posts\/285768","targetHints":{"allow":["GET"]}}],"collection":[{"href":"https:\/\/noticiaempauta.com\/portal\/wp-json\/wp\/v2\/posts"}],"about":[{"href":"https:\/\/noticiaempauta.com\/portal\/wp-json\/wp\/v2\/types\/post"}],"author":[{"embeddable":true,"href":"https:\/\/noticiaempauta.com\/portal\/wp-json\/wp\/v2\/users\/2"}],"replies":[{"embeddable":true,"href":"https:\/\/noticiaempauta.com\/portal\/wp-json\/wp\/v2\/comments?post=285768"}],"version-history":[{"count":1,"href":"https:\/\/noticiaempauta.com\/portal\/wp-json\/wp\/v2\/posts\/285768\/revisions"}],"predecessor-version":[{"id":285772,"href":"https:\/\/noticiaempauta.com\/portal\/wp-json\/wp\/v2\/posts\/285768\/revisions\/285772"}],"wp:featuredmedia":[{"embeddable":true,"href":"https:\/\/noticiaempauta.com\/portal\/wp-json\/wp\/v2\/media\/285769"}],"wp:attachment":[{"href":"https:\/\/noticiaempauta.com\/portal\/wp-json\/wp\/v2\/media?parent=285768"}],"wp:term":[{"taxonomy":"category","embeddable":true,"href":"https:\/\/noticiaempauta.com\/portal\/wp-json\/wp\/v2\/categories?post=285768"},{"taxonomy":"post_tag","embeddable":true,"href":"https:\/\/noticiaempauta.com\/portal\/wp-json\/wp\/v2\/tags?post=285768"}],"curies":[{"name":"wp","href":"https:\/\/api.w.org\/{rel}","templated":true}]}}