{"id":285793,"date":"2026-02-27T10:03:33","date_gmt":"2026-02-27T13:03:33","guid":{"rendered":"https:\/\/noticiaempauta.com\/portal\/?p=285793"},"modified":"2026-02-27T10:03:34","modified_gmt":"2026-02-27T13:03:34","slug":"flavio-nogueira-admite-mudanca-na-estrategia-e-na-chapa-eleitoral-do-partido","status":"publish","type":"post","link":"https:\/\/noticiaempauta.com\/portal\/flavio-nogueira-admite-mudanca-na-estrategia-e-na-chapa-eleitoral-do-partido\/","title":{"rendered":"Fl\u00e1vio Nogueira admite mudan\u00e7a na estrat\u00e9gia e na chapa eleitoral do partido"},"content":{"rendered":"\n<p>O deputado federal Fl\u00e1vio Nogueira (PT) admitiu a possibilidade de mudan\u00e7a na estrat\u00e9gia eleitoral do Partido dos Trabalhadores (PT) no Piau\u00ed, principalmente na\u00a0chapa majorit\u00e1ria.<\/p>\n\n\n\n<p>Atualmente, a composi\u00e7\u00e3o da chapa liderada pelo governador Rafael Fonteles,\u00a0que busca a reelei\u00e7\u00e3o, vem sendo discutida, e internamente ainda n\u00e3o existe uma defini\u00e7\u00e3o. O governador defende o nome do ex-secret\u00e1rio Washington Bandeira para o cargo de vice e, para as duas vagas ao Senado, o deputado federal J\u00falio C\u00e9sar (PSD) e o senador Marcelo Castro (MDB).<\/p>\n\n\n\n<p>Mesmo com a defesa de Rafael, internamente alguns nomes\u00a0querem maior discuss\u00e3o. \u00c9 o caso do deputado Fl\u00e1vio Nogueira, que admitiu a possibilidade de altera\u00e7\u00e3o na atual composi\u00e7\u00e3o.<\/p>\n\n\n\n<figure class=\"wp-block-image size-large\"><img fetchpriority=\"high\" decoding=\"async\" width=\"1024\" height=\"682\" src=\"https:\/\/noticiaempauta.com\/portal\/wp-content\/uploads\/2026\/02\/flavio_nogueira_1-1024x682.webp\" alt=\"\" class=\"wp-image-285794\" srcset=\"https:\/\/noticiaempauta.com\/portal\/wp-content\/uploads\/2026\/02\/flavio_nogueira_1-1024x682.webp 1024w, https:\/\/noticiaempauta.com\/portal\/wp-content\/uploads\/2026\/02\/flavio_nogueira_1-300x200.webp 300w, https:\/\/noticiaempauta.com\/portal\/wp-content\/uploads\/2026\/02\/flavio_nogueira_1-768x512.webp 768w, https:\/\/noticiaempauta.com\/portal\/wp-content\/uploads\/2026\/02\/flavio_nogueira_1-1536x1023.webp 1536w, https:\/\/noticiaempauta.com\/portal\/wp-content\/uploads\/2026\/02\/flavio_nogueira_1.webp 1600w\" sizes=\"(max-width: 1024px) 100vw, 1024px\" \/><figcaption class=\"wp-element-caption\"><em>Foto: Renato Andrade\/Cidadeverde.com<\/em><br><\/figcaption><\/figure>\n\n\n\n<p>\u201cEu acho que sim, e \u00e9 necess\u00e1rio que tenha. A gente quer ser vitorioso e queremos ganhar. Deixar as vaidades, os egos, que possamos unir e n\u00e3o dividir\u201d, afirmou.<\/p>\n\n\n\n<p>Ele ainda deixou claro que, apesar de seu nome ter surgido inicialmente na discuss\u00e3o para o Senado, agora n\u00e3o tem mais interesse pela vaga e seguir\u00e1 na disputa pela reelei\u00e7\u00e3o para deputado federal.<\/p>\n\n\n\n<p>\u201c\u00c9 verdade que naquele instante eu queria, mas depois eu vi que enfraquecia aquela tend\u00eancia e n\u00e3o sou de estar empurrando porta adentro. Uma candidatura tem que ser aceita dentro de um partido e pelos aliados. Uma candidatura imposta n\u00e3o \u00e9 vitoriosa. Ent\u00e3o, rapidamente reorganizei a minha pr\u00e9-candidatura \u00e0 reelei\u00e7\u00e3o e est\u00e1 bem encaminhada. Se, nesse instante, eu deixasse isso, n\u00e3o seria bom para uma pessoa como eu, que estou disputando o 8\u00ba mandato. Tenho experi\u00eancia, sei onde posso avan\u00e7ar e onde n\u00e3o\u201d, destacou.<\/p>\n\n\n\n<h2 class=\"wp-block-heading\"><strong>Lula pode interferir na decis\u00e3o estadual<\/strong><\/h2>\n\n\n\n<p>Ele afirmou que a estrat\u00e9gia eleitoral nacional tamb\u00e9m influencia o cen\u00e1rio estadual e que, com uma poss\u00edvel falta de consenso no Piau\u00ed, o presidente Luiz In\u00e1cio Lula da Silva pode ser o respons\u00e1vel pela decis\u00e3o final.<\/p>\n\n\n\n<p>\u201cPrimeiro, eu quero dizer que estou de acordo com o que o partido faz quando se organiza uma chapa. Ent\u00e3o, em uma chapa majorit\u00e1ria nos estados, a nacional \u00e9 que decide. E, se decide a nacional, vai para uma decis\u00e3o salom\u00f4nica, e o Salom\u00e3o do nosso partido \u00e9 o Lula. Ele escuta todos. Existe um \u00f3rg\u00e3o dentro do partido, que \u00e9 o GTE, o Grupo de Trabalho Eleitoral ou Grupo T\u00e1tico Eleitoral. Por exemplo, conversei com um amigo de Pernambuco, que disse que o GTE est\u00e1 para dizer como ser\u00e1 l\u00e1. Ent\u00e3o, esse grupo vai apresentar ao partido as poss\u00edveis diverg\u00eancias que existem e opinar sobre a defini\u00e7\u00e3o ao presidente do partido, e depois vai para o Salom\u00e3o\u201d, destacou.<\/p>\n\n\n\n<p>Ele ainda explicou que esse tipo de discuss\u00e3o \u00e9 normal dentro da legenda e que isso n\u00e3o enfraquece o partido.<\/p>\n\n\n\n<p>\u201cN\u00e3o \u00e9 poss\u00edvel que pessoas experientes n\u00e3o possam estar vendo que qualquer diverg\u00eancia faz parte de qualquer partido. O PT n\u00e3o muda, e por isso \u00e9 vitorioso. Algu\u00e9m fala de candidato a governador de outro partido? S\u00f3 fala do PT. O partido est\u00e1 movimentando a pol\u00edtica, ent\u00e3o isso \u00e9 muito salutar. L\u00f3gico que existem interesses contr\u00e1rios, mas h\u00e1 a responsabilidade de cada um de n\u00f3s\u201d, finalizou.<\/p>\n\n\n\n<p>Fonte: Cidade Verde<\/p>\n","protected":false},"excerpt":{"rendered":"<p>O deputado federal Fl\u00e1vio Nogueira (PT) admitiu a possibilidade de mudan\u00e7a na estrat\u00e9gia eleitoral do Partido dos Trabalhadores (PT) no Piau\u00ed, principalmente na\u00a0chapa majorit\u00e1ria. Atualmente, a composi\u00e7\u00e3o da chapa liderada pelo governador Rafael Fonteles,\u00a0que busca a reelei\u00e7\u00e3o, vem sendo discutida, e internamente ainda n\u00e3o existe uma defini\u00e7\u00e3o. O governador defende o nome do ex-secret\u00e1rio Washington [&hellip;]<\/p>\n","protected":false},"author":2,"featured_media":285794,"comment_status":"closed","ping_status":"closed","sticky":false,"template":"","format":"standard","meta":{"_mi_skip_tracking":false,"footnotes":""},"categories":[25,1,3,16],"tags":[192],"class_list":["post-285793","post","type-post","status-publish","format-standard","has-post-thumbnail","hentry","category-destaques-site","category-geral","category-politica","category-todas","tag-destaqueprincipal"],"acf":[],"yoast_head":"<!-- This site is optimized with the Yoast SEO Premium plugin v19.2 (Yoast SEO v26.9) - https:\/\/yoast.com\/product\/yoast-seo-premium-wordpress\/ -->\n<title>Fl\u00e1vio Nogueira admite mudan\u00e7a na estrat\u00e9gia e na chapa eleitoral do partido - Portal Not\u00edcia em Pauta<\/title>\n<meta name=\"robots\" content=\"index, follow, max-snippet:-1, max-image-preview:large, max-video-preview:-1\" \/>\n<link rel=\"canonical\" href=\"https:\/\/noticiaempauta.com\/portal\/flavio-nogueira-admite-mudanca-na-estrategia-e-na-chapa-eleitoral-do-partido\/\" \/>\n<meta property=\"og:locale\" content=\"pt_BR\" \/>\n<meta property=\"og:type\" content=\"article\" \/>\n<meta property=\"og:title\" content=\"Fl\u00e1vio Nogueira admite mudan\u00e7a na estrat\u00e9gia e na chapa eleitoral do partido\" \/>\n<meta property=\"og:description\" content=\"O deputado federal Fl\u00e1vio Nogueira (PT) admitiu a possibilidade de mudan\u00e7a na estrat\u00e9gia eleitoral do Partido dos Trabalhadores (PT) no Piau\u00ed, principalmente na\u00a0chapa majorit\u00e1ria. Atualmente, a composi\u00e7\u00e3o da chapa liderada pelo governador Rafael Fonteles,\u00a0que busca a reelei\u00e7\u00e3o, vem sendo discutida, e internamente ainda n\u00e3o existe uma defini\u00e7\u00e3o. O governador defende o nome do ex-secret\u00e1rio Washington [&hellip;]\" \/>\n<meta property=\"og:url\" content=\"https:\/\/noticiaempauta.com\/portal\/flavio-nogueira-admite-mudanca-na-estrategia-e-na-chapa-eleitoral-do-partido\/\" \/>\n<meta property=\"og:site_name\" content=\"Portal Not\u00edcia em Pauta\" \/>\n<meta property=\"article:publisher\" content=\"https:\/\/www.facebook.com\/Portal-Notcia-Em-Pauta-102292869264820\/\" \/>\n<meta property=\"article:published_time\" content=\"2026-02-27T13:03:33+00:00\" \/>\n<meta property=\"article:modified_time\" content=\"2026-02-27T13:03:34+00:00\" \/>\n<meta property=\"og:image\" content=\"https:\/\/noticiaempauta.com\/portal\/wp-content\/uploads\/2026\/02\/flavio_nogueira_1.webp\" \/>\n\t<meta property=\"og:image:width\" content=\"1600\" \/>\n\t<meta property=\"og:image:height\" content=\"1066\" \/>\n\t<meta property=\"og:image:type\" content=\"image\/webp\" \/>\n<meta name=\"author\" content=\"Reda\u00e7\u00e3o\" \/>\n<meta name=\"twitter:card\" content=\"summary_large_image\" \/>\n<meta name=\"twitter:label1\" content=\"Escrito por\" \/>\n\t<meta name=\"twitter:data1\" content=\"Reda\u00e7\u00e3o\" \/>\n\t<meta name=\"twitter:label2\" content=\"Est. tempo de leitura\" \/>\n\t<meta name=\"twitter:data2\" content=\"4 minutos\" \/>\n<script type=\"application\/ld+json\" class=\"yoast-schema-graph\">{\"@context\":\"https:\/\/schema.org\",\"@graph\":[{\"@type\":\"Article\",\"@id\":\"https:\/\/noticiaempauta.com\/portal\/flavio-nogueira-admite-mudanca-na-estrategia-e-na-chapa-eleitoral-do-partido\/#article\",\"isPartOf\":{\"@id\":\"https:\/\/noticiaempauta.com\/portal\/flavio-nogueira-admite-mudanca-na-estrategia-e-na-chapa-eleitoral-do-partido\/\"},\"author\":{\"name\":\"Reda\u00e7\u00e3o\",\"@id\":\"https:\/\/noticiaempauta.com\/portal\/#\/schema\/person\/a74af43dd1ab3deca45f988c717d57ac\"},\"headline\":\"Fl\u00e1vio Nogueira admite mudan\u00e7a na estrat\u00e9gia e na chapa eleitoral do partido\",\"datePublished\":\"2026-02-27T13:03:33+00:00\",\"dateModified\":\"2026-02-27T13:03:34+00:00\",\"mainEntityOfPage\":{\"@id\":\"https:\/\/noticiaempauta.com\/portal\/flavio-nogueira-admite-mudanca-na-estrategia-e-na-chapa-eleitoral-do-partido\/\"},\"wordCount\":576,\"publisher\":{\"@id\":\"https:\/\/noticiaempauta.com\/portal\/#organization\"},\"image\":{\"@id\":\"https:\/\/noticiaempauta.com\/portal\/flavio-nogueira-admite-mudanca-na-estrategia-e-na-chapa-eleitoral-do-partido\/#primaryimage\"},\"thumbnailUrl\":\"https:\/\/noticiaempauta.com\/portal\/wp-content\/uploads\/2026\/02\/flavio_nogueira_1.webp\",\"keywords\":[\"destaqueprincipal\"],\"articleSection\":[\"Destaques\",\"Geral\",\"Pol\u00edtica\",\"Todas as Not\u00edcias\"],\"inLanguage\":\"pt-BR\"},{\"@type\":\"WebPage\",\"@id\":\"https:\/\/noticiaempauta.com\/portal\/flavio-nogueira-admite-mudanca-na-estrategia-e-na-chapa-eleitoral-do-partido\/\",\"url\":\"https:\/\/noticiaempauta.com\/portal\/flavio-nogueira-admite-mudanca-na-estrategia-e-na-chapa-eleitoral-do-partido\/\",\"name\":\"Fl\u00e1vio Nogueira admite mudan\u00e7a na estrat\u00e9gia e na chapa eleitoral do partido - Portal Not\u00edcia em Pauta\",\"isPartOf\":{\"@id\":\"https:\/\/noticiaempauta.com\/portal\/#website\"},\"primaryImageOfPage\":{\"@id\":\"https:\/\/noticiaempauta.com\/portal\/flavio-nogueira-admite-mudanca-na-estrategia-e-na-chapa-eleitoral-do-partido\/#primaryimage\"},\"image\":{\"@id\":\"https:\/\/noticiaempauta.com\/portal\/flavio-nogueira-admite-mudanca-na-estrategia-e-na-chapa-eleitoral-do-partido\/#primaryimage\"},\"thumbnailUrl\":\"https:\/\/noticiaempauta.com\/portal\/wp-content\/uploads\/2026\/02\/flavio_nogueira_1.webp\",\"datePublished\":\"2026-02-27T13:03:33+00:00\",\"dateModified\":\"2026-02-27T13:03:34+00:00\",\"breadcrumb\":{\"@id\":\"https:\/\/noticiaempauta.com\/portal\/flavio-nogueira-admite-mudanca-na-estrategia-e-na-chapa-eleitoral-do-partido\/#breadcrumb\"},\"inLanguage\":\"pt-BR\",\"potentialAction\":[{\"@type\":\"ReadAction\",\"target\":[\"https:\/\/noticiaempauta.com\/portal\/flavio-nogueira-admite-mudanca-na-estrategia-e-na-chapa-eleitoral-do-partido\/\"]}]},{\"@type\":\"ImageObject\",\"inLanguage\":\"pt-BR\",\"@id\":\"https:\/\/noticiaempauta.com\/portal\/flavio-nogueira-admite-mudanca-na-estrategia-e-na-chapa-eleitoral-do-partido\/#primaryimage\",\"url\":\"https:\/\/noticiaempauta.com\/portal\/wp-content\/uploads\/2026\/02\/flavio_nogueira_1.webp\",\"contentUrl\":\"https:\/\/noticiaempauta.com\/portal\/wp-content\/uploads\/2026\/02\/flavio_nogueira_1.webp\",\"width\":1600,\"height\":1066},{\"@type\":\"BreadcrumbList\",\"@id\":\"https:\/\/noticiaempauta.com\/portal\/flavio-nogueira-admite-mudanca-na-estrategia-e-na-chapa-eleitoral-do-partido\/#breadcrumb\",\"itemListElement\":[{\"@type\":\"ListItem\",\"position\":1,\"name\":\"P\u00e1gina Inicial\",\"item\":\"https:\/\/noticiaempauta.com\/portal\/\"},{\"@type\":\"ListItem\",\"position\":2,\"name\":\"Destaques\",\"item\":\"https:\/\/noticiaempauta.com\/portal\/destaques-site\/\"},{\"@type\":\"ListItem\",\"position\":3,\"name\":\"Fl\u00e1vio Nogueira admite mudan\u00e7a na estrat\u00e9gia e na chapa eleitoral do partido\"}]},{\"@type\":\"WebSite\",\"@id\":\"https:\/\/noticiaempauta.com\/portal\/#website\",\"url\":\"https:\/\/noticiaempauta.com\/portal\/\",\"name\":\"Portal Not\u00edcia em Pauta\",\"description\":\"Voc\u00ea bem informado\",\"publisher\":{\"@id\":\"https:\/\/noticiaempauta.com\/portal\/#organization\"},\"potentialAction\":[{\"@type\":\"SearchAction\",\"target\":{\"@type\":\"EntryPoint\",\"urlTemplate\":\"https:\/\/noticiaempauta.com\/portal\/?s={search_term_string}\"},\"query-input\":{\"@type\":\"PropertyValueSpecification\",\"valueRequired\":true,\"valueName\":\"search_term_string\"}}],\"inLanguage\":\"pt-BR\"},{\"@type\":\"Organization\",\"@id\":\"https:\/\/noticiaempauta.com\/portal\/#organization\",\"name\":\"Portal Not\u00edcia em Pauta\",\"url\":\"https:\/\/noticiaempauta.com\/portal\/\",\"logo\":{\"@type\":\"ImageObject\",\"inLanguage\":\"pt-BR\",\"@id\":\"https:\/\/noticiaempauta.com\/portal\/#\/schema\/logo\/image\/\",\"url\":\"https:\/\/noticiaempauta.com\/portal\/wp-content\/uploads\/2022\/08\/logomarca_tema.fw_.png\",\"contentUrl\":\"https:\/\/noticiaempauta.com\/portal\/wp-content\/uploads\/2022\/08\/logomarca_tema.fw_.png\",\"width\":400,\"height\":232,\"caption\":\"Portal Not\u00edcia em Pauta\"},\"image\":{\"@id\":\"https:\/\/noticiaempauta.com\/portal\/#\/schema\/logo\/image\/\"},\"sameAs\":[\"https:\/\/www.facebook.com\/Portal-Notcia-Em-Pauta-102292869264820\/\",\"https:\/\/www.instagram.com\/portalnoticiaempauta\/\"]},{\"@type\":\"Person\",\"@id\":\"https:\/\/noticiaempauta.com\/portal\/#\/schema\/person\/a74af43dd1ab3deca45f988c717d57ac\",\"name\":\"Reda\u00e7\u00e3o\",\"image\":{\"@type\":\"ImageObject\",\"inLanguage\":\"pt-BR\",\"@id\":\"https:\/\/noticiaempauta.com\/portal\/#\/schema\/person\/image\/\",\"url\":\"https:\/\/secure.gravatar.com\/avatar\/03179346ecce6cdfc13361603e8f54242a90e5cde8618fa23c5c00aa2b0aadf3?s=96&d=mm&r=g\",\"contentUrl\":\"https:\/\/secure.gravatar.com\/avatar\/03179346ecce6cdfc13361603e8f54242a90e5cde8618fa23c5c00aa2b0aadf3?s=96&d=mm&r=g\",\"caption\":\"Reda\u00e7\u00e3o\"},\"sameAs\":[\"https:\/\/noticiaempauta.com\/portal\/\"],\"url\":\"https:\/\/noticiaempauta.com\/portal\/author\/fernando\/\"}]}<\/script>\n<!-- \/ Yoast SEO Premium plugin. -->","yoast_head_json":{"title":"Fl\u00e1vio Nogueira admite mudan\u00e7a na estrat\u00e9gia e na chapa eleitoral do partido - Portal Not\u00edcia em Pauta","robots":{"index":"index","follow":"follow","max-snippet":"max-snippet:-1","max-image-preview":"max-image-preview:large","max-video-preview":"max-video-preview:-1"},"canonical":"https:\/\/noticiaempauta.com\/portal\/flavio-nogueira-admite-mudanca-na-estrategia-e-na-chapa-eleitoral-do-partido\/","og_locale":"pt_BR","og_type":"article","og_title":"Fl\u00e1vio Nogueira admite mudan\u00e7a na estrat\u00e9gia e na chapa eleitoral do partido","og_description":"O deputado federal Fl\u00e1vio Nogueira (PT) admitiu a possibilidade de mudan\u00e7a na estrat\u00e9gia eleitoral do Partido dos Trabalhadores (PT) no Piau\u00ed, principalmente na\u00a0chapa majorit\u00e1ria. Atualmente, a composi\u00e7\u00e3o da chapa liderada pelo governador Rafael Fonteles,\u00a0que busca a reelei\u00e7\u00e3o, vem sendo discutida, e internamente ainda n\u00e3o existe uma defini\u00e7\u00e3o. O governador defende o nome do ex-secret\u00e1rio Washington [&hellip;]","og_url":"https:\/\/noticiaempauta.com\/portal\/flavio-nogueira-admite-mudanca-na-estrategia-e-na-chapa-eleitoral-do-partido\/","og_site_name":"Portal Not\u00edcia em Pauta","article_publisher":"https:\/\/www.facebook.com\/Portal-Notcia-Em-Pauta-102292869264820\/","article_published_time":"2026-02-27T13:03:33+00:00","article_modified_time":"2026-02-27T13:03:34+00:00","og_image":[{"width":1600,"height":1066,"url":"https:\/\/noticiaempauta.com\/portal\/wp-content\/uploads\/2026\/02\/flavio_nogueira_1.webp","type":"image\/webp"}],"author":"Reda\u00e7\u00e3o","twitter_card":"summary_large_image","twitter_misc":{"Escrito por":"Reda\u00e7\u00e3o","Est. tempo de leitura":"4 minutos"},"schema":{"@context":"https:\/\/schema.org","@graph":[{"@type":"Article","@id":"https:\/\/noticiaempauta.com\/portal\/flavio-nogueira-admite-mudanca-na-estrategia-e-na-chapa-eleitoral-do-partido\/#article","isPartOf":{"@id":"https:\/\/noticiaempauta.com\/portal\/flavio-nogueira-admite-mudanca-na-estrategia-e-na-chapa-eleitoral-do-partido\/"},"author":{"name":"Reda\u00e7\u00e3o","@id":"https:\/\/noticiaempauta.com\/portal\/#\/schema\/person\/a74af43dd1ab3deca45f988c717d57ac"},"headline":"Fl\u00e1vio Nogueira admite mudan\u00e7a na estrat\u00e9gia e na chapa eleitoral do partido","datePublished":"2026-02-27T13:03:33+00:00","dateModified":"2026-02-27T13:03:34+00:00","mainEntityOfPage":{"@id":"https:\/\/noticiaempauta.com\/portal\/flavio-nogueira-admite-mudanca-na-estrategia-e-na-chapa-eleitoral-do-partido\/"},"wordCount":576,"publisher":{"@id":"https:\/\/noticiaempauta.com\/portal\/#organization"},"image":{"@id":"https:\/\/noticiaempauta.com\/portal\/flavio-nogueira-admite-mudanca-na-estrategia-e-na-chapa-eleitoral-do-partido\/#primaryimage"},"thumbnailUrl":"https:\/\/noticiaempauta.com\/portal\/wp-content\/uploads\/2026\/02\/flavio_nogueira_1.webp","keywords":["destaqueprincipal"],"articleSection":["Destaques","Geral","Pol\u00edtica","Todas as Not\u00edcias"],"inLanguage":"pt-BR"},{"@type":"WebPage","@id":"https:\/\/noticiaempauta.com\/portal\/flavio-nogueira-admite-mudanca-na-estrategia-e-na-chapa-eleitoral-do-partido\/","url":"https:\/\/noticiaempauta.com\/portal\/flavio-nogueira-admite-mudanca-na-estrategia-e-na-chapa-eleitoral-do-partido\/","name":"Fl\u00e1vio Nogueira admite mudan\u00e7a na estrat\u00e9gia e na chapa eleitoral do partido - Portal Not\u00edcia em Pauta","isPartOf":{"@id":"https:\/\/noticiaempauta.com\/portal\/#website"},"primaryImageOfPage":{"@id":"https:\/\/noticiaempauta.com\/portal\/flavio-nogueira-admite-mudanca-na-estrategia-e-na-chapa-eleitoral-do-partido\/#primaryimage"},"image":{"@id":"https:\/\/noticiaempauta.com\/portal\/flavio-nogueira-admite-mudanca-na-estrategia-e-na-chapa-eleitoral-do-partido\/#primaryimage"},"thumbnailUrl":"https:\/\/noticiaempauta.com\/portal\/wp-content\/uploads\/2026\/02\/flavio_nogueira_1.webp","datePublished":"2026-02-27T13:03:33+00:00","dateModified":"2026-02-27T13:03:34+00:00","breadcrumb":{"@id":"https:\/\/noticiaempauta.com\/portal\/flavio-nogueira-admite-mudanca-na-estrategia-e-na-chapa-eleitoral-do-partido\/#breadcrumb"},"inLanguage":"pt-BR","potentialAction":[{"@type":"ReadAction","target":["https:\/\/noticiaempauta.com\/portal\/flavio-nogueira-admite-mudanca-na-estrategia-e-na-chapa-eleitoral-do-partido\/"]}]},{"@type":"ImageObject","inLanguage":"pt-BR","@id":"https:\/\/noticiaempauta.com\/portal\/flavio-nogueira-admite-mudanca-na-estrategia-e-na-chapa-eleitoral-do-partido\/#primaryimage","url":"https:\/\/noticiaempauta.com\/portal\/wp-content\/uploads\/2026\/02\/flavio_nogueira_1.webp","contentUrl":"https:\/\/noticiaempauta.com\/portal\/wp-content\/uploads\/2026\/02\/flavio_nogueira_1.webp","width":1600,"height":1066},{"@type":"BreadcrumbList","@id":"https:\/\/noticiaempauta.com\/portal\/flavio-nogueira-admite-mudanca-na-estrategia-e-na-chapa-eleitoral-do-partido\/#breadcrumb","itemListElement":[{"@type":"ListItem","position":1,"name":"P\u00e1gina Inicial","item":"https:\/\/noticiaempauta.com\/portal\/"},{"@type":"ListItem","position":2,"name":"Destaques","item":"https:\/\/noticiaempauta.com\/portal\/destaques-site\/"},{"@type":"ListItem","position":3,"name":"Fl\u00e1vio Nogueira admite mudan\u00e7a na estrat\u00e9gia e na chapa eleitoral do partido"}]},{"@type":"WebSite","@id":"https:\/\/noticiaempauta.com\/portal\/#website","url":"https:\/\/noticiaempauta.com\/portal\/","name":"Portal Not\u00edcia em Pauta","description":"Voc\u00ea bem informado","publisher":{"@id":"https:\/\/noticiaempauta.com\/portal\/#organization"},"potentialAction":[{"@type":"SearchAction","target":{"@type":"EntryPoint","urlTemplate":"https:\/\/noticiaempauta.com\/portal\/?s={search_term_string}"},"query-input":{"@type":"PropertyValueSpecification","valueRequired":true,"valueName":"search_term_string"}}],"inLanguage":"pt-BR"},{"@type":"Organization","@id":"https:\/\/noticiaempauta.com\/portal\/#organization","name":"Portal Not\u00edcia em Pauta","url":"https:\/\/noticiaempauta.com\/portal\/","logo":{"@type":"ImageObject","inLanguage":"pt-BR","@id":"https:\/\/noticiaempauta.com\/portal\/#\/schema\/logo\/image\/","url":"https:\/\/noticiaempauta.com\/portal\/wp-content\/uploads\/2022\/08\/logomarca_tema.fw_.png","contentUrl":"https:\/\/noticiaempauta.com\/portal\/wp-content\/uploads\/2022\/08\/logomarca_tema.fw_.png","width":400,"height":232,"caption":"Portal Not\u00edcia em Pauta"},"image":{"@id":"https:\/\/noticiaempauta.com\/portal\/#\/schema\/logo\/image\/"},"sameAs":["https:\/\/www.facebook.com\/Portal-Notcia-Em-Pauta-102292869264820\/","https:\/\/www.instagram.com\/portalnoticiaempauta\/"]},{"@type":"Person","@id":"https:\/\/noticiaempauta.com\/portal\/#\/schema\/person\/a74af43dd1ab3deca45f988c717d57ac","name":"Reda\u00e7\u00e3o","image":{"@type":"ImageObject","inLanguage":"pt-BR","@id":"https:\/\/noticiaempauta.com\/portal\/#\/schema\/person\/image\/","url":"https:\/\/secure.gravatar.com\/avatar\/03179346ecce6cdfc13361603e8f54242a90e5cde8618fa23c5c00aa2b0aadf3?s=96&d=mm&r=g","contentUrl":"https:\/\/secure.gravatar.com\/avatar\/03179346ecce6cdfc13361603e8f54242a90e5cde8618fa23c5c00aa2b0aadf3?s=96&d=mm&r=g","caption":"Reda\u00e7\u00e3o"},"sameAs":["https:\/\/noticiaempauta.com\/portal\/"],"url":"https:\/\/noticiaempauta.com\/portal\/author\/fernando\/"}]}},"_links":{"self":[{"href":"https:\/\/noticiaempauta.com\/portal\/wp-json\/wp\/v2\/posts\/285793","targetHints":{"allow":["GET"]}}],"collection":[{"href":"https:\/\/noticiaempauta.com\/portal\/wp-json\/wp\/v2\/posts"}],"about":[{"href":"https:\/\/noticiaempauta.com\/portal\/wp-json\/wp\/v2\/types\/post"}],"author":[{"embeddable":true,"href":"https:\/\/noticiaempauta.com\/portal\/wp-json\/wp\/v2\/users\/2"}],"replies":[{"embeddable":true,"href":"https:\/\/noticiaempauta.com\/portal\/wp-json\/wp\/v2\/comments?post=285793"}],"version-history":[{"count":2,"href":"https:\/\/noticiaempauta.com\/portal\/wp-json\/wp\/v2\/posts\/285793\/revisions"}],"predecessor-version":[{"id":285796,"href":"https:\/\/noticiaempauta.com\/portal\/wp-json\/wp\/v2\/posts\/285793\/revisions\/285796"}],"wp:featuredmedia":[{"embeddable":true,"href":"https:\/\/noticiaempauta.com\/portal\/wp-json\/wp\/v2\/media\/285794"}],"wp:attachment":[{"href":"https:\/\/noticiaempauta.com\/portal\/wp-json\/wp\/v2\/media?parent=285793"}],"wp:term":[{"taxonomy":"category","embeddable":true,"href":"https:\/\/noticiaempauta.com\/portal\/wp-json\/wp\/v2\/categories?post=285793"},{"taxonomy":"post_tag","embeddable":true,"href":"https:\/\/noticiaempauta.com\/portal\/wp-json\/wp\/v2\/tags?post=285793"}],"curies":[{"name":"wp","href":"https:\/\/api.w.org\/{rel}","templated":true}]}}