{"id":285810,"date":"2026-02-27T17:20:13","date_gmt":"2026-02-27T20:20:13","guid":{"rendered":"https:\/\/noticiaempauta.com\/portal\/?p=285810"},"modified":"2026-02-27T17:20:15","modified_gmt":"2026-02-27T20:20:15","slug":"fim-da-escala-6x1-e-possivel-que-possamos-votar-a-pec-ate-maio-diz-motta","status":"publish","type":"post","link":"https:\/\/noticiaempauta.com\/portal\/fim-da-escala-6x1-e-possivel-que-possamos-votar-a-pec-ate-maio-diz-motta\/","title":{"rendered":"Fim da escala 6\u00d71: &#8220;\u00c9 poss\u00edvel que possamos votar a PEC at\u00e9 maio&#8221;, diz Motta"},"content":{"rendered":"\n<p>O\u00a0presidente da C\u00e2mara dos Deputados, Hugo Motta\u00a0(Republicanos-PB), afirmou, nesta quinta-feira (26), que a proposta de emenda \u00e0 Constitui\u00e7\u00e3o que\u00a0extingue a jornada de trabalho no modelo 6\u00d71\u00a0poder\u00e1 ser apreciada pelo plen\u00e1rio at\u00e9 maio.<\/p>\n\n\n\n<p>Segundo Motta, o cen\u00e1rio pol\u00edtico indica possibilidade de avan\u00e7o, desde que sejam considerados os efeitos econ\u00f4micos e sociais da medida.<\/p>\n\n\n\n<figure class=\"wp-block-image size-full\"><img fetchpriority=\"high\" decoding=\"async\" width=\"768\" height=\"474\" src=\"https:\/\/noticiaempauta.com\/portal\/wp-content\/uploads\/2026\/02\/hugo_motta.webp\" alt=\"\" class=\"wp-image-285811\" srcset=\"https:\/\/noticiaempauta.com\/portal\/wp-content\/uploads\/2026\/02\/hugo_motta.webp 768w, https:\/\/noticiaempauta.com\/portal\/wp-content\/uploads\/2026\/02\/hugo_motta-300x185.webp 300w\" sizes=\"(max-width: 768px) 100vw, 768px\" \/><figcaption class=\"wp-element-caption\"><em>Foto: C\u00e2mara dos Deputados<\/em><\/figcaption><\/figure>\n\n\n\n<p>Em declara\u00e7\u00e3o ao portal Metr\u00f3poles, Motta explicou que a tramita\u00e7\u00e3o busca conciliar a demanda por redu\u00e7\u00e3o da jornada com a an\u00e1lise dos impactos sobre empresas e empregos. Ele afirmou que h\u00e1 ambiente para a vota\u00e7\u00e3o da PEC at\u00e9 maio, caso os estudos t\u00e9cnicos avancem.<\/p>\n\n\n\n<p>&#8220;A mat\u00e9ria est\u00e1 sendo constru\u00edda com responsabilidade, avaliando todos os impactos. \u00c9 poss\u00edvel que possamos votar essa PEC at\u00e9 maio&#8221;.<\/p>\n\n\n\n<p>O presidente da C\u00e2mara negou que a escolha por uma PEC (Proposta de emenda \u00e0 Constitui\u00e7\u00e3o), em vez de um projeto de lei, tenha rela\u00e7\u00e3o com disputa de protagonismo entre Legislativo e Executivo. De acordo com ele, a defini\u00e7\u00e3o segue o rito legislativo adequado.<\/p>\n\n\n\n<p>&#8220;N\u00e3o \u00e9 disputa por protagonismo. \u00c9 garantir o canal legislativo correto, dando vez e voz a todos os impactados para que possamos avan\u00e7ar em uma pauta que dialogue com a maioria da sociedade&#8221;, justificou o presidente da C\u00e2mara.<\/p>\n\n\n\n<p>Ap\u00f3s a admissibilidade, o texto ainda precisa ser analisado por comiss\u00e3o especial antes de seguir para vota\u00e7\u00e3o no plen\u00e1rio. Motta declarou que identifica possibilidade de aprova\u00e7\u00e3o e descreveu a iniciativa como a &#8220;reforma da vida das pessoas&#8221;.<\/p>\n\n\n\n<p>Fonte: SBT News<\/p>\n","protected":false},"excerpt":{"rendered":"<p>O\u00a0presidente da C\u00e2mara dos Deputados, Hugo Motta\u00a0(Republicanos-PB), afirmou, nesta quinta-feira (26), que a proposta de emenda \u00e0 Constitui\u00e7\u00e3o que\u00a0extingue a jornada de trabalho no modelo 6\u00d71\u00a0poder\u00e1 ser apreciada pelo plen\u00e1rio at\u00e9 maio. Segundo Motta, o cen\u00e1rio pol\u00edtico indica possibilidade de avan\u00e7o, desde que sejam considerados os efeitos econ\u00f4micos e sociais da medida. Em declara\u00e7\u00e3o ao [&hellip;]<\/p>\n","protected":false},"author":2,"featured_media":285811,"comment_status":"closed","ping_status":"closed","sticky":false,"template":"","format":"standard","meta":{"_mi_skip_tracking":false,"footnotes":""},"categories":[25,1,16],"tags":[192],"class_list":["post-285810","post","type-post","status-publish","format-standard","has-post-thumbnail","hentry","category-destaques-site","category-geral","category-todas","tag-destaqueprincipal"],"acf":[],"yoast_head":"<!-- This site is optimized with the Yoast SEO Premium plugin v19.2 (Yoast SEO v26.9) - https:\/\/yoast.com\/product\/yoast-seo-premium-wordpress\/ -->\n<title>Fim da escala 6\u00d71: &quot;\u00c9 poss\u00edvel que possamos votar a PEC at\u00e9 maio&quot;, diz Motta - Portal Not\u00edcia em Pauta<\/title>\n<meta name=\"robots\" content=\"index, follow, max-snippet:-1, max-image-preview:large, max-video-preview:-1\" \/>\n<link rel=\"canonical\" href=\"https:\/\/noticiaempauta.com\/portal\/fim-da-escala-6x1-e-possivel-que-possamos-votar-a-pec-ate-maio-diz-motta\/\" \/>\n<meta property=\"og:locale\" content=\"pt_BR\" \/>\n<meta property=\"og:type\" content=\"article\" \/>\n<meta property=\"og:title\" content=\"Fim da escala 6\u00d71: &quot;\u00c9 poss\u00edvel que possamos votar a PEC at\u00e9 maio&quot;, diz Motta\" \/>\n<meta property=\"og:description\" content=\"O\u00a0presidente da C\u00e2mara dos Deputados, Hugo Motta\u00a0(Republicanos-PB), afirmou, nesta quinta-feira (26), que a proposta de emenda \u00e0 Constitui\u00e7\u00e3o que\u00a0extingue a jornada de trabalho no modelo 6\u00d71\u00a0poder\u00e1 ser apreciada pelo plen\u00e1rio at\u00e9 maio. Segundo Motta, o cen\u00e1rio pol\u00edtico indica possibilidade de avan\u00e7o, desde que sejam considerados os efeitos econ\u00f4micos e sociais da medida. Em declara\u00e7\u00e3o ao [&hellip;]\" \/>\n<meta property=\"og:url\" content=\"https:\/\/noticiaempauta.com\/portal\/fim-da-escala-6x1-e-possivel-que-possamos-votar-a-pec-ate-maio-diz-motta\/\" \/>\n<meta property=\"og:site_name\" content=\"Portal Not\u00edcia em Pauta\" \/>\n<meta property=\"article:publisher\" content=\"https:\/\/www.facebook.com\/Portal-Notcia-Em-Pauta-102292869264820\/\" \/>\n<meta property=\"article:published_time\" content=\"2026-02-27T20:20:13+00:00\" \/>\n<meta property=\"article:modified_time\" content=\"2026-02-27T20:20:15+00:00\" \/>\n<meta property=\"og:image\" content=\"https:\/\/noticiaempauta.com\/portal\/wp-content\/uploads\/2026\/02\/hugo_motta.webp\" \/>\n\t<meta property=\"og:image:width\" content=\"768\" \/>\n\t<meta property=\"og:image:height\" content=\"474\" \/>\n\t<meta property=\"og:image:type\" content=\"image\/webp\" \/>\n<meta name=\"author\" content=\"Reda\u00e7\u00e3o\" \/>\n<meta name=\"twitter:card\" content=\"summary_large_image\" \/>\n<meta name=\"twitter:label1\" content=\"Escrito por\" \/>\n\t<meta name=\"twitter:data1\" content=\"Reda\u00e7\u00e3o\" \/>\n\t<meta name=\"twitter:label2\" content=\"Est. tempo de leitura\" \/>\n\t<meta name=\"twitter:data2\" content=\"2 minutos\" \/>\n<script type=\"application\/ld+json\" class=\"yoast-schema-graph\">{\"@context\":\"https:\/\/schema.org\",\"@graph\":[{\"@type\":\"Article\",\"@id\":\"https:\/\/noticiaempauta.com\/portal\/fim-da-escala-6x1-e-possivel-que-possamos-votar-a-pec-ate-maio-diz-motta\/#article\",\"isPartOf\":{\"@id\":\"https:\/\/noticiaempauta.com\/portal\/fim-da-escala-6x1-e-possivel-que-possamos-votar-a-pec-ate-maio-diz-motta\/\"},\"author\":{\"name\":\"Reda\u00e7\u00e3o\",\"@id\":\"https:\/\/noticiaempauta.com\/portal\/#\/schema\/person\/a74af43dd1ab3deca45f988c717d57ac\"},\"headline\":\"Fim da escala 6\u00d71: &#8220;\u00c9 poss\u00edvel que possamos votar a PEC at\u00e9 maio&#8221;, diz Motta\",\"datePublished\":\"2026-02-27T20:20:13+00:00\",\"dateModified\":\"2026-02-27T20:20:15+00:00\",\"mainEntityOfPage\":{\"@id\":\"https:\/\/noticiaempauta.com\/portal\/fim-da-escala-6x1-e-possivel-que-possamos-votar-a-pec-ate-maio-diz-motta\/\"},\"wordCount\":283,\"publisher\":{\"@id\":\"https:\/\/noticiaempauta.com\/portal\/#organization\"},\"image\":{\"@id\":\"https:\/\/noticiaempauta.com\/portal\/fim-da-escala-6x1-e-possivel-que-possamos-votar-a-pec-ate-maio-diz-motta\/#primaryimage\"},\"thumbnailUrl\":\"https:\/\/noticiaempauta.com\/portal\/wp-content\/uploads\/2026\/02\/hugo_motta.webp\",\"keywords\":[\"destaqueprincipal\"],\"articleSection\":[\"Destaques\",\"Geral\",\"Todas as Not\u00edcias\"],\"inLanguage\":\"pt-BR\"},{\"@type\":\"WebPage\",\"@id\":\"https:\/\/noticiaempauta.com\/portal\/fim-da-escala-6x1-e-possivel-que-possamos-votar-a-pec-ate-maio-diz-motta\/\",\"url\":\"https:\/\/noticiaempauta.com\/portal\/fim-da-escala-6x1-e-possivel-que-possamos-votar-a-pec-ate-maio-diz-motta\/\",\"name\":\"Fim da escala 6\u00d71: \\\"\u00c9 poss\u00edvel que possamos votar a PEC at\u00e9 maio\\\", diz Motta - Portal Not\u00edcia em Pauta\",\"isPartOf\":{\"@id\":\"https:\/\/noticiaempauta.com\/portal\/#website\"},\"primaryImageOfPage\":{\"@id\":\"https:\/\/noticiaempauta.com\/portal\/fim-da-escala-6x1-e-possivel-que-possamos-votar-a-pec-ate-maio-diz-motta\/#primaryimage\"},\"image\":{\"@id\":\"https:\/\/noticiaempauta.com\/portal\/fim-da-escala-6x1-e-possivel-que-possamos-votar-a-pec-ate-maio-diz-motta\/#primaryimage\"},\"thumbnailUrl\":\"https:\/\/noticiaempauta.com\/portal\/wp-content\/uploads\/2026\/02\/hugo_motta.webp\",\"datePublished\":\"2026-02-27T20:20:13+00:00\",\"dateModified\":\"2026-02-27T20:20:15+00:00\",\"breadcrumb\":{\"@id\":\"https:\/\/noticiaempauta.com\/portal\/fim-da-escala-6x1-e-possivel-que-possamos-votar-a-pec-ate-maio-diz-motta\/#breadcrumb\"},\"inLanguage\":\"pt-BR\",\"potentialAction\":[{\"@type\":\"ReadAction\",\"target\":[\"https:\/\/noticiaempauta.com\/portal\/fim-da-escala-6x1-e-possivel-que-possamos-votar-a-pec-ate-maio-diz-motta\/\"]}]},{\"@type\":\"ImageObject\",\"inLanguage\":\"pt-BR\",\"@id\":\"https:\/\/noticiaempauta.com\/portal\/fim-da-escala-6x1-e-possivel-que-possamos-votar-a-pec-ate-maio-diz-motta\/#primaryimage\",\"url\":\"https:\/\/noticiaempauta.com\/portal\/wp-content\/uploads\/2026\/02\/hugo_motta.webp\",\"contentUrl\":\"https:\/\/noticiaempauta.com\/portal\/wp-content\/uploads\/2026\/02\/hugo_motta.webp\",\"width\":768,\"height\":474},{\"@type\":\"BreadcrumbList\",\"@id\":\"https:\/\/noticiaempauta.com\/portal\/fim-da-escala-6x1-e-possivel-que-possamos-votar-a-pec-ate-maio-diz-motta\/#breadcrumb\",\"itemListElement\":[{\"@type\":\"ListItem\",\"position\":1,\"name\":\"P\u00e1gina Inicial\",\"item\":\"https:\/\/noticiaempauta.com\/portal\/\"},{\"@type\":\"ListItem\",\"position\":2,\"name\":\"Destaques\",\"item\":\"https:\/\/noticiaempauta.com\/portal\/destaques-site\/\"},{\"@type\":\"ListItem\",\"position\":3,\"name\":\"Fim da escala 6\u00d71: &#8220;\u00c9 poss\u00edvel que possamos votar a PEC at\u00e9 maio&#8221;, diz Motta\"}]},{\"@type\":\"WebSite\",\"@id\":\"https:\/\/noticiaempauta.com\/portal\/#website\",\"url\":\"https:\/\/noticiaempauta.com\/portal\/\",\"name\":\"Portal Not\u00edcia em Pauta\",\"description\":\"Voc\u00ea bem informado\",\"publisher\":{\"@id\":\"https:\/\/noticiaempauta.com\/portal\/#organization\"},\"potentialAction\":[{\"@type\":\"SearchAction\",\"target\":{\"@type\":\"EntryPoint\",\"urlTemplate\":\"https:\/\/noticiaempauta.com\/portal\/?s={search_term_string}\"},\"query-input\":{\"@type\":\"PropertyValueSpecification\",\"valueRequired\":true,\"valueName\":\"search_term_string\"}}],\"inLanguage\":\"pt-BR\"},{\"@type\":\"Organization\",\"@id\":\"https:\/\/noticiaempauta.com\/portal\/#organization\",\"name\":\"Portal Not\u00edcia em Pauta\",\"url\":\"https:\/\/noticiaempauta.com\/portal\/\",\"logo\":{\"@type\":\"ImageObject\",\"inLanguage\":\"pt-BR\",\"@id\":\"https:\/\/noticiaempauta.com\/portal\/#\/schema\/logo\/image\/\",\"url\":\"https:\/\/noticiaempauta.com\/portal\/wp-content\/uploads\/2022\/08\/logomarca_tema.fw_.png\",\"contentUrl\":\"https:\/\/noticiaempauta.com\/portal\/wp-content\/uploads\/2022\/08\/logomarca_tema.fw_.png\",\"width\":400,\"height\":232,\"caption\":\"Portal Not\u00edcia em Pauta\"},\"image\":{\"@id\":\"https:\/\/noticiaempauta.com\/portal\/#\/schema\/logo\/image\/\"},\"sameAs\":[\"https:\/\/www.facebook.com\/Portal-Notcia-Em-Pauta-102292869264820\/\",\"https:\/\/www.instagram.com\/portalnoticiaempauta\/\"]},{\"@type\":\"Person\",\"@id\":\"https:\/\/noticiaempauta.com\/portal\/#\/schema\/person\/a74af43dd1ab3deca45f988c717d57ac\",\"name\":\"Reda\u00e7\u00e3o\",\"image\":{\"@type\":\"ImageObject\",\"inLanguage\":\"pt-BR\",\"@id\":\"https:\/\/noticiaempauta.com\/portal\/#\/schema\/person\/image\/\",\"url\":\"https:\/\/secure.gravatar.com\/avatar\/03179346ecce6cdfc13361603e8f54242a90e5cde8618fa23c5c00aa2b0aadf3?s=96&d=mm&r=g\",\"contentUrl\":\"https:\/\/secure.gravatar.com\/avatar\/03179346ecce6cdfc13361603e8f54242a90e5cde8618fa23c5c00aa2b0aadf3?s=96&d=mm&r=g\",\"caption\":\"Reda\u00e7\u00e3o\"},\"sameAs\":[\"https:\/\/noticiaempauta.com\/portal\/\"],\"url\":\"https:\/\/noticiaempauta.com\/portal\/author\/fernando\/\"}]}<\/script>\n<!-- \/ Yoast SEO Premium plugin. -->","yoast_head_json":{"title":"Fim da escala 6\u00d71: \"\u00c9 poss\u00edvel que possamos votar a PEC at\u00e9 maio\", diz Motta - Portal Not\u00edcia em Pauta","robots":{"index":"index","follow":"follow","max-snippet":"max-snippet:-1","max-image-preview":"max-image-preview:large","max-video-preview":"max-video-preview:-1"},"canonical":"https:\/\/noticiaempauta.com\/portal\/fim-da-escala-6x1-e-possivel-que-possamos-votar-a-pec-ate-maio-diz-motta\/","og_locale":"pt_BR","og_type":"article","og_title":"Fim da escala 6\u00d71: \"\u00c9 poss\u00edvel que possamos votar a PEC at\u00e9 maio\", diz Motta","og_description":"O\u00a0presidente da C\u00e2mara dos Deputados, Hugo Motta\u00a0(Republicanos-PB), afirmou, nesta quinta-feira (26), que a proposta de emenda \u00e0 Constitui\u00e7\u00e3o que\u00a0extingue a jornada de trabalho no modelo 6\u00d71\u00a0poder\u00e1 ser apreciada pelo plen\u00e1rio at\u00e9 maio. Segundo Motta, o cen\u00e1rio pol\u00edtico indica possibilidade de avan\u00e7o, desde que sejam considerados os efeitos econ\u00f4micos e sociais da medida. Em declara\u00e7\u00e3o ao [&hellip;]","og_url":"https:\/\/noticiaempauta.com\/portal\/fim-da-escala-6x1-e-possivel-que-possamos-votar-a-pec-ate-maio-diz-motta\/","og_site_name":"Portal Not\u00edcia em Pauta","article_publisher":"https:\/\/www.facebook.com\/Portal-Notcia-Em-Pauta-102292869264820\/","article_published_time":"2026-02-27T20:20:13+00:00","article_modified_time":"2026-02-27T20:20:15+00:00","og_image":[{"width":768,"height":474,"url":"https:\/\/noticiaempauta.com\/portal\/wp-content\/uploads\/2026\/02\/hugo_motta.webp","type":"image\/webp"}],"author":"Reda\u00e7\u00e3o","twitter_card":"summary_large_image","twitter_misc":{"Escrito por":"Reda\u00e7\u00e3o","Est. tempo de leitura":"2 minutos"},"schema":{"@context":"https:\/\/schema.org","@graph":[{"@type":"Article","@id":"https:\/\/noticiaempauta.com\/portal\/fim-da-escala-6x1-e-possivel-que-possamos-votar-a-pec-ate-maio-diz-motta\/#article","isPartOf":{"@id":"https:\/\/noticiaempauta.com\/portal\/fim-da-escala-6x1-e-possivel-que-possamos-votar-a-pec-ate-maio-diz-motta\/"},"author":{"name":"Reda\u00e7\u00e3o","@id":"https:\/\/noticiaempauta.com\/portal\/#\/schema\/person\/a74af43dd1ab3deca45f988c717d57ac"},"headline":"Fim da escala 6\u00d71: &#8220;\u00c9 poss\u00edvel que possamos votar a PEC at\u00e9 maio&#8221;, diz Motta","datePublished":"2026-02-27T20:20:13+00:00","dateModified":"2026-02-27T20:20:15+00:00","mainEntityOfPage":{"@id":"https:\/\/noticiaempauta.com\/portal\/fim-da-escala-6x1-e-possivel-que-possamos-votar-a-pec-ate-maio-diz-motta\/"},"wordCount":283,"publisher":{"@id":"https:\/\/noticiaempauta.com\/portal\/#organization"},"image":{"@id":"https:\/\/noticiaempauta.com\/portal\/fim-da-escala-6x1-e-possivel-que-possamos-votar-a-pec-ate-maio-diz-motta\/#primaryimage"},"thumbnailUrl":"https:\/\/noticiaempauta.com\/portal\/wp-content\/uploads\/2026\/02\/hugo_motta.webp","keywords":["destaqueprincipal"],"articleSection":["Destaques","Geral","Todas as Not\u00edcias"],"inLanguage":"pt-BR"},{"@type":"WebPage","@id":"https:\/\/noticiaempauta.com\/portal\/fim-da-escala-6x1-e-possivel-que-possamos-votar-a-pec-ate-maio-diz-motta\/","url":"https:\/\/noticiaempauta.com\/portal\/fim-da-escala-6x1-e-possivel-que-possamos-votar-a-pec-ate-maio-diz-motta\/","name":"Fim da escala 6\u00d71: \"\u00c9 poss\u00edvel que possamos votar a PEC at\u00e9 maio\", diz Motta - Portal Not\u00edcia em Pauta","isPartOf":{"@id":"https:\/\/noticiaempauta.com\/portal\/#website"},"primaryImageOfPage":{"@id":"https:\/\/noticiaempauta.com\/portal\/fim-da-escala-6x1-e-possivel-que-possamos-votar-a-pec-ate-maio-diz-motta\/#primaryimage"},"image":{"@id":"https:\/\/noticiaempauta.com\/portal\/fim-da-escala-6x1-e-possivel-que-possamos-votar-a-pec-ate-maio-diz-motta\/#primaryimage"},"thumbnailUrl":"https:\/\/noticiaempauta.com\/portal\/wp-content\/uploads\/2026\/02\/hugo_motta.webp","datePublished":"2026-02-27T20:20:13+00:00","dateModified":"2026-02-27T20:20:15+00:00","breadcrumb":{"@id":"https:\/\/noticiaempauta.com\/portal\/fim-da-escala-6x1-e-possivel-que-possamos-votar-a-pec-ate-maio-diz-motta\/#breadcrumb"},"inLanguage":"pt-BR","potentialAction":[{"@type":"ReadAction","target":["https:\/\/noticiaempauta.com\/portal\/fim-da-escala-6x1-e-possivel-que-possamos-votar-a-pec-ate-maio-diz-motta\/"]}]},{"@type":"ImageObject","inLanguage":"pt-BR","@id":"https:\/\/noticiaempauta.com\/portal\/fim-da-escala-6x1-e-possivel-que-possamos-votar-a-pec-ate-maio-diz-motta\/#primaryimage","url":"https:\/\/noticiaempauta.com\/portal\/wp-content\/uploads\/2026\/02\/hugo_motta.webp","contentUrl":"https:\/\/noticiaempauta.com\/portal\/wp-content\/uploads\/2026\/02\/hugo_motta.webp","width":768,"height":474},{"@type":"BreadcrumbList","@id":"https:\/\/noticiaempauta.com\/portal\/fim-da-escala-6x1-e-possivel-que-possamos-votar-a-pec-ate-maio-diz-motta\/#breadcrumb","itemListElement":[{"@type":"ListItem","position":1,"name":"P\u00e1gina Inicial","item":"https:\/\/noticiaempauta.com\/portal\/"},{"@type":"ListItem","position":2,"name":"Destaques","item":"https:\/\/noticiaempauta.com\/portal\/destaques-site\/"},{"@type":"ListItem","position":3,"name":"Fim da escala 6\u00d71: &#8220;\u00c9 poss\u00edvel que possamos votar a PEC at\u00e9 maio&#8221;, diz Motta"}]},{"@type":"WebSite","@id":"https:\/\/noticiaempauta.com\/portal\/#website","url":"https:\/\/noticiaempauta.com\/portal\/","name":"Portal Not\u00edcia em Pauta","description":"Voc\u00ea bem informado","publisher":{"@id":"https:\/\/noticiaempauta.com\/portal\/#organization"},"potentialAction":[{"@type":"SearchAction","target":{"@type":"EntryPoint","urlTemplate":"https:\/\/noticiaempauta.com\/portal\/?s={search_term_string}"},"query-input":{"@type":"PropertyValueSpecification","valueRequired":true,"valueName":"search_term_string"}}],"inLanguage":"pt-BR"},{"@type":"Organization","@id":"https:\/\/noticiaempauta.com\/portal\/#organization","name":"Portal Not\u00edcia em Pauta","url":"https:\/\/noticiaempauta.com\/portal\/","logo":{"@type":"ImageObject","inLanguage":"pt-BR","@id":"https:\/\/noticiaempauta.com\/portal\/#\/schema\/logo\/image\/","url":"https:\/\/noticiaempauta.com\/portal\/wp-content\/uploads\/2022\/08\/logomarca_tema.fw_.png","contentUrl":"https:\/\/noticiaempauta.com\/portal\/wp-content\/uploads\/2022\/08\/logomarca_tema.fw_.png","width":400,"height":232,"caption":"Portal Not\u00edcia em Pauta"},"image":{"@id":"https:\/\/noticiaempauta.com\/portal\/#\/schema\/logo\/image\/"},"sameAs":["https:\/\/www.facebook.com\/Portal-Notcia-Em-Pauta-102292869264820\/","https:\/\/www.instagram.com\/portalnoticiaempauta\/"]},{"@type":"Person","@id":"https:\/\/noticiaempauta.com\/portal\/#\/schema\/person\/a74af43dd1ab3deca45f988c717d57ac","name":"Reda\u00e7\u00e3o","image":{"@type":"ImageObject","inLanguage":"pt-BR","@id":"https:\/\/noticiaempauta.com\/portal\/#\/schema\/person\/image\/","url":"https:\/\/secure.gravatar.com\/avatar\/03179346ecce6cdfc13361603e8f54242a90e5cde8618fa23c5c00aa2b0aadf3?s=96&d=mm&r=g","contentUrl":"https:\/\/secure.gravatar.com\/avatar\/03179346ecce6cdfc13361603e8f54242a90e5cde8618fa23c5c00aa2b0aadf3?s=96&d=mm&r=g","caption":"Reda\u00e7\u00e3o"},"sameAs":["https:\/\/noticiaempauta.com\/portal\/"],"url":"https:\/\/noticiaempauta.com\/portal\/author\/fernando\/"}]}},"_links":{"self":[{"href":"https:\/\/noticiaempauta.com\/portal\/wp-json\/wp\/v2\/posts\/285810","targetHints":{"allow":["GET"]}}],"collection":[{"href":"https:\/\/noticiaempauta.com\/portal\/wp-json\/wp\/v2\/posts"}],"about":[{"href":"https:\/\/noticiaempauta.com\/portal\/wp-json\/wp\/v2\/types\/post"}],"author":[{"embeddable":true,"href":"https:\/\/noticiaempauta.com\/portal\/wp-json\/wp\/v2\/users\/2"}],"replies":[{"embeddable":true,"href":"https:\/\/noticiaempauta.com\/portal\/wp-json\/wp\/v2\/comments?post=285810"}],"version-history":[{"count":2,"href":"https:\/\/noticiaempauta.com\/portal\/wp-json\/wp\/v2\/posts\/285810\/revisions"}],"predecessor-version":[{"id":285813,"href":"https:\/\/noticiaempauta.com\/portal\/wp-json\/wp\/v2\/posts\/285810\/revisions\/285813"}],"wp:featuredmedia":[{"embeddable":true,"href":"https:\/\/noticiaempauta.com\/portal\/wp-json\/wp\/v2\/media\/285811"}],"wp:attachment":[{"href":"https:\/\/noticiaempauta.com\/portal\/wp-json\/wp\/v2\/media?parent=285810"}],"wp:term":[{"taxonomy":"category","embeddable":true,"href":"https:\/\/noticiaempauta.com\/portal\/wp-json\/wp\/v2\/categories?post=285810"},{"taxonomy":"post_tag","embeddable":true,"href":"https:\/\/noticiaempauta.com\/portal\/wp-json\/wp\/v2\/tags?post=285810"}],"curies":[{"name":"wp","href":"https:\/\/api.w.org\/{rel}","templated":true}]}}