{"id":285818,"date":"2026-02-28T07:51:20","date_gmt":"2026-02-28T10:51:20","guid":{"rendered":"https:\/\/noticiaempauta.com\/portal\/?p=285818"},"modified":"2026-02-28T07:51:22","modified_gmt":"2026-02-28T10:51:22","slug":"piaui-lidera-ensino-tecnico-e-amplia-matriculas-em-tempo-integral-aponta-censo-2025","status":"publish","type":"post","link":"https:\/\/noticiaempauta.com\/portal\/piaui-lidera-ensino-tecnico-e-amplia-matriculas-em-tempo-integral-aponta-censo-2025\/","title":{"rendered":"Piau\u00ed lidera ensino t\u00e9cnico e amplia matr\u00edculas em tempo integral, aponta Censo 2025"},"content":{"rendered":"\n<p>O Piau\u00ed conquistou o 1\u00ba lugar no Brasil em matr\u00edculas no Ensino em Tempo Integral, tanto no Ensino M\u00e9dio quanto no Ensino Fundamental da rede p\u00fablica.\u00a0Os dados s\u00e3o do\u00a0Censo Escolar 2025,\u00a0divulgado nesta quinta-feira (26) pelo Minist\u00e9rio da Educa\u00e7\u00e3o.\u00a0O estado tamb\u00e9m lidera nacionalmente as matr\u00edculas no Ensino T\u00e9cnico.<\/p>\n\n\n\n<figure class=\"wp-block-image size-large\"><img fetchpriority=\"high\" decoding=\"async\" width=\"1024\" height=\"682\" src=\"https:\/\/noticiaempauta.com\/portal\/wp-content\/uploads\/2026\/02\/escola-ceti-didacio-silva-23-scaled-1-1024x682.webp\" alt=\"\" class=\"wp-image-285365\" srcset=\"https:\/\/noticiaempauta.com\/portal\/wp-content\/uploads\/2026\/02\/escola-ceti-didacio-silva-23-scaled-1-1024x682.webp 1024w, https:\/\/noticiaempauta.com\/portal\/wp-content\/uploads\/2026\/02\/escola-ceti-didacio-silva-23-scaled-1-300x200.webp 300w, https:\/\/noticiaempauta.com\/portal\/wp-content\/uploads\/2026\/02\/escola-ceti-didacio-silva-23-scaled-1-768x512.webp 768w, https:\/\/noticiaempauta.com\/portal\/wp-content\/uploads\/2026\/02\/escola-ceti-didacio-silva-23-scaled-1-1536x1024.webp 1536w, https:\/\/noticiaempauta.com\/portal\/wp-content\/uploads\/2026\/02\/escola-ceti-didacio-silva-23-scaled-1-2048x1365.webp 2048w\" sizes=\"(max-width: 1024px) 100vw, 1024px\" \/><figcaption class=\"wp-element-caption\"><em>(Foto: Reprodu\u00e7\u00e3o)<\/em><\/figcaption><\/figure>\n\n\n\n<p>Segundo a apresenta\u00e7\u00e3o oficial do Inep,\u00a068,8% das matr\u00edculas do ensino m\u00e9dio da rede p\u00fablica no Piau\u00ed est\u00e3o vinculadas a cursos t\u00e9cnicos integrados ou concomitantes, o maior percentual do pa\u00eds. O \u00edndice \u00e9 praticamente o dobro do segundo colocado, a Para\u00edba (34,7%), e supera com ampla margem a m\u00e9dia nacional, que \u00e9 de 20,1%.<\/p>\n\n\n\n<p>O levantamento tamb\u00e9m destaca a\u00a0expans\u00e3o do Ensino M\u00e9dio em Tempo Integral no estado. Entre 2023 e 2025, o Piau\u00ed universalizou o modelo na rede estadual, passando de\u00a096 para 496 escolas nessa modalidade e alcan\u00e7ando 100% das unidades de Ensino M\u00e9dio.<\/p>\n\n\n\n<p>\u201cCom o resultado do Censo 2025, o Piau\u00ed se consolida como a maior refer\u00eancia do pa\u00eds em educa\u00e7\u00e3o p\u00fablica de qualidade. Somos campe\u00f5es nacionais em Tempo Integral e em Ensino T\u00e9cnico, mostrando que \u00e9 poss\u00edvel oferecer mais oportunidades aos nossos jovens\u201d, afirmou o governador Rafael Fonteles.<\/p>\n\n\n\n<p>A amplia\u00e7\u00e3o do tempo integral foi acompanhada por investimentos em infraestrutura.\u00a0Desde 2023, foram conclu\u00eddas 565 obras na rede estadual.\u00a0Mais de 120 escolas foram entregues em\u00a0padr\u00e3o completo, com salas climatizadas, laborat\u00f3rios, bibliotecas, quadras poliesportivas e estrutura adequada ao funcionamento em jornada ampliada.<\/p>\n\n\n\n<p>O\u00a0ent\u00e3o secret\u00e1rio de Educa\u00e7\u00e3o, Washington Bandeira, destacou que a universaliza\u00e7\u00e3o do modelo representa amplia\u00e7\u00e3o de oportunidades para os estudantes.<\/p>\n\n\n\n<p>\u201cTempo Integral \u00e9 mais do que ampliar a carga hor\u00e1ria. \u00c9 garantir mais aulas, mais alimenta\u00e7\u00e3o de qualidade, mais prepara\u00e7\u00e3o para o Enem, mais esporte, mais cultura e uma infraestrutura adequada para que o estudante aprenda melhor. \u00c9 a escola funcionando o dia inteiro, oferecendo tamb\u00e9m forma\u00e7\u00e3o t\u00e9cnica e ampliando as oportunidades de trabalho para os jovens\u201d, destacou.<\/p>\n\n\n\n<p>O atual secret\u00e1rio de Educa\u00e7\u00e3o, Rodrigo Torres,\u00a0disse que a meta agora \u00e9 consolidar os resultados com novos investimentos em tecnologia e fortalecimento da aprendizagem.<\/p>\n\n\n\n<p>\u201cVamos ampliar os investimentos em tecnologia, fortalecer a aprendizagem e garantir que cada estudante conclua a educa\u00e7\u00e3o b\u00e1sica mais preparado para o ensino superior e para o mundo do trabalho.\u201d, afirmou.<\/p>\n\n\n\n<p>Fonte: Cidade Verde<\/p>\n","protected":false},"excerpt":{"rendered":"<p>O Piau\u00ed conquistou o 1\u00ba lugar no Brasil em matr\u00edculas no Ensino em Tempo Integral, tanto no Ensino M\u00e9dio quanto no Ensino Fundamental da rede p\u00fablica.\u00a0Os dados s\u00e3o do\u00a0Censo Escolar 2025,\u00a0divulgado nesta quinta-feira (26) pelo Minist\u00e9rio da Educa\u00e7\u00e3o.\u00a0O estado tamb\u00e9m lidera nacionalmente as matr\u00edculas no Ensino T\u00e9cnico. Segundo a apresenta\u00e7\u00e3o oficial do Inep,\u00a068,8% das matr\u00edculas [&hellip;]<\/p>\n","protected":false},"author":2,"featured_media":285365,"comment_status":"closed","ping_status":"closed","sticky":false,"template":"","format":"standard","meta":{"_mi_skip_tracking":false,"footnotes":""},"categories":[25,1,16],"tags":[192],"class_list":["post-285818","post","type-post","status-publish","format-standard","has-post-thumbnail","hentry","category-destaques-site","category-geral","category-todas","tag-destaqueprincipal"],"acf":[],"yoast_head":"<!-- This site is optimized with the Yoast SEO Premium plugin v19.2 (Yoast SEO v26.9) - https:\/\/yoast.com\/product\/yoast-seo-premium-wordpress\/ -->\n<title>Piau\u00ed lidera ensino t\u00e9cnico e amplia matr\u00edculas em tempo integral, aponta Censo 2025 - Portal Not\u00edcia em Pauta<\/title>\n<meta name=\"robots\" content=\"index, follow, max-snippet:-1, max-image-preview:large, max-video-preview:-1\" \/>\n<link rel=\"canonical\" href=\"https:\/\/noticiaempauta.com\/portal\/piaui-lidera-ensino-tecnico-e-amplia-matriculas-em-tempo-integral-aponta-censo-2025\/\" \/>\n<meta property=\"og:locale\" content=\"pt_BR\" \/>\n<meta property=\"og:type\" content=\"article\" \/>\n<meta property=\"og:title\" content=\"Piau\u00ed lidera ensino t\u00e9cnico e amplia matr\u00edculas em tempo integral, aponta Censo 2025\" \/>\n<meta property=\"og:description\" content=\"O Piau\u00ed conquistou o 1\u00ba lugar no Brasil em matr\u00edculas no Ensino em Tempo Integral, tanto no Ensino M\u00e9dio quanto no Ensino Fundamental da rede p\u00fablica.\u00a0Os dados s\u00e3o do\u00a0Censo Escolar 2025,\u00a0divulgado nesta quinta-feira (26) pelo Minist\u00e9rio da Educa\u00e7\u00e3o.\u00a0O estado tamb\u00e9m lidera nacionalmente as matr\u00edculas no Ensino T\u00e9cnico. Segundo a apresenta\u00e7\u00e3o oficial do Inep,\u00a068,8% das matr\u00edculas [&hellip;]\" \/>\n<meta property=\"og:url\" content=\"https:\/\/noticiaempauta.com\/portal\/piaui-lidera-ensino-tecnico-e-amplia-matriculas-em-tempo-integral-aponta-censo-2025\/\" \/>\n<meta property=\"og:site_name\" content=\"Portal Not\u00edcia em Pauta\" \/>\n<meta property=\"article:publisher\" content=\"https:\/\/www.facebook.com\/Portal-Notcia-Em-Pauta-102292869264820\/\" \/>\n<meta property=\"article:published_time\" content=\"2026-02-28T10:51:20+00:00\" \/>\n<meta property=\"article:modified_time\" content=\"2026-02-28T10:51:22+00:00\" \/>\n<meta property=\"og:image\" content=\"https:\/\/noticiaempauta.com\/portal\/wp-content\/uploads\/2026\/02\/escola-ceti-didacio-silva-23-scaled-1.webp\" \/>\n\t<meta property=\"og:image:width\" content=\"2560\" \/>\n\t<meta property=\"og:image:height\" content=\"1706\" \/>\n\t<meta property=\"og:image:type\" content=\"image\/webp\" \/>\n<meta name=\"author\" content=\"Reda\u00e7\u00e3o\" \/>\n<meta name=\"twitter:card\" content=\"summary_large_image\" \/>\n<meta name=\"twitter:label1\" content=\"Escrito por\" \/>\n\t<meta name=\"twitter:data1\" content=\"Reda\u00e7\u00e3o\" \/>\n\t<meta name=\"twitter:label2\" content=\"Est. tempo de leitura\" \/>\n\t<meta name=\"twitter:data2\" content=\"3 minutos\" \/>\n<script type=\"application\/ld+json\" class=\"yoast-schema-graph\">{\"@context\":\"https:\/\/schema.org\",\"@graph\":[{\"@type\":\"Article\",\"@id\":\"https:\/\/noticiaempauta.com\/portal\/piaui-lidera-ensino-tecnico-e-amplia-matriculas-em-tempo-integral-aponta-censo-2025\/#article\",\"isPartOf\":{\"@id\":\"https:\/\/noticiaempauta.com\/portal\/piaui-lidera-ensino-tecnico-e-amplia-matriculas-em-tempo-integral-aponta-censo-2025\/\"},\"author\":{\"name\":\"Reda\u00e7\u00e3o\",\"@id\":\"https:\/\/noticiaempauta.com\/portal\/#\/schema\/person\/a74af43dd1ab3deca45f988c717d57ac\"},\"headline\":\"Piau\u00ed lidera ensino t\u00e9cnico e amplia matr\u00edculas em tempo integral, aponta Censo 2025\",\"datePublished\":\"2026-02-28T10:51:20+00:00\",\"dateModified\":\"2026-02-28T10:51:22+00:00\",\"mainEntityOfPage\":{\"@id\":\"https:\/\/noticiaempauta.com\/portal\/piaui-lidera-ensino-tecnico-e-amplia-matriculas-em-tempo-integral-aponta-censo-2025\/\"},\"wordCount\":418,\"publisher\":{\"@id\":\"https:\/\/noticiaempauta.com\/portal\/#organization\"},\"image\":{\"@id\":\"https:\/\/noticiaempauta.com\/portal\/piaui-lidera-ensino-tecnico-e-amplia-matriculas-em-tempo-integral-aponta-censo-2025\/#primaryimage\"},\"thumbnailUrl\":\"https:\/\/noticiaempauta.com\/portal\/wp-content\/uploads\/2026\/02\/escola-ceti-didacio-silva-23-scaled-1.webp\",\"keywords\":[\"destaqueprincipal\"],\"articleSection\":[\"Destaques\",\"Geral\",\"Todas as Not\u00edcias\"],\"inLanguage\":\"pt-BR\"},{\"@type\":\"WebPage\",\"@id\":\"https:\/\/noticiaempauta.com\/portal\/piaui-lidera-ensino-tecnico-e-amplia-matriculas-em-tempo-integral-aponta-censo-2025\/\",\"url\":\"https:\/\/noticiaempauta.com\/portal\/piaui-lidera-ensino-tecnico-e-amplia-matriculas-em-tempo-integral-aponta-censo-2025\/\",\"name\":\"Piau\u00ed lidera ensino t\u00e9cnico e amplia matr\u00edculas em tempo integral, aponta Censo 2025 - Portal Not\u00edcia em Pauta\",\"isPartOf\":{\"@id\":\"https:\/\/noticiaempauta.com\/portal\/#website\"},\"primaryImageOfPage\":{\"@id\":\"https:\/\/noticiaempauta.com\/portal\/piaui-lidera-ensino-tecnico-e-amplia-matriculas-em-tempo-integral-aponta-censo-2025\/#primaryimage\"},\"image\":{\"@id\":\"https:\/\/noticiaempauta.com\/portal\/piaui-lidera-ensino-tecnico-e-amplia-matriculas-em-tempo-integral-aponta-censo-2025\/#primaryimage\"},\"thumbnailUrl\":\"https:\/\/noticiaempauta.com\/portal\/wp-content\/uploads\/2026\/02\/escola-ceti-didacio-silva-23-scaled-1.webp\",\"datePublished\":\"2026-02-28T10:51:20+00:00\",\"dateModified\":\"2026-02-28T10:51:22+00:00\",\"breadcrumb\":{\"@id\":\"https:\/\/noticiaempauta.com\/portal\/piaui-lidera-ensino-tecnico-e-amplia-matriculas-em-tempo-integral-aponta-censo-2025\/#breadcrumb\"},\"inLanguage\":\"pt-BR\",\"potentialAction\":[{\"@type\":\"ReadAction\",\"target\":[\"https:\/\/noticiaempauta.com\/portal\/piaui-lidera-ensino-tecnico-e-amplia-matriculas-em-tempo-integral-aponta-censo-2025\/\"]}]},{\"@type\":\"ImageObject\",\"inLanguage\":\"pt-BR\",\"@id\":\"https:\/\/noticiaempauta.com\/portal\/piaui-lidera-ensino-tecnico-e-amplia-matriculas-em-tempo-integral-aponta-censo-2025\/#primaryimage\",\"url\":\"https:\/\/noticiaempauta.com\/portal\/wp-content\/uploads\/2026\/02\/escola-ceti-didacio-silva-23-scaled-1.webp\",\"contentUrl\":\"https:\/\/noticiaempauta.com\/portal\/wp-content\/uploads\/2026\/02\/escola-ceti-didacio-silva-23-scaled-1.webp\",\"width\":2560,\"height\":1706},{\"@type\":\"BreadcrumbList\",\"@id\":\"https:\/\/noticiaempauta.com\/portal\/piaui-lidera-ensino-tecnico-e-amplia-matriculas-em-tempo-integral-aponta-censo-2025\/#breadcrumb\",\"itemListElement\":[{\"@type\":\"ListItem\",\"position\":1,\"name\":\"P\u00e1gina Inicial\",\"item\":\"https:\/\/noticiaempauta.com\/portal\/\"},{\"@type\":\"ListItem\",\"position\":2,\"name\":\"Destaques\",\"item\":\"https:\/\/noticiaempauta.com\/portal\/destaques-site\/\"},{\"@type\":\"ListItem\",\"position\":3,\"name\":\"Piau\u00ed lidera ensino t\u00e9cnico e amplia matr\u00edculas em tempo integral, aponta Censo 2025\"}]},{\"@type\":\"WebSite\",\"@id\":\"https:\/\/noticiaempauta.com\/portal\/#website\",\"url\":\"https:\/\/noticiaempauta.com\/portal\/\",\"name\":\"Portal Not\u00edcia em Pauta\",\"description\":\"Voc\u00ea bem informado\",\"publisher\":{\"@id\":\"https:\/\/noticiaempauta.com\/portal\/#organization\"},\"potentialAction\":[{\"@type\":\"SearchAction\",\"target\":{\"@type\":\"EntryPoint\",\"urlTemplate\":\"https:\/\/noticiaempauta.com\/portal\/?s={search_term_string}\"},\"query-input\":{\"@type\":\"PropertyValueSpecification\",\"valueRequired\":true,\"valueName\":\"search_term_string\"}}],\"inLanguage\":\"pt-BR\"},{\"@type\":\"Organization\",\"@id\":\"https:\/\/noticiaempauta.com\/portal\/#organization\",\"name\":\"Portal Not\u00edcia em Pauta\",\"url\":\"https:\/\/noticiaempauta.com\/portal\/\",\"logo\":{\"@type\":\"ImageObject\",\"inLanguage\":\"pt-BR\",\"@id\":\"https:\/\/noticiaempauta.com\/portal\/#\/schema\/logo\/image\/\",\"url\":\"https:\/\/noticiaempauta.com\/portal\/wp-content\/uploads\/2022\/08\/logomarca_tema.fw_.png\",\"contentUrl\":\"https:\/\/noticiaempauta.com\/portal\/wp-content\/uploads\/2022\/08\/logomarca_tema.fw_.png\",\"width\":400,\"height\":232,\"caption\":\"Portal Not\u00edcia em Pauta\"},\"image\":{\"@id\":\"https:\/\/noticiaempauta.com\/portal\/#\/schema\/logo\/image\/\"},\"sameAs\":[\"https:\/\/www.facebook.com\/Portal-Notcia-Em-Pauta-102292869264820\/\",\"https:\/\/www.instagram.com\/portalnoticiaempauta\/\"]},{\"@type\":\"Person\",\"@id\":\"https:\/\/noticiaempauta.com\/portal\/#\/schema\/person\/a74af43dd1ab3deca45f988c717d57ac\",\"name\":\"Reda\u00e7\u00e3o\",\"image\":{\"@type\":\"ImageObject\",\"inLanguage\":\"pt-BR\",\"@id\":\"https:\/\/noticiaempauta.com\/portal\/#\/schema\/person\/image\/\",\"url\":\"https:\/\/secure.gravatar.com\/avatar\/03179346ecce6cdfc13361603e8f54242a90e5cde8618fa23c5c00aa2b0aadf3?s=96&d=mm&r=g\",\"contentUrl\":\"https:\/\/secure.gravatar.com\/avatar\/03179346ecce6cdfc13361603e8f54242a90e5cde8618fa23c5c00aa2b0aadf3?s=96&d=mm&r=g\",\"caption\":\"Reda\u00e7\u00e3o\"},\"sameAs\":[\"https:\/\/noticiaempauta.com\/portal\/\"],\"url\":\"https:\/\/noticiaempauta.com\/portal\/author\/fernando\/\"}]}<\/script>\n<!-- \/ Yoast SEO Premium plugin. -->","yoast_head_json":{"title":"Piau\u00ed lidera ensino t\u00e9cnico e amplia matr\u00edculas em tempo integral, aponta Censo 2025 - Portal Not\u00edcia em Pauta","robots":{"index":"index","follow":"follow","max-snippet":"max-snippet:-1","max-image-preview":"max-image-preview:large","max-video-preview":"max-video-preview:-1"},"canonical":"https:\/\/noticiaempauta.com\/portal\/piaui-lidera-ensino-tecnico-e-amplia-matriculas-em-tempo-integral-aponta-censo-2025\/","og_locale":"pt_BR","og_type":"article","og_title":"Piau\u00ed lidera ensino t\u00e9cnico e amplia matr\u00edculas em tempo integral, aponta Censo 2025","og_description":"O Piau\u00ed conquistou o 1\u00ba lugar no Brasil em matr\u00edculas no Ensino em Tempo Integral, tanto no Ensino M\u00e9dio quanto no Ensino Fundamental da rede p\u00fablica.\u00a0Os dados s\u00e3o do\u00a0Censo Escolar 2025,\u00a0divulgado nesta quinta-feira (26) pelo Minist\u00e9rio da Educa\u00e7\u00e3o.\u00a0O estado tamb\u00e9m lidera nacionalmente as matr\u00edculas no Ensino T\u00e9cnico. Segundo a apresenta\u00e7\u00e3o oficial do Inep,\u00a068,8% das matr\u00edculas [&hellip;]","og_url":"https:\/\/noticiaempauta.com\/portal\/piaui-lidera-ensino-tecnico-e-amplia-matriculas-em-tempo-integral-aponta-censo-2025\/","og_site_name":"Portal Not\u00edcia em Pauta","article_publisher":"https:\/\/www.facebook.com\/Portal-Notcia-Em-Pauta-102292869264820\/","article_published_time":"2026-02-28T10:51:20+00:00","article_modified_time":"2026-02-28T10:51:22+00:00","og_image":[{"width":2560,"height":1706,"url":"https:\/\/noticiaempauta.com\/portal\/wp-content\/uploads\/2026\/02\/escola-ceti-didacio-silva-23-scaled-1.webp","type":"image\/webp"}],"author":"Reda\u00e7\u00e3o","twitter_card":"summary_large_image","twitter_misc":{"Escrito por":"Reda\u00e7\u00e3o","Est. tempo de leitura":"3 minutos"},"schema":{"@context":"https:\/\/schema.org","@graph":[{"@type":"Article","@id":"https:\/\/noticiaempauta.com\/portal\/piaui-lidera-ensino-tecnico-e-amplia-matriculas-em-tempo-integral-aponta-censo-2025\/#article","isPartOf":{"@id":"https:\/\/noticiaempauta.com\/portal\/piaui-lidera-ensino-tecnico-e-amplia-matriculas-em-tempo-integral-aponta-censo-2025\/"},"author":{"name":"Reda\u00e7\u00e3o","@id":"https:\/\/noticiaempauta.com\/portal\/#\/schema\/person\/a74af43dd1ab3deca45f988c717d57ac"},"headline":"Piau\u00ed lidera ensino t\u00e9cnico e amplia matr\u00edculas em tempo integral, aponta Censo 2025","datePublished":"2026-02-28T10:51:20+00:00","dateModified":"2026-02-28T10:51:22+00:00","mainEntityOfPage":{"@id":"https:\/\/noticiaempauta.com\/portal\/piaui-lidera-ensino-tecnico-e-amplia-matriculas-em-tempo-integral-aponta-censo-2025\/"},"wordCount":418,"publisher":{"@id":"https:\/\/noticiaempauta.com\/portal\/#organization"},"image":{"@id":"https:\/\/noticiaempauta.com\/portal\/piaui-lidera-ensino-tecnico-e-amplia-matriculas-em-tempo-integral-aponta-censo-2025\/#primaryimage"},"thumbnailUrl":"https:\/\/noticiaempauta.com\/portal\/wp-content\/uploads\/2026\/02\/escola-ceti-didacio-silva-23-scaled-1.webp","keywords":["destaqueprincipal"],"articleSection":["Destaques","Geral","Todas as Not\u00edcias"],"inLanguage":"pt-BR"},{"@type":"WebPage","@id":"https:\/\/noticiaempauta.com\/portal\/piaui-lidera-ensino-tecnico-e-amplia-matriculas-em-tempo-integral-aponta-censo-2025\/","url":"https:\/\/noticiaempauta.com\/portal\/piaui-lidera-ensino-tecnico-e-amplia-matriculas-em-tempo-integral-aponta-censo-2025\/","name":"Piau\u00ed lidera ensino t\u00e9cnico e amplia matr\u00edculas em tempo integral, aponta Censo 2025 - Portal Not\u00edcia em Pauta","isPartOf":{"@id":"https:\/\/noticiaempauta.com\/portal\/#website"},"primaryImageOfPage":{"@id":"https:\/\/noticiaempauta.com\/portal\/piaui-lidera-ensino-tecnico-e-amplia-matriculas-em-tempo-integral-aponta-censo-2025\/#primaryimage"},"image":{"@id":"https:\/\/noticiaempauta.com\/portal\/piaui-lidera-ensino-tecnico-e-amplia-matriculas-em-tempo-integral-aponta-censo-2025\/#primaryimage"},"thumbnailUrl":"https:\/\/noticiaempauta.com\/portal\/wp-content\/uploads\/2026\/02\/escola-ceti-didacio-silva-23-scaled-1.webp","datePublished":"2026-02-28T10:51:20+00:00","dateModified":"2026-02-28T10:51:22+00:00","breadcrumb":{"@id":"https:\/\/noticiaempauta.com\/portal\/piaui-lidera-ensino-tecnico-e-amplia-matriculas-em-tempo-integral-aponta-censo-2025\/#breadcrumb"},"inLanguage":"pt-BR","potentialAction":[{"@type":"ReadAction","target":["https:\/\/noticiaempauta.com\/portal\/piaui-lidera-ensino-tecnico-e-amplia-matriculas-em-tempo-integral-aponta-censo-2025\/"]}]},{"@type":"ImageObject","inLanguage":"pt-BR","@id":"https:\/\/noticiaempauta.com\/portal\/piaui-lidera-ensino-tecnico-e-amplia-matriculas-em-tempo-integral-aponta-censo-2025\/#primaryimage","url":"https:\/\/noticiaempauta.com\/portal\/wp-content\/uploads\/2026\/02\/escola-ceti-didacio-silva-23-scaled-1.webp","contentUrl":"https:\/\/noticiaempauta.com\/portal\/wp-content\/uploads\/2026\/02\/escola-ceti-didacio-silva-23-scaled-1.webp","width":2560,"height":1706},{"@type":"BreadcrumbList","@id":"https:\/\/noticiaempauta.com\/portal\/piaui-lidera-ensino-tecnico-e-amplia-matriculas-em-tempo-integral-aponta-censo-2025\/#breadcrumb","itemListElement":[{"@type":"ListItem","position":1,"name":"P\u00e1gina Inicial","item":"https:\/\/noticiaempauta.com\/portal\/"},{"@type":"ListItem","position":2,"name":"Destaques","item":"https:\/\/noticiaempauta.com\/portal\/destaques-site\/"},{"@type":"ListItem","position":3,"name":"Piau\u00ed lidera ensino t\u00e9cnico e amplia matr\u00edculas em tempo integral, aponta Censo 2025"}]},{"@type":"WebSite","@id":"https:\/\/noticiaempauta.com\/portal\/#website","url":"https:\/\/noticiaempauta.com\/portal\/","name":"Portal Not\u00edcia em Pauta","description":"Voc\u00ea bem informado","publisher":{"@id":"https:\/\/noticiaempauta.com\/portal\/#organization"},"potentialAction":[{"@type":"SearchAction","target":{"@type":"EntryPoint","urlTemplate":"https:\/\/noticiaempauta.com\/portal\/?s={search_term_string}"},"query-input":{"@type":"PropertyValueSpecification","valueRequired":true,"valueName":"search_term_string"}}],"inLanguage":"pt-BR"},{"@type":"Organization","@id":"https:\/\/noticiaempauta.com\/portal\/#organization","name":"Portal Not\u00edcia em Pauta","url":"https:\/\/noticiaempauta.com\/portal\/","logo":{"@type":"ImageObject","inLanguage":"pt-BR","@id":"https:\/\/noticiaempauta.com\/portal\/#\/schema\/logo\/image\/","url":"https:\/\/noticiaempauta.com\/portal\/wp-content\/uploads\/2022\/08\/logomarca_tema.fw_.png","contentUrl":"https:\/\/noticiaempauta.com\/portal\/wp-content\/uploads\/2022\/08\/logomarca_tema.fw_.png","width":400,"height":232,"caption":"Portal Not\u00edcia em Pauta"},"image":{"@id":"https:\/\/noticiaempauta.com\/portal\/#\/schema\/logo\/image\/"},"sameAs":["https:\/\/www.facebook.com\/Portal-Notcia-Em-Pauta-102292869264820\/","https:\/\/www.instagram.com\/portalnoticiaempauta\/"]},{"@type":"Person","@id":"https:\/\/noticiaempauta.com\/portal\/#\/schema\/person\/a74af43dd1ab3deca45f988c717d57ac","name":"Reda\u00e7\u00e3o","image":{"@type":"ImageObject","inLanguage":"pt-BR","@id":"https:\/\/noticiaempauta.com\/portal\/#\/schema\/person\/image\/","url":"https:\/\/secure.gravatar.com\/avatar\/03179346ecce6cdfc13361603e8f54242a90e5cde8618fa23c5c00aa2b0aadf3?s=96&d=mm&r=g","contentUrl":"https:\/\/secure.gravatar.com\/avatar\/03179346ecce6cdfc13361603e8f54242a90e5cde8618fa23c5c00aa2b0aadf3?s=96&d=mm&r=g","caption":"Reda\u00e7\u00e3o"},"sameAs":["https:\/\/noticiaempauta.com\/portal\/"],"url":"https:\/\/noticiaempauta.com\/portal\/author\/fernando\/"}]}},"_links":{"self":[{"href":"https:\/\/noticiaempauta.com\/portal\/wp-json\/wp\/v2\/posts\/285818","targetHints":{"allow":["GET"]}}],"collection":[{"href":"https:\/\/noticiaempauta.com\/portal\/wp-json\/wp\/v2\/posts"}],"about":[{"href":"https:\/\/noticiaempauta.com\/portal\/wp-json\/wp\/v2\/types\/post"}],"author":[{"embeddable":true,"href":"https:\/\/noticiaempauta.com\/portal\/wp-json\/wp\/v2\/users\/2"}],"replies":[{"embeddable":true,"href":"https:\/\/noticiaempauta.com\/portal\/wp-json\/wp\/v2\/comments?post=285818"}],"version-history":[{"count":2,"href":"https:\/\/noticiaempauta.com\/portal\/wp-json\/wp\/v2\/posts\/285818\/revisions"}],"predecessor-version":[{"id":285820,"href":"https:\/\/noticiaempauta.com\/portal\/wp-json\/wp\/v2\/posts\/285818\/revisions\/285820"}],"wp:featuredmedia":[{"embeddable":true,"href":"https:\/\/noticiaempauta.com\/portal\/wp-json\/wp\/v2\/media\/285365"}],"wp:attachment":[{"href":"https:\/\/noticiaempauta.com\/portal\/wp-json\/wp\/v2\/media?parent=285818"}],"wp:term":[{"taxonomy":"category","embeddable":true,"href":"https:\/\/noticiaempauta.com\/portal\/wp-json\/wp\/v2\/categories?post=285818"},{"taxonomy":"post_tag","embeddable":true,"href":"https:\/\/noticiaempauta.com\/portal\/wp-json\/wp\/v2\/tags?post=285818"}],"curies":[{"name":"wp","href":"https:\/\/api.w.org\/{rel}","templated":true}]}}