{"id":285821,"date":"2026-02-28T08:09:19","date_gmt":"2026-02-28T11:09:19","guid":{"rendered":"https:\/\/noticiaempauta.com\/portal\/?p=285821"},"modified":"2026-02-28T08:21:59","modified_gmt":"2026-02-28T11:21:59","slug":"secretaria-de-assistencia-social-de-massape-do-piaui-participa-de-seminario-estadual-sobre-o-bolsa-familia","status":"publish","type":"post","link":"https:\/\/noticiaempauta.com\/portal\/secretaria-de-assistencia-social-de-massape-do-piaui-participa-de-seminario-estadual-sobre-o-bolsa-familia\/","title":{"rendered":"Secretaria de Assist\u00eancia Social de Massap\u00ea do Piau\u00ed participa de Semin\u00e1rio Estadual sobre o Bolsa Fam\u00edlia"},"content":{"rendered":"\n<p>O munic\u00edpio de Massap\u00ea do Piau\u00ed, atrav\u00e9s da Secretaria Municipal de Assist\u00eancia Social participou nos dias 26 e 27 de Fevereiro, do Semin\u00e1rio Bolsa Fam\u00edlia em A\u00e7\u00e3o \u2013 Apoio T\u00e9cnico, com a presen\u00e7a da secret\u00e1ria municipal da pasta no munic\u00edpio, Paula Fernanda. O evento foi promovido pelo Minist\u00e9rio do Desenvolvimento e Assist\u00eancia Social, Fam\u00edlia e Combate \u00e0 Fome, em parceria com a Secretaria Estadual de Assist\u00eancia Social (SASC), reunindo gestores e t\u00e9cnicos para o fortalecimento da gest\u00e3o do programa em todo o estado.<\/p>\n\n\n\n<figure class=\"wp-block-image size-large\"><img fetchpriority=\"high\" decoding=\"async\" width=\"1024\" height=\"768\" src=\"https:\/\/noticiaempauta.com\/portal\/wp-content\/uploads\/2026\/02\/WhatsApp-Image-2026-02-27-at-21.23.36-1024x768.webp\" alt=\"\" class=\"wp-image-285822\" srcset=\"https:\/\/noticiaempauta.com\/portal\/wp-content\/uploads\/2026\/02\/WhatsApp-Image-2026-02-27-at-21.23.36-1024x768.webp 1024w, https:\/\/noticiaempauta.com\/portal\/wp-content\/uploads\/2026\/02\/WhatsApp-Image-2026-02-27-at-21.23.36-300x225.webp 300w, https:\/\/noticiaempauta.com\/portal\/wp-content\/uploads\/2026\/02\/WhatsApp-Image-2026-02-27-at-21.23.36-768x576.webp 768w, https:\/\/noticiaempauta.com\/portal\/wp-content\/uploads\/2026\/02\/WhatsApp-Image-2026-02-27-at-21.23.36.webp 1280w\" sizes=\"(max-width: 1024px) 100vw, 1024px\" \/><\/figure>\n\n\n\n<p>Durante o semin\u00e1rio, foram abordados temas voltados \u00e0 qualifica\u00e7\u00e3o da gest\u00e3o do Bolsa Fam\u00edlia, ao acompanhamento das fam\u00edlias benefici\u00e1rias e \u00e0 melhoria cont\u00ednua dos servi\u00e7os ofertados \u00e0 popula\u00e7\u00e3o. A programa\u00e7\u00e3o proporcionou troca de experi\u00eancias entre os munic\u00edpios e atualiza\u00e7\u00e3o t\u00e9cnica sobre os fluxos, responsabilidades e estrat\u00e9gias do programa.<\/p>\n\n\n\n<figure class=\"wp-block-image size-full\"><img decoding=\"async\" width=\"720\" height=\"835\" src=\"https:\/\/noticiaempauta.com\/portal\/wp-content\/uploads\/2026\/02\/WhatsApp-Image-2026-02-27-at-21.23.37.webp\" alt=\"\" class=\"wp-image-285823\" srcset=\"https:\/\/noticiaempauta.com\/portal\/wp-content\/uploads\/2026\/02\/WhatsApp-Image-2026-02-27-at-21.23.37.webp 720w, https:\/\/noticiaempauta.com\/portal\/wp-content\/uploads\/2026\/02\/WhatsApp-Image-2026-02-27-at-21.23.37-259x300.webp 259w\" sizes=\"(max-width: 720px) 100vw, 720px\" \/><\/figure>\n\n\n\n<p>De acordo com a secret\u00e1ria, o evento ofereceu importante apoio t\u00e9cnico especializado \u00e0s gest\u00f5es municipais, com orienta\u00e7\u00f5es sobre gest\u00e3o de benef\u00edcios sociais, recursos e execu\u00e7\u00e3o de pol\u00edticas p\u00fablicas de prote\u00e7\u00e3o social nos munic\u00edpios.<\/p>\n\n\n\n<figure class=\"wp-block-image size-full\"><img decoding=\"async\" width=\"720\" height=\"874\" src=\"https:\/\/noticiaempauta.com\/portal\/wp-content\/uploads\/2026\/02\/WhatsApp-Image-2026-02-27-at-21.23.37-1.webp\" alt=\"\" class=\"wp-image-285824\" srcset=\"https:\/\/noticiaempauta.com\/portal\/wp-content\/uploads\/2026\/02\/WhatsApp-Image-2026-02-27-at-21.23.37-1.webp 720w, https:\/\/noticiaempauta.com\/portal\/wp-content\/uploads\/2026\/02\/WhatsApp-Image-2026-02-27-at-21.23.37-1-247x300.webp 247w\" sizes=\"(max-width: 720px) 100vw, 720px\" \/><\/figure>\n\n\n\n<p>A iniciativa reafirma o compromisso do MDS, estados e munic\u00edpios com a qualifica\u00e7\u00e3o da gest\u00e3o descentralizada e com o fortalecimento das pol\u00edticas p\u00fablicas voltadas \u00e0 supera\u00e7\u00e3o da pobreza e \u00e0 garantia de direitos das fam\u00edlias benefici\u00e1rias.<\/p>\n","protected":false},"excerpt":{"rendered":"<p>O munic\u00edpio de Massap\u00ea do Piau\u00ed, atrav\u00e9s da Secretaria Municipal de Assist\u00eancia Social participou nos dias 26 e 27 de Fevereiro, do Semin\u00e1rio Bolsa Fam\u00edlia em A\u00e7\u00e3o \u2013 Apoio T\u00e9cnico, com a presen\u00e7a da secret\u00e1ria municipal da pasta no munic\u00edpio, Paula Fernanda. O evento foi promovido pelo Minist\u00e9rio do Desenvolvimento e Assist\u00eancia Social, Fam\u00edlia e [&hellip;]<\/p>\n","protected":false},"author":2,"featured_media":285825,"comment_status":"closed","ping_status":"closed","sticky":false,"template":"","format":"standard","meta":{"_mi_skip_tracking":false,"footnotes":""},"categories":[1,9,16],"tags":[],"class_list":["post-285821","post","type-post","status-publish","format-standard","has-post-thumbnail","hentry","category-geral","category-municipios","category-todas"],"acf":[],"yoast_head":"<!-- This site is optimized with the Yoast SEO Premium plugin v19.2 (Yoast SEO v26.9) - https:\/\/yoast.com\/product\/yoast-seo-premium-wordpress\/ -->\n<title>Secretaria de Assist\u00eancia Social de Massap\u00ea do Piau\u00ed participa de Semin\u00e1rio Estadual sobre o Bolsa Fam\u00edlia - Portal Not\u00edcia em Pauta<\/title>\n<meta name=\"robots\" content=\"index, follow, max-snippet:-1, max-image-preview:large, max-video-preview:-1\" \/>\n<link rel=\"canonical\" href=\"https:\/\/noticiaempauta.com\/portal\/secretaria-de-assistencia-social-de-massape-do-piaui-participa-de-seminario-estadual-sobre-o-bolsa-familia\/\" \/>\n<meta property=\"og:locale\" content=\"pt_BR\" \/>\n<meta property=\"og:type\" content=\"article\" \/>\n<meta property=\"og:title\" content=\"Secretaria de Assist\u00eancia Social de Massap\u00ea do Piau\u00ed participa de Semin\u00e1rio Estadual sobre o Bolsa Fam\u00edlia\" \/>\n<meta property=\"og:description\" content=\"O munic\u00edpio de Massap\u00ea do Piau\u00ed, atrav\u00e9s da Secretaria Municipal de Assist\u00eancia Social participou nos dias 26 e 27 de Fevereiro, do Semin\u00e1rio Bolsa Fam\u00edlia em A\u00e7\u00e3o \u2013 Apoio T\u00e9cnico, com a presen\u00e7a da secret\u00e1ria municipal da pasta no munic\u00edpio, Paula Fernanda. O evento foi promovido pelo Minist\u00e9rio do Desenvolvimento e Assist\u00eancia Social, Fam\u00edlia e [&hellip;]\" \/>\n<meta property=\"og:url\" content=\"https:\/\/noticiaempauta.com\/portal\/secretaria-de-assistencia-social-de-massape-do-piaui-participa-de-seminario-estadual-sobre-o-bolsa-familia\/\" \/>\n<meta property=\"og:site_name\" content=\"Portal Not\u00edcia em Pauta\" \/>\n<meta property=\"article:publisher\" content=\"https:\/\/www.facebook.com\/Portal-Notcia-Em-Pauta-102292869264820\/\" \/>\n<meta property=\"article:published_time\" content=\"2026-02-28T11:09:19+00:00\" \/>\n<meta property=\"article:modified_time\" content=\"2026-02-28T11:21:59+00:00\" \/>\n<meta property=\"og:image\" content=\"https:\/\/noticiaempauta.com\/portal\/wp-content\/uploads\/2026\/02\/WhatsApp-Image-2026-02-28-at-08.08.26.webp\" \/>\n\t<meta property=\"og:image:width\" content=\"1280\" \/>\n\t<meta property=\"og:image:height\" content=\"739\" \/>\n\t<meta property=\"og:image:type\" content=\"image\/webp\" \/>\n<meta name=\"author\" content=\"Reda\u00e7\u00e3o\" \/>\n<meta name=\"twitter:card\" content=\"summary_large_image\" \/>\n<meta name=\"twitter:label1\" content=\"Escrito por\" \/>\n\t<meta name=\"twitter:data1\" content=\"Reda\u00e7\u00e3o\" \/>\n\t<meta name=\"twitter:label2\" content=\"Est. tempo de leitura\" \/>\n\t<meta name=\"twitter:data2\" content=\"2 minutos\" \/>\n<script type=\"application\/ld+json\" class=\"yoast-schema-graph\">{\"@context\":\"https:\/\/schema.org\",\"@graph\":[{\"@type\":\"Article\",\"@id\":\"https:\/\/noticiaempauta.com\/portal\/secretaria-de-assistencia-social-de-massape-do-piaui-participa-de-seminario-estadual-sobre-o-bolsa-familia\/#article\",\"isPartOf\":{\"@id\":\"https:\/\/noticiaempauta.com\/portal\/secretaria-de-assistencia-social-de-massape-do-piaui-participa-de-seminario-estadual-sobre-o-bolsa-familia\/\"},\"author\":{\"name\":\"Reda\u00e7\u00e3o\",\"@id\":\"https:\/\/noticiaempauta.com\/portal\/#\/schema\/person\/a74af43dd1ab3deca45f988c717d57ac\"},\"headline\":\"Secretaria de Assist\u00eancia Social de Massap\u00ea do Piau\u00ed participa de Semin\u00e1rio Estadual sobre o Bolsa Fam\u00edlia\",\"datePublished\":\"2026-02-28T11:09:19+00:00\",\"dateModified\":\"2026-02-28T11:21:59+00:00\",\"mainEntityOfPage\":{\"@id\":\"https:\/\/noticiaempauta.com\/portal\/secretaria-de-assistencia-social-de-massape-do-piaui-participa-de-seminario-estadual-sobre-o-bolsa-familia\/\"},\"wordCount\":260,\"publisher\":{\"@id\":\"https:\/\/noticiaempauta.com\/portal\/#organization\"},\"image\":{\"@id\":\"https:\/\/noticiaempauta.com\/portal\/secretaria-de-assistencia-social-de-massape-do-piaui-participa-de-seminario-estadual-sobre-o-bolsa-familia\/#primaryimage\"},\"thumbnailUrl\":\"https:\/\/noticiaempauta.com\/portal\/wp-content\/uploads\/2026\/02\/WhatsApp-Image-2026-02-28-at-08.08.26.webp\",\"articleSection\":[\"Geral\",\"Munic\u00edpios\",\"Todas as Not\u00edcias\"],\"inLanguage\":\"pt-BR\"},{\"@type\":\"WebPage\",\"@id\":\"https:\/\/noticiaempauta.com\/portal\/secretaria-de-assistencia-social-de-massape-do-piaui-participa-de-seminario-estadual-sobre-o-bolsa-familia\/\",\"url\":\"https:\/\/noticiaempauta.com\/portal\/secretaria-de-assistencia-social-de-massape-do-piaui-participa-de-seminario-estadual-sobre-o-bolsa-familia\/\",\"name\":\"Secretaria de Assist\u00eancia Social de Massap\u00ea do Piau\u00ed participa de Semin\u00e1rio Estadual sobre o Bolsa Fam\u00edlia - Portal Not\u00edcia em Pauta\",\"isPartOf\":{\"@id\":\"https:\/\/noticiaempauta.com\/portal\/#website\"},\"primaryImageOfPage\":{\"@id\":\"https:\/\/noticiaempauta.com\/portal\/secretaria-de-assistencia-social-de-massape-do-piaui-participa-de-seminario-estadual-sobre-o-bolsa-familia\/#primaryimage\"},\"image\":{\"@id\":\"https:\/\/noticiaempauta.com\/portal\/secretaria-de-assistencia-social-de-massape-do-piaui-participa-de-seminario-estadual-sobre-o-bolsa-familia\/#primaryimage\"},\"thumbnailUrl\":\"https:\/\/noticiaempauta.com\/portal\/wp-content\/uploads\/2026\/02\/WhatsApp-Image-2026-02-28-at-08.08.26.webp\",\"datePublished\":\"2026-02-28T11:09:19+00:00\",\"dateModified\":\"2026-02-28T11:21:59+00:00\",\"breadcrumb\":{\"@id\":\"https:\/\/noticiaempauta.com\/portal\/secretaria-de-assistencia-social-de-massape-do-piaui-participa-de-seminario-estadual-sobre-o-bolsa-familia\/#breadcrumb\"},\"inLanguage\":\"pt-BR\",\"potentialAction\":[{\"@type\":\"ReadAction\",\"target\":[\"https:\/\/noticiaempauta.com\/portal\/secretaria-de-assistencia-social-de-massape-do-piaui-participa-de-seminario-estadual-sobre-o-bolsa-familia\/\"]}]},{\"@type\":\"ImageObject\",\"inLanguage\":\"pt-BR\",\"@id\":\"https:\/\/noticiaempauta.com\/portal\/secretaria-de-assistencia-social-de-massape-do-piaui-participa-de-seminario-estadual-sobre-o-bolsa-familia\/#primaryimage\",\"url\":\"https:\/\/noticiaempauta.com\/portal\/wp-content\/uploads\/2026\/02\/WhatsApp-Image-2026-02-28-at-08.08.26.webp\",\"contentUrl\":\"https:\/\/noticiaempauta.com\/portal\/wp-content\/uploads\/2026\/02\/WhatsApp-Image-2026-02-28-at-08.08.26.webp\",\"width\":1280,\"height\":739},{\"@type\":\"BreadcrumbList\",\"@id\":\"https:\/\/noticiaempauta.com\/portal\/secretaria-de-assistencia-social-de-massape-do-piaui-participa-de-seminario-estadual-sobre-o-bolsa-familia\/#breadcrumb\",\"itemListElement\":[{\"@type\":\"ListItem\",\"position\":1,\"name\":\"P\u00e1gina Inicial\",\"item\":\"https:\/\/noticiaempauta.com\/portal\/\"},{\"@type\":\"ListItem\",\"position\":2,\"name\":\"Geral\",\"item\":\"https:\/\/noticiaempauta.com\/portal\/geral\/\"},{\"@type\":\"ListItem\",\"position\":3,\"name\":\"Secretaria de Assist\u00eancia Social de Massap\u00ea do Piau\u00ed participa de Semin\u00e1rio Estadual sobre o Bolsa Fam\u00edlia\"}]},{\"@type\":\"WebSite\",\"@id\":\"https:\/\/noticiaempauta.com\/portal\/#website\",\"url\":\"https:\/\/noticiaempauta.com\/portal\/\",\"name\":\"Portal Not\u00edcia em Pauta\",\"description\":\"Voc\u00ea bem informado\",\"publisher\":{\"@id\":\"https:\/\/noticiaempauta.com\/portal\/#organization\"},\"potentialAction\":[{\"@type\":\"SearchAction\",\"target\":{\"@type\":\"EntryPoint\",\"urlTemplate\":\"https:\/\/noticiaempauta.com\/portal\/?s={search_term_string}\"},\"query-input\":{\"@type\":\"PropertyValueSpecification\",\"valueRequired\":true,\"valueName\":\"search_term_string\"}}],\"inLanguage\":\"pt-BR\"},{\"@type\":\"Organization\",\"@id\":\"https:\/\/noticiaempauta.com\/portal\/#organization\",\"name\":\"Portal Not\u00edcia em Pauta\",\"url\":\"https:\/\/noticiaempauta.com\/portal\/\",\"logo\":{\"@type\":\"ImageObject\",\"inLanguage\":\"pt-BR\",\"@id\":\"https:\/\/noticiaempauta.com\/portal\/#\/schema\/logo\/image\/\",\"url\":\"https:\/\/noticiaempauta.com\/portal\/wp-content\/uploads\/2022\/08\/logomarca_tema.fw_.png\",\"contentUrl\":\"https:\/\/noticiaempauta.com\/portal\/wp-content\/uploads\/2022\/08\/logomarca_tema.fw_.png\",\"width\":400,\"height\":232,\"caption\":\"Portal Not\u00edcia em Pauta\"},\"image\":{\"@id\":\"https:\/\/noticiaempauta.com\/portal\/#\/schema\/logo\/image\/\"},\"sameAs\":[\"https:\/\/www.facebook.com\/Portal-Notcia-Em-Pauta-102292869264820\/\",\"https:\/\/www.instagram.com\/portalnoticiaempauta\/\"]},{\"@type\":\"Person\",\"@id\":\"https:\/\/noticiaempauta.com\/portal\/#\/schema\/person\/a74af43dd1ab3deca45f988c717d57ac\",\"name\":\"Reda\u00e7\u00e3o\",\"image\":{\"@type\":\"ImageObject\",\"inLanguage\":\"pt-BR\",\"@id\":\"https:\/\/noticiaempauta.com\/portal\/#\/schema\/person\/image\/\",\"url\":\"https:\/\/secure.gravatar.com\/avatar\/03179346ecce6cdfc13361603e8f54242a90e5cde8618fa23c5c00aa2b0aadf3?s=96&d=mm&r=g\",\"contentUrl\":\"https:\/\/secure.gravatar.com\/avatar\/03179346ecce6cdfc13361603e8f54242a90e5cde8618fa23c5c00aa2b0aadf3?s=96&d=mm&r=g\",\"caption\":\"Reda\u00e7\u00e3o\"},\"sameAs\":[\"https:\/\/noticiaempauta.com\/portal\/\"],\"url\":\"https:\/\/noticiaempauta.com\/portal\/author\/fernando\/\"}]}<\/script>\n<!-- \/ Yoast SEO Premium plugin. -->","yoast_head_json":{"title":"Secretaria de Assist\u00eancia Social de Massap\u00ea do Piau\u00ed participa de Semin\u00e1rio Estadual sobre o Bolsa Fam\u00edlia - Portal Not\u00edcia em Pauta","robots":{"index":"index","follow":"follow","max-snippet":"max-snippet:-1","max-image-preview":"max-image-preview:large","max-video-preview":"max-video-preview:-1"},"canonical":"https:\/\/noticiaempauta.com\/portal\/secretaria-de-assistencia-social-de-massape-do-piaui-participa-de-seminario-estadual-sobre-o-bolsa-familia\/","og_locale":"pt_BR","og_type":"article","og_title":"Secretaria de Assist\u00eancia Social de Massap\u00ea do Piau\u00ed participa de Semin\u00e1rio Estadual sobre o Bolsa Fam\u00edlia","og_description":"O munic\u00edpio de Massap\u00ea do Piau\u00ed, atrav\u00e9s da Secretaria Municipal de Assist\u00eancia Social participou nos dias 26 e 27 de Fevereiro, do Semin\u00e1rio Bolsa Fam\u00edlia em A\u00e7\u00e3o \u2013 Apoio T\u00e9cnico, com a presen\u00e7a da secret\u00e1ria municipal da pasta no munic\u00edpio, Paula Fernanda. O evento foi promovido pelo Minist\u00e9rio do Desenvolvimento e Assist\u00eancia Social, Fam\u00edlia e [&hellip;]","og_url":"https:\/\/noticiaempauta.com\/portal\/secretaria-de-assistencia-social-de-massape-do-piaui-participa-de-seminario-estadual-sobre-o-bolsa-familia\/","og_site_name":"Portal Not\u00edcia em Pauta","article_publisher":"https:\/\/www.facebook.com\/Portal-Notcia-Em-Pauta-102292869264820\/","article_published_time":"2026-02-28T11:09:19+00:00","article_modified_time":"2026-02-28T11:21:59+00:00","og_image":[{"width":1280,"height":739,"url":"https:\/\/noticiaempauta.com\/portal\/wp-content\/uploads\/2026\/02\/WhatsApp-Image-2026-02-28-at-08.08.26.webp","type":"image\/webp"}],"author":"Reda\u00e7\u00e3o","twitter_card":"summary_large_image","twitter_misc":{"Escrito por":"Reda\u00e7\u00e3o","Est. tempo de leitura":"2 minutos"},"schema":{"@context":"https:\/\/schema.org","@graph":[{"@type":"Article","@id":"https:\/\/noticiaempauta.com\/portal\/secretaria-de-assistencia-social-de-massape-do-piaui-participa-de-seminario-estadual-sobre-o-bolsa-familia\/#article","isPartOf":{"@id":"https:\/\/noticiaempauta.com\/portal\/secretaria-de-assistencia-social-de-massape-do-piaui-participa-de-seminario-estadual-sobre-o-bolsa-familia\/"},"author":{"name":"Reda\u00e7\u00e3o","@id":"https:\/\/noticiaempauta.com\/portal\/#\/schema\/person\/a74af43dd1ab3deca45f988c717d57ac"},"headline":"Secretaria de Assist\u00eancia Social de Massap\u00ea do Piau\u00ed participa de Semin\u00e1rio Estadual sobre o Bolsa Fam\u00edlia","datePublished":"2026-02-28T11:09:19+00:00","dateModified":"2026-02-28T11:21:59+00:00","mainEntityOfPage":{"@id":"https:\/\/noticiaempauta.com\/portal\/secretaria-de-assistencia-social-de-massape-do-piaui-participa-de-seminario-estadual-sobre-o-bolsa-familia\/"},"wordCount":260,"publisher":{"@id":"https:\/\/noticiaempauta.com\/portal\/#organization"},"image":{"@id":"https:\/\/noticiaempauta.com\/portal\/secretaria-de-assistencia-social-de-massape-do-piaui-participa-de-seminario-estadual-sobre-o-bolsa-familia\/#primaryimage"},"thumbnailUrl":"https:\/\/noticiaempauta.com\/portal\/wp-content\/uploads\/2026\/02\/WhatsApp-Image-2026-02-28-at-08.08.26.webp","articleSection":["Geral","Munic\u00edpios","Todas as Not\u00edcias"],"inLanguage":"pt-BR"},{"@type":"WebPage","@id":"https:\/\/noticiaempauta.com\/portal\/secretaria-de-assistencia-social-de-massape-do-piaui-participa-de-seminario-estadual-sobre-o-bolsa-familia\/","url":"https:\/\/noticiaempauta.com\/portal\/secretaria-de-assistencia-social-de-massape-do-piaui-participa-de-seminario-estadual-sobre-o-bolsa-familia\/","name":"Secretaria de Assist\u00eancia Social de Massap\u00ea do Piau\u00ed participa de Semin\u00e1rio Estadual sobre o Bolsa Fam\u00edlia - Portal Not\u00edcia em Pauta","isPartOf":{"@id":"https:\/\/noticiaempauta.com\/portal\/#website"},"primaryImageOfPage":{"@id":"https:\/\/noticiaempauta.com\/portal\/secretaria-de-assistencia-social-de-massape-do-piaui-participa-de-seminario-estadual-sobre-o-bolsa-familia\/#primaryimage"},"image":{"@id":"https:\/\/noticiaempauta.com\/portal\/secretaria-de-assistencia-social-de-massape-do-piaui-participa-de-seminario-estadual-sobre-o-bolsa-familia\/#primaryimage"},"thumbnailUrl":"https:\/\/noticiaempauta.com\/portal\/wp-content\/uploads\/2026\/02\/WhatsApp-Image-2026-02-28-at-08.08.26.webp","datePublished":"2026-02-28T11:09:19+00:00","dateModified":"2026-02-28T11:21:59+00:00","breadcrumb":{"@id":"https:\/\/noticiaempauta.com\/portal\/secretaria-de-assistencia-social-de-massape-do-piaui-participa-de-seminario-estadual-sobre-o-bolsa-familia\/#breadcrumb"},"inLanguage":"pt-BR","potentialAction":[{"@type":"ReadAction","target":["https:\/\/noticiaempauta.com\/portal\/secretaria-de-assistencia-social-de-massape-do-piaui-participa-de-seminario-estadual-sobre-o-bolsa-familia\/"]}]},{"@type":"ImageObject","inLanguage":"pt-BR","@id":"https:\/\/noticiaempauta.com\/portal\/secretaria-de-assistencia-social-de-massape-do-piaui-participa-de-seminario-estadual-sobre-o-bolsa-familia\/#primaryimage","url":"https:\/\/noticiaempauta.com\/portal\/wp-content\/uploads\/2026\/02\/WhatsApp-Image-2026-02-28-at-08.08.26.webp","contentUrl":"https:\/\/noticiaempauta.com\/portal\/wp-content\/uploads\/2026\/02\/WhatsApp-Image-2026-02-28-at-08.08.26.webp","width":1280,"height":739},{"@type":"BreadcrumbList","@id":"https:\/\/noticiaempauta.com\/portal\/secretaria-de-assistencia-social-de-massape-do-piaui-participa-de-seminario-estadual-sobre-o-bolsa-familia\/#breadcrumb","itemListElement":[{"@type":"ListItem","position":1,"name":"P\u00e1gina Inicial","item":"https:\/\/noticiaempauta.com\/portal\/"},{"@type":"ListItem","position":2,"name":"Geral","item":"https:\/\/noticiaempauta.com\/portal\/geral\/"},{"@type":"ListItem","position":3,"name":"Secretaria de Assist\u00eancia Social de Massap\u00ea do Piau\u00ed participa de Semin\u00e1rio Estadual sobre o Bolsa Fam\u00edlia"}]},{"@type":"WebSite","@id":"https:\/\/noticiaempauta.com\/portal\/#website","url":"https:\/\/noticiaempauta.com\/portal\/","name":"Portal Not\u00edcia em Pauta","description":"Voc\u00ea bem informado","publisher":{"@id":"https:\/\/noticiaempauta.com\/portal\/#organization"},"potentialAction":[{"@type":"SearchAction","target":{"@type":"EntryPoint","urlTemplate":"https:\/\/noticiaempauta.com\/portal\/?s={search_term_string}"},"query-input":{"@type":"PropertyValueSpecification","valueRequired":true,"valueName":"search_term_string"}}],"inLanguage":"pt-BR"},{"@type":"Organization","@id":"https:\/\/noticiaempauta.com\/portal\/#organization","name":"Portal Not\u00edcia em Pauta","url":"https:\/\/noticiaempauta.com\/portal\/","logo":{"@type":"ImageObject","inLanguage":"pt-BR","@id":"https:\/\/noticiaempauta.com\/portal\/#\/schema\/logo\/image\/","url":"https:\/\/noticiaempauta.com\/portal\/wp-content\/uploads\/2022\/08\/logomarca_tema.fw_.png","contentUrl":"https:\/\/noticiaempauta.com\/portal\/wp-content\/uploads\/2022\/08\/logomarca_tema.fw_.png","width":400,"height":232,"caption":"Portal Not\u00edcia em Pauta"},"image":{"@id":"https:\/\/noticiaempauta.com\/portal\/#\/schema\/logo\/image\/"},"sameAs":["https:\/\/www.facebook.com\/Portal-Notcia-Em-Pauta-102292869264820\/","https:\/\/www.instagram.com\/portalnoticiaempauta\/"]},{"@type":"Person","@id":"https:\/\/noticiaempauta.com\/portal\/#\/schema\/person\/a74af43dd1ab3deca45f988c717d57ac","name":"Reda\u00e7\u00e3o","image":{"@type":"ImageObject","inLanguage":"pt-BR","@id":"https:\/\/noticiaempauta.com\/portal\/#\/schema\/person\/image\/","url":"https:\/\/secure.gravatar.com\/avatar\/03179346ecce6cdfc13361603e8f54242a90e5cde8618fa23c5c00aa2b0aadf3?s=96&d=mm&r=g","contentUrl":"https:\/\/secure.gravatar.com\/avatar\/03179346ecce6cdfc13361603e8f54242a90e5cde8618fa23c5c00aa2b0aadf3?s=96&d=mm&r=g","caption":"Reda\u00e7\u00e3o"},"sameAs":["https:\/\/noticiaempauta.com\/portal\/"],"url":"https:\/\/noticiaempauta.com\/portal\/author\/fernando\/"}]}},"_links":{"self":[{"href":"https:\/\/noticiaempauta.com\/portal\/wp-json\/wp\/v2\/posts\/285821","targetHints":{"allow":["GET"]}}],"collection":[{"href":"https:\/\/noticiaempauta.com\/portal\/wp-json\/wp\/v2\/posts"}],"about":[{"href":"https:\/\/noticiaempauta.com\/portal\/wp-json\/wp\/v2\/types\/post"}],"author":[{"embeddable":true,"href":"https:\/\/noticiaempauta.com\/portal\/wp-json\/wp\/v2\/users\/2"}],"replies":[{"embeddable":true,"href":"https:\/\/noticiaempauta.com\/portal\/wp-json\/wp\/v2\/comments?post=285821"}],"version-history":[{"count":2,"href":"https:\/\/noticiaempauta.com\/portal\/wp-json\/wp\/v2\/posts\/285821\/revisions"}],"predecessor-version":[{"id":285830,"href":"https:\/\/noticiaempauta.com\/portal\/wp-json\/wp\/v2\/posts\/285821\/revisions\/285830"}],"wp:featuredmedia":[{"embeddable":true,"href":"https:\/\/noticiaempauta.com\/portal\/wp-json\/wp\/v2\/media\/285825"}],"wp:attachment":[{"href":"https:\/\/noticiaempauta.com\/portal\/wp-json\/wp\/v2\/media?parent=285821"}],"wp:term":[{"taxonomy":"category","embeddable":true,"href":"https:\/\/noticiaempauta.com\/portal\/wp-json\/wp\/v2\/categories?post=285821"},{"taxonomy":"post_tag","embeddable":true,"href":"https:\/\/noticiaempauta.com\/portal\/wp-json\/wp\/v2\/tags?post=285821"}],"curies":[{"name":"wp","href":"https:\/\/api.w.org\/{rel}","templated":true}]}}