{"id":285827,"date":"2026-02-28T08:36:09","date_gmt":"2026-02-28T11:36:09","guid":{"rendered":"https:\/\/noticiaempauta.com\/portal\/?p=285827"},"modified":"2026-02-28T08:36:10","modified_gmt":"2026-02-28T11:36:10","slug":"prefeitura-de-monsenhor-hipolito-promove-audiencia-publica-e-apresenta-relatorio-de-gestao-consolidado-2025","status":"publish","type":"post","link":"https:\/\/noticiaempauta.com\/portal\/prefeitura-de-monsenhor-hipolito-promove-audiencia-publica-e-apresenta-relatorio-de-gestao-consolidado-2025\/","title":{"rendered":"Prefeitura de Monsenhor Hip\u00f3lito promove Audi\u00eancia P\u00fablica e apresenta Relat\u00f3rio de Gest\u00e3o Consolidado 2025"},"content":{"rendered":"\n<p>Em um compromisso com a transpar\u00eancia e a responsabilidade fiscal, a Prefeitura Municipal de Monsenhor Hip\u00f3lito, na gest\u00e3o do prefeito Djalma Policarpo, realizou nesta sexta-feira (27) uma audi\u00eancia p\u00fablica para a presta\u00e7\u00e3o de contas referente ao exerc\u00edcio or\u00e7ament\u00e1rio de 2025.<\/p>\n\n\n\n<figure class=\"wp-block-image size-large\"><img fetchpriority=\"high\" decoding=\"async\" width=\"1024\" height=\"683\" src=\"https:\/\/noticiaempauta.com\/portal\/wp-content\/uploads\/2026\/02\/DSC_4033-1024x683.webp\" alt=\"\" class=\"wp-image-285832\" srcset=\"https:\/\/noticiaempauta.com\/portal\/wp-content\/uploads\/2026\/02\/DSC_4033-1024x683.webp 1024w, https:\/\/noticiaempauta.com\/portal\/wp-content\/uploads\/2026\/02\/DSC_4033-300x200.webp 300w, https:\/\/noticiaempauta.com\/portal\/wp-content\/uploads\/2026\/02\/DSC_4033-768x512.webp 768w, https:\/\/noticiaempauta.com\/portal\/wp-content\/uploads\/2026\/02\/DSC_4033.webp 1200w\" sizes=\"(max-width: 1024px) 100vw, 1024px\" \/><figcaption class=\"wp-element-caption\"><em>(Fotos: Piau\u00edEmFoco)<\/em><\/figcaption><\/figure>\n\n\n\n<p>O evento aconteceu no Centro de Conviv\u00eancia do Idoso (CCI), e reuniu representantes da gest\u00e3o municipal, servidores p\u00fablicos, vereadores e membros da comunidade.<\/p>\n\n\n\n<figure class=\"wp-block-image size-large\"><img decoding=\"async\" width=\"1024\" height=\"683\" src=\"https:\/\/noticiaempauta.com\/portal\/wp-content\/uploads\/2026\/02\/DSC_4058-1024x683.webp\" alt=\"\" class=\"wp-image-285833\" srcset=\"https:\/\/noticiaempauta.com\/portal\/wp-content\/uploads\/2026\/02\/DSC_4058-1024x683.webp 1024w, https:\/\/noticiaempauta.com\/portal\/wp-content\/uploads\/2026\/02\/DSC_4058-300x200.webp 300w, https:\/\/noticiaempauta.com\/portal\/wp-content\/uploads\/2026\/02\/DSC_4058-768x512.webp 768w, https:\/\/noticiaempauta.com\/portal\/wp-content\/uploads\/2026\/02\/DSC_4058.webp 1200w\" sizes=\"(max-width: 1024px) 100vw, 1024px\" \/><\/figure>\n\n\n\n<p>Durante a audi\u00eancia, conduzida pela advogada F\u00e1tima Miranda, foi apresentado um relat\u00f3rio de gest\u00e3o detalhado contendo o balan\u00e7o de todas as a\u00e7\u00f5es desenvolvidas pelas Secretarias Municipais ao longo do \u00faltimo ano. <\/p>\n\n\n\n<figure class=\"wp-block-image size-large\"><img decoding=\"async\" width=\"1024\" height=\"683\" src=\"https:\/\/noticiaempauta.com\/portal\/wp-content\/uploads\/2026\/02\/DSC_4054-1024x683.webp\" alt=\"\" class=\"wp-image-285834\" srcset=\"https:\/\/noticiaempauta.com\/portal\/wp-content\/uploads\/2026\/02\/DSC_4054-1024x683.webp 1024w, https:\/\/noticiaempauta.com\/portal\/wp-content\/uploads\/2026\/02\/DSC_4054-300x200.webp 300w, https:\/\/noticiaempauta.com\/portal\/wp-content\/uploads\/2026\/02\/DSC_4054-768x512.webp 768w, https:\/\/noticiaempauta.com\/portal\/wp-content\/uploads\/2026\/02\/DSC_4054.webp 1200w\" sizes=\"(max-width: 1024px) 100vw, 1024px\" \/><\/figure>\n\n\n\n<p>O documento destacou: Aplica\u00e7\u00e3o de recursos em obras e manuten\u00e7\u00e3o de servi\u00e7os p\u00fablicos; Resultados e metas alcan\u00e7ados em \u00e1reas como Sa\u00fade, Educa\u00e7\u00e3o e Assist\u00eancia Social; Demonstra\u00e7\u00e3o da aplica\u00e7\u00e3o legal dos recursos p\u00fablicos conforme as diretrizes or\u00e7ament\u00e1rias.<\/p>\n\n\n\n<figure class=\"wp-block-image size-large\"><img loading=\"lazy\" decoding=\"async\" width=\"1024\" height=\"683\" src=\"https:\/\/noticiaempauta.com\/portal\/wp-content\/uploads\/2026\/02\/DSC_4024-1024x683.webp\" alt=\"\" class=\"wp-image-285835\" srcset=\"https:\/\/noticiaempauta.com\/portal\/wp-content\/uploads\/2026\/02\/DSC_4024-1024x683.webp 1024w, https:\/\/noticiaempauta.com\/portal\/wp-content\/uploads\/2026\/02\/DSC_4024-300x200.webp 300w, https:\/\/noticiaempauta.com\/portal\/wp-content\/uploads\/2026\/02\/DSC_4024-768x512.webp 768w, https:\/\/noticiaempauta.com\/portal\/wp-content\/uploads\/2026\/02\/DSC_4024.webp 1200w\" sizes=\"(max-width: 1024px) 100vw, 1024px\" \/><\/figure>\n\n\n\n<p>Na oportunidade, o prefeito Djalma Policarpo destacou as a\u00e7\u00f5es e avan\u00e7os em cada Secretaria, e agradeceu a todos que integram \u00e0 gest\u00e3o pelo trabalho e resultados alcan\u00e7ados.<\/p>\n\n\n\n<figure class=\"wp-block-image size-large\"><img loading=\"lazy\" decoding=\"async\" width=\"1024\" height=\"683\" src=\"https:\/\/noticiaempauta.com\/portal\/wp-content\/uploads\/2026\/02\/DSC_4023-1024x683.webp\" alt=\"\" class=\"wp-image-285836\" srcset=\"https:\/\/noticiaempauta.com\/portal\/wp-content\/uploads\/2026\/02\/DSC_4023-1024x683.webp 1024w, https:\/\/noticiaempauta.com\/portal\/wp-content\/uploads\/2026\/02\/DSC_4023-300x200.webp 300w, https:\/\/noticiaempauta.com\/portal\/wp-content\/uploads\/2026\/02\/DSC_4023-768x512.webp 768w, https:\/\/noticiaempauta.com\/portal\/wp-content\/uploads\/2026\/02\/DSC_4023.webp 1200w\" sizes=\"(max-width: 1024px) 100vw, 1024px\" \/><\/figure>\n\n\n\n<p>\u201cEstamos mostrando as linhas de atua\u00e7\u00e3o do munic\u00edpio em 2025, apresentando esse relat\u00f3rio consolidado. A nossa gest\u00e3o tem avan\u00e7ado, em 2025, voc\u00eas viram o que aconteceu na educa\u00e7\u00e3o, entregamos reformas de escolas, valoriza\u00e7\u00e3o dos professores, na sa\u00fade, temos postos de sa\u00fade em expans\u00e3o, o cuidado com as UBS, com nossos profissionais, investimentos em equipamentos. No esporte, que era paralisado, hoje a gente ver o campeonato de futebol amador, investimento em vestimentas. Na assist\u00eancia social, temos os programas sociais, o cuidado com as m\u00e3es. Na agricultura temos o seguro safra beneficiando v\u00e1rias fam\u00edlias que vivem da agricultura. No meio ambiente, tamb\u00e9m temos v\u00e1rias a\u00e7\u00f5es, e eu s\u00f3 tenho a agradecer cada secret\u00e1rio que tem propiciado esses resultados positivos para nosso munic\u00edpio\u201d, disse o prefeito Djalma Policarpo.<\/p>\n\n\n\n<figure class=\"wp-block-image size-large\"><img loading=\"lazy\" decoding=\"async\" width=\"1024\" height=\"683\" src=\"https:\/\/noticiaempauta.com\/portal\/wp-content\/uploads\/2026\/02\/DSC_4043-1024x683.webp\" alt=\"\" class=\"wp-image-285837\" srcset=\"https:\/\/noticiaempauta.com\/portal\/wp-content\/uploads\/2026\/02\/DSC_4043-1024x683.webp 1024w, https:\/\/noticiaempauta.com\/portal\/wp-content\/uploads\/2026\/02\/DSC_4043-300x200.webp 300w, https:\/\/noticiaempauta.com\/portal\/wp-content\/uploads\/2026\/02\/DSC_4043-768x512.webp 768w, https:\/\/noticiaempauta.com\/portal\/wp-content\/uploads\/2026\/02\/DSC_4043.webp 1200w\" sizes=\"(max-width: 1024px) 100vw, 1024px\" \/><\/figure>\n\n\n\n<figure class=\"wp-block-image size-large\"><img loading=\"lazy\" decoding=\"async\" width=\"1024\" height=\"683\" src=\"https:\/\/noticiaempauta.com\/portal\/wp-content\/uploads\/2026\/02\/DSC_4051-1024x683.webp\" alt=\"\" class=\"wp-image-285838\" srcset=\"https:\/\/noticiaempauta.com\/portal\/wp-content\/uploads\/2026\/02\/DSC_4051-1024x683.webp 1024w, https:\/\/noticiaempauta.com\/portal\/wp-content\/uploads\/2026\/02\/DSC_4051-300x200.webp 300w, https:\/\/noticiaempauta.com\/portal\/wp-content\/uploads\/2026\/02\/DSC_4051-768x512.webp 768w, https:\/\/noticiaempauta.com\/portal\/wp-content\/uploads\/2026\/02\/DSC_4051.webp 1200w\" sizes=\"(max-width: 1024px) 100vw, 1024px\" \/><\/figure>\n\n\n\n<figure class=\"wp-block-image size-large\"><img loading=\"lazy\" decoding=\"async\" width=\"1024\" height=\"683\" src=\"https:\/\/noticiaempauta.com\/portal\/wp-content\/uploads\/2026\/02\/DSC_4021-1024x683.webp\" alt=\"\" class=\"wp-image-285839\" srcset=\"https:\/\/noticiaempauta.com\/portal\/wp-content\/uploads\/2026\/02\/DSC_4021-1024x683.webp 1024w, https:\/\/noticiaempauta.com\/portal\/wp-content\/uploads\/2026\/02\/DSC_4021-300x200.webp 300w, https:\/\/noticiaempauta.com\/portal\/wp-content\/uploads\/2026\/02\/DSC_4021-768x512.webp 768w, https:\/\/noticiaempauta.com\/portal\/wp-content\/uploads\/2026\/02\/DSC_4021.webp 1200w\" sizes=\"(max-width: 1024px) 100vw, 1024px\" \/><\/figure>\n\n\n\n<figure class=\"wp-block-image size-large\"><img loading=\"lazy\" decoding=\"async\" width=\"1024\" height=\"683\" src=\"https:\/\/noticiaempauta.com\/portal\/wp-content\/uploads\/2026\/02\/DSC_4046-1024x683.webp\" alt=\"\" class=\"wp-image-285840\" srcset=\"https:\/\/noticiaempauta.com\/portal\/wp-content\/uploads\/2026\/02\/DSC_4046-1024x683.webp 1024w, https:\/\/noticiaempauta.com\/portal\/wp-content\/uploads\/2026\/02\/DSC_4046-300x200.webp 300w, https:\/\/noticiaempauta.com\/portal\/wp-content\/uploads\/2026\/02\/DSC_4046-768x512.webp 768w, https:\/\/noticiaempauta.com\/portal\/wp-content\/uploads\/2026\/02\/DSC_4046.webp 1200w\" sizes=\"(max-width: 1024px) 100vw, 1024px\" \/><\/figure>\n\n\n\n<figure class=\"wp-block-image size-large\"><img loading=\"lazy\" decoding=\"async\" width=\"1024\" height=\"683\" src=\"https:\/\/noticiaempauta.com\/portal\/wp-content\/uploads\/2026\/02\/DSC_4039-1024x683.webp\" alt=\"\" class=\"wp-image-285841\" srcset=\"https:\/\/noticiaempauta.com\/portal\/wp-content\/uploads\/2026\/02\/DSC_4039-1024x683.webp 1024w, https:\/\/noticiaempauta.com\/portal\/wp-content\/uploads\/2026\/02\/DSC_4039-300x200.webp 300w, https:\/\/noticiaempauta.com\/portal\/wp-content\/uploads\/2026\/02\/DSC_4039-768x512.webp 768w, https:\/\/noticiaempauta.com\/portal\/wp-content\/uploads\/2026\/02\/DSC_4039.webp 1200w\" sizes=\"(max-width: 1024px) 100vw, 1024px\" \/><\/figure>\n\n\n\n<figure class=\"wp-block-image size-large\"><img loading=\"lazy\" decoding=\"async\" width=\"1024\" height=\"683\" src=\"https:\/\/noticiaempauta.com\/portal\/wp-content\/uploads\/2026\/02\/DSC_4031-1024x683.webp\" alt=\"\" class=\"wp-image-285842\" srcset=\"https:\/\/noticiaempauta.com\/portal\/wp-content\/uploads\/2026\/02\/DSC_4031-1024x683.webp 1024w, https:\/\/noticiaempauta.com\/portal\/wp-content\/uploads\/2026\/02\/DSC_4031-300x200.webp 300w, https:\/\/noticiaempauta.com\/portal\/wp-content\/uploads\/2026\/02\/DSC_4031-768x512.webp 768w, https:\/\/noticiaempauta.com\/portal\/wp-content\/uploads\/2026\/02\/DSC_4031.webp 1200w\" sizes=\"(max-width: 1024px) 100vw, 1024px\" \/><\/figure>\n\n\n\n<figure class=\"wp-block-image size-large\"><img loading=\"lazy\" decoding=\"async\" width=\"1024\" height=\"683\" src=\"https:\/\/noticiaempauta.com\/portal\/wp-content\/uploads\/2026\/02\/DSC_4027-1024x683.webp\" alt=\"\" class=\"wp-image-285843\" srcset=\"https:\/\/noticiaempauta.com\/portal\/wp-content\/uploads\/2026\/02\/DSC_4027-1024x683.webp 1024w, https:\/\/noticiaempauta.com\/portal\/wp-content\/uploads\/2026\/02\/DSC_4027-300x200.webp 300w, https:\/\/noticiaempauta.com\/portal\/wp-content\/uploads\/2026\/02\/DSC_4027-768x512.webp 768w, https:\/\/noticiaempauta.com\/portal\/wp-content\/uploads\/2026\/02\/DSC_4027.webp 1200w\" sizes=\"(max-width: 1024px) 100vw, 1024px\" \/><\/figure>\n\n\n\n<figure class=\"wp-block-image size-large\"><img loading=\"lazy\" decoding=\"async\" width=\"1024\" height=\"683\" src=\"https:\/\/noticiaempauta.com\/portal\/wp-content\/uploads\/2026\/02\/DSC_4022-1024x683.webp\" alt=\"\" class=\"wp-image-285845\" srcset=\"https:\/\/noticiaempauta.com\/portal\/wp-content\/uploads\/2026\/02\/DSC_4022-1024x683.webp 1024w, https:\/\/noticiaempauta.com\/portal\/wp-content\/uploads\/2026\/02\/DSC_4022-300x200.webp 300w, https:\/\/noticiaempauta.com\/portal\/wp-content\/uploads\/2026\/02\/DSC_4022-768x512.webp 768w, https:\/\/noticiaempauta.com\/portal\/wp-content\/uploads\/2026\/02\/DSC_4022.webp 1200w\" sizes=\"(max-width: 1024px) 100vw, 1024px\" \/><\/figure>\n\n\n\n<figure class=\"wp-block-image size-large\"><img loading=\"lazy\" decoding=\"async\" width=\"1024\" height=\"683\" src=\"https:\/\/noticiaempauta.com\/portal\/wp-content\/uploads\/2026\/02\/DSC_4029-1024x683.webp\" alt=\"\" class=\"wp-image-285846\" srcset=\"https:\/\/noticiaempauta.com\/portal\/wp-content\/uploads\/2026\/02\/DSC_4029-1024x683.webp 1024w, https:\/\/noticiaempauta.com\/portal\/wp-content\/uploads\/2026\/02\/DSC_4029-300x200.webp 300w, https:\/\/noticiaempauta.com\/portal\/wp-content\/uploads\/2026\/02\/DSC_4029-768x512.webp 768w, https:\/\/noticiaempauta.com\/portal\/wp-content\/uploads\/2026\/02\/DSC_4029.webp 1200w\" sizes=\"(max-width: 1024px) 100vw, 1024px\" \/><\/figure>\n\n\n\n<p><strong>Fonte: Piau\u00ed Em Foco<\/strong><\/p>\n\n\n\n<p><\/p>\n","protected":false},"excerpt":{"rendered":"<p>Em um compromisso com a transpar\u00eancia e a responsabilidade fiscal, a Prefeitura Municipal de Monsenhor Hip\u00f3lito, na gest\u00e3o do prefeito Djalma Policarpo, realizou nesta sexta-feira (27) uma audi\u00eancia p\u00fablica para a presta\u00e7\u00e3o de contas referente ao exerc\u00edcio or\u00e7ament\u00e1rio de 2025. O evento aconteceu no Centro de Conviv\u00eancia do Idoso (CCI), e reuniu representantes da gest\u00e3o [&hellip;]<\/p>\n","protected":false},"author":2,"featured_media":285835,"comment_status":"closed","ping_status":"closed","sticky":false,"template":"","format":"standard","meta":{"_mi_skip_tracking":false,"footnotes":""},"categories":[25,1,9,16],"tags":[192],"class_list":["post-285827","post","type-post","status-publish","format-standard","has-post-thumbnail","hentry","category-destaques-site","category-geral","category-municipios","category-todas","tag-destaqueprincipal"],"acf":[],"yoast_head":"<!-- This site is optimized with the Yoast SEO Premium plugin v19.2 (Yoast SEO v26.9) - https:\/\/yoast.com\/product\/yoast-seo-premium-wordpress\/ -->\n<title>Prefeitura de Monsenhor Hip\u00f3lito promove Audi\u00eancia P\u00fablica e apresenta Relat\u00f3rio de Gest\u00e3o Consolidado 2025 - Portal Not\u00edcia em Pauta<\/title>\n<meta name=\"robots\" content=\"index, follow, max-snippet:-1, max-image-preview:large, max-video-preview:-1\" \/>\n<link rel=\"canonical\" href=\"https:\/\/noticiaempauta.com\/portal\/prefeitura-de-monsenhor-hipolito-promove-audiencia-publica-e-apresenta-relatorio-de-gestao-consolidado-2025\/\" \/>\n<meta property=\"og:locale\" content=\"pt_BR\" \/>\n<meta property=\"og:type\" content=\"article\" \/>\n<meta property=\"og:title\" content=\"Prefeitura de Monsenhor Hip\u00f3lito promove Audi\u00eancia P\u00fablica e apresenta Relat\u00f3rio de Gest\u00e3o Consolidado 2025\" \/>\n<meta property=\"og:description\" content=\"Em um compromisso com a transpar\u00eancia e a responsabilidade fiscal, a Prefeitura Municipal de Monsenhor Hip\u00f3lito, na gest\u00e3o do prefeito Djalma Policarpo, realizou nesta sexta-feira (27) uma audi\u00eancia p\u00fablica para a presta\u00e7\u00e3o de contas referente ao exerc\u00edcio or\u00e7ament\u00e1rio de 2025. O evento aconteceu no Centro de Conviv\u00eancia do Idoso (CCI), e reuniu representantes da gest\u00e3o [&hellip;]\" \/>\n<meta property=\"og:url\" content=\"https:\/\/noticiaempauta.com\/portal\/prefeitura-de-monsenhor-hipolito-promove-audiencia-publica-e-apresenta-relatorio-de-gestao-consolidado-2025\/\" \/>\n<meta property=\"og:site_name\" content=\"Portal Not\u00edcia em Pauta\" \/>\n<meta property=\"article:publisher\" content=\"https:\/\/www.facebook.com\/Portal-Notcia-Em-Pauta-102292869264820\/\" \/>\n<meta property=\"article:published_time\" content=\"2026-02-28T11:36:09+00:00\" \/>\n<meta property=\"article:modified_time\" content=\"2026-02-28T11:36:10+00:00\" \/>\n<meta property=\"og:image\" content=\"https:\/\/noticiaempauta.com\/portal\/wp-content\/uploads\/2026\/02\/DSC_4024.webp\" \/>\n\t<meta property=\"og:image:width\" content=\"1200\" \/>\n\t<meta property=\"og:image:height\" content=\"800\" \/>\n\t<meta property=\"og:image:type\" content=\"image\/webp\" \/>\n<meta name=\"author\" content=\"Reda\u00e7\u00e3o\" \/>\n<meta name=\"twitter:card\" content=\"summary_large_image\" \/>\n<meta name=\"twitter:label1\" content=\"Escrito por\" \/>\n\t<meta name=\"twitter:data1\" content=\"Reda\u00e7\u00e3o\" \/>\n\t<meta name=\"twitter:label2\" content=\"Est. tempo de leitura\" \/>\n\t<meta name=\"twitter:data2\" content=\"5 minutos\" \/>\n<script type=\"application\/ld+json\" class=\"yoast-schema-graph\">{\"@context\":\"https:\/\/schema.org\",\"@graph\":[{\"@type\":\"Article\",\"@id\":\"https:\/\/noticiaempauta.com\/portal\/prefeitura-de-monsenhor-hipolito-promove-audiencia-publica-e-apresenta-relatorio-de-gestao-consolidado-2025\/#article\",\"isPartOf\":{\"@id\":\"https:\/\/noticiaempauta.com\/portal\/prefeitura-de-monsenhor-hipolito-promove-audiencia-publica-e-apresenta-relatorio-de-gestao-consolidado-2025\/\"},\"author\":{\"name\":\"Reda\u00e7\u00e3o\",\"@id\":\"https:\/\/noticiaempauta.com\/portal\/#\/schema\/person\/a74af43dd1ab3deca45f988c717d57ac\"},\"headline\":\"Prefeitura de Monsenhor Hip\u00f3lito promove Audi\u00eancia P\u00fablica e apresenta Relat\u00f3rio de Gest\u00e3o Consolidado 2025\",\"datePublished\":\"2026-02-28T11:36:09+00:00\",\"dateModified\":\"2026-02-28T11:36:10+00:00\",\"mainEntityOfPage\":{\"@id\":\"https:\/\/noticiaempauta.com\/portal\/prefeitura-de-monsenhor-hipolito-promove-audiencia-publica-e-apresenta-relatorio-de-gestao-consolidado-2025\/\"},\"wordCount\":357,\"publisher\":{\"@id\":\"https:\/\/noticiaempauta.com\/portal\/#organization\"},\"image\":{\"@id\":\"https:\/\/noticiaempauta.com\/portal\/prefeitura-de-monsenhor-hipolito-promove-audiencia-publica-e-apresenta-relatorio-de-gestao-consolidado-2025\/#primaryimage\"},\"thumbnailUrl\":\"https:\/\/noticiaempauta.com\/portal\/wp-content\/uploads\/2026\/02\/DSC_4024.webp\",\"keywords\":[\"destaqueprincipal\"],\"articleSection\":[\"Destaques\",\"Geral\",\"Munic\u00edpios\",\"Todas as Not\u00edcias\"],\"inLanguage\":\"pt-BR\"},{\"@type\":\"WebPage\",\"@id\":\"https:\/\/noticiaempauta.com\/portal\/prefeitura-de-monsenhor-hipolito-promove-audiencia-publica-e-apresenta-relatorio-de-gestao-consolidado-2025\/\",\"url\":\"https:\/\/noticiaempauta.com\/portal\/prefeitura-de-monsenhor-hipolito-promove-audiencia-publica-e-apresenta-relatorio-de-gestao-consolidado-2025\/\",\"name\":\"Prefeitura de Monsenhor Hip\u00f3lito promove Audi\u00eancia P\u00fablica e apresenta Relat\u00f3rio de Gest\u00e3o Consolidado 2025 - Portal Not\u00edcia em Pauta\",\"isPartOf\":{\"@id\":\"https:\/\/noticiaempauta.com\/portal\/#website\"},\"primaryImageOfPage\":{\"@id\":\"https:\/\/noticiaempauta.com\/portal\/prefeitura-de-monsenhor-hipolito-promove-audiencia-publica-e-apresenta-relatorio-de-gestao-consolidado-2025\/#primaryimage\"},\"image\":{\"@id\":\"https:\/\/noticiaempauta.com\/portal\/prefeitura-de-monsenhor-hipolito-promove-audiencia-publica-e-apresenta-relatorio-de-gestao-consolidado-2025\/#primaryimage\"},\"thumbnailUrl\":\"https:\/\/noticiaempauta.com\/portal\/wp-content\/uploads\/2026\/02\/DSC_4024.webp\",\"datePublished\":\"2026-02-28T11:36:09+00:00\",\"dateModified\":\"2026-02-28T11:36:10+00:00\",\"breadcrumb\":{\"@id\":\"https:\/\/noticiaempauta.com\/portal\/prefeitura-de-monsenhor-hipolito-promove-audiencia-publica-e-apresenta-relatorio-de-gestao-consolidado-2025\/#breadcrumb\"},\"inLanguage\":\"pt-BR\",\"potentialAction\":[{\"@type\":\"ReadAction\",\"target\":[\"https:\/\/noticiaempauta.com\/portal\/prefeitura-de-monsenhor-hipolito-promove-audiencia-publica-e-apresenta-relatorio-de-gestao-consolidado-2025\/\"]}]},{\"@type\":\"ImageObject\",\"inLanguage\":\"pt-BR\",\"@id\":\"https:\/\/noticiaempauta.com\/portal\/prefeitura-de-monsenhor-hipolito-promove-audiencia-publica-e-apresenta-relatorio-de-gestao-consolidado-2025\/#primaryimage\",\"url\":\"https:\/\/noticiaempauta.com\/portal\/wp-content\/uploads\/2026\/02\/DSC_4024.webp\",\"contentUrl\":\"https:\/\/noticiaempauta.com\/portal\/wp-content\/uploads\/2026\/02\/DSC_4024.webp\",\"width\":1200,\"height\":800},{\"@type\":\"BreadcrumbList\",\"@id\":\"https:\/\/noticiaempauta.com\/portal\/prefeitura-de-monsenhor-hipolito-promove-audiencia-publica-e-apresenta-relatorio-de-gestao-consolidado-2025\/#breadcrumb\",\"itemListElement\":[{\"@type\":\"ListItem\",\"position\":1,\"name\":\"P\u00e1gina Inicial\",\"item\":\"https:\/\/noticiaempauta.com\/portal\/\"},{\"@type\":\"ListItem\",\"position\":2,\"name\":\"Geral\",\"item\":\"https:\/\/noticiaempauta.com\/portal\/geral\/\"},{\"@type\":\"ListItem\",\"position\":3,\"name\":\"Prefeitura de Monsenhor Hip\u00f3lito promove Audi\u00eancia P\u00fablica e apresenta Relat\u00f3rio de Gest\u00e3o Consolidado 2025\"}]},{\"@type\":\"WebSite\",\"@id\":\"https:\/\/noticiaempauta.com\/portal\/#website\",\"url\":\"https:\/\/noticiaempauta.com\/portal\/\",\"name\":\"Portal Not\u00edcia em Pauta\",\"description\":\"Voc\u00ea bem informado\",\"publisher\":{\"@id\":\"https:\/\/noticiaempauta.com\/portal\/#organization\"},\"potentialAction\":[{\"@type\":\"SearchAction\",\"target\":{\"@type\":\"EntryPoint\",\"urlTemplate\":\"https:\/\/noticiaempauta.com\/portal\/?s={search_term_string}\"},\"query-input\":{\"@type\":\"PropertyValueSpecification\",\"valueRequired\":true,\"valueName\":\"search_term_string\"}}],\"inLanguage\":\"pt-BR\"},{\"@type\":\"Organization\",\"@id\":\"https:\/\/noticiaempauta.com\/portal\/#organization\",\"name\":\"Portal Not\u00edcia em Pauta\",\"url\":\"https:\/\/noticiaempauta.com\/portal\/\",\"logo\":{\"@type\":\"ImageObject\",\"inLanguage\":\"pt-BR\",\"@id\":\"https:\/\/noticiaempauta.com\/portal\/#\/schema\/logo\/image\/\",\"url\":\"https:\/\/noticiaempauta.com\/portal\/wp-content\/uploads\/2022\/08\/logomarca_tema.fw_.png\",\"contentUrl\":\"https:\/\/noticiaempauta.com\/portal\/wp-content\/uploads\/2022\/08\/logomarca_tema.fw_.png\",\"width\":400,\"height\":232,\"caption\":\"Portal Not\u00edcia em Pauta\"},\"image\":{\"@id\":\"https:\/\/noticiaempauta.com\/portal\/#\/schema\/logo\/image\/\"},\"sameAs\":[\"https:\/\/www.facebook.com\/Portal-Notcia-Em-Pauta-102292869264820\/\",\"https:\/\/www.instagram.com\/portalnoticiaempauta\/\"]},{\"@type\":\"Person\",\"@id\":\"https:\/\/noticiaempauta.com\/portal\/#\/schema\/person\/a74af43dd1ab3deca45f988c717d57ac\",\"name\":\"Reda\u00e7\u00e3o\",\"image\":{\"@type\":\"ImageObject\",\"inLanguage\":\"pt-BR\",\"@id\":\"https:\/\/noticiaempauta.com\/portal\/#\/schema\/person\/image\/\",\"url\":\"https:\/\/secure.gravatar.com\/avatar\/03179346ecce6cdfc13361603e8f54242a90e5cde8618fa23c5c00aa2b0aadf3?s=96&d=mm&r=g\",\"contentUrl\":\"https:\/\/secure.gravatar.com\/avatar\/03179346ecce6cdfc13361603e8f54242a90e5cde8618fa23c5c00aa2b0aadf3?s=96&d=mm&r=g\",\"caption\":\"Reda\u00e7\u00e3o\"},\"sameAs\":[\"https:\/\/noticiaempauta.com\/portal\/\"],\"url\":\"https:\/\/noticiaempauta.com\/portal\/author\/fernando\/\"}]}<\/script>\n<!-- \/ Yoast SEO Premium plugin. -->","yoast_head_json":{"title":"Prefeitura de Monsenhor Hip\u00f3lito promove Audi\u00eancia P\u00fablica e apresenta Relat\u00f3rio de Gest\u00e3o Consolidado 2025 - Portal Not\u00edcia em Pauta","robots":{"index":"index","follow":"follow","max-snippet":"max-snippet:-1","max-image-preview":"max-image-preview:large","max-video-preview":"max-video-preview:-1"},"canonical":"https:\/\/noticiaempauta.com\/portal\/prefeitura-de-monsenhor-hipolito-promove-audiencia-publica-e-apresenta-relatorio-de-gestao-consolidado-2025\/","og_locale":"pt_BR","og_type":"article","og_title":"Prefeitura de Monsenhor Hip\u00f3lito promove Audi\u00eancia P\u00fablica e apresenta Relat\u00f3rio de Gest\u00e3o Consolidado 2025","og_description":"Em um compromisso com a transpar\u00eancia e a responsabilidade fiscal, a Prefeitura Municipal de Monsenhor Hip\u00f3lito, na gest\u00e3o do prefeito Djalma Policarpo, realizou nesta sexta-feira (27) uma audi\u00eancia p\u00fablica para a presta\u00e7\u00e3o de contas referente ao exerc\u00edcio or\u00e7ament\u00e1rio de 2025. O evento aconteceu no Centro de Conviv\u00eancia do Idoso (CCI), e reuniu representantes da gest\u00e3o [&hellip;]","og_url":"https:\/\/noticiaempauta.com\/portal\/prefeitura-de-monsenhor-hipolito-promove-audiencia-publica-e-apresenta-relatorio-de-gestao-consolidado-2025\/","og_site_name":"Portal Not\u00edcia em Pauta","article_publisher":"https:\/\/www.facebook.com\/Portal-Notcia-Em-Pauta-102292869264820\/","article_published_time":"2026-02-28T11:36:09+00:00","article_modified_time":"2026-02-28T11:36:10+00:00","og_image":[{"width":1200,"height":800,"url":"https:\/\/noticiaempauta.com\/portal\/wp-content\/uploads\/2026\/02\/DSC_4024.webp","type":"image\/webp"}],"author":"Reda\u00e7\u00e3o","twitter_card":"summary_large_image","twitter_misc":{"Escrito por":"Reda\u00e7\u00e3o","Est. tempo de leitura":"5 minutos"},"schema":{"@context":"https:\/\/schema.org","@graph":[{"@type":"Article","@id":"https:\/\/noticiaempauta.com\/portal\/prefeitura-de-monsenhor-hipolito-promove-audiencia-publica-e-apresenta-relatorio-de-gestao-consolidado-2025\/#article","isPartOf":{"@id":"https:\/\/noticiaempauta.com\/portal\/prefeitura-de-monsenhor-hipolito-promove-audiencia-publica-e-apresenta-relatorio-de-gestao-consolidado-2025\/"},"author":{"name":"Reda\u00e7\u00e3o","@id":"https:\/\/noticiaempauta.com\/portal\/#\/schema\/person\/a74af43dd1ab3deca45f988c717d57ac"},"headline":"Prefeitura de Monsenhor Hip\u00f3lito promove Audi\u00eancia P\u00fablica e apresenta Relat\u00f3rio de Gest\u00e3o Consolidado 2025","datePublished":"2026-02-28T11:36:09+00:00","dateModified":"2026-02-28T11:36:10+00:00","mainEntityOfPage":{"@id":"https:\/\/noticiaempauta.com\/portal\/prefeitura-de-monsenhor-hipolito-promove-audiencia-publica-e-apresenta-relatorio-de-gestao-consolidado-2025\/"},"wordCount":357,"publisher":{"@id":"https:\/\/noticiaempauta.com\/portal\/#organization"},"image":{"@id":"https:\/\/noticiaempauta.com\/portal\/prefeitura-de-monsenhor-hipolito-promove-audiencia-publica-e-apresenta-relatorio-de-gestao-consolidado-2025\/#primaryimage"},"thumbnailUrl":"https:\/\/noticiaempauta.com\/portal\/wp-content\/uploads\/2026\/02\/DSC_4024.webp","keywords":["destaqueprincipal"],"articleSection":["Destaques","Geral","Munic\u00edpios","Todas as Not\u00edcias"],"inLanguage":"pt-BR"},{"@type":"WebPage","@id":"https:\/\/noticiaempauta.com\/portal\/prefeitura-de-monsenhor-hipolito-promove-audiencia-publica-e-apresenta-relatorio-de-gestao-consolidado-2025\/","url":"https:\/\/noticiaempauta.com\/portal\/prefeitura-de-monsenhor-hipolito-promove-audiencia-publica-e-apresenta-relatorio-de-gestao-consolidado-2025\/","name":"Prefeitura de Monsenhor Hip\u00f3lito promove Audi\u00eancia P\u00fablica e apresenta Relat\u00f3rio de Gest\u00e3o Consolidado 2025 - Portal Not\u00edcia em Pauta","isPartOf":{"@id":"https:\/\/noticiaempauta.com\/portal\/#website"},"primaryImageOfPage":{"@id":"https:\/\/noticiaempauta.com\/portal\/prefeitura-de-monsenhor-hipolito-promove-audiencia-publica-e-apresenta-relatorio-de-gestao-consolidado-2025\/#primaryimage"},"image":{"@id":"https:\/\/noticiaempauta.com\/portal\/prefeitura-de-monsenhor-hipolito-promove-audiencia-publica-e-apresenta-relatorio-de-gestao-consolidado-2025\/#primaryimage"},"thumbnailUrl":"https:\/\/noticiaempauta.com\/portal\/wp-content\/uploads\/2026\/02\/DSC_4024.webp","datePublished":"2026-02-28T11:36:09+00:00","dateModified":"2026-02-28T11:36:10+00:00","breadcrumb":{"@id":"https:\/\/noticiaempauta.com\/portal\/prefeitura-de-monsenhor-hipolito-promove-audiencia-publica-e-apresenta-relatorio-de-gestao-consolidado-2025\/#breadcrumb"},"inLanguage":"pt-BR","potentialAction":[{"@type":"ReadAction","target":["https:\/\/noticiaempauta.com\/portal\/prefeitura-de-monsenhor-hipolito-promove-audiencia-publica-e-apresenta-relatorio-de-gestao-consolidado-2025\/"]}]},{"@type":"ImageObject","inLanguage":"pt-BR","@id":"https:\/\/noticiaempauta.com\/portal\/prefeitura-de-monsenhor-hipolito-promove-audiencia-publica-e-apresenta-relatorio-de-gestao-consolidado-2025\/#primaryimage","url":"https:\/\/noticiaempauta.com\/portal\/wp-content\/uploads\/2026\/02\/DSC_4024.webp","contentUrl":"https:\/\/noticiaempauta.com\/portal\/wp-content\/uploads\/2026\/02\/DSC_4024.webp","width":1200,"height":800},{"@type":"BreadcrumbList","@id":"https:\/\/noticiaempauta.com\/portal\/prefeitura-de-monsenhor-hipolito-promove-audiencia-publica-e-apresenta-relatorio-de-gestao-consolidado-2025\/#breadcrumb","itemListElement":[{"@type":"ListItem","position":1,"name":"P\u00e1gina Inicial","item":"https:\/\/noticiaempauta.com\/portal\/"},{"@type":"ListItem","position":2,"name":"Geral","item":"https:\/\/noticiaempauta.com\/portal\/geral\/"},{"@type":"ListItem","position":3,"name":"Prefeitura de Monsenhor Hip\u00f3lito promove Audi\u00eancia P\u00fablica e apresenta Relat\u00f3rio de Gest\u00e3o Consolidado 2025"}]},{"@type":"WebSite","@id":"https:\/\/noticiaempauta.com\/portal\/#website","url":"https:\/\/noticiaempauta.com\/portal\/","name":"Portal Not\u00edcia em Pauta","description":"Voc\u00ea bem informado","publisher":{"@id":"https:\/\/noticiaempauta.com\/portal\/#organization"},"potentialAction":[{"@type":"SearchAction","target":{"@type":"EntryPoint","urlTemplate":"https:\/\/noticiaempauta.com\/portal\/?s={search_term_string}"},"query-input":{"@type":"PropertyValueSpecification","valueRequired":true,"valueName":"search_term_string"}}],"inLanguage":"pt-BR"},{"@type":"Organization","@id":"https:\/\/noticiaempauta.com\/portal\/#organization","name":"Portal Not\u00edcia em Pauta","url":"https:\/\/noticiaempauta.com\/portal\/","logo":{"@type":"ImageObject","inLanguage":"pt-BR","@id":"https:\/\/noticiaempauta.com\/portal\/#\/schema\/logo\/image\/","url":"https:\/\/noticiaempauta.com\/portal\/wp-content\/uploads\/2022\/08\/logomarca_tema.fw_.png","contentUrl":"https:\/\/noticiaempauta.com\/portal\/wp-content\/uploads\/2022\/08\/logomarca_tema.fw_.png","width":400,"height":232,"caption":"Portal Not\u00edcia em Pauta"},"image":{"@id":"https:\/\/noticiaempauta.com\/portal\/#\/schema\/logo\/image\/"},"sameAs":["https:\/\/www.facebook.com\/Portal-Notcia-Em-Pauta-102292869264820\/","https:\/\/www.instagram.com\/portalnoticiaempauta\/"]},{"@type":"Person","@id":"https:\/\/noticiaempauta.com\/portal\/#\/schema\/person\/a74af43dd1ab3deca45f988c717d57ac","name":"Reda\u00e7\u00e3o","image":{"@type":"ImageObject","inLanguage":"pt-BR","@id":"https:\/\/noticiaempauta.com\/portal\/#\/schema\/person\/image\/","url":"https:\/\/secure.gravatar.com\/avatar\/03179346ecce6cdfc13361603e8f54242a90e5cde8618fa23c5c00aa2b0aadf3?s=96&d=mm&r=g","contentUrl":"https:\/\/secure.gravatar.com\/avatar\/03179346ecce6cdfc13361603e8f54242a90e5cde8618fa23c5c00aa2b0aadf3?s=96&d=mm&r=g","caption":"Reda\u00e7\u00e3o"},"sameAs":["https:\/\/noticiaempauta.com\/portal\/"],"url":"https:\/\/noticiaempauta.com\/portal\/author\/fernando\/"}]}},"_links":{"self":[{"href":"https:\/\/noticiaempauta.com\/portal\/wp-json\/wp\/v2\/posts\/285827","targetHints":{"allow":["GET"]}}],"collection":[{"href":"https:\/\/noticiaempauta.com\/portal\/wp-json\/wp\/v2\/posts"}],"about":[{"href":"https:\/\/noticiaempauta.com\/portal\/wp-json\/wp\/v2\/types\/post"}],"author":[{"embeddable":true,"href":"https:\/\/noticiaempauta.com\/portal\/wp-json\/wp\/v2\/users\/2"}],"replies":[{"embeddable":true,"href":"https:\/\/noticiaempauta.com\/portal\/wp-json\/wp\/v2\/comments?post=285827"}],"version-history":[{"count":3,"href":"https:\/\/noticiaempauta.com\/portal\/wp-json\/wp\/v2\/posts\/285827\/revisions"}],"predecessor-version":[{"id":285848,"href":"https:\/\/noticiaempauta.com\/portal\/wp-json\/wp\/v2\/posts\/285827\/revisions\/285848"}],"wp:featuredmedia":[{"embeddable":true,"href":"https:\/\/noticiaempauta.com\/portal\/wp-json\/wp\/v2\/media\/285835"}],"wp:attachment":[{"href":"https:\/\/noticiaempauta.com\/portal\/wp-json\/wp\/v2\/media?parent=285827"}],"wp:term":[{"taxonomy":"category","embeddable":true,"href":"https:\/\/noticiaempauta.com\/portal\/wp-json\/wp\/v2\/categories?post=285827"},{"taxonomy":"post_tag","embeddable":true,"href":"https:\/\/noticiaempauta.com\/portal\/wp-json\/wp\/v2\/tags?post=285827"}],"curies":[{"name":"wp","href":"https:\/\/api.w.org\/{rel}","templated":true}]}}