{"id":285854,"date":"2026-03-02T09:06:17","date_gmt":"2026-03-02T12:06:17","guid":{"rendered":"https:\/\/noticiaempauta.com\/portal\/?p=285854"},"modified":"2026-03-02T09:06:19","modified_gmt":"2026-03-02T12:06:19","slug":"governo-federal-libera-r-24-milhoes-para-municipios-do-piaui-afetados-pelas-chuvas","status":"publish","type":"post","link":"https:\/\/noticiaempauta.com\/portal\/governo-federal-libera-r-24-milhoes-para-municipios-do-piaui-afetados-pelas-chuvas\/","title":{"rendered":"Governo Federal libera R$ 2,4 milh\u00f5es para munic\u00edpios do Piau\u00ed afetados pelas chuvas"},"content":{"rendered":"\n<p>O Minist\u00e9rio da Integra\u00e7\u00e3o e do Desenvolvimento Regional (MIDR), por meio da Defesa Civil Nacional, autorizou o repasse de\u00a0R$ 2.413.420,94\u00a0para\u00a0munic\u00edpios do Piau\u00ed afetados por desastres naturais.\u00a0Os recursos contemplam a\u00e7\u00f5es emergenciais de resposta e tamb\u00e9m medidas preventivas, conforme portarias publicadas no Di\u00e1rio Oficial da Uni\u00e3o (DOU).<\/p>\n\n\n\n<figure class=\"wp-block-image size-full\"><img fetchpriority=\"high\" decoding=\"async\" width=\"790\" height=\"550\" src=\"https:\/\/noticiaempauta.com\/portal\/wp-content\/uploads\/2026\/01\/chove_chuva_teresina.webp\" alt=\"\" class=\"wp-image-284295\" srcset=\"https:\/\/noticiaempauta.com\/portal\/wp-content\/uploads\/2026\/01\/chove_chuva_teresina.webp 790w, https:\/\/noticiaempauta.com\/portal\/wp-content\/uploads\/2026\/01\/chove_chuva_teresina-300x209.webp 300w, https:\/\/noticiaempauta.com\/portal\/wp-content\/uploads\/2026\/01\/chove_chuva_teresina-768x535.webp 768w\" sizes=\"(max-width: 790px) 100vw, 790px\" \/><\/figure>\n\n\n\n<p>Os valores ser\u00e3o destinados \u00e0s seguintes cidades piauienses:<\/p>\n\n\n\n<p>&#8211; Corrente \u2014&nbsp;<strong>R$ 909.190,50<\/strong><\/p>\n\n\n\n<p>&#8211; Picos \u2014&nbsp;<strong>R$ 1.226.436,95<\/strong><\/p>\n\n\n\n<p>&#8211; Vera Mendes \u2014\u00a0<strong>R$ 277.793,49<\/strong><\/p>\n\n\n\n<p>No caso de Vera Mendes, o recurso ser\u00e1 aplicado na execu\u00e7\u00e3o de a\u00e7\u00f5es de preven\u00e7\u00e3o descritas no Plano de Trabalho aprovado e registrado no processo SEI n\u00ba 59000.011118\/2024-91.<\/p>\n\n\n\n<p>Segundo o minist\u00e9rio, os repasses s\u00e3o voltados para a\u00e7\u00f5es de resposta, como assist\u00eancia \u00e0 popula\u00e7\u00e3o afetada, restabelecimento de servi\u00e7os essenciais e apoio emergencial. A libera\u00e7\u00e3o considera crit\u00e9rios t\u00e9cnicos, como\u00a0a magnitude do desastre, o n\u00famero de desabrigados e desalojados e as necessidades apresentadas nos planos de trabalho enviados pelas prefeituras.<\/p>\n\n\n\n<h2 class=\"wp-block-heading\">Repasse total chega a R$ 15 milh\u00f5es para dez munic\u00edpios<\/h2>\n\n\n\n<p>No total, o MIDR autorizou R$ 15.008.137,07 para dez munic\u00edpios de seis estados: Bahia, Maranh\u00e3o, Minas Gerais, Piau\u00ed, Santa Catarina e Rio Grande do Sul.<\/p>\n\n\n\n<p>Entre as cidades contempladas est\u00e3o:<\/p>\n\n\n\n<p>S\u00e3o Jo\u00e3o do Soter \u2014 R$ 3.830.988,89<\/p>\n\n\n\n<p>S\u00e3o Jo\u00e3o do Pol\u00easine \u2014 R$ 1.169.900,00<\/p>\n\n\n\n<p>Virg\u00ednia \u2014 R$ 48.647,14<\/p>\n\n\n\n<p>Encruzilhada \u2014 R$ 622.770,00<\/p>\n\n\n\n<p>Cara\u00ed \u2014 R$ 191.477,77<\/p>\n\n\n\n<p>Governador Celso Ramos \u2014 R$ 3.582.238,42<\/p>\n\n\n\n<p>Ub\u00e1 \u2014 R$ 482.425,00<\/p>\n\n\n\n<p>Juiz de Fora \u2014 R$ 2.108.500,00 e R$ 835.562,40<\/p>\n\n\n\n<h2 class=\"wp-block-heading\">Apoio federal em Minas Gerais<\/h2>\n\n\n\n<p>Parte dos recursos atende munic\u00edpios mineiros atingidos por fortes chuvas nesta semana. Segundo o governo estadual,\u00a0o desastre j\u00e1 deixou 55 mortos, sendo 49 em Juiz de Fora e seis em Ub\u00e1.<\/p>\n\n\n\n<p>O ministro Waldez G\u00f3es esteve nas \u00e1reas afetadas acompanhado do secret\u00e1rio nacional de Prote\u00e7\u00e3o e Defesa Civil, Wolnei Wolff, para acompanhar as a\u00e7\u00f5es de socorro e reconstru\u00e7\u00e3o.<\/p>\n\n\n\n<p><strong>Fonte: Meio News<\/strong><\/p>\n","protected":false},"excerpt":{"rendered":"<p>O Minist\u00e9rio da Integra\u00e7\u00e3o e do Desenvolvimento Regional (MIDR), por meio da Defesa Civil Nacional, autorizou o repasse de\u00a0R$ 2.413.420,94\u00a0para\u00a0munic\u00edpios do Piau\u00ed afetados por desastres naturais.\u00a0Os recursos contemplam a\u00e7\u00f5es emergenciais de resposta e tamb\u00e9m medidas preventivas, conforme portarias publicadas no Di\u00e1rio Oficial da Uni\u00e3o (DOU). Os valores ser\u00e3o destinados \u00e0s seguintes cidades piauienses: &#8211; Corrente [&hellip;]<\/p>\n","protected":false},"author":2,"featured_media":284295,"comment_status":"closed","ping_status":"closed","sticky":false,"template":"","format":"standard","meta":{"_mi_skip_tracking":false,"footnotes":""},"categories":[25,1,9,16],"tags":[192],"class_list":["post-285854","post","type-post","status-publish","format-standard","has-post-thumbnail","hentry","category-destaques-site","category-geral","category-municipios","category-todas","tag-destaqueprincipal"],"acf":[],"yoast_head":"<!-- This site is optimized with the Yoast SEO Premium plugin v19.2 (Yoast SEO v26.9) - https:\/\/yoast.com\/product\/yoast-seo-premium-wordpress\/ -->\n<title>Governo Federal libera R$ 2,4 milh\u00f5es para munic\u00edpios do Piau\u00ed afetados pelas chuvas - Portal Not\u00edcia em Pauta<\/title>\n<meta name=\"robots\" content=\"index, follow, max-snippet:-1, max-image-preview:large, max-video-preview:-1\" \/>\n<link rel=\"canonical\" href=\"https:\/\/noticiaempauta.com\/portal\/governo-federal-libera-r-24-milhoes-para-municipios-do-piaui-afetados-pelas-chuvas\/\" \/>\n<meta property=\"og:locale\" content=\"pt_BR\" \/>\n<meta property=\"og:type\" content=\"article\" \/>\n<meta property=\"og:title\" content=\"Governo Federal libera R$ 2,4 milh\u00f5es para munic\u00edpios do Piau\u00ed afetados pelas chuvas\" \/>\n<meta property=\"og:description\" content=\"O Minist\u00e9rio da Integra\u00e7\u00e3o e do Desenvolvimento Regional (MIDR), por meio da Defesa Civil Nacional, autorizou o repasse de\u00a0R$ 2.413.420,94\u00a0para\u00a0munic\u00edpios do Piau\u00ed afetados por desastres naturais.\u00a0Os recursos contemplam a\u00e7\u00f5es emergenciais de resposta e tamb\u00e9m medidas preventivas, conforme portarias publicadas no Di\u00e1rio Oficial da Uni\u00e3o (DOU). Os valores ser\u00e3o destinados \u00e0s seguintes cidades piauienses: &#8211; Corrente [&hellip;]\" \/>\n<meta property=\"og:url\" content=\"https:\/\/noticiaempauta.com\/portal\/governo-federal-libera-r-24-milhoes-para-municipios-do-piaui-afetados-pelas-chuvas\/\" \/>\n<meta property=\"og:site_name\" content=\"Portal Not\u00edcia em Pauta\" \/>\n<meta property=\"article:publisher\" content=\"https:\/\/www.facebook.com\/Portal-Notcia-Em-Pauta-102292869264820\/\" \/>\n<meta property=\"article:published_time\" content=\"2026-03-02T12:06:17+00:00\" \/>\n<meta property=\"article:modified_time\" content=\"2026-03-02T12:06:19+00:00\" \/>\n<meta property=\"og:image\" content=\"https:\/\/noticiaempauta.com\/portal\/wp-content\/uploads\/2026\/01\/chove_chuva_teresina.webp\" \/>\n\t<meta property=\"og:image:width\" content=\"790\" \/>\n\t<meta property=\"og:image:height\" content=\"550\" \/>\n\t<meta property=\"og:image:type\" content=\"image\/webp\" \/>\n<meta name=\"author\" content=\"Reda\u00e7\u00e3o\" \/>\n<meta name=\"twitter:card\" content=\"summary_large_image\" \/>\n<meta name=\"twitter:label1\" content=\"Escrito por\" \/>\n\t<meta name=\"twitter:data1\" content=\"Reda\u00e7\u00e3o\" \/>\n\t<meta name=\"twitter:label2\" content=\"Est. tempo de leitura\" \/>\n\t<meta name=\"twitter:data2\" content=\"2 minutos\" \/>\n<script type=\"application\/ld+json\" class=\"yoast-schema-graph\">{\"@context\":\"https:\/\/schema.org\",\"@graph\":[{\"@type\":\"Article\",\"@id\":\"https:\/\/noticiaempauta.com\/portal\/governo-federal-libera-r-24-milhoes-para-municipios-do-piaui-afetados-pelas-chuvas\/#article\",\"isPartOf\":{\"@id\":\"https:\/\/noticiaempauta.com\/portal\/governo-federal-libera-r-24-milhoes-para-municipios-do-piaui-afetados-pelas-chuvas\/\"},\"author\":{\"name\":\"Reda\u00e7\u00e3o\",\"@id\":\"https:\/\/noticiaempauta.com\/portal\/#\/schema\/person\/a74af43dd1ab3deca45f988c717d57ac\"},\"headline\":\"Governo Federal libera R$ 2,4 milh\u00f5es para munic\u00edpios do Piau\u00ed afetados pelas chuvas\",\"datePublished\":\"2026-03-02T12:06:17+00:00\",\"dateModified\":\"2026-03-02T12:06:19+00:00\",\"mainEntityOfPage\":{\"@id\":\"https:\/\/noticiaempauta.com\/portal\/governo-federal-libera-r-24-milhoes-para-municipios-do-piaui-afetados-pelas-chuvas\/\"},\"wordCount\":328,\"publisher\":{\"@id\":\"https:\/\/noticiaempauta.com\/portal\/#organization\"},\"image\":{\"@id\":\"https:\/\/noticiaempauta.com\/portal\/governo-federal-libera-r-24-milhoes-para-municipios-do-piaui-afetados-pelas-chuvas\/#primaryimage\"},\"thumbnailUrl\":\"https:\/\/noticiaempauta.com\/portal\/wp-content\/uploads\/2026\/01\/chove_chuva_teresina.webp\",\"keywords\":[\"destaqueprincipal\"],\"articleSection\":[\"Destaques\",\"Geral\",\"Munic\u00edpios\",\"Todas as Not\u00edcias\"],\"inLanguage\":\"pt-BR\"},{\"@type\":\"WebPage\",\"@id\":\"https:\/\/noticiaempauta.com\/portal\/governo-federal-libera-r-24-milhoes-para-municipios-do-piaui-afetados-pelas-chuvas\/\",\"url\":\"https:\/\/noticiaempauta.com\/portal\/governo-federal-libera-r-24-milhoes-para-municipios-do-piaui-afetados-pelas-chuvas\/\",\"name\":\"Governo Federal libera R$ 2,4 milh\u00f5es para munic\u00edpios do Piau\u00ed afetados pelas chuvas - Portal Not\u00edcia em Pauta\",\"isPartOf\":{\"@id\":\"https:\/\/noticiaempauta.com\/portal\/#website\"},\"primaryImageOfPage\":{\"@id\":\"https:\/\/noticiaempauta.com\/portal\/governo-federal-libera-r-24-milhoes-para-municipios-do-piaui-afetados-pelas-chuvas\/#primaryimage\"},\"image\":{\"@id\":\"https:\/\/noticiaempauta.com\/portal\/governo-federal-libera-r-24-milhoes-para-municipios-do-piaui-afetados-pelas-chuvas\/#primaryimage\"},\"thumbnailUrl\":\"https:\/\/noticiaempauta.com\/portal\/wp-content\/uploads\/2026\/01\/chove_chuva_teresina.webp\",\"datePublished\":\"2026-03-02T12:06:17+00:00\",\"dateModified\":\"2026-03-02T12:06:19+00:00\",\"breadcrumb\":{\"@id\":\"https:\/\/noticiaempauta.com\/portal\/governo-federal-libera-r-24-milhoes-para-municipios-do-piaui-afetados-pelas-chuvas\/#breadcrumb\"},\"inLanguage\":\"pt-BR\",\"potentialAction\":[{\"@type\":\"ReadAction\",\"target\":[\"https:\/\/noticiaempauta.com\/portal\/governo-federal-libera-r-24-milhoes-para-municipios-do-piaui-afetados-pelas-chuvas\/\"]}]},{\"@type\":\"ImageObject\",\"inLanguage\":\"pt-BR\",\"@id\":\"https:\/\/noticiaempauta.com\/portal\/governo-federal-libera-r-24-milhoes-para-municipios-do-piaui-afetados-pelas-chuvas\/#primaryimage\",\"url\":\"https:\/\/noticiaempauta.com\/portal\/wp-content\/uploads\/2026\/01\/chove_chuva_teresina.webp\",\"contentUrl\":\"https:\/\/noticiaempauta.com\/portal\/wp-content\/uploads\/2026\/01\/chove_chuva_teresina.webp\",\"width\":790,\"height\":550},{\"@type\":\"BreadcrumbList\",\"@id\":\"https:\/\/noticiaempauta.com\/portal\/governo-federal-libera-r-24-milhoes-para-municipios-do-piaui-afetados-pelas-chuvas\/#breadcrumb\",\"itemListElement\":[{\"@type\":\"ListItem\",\"position\":1,\"name\":\"P\u00e1gina Inicial\",\"item\":\"https:\/\/noticiaempauta.com\/portal\/\"},{\"@type\":\"ListItem\",\"position\":2,\"name\":\"Destaques\",\"item\":\"https:\/\/noticiaempauta.com\/portal\/destaques-site\/\"},{\"@type\":\"ListItem\",\"position\":3,\"name\":\"Governo Federal libera R$ 2,4 milh\u00f5es para munic\u00edpios do Piau\u00ed afetados pelas chuvas\"}]},{\"@type\":\"WebSite\",\"@id\":\"https:\/\/noticiaempauta.com\/portal\/#website\",\"url\":\"https:\/\/noticiaempauta.com\/portal\/\",\"name\":\"Portal Not\u00edcia em Pauta\",\"description\":\"Voc\u00ea bem informado\",\"publisher\":{\"@id\":\"https:\/\/noticiaempauta.com\/portal\/#organization\"},\"potentialAction\":[{\"@type\":\"SearchAction\",\"target\":{\"@type\":\"EntryPoint\",\"urlTemplate\":\"https:\/\/noticiaempauta.com\/portal\/?s={search_term_string}\"},\"query-input\":{\"@type\":\"PropertyValueSpecification\",\"valueRequired\":true,\"valueName\":\"search_term_string\"}}],\"inLanguage\":\"pt-BR\"},{\"@type\":\"Organization\",\"@id\":\"https:\/\/noticiaempauta.com\/portal\/#organization\",\"name\":\"Portal Not\u00edcia em Pauta\",\"url\":\"https:\/\/noticiaempauta.com\/portal\/\",\"logo\":{\"@type\":\"ImageObject\",\"inLanguage\":\"pt-BR\",\"@id\":\"https:\/\/noticiaempauta.com\/portal\/#\/schema\/logo\/image\/\",\"url\":\"https:\/\/noticiaempauta.com\/portal\/wp-content\/uploads\/2022\/08\/logomarca_tema.fw_.png\",\"contentUrl\":\"https:\/\/noticiaempauta.com\/portal\/wp-content\/uploads\/2022\/08\/logomarca_tema.fw_.png\",\"width\":400,\"height\":232,\"caption\":\"Portal Not\u00edcia em Pauta\"},\"image\":{\"@id\":\"https:\/\/noticiaempauta.com\/portal\/#\/schema\/logo\/image\/\"},\"sameAs\":[\"https:\/\/www.facebook.com\/Portal-Notcia-Em-Pauta-102292869264820\/\",\"https:\/\/www.instagram.com\/portalnoticiaempauta\/\"]},{\"@type\":\"Person\",\"@id\":\"https:\/\/noticiaempauta.com\/portal\/#\/schema\/person\/a74af43dd1ab3deca45f988c717d57ac\",\"name\":\"Reda\u00e7\u00e3o\",\"image\":{\"@type\":\"ImageObject\",\"inLanguage\":\"pt-BR\",\"@id\":\"https:\/\/noticiaempauta.com\/portal\/#\/schema\/person\/image\/\",\"url\":\"https:\/\/secure.gravatar.com\/avatar\/03179346ecce6cdfc13361603e8f54242a90e5cde8618fa23c5c00aa2b0aadf3?s=96&d=mm&r=g\",\"contentUrl\":\"https:\/\/secure.gravatar.com\/avatar\/03179346ecce6cdfc13361603e8f54242a90e5cde8618fa23c5c00aa2b0aadf3?s=96&d=mm&r=g\",\"caption\":\"Reda\u00e7\u00e3o\"},\"sameAs\":[\"https:\/\/noticiaempauta.com\/portal\/\"],\"url\":\"https:\/\/noticiaempauta.com\/portal\/author\/fernando\/\"}]}<\/script>\n<!-- \/ Yoast SEO Premium plugin. -->","yoast_head_json":{"title":"Governo Federal libera R$ 2,4 milh\u00f5es para munic\u00edpios do Piau\u00ed afetados pelas chuvas - Portal Not\u00edcia em Pauta","robots":{"index":"index","follow":"follow","max-snippet":"max-snippet:-1","max-image-preview":"max-image-preview:large","max-video-preview":"max-video-preview:-1"},"canonical":"https:\/\/noticiaempauta.com\/portal\/governo-federal-libera-r-24-milhoes-para-municipios-do-piaui-afetados-pelas-chuvas\/","og_locale":"pt_BR","og_type":"article","og_title":"Governo Federal libera R$ 2,4 milh\u00f5es para munic\u00edpios do Piau\u00ed afetados pelas chuvas","og_description":"O Minist\u00e9rio da Integra\u00e7\u00e3o e do Desenvolvimento Regional (MIDR), por meio da Defesa Civil Nacional, autorizou o repasse de\u00a0R$ 2.413.420,94\u00a0para\u00a0munic\u00edpios do Piau\u00ed afetados por desastres naturais.\u00a0Os recursos contemplam a\u00e7\u00f5es emergenciais de resposta e tamb\u00e9m medidas preventivas, conforme portarias publicadas no Di\u00e1rio Oficial da Uni\u00e3o (DOU). Os valores ser\u00e3o destinados \u00e0s seguintes cidades piauienses: &#8211; Corrente [&hellip;]","og_url":"https:\/\/noticiaempauta.com\/portal\/governo-federal-libera-r-24-milhoes-para-municipios-do-piaui-afetados-pelas-chuvas\/","og_site_name":"Portal Not\u00edcia em Pauta","article_publisher":"https:\/\/www.facebook.com\/Portal-Notcia-Em-Pauta-102292869264820\/","article_published_time":"2026-03-02T12:06:17+00:00","article_modified_time":"2026-03-02T12:06:19+00:00","og_image":[{"width":790,"height":550,"url":"https:\/\/noticiaempauta.com\/portal\/wp-content\/uploads\/2026\/01\/chove_chuva_teresina.webp","type":"image\/webp"}],"author":"Reda\u00e7\u00e3o","twitter_card":"summary_large_image","twitter_misc":{"Escrito por":"Reda\u00e7\u00e3o","Est. tempo de leitura":"2 minutos"},"schema":{"@context":"https:\/\/schema.org","@graph":[{"@type":"Article","@id":"https:\/\/noticiaempauta.com\/portal\/governo-federal-libera-r-24-milhoes-para-municipios-do-piaui-afetados-pelas-chuvas\/#article","isPartOf":{"@id":"https:\/\/noticiaempauta.com\/portal\/governo-federal-libera-r-24-milhoes-para-municipios-do-piaui-afetados-pelas-chuvas\/"},"author":{"name":"Reda\u00e7\u00e3o","@id":"https:\/\/noticiaempauta.com\/portal\/#\/schema\/person\/a74af43dd1ab3deca45f988c717d57ac"},"headline":"Governo Federal libera R$ 2,4 milh\u00f5es para munic\u00edpios do Piau\u00ed afetados pelas chuvas","datePublished":"2026-03-02T12:06:17+00:00","dateModified":"2026-03-02T12:06:19+00:00","mainEntityOfPage":{"@id":"https:\/\/noticiaempauta.com\/portal\/governo-federal-libera-r-24-milhoes-para-municipios-do-piaui-afetados-pelas-chuvas\/"},"wordCount":328,"publisher":{"@id":"https:\/\/noticiaempauta.com\/portal\/#organization"},"image":{"@id":"https:\/\/noticiaempauta.com\/portal\/governo-federal-libera-r-24-milhoes-para-municipios-do-piaui-afetados-pelas-chuvas\/#primaryimage"},"thumbnailUrl":"https:\/\/noticiaempauta.com\/portal\/wp-content\/uploads\/2026\/01\/chove_chuva_teresina.webp","keywords":["destaqueprincipal"],"articleSection":["Destaques","Geral","Munic\u00edpios","Todas as Not\u00edcias"],"inLanguage":"pt-BR"},{"@type":"WebPage","@id":"https:\/\/noticiaempauta.com\/portal\/governo-federal-libera-r-24-milhoes-para-municipios-do-piaui-afetados-pelas-chuvas\/","url":"https:\/\/noticiaempauta.com\/portal\/governo-federal-libera-r-24-milhoes-para-municipios-do-piaui-afetados-pelas-chuvas\/","name":"Governo Federal libera R$ 2,4 milh\u00f5es para munic\u00edpios do Piau\u00ed afetados pelas chuvas - Portal Not\u00edcia em Pauta","isPartOf":{"@id":"https:\/\/noticiaempauta.com\/portal\/#website"},"primaryImageOfPage":{"@id":"https:\/\/noticiaempauta.com\/portal\/governo-federal-libera-r-24-milhoes-para-municipios-do-piaui-afetados-pelas-chuvas\/#primaryimage"},"image":{"@id":"https:\/\/noticiaempauta.com\/portal\/governo-federal-libera-r-24-milhoes-para-municipios-do-piaui-afetados-pelas-chuvas\/#primaryimage"},"thumbnailUrl":"https:\/\/noticiaempauta.com\/portal\/wp-content\/uploads\/2026\/01\/chove_chuva_teresina.webp","datePublished":"2026-03-02T12:06:17+00:00","dateModified":"2026-03-02T12:06:19+00:00","breadcrumb":{"@id":"https:\/\/noticiaempauta.com\/portal\/governo-federal-libera-r-24-milhoes-para-municipios-do-piaui-afetados-pelas-chuvas\/#breadcrumb"},"inLanguage":"pt-BR","potentialAction":[{"@type":"ReadAction","target":["https:\/\/noticiaempauta.com\/portal\/governo-federal-libera-r-24-milhoes-para-municipios-do-piaui-afetados-pelas-chuvas\/"]}]},{"@type":"ImageObject","inLanguage":"pt-BR","@id":"https:\/\/noticiaempauta.com\/portal\/governo-federal-libera-r-24-milhoes-para-municipios-do-piaui-afetados-pelas-chuvas\/#primaryimage","url":"https:\/\/noticiaempauta.com\/portal\/wp-content\/uploads\/2026\/01\/chove_chuva_teresina.webp","contentUrl":"https:\/\/noticiaempauta.com\/portal\/wp-content\/uploads\/2026\/01\/chove_chuva_teresina.webp","width":790,"height":550},{"@type":"BreadcrumbList","@id":"https:\/\/noticiaempauta.com\/portal\/governo-federal-libera-r-24-milhoes-para-municipios-do-piaui-afetados-pelas-chuvas\/#breadcrumb","itemListElement":[{"@type":"ListItem","position":1,"name":"P\u00e1gina Inicial","item":"https:\/\/noticiaempauta.com\/portal\/"},{"@type":"ListItem","position":2,"name":"Destaques","item":"https:\/\/noticiaempauta.com\/portal\/destaques-site\/"},{"@type":"ListItem","position":3,"name":"Governo Federal libera R$ 2,4 milh\u00f5es para munic\u00edpios do Piau\u00ed afetados pelas chuvas"}]},{"@type":"WebSite","@id":"https:\/\/noticiaempauta.com\/portal\/#website","url":"https:\/\/noticiaempauta.com\/portal\/","name":"Portal Not\u00edcia em Pauta","description":"Voc\u00ea bem informado","publisher":{"@id":"https:\/\/noticiaempauta.com\/portal\/#organization"},"potentialAction":[{"@type":"SearchAction","target":{"@type":"EntryPoint","urlTemplate":"https:\/\/noticiaempauta.com\/portal\/?s={search_term_string}"},"query-input":{"@type":"PropertyValueSpecification","valueRequired":true,"valueName":"search_term_string"}}],"inLanguage":"pt-BR"},{"@type":"Organization","@id":"https:\/\/noticiaempauta.com\/portal\/#organization","name":"Portal Not\u00edcia em Pauta","url":"https:\/\/noticiaempauta.com\/portal\/","logo":{"@type":"ImageObject","inLanguage":"pt-BR","@id":"https:\/\/noticiaempauta.com\/portal\/#\/schema\/logo\/image\/","url":"https:\/\/noticiaempauta.com\/portal\/wp-content\/uploads\/2022\/08\/logomarca_tema.fw_.png","contentUrl":"https:\/\/noticiaempauta.com\/portal\/wp-content\/uploads\/2022\/08\/logomarca_tema.fw_.png","width":400,"height":232,"caption":"Portal Not\u00edcia em Pauta"},"image":{"@id":"https:\/\/noticiaempauta.com\/portal\/#\/schema\/logo\/image\/"},"sameAs":["https:\/\/www.facebook.com\/Portal-Notcia-Em-Pauta-102292869264820\/","https:\/\/www.instagram.com\/portalnoticiaempauta\/"]},{"@type":"Person","@id":"https:\/\/noticiaempauta.com\/portal\/#\/schema\/person\/a74af43dd1ab3deca45f988c717d57ac","name":"Reda\u00e7\u00e3o","image":{"@type":"ImageObject","inLanguage":"pt-BR","@id":"https:\/\/noticiaempauta.com\/portal\/#\/schema\/person\/image\/","url":"https:\/\/secure.gravatar.com\/avatar\/03179346ecce6cdfc13361603e8f54242a90e5cde8618fa23c5c00aa2b0aadf3?s=96&d=mm&r=g","contentUrl":"https:\/\/secure.gravatar.com\/avatar\/03179346ecce6cdfc13361603e8f54242a90e5cde8618fa23c5c00aa2b0aadf3?s=96&d=mm&r=g","caption":"Reda\u00e7\u00e3o"},"sameAs":["https:\/\/noticiaempauta.com\/portal\/"],"url":"https:\/\/noticiaempauta.com\/portal\/author\/fernando\/"}]}},"_links":{"self":[{"href":"https:\/\/noticiaempauta.com\/portal\/wp-json\/wp\/v2\/posts\/285854","targetHints":{"allow":["GET"]}}],"collection":[{"href":"https:\/\/noticiaempauta.com\/portal\/wp-json\/wp\/v2\/posts"}],"about":[{"href":"https:\/\/noticiaempauta.com\/portal\/wp-json\/wp\/v2\/types\/post"}],"author":[{"embeddable":true,"href":"https:\/\/noticiaempauta.com\/portal\/wp-json\/wp\/v2\/users\/2"}],"replies":[{"embeddable":true,"href":"https:\/\/noticiaempauta.com\/portal\/wp-json\/wp\/v2\/comments?post=285854"}],"version-history":[{"count":2,"href":"https:\/\/noticiaempauta.com\/portal\/wp-json\/wp\/v2\/posts\/285854\/revisions"}],"predecessor-version":[{"id":285856,"href":"https:\/\/noticiaempauta.com\/portal\/wp-json\/wp\/v2\/posts\/285854\/revisions\/285856"}],"wp:featuredmedia":[{"embeddable":true,"href":"https:\/\/noticiaempauta.com\/portal\/wp-json\/wp\/v2\/media\/284295"}],"wp:attachment":[{"href":"https:\/\/noticiaempauta.com\/portal\/wp-json\/wp\/v2\/media?parent=285854"}],"wp:term":[{"taxonomy":"category","embeddable":true,"href":"https:\/\/noticiaempauta.com\/portal\/wp-json\/wp\/v2\/categories?post=285854"},{"taxonomy":"post_tag","embeddable":true,"href":"https:\/\/noticiaempauta.com\/portal\/wp-json\/wp\/v2\/tags?post=285854"}],"curies":[{"name":"wp","href":"https:\/\/api.w.org\/{rel}","templated":true}]}}