{"id":285858,"date":"2026-03-02T10:44:02","date_gmt":"2026-03-02T13:44:02","guid":{"rendered":"https:\/\/noticiaempauta.com\/portal\/?p=285858"},"modified":"2026-03-02T10:44:04","modified_gmt":"2026-03-02T13:44:04","slug":"chuvas-deixam-dezenas-de-familias-desabrigadas-e-provocam-suspensao-de-aulas-em-fronteiras","status":"publish","type":"post","link":"https:\/\/noticiaempauta.com\/portal\/chuvas-deixam-dezenas-de-familias-desabrigadas-e-provocam-suspensao-de-aulas-em-fronteiras\/","title":{"rendered":"Chuvas deixam dezenas de fam\u00edlias desabrigadas e provocam suspens\u00e3o de aulas em Fronteiras"},"content":{"rendered":"\n<p>O munic\u00edpio de Fronteiras, no Sul do Piau\u00ed, foi atingido por fortes chuvas que j\u00e1 deixaram 28 fam\u00edlias, que residem na \u00e1rea urbana, desabrigadas e provocaram a suspens\u00e3o das aulas na rede municipal de ensino. A informa\u00e7\u00e3o foi confirmada pelo coordenador da Defesa Civil, Fabr\u00edcio Carlos Batista, que afirmou que o \u00f3rg\u00e3o est\u00e1 prestando assist\u00eancia \u00e0s fam\u00edlias afetadas e monitorando as \u00e1reas de risco.<\/p>\n\n\n\n<figure class=\"wp-block-image size-full\"><img fetchpriority=\"high\" decoding=\"async\" width=\"790\" height=\"592\" src=\"https:\/\/noticiaempauta.com\/portal\/wp-content\/uploads\/2026\/03\/cd4401bd-87d3-4b88-8875-8309806e4f75.webp\" alt=\"\" class=\"wp-image-285859\" srcset=\"https:\/\/noticiaempauta.com\/portal\/wp-content\/uploads\/2026\/03\/cd4401bd-87d3-4b88-8875-8309806e4f75.webp 790w, https:\/\/noticiaempauta.com\/portal\/wp-content\/uploads\/2026\/03\/cd4401bd-87d3-4b88-8875-8309806e4f75-300x225.webp 300w, https:\/\/noticiaempauta.com\/portal\/wp-content\/uploads\/2026\/03\/cd4401bd-87d3-4b88-8875-8309806e4f75-768x576.webp 768w\" sizes=\"(max-width: 790px) 100vw, 790px\" \/><figcaption class=\"wp-element-caption\"><em>(Foto: Reprodu\u00e7\u00e3o)<\/em><\/figcaption><\/figure>\n\n\n\n<p>Segundo o coordenador, o foco imediato \u00e9 garantir abrigo \u00e0s fam\u00edlias que tiveram as casas invadidas pela \u00e1gua.<\/p>\n\n\n\n<p>\u201cEstamos neste momento focando na assist\u00eancia \u00e0s fam\u00edlias que tiveram suas casas invadidas pela \u00e1gua. Estamos \u00e0 procura de resid\u00eancias para alocar as pessoas; outras priorizaram ficar com familiares. Nesta segunda-feira estamos recebendo uma equipe da Defesa Civil do Estado para avaliar a situa\u00e7\u00e3o das pontes, barragens e cadastro das fam\u00edlias desabrigadas\u201d, informou.<\/p>\n\n\n\n<p>A situa\u00e7\u00e3o mais cr\u00edtica ocorre na regi\u00e3o central urbana do munic\u00edpio, onde v\u00e1rias resid\u00eancias foram atingidas. J\u00e1 na zona rural, comunidades est\u00e3o ilhadas devido \u00e0s estradas vicinais intrafeg\u00e1veis ap\u00f3s o rompimento de passagens molhadas.<\/p>\n\n\n\n<p>Diante do cen\u00e1rio, a Prefeitura decidiu suspender temporariamente as aulas da rede municipal, j\u00e1 que o transporte escolar n\u00e3o consegue circular com seguran\u00e7a.<\/p>\n\n\n\n<p>A Defesa Civil tamb\u00e9m monitora as barragens da regi\u00e3o. Conforme o coordenador, algumas registraram cheia e chegaram a escoar, mas o A\u00e7ude Barreira n\u00e3o apresenta risco no momento, tendo acumulado apenas 1,5 mil\u00edmetros. O munic\u00edpio recebeu um volume de aproximadamente 200 mil\u00edmetros de \u00e1gua no \u00faltimo s\u00e1bado (28).<\/p>\n\n\n\n<p>Fonte: Cidade Verde<\/p>\n","protected":false},"excerpt":{"rendered":"<p>O munic\u00edpio de Fronteiras, no Sul do Piau\u00ed, foi atingido por fortes chuvas que j\u00e1 deixaram 28 fam\u00edlias, que residem na \u00e1rea urbana, desabrigadas e provocaram a suspens\u00e3o das aulas na rede municipal de ensino. A informa\u00e7\u00e3o foi confirmada pelo coordenador da Defesa Civil, Fabr\u00edcio Carlos Batista, que afirmou que o \u00f3rg\u00e3o est\u00e1 prestando assist\u00eancia [&hellip;]<\/p>\n","protected":false},"author":2,"featured_media":285859,"comment_status":"closed","ping_status":"closed","sticky":false,"template":"","format":"standard","meta":{"_mi_skip_tracking":false,"footnotes":""},"categories":[25,1,9,16],"tags":[192],"class_list":["post-285858","post","type-post","status-publish","format-standard","has-post-thumbnail","hentry","category-destaques-site","category-geral","category-municipios","category-todas","tag-destaqueprincipal"],"acf":[],"yoast_head":"<!-- This site is optimized with the Yoast SEO Premium plugin v19.2 (Yoast SEO v26.9) - https:\/\/yoast.com\/product\/yoast-seo-premium-wordpress\/ -->\n<title>Chuvas deixam dezenas de fam\u00edlias desabrigadas e provocam suspens\u00e3o de aulas em Fronteiras - Portal Not\u00edcia em Pauta<\/title>\n<meta name=\"robots\" content=\"index, follow, max-snippet:-1, max-image-preview:large, max-video-preview:-1\" \/>\n<link rel=\"canonical\" href=\"https:\/\/noticiaempauta.com\/portal\/chuvas-deixam-dezenas-de-familias-desabrigadas-e-provocam-suspensao-de-aulas-em-fronteiras\/\" \/>\n<meta property=\"og:locale\" content=\"pt_BR\" \/>\n<meta property=\"og:type\" content=\"article\" \/>\n<meta property=\"og:title\" content=\"Chuvas deixam dezenas de fam\u00edlias desabrigadas e provocam suspens\u00e3o de aulas em Fronteiras\" \/>\n<meta property=\"og:description\" content=\"O munic\u00edpio de Fronteiras, no Sul do Piau\u00ed, foi atingido por fortes chuvas que j\u00e1 deixaram 28 fam\u00edlias, que residem na \u00e1rea urbana, desabrigadas e provocaram a suspens\u00e3o das aulas na rede municipal de ensino. A informa\u00e7\u00e3o foi confirmada pelo coordenador da Defesa Civil, Fabr\u00edcio Carlos Batista, que afirmou que o \u00f3rg\u00e3o est\u00e1 prestando assist\u00eancia [&hellip;]\" \/>\n<meta property=\"og:url\" content=\"https:\/\/noticiaempauta.com\/portal\/chuvas-deixam-dezenas-de-familias-desabrigadas-e-provocam-suspensao-de-aulas-em-fronteiras\/\" \/>\n<meta property=\"og:site_name\" content=\"Portal Not\u00edcia em Pauta\" \/>\n<meta property=\"article:publisher\" content=\"https:\/\/www.facebook.com\/Portal-Notcia-Em-Pauta-102292869264820\/\" \/>\n<meta property=\"article:published_time\" content=\"2026-03-02T13:44:02+00:00\" \/>\n<meta property=\"article:modified_time\" content=\"2026-03-02T13:44:04+00:00\" \/>\n<meta property=\"og:image\" content=\"https:\/\/noticiaempauta.com\/portal\/wp-content\/uploads\/2026\/03\/cd4401bd-87d3-4b88-8875-8309806e4f75.webp\" \/>\n\t<meta property=\"og:image:width\" content=\"790\" \/>\n\t<meta property=\"og:image:height\" content=\"592\" \/>\n\t<meta property=\"og:image:type\" content=\"image\/webp\" \/>\n<meta name=\"author\" content=\"Reda\u00e7\u00e3o\" \/>\n<meta name=\"twitter:card\" content=\"summary_large_image\" \/>\n<meta name=\"twitter:label1\" content=\"Escrito por\" \/>\n\t<meta name=\"twitter:data1\" content=\"Reda\u00e7\u00e3o\" \/>\n\t<meta name=\"twitter:label2\" content=\"Est. tempo de leitura\" \/>\n\t<meta name=\"twitter:data2\" content=\"2 minutos\" \/>\n<script type=\"application\/ld+json\" class=\"yoast-schema-graph\">{\"@context\":\"https:\/\/schema.org\",\"@graph\":[{\"@type\":\"Article\",\"@id\":\"https:\/\/noticiaempauta.com\/portal\/chuvas-deixam-dezenas-de-familias-desabrigadas-e-provocam-suspensao-de-aulas-em-fronteiras\/#article\",\"isPartOf\":{\"@id\":\"https:\/\/noticiaempauta.com\/portal\/chuvas-deixam-dezenas-de-familias-desabrigadas-e-provocam-suspensao-de-aulas-em-fronteiras\/\"},\"author\":{\"name\":\"Reda\u00e7\u00e3o\",\"@id\":\"https:\/\/noticiaempauta.com\/portal\/#\/schema\/person\/a74af43dd1ab3deca45f988c717d57ac\"},\"headline\":\"Chuvas deixam dezenas de fam\u00edlias desabrigadas e provocam suspens\u00e3o de aulas em Fronteiras\",\"datePublished\":\"2026-03-02T13:44:02+00:00\",\"dateModified\":\"2026-03-02T13:44:04+00:00\",\"mainEntityOfPage\":{\"@id\":\"https:\/\/noticiaempauta.com\/portal\/chuvas-deixam-dezenas-de-familias-desabrigadas-e-provocam-suspensao-de-aulas-em-fronteiras\/\"},\"wordCount\":289,\"publisher\":{\"@id\":\"https:\/\/noticiaempauta.com\/portal\/#organization\"},\"image\":{\"@id\":\"https:\/\/noticiaempauta.com\/portal\/chuvas-deixam-dezenas-de-familias-desabrigadas-e-provocam-suspensao-de-aulas-em-fronteiras\/#primaryimage\"},\"thumbnailUrl\":\"https:\/\/noticiaempauta.com\/portal\/wp-content\/uploads\/2026\/03\/cd4401bd-87d3-4b88-8875-8309806e4f75.webp\",\"keywords\":[\"destaqueprincipal\"],\"articleSection\":[\"Destaques\",\"Geral\",\"Munic\u00edpios\",\"Todas as Not\u00edcias\"],\"inLanguage\":\"pt-BR\"},{\"@type\":\"WebPage\",\"@id\":\"https:\/\/noticiaempauta.com\/portal\/chuvas-deixam-dezenas-de-familias-desabrigadas-e-provocam-suspensao-de-aulas-em-fronteiras\/\",\"url\":\"https:\/\/noticiaempauta.com\/portal\/chuvas-deixam-dezenas-de-familias-desabrigadas-e-provocam-suspensao-de-aulas-em-fronteiras\/\",\"name\":\"Chuvas deixam dezenas de fam\u00edlias desabrigadas e provocam suspens\u00e3o de aulas em Fronteiras - Portal Not\u00edcia em Pauta\",\"isPartOf\":{\"@id\":\"https:\/\/noticiaempauta.com\/portal\/#website\"},\"primaryImageOfPage\":{\"@id\":\"https:\/\/noticiaempauta.com\/portal\/chuvas-deixam-dezenas-de-familias-desabrigadas-e-provocam-suspensao-de-aulas-em-fronteiras\/#primaryimage\"},\"image\":{\"@id\":\"https:\/\/noticiaempauta.com\/portal\/chuvas-deixam-dezenas-de-familias-desabrigadas-e-provocam-suspensao-de-aulas-em-fronteiras\/#primaryimage\"},\"thumbnailUrl\":\"https:\/\/noticiaempauta.com\/portal\/wp-content\/uploads\/2026\/03\/cd4401bd-87d3-4b88-8875-8309806e4f75.webp\",\"datePublished\":\"2026-03-02T13:44:02+00:00\",\"dateModified\":\"2026-03-02T13:44:04+00:00\",\"breadcrumb\":{\"@id\":\"https:\/\/noticiaempauta.com\/portal\/chuvas-deixam-dezenas-de-familias-desabrigadas-e-provocam-suspensao-de-aulas-em-fronteiras\/#breadcrumb\"},\"inLanguage\":\"pt-BR\",\"potentialAction\":[{\"@type\":\"ReadAction\",\"target\":[\"https:\/\/noticiaempauta.com\/portal\/chuvas-deixam-dezenas-de-familias-desabrigadas-e-provocam-suspensao-de-aulas-em-fronteiras\/\"]}]},{\"@type\":\"ImageObject\",\"inLanguage\":\"pt-BR\",\"@id\":\"https:\/\/noticiaempauta.com\/portal\/chuvas-deixam-dezenas-de-familias-desabrigadas-e-provocam-suspensao-de-aulas-em-fronteiras\/#primaryimage\",\"url\":\"https:\/\/noticiaempauta.com\/portal\/wp-content\/uploads\/2026\/03\/cd4401bd-87d3-4b88-8875-8309806e4f75.webp\",\"contentUrl\":\"https:\/\/noticiaempauta.com\/portal\/wp-content\/uploads\/2026\/03\/cd4401bd-87d3-4b88-8875-8309806e4f75.webp\",\"width\":790,\"height\":592},{\"@type\":\"BreadcrumbList\",\"@id\":\"https:\/\/noticiaempauta.com\/portal\/chuvas-deixam-dezenas-de-familias-desabrigadas-e-provocam-suspensao-de-aulas-em-fronteiras\/#breadcrumb\",\"itemListElement\":[{\"@type\":\"ListItem\",\"position\":1,\"name\":\"P\u00e1gina Inicial\",\"item\":\"https:\/\/noticiaempauta.com\/portal\/\"},{\"@type\":\"ListItem\",\"position\":2,\"name\":\"Destaques\",\"item\":\"https:\/\/noticiaempauta.com\/portal\/destaques-site\/\"},{\"@type\":\"ListItem\",\"position\":3,\"name\":\"Chuvas deixam dezenas de fam\u00edlias desabrigadas e provocam suspens\u00e3o de aulas em Fronteiras\"}]},{\"@type\":\"WebSite\",\"@id\":\"https:\/\/noticiaempauta.com\/portal\/#website\",\"url\":\"https:\/\/noticiaempauta.com\/portal\/\",\"name\":\"Portal Not\u00edcia em Pauta\",\"description\":\"Voc\u00ea bem informado\",\"publisher\":{\"@id\":\"https:\/\/noticiaempauta.com\/portal\/#organization\"},\"potentialAction\":[{\"@type\":\"SearchAction\",\"target\":{\"@type\":\"EntryPoint\",\"urlTemplate\":\"https:\/\/noticiaempauta.com\/portal\/?s={search_term_string}\"},\"query-input\":{\"@type\":\"PropertyValueSpecification\",\"valueRequired\":true,\"valueName\":\"search_term_string\"}}],\"inLanguage\":\"pt-BR\"},{\"@type\":\"Organization\",\"@id\":\"https:\/\/noticiaempauta.com\/portal\/#organization\",\"name\":\"Portal Not\u00edcia em Pauta\",\"url\":\"https:\/\/noticiaempauta.com\/portal\/\",\"logo\":{\"@type\":\"ImageObject\",\"inLanguage\":\"pt-BR\",\"@id\":\"https:\/\/noticiaempauta.com\/portal\/#\/schema\/logo\/image\/\",\"url\":\"https:\/\/noticiaempauta.com\/portal\/wp-content\/uploads\/2022\/08\/logomarca_tema.fw_.png\",\"contentUrl\":\"https:\/\/noticiaempauta.com\/portal\/wp-content\/uploads\/2022\/08\/logomarca_tema.fw_.png\",\"width\":400,\"height\":232,\"caption\":\"Portal Not\u00edcia em Pauta\"},\"image\":{\"@id\":\"https:\/\/noticiaempauta.com\/portal\/#\/schema\/logo\/image\/\"},\"sameAs\":[\"https:\/\/www.facebook.com\/Portal-Notcia-Em-Pauta-102292869264820\/\",\"https:\/\/www.instagram.com\/portalnoticiaempauta\/\"]},{\"@type\":\"Person\",\"@id\":\"https:\/\/noticiaempauta.com\/portal\/#\/schema\/person\/a74af43dd1ab3deca45f988c717d57ac\",\"name\":\"Reda\u00e7\u00e3o\",\"image\":{\"@type\":\"ImageObject\",\"inLanguage\":\"pt-BR\",\"@id\":\"https:\/\/noticiaempauta.com\/portal\/#\/schema\/person\/image\/\",\"url\":\"https:\/\/secure.gravatar.com\/avatar\/03179346ecce6cdfc13361603e8f54242a90e5cde8618fa23c5c00aa2b0aadf3?s=96&d=mm&r=g\",\"contentUrl\":\"https:\/\/secure.gravatar.com\/avatar\/03179346ecce6cdfc13361603e8f54242a90e5cde8618fa23c5c00aa2b0aadf3?s=96&d=mm&r=g\",\"caption\":\"Reda\u00e7\u00e3o\"},\"sameAs\":[\"https:\/\/noticiaempauta.com\/portal\/\"],\"url\":\"https:\/\/noticiaempauta.com\/portal\/author\/fernando\/\"}]}<\/script>\n<!-- \/ Yoast SEO Premium plugin. -->","yoast_head_json":{"title":"Chuvas deixam dezenas de fam\u00edlias desabrigadas e provocam suspens\u00e3o de aulas em Fronteiras - Portal Not\u00edcia em Pauta","robots":{"index":"index","follow":"follow","max-snippet":"max-snippet:-1","max-image-preview":"max-image-preview:large","max-video-preview":"max-video-preview:-1"},"canonical":"https:\/\/noticiaempauta.com\/portal\/chuvas-deixam-dezenas-de-familias-desabrigadas-e-provocam-suspensao-de-aulas-em-fronteiras\/","og_locale":"pt_BR","og_type":"article","og_title":"Chuvas deixam dezenas de fam\u00edlias desabrigadas e provocam suspens\u00e3o de aulas em Fronteiras","og_description":"O munic\u00edpio de Fronteiras, no Sul do Piau\u00ed, foi atingido por fortes chuvas que j\u00e1 deixaram 28 fam\u00edlias, que residem na \u00e1rea urbana, desabrigadas e provocaram a suspens\u00e3o das aulas na rede municipal de ensino. A informa\u00e7\u00e3o foi confirmada pelo coordenador da Defesa Civil, Fabr\u00edcio Carlos Batista, que afirmou que o \u00f3rg\u00e3o est\u00e1 prestando assist\u00eancia [&hellip;]","og_url":"https:\/\/noticiaempauta.com\/portal\/chuvas-deixam-dezenas-de-familias-desabrigadas-e-provocam-suspensao-de-aulas-em-fronteiras\/","og_site_name":"Portal Not\u00edcia em Pauta","article_publisher":"https:\/\/www.facebook.com\/Portal-Notcia-Em-Pauta-102292869264820\/","article_published_time":"2026-03-02T13:44:02+00:00","article_modified_time":"2026-03-02T13:44:04+00:00","og_image":[{"width":790,"height":592,"url":"https:\/\/noticiaempauta.com\/portal\/wp-content\/uploads\/2026\/03\/cd4401bd-87d3-4b88-8875-8309806e4f75.webp","type":"image\/webp"}],"author":"Reda\u00e7\u00e3o","twitter_card":"summary_large_image","twitter_misc":{"Escrito por":"Reda\u00e7\u00e3o","Est. tempo de leitura":"2 minutos"},"schema":{"@context":"https:\/\/schema.org","@graph":[{"@type":"Article","@id":"https:\/\/noticiaempauta.com\/portal\/chuvas-deixam-dezenas-de-familias-desabrigadas-e-provocam-suspensao-de-aulas-em-fronteiras\/#article","isPartOf":{"@id":"https:\/\/noticiaempauta.com\/portal\/chuvas-deixam-dezenas-de-familias-desabrigadas-e-provocam-suspensao-de-aulas-em-fronteiras\/"},"author":{"name":"Reda\u00e7\u00e3o","@id":"https:\/\/noticiaempauta.com\/portal\/#\/schema\/person\/a74af43dd1ab3deca45f988c717d57ac"},"headline":"Chuvas deixam dezenas de fam\u00edlias desabrigadas e provocam suspens\u00e3o de aulas em Fronteiras","datePublished":"2026-03-02T13:44:02+00:00","dateModified":"2026-03-02T13:44:04+00:00","mainEntityOfPage":{"@id":"https:\/\/noticiaempauta.com\/portal\/chuvas-deixam-dezenas-de-familias-desabrigadas-e-provocam-suspensao-de-aulas-em-fronteiras\/"},"wordCount":289,"publisher":{"@id":"https:\/\/noticiaempauta.com\/portal\/#organization"},"image":{"@id":"https:\/\/noticiaempauta.com\/portal\/chuvas-deixam-dezenas-de-familias-desabrigadas-e-provocam-suspensao-de-aulas-em-fronteiras\/#primaryimage"},"thumbnailUrl":"https:\/\/noticiaempauta.com\/portal\/wp-content\/uploads\/2026\/03\/cd4401bd-87d3-4b88-8875-8309806e4f75.webp","keywords":["destaqueprincipal"],"articleSection":["Destaques","Geral","Munic\u00edpios","Todas as Not\u00edcias"],"inLanguage":"pt-BR"},{"@type":"WebPage","@id":"https:\/\/noticiaempauta.com\/portal\/chuvas-deixam-dezenas-de-familias-desabrigadas-e-provocam-suspensao-de-aulas-em-fronteiras\/","url":"https:\/\/noticiaempauta.com\/portal\/chuvas-deixam-dezenas-de-familias-desabrigadas-e-provocam-suspensao-de-aulas-em-fronteiras\/","name":"Chuvas deixam dezenas de fam\u00edlias desabrigadas e provocam suspens\u00e3o de aulas em Fronteiras - Portal Not\u00edcia em Pauta","isPartOf":{"@id":"https:\/\/noticiaempauta.com\/portal\/#website"},"primaryImageOfPage":{"@id":"https:\/\/noticiaempauta.com\/portal\/chuvas-deixam-dezenas-de-familias-desabrigadas-e-provocam-suspensao-de-aulas-em-fronteiras\/#primaryimage"},"image":{"@id":"https:\/\/noticiaempauta.com\/portal\/chuvas-deixam-dezenas-de-familias-desabrigadas-e-provocam-suspensao-de-aulas-em-fronteiras\/#primaryimage"},"thumbnailUrl":"https:\/\/noticiaempauta.com\/portal\/wp-content\/uploads\/2026\/03\/cd4401bd-87d3-4b88-8875-8309806e4f75.webp","datePublished":"2026-03-02T13:44:02+00:00","dateModified":"2026-03-02T13:44:04+00:00","breadcrumb":{"@id":"https:\/\/noticiaempauta.com\/portal\/chuvas-deixam-dezenas-de-familias-desabrigadas-e-provocam-suspensao-de-aulas-em-fronteiras\/#breadcrumb"},"inLanguage":"pt-BR","potentialAction":[{"@type":"ReadAction","target":["https:\/\/noticiaempauta.com\/portal\/chuvas-deixam-dezenas-de-familias-desabrigadas-e-provocam-suspensao-de-aulas-em-fronteiras\/"]}]},{"@type":"ImageObject","inLanguage":"pt-BR","@id":"https:\/\/noticiaempauta.com\/portal\/chuvas-deixam-dezenas-de-familias-desabrigadas-e-provocam-suspensao-de-aulas-em-fronteiras\/#primaryimage","url":"https:\/\/noticiaempauta.com\/portal\/wp-content\/uploads\/2026\/03\/cd4401bd-87d3-4b88-8875-8309806e4f75.webp","contentUrl":"https:\/\/noticiaempauta.com\/portal\/wp-content\/uploads\/2026\/03\/cd4401bd-87d3-4b88-8875-8309806e4f75.webp","width":790,"height":592},{"@type":"BreadcrumbList","@id":"https:\/\/noticiaempauta.com\/portal\/chuvas-deixam-dezenas-de-familias-desabrigadas-e-provocam-suspensao-de-aulas-em-fronteiras\/#breadcrumb","itemListElement":[{"@type":"ListItem","position":1,"name":"P\u00e1gina Inicial","item":"https:\/\/noticiaempauta.com\/portal\/"},{"@type":"ListItem","position":2,"name":"Destaques","item":"https:\/\/noticiaempauta.com\/portal\/destaques-site\/"},{"@type":"ListItem","position":3,"name":"Chuvas deixam dezenas de fam\u00edlias desabrigadas e provocam suspens\u00e3o de aulas em Fronteiras"}]},{"@type":"WebSite","@id":"https:\/\/noticiaempauta.com\/portal\/#website","url":"https:\/\/noticiaempauta.com\/portal\/","name":"Portal Not\u00edcia em Pauta","description":"Voc\u00ea bem informado","publisher":{"@id":"https:\/\/noticiaempauta.com\/portal\/#organization"},"potentialAction":[{"@type":"SearchAction","target":{"@type":"EntryPoint","urlTemplate":"https:\/\/noticiaempauta.com\/portal\/?s={search_term_string}"},"query-input":{"@type":"PropertyValueSpecification","valueRequired":true,"valueName":"search_term_string"}}],"inLanguage":"pt-BR"},{"@type":"Organization","@id":"https:\/\/noticiaempauta.com\/portal\/#organization","name":"Portal Not\u00edcia em Pauta","url":"https:\/\/noticiaempauta.com\/portal\/","logo":{"@type":"ImageObject","inLanguage":"pt-BR","@id":"https:\/\/noticiaempauta.com\/portal\/#\/schema\/logo\/image\/","url":"https:\/\/noticiaempauta.com\/portal\/wp-content\/uploads\/2022\/08\/logomarca_tema.fw_.png","contentUrl":"https:\/\/noticiaempauta.com\/portal\/wp-content\/uploads\/2022\/08\/logomarca_tema.fw_.png","width":400,"height":232,"caption":"Portal Not\u00edcia em Pauta"},"image":{"@id":"https:\/\/noticiaempauta.com\/portal\/#\/schema\/logo\/image\/"},"sameAs":["https:\/\/www.facebook.com\/Portal-Notcia-Em-Pauta-102292869264820\/","https:\/\/www.instagram.com\/portalnoticiaempauta\/"]},{"@type":"Person","@id":"https:\/\/noticiaempauta.com\/portal\/#\/schema\/person\/a74af43dd1ab3deca45f988c717d57ac","name":"Reda\u00e7\u00e3o","image":{"@type":"ImageObject","inLanguage":"pt-BR","@id":"https:\/\/noticiaempauta.com\/portal\/#\/schema\/person\/image\/","url":"https:\/\/secure.gravatar.com\/avatar\/03179346ecce6cdfc13361603e8f54242a90e5cde8618fa23c5c00aa2b0aadf3?s=96&d=mm&r=g","contentUrl":"https:\/\/secure.gravatar.com\/avatar\/03179346ecce6cdfc13361603e8f54242a90e5cde8618fa23c5c00aa2b0aadf3?s=96&d=mm&r=g","caption":"Reda\u00e7\u00e3o"},"sameAs":["https:\/\/noticiaempauta.com\/portal\/"],"url":"https:\/\/noticiaempauta.com\/portal\/author\/fernando\/"}]}},"_links":{"self":[{"href":"https:\/\/noticiaempauta.com\/portal\/wp-json\/wp\/v2\/posts\/285858","targetHints":{"allow":["GET"]}}],"collection":[{"href":"https:\/\/noticiaempauta.com\/portal\/wp-json\/wp\/v2\/posts"}],"about":[{"href":"https:\/\/noticiaempauta.com\/portal\/wp-json\/wp\/v2\/types\/post"}],"author":[{"embeddable":true,"href":"https:\/\/noticiaempauta.com\/portal\/wp-json\/wp\/v2\/users\/2"}],"replies":[{"embeddable":true,"href":"https:\/\/noticiaempauta.com\/portal\/wp-json\/wp\/v2\/comments?post=285858"}],"version-history":[{"count":2,"href":"https:\/\/noticiaempauta.com\/portal\/wp-json\/wp\/v2\/posts\/285858\/revisions"}],"predecessor-version":[{"id":285861,"href":"https:\/\/noticiaempauta.com\/portal\/wp-json\/wp\/v2\/posts\/285858\/revisions\/285861"}],"wp:featuredmedia":[{"embeddable":true,"href":"https:\/\/noticiaempauta.com\/portal\/wp-json\/wp\/v2\/media\/285859"}],"wp:attachment":[{"href":"https:\/\/noticiaempauta.com\/portal\/wp-json\/wp\/v2\/media?parent=285858"}],"wp:term":[{"taxonomy":"category","embeddable":true,"href":"https:\/\/noticiaempauta.com\/portal\/wp-json\/wp\/v2\/categories?post=285858"},{"taxonomy":"post_tag","embeddable":true,"href":"https:\/\/noticiaempauta.com\/portal\/wp-json\/wp\/v2\/tags?post=285858"}],"curies":[{"name":"wp","href":"https:\/\/api.w.org\/{rel}","templated":true}]}}