{"id":285866,"date":"2026-03-02T15:01:18","date_gmt":"2026-03-02T18:01:18","guid":{"rendered":"https:\/\/noticiaempauta.com\/portal\/?p=285866"},"modified":"2026-03-02T15:01:20","modified_gmt":"2026-03-02T18:01:20","slug":"prefeitura-de-aroeiras-do-itaim-inicia-campanha-para-emissao-do-titulo-de-eleitor-entre-jovens","status":"publish","type":"post","link":"https:\/\/noticiaempauta.com\/portal\/prefeitura-de-aroeiras-do-itaim-inicia-campanha-para-emissao-do-titulo-de-eleitor-entre-jovens\/","title":{"rendered":"Prefeitura de Aroeiras do Itaim inicia campanha para emiss\u00e3o do t\u00edtulo de eleitor entre jovens"},"content":{"rendered":"\n<p>A Prefeitura Municipal de Aroeiras do Itaim deu in\u00edcio a uma campanha de conscientiza\u00e7\u00e3o voltada ao p\u00fablico jovem sobre a import\u00e2ncia de tirar o t\u00edtulo de eleitor. A iniciativa busca estimular adolescentes e jovens a se atentarem aos prazos e garantirem sua participa\u00e7\u00e3o nas pr\u00f3ximas elei\u00e7\u00f5es.<\/p>\n\n\n\n<figure class=\"wp-block-image size-large\"><img fetchpriority=\"high\" decoding=\"async\" width=\"819\" height=\"1024\" src=\"https:\/\/noticiaempauta.com\/portal\/wp-content\/uploads\/2026\/03\/6f04a118-a04a-4ac6-bb7d-2350e264615b-819x1024.webp\" alt=\"\" class=\"wp-image-285867\" srcset=\"https:\/\/noticiaempauta.com\/portal\/wp-content\/uploads\/2026\/03\/6f04a118-a04a-4ac6-bb7d-2350e264615b-819x1024.webp 819w, https:\/\/noticiaempauta.com\/portal\/wp-content\/uploads\/2026\/03\/6f04a118-a04a-4ac6-bb7d-2350e264615b-240x300.webp 240w, https:\/\/noticiaempauta.com\/portal\/wp-content\/uploads\/2026\/03\/6f04a118-a04a-4ac6-bb7d-2350e264615b-768x960.webp 768w, https:\/\/noticiaempauta.com\/portal\/wp-content\/uploads\/2026\/03\/6f04a118-a04a-4ac6-bb7d-2350e264615b.webp 1080w\" sizes=\"(max-width: 819px) 100vw, 819px\" \/><\/figure>\n\n\n\n<p>A a\u00e7\u00e3o destaca que, a partir dos 15 anos, j\u00e1 \u00e9 poss\u00edvel solicitar o documento, e que quem completar 16 anos at\u00e9 4 de outubro de 2026 estar\u00e1 apto a votar. A campanha tamb\u00e9m orienta sobre as formas de emiss\u00e3o, que podem ser feitas pelo site do TSE\/TRE ou presencialmente no Cart\u00f3rio Eleitoral, mediante apresenta\u00e7\u00e3o da documenta\u00e7\u00e3o necess\u00e1ria.<\/p>\n\n\n\n<figure class=\"wp-block-image size-large\"><img decoding=\"async\" width=\"819\" height=\"1024\" src=\"https:\/\/noticiaempauta.com\/portal\/wp-content\/uploads\/2026\/03\/78ce3cfa-bd8f-4135-bb85-8a1191a8ceeb-819x1024.webp\" alt=\"\" class=\"wp-image-285868\" srcset=\"https:\/\/noticiaempauta.com\/portal\/wp-content\/uploads\/2026\/03\/78ce3cfa-bd8f-4135-bb85-8a1191a8ceeb-819x1024.webp 819w, https:\/\/noticiaempauta.com\/portal\/wp-content\/uploads\/2026\/03\/78ce3cfa-bd8f-4135-bb85-8a1191a8ceeb-240x300.webp 240w, https:\/\/noticiaempauta.com\/portal\/wp-content\/uploads\/2026\/03\/78ce3cfa-bd8f-4135-bb85-8a1191a8ceeb-768x960.webp 768w, https:\/\/noticiaempauta.com\/portal\/wp-content\/uploads\/2026\/03\/78ce3cfa-bd8f-4135-bb85-8a1191a8ceeb.webp 1080w\" sizes=\"(max-width: 819px) 100vw, 819px\" \/><\/figure>\n\n\n\n<p>Com a mobiliza\u00e7\u00e3o, a gest\u00e3o municipal pretende ampliar o engajamento da juventude no processo democr\u00e1tico e fortalecer a participa\u00e7\u00e3o cidad\u00e3 no munic\u00edpio.<\/p>\n\n\n\n<p>A gest\u00e3o refor\u00e7a o compromisso com o exerc\u00edcio do direito de cada cidad\u00e3o.<\/p>\n\n\n\n<p><\/p>\n","protected":false},"excerpt":{"rendered":"<p>A Prefeitura Municipal de Aroeiras do Itaim deu in\u00edcio a uma campanha de conscientiza\u00e7\u00e3o voltada ao p\u00fablico jovem sobre a import\u00e2ncia de tirar o t\u00edtulo de eleitor. A iniciativa busca estimular adolescentes e jovens a se atentarem aos prazos e garantirem sua participa\u00e7\u00e3o nas pr\u00f3ximas elei\u00e7\u00f5es. A a\u00e7\u00e3o destaca que, a partir dos 15 anos, [&hellip;]<\/p>\n","protected":false},"author":2,"featured_media":285869,"comment_status":"closed","ping_status":"closed","sticky":false,"template":"","format":"standard","meta":{"_mi_skip_tracking":false,"footnotes":""},"categories":[25,1,9,16],"tags":[],"class_list":["post-285866","post","type-post","status-publish","format-standard","has-post-thumbnail","hentry","category-destaques-site","category-geral","category-municipios","category-todas"],"acf":[],"yoast_head":"<!-- This site is optimized with the Yoast SEO Premium plugin v19.2 (Yoast SEO v26.9) - https:\/\/yoast.com\/product\/yoast-seo-premium-wordpress\/ -->\n<title>Prefeitura de Aroeiras do Itaim inicia campanha para emiss\u00e3o do t\u00edtulo de eleitor entre jovens - Portal Not\u00edcia em Pauta<\/title>\n<meta name=\"robots\" content=\"index, follow, max-snippet:-1, max-image-preview:large, max-video-preview:-1\" \/>\n<link rel=\"canonical\" href=\"https:\/\/noticiaempauta.com\/portal\/prefeitura-de-aroeiras-do-itaim-inicia-campanha-para-emissao-do-titulo-de-eleitor-entre-jovens\/\" \/>\n<meta property=\"og:locale\" content=\"pt_BR\" \/>\n<meta property=\"og:type\" content=\"article\" \/>\n<meta property=\"og:title\" content=\"Prefeitura de Aroeiras do Itaim inicia campanha para emiss\u00e3o do t\u00edtulo de eleitor entre jovens\" \/>\n<meta property=\"og:description\" content=\"A Prefeitura Municipal de Aroeiras do Itaim deu in\u00edcio a uma campanha de conscientiza\u00e7\u00e3o voltada ao p\u00fablico jovem sobre a import\u00e2ncia de tirar o t\u00edtulo de eleitor. A iniciativa busca estimular adolescentes e jovens a se atentarem aos prazos e garantirem sua participa\u00e7\u00e3o nas pr\u00f3ximas elei\u00e7\u00f5es. A a\u00e7\u00e3o destaca que, a partir dos 15 anos, [&hellip;]\" \/>\n<meta property=\"og:url\" content=\"https:\/\/noticiaempauta.com\/portal\/prefeitura-de-aroeiras-do-itaim-inicia-campanha-para-emissao-do-titulo-de-eleitor-entre-jovens\/\" \/>\n<meta property=\"og:site_name\" content=\"Portal Not\u00edcia em Pauta\" \/>\n<meta property=\"article:publisher\" content=\"https:\/\/www.facebook.com\/Portal-Notcia-Em-Pauta-102292869264820\/\" \/>\n<meta property=\"article:published_time\" content=\"2026-03-02T18:01:18+00:00\" \/>\n<meta property=\"article:modified_time\" content=\"2026-03-02T18:01:20+00:00\" \/>\n<meta property=\"og:image\" content=\"https:\/\/noticiaempauta.com\/portal\/wp-content\/uploads\/2026\/03\/6f04a118-a04a-4ac6-bb7d-2350e264615b-1.webp\" \/>\n\t<meta property=\"og:image:width\" content=\"1080\" \/>\n\t<meta property=\"og:image:height\" content=\"840\" \/>\n\t<meta property=\"og:image:type\" content=\"image\/webp\" \/>\n<meta name=\"author\" content=\"Reda\u00e7\u00e3o\" \/>\n<meta name=\"twitter:card\" content=\"summary_large_image\" \/>\n<meta name=\"twitter:label1\" content=\"Escrito por\" \/>\n\t<meta name=\"twitter:data1\" content=\"Reda\u00e7\u00e3o\" \/>\n\t<meta name=\"twitter:label2\" content=\"Est. tempo de leitura\" \/>\n\t<meta name=\"twitter:data2\" content=\"2 minutos\" \/>\n<script type=\"application\/ld+json\" class=\"yoast-schema-graph\">{\"@context\":\"https:\/\/schema.org\",\"@graph\":[{\"@type\":\"Article\",\"@id\":\"https:\/\/noticiaempauta.com\/portal\/prefeitura-de-aroeiras-do-itaim-inicia-campanha-para-emissao-do-titulo-de-eleitor-entre-jovens\/#article\",\"isPartOf\":{\"@id\":\"https:\/\/noticiaempauta.com\/portal\/prefeitura-de-aroeiras-do-itaim-inicia-campanha-para-emissao-do-titulo-de-eleitor-entre-jovens\/\"},\"author\":{\"name\":\"Reda\u00e7\u00e3o\",\"@id\":\"https:\/\/noticiaempauta.com\/portal\/#\/schema\/person\/a74af43dd1ab3deca45f988c717d57ac\"},\"headline\":\"Prefeitura de Aroeiras do Itaim inicia campanha para emiss\u00e3o do t\u00edtulo de eleitor entre jovens\",\"datePublished\":\"2026-03-02T18:01:18+00:00\",\"dateModified\":\"2026-03-02T18:01:20+00:00\",\"mainEntityOfPage\":{\"@id\":\"https:\/\/noticiaempauta.com\/portal\/prefeitura-de-aroeiras-do-itaim-inicia-campanha-para-emissao-do-titulo-de-eleitor-entre-jovens\/\"},\"wordCount\":177,\"publisher\":{\"@id\":\"https:\/\/noticiaempauta.com\/portal\/#organization\"},\"image\":{\"@id\":\"https:\/\/noticiaempauta.com\/portal\/prefeitura-de-aroeiras-do-itaim-inicia-campanha-para-emissao-do-titulo-de-eleitor-entre-jovens\/#primaryimage\"},\"thumbnailUrl\":\"https:\/\/noticiaempauta.com\/portal\/wp-content\/uploads\/2026\/03\/6f04a118-a04a-4ac6-bb7d-2350e264615b-1.webp\",\"articleSection\":[\"Destaques\",\"Geral\",\"Munic\u00edpios\",\"Todas as Not\u00edcias\"],\"inLanguage\":\"pt-BR\"},{\"@type\":\"WebPage\",\"@id\":\"https:\/\/noticiaempauta.com\/portal\/prefeitura-de-aroeiras-do-itaim-inicia-campanha-para-emissao-do-titulo-de-eleitor-entre-jovens\/\",\"url\":\"https:\/\/noticiaempauta.com\/portal\/prefeitura-de-aroeiras-do-itaim-inicia-campanha-para-emissao-do-titulo-de-eleitor-entre-jovens\/\",\"name\":\"Prefeitura de Aroeiras do Itaim inicia campanha para emiss\u00e3o do t\u00edtulo de eleitor entre jovens - Portal Not\u00edcia em Pauta\",\"isPartOf\":{\"@id\":\"https:\/\/noticiaempauta.com\/portal\/#website\"},\"primaryImageOfPage\":{\"@id\":\"https:\/\/noticiaempauta.com\/portal\/prefeitura-de-aroeiras-do-itaim-inicia-campanha-para-emissao-do-titulo-de-eleitor-entre-jovens\/#primaryimage\"},\"image\":{\"@id\":\"https:\/\/noticiaempauta.com\/portal\/prefeitura-de-aroeiras-do-itaim-inicia-campanha-para-emissao-do-titulo-de-eleitor-entre-jovens\/#primaryimage\"},\"thumbnailUrl\":\"https:\/\/noticiaempauta.com\/portal\/wp-content\/uploads\/2026\/03\/6f04a118-a04a-4ac6-bb7d-2350e264615b-1.webp\",\"datePublished\":\"2026-03-02T18:01:18+00:00\",\"dateModified\":\"2026-03-02T18:01:20+00:00\",\"breadcrumb\":{\"@id\":\"https:\/\/noticiaempauta.com\/portal\/prefeitura-de-aroeiras-do-itaim-inicia-campanha-para-emissao-do-titulo-de-eleitor-entre-jovens\/#breadcrumb\"},\"inLanguage\":\"pt-BR\",\"potentialAction\":[{\"@type\":\"ReadAction\",\"target\":[\"https:\/\/noticiaempauta.com\/portal\/prefeitura-de-aroeiras-do-itaim-inicia-campanha-para-emissao-do-titulo-de-eleitor-entre-jovens\/\"]}]},{\"@type\":\"ImageObject\",\"inLanguage\":\"pt-BR\",\"@id\":\"https:\/\/noticiaempauta.com\/portal\/prefeitura-de-aroeiras-do-itaim-inicia-campanha-para-emissao-do-titulo-de-eleitor-entre-jovens\/#primaryimage\",\"url\":\"https:\/\/noticiaempauta.com\/portal\/wp-content\/uploads\/2026\/03\/6f04a118-a04a-4ac6-bb7d-2350e264615b-1.webp\",\"contentUrl\":\"https:\/\/noticiaempauta.com\/portal\/wp-content\/uploads\/2026\/03\/6f04a118-a04a-4ac6-bb7d-2350e264615b-1.webp\",\"width\":1080,\"height\":840},{\"@type\":\"BreadcrumbList\",\"@id\":\"https:\/\/noticiaempauta.com\/portal\/prefeitura-de-aroeiras-do-itaim-inicia-campanha-para-emissao-do-titulo-de-eleitor-entre-jovens\/#breadcrumb\",\"itemListElement\":[{\"@type\":\"ListItem\",\"position\":1,\"name\":\"P\u00e1gina Inicial\",\"item\":\"https:\/\/noticiaempauta.com\/portal\/\"},{\"@type\":\"ListItem\",\"position\":2,\"name\":\"Destaques\",\"item\":\"https:\/\/noticiaempauta.com\/portal\/destaques-site\/\"},{\"@type\":\"ListItem\",\"position\":3,\"name\":\"Prefeitura de Aroeiras do Itaim inicia campanha para emiss\u00e3o do t\u00edtulo de eleitor entre jovens\"}]},{\"@type\":\"WebSite\",\"@id\":\"https:\/\/noticiaempauta.com\/portal\/#website\",\"url\":\"https:\/\/noticiaempauta.com\/portal\/\",\"name\":\"Portal Not\u00edcia em Pauta\",\"description\":\"Voc\u00ea bem informado\",\"publisher\":{\"@id\":\"https:\/\/noticiaempauta.com\/portal\/#organization\"},\"potentialAction\":[{\"@type\":\"SearchAction\",\"target\":{\"@type\":\"EntryPoint\",\"urlTemplate\":\"https:\/\/noticiaempauta.com\/portal\/?s={search_term_string}\"},\"query-input\":{\"@type\":\"PropertyValueSpecification\",\"valueRequired\":true,\"valueName\":\"search_term_string\"}}],\"inLanguage\":\"pt-BR\"},{\"@type\":\"Organization\",\"@id\":\"https:\/\/noticiaempauta.com\/portal\/#organization\",\"name\":\"Portal Not\u00edcia em Pauta\",\"url\":\"https:\/\/noticiaempauta.com\/portal\/\",\"logo\":{\"@type\":\"ImageObject\",\"inLanguage\":\"pt-BR\",\"@id\":\"https:\/\/noticiaempauta.com\/portal\/#\/schema\/logo\/image\/\",\"url\":\"https:\/\/noticiaempauta.com\/portal\/wp-content\/uploads\/2022\/08\/logomarca_tema.fw_.png\",\"contentUrl\":\"https:\/\/noticiaempauta.com\/portal\/wp-content\/uploads\/2022\/08\/logomarca_tema.fw_.png\",\"width\":400,\"height\":232,\"caption\":\"Portal Not\u00edcia em Pauta\"},\"image\":{\"@id\":\"https:\/\/noticiaempauta.com\/portal\/#\/schema\/logo\/image\/\"},\"sameAs\":[\"https:\/\/www.facebook.com\/Portal-Notcia-Em-Pauta-102292869264820\/\",\"https:\/\/www.instagram.com\/portalnoticiaempauta\/\"]},{\"@type\":\"Person\",\"@id\":\"https:\/\/noticiaempauta.com\/portal\/#\/schema\/person\/a74af43dd1ab3deca45f988c717d57ac\",\"name\":\"Reda\u00e7\u00e3o\",\"image\":{\"@type\":\"ImageObject\",\"inLanguage\":\"pt-BR\",\"@id\":\"https:\/\/noticiaempauta.com\/portal\/#\/schema\/person\/image\/\",\"url\":\"https:\/\/secure.gravatar.com\/avatar\/03179346ecce6cdfc13361603e8f54242a90e5cde8618fa23c5c00aa2b0aadf3?s=96&d=mm&r=g\",\"contentUrl\":\"https:\/\/secure.gravatar.com\/avatar\/03179346ecce6cdfc13361603e8f54242a90e5cde8618fa23c5c00aa2b0aadf3?s=96&d=mm&r=g\",\"caption\":\"Reda\u00e7\u00e3o\"},\"sameAs\":[\"https:\/\/noticiaempauta.com\/portal\/\"],\"url\":\"https:\/\/noticiaempauta.com\/portal\/author\/fernando\/\"}]}<\/script>\n<!-- \/ Yoast SEO Premium plugin. -->","yoast_head_json":{"title":"Prefeitura de Aroeiras do Itaim inicia campanha para emiss\u00e3o do t\u00edtulo de eleitor entre jovens - Portal Not\u00edcia em Pauta","robots":{"index":"index","follow":"follow","max-snippet":"max-snippet:-1","max-image-preview":"max-image-preview:large","max-video-preview":"max-video-preview:-1"},"canonical":"https:\/\/noticiaempauta.com\/portal\/prefeitura-de-aroeiras-do-itaim-inicia-campanha-para-emissao-do-titulo-de-eleitor-entre-jovens\/","og_locale":"pt_BR","og_type":"article","og_title":"Prefeitura de Aroeiras do Itaim inicia campanha para emiss\u00e3o do t\u00edtulo de eleitor entre jovens","og_description":"A Prefeitura Municipal de Aroeiras do Itaim deu in\u00edcio a uma campanha de conscientiza\u00e7\u00e3o voltada ao p\u00fablico jovem sobre a import\u00e2ncia de tirar o t\u00edtulo de eleitor. A iniciativa busca estimular adolescentes e jovens a se atentarem aos prazos e garantirem sua participa\u00e7\u00e3o nas pr\u00f3ximas elei\u00e7\u00f5es. A a\u00e7\u00e3o destaca que, a partir dos 15 anos, [&hellip;]","og_url":"https:\/\/noticiaempauta.com\/portal\/prefeitura-de-aroeiras-do-itaim-inicia-campanha-para-emissao-do-titulo-de-eleitor-entre-jovens\/","og_site_name":"Portal Not\u00edcia em Pauta","article_publisher":"https:\/\/www.facebook.com\/Portal-Notcia-Em-Pauta-102292869264820\/","article_published_time":"2026-03-02T18:01:18+00:00","article_modified_time":"2026-03-02T18:01:20+00:00","og_image":[{"width":1080,"height":840,"url":"https:\/\/noticiaempauta.com\/portal\/wp-content\/uploads\/2026\/03\/6f04a118-a04a-4ac6-bb7d-2350e264615b-1.webp","type":"image\/webp"}],"author":"Reda\u00e7\u00e3o","twitter_card":"summary_large_image","twitter_misc":{"Escrito por":"Reda\u00e7\u00e3o","Est. tempo de leitura":"2 minutos"},"schema":{"@context":"https:\/\/schema.org","@graph":[{"@type":"Article","@id":"https:\/\/noticiaempauta.com\/portal\/prefeitura-de-aroeiras-do-itaim-inicia-campanha-para-emissao-do-titulo-de-eleitor-entre-jovens\/#article","isPartOf":{"@id":"https:\/\/noticiaempauta.com\/portal\/prefeitura-de-aroeiras-do-itaim-inicia-campanha-para-emissao-do-titulo-de-eleitor-entre-jovens\/"},"author":{"name":"Reda\u00e7\u00e3o","@id":"https:\/\/noticiaempauta.com\/portal\/#\/schema\/person\/a74af43dd1ab3deca45f988c717d57ac"},"headline":"Prefeitura de Aroeiras do Itaim inicia campanha para emiss\u00e3o do t\u00edtulo de eleitor entre jovens","datePublished":"2026-03-02T18:01:18+00:00","dateModified":"2026-03-02T18:01:20+00:00","mainEntityOfPage":{"@id":"https:\/\/noticiaempauta.com\/portal\/prefeitura-de-aroeiras-do-itaim-inicia-campanha-para-emissao-do-titulo-de-eleitor-entre-jovens\/"},"wordCount":177,"publisher":{"@id":"https:\/\/noticiaempauta.com\/portal\/#organization"},"image":{"@id":"https:\/\/noticiaempauta.com\/portal\/prefeitura-de-aroeiras-do-itaim-inicia-campanha-para-emissao-do-titulo-de-eleitor-entre-jovens\/#primaryimage"},"thumbnailUrl":"https:\/\/noticiaempauta.com\/portal\/wp-content\/uploads\/2026\/03\/6f04a118-a04a-4ac6-bb7d-2350e264615b-1.webp","articleSection":["Destaques","Geral","Munic\u00edpios","Todas as Not\u00edcias"],"inLanguage":"pt-BR"},{"@type":"WebPage","@id":"https:\/\/noticiaempauta.com\/portal\/prefeitura-de-aroeiras-do-itaim-inicia-campanha-para-emissao-do-titulo-de-eleitor-entre-jovens\/","url":"https:\/\/noticiaempauta.com\/portal\/prefeitura-de-aroeiras-do-itaim-inicia-campanha-para-emissao-do-titulo-de-eleitor-entre-jovens\/","name":"Prefeitura de Aroeiras do Itaim inicia campanha para emiss\u00e3o do t\u00edtulo de eleitor entre jovens - Portal Not\u00edcia em Pauta","isPartOf":{"@id":"https:\/\/noticiaempauta.com\/portal\/#website"},"primaryImageOfPage":{"@id":"https:\/\/noticiaempauta.com\/portal\/prefeitura-de-aroeiras-do-itaim-inicia-campanha-para-emissao-do-titulo-de-eleitor-entre-jovens\/#primaryimage"},"image":{"@id":"https:\/\/noticiaempauta.com\/portal\/prefeitura-de-aroeiras-do-itaim-inicia-campanha-para-emissao-do-titulo-de-eleitor-entre-jovens\/#primaryimage"},"thumbnailUrl":"https:\/\/noticiaempauta.com\/portal\/wp-content\/uploads\/2026\/03\/6f04a118-a04a-4ac6-bb7d-2350e264615b-1.webp","datePublished":"2026-03-02T18:01:18+00:00","dateModified":"2026-03-02T18:01:20+00:00","breadcrumb":{"@id":"https:\/\/noticiaempauta.com\/portal\/prefeitura-de-aroeiras-do-itaim-inicia-campanha-para-emissao-do-titulo-de-eleitor-entre-jovens\/#breadcrumb"},"inLanguage":"pt-BR","potentialAction":[{"@type":"ReadAction","target":["https:\/\/noticiaempauta.com\/portal\/prefeitura-de-aroeiras-do-itaim-inicia-campanha-para-emissao-do-titulo-de-eleitor-entre-jovens\/"]}]},{"@type":"ImageObject","inLanguage":"pt-BR","@id":"https:\/\/noticiaempauta.com\/portal\/prefeitura-de-aroeiras-do-itaim-inicia-campanha-para-emissao-do-titulo-de-eleitor-entre-jovens\/#primaryimage","url":"https:\/\/noticiaempauta.com\/portal\/wp-content\/uploads\/2026\/03\/6f04a118-a04a-4ac6-bb7d-2350e264615b-1.webp","contentUrl":"https:\/\/noticiaempauta.com\/portal\/wp-content\/uploads\/2026\/03\/6f04a118-a04a-4ac6-bb7d-2350e264615b-1.webp","width":1080,"height":840},{"@type":"BreadcrumbList","@id":"https:\/\/noticiaempauta.com\/portal\/prefeitura-de-aroeiras-do-itaim-inicia-campanha-para-emissao-do-titulo-de-eleitor-entre-jovens\/#breadcrumb","itemListElement":[{"@type":"ListItem","position":1,"name":"P\u00e1gina Inicial","item":"https:\/\/noticiaempauta.com\/portal\/"},{"@type":"ListItem","position":2,"name":"Destaques","item":"https:\/\/noticiaempauta.com\/portal\/destaques-site\/"},{"@type":"ListItem","position":3,"name":"Prefeitura de Aroeiras do Itaim inicia campanha para emiss\u00e3o do t\u00edtulo de eleitor entre jovens"}]},{"@type":"WebSite","@id":"https:\/\/noticiaempauta.com\/portal\/#website","url":"https:\/\/noticiaempauta.com\/portal\/","name":"Portal Not\u00edcia em Pauta","description":"Voc\u00ea bem informado","publisher":{"@id":"https:\/\/noticiaempauta.com\/portal\/#organization"},"potentialAction":[{"@type":"SearchAction","target":{"@type":"EntryPoint","urlTemplate":"https:\/\/noticiaempauta.com\/portal\/?s={search_term_string}"},"query-input":{"@type":"PropertyValueSpecification","valueRequired":true,"valueName":"search_term_string"}}],"inLanguage":"pt-BR"},{"@type":"Organization","@id":"https:\/\/noticiaempauta.com\/portal\/#organization","name":"Portal Not\u00edcia em Pauta","url":"https:\/\/noticiaempauta.com\/portal\/","logo":{"@type":"ImageObject","inLanguage":"pt-BR","@id":"https:\/\/noticiaempauta.com\/portal\/#\/schema\/logo\/image\/","url":"https:\/\/noticiaempauta.com\/portal\/wp-content\/uploads\/2022\/08\/logomarca_tema.fw_.png","contentUrl":"https:\/\/noticiaempauta.com\/portal\/wp-content\/uploads\/2022\/08\/logomarca_tema.fw_.png","width":400,"height":232,"caption":"Portal Not\u00edcia em Pauta"},"image":{"@id":"https:\/\/noticiaempauta.com\/portal\/#\/schema\/logo\/image\/"},"sameAs":["https:\/\/www.facebook.com\/Portal-Notcia-Em-Pauta-102292869264820\/","https:\/\/www.instagram.com\/portalnoticiaempauta\/"]},{"@type":"Person","@id":"https:\/\/noticiaempauta.com\/portal\/#\/schema\/person\/a74af43dd1ab3deca45f988c717d57ac","name":"Reda\u00e7\u00e3o","image":{"@type":"ImageObject","inLanguage":"pt-BR","@id":"https:\/\/noticiaempauta.com\/portal\/#\/schema\/person\/image\/","url":"https:\/\/secure.gravatar.com\/avatar\/03179346ecce6cdfc13361603e8f54242a90e5cde8618fa23c5c00aa2b0aadf3?s=96&d=mm&r=g","contentUrl":"https:\/\/secure.gravatar.com\/avatar\/03179346ecce6cdfc13361603e8f54242a90e5cde8618fa23c5c00aa2b0aadf3?s=96&d=mm&r=g","caption":"Reda\u00e7\u00e3o"},"sameAs":["https:\/\/noticiaempauta.com\/portal\/"],"url":"https:\/\/noticiaempauta.com\/portal\/author\/fernando\/"}]}},"_links":{"self":[{"href":"https:\/\/noticiaempauta.com\/portal\/wp-json\/wp\/v2\/posts\/285866","targetHints":{"allow":["GET"]}}],"collection":[{"href":"https:\/\/noticiaempauta.com\/portal\/wp-json\/wp\/v2\/posts"}],"about":[{"href":"https:\/\/noticiaempauta.com\/portal\/wp-json\/wp\/v2\/types\/post"}],"author":[{"embeddable":true,"href":"https:\/\/noticiaempauta.com\/portal\/wp-json\/wp\/v2\/users\/2"}],"replies":[{"embeddable":true,"href":"https:\/\/noticiaempauta.com\/portal\/wp-json\/wp\/v2\/comments?post=285866"}],"version-history":[{"count":2,"href":"https:\/\/noticiaempauta.com\/portal\/wp-json\/wp\/v2\/posts\/285866\/revisions"}],"predecessor-version":[{"id":285871,"href":"https:\/\/noticiaempauta.com\/portal\/wp-json\/wp\/v2\/posts\/285866\/revisions\/285871"}],"wp:featuredmedia":[{"embeddable":true,"href":"https:\/\/noticiaempauta.com\/portal\/wp-json\/wp\/v2\/media\/285869"}],"wp:attachment":[{"href":"https:\/\/noticiaempauta.com\/portal\/wp-json\/wp\/v2\/media?parent=285866"}],"wp:term":[{"taxonomy":"category","embeddable":true,"href":"https:\/\/noticiaempauta.com\/portal\/wp-json\/wp\/v2\/categories?post=285866"},{"taxonomy":"post_tag","embeddable":true,"href":"https:\/\/noticiaempauta.com\/portal\/wp-json\/wp\/v2\/tags?post=285866"}],"curies":[{"name":"wp","href":"https:\/\/api.w.org\/{rel}","templated":true}]}}