{"id":285882,"date":"2026-03-02T15:12:17","date_gmt":"2026-03-02T18:12:17","guid":{"rendered":"https:\/\/noticiaempauta.com\/portal\/?p=285882"},"modified":"2026-03-02T15:12:18","modified_gmt":"2026-03-02T18:12:18","slug":"secretaria-de-transito-inicia-a-semana-municipal-de-transito-com-foco-em-mobilidade-urbana-e-inclusao-em-picos","status":"publish","type":"post","link":"https:\/\/noticiaempauta.com\/portal\/secretaria-de-transito-inicia-a-semana-municipal-de-transito-com-foco-em-mobilidade-urbana-e-inclusao-em-picos\/","title":{"rendered":"Secretaria de Tr\u00e2nsito inicia a Semana Municipal de Tr\u00e2nsito com foco em mobilidade urbana e inclus\u00e3o em Picos"},"content":{"rendered":"\n<p>A Prefeitura de Picos, por meio da Secretaria Municipal de Tr\u00e2nsito, Transportes e Mobilidade Urbana, inicia a Semana Municipal de Tr\u00e2nsito, que neste ano traz como tema\u00a0<strong>\u201cMobilidade Urbana Segura Transforma Cidades\u201d<\/strong>. A programa\u00e7\u00e3o segue at\u00e9 pr\u00f3ximo s\u00e1bado, 07, e re\u00fane a\u00e7\u00f5es educativas, palestras, blitz informativas e atividades em espa\u00e7os p\u00fablicos, com o objetivo de conscientizar a popula\u00e7\u00e3o sobre a import\u00e2ncia de um tr\u00e2nsito mais seguro e acess\u00edvel para todos.<\/p>\n\n\n\n<figure class=\"wp-block-image size-full\"><img fetchpriority=\"high\" decoding=\"async\" width=\"800\" height=\"600\" src=\"https:\/\/noticiaempauta.com\/portal\/wp-content\/uploads\/2026\/03\/WhatsApp-Image-2026-03-02-at-10.17.31-5.webp\" alt=\"\" class=\"wp-image-285883\" srcset=\"https:\/\/noticiaempauta.com\/portal\/wp-content\/uploads\/2026\/03\/WhatsApp-Image-2026-03-02-at-10.17.31-5.webp 800w, https:\/\/noticiaempauta.com\/portal\/wp-content\/uploads\/2026\/03\/WhatsApp-Image-2026-03-02-at-10.17.31-5-300x225.webp 300w, https:\/\/noticiaempauta.com\/portal\/wp-content\/uploads\/2026\/03\/WhatsApp-Image-2026-03-02-at-10.17.31-5-768x576.webp 768w\" sizes=\"(max-width: 800px) 100vw, 800px\" \/><\/figure>\n\n\n\n<p>Durante a abertura, o Secret\u00e1rio Municipal de Tr\u00e2nsito, Edivaldo Filho, destacou que a proposta vai al\u00e9m da fiscaliza\u00e7\u00e3o: trata-se de uma mudan\u00e7a cultural que deve come\u00e7ar desde cedo. \u201cEduca\u00e7\u00e3o no tr\u00e2nsito se aprende na inf\u00e2ncia. Se as crian\u00e7as crescerem entendendo que o tr\u00e2nsito tem regras e que \u00e9 preciso respeitar o outro, certamente teremos uma cidade mais segura no futuro\u201d, pontuou.<\/p>\n\n\n\n<h5 class=\"wp-block-heading\">Mobilidade urbana como direito de ir e vir<\/h5>\n\n\n\n<p>A campanha deste ano enfatiza que mobilidade urbana n\u00e3o diz respeito apenas a ve\u00edculos, mas ao direito coletivo de circula\u00e7\u00e3o. Motoristas, motociclistas, ciclistas, pedestres, idosos e pessoas com defici\u00eancia fazem parte do mesmo sistema e precisam ter seus direitos garantidos.&nbsp;Segundo Edivaldo Filho, a proposta pretende discutir a mobilidade de forma ampla, pensando desde a organiza\u00e7\u00e3o do tr\u00e1fego at\u00e9 a acessibilidade nas cal\u00e7adas e espa\u00e7os p\u00fablicos.<\/p>\n\n\n\n<figure class=\"wp-block-image size-full\"><img decoding=\"async\" width=\"800\" height=\"600\" src=\"https:\/\/noticiaempauta.com\/portal\/wp-content\/uploads\/2026\/03\/WhatsApp-Image-2026-03-02-at-10.17.31-10.webp\" alt=\"\" class=\"wp-image-285884\" srcset=\"https:\/\/noticiaempauta.com\/portal\/wp-content\/uploads\/2026\/03\/WhatsApp-Image-2026-03-02-at-10.17.31-10.webp 800w, https:\/\/noticiaempauta.com\/portal\/wp-content\/uploads\/2026\/03\/WhatsApp-Image-2026-03-02-at-10.17.31-10-300x225.webp 300w, https:\/\/noticiaempauta.com\/portal\/wp-content\/uploads\/2026\/03\/WhatsApp-Image-2026-03-02-at-10.17.31-10-768x576.webp 768w\" sizes=\"(max-width: 800px) 100vw, 800px\" \/><\/figure>\n\n\n\n<p>Entre as a\u00e7\u00f5es previstas est\u00e3o palestras educativas em escolas, atividades nas pra\u00e7as F\u00e9lix Pacheco, Josino Ferreira e Pra\u00e7a do Junco, al\u00e9m de um evento especial no dia 07, em parceria com a Secretaria Municipal de Assist\u00eancia Social, voltado \u00e0 seguran\u00e7a das mulheres. A abertura desta edi\u00e7\u00e3o ocorreu na manh\u00e3 desta segunda-feira, 02, nas depend\u00eancias da C\u00e2mara Municipal e contou a participa\u00e7\u00e3o de alunos do Col\u00e9gio S\u00e3o Judas Tadeu, al\u00e9m de representantes da sociedade civil e entidades distintas. O encerramento da programa\u00e7\u00e3o ocorrer\u00e1 no s\u00e1bado, 07, na Pra\u00e7a Josino Ferreira, com uma a\u00e7\u00e3o conjunta entre as secretarias envolvidas.<\/p>\n\n\n\n<figure class=\"wp-block-image size-full\"><img decoding=\"async\" width=\"800\" height=\"600\" src=\"https:\/\/noticiaempauta.com\/portal\/wp-content\/uploads\/2026\/03\/WhatsApp-Image-2026-03-02-at-10.17.29-2.webp\" alt=\"\" class=\"wp-image-285885\" srcset=\"https:\/\/noticiaempauta.com\/portal\/wp-content\/uploads\/2026\/03\/WhatsApp-Image-2026-03-02-at-10.17.29-2.webp 800w, https:\/\/noticiaempauta.com\/portal\/wp-content\/uploads\/2026\/03\/WhatsApp-Image-2026-03-02-at-10.17.29-2-300x225.webp 300w, https:\/\/noticiaempauta.com\/portal\/wp-content\/uploads\/2026\/03\/WhatsApp-Image-2026-03-02-at-10.17.29-2-768x576.webp 768w\" sizes=\"(max-width: 800px) 100vw, 800px\" \/><\/figure>\n\n\n\n<h5 class=\"wp-block-heading\">Cal\u00e7adas, acessibilidade e ordenamento urbano<\/h5>\n\n\n\n<p>Um dos principais pontos abordados \u00e9 a desobstru\u00e7\u00e3o das cal\u00e7adas. Desde o ano passado, a gest\u00e3o municipal afirma ter intensificado a fiscaliza\u00e7\u00e3o, em parceria com a Secretaria de Desenvolvimento Econ\u00f4mico, para retirar mercadorias e outros obst\u00e1culos que impe\u00e7am a circula\u00e7\u00e3o de pedestres.<\/p>\n\n\n\n<p>A proposta tamb\u00e9m inclui a readequa\u00e7\u00e3o destes locais, especialmente em pr\u00e9dios p\u00fablicos, com foco na acessibilidade para cadeirantes, idosos e pessoas com mobilidade reduzida. A iniciativa envolve ainda a Secretaria de Obras e pretende promover melhorias estruturais que garantam inclus\u00e3o e seguran\u00e7a.<\/p>\n\n\n\n<p>\u201cO espa\u00e7o da cal\u00e7ada \u00e9 do pedestre. Quando ela \u00e9 ocupada de forma irregular, estamos negando o direito de ir e vir de muita gente\u201d, refor\u00e7ou Edivaldo Filho.<\/p>\n\n\n\n<p>Durante o evento, agentes de tr\u00e2nsito, assim como agentes da PRF, realizaram palestras educativas sobre o comportamento para um tr\u00e2nsito mais seguro.&nbsp; Segundo o comandante da Companhia Independente de Tr\u00e2nsito de Picos, major M\u00e1rio Pereira,&nbsp;a relev\u00e2ncia da educa\u00e7\u00e3o para o tr\u00e2nsito como ferramenta de transforma\u00e7\u00e3o social. Ao enfatizar a participa\u00e7\u00e3o na Semana Municipal de Tr\u00e2nsito em Picos, ele destaca que&nbsp;a uni\u00e3o entre Poder P\u00fablico e For\u00e7as de Seguran\u00e7a, como a Pol\u00edcia Militar e a PRF, em torno de um objetivo comum: formar cidad\u00e3os mais conscientes.<\/p>\n\n\n\n<p>Major M\u00e1rio mencionou o C\u00f3digo de Tr\u00e2nsito Brasileiro e regras b\u00e1sicas como uso de capacete, cinto de seguran\u00e7a e respeito aos limites de velocidade. A fala refor\u00e7a que o tr\u00e2nsito \u00e9 organizado por normas que precisam ser obedecidas para garantir seguran\u00e7a coletiva. Em s\u00edntese, a declara\u00e7\u00e3o transmite a ideia de que a mudan\u00e7a no tr\u00e2nsito n\u00e3o depende apenas de fiscaliza\u00e7\u00e3o, mas principalmente de conscientiza\u00e7\u00e3o.<\/p>\n\n\n\n<figure class=\"wp-block-image size-full\"><img loading=\"lazy\" decoding=\"async\" width=\"800\" height=\"600\" src=\"https:\/\/noticiaempauta.com\/portal\/wp-content\/uploads\/2026\/03\/WhatsApp-Image-2026-03-02-at-10.17.30-1.webp\" alt=\"\" class=\"wp-image-285886\" srcset=\"https:\/\/noticiaempauta.com\/portal\/wp-content\/uploads\/2026\/03\/WhatsApp-Image-2026-03-02-at-10.17.30-1.webp 800w, https:\/\/noticiaempauta.com\/portal\/wp-content\/uploads\/2026\/03\/WhatsApp-Image-2026-03-02-at-10.17.30-1-300x225.webp 300w, https:\/\/noticiaempauta.com\/portal\/wp-content\/uploads\/2026\/03\/WhatsApp-Image-2026-03-02-at-10.17.30-1-768x576.webp 768w\" sizes=\"(max-width: 800px) 100vw, 800px\" \/><\/figure>\n\n\n\n<p>\u201cO ponto central da mensagem \u00e9 a escolha estrat\u00e9gica do p\u00fablico-alvo. Ao direcionar as a\u00e7\u00f5es para crian\u00e7as, jovens e adolescentes. A iniciativa aposta na forma\u00e7\u00e3o preventiva, entendendo que esses estudantes ser\u00e3o os futuros condutores e que a constru\u00e7\u00e3o de uma cultura de respeito come\u00e7a desde cedo. No tr\u00e2nsito, cada um precisa fazer a sua parte e temos a responsabilidade individual como elemento essencial para um tr\u00e2nsito mais seguro no futuro\u201d, referiu em sua palestra.<\/p>\n","protected":false},"excerpt":{"rendered":"<p>A Prefeitura de Picos, por meio da Secretaria Municipal de Tr\u00e2nsito, Transportes e Mobilidade Urbana, inicia a Semana Municipal de Tr\u00e2nsito, que neste ano traz como tema\u00a0\u201cMobilidade Urbana Segura Transforma Cidades\u201d. A programa\u00e7\u00e3o segue at\u00e9 pr\u00f3ximo s\u00e1bado, 07, e re\u00fane a\u00e7\u00f5es educativas, palestras, blitz informativas e atividades em espa\u00e7os p\u00fablicos, com o objetivo de conscientizar [&hellip;]<\/p>\n","protected":false},"author":2,"featured_media":285883,"comment_status":"closed","ping_status":"closed","sticky":false,"template":"","format":"standard","meta":{"_mi_skip_tracking":false,"footnotes":""},"categories":[25,1,16],"tags":[],"class_list":["post-285882","post","type-post","status-publish","format-standard","has-post-thumbnail","hentry","category-destaques-site","category-geral","category-todas"],"acf":[],"yoast_head":"<!-- This site is optimized with the Yoast SEO Premium plugin v19.2 (Yoast SEO v26.9) - https:\/\/yoast.com\/product\/yoast-seo-premium-wordpress\/ -->\n<title>Secretaria de Tr\u00e2nsito inicia a Semana Municipal de Tr\u00e2nsito com foco em mobilidade urbana e inclus\u00e3o em Picos - Portal Not\u00edcia em Pauta<\/title>\n<meta name=\"robots\" content=\"index, follow, max-snippet:-1, max-image-preview:large, max-video-preview:-1\" \/>\n<link rel=\"canonical\" href=\"https:\/\/noticiaempauta.com\/portal\/secretaria-de-transito-inicia-a-semana-municipal-de-transito-com-foco-em-mobilidade-urbana-e-inclusao-em-picos\/\" \/>\n<meta property=\"og:locale\" content=\"pt_BR\" \/>\n<meta property=\"og:type\" content=\"article\" \/>\n<meta property=\"og:title\" content=\"Secretaria de Tr\u00e2nsito inicia a Semana Municipal de Tr\u00e2nsito com foco em mobilidade urbana e inclus\u00e3o em Picos\" \/>\n<meta property=\"og:description\" content=\"A Prefeitura de Picos, por meio da Secretaria Municipal de Tr\u00e2nsito, Transportes e Mobilidade Urbana, inicia a Semana Municipal de Tr\u00e2nsito, que neste ano traz como tema\u00a0\u201cMobilidade Urbana Segura Transforma Cidades\u201d. A programa\u00e7\u00e3o segue at\u00e9 pr\u00f3ximo s\u00e1bado, 07, e re\u00fane a\u00e7\u00f5es educativas, palestras, blitz informativas e atividades em espa\u00e7os p\u00fablicos, com o objetivo de conscientizar [&hellip;]\" \/>\n<meta property=\"og:url\" content=\"https:\/\/noticiaempauta.com\/portal\/secretaria-de-transito-inicia-a-semana-municipal-de-transito-com-foco-em-mobilidade-urbana-e-inclusao-em-picos\/\" \/>\n<meta property=\"og:site_name\" content=\"Portal Not\u00edcia em Pauta\" \/>\n<meta property=\"article:publisher\" content=\"https:\/\/www.facebook.com\/Portal-Notcia-Em-Pauta-102292869264820\/\" \/>\n<meta property=\"article:published_time\" content=\"2026-03-02T18:12:17+00:00\" \/>\n<meta property=\"article:modified_time\" content=\"2026-03-02T18:12:18+00:00\" \/>\n<meta property=\"og:image\" content=\"https:\/\/noticiaempauta.com\/portal\/wp-content\/uploads\/2026\/03\/WhatsApp-Image-2026-03-02-at-10.17.31-5.webp\" \/>\n\t<meta property=\"og:image:width\" content=\"800\" \/>\n\t<meta property=\"og:image:height\" content=\"600\" \/>\n\t<meta property=\"og:image:type\" content=\"image\/webp\" \/>\n<meta name=\"author\" content=\"Reda\u00e7\u00e3o\" \/>\n<meta name=\"twitter:card\" content=\"summary_large_image\" \/>\n<meta name=\"twitter:label1\" content=\"Escrito por\" \/>\n\t<meta name=\"twitter:data1\" content=\"Reda\u00e7\u00e3o\" \/>\n\t<meta name=\"twitter:label2\" content=\"Est. tempo de leitura\" \/>\n\t<meta name=\"twitter:data2\" content=\"5 minutos\" \/>\n<script type=\"application\/ld+json\" class=\"yoast-schema-graph\">{\"@context\":\"https:\/\/schema.org\",\"@graph\":[{\"@type\":\"Article\",\"@id\":\"https:\/\/noticiaempauta.com\/portal\/secretaria-de-transito-inicia-a-semana-municipal-de-transito-com-foco-em-mobilidade-urbana-e-inclusao-em-picos\/#article\",\"isPartOf\":{\"@id\":\"https:\/\/noticiaempauta.com\/portal\/secretaria-de-transito-inicia-a-semana-municipal-de-transito-com-foco-em-mobilidade-urbana-e-inclusao-em-picos\/\"},\"author\":{\"name\":\"Reda\u00e7\u00e3o\",\"@id\":\"https:\/\/noticiaempauta.com\/portal\/#\/schema\/person\/a74af43dd1ab3deca45f988c717d57ac\"},\"headline\":\"Secretaria de Tr\u00e2nsito inicia a Semana Municipal de Tr\u00e2nsito com foco em mobilidade urbana e inclus\u00e3o em Picos\",\"datePublished\":\"2026-03-02T18:12:17+00:00\",\"dateModified\":\"2026-03-02T18:12:18+00:00\",\"mainEntityOfPage\":{\"@id\":\"https:\/\/noticiaempauta.com\/portal\/secretaria-de-transito-inicia-a-semana-municipal-de-transito-com-foco-em-mobilidade-urbana-e-inclusao-em-picos\/\"},\"wordCount\":769,\"publisher\":{\"@id\":\"https:\/\/noticiaempauta.com\/portal\/#organization\"},\"image\":{\"@id\":\"https:\/\/noticiaempauta.com\/portal\/secretaria-de-transito-inicia-a-semana-municipal-de-transito-com-foco-em-mobilidade-urbana-e-inclusao-em-picos\/#primaryimage\"},\"thumbnailUrl\":\"https:\/\/noticiaempauta.com\/portal\/wp-content\/uploads\/2026\/03\/WhatsApp-Image-2026-03-02-at-10.17.31-5.webp\",\"articleSection\":[\"Destaques\",\"Geral\",\"Todas as Not\u00edcias\"],\"inLanguage\":\"pt-BR\"},{\"@type\":\"WebPage\",\"@id\":\"https:\/\/noticiaempauta.com\/portal\/secretaria-de-transito-inicia-a-semana-municipal-de-transito-com-foco-em-mobilidade-urbana-e-inclusao-em-picos\/\",\"url\":\"https:\/\/noticiaempauta.com\/portal\/secretaria-de-transito-inicia-a-semana-municipal-de-transito-com-foco-em-mobilidade-urbana-e-inclusao-em-picos\/\",\"name\":\"Secretaria de Tr\u00e2nsito inicia a Semana Municipal de Tr\u00e2nsito com foco em mobilidade urbana e inclus\u00e3o em Picos - Portal Not\u00edcia em Pauta\",\"isPartOf\":{\"@id\":\"https:\/\/noticiaempauta.com\/portal\/#website\"},\"primaryImageOfPage\":{\"@id\":\"https:\/\/noticiaempauta.com\/portal\/secretaria-de-transito-inicia-a-semana-municipal-de-transito-com-foco-em-mobilidade-urbana-e-inclusao-em-picos\/#primaryimage\"},\"image\":{\"@id\":\"https:\/\/noticiaempauta.com\/portal\/secretaria-de-transito-inicia-a-semana-municipal-de-transito-com-foco-em-mobilidade-urbana-e-inclusao-em-picos\/#primaryimage\"},\"thumbnailUrl\":\"https:\/\/noticiaempauta.com\/portal\/wp-content\/uploads\/2026\/03\/WhatsApp-Image-2026-03-02-at-10.17.31-5.webp\",\"datePublished\":\"2026-03-02T18:12:17+00:00\",\"dateModified\":\"2026-03-02T18:12:18+00:00\",\"breadcrumb\":{\"@id\":\"https:\/\/noticiaempauta.com\/portal\/secretaria-de-transito-inicia-a-semana-municipal-de-transito-com-foco-em-mobilidade-urbana-e-inclusao-em-picos\/#breadcrumb\"},\"inLanguage\":\"pt-BR\",\"potentialAction\":[{\"@type\":\"ReadAction\",\"target\":[\"https:\/\/noticiaempauta.com\/portal\/secretaria-de-transito-inicia-a-semana-municipal-de-transito-com-foco-em-mobilidade-urbana-e-inclusao-em-picos\/\"]}]},{\"@type\":\"ImageObject\",\"inLanguage\":\"pt-BR\",\"@id\":\"https:\/\/noticiaempauta.com\/portal\/secretaria-de-transito-inicia-a-semana-municipal-de-transito-com-foco-em-mobilidade-urbana-e-inclusao-em-picos\/#primaryimage\",\"url\":\"https:\/\/noticiaempauta.com\/portal\/wp-content\/uploads\/2026\/03\/WhatsApp-Image-2026-03-02-at-10.17.31-5.webp\",\"contentUrl\":\"https:\/\/noticiaempauta.com\/portal\/wp-content\/uploads\/2026\/03\/WhatsApp-Image-2026-03-02-at-10.17.31-5.webp\",\"width\":800,\"height\":600},{\"@type\":\"BreadcrumbList\",\"@id\":\"https:\/\/noticiaempauta.com\/portal\/secretaria-de-transito-inicia-a-semana-municipal-de-transito-com-foco-em-mobilidade-urbana-e-inclusao-em-picos\/#breadcrumb\",\"itemListElement\":[{\"@type\":\"ListItem\",\"position\":1,\"name\":\"P\u00e1gina Inicial\",\"item\":\"https:\/\/noticiaempauta.com\/portal\/\"},{\"@type\":\"ListItem\",\"position\":2,\"name\":\"Destaques\",\"item\":\"https:\/\/noticiaempauta.com\/portal\/destaques-site\/\"},{\"@type\":\"ListItem\",\"position\":3,\"name\":\"Secretaria de Tr\u00e2nsito inicia a Semana Municipal de Tr\u00e2nsito com foco em mobilidade urbana e inclus\u00e3o em Picos\"}]},{\"@type\":\"WebSite\",\"@id\":\"https:\/\/noticiaempauta.com\/portal\/#website\",\"url\":\"https:\/\/noticiaempauta.com\/portal\/\",\"name\":\"Portal Not\u00edcia em Pauta\",\"description\":\"Voc\u00ea bem informado\",\"publisher\":{\"@id\":\"https:\/\/noticiaempauta.com\/portal\/#organization\"},\"potentialAction\":[{\"@type\":\"SearchAction\",\"target\":{\"@type\":\"EntryPoint\",\"urlTemplate\":\"https:\/\/noticiaempauta.com\/portal\/?s={search_term_string}\"},\"query-input\":{\"@type\":\"PropertyValueSpecification\",\"valueRequired\":true,\"valueName\":\"search_term_string\"}}],\"inLanguage\":\"pt-BR\"},{\"@type\":\"Organization\",\"@id\":\"https:\/\/noticiaempauta.com\/portal\/#organization\",\"name\":\"Portal Not\u00edcia em Pauta\",\"url\":\"https:\/\/noticiaempauta.com\/portal\/\",\"logo\":{\"@type\":\"ImageObject\",\"inLanguage\":\"pt-BR\",\"@id\":\"https:\/\/noticiaempauta.com\/portal\/#\/schema\/logo\/image\/\",\"url\":\"https:\/\/noticiaempauta.com\/portal\/wp-content\/uploads\/2022\/08\/logomarca_tema.fw_.png\",\"contentUrl\":\"https:\/\/noticiaempauta.com\/portal\/wp-content\/uploads\/2022\/08\/logomarca_tema.fw_.png\",\"width\":400,\"height\":232,\"caption\":\"Portal Not\u00edcia em Pauta\"},\"image\":{\"@id\":\"https:\/\/noticiaempauta.com\/portal\/#\/schema\/logo\/image\/\"},\"sameAs\":[\"https:\/\/www.facebook.com\/Portal-Notcia-Em-Pauta-102292869264820\/\",\"https:\/\/www.instagram.com\/portalnoticiaempauta\/\"]},{\"@type\":\"Person\",\"@id\":\"https:\/\/noticiaempauta.com\/portal\/#\/schema\/person\/a74af43dd1ab3deca45f988c717d57ac\",\"name\":\"Reda\u00e7\u00e3o\",\"image\":{\"@type\":\"ImageObject\",\"inLanguage\":\"pt-BR\",\"@id\":\"https:\/\/noticiaempauta.com\/portal\/#\/schema\/person\/image\/\",\"url\":\"https:\/\/secure.gravatar.com\/avatar\/03179346ecce6cdfc13361603e8f54242a90e5cde8618fa23c5c00aa2b0aadf3?s=96&d=mm&r=g\",\"contentUrl\":\"https:\/\/secure.gravatar.com\/avatar\/03179346ecce6cdfc13361603e8f54242a90e5cde8618fa23c5c00aa2b0aadf3?s=96&d=mm&r=g\",\"caption\":\"Reda\u00e7\u00e3o\"},\"sameAs\":[\"https:\/\/noticiaempauta.com\/portal\/\"],\"url\":\"https:\/\/noticiaempauta.com\/portal\/author\/fernando\/\"}]}<\/script>\n<!-- \/ Yoast SEO Premium plugin. -->","yoast_head_json":{"title":"Secretaria de Tr\u00e2nsito inicia a Semana Municipal de Tr\u00e2nsito com foco em mobilidade urbana e inclus\u00e3o em Picos - Portal Not\u00edcia em Pauta","robots":{"index":"index","follow":"follow","max-snippet":"max-snippet:-1","max-image-preview":"max-image-preview:large","max-video-preview":"max-video-preview:-1"},"canonical":"https:\/\/noticiaempauta.com\/portal\/secretaria-de-transito-inicia-a-semana-municipal-de-transito-com-foco-em-mobilidade-urbana-e-inclusao-em-picos\/","og_locale":"pt_BR","og_type":"article","og_title":"Secretaria de Tr\u00e2nsito inicia a Semana Municipal de Tr\u00e2nsito com foco em mobilidade urbana e inclus\u00e3o em Picos","og_description":"A Prefeitura de Picos, por meio da Secretaria Municipal de Tr\u00e2nsito, Transportes e Mobilidade Urbana, inicia a Semana Municipal de Tr\u00e2nsito, que neste ano traz como tema\u00a0\u201cMobilidade Urbana Segura Transforma Cidades\u201d. A programa\u00e7\u00e3o segue at\u00e9 pr\u00f3ximo s\u00e1bado, 07, e re\u00fane a\u00e7\u00f5es educativas, palestras, blitz informativas e atividades em espa\u00e7os p\u00fablicos, com o objetivo de conscientizar [&hellip;]","og_url":"https:\/\/noticiaempauta.com\/portal\/secretaria-de-transito-inicia-a-semana-municipal-de-transito-com-foco-em-mobilidade-urbana-e-inclusao-em-picos\/","og_site_name":"Portal Not\u00edcia em Pauta","article_publisher":"https:\/\/www.facebook.com\/Portal-Notcia-Em-Pauta-102292869264820\/","article_published_time":"2026-03-02T18:12:17+00:00","article_modified_time":"2026-03-02T18:12:18+00:00","og_image":[{"width":800,"height":600,"url":"https:\/\/noticiaempauta.com\/portal\/wp-content\/uploads\/2026\/03\/WhatsApp-Image-2026-03-02-at-10.17.31-5.webp","type":"image\/webp"}],"author":"Reda\u00e7\u00e3o","twitter_card":"summary_large_image","twitter_misc":{"Escrito por":"Reda\u00e7\u00e3o","Est. tempo de leitura":"5 minutos"},"schema":{"@context":"https:\/\/schema.org","@graph":[{"@type":"Article","@id":"https:\/\/noticiaempauta.com\/portal\/secretaria-de-transito-inicia-a-semana-municipal-de-transito-com-foco-em-mobilidade-urbana-e-inclusao-em-picos\/#article","isPartOf":{"@id":"https:\/\/noticiaempauta.com\/portal\/secretaria-de-transito-inicia-a-semana-municipal-de-transito-com-foco-em-mobilidade-urbana-e-inclusao-em-picos\/"},"author":{"name":"Reda\u00e7\u00e3o","@id":"https:\/\/noticiaempauta.com\/portal\/#\/schema\/person\/a74af43dd1ab3deca45f988c717d57ac"},"headline":"Secretaria de Tr\u00e2nsito inicia a Semana Municipal de Tr\u00e2nsito com foco em mobilidade urbana e inclus\u00e3o em Picos","datePublished":"2026-03-02T18:12:17+00:00","dateModified":"2026-03-02T18:12:18+00:00","mainEntityOfPage":{"@id":"https:\/\/noticiaempauta.com\/portal\/secretaria-de-transito-inicia-a-semana-municipal-de-transito-com-foco-em-mobilidade-urbana-e-inclusao-em-picos\/"},"wordCount":769,"publisher":{"@id":"https:\/\/noticiaempauta.com\/portal\/#organization"},"image":{"@id":"https:\/\/noticiaempauta.com\/portal\/secretaria-de-transito-inicia-a-semana-municipal-de-transito-com-foco-em-mobilidade-urbana-e-inclusao-em-picos\/#primaryimage"},"thumbnailUrl":"https:\/\/noticiaempauta.com\/portal\/wp-content\/uploads\/2026\/03\/WhatsApp-Image-2026-03-02-at-10.17.31-5.webp","articleSection":["Destaques","Geral","Todas as Not\u00edcias"],"inLanguage":"pt-BR"},{"@type":"WebPage","@id":"https:\/\/noticiaempauta.com\/portal\/secretaria-de-transito-inicia-a-semana-municipal-de-transito-com-foco-em-mobilidade-urbana-e-inclusao-em-picos\/","url":"https:\/\/noticiaempauta.com\/portal\/secretaria-de-transito-inicia-a-semana-municipal-de-transito-com-foco-em-mobilidade-urbana-e-inclusao-em-picos\/","name":"Secretaria de Tr\u00e2nsito inicia a Semana Municipal de Tr\u00e2nsito com foco em mobilidade urbana e inclus\u00e3o em Picos - Portal Not\u00edcia em Pauta","isPartOf":{"@id":"https:\/\/noticiaempauta.com\/portal\/#website"},"primaryImageOfPage":{"@id":"https:\/\/noticiaempauta.com\/portal\/secretaria-de-transito-inicia-a-semana-municipal-de-transito-com-foco-em-mobilidade-urbana-e-inclusao-em-picos\/#primaryimage"},"image":{"@id":"https:\/\/noticiaempauta.com\/portal\/secretaria-de-transito-inicia-a-semana-municipal-de-transito-com-foco-em-mobilidade-urbana-e-inclusao-em-picos\/#primaryimage"},"thumbnailUrl":"https:\/\/noticiaempauta.com\/portal\/wp-content\/uploads\/2026\/03\/WhatsApp-Image-2026-03-02-at-10.17.31-5.webp","datePublished":"2026-03-02T18:12:17+00:00","dateModified":"2026-03-02T18:12:18+00:00","breadcrumb":{"@id":"https:\/\/noticiaempauta.com\/portal\/secretaria-de-transito-inicia-a-semana-municipal-de-transito-com-foco-em-mobilidade-urbana-e-inclusao-em-picos\/#breadcrumb"},"inLanguage":"pt-BR","potentialAction":[{"@type":"ReadAction","target":["https:\/\/noticiaempauta.com\/portal\/secretaria-de-transito-inicia-a-semana-municipal-de-transito-com-foco-em-mobilidade-urbana-e-inclusao-em-picos\/"]}]},{"@type":"ImageObject","inLanguage":"pt-BR","@id":"https:\/\/noticiaempauta.com\/portal\/secretaria-de-transito-inicia-a-semana-municipal-de-transito-com-foco-em-mobilidade-urbana-e-inclusao-em-picos\/#primaryimage","url":"https:\/\/noticiaempauta.com\/portal\/wp-content\/uploads\/2026\/03\/WhatsApp-Image-2026-03-02-at-10.17.31-5.webp","contentUrl":"https:\/\/noticiaempauta.com\/portal\/wp-content\/uploads\/2026\/03\/WhatsApp-Image-2026-03-02-at-10.17.31-5.webp","width":800,"height":600},{"@type":"BreadcrumbList","@id":"https:\/\/noticiaempauta.com\/portal\/secretaria-de-transito-inicia-a-semana-municipal-de-transito-com-foco-em-mobilidade-urbana-e-inclusao-em-picos\/#breadcrumb","itemListElement":[{"@type":"ListItem","position":1,"name":"P\u00e1gina Inicial","item":"https:\/\/noticiaempauta.com\/portal\/"},{"@type":"ListItem","position":2,"name":"Destaques","item":"https:\/\/noticiaempauta.com\/portal\/destaques-site\/"},{"@type":"ListItem","position":3,"name":"Secretaria de Tr\u00e2nsito inicia a Semana Municipal de Tr\u00e2nsito com foco em mobilidade urbana e inclus\u00e3o em Picos"}]},{"@type":"WebSite","@id":"https:\/\/noticiaempauta.com\/portal\/#website","url":"https:\/\/noticiaempauta.com\/portal\/","name":"Portal Not\u00edcia em Pauta","description":"Voc\u00ea bem informado","publisher":{"@id":"https:\/\/noticiaempauta.com\/portal\/#organization"},"potentialAction":[{"@type":"SearchAction","target":{"@type":"EntryPoint","urlTemplate":"https:\/\/noticiaempauta.com\/portal\/?s={search_term_string}"},"query-input":{"@type":"PropertyValueSpecification","valueRequired":true,"valueName":"search_term_string"}}],"inLanguage":"pt-BR"},{"@type":"Organization","@id":"https:\/\/noticiaempauta.com\/portal\/#organization","name":"Portal Not\u00edcia em Pauta","url":"https:\/\/noticiaempauta.com\/portal\/","logo":{"@type":"ImageObject","inLanguage":"pt-BR","@id":"https:\/\/noticiaempauta.com\/portal\/#\/schema\/logo\/image\/","url":"https:\/\/noticiaempauta.com\/portal\/wp-content\/uploads\/2022\/08\/logomarca_tema.fw_.png","contentUrl":"https:\/\/noticiaempauta.com\/portal\/wp-content\/uploads\/2022\/08\/logomarca_tema.fw_.png","width":400,"height":232,"caption":"Portal Not\u00edcia em Pauta"},"image":{"@id":"https:\/\/noticiaempauta.com\/portal\/#\/schema\/logo\/image\/"},"sameAs":["https:\/\/www.facebook.com\/Portal-Notcia-Em-Pauta-102292869264820\/","https:\/\/www.instagram.com\/portalnoticiaempauta\/"]},{"@type":"Person","@id":"https:\/\/noticiaempauta.com\/portal\/#\/schema\/person\/a74af43dd1ab3deca45f988c717d57ac","name":"Reda\u00e7\u00e3o","image":{"@type":"ImageObject","inLanguage":"pt-BR","@id":"https:\/\/noticiaempauta.com\/portal\/#\/schema\/person\/image\/","url":"https:\/\/secure.gravatar.com\/avatar\/03179346ecce6cdfc13361603e8f54242a90e5cde8618fa23c5c00aa2b0aadf3?s=96&d=mm&r=g","contentUrl":"https:\/\/secure.gravatar.com\/avatar\/03179346ecce6cdfc13361603e8f54242a90e5cde8618fa23c5c00aa2b0aadf3?s=96&d=mm&r=g","caption":"Reda\u00e7\u00e3o"},"sameAs":["https:\/\/noticiaempauta.com\/portal\/"],"url":"https:\/\/noticiaempauta.com\/portal\/author\/fernando\/"}]}},"_links":{"self":[{"href":"https:\/\/noticiaempauta.com\/portal\/wp-json\/wp\/v2\/posts\/285882","targetHints":{"allow":["GET"]}}],"collection":[{"href":"https:\/\/noticiaempauta.com\/portal\/wp-json\/wp\/v2\/posts"}],"about":[{"href":"https:\/\/noticiaempauta.com\/portal\/wp-json\/wp\/v2\/types\/post"}],"author":[{"embeddable":true,"href":"https:\/\/noticiaempauta.com\/portal\/wp-json\/wp\/v2\/users\/2"}],"replies":[{"embeddable":true,"href":"https:\/\/noticiaempauta.com\/portal\/wp-json\/wp\/v2\/comments?post=285882"}],"version-history":[{"count":2,"href":"https:\/\/noticiaempauta.com\/portal\/wp-json\/wp\/v2\/posts\/285882\/revisions"}],"predecessor-version":[{"id":285888,"href":"https:\/\/noticiaempauta.com\/portal\/wp-json\/wp\/v2\/posts\/285882\/revisions\/285888"}],"wp:featuredmedia":[{"embeddable":true,"href":"https:\/\/noticiaempauta.com\/portal\/wp-json\/wp\/v2\/media\/285883"}],"wp:attachment":[{"href":"https:\/\/noticiaempauta.com\/portal\/wp-json\/wp\/v2\/media?parent=285882"}],"wp:term":[{"taxonomy":"category","embeddable":true,"href":"https:\/\/noticiaempauta.com\/portal\/wp-json\/wp\/v2\/categories?post=285882"},{"taxonomy":"post_tag","embeddable":true,"href":"https:\/\/noticiaempauta.com\/portal\/wp-json\/wp\/v2\/tags?post=285882"}],"curies":[{"name":"wp","href":"https:\/\/api.w.org\/{rel}","templated":true}]}}