{"id":285900,"date":"2026-03-03T08:52:57","date_gmt":"2026-03-03T11:52:57","guid":{"rendered":"https:\/\/noticiaempauta.com\/portal\/?p=285900"},"modified":"2026-03-03T08:52:59","modified_gmt":"2026-03-03T11:52:59","slug":"irmaos-de-7-e-11-anos-morrem-afogados-na-zona-rural-de-simoes","status":"publish","type":"post","link":"https:\/\/noticiaempauta.com\/portal\/irmaos-de-7-e-11-anos-morrem-afogados-na-zona-rural-de-simoes\/","title":{"rendered":"Irm\u00e3os de 7 e 11 anos morrem afogados na zona rural de Sim\u00f5es"},"content":{"rendered":"\n<p>Nesta segunda-feira (02), dois irm\u00e3os, de 7 e 11 anos, morreram afogados em um reservat\u00f3rio de \u00e1gua na comunidade Serra dos Tanicos, zona rural de Sim\u00f5es (PI).<\/p>\n\n\n\n<figure class=\"wp-block-image size-full\"><img fetchpriority=\"high\" decoding=\"async\" width=\"940\" height=\"788\" src=\"https:\/\/noticiaempauta.com\/portal\/wp-content\/uploads\/2026\/03\/design_sem_nome_3.webp\" alt=\"\" class=\"wp-image-285901\" srcset=\"https:\/\/noticiaempauta.com\/portal\/wp-content\/uploads\/2026\/03\/design_sem_nome_3.webp 940w, https:\/\/noticiaempauta.com\/portal\/wp-content\/uploads\/2026\/03\/design_sem_nome_3-300x251.webp 300w, https:\/\/noticiaempauta.com\/portal\/wp-content\/uploads\/2026\/03\/design_sem_nome_3-768x644.webp 768w\" sizes=\"(max-width: 940px) 100vw, 940px\" \/><figcaption class=\"wp-element-caption\"><em>(Foto: Reprodu\u00e7\u00e3o\/WhatsApp)<\/em><\/figcaption><\/figure>\n\n\n\n<p>De acordo com o delegado da Pol\u00edcia Civil de Sim\u00f5es, Juarez Paiva, as crian\u00e7as foram socorridas por populares ainda com vida e levadas para receber atendimento m\u00e9dico em um hospital de Araripina (PE). No entanto, deram entrada na unidade de sa\u00fade j\u00e1 sem sinais vitais.<\/p>\n\n\n\n<p>\u201cAs crian\u00e7as j\u00e1 deram entrada sem vida no hospital. Os procedimentos foram realizados pela Pol\u00edcia Civil de Araripina, e os corpos foram levados para o IML de Petrolina\u201d, informou o delegado.<\/p>\n\n\n\n<p>A morte dos irm\u00e3os causou como\u00e7\u00e3o no munic\u00edpio, que vem sendo atingido por fortes chuvas desde o \u00faltimo s\u00e1bado (28).<\/p>\n\n\n\n<p>As circunst\u00e2ncias do afogamento ainda ser\u00e3o apuradas pelas autoridades competentes.<\/p>\n\n\n\n<p>Fonte: Paula Monize\/Cidade Verde<\/p>\n","protected":false},"excerpt":{"rendered":"<p>Nesta segunda-feira (02), dois irm\u00e3os, de 7 e 11 anos, morreram afogados em um reservat\u00f3rio de \u00e1gua na comunidade Serra dos Tanicos, zona rural de Sim\u00f5es (PI). De acordo com o delegado da Pol\u00edcia Civil de Sim\u00f5es, Juarez Paiva, as crian\u00e7as foram socorridas por populares ainda com vida e levadas para receber atendimento m\u00e9dico em [&hellip;]<\/p>\n","protected":false},"author":2,"featured_media":285901,"comment_status":"closed","ping_status":"closed","sticky":false,"template":"","format":"standard","meta":{"_mi_skip_tracking":false,"footnotes":""},"categories":[25,1,9,137,16],"tags":[],"class_list":["post-285900","post","type-post","status-publish","format-standard","has-post-thumbnail","hentry","category-destaques-site","category-geral","category-municipios","category-policia","category-todas"],"acf":[],"yoast_head":"<!-- This site is optimized with the Yoast SEO Premium plugin v19.2 (Yoast SEO v26.9) - https:\/\/yoast.com\/product\/yoast-seo-premium-wordpress\/ -->\n<title>Irm\u00e3os de 7 e 11 anos morrem afogados na zona rural de Sim\u00f5es - Portal Not\u00edcia em Pauta<\/title>\n<meta name=\"robots\" content=\"index, follow, max-snippet:-1, max-image-preview:large, max-video-preview:-1\" \/>\n<link rel=\"canonical\" href=\"https:\/\/noticiaempauta.com\/portal\/irmaos-de-7-e-11-anos-morrem-afogados-na-zona-rural-de-simoes\/\" \/>\n<meta property=\"og:locale\" content=\"pt_BR\" \/>\n<meta property=\"og:type\" content=\"article\" \/>\n<meta property=\"og:title\" content=\"Irm\u00e3os de 7 e 11 anos morrem afogados na zona rural de Sim\u00f5es\" \/>\n<meta property=\"og:description\" content=\"Nesta segunda-feira (02), dois irm\u00e3os, de 7 e 11 anos, morreram afogados em um reservat\u00f3rio de \u00e1gua na comunidade Serra dos Tanicos, zona rural de Sim\u00f5es (PI). De acordo com o delegado da Pol\u00edcia Civil de Sim\u00f5es, Juarez Paiva, as crian\u00e7as foram socorridas por populares ainda com vida e levadas para receber atendimento m\u00e9dico em [&hellip;]\" \/>\n<meta property=\"og:url\" content=\"https:\/\/noticiaempauta.com\/portal\/irmaos-de-7-e-11-anos-morrem-afogados-na-zona-rural-de-simoes\/\" \/>\n<meta property=\"og:site_name\" content=\"Portal Not\u00edcia em Pauta\" \/>\n<meta property=\"article:publisher\" content=\"https:\/\/www.facebook.com\/Portal-Notcia-Em-Pauta-102292869264820\/\" \/>\n<meta property=\"article:published_time\" content=\"2026-03-03T11:52:57+00:00\" \/>\n<meta property=\"article:modified_time\" content=\"2026-03-03T11:52:59+00:00\" \/>\n<meta property=\"og:image\" content=\"https:\/\/noticiaempauta.com\/portal\/wp-content\/uploads\/2026\/03\/design_sem_nome_3.webp\" \/>\n\t<meta property=\"og:image:width\" content=\"940\" \/>\n\t<meta property=\"og:image:height\" content=\"788\" \/>\n\t<meta property=\"og:image:type\" content=\"image\/webp\" \/>\n<meta name=\"author\" content=\"Reda\u00e7\u00e3o\" \/>\n<meta name=\"twitter:card\" content=\"summary_large_image\" \/>\n<meta name=\"twitter:label1\" content=\"Escrito por\" \/>\n\t<meta name=\"twitter:data1\" content=\"Reda\u00e7\u00e3o\" \/>\n\t<meta name=\"twitter:label2\" content=\"Est. tempo de leitura\" \/>\n\t<meta name=\"twitter:data2\" content=\"2 minutos\" \/>\n<script type=\"application\/ld+json\" class=\"yoast-schema-graph\">{\"@context\":\"https:\/\/schema.org\",\"@graph\":[{\"@type\":\"Article\",\"@id\":\"https:\/\/noticiaempauta.com\/portal\/irmaos-de-7-e-11-anos-morrem-afogados-na-zona-rural-de-simoes\/#article\",\"isPartOf\":{\"@id\":\"https:\/\/noticiaempauta.com\/portal\/irmaos-de-7-e-11-anos-morrem-afogados-na-zona-rural-de-simoes\/\"},\"author\":{\"name\":\"Reda\u00e7\u00e3o\",\"@id\":\"https:\/\/noticiaempauta.com\/portal\/#\/schema\/person\/a74af43dd1ab3deca45f988c717d57ac\"},\"headline\":\"Irm\u00e3os de 7 e 11 anos morrem afogados na zona rural de Sim\u00f5es\",\"datePublished\":\"2026-03-03T11:52:57+00:00\",\"dateModified\":\"2026-03-03T11:52:59+00:00\",\"mainEntityOfPage\":{\"@id\":\"https:\/\/noticiaempauta.com\/portal\/irmaos-de-7-e-11-anos-morrem-afogados-na-zona-rural-de-simoes\/\"},\"wordCount\":167,\"publisher\":{\"@id\":\"https:\/\/noticiaempauta.com\/portal\/#organization\"},\"image\":{\"@id\":\"https:\/\/noticiaempauta.com\/portal\/irmaos-de-7-e-11-anos-morrem-afogados-na-zona-rural-de-simoes\/#primaryimage\"},\"thumbnailUrl\":\"https:\/\/noticiaempauta.com\/portal\/wp-content\/uploads\/2026\/03\/design_sem_nome_3.webp\",\"articleSection\":[\"Destaques\",\"Geral\",\"Munic\u00edpios\",\"Pol\u00edcia\",\"Todas as Not\u00edcias\"],\"inLanguage\":\"pt-BR\"},{\"@type\":\"WebPage\",\"@id\":\"https:\/\/noticiaempauta.com\/portal\/irmaos-de-7-e-11-anos-morrem-afogados-na-zona-rural-de-simoes\/\",\"url\":\"https:\/\/noticiaempauta.com\/portal\/irmaos-de-7-e-11-anos-morrem-afogados-na-zona-rural-de-simoes\/\",\"name\":\"Irm\u00e3os de 7 e 11 anos morrem afogados na zona rural de Sim\u00f5es - Portal Not\u00edcia em Pauta\",\"isPartOf\":{\"@id\":\"https:\/\/noticiaempauta.com\/portal\/#website\"},\"primaryImageOfPage\":{\"@id\":\"https:\/\/noticiaempauta.com\/portal\/irmaos-de-7-e-11-anos-morrem-afogados-na-zona-rural-de-simoes\/#primaryimage\"},\"image\":{\"@id\":\"https:\/\/noticiaempauta.com\/portal\/irmaos-de-7-e-11-anos-morrem-afogados-na-zona-rural-de-simoes\/#primaryimage\"},\"thumbnailUrl\":\"https:\/\/noticiaempauta.com\/portal\/wp-content\/uploads\/2026\/03\/design_sem_nome_3.webp\",\"datePublished\":\"2026-03-03T11:52:57+00:00\",\"dateModified\":\"2026-03-03T11:52:59+00:00\",\"breadcrumb\":{\"@id\":\"https:\/\/noticiaempauta.com\/portal\/irmaos-de-7-e-11-anos-morrem-afogados-na-zona-rural-de-simoes\/#breadcrumb\"},\"inLanguage\":\"pt-BR\",\"potentialAction\":[{\"@type\":\"ReadAction\",\"target\":[\"https:\/\/noticiaempauta.com\/portal\/irmaos-de-7-e-11-anos-morrem-afogados-na-zona-rural-de-simoes\/\"]}]},{\"@type\":\"ImageObject\",\"inLanguage\":\"pt-BR\",\"@id\":\"https:\/\/noticiaempauta.com\/portal\/irmaos-de-7-e-11-anos-morrem-afogados-na-zona-rural-de-simoes\/#primaryimage\",\"url\":\"https:\/\/noticiaempauta.com\/portal\/wp-content\/uploads\/2026\/03\/design_sem_nome_3.webp\",\"contentUrl\":\"https:\/\/noticiaempauta.com\/portal\/wp-content\/uploads\/2026\/03\/design_sem_nome_3.webp\",\"width\":940,\"height\":788},{\"@type\":\"BreadcrumbList\",\"@id\":\"https:\/\/noticiaempauta.com\/portal\/irmaos-de-7-e-11-anos-morrem-afogados-na-zona-rural-de-simoes\/#breadcrumb\",\"itemListElement\":[{\"@type\":\"ListItem\",\"position\":1,\"name\":\"P\u00e1gina Inicial\",\"item\":\"https:\/\/noticiaempauta.com\/portal\/\"},{\"@type\":\"ListItem\",\"position\":2,\"name\":\"Destaques\",\"item\":\"https:\/\/noticiaempauta.com\/portal\/destaques-site\/\"},{\"@type\":\"ListItem\",\"position\":3,\"name\":\"Irm\u00e3os de 7 e 11 anos morrem afogados na zona rural de Sim\u00f5es\"}]},{\"@type\":\"WebSite\",\"@id\":\"https:\/\/noticiaempauta.com\/portal\/#website\",\"url\":\"https:\/\/noticiaempauta.com\/portal\/\",\"name\":\"Portal Not\u00edcia em Pauta\",\"description\":\"Voc\u00ea bem informado\",\"publisher\":{\"@id\":\"https:\/\/noticiaempauta.com\/portal\/#organization\"},\"potentialAction\":[{\"@type\":\"SearchAction\",\"target\":{\"@type\":\"EntryPoint\",\"urlTemplate\":\"https:\/\/noticiaempauta.com\/portal\/?s={search_term_string}\"},\"query-input\":{\"@type\":\"PropertyValueSpecification\",\"valueRequired\":true,\"valueName\":\"search_term_string\"}}],\"inLanguage\":\"pt-BR\"},{\"@type\":\"Organization\",\"@id\":\"https:\/\/noticiaempauta.com\/portal\/#organization\",\"name\":\"Portal Not\u00edcia em Pauta\",\"url\":\"https:\/\/noticiaempauta.com\/portal\/\",\"logo\":{\"@type\":\"ImageObject\",\"inLanguage\":\"pt-BR\",\"@id\":\"https:\/\/noticiaempauta.com\/portal\/#\/schema\/logo\/image\/\",\"url\":\"https:\/\/noticiaempauta.com\/portal\/wp-content\/uploads\/2022\/08\/logomarca_tema.fw_.png\",\"contentUrl\":\"https:\/\/noticiaempauta.com\/portal\/wp-content\/uploads\/2022\/08\/logomarca_tema.fw_.png\",\"width\":400,\"height\":232,\"caption\":\"Portal Not\u00edcia em Pauta\"},\"image\":{\"@id\":\"https:\/\/noticiaempauta.com\/portal\/#\/schema\/logo\/image\/\"},\"sameAs\":[\"https:\/\/www.facebook.com\/Portal-Notcia-Em-Pauta-102292869264820\/\",\"https:\/\/www.instagram.com\/portalnoticiaempauta\/\"]},{\"@type\":\"Person\",\"@id\":\"https:\/\/noticiaempauta.com\/portal\/#\/schema\/person\/a74af43dd1ab3deca45f988c717d57ac\",\"name\":\"Reda\u00e7\u00e3o\",\"image\":{\"@type\":\"ImageObject\",\"inLanguage\":\"pt-BR\",\"@id\":\"https:\/\/noticiaempauta.com\/portal\/#\/schema\/person\/image\/\",\"url\":\"https:\/\/secure.gravatar.com\/avatar\/03179346ecce6cdfc13361603e8f54242a90e5cde8618fa23c5c00aa2b0aadf3?s=96&d=mm&r=g\",\"contentUrl\":\"https:\/\/secure.gravatar.com\/avatar\/03179346ecce6cdfc13361603e8f54242a90e5cde8618fa23c5c00aa2b0aadf3?s=96&d=mm&r=g\",\"caption\":\"Reda\u00e7\u00e3o\"},\"sameAs\":[\"https:\/\/noticiaempauta.com\/portal\/\"],\"url\":\"https:\/\/noticiaempauta.com\/portal\/author\/fernando\/\"}]}<\/script>\n<!-- \/ Yoast SEO Premium plugin. -->","yoast_head_json":{"title":"Irm\u00e3os de 7 e 11 anos morrem afogados na zona rural de Sim\u00f5es - Portal Not\u00edcia em Pauta","robots":{"index":"index","follow":"follow","max-snippet":"max-snippet:-1","max-image-preview":"max-image-preview:large","max-video-preview":"max-video-preview:-1"},"canonical":"https:\/\/noticiaempauta.com\/portal\/irmaos-de-7-e-11-anos-morrem-afogados-na-zona-rural-de-simoes\/","og_locale":"pt_BR","og_type":"article","og_title":"Irm\u00e3os de 7 e 11 anos morrem afogados na zona rural de Sim\u00f5es","og_description":"Nesta segunda-feira (02), dois irm\u00e3os, de 7 e 11 anos, morreram afogados em um reservat\u00f3rio de \u00e1gua na comunidade Serra dos Tanicos, zona rural de Sim\u00f5es (PI). De acordo com o delegado da Pol\u00edcia Civil de Sim\u00f5es, Juarez Paiva, as crian\u00e7as foram socorridas por populares ainda com vida e levadas para receber atendimento m\u00e9dico em [&hellip;]","og_url":"https:\/\/noticiaempauta.com\/portal\/irmaos-de-7-e-11-anos-morrem-afogados-na-zona-rural-de-simoes\/","og_site_name":"Portal Not\u00edcia em Pauta","article_publisher":"https:\/\/www.facebook.com\/Portal-Notcia-Em-Pauta-102292869264820\/","article_published_time":"2026-03-03T11:52:57+00:00","article_modified_time":"2026-03-03T11:52:59+00:00","og_image":[{"width":940,"height":788,"url":"https:\/\/noticiaempauta.com\/portal\/wp-content\/uploads\/2026\/03\/design_sem_nome_3.webp","type":"image\/webp"}],"author":"Reda\u00e7\u00e3o","twitter_card":"summary_large_image","twitter_misc":{"Escrito por":"Reda\u00e7\u00e3o","Est. tempo de leitura":"2 minutos"},"schema":{"@context":"https:\/\/schema.org","@graph":[{"@type":"Article","@id":"https:\/\/noticiaempauta.com\/portal\/irmaos-de-7-e-11-anos-morrem-afogados-na-zona-rural-de-simoes\/#article","isPartOf":{"@id":"https:\/\/noticiaempauta.com\/portal\/irmaos-de-7-e-11-anos-morrem-afogados-na-zona-rural-de-simoes\/"},"author":{"name":"Reda\u00e7\u00e3o","@id":"https:\/\/noticiaempauta.com\/portal\/#\/schema\/person\/a74af43dd1ab3deca45f988c717d57ac"},"headline":"Irm\u00e3os de 7 e 11 anos morrem afogados na zona rural de Sim\u00f5es","datePublished":"2026-03-03T11:52:57+00:00","dateModified":"2026-03-03T11:52:59+00:00","mainEntityOfPage":{"@id":"https:\/\/noticiaempauta.com\/portal\/irmaos-de-7-e-11-anos-morrem-afogados-na-zona-rural-de-simoes\/"},"wordCount":167,"publisher":{"@id":"https:\/\/noticiaempauta.com\/portal\/#organization"},"image":{"@id":"https:\/\/noticiaempauta.com\/portal\/irmaos-de-7-e-11-anos-morrem-afogados-na-zona-rural-de-simoes\/#primaryimage"},"thumbnailUrl":"https:\/\/noticiaempauta.com\/portal\/wp-content\/uploads\/2026\/03\/design_sem_nome_3.webp","articleSection":["Destaques","Geral","Munic\u00edpios","Pol\u00edcia","Todas as Not\u00edcias"],"inLanguage":"pt-BR"},{"@type":"WebPage","@id":"https:\/\/noticiaempauta.com\/portal\/irmaos-de-7-e-11-anos-morrem-afogados-na-zona-rural-de-simoes\/","url":"https:\/\/noticiaempauta.com\/portal\/irmaos-de-7-e-11-anos-morrem-afogados-na-zona-rural-de-simoes\/","name":"Irm\u00e3os de 7 e 11 anos morrem afogados na zona rural de Sim\u00f5es - Portal Not\u00edcia em Pauta","isPartOf":{"@id":"https:\/\/noticiaempauta.com\/portal\/#website"},"primaryImageOfPage":{"@id":"https:\/\/noticiaempauta.com\/portal\/irmaos-de-7-e-11-anos-morrem-afogados-na-zona-rural-de-simoes\/#primaryimage"},"image":{"@id":"https:\/\/noticiaempauta.com\/portal\/irmaos-de-7-e-11-anos-morrem-afogados-na-zona-rural-de-simoes\/#primaryimage"},"thumbnailUrl":"https:\/\/noticiaempauta.com\/portal\/wp-content\/uploads\/2026\/03\/design_sem_nome_3.webp","datePublished":"2026-03-03T11:52:57+00:00","dateModified":"2026-03-03T11:52:59+00:00","breadcrumb":{"@id":"https:\/\/noticiaempauta.com\/portal\/irmaos-de-7-e-11-anos-morrem-afogados-na-zona-rural-de-simoes\/#breadcrumb"},"inLanguage":"pt-BR","potentialAction":[{"@type":"ReadAction","target":["https:\/\/noticiaempauta.com\/portal\/irmaos-de-7-e-11-anos-morrem-afogados-na-zona-rural-de-simoes\/"]}]},{"@type":"ImageObject","inLanguage":"pt-BR","@id":"https:\/\/noticiaempauta.com\/portal\/irmaos-de-7-e-11-anos-morrem-afogados-na-zona-rural-de-simoes\/#primaryimage","url":"https:\/\/noticiaempauta.com\/portal\/wp-content\/uploads\/2026\/03\/design_sem_nome_3.webp","contentUrl":"https:\/\/noticiaempauta.com\/portal\/wp-content\/uploads\/2026\/03\/design_sem_nome_3.webp","width":940,"height":788},{"@type":"BreadcrumbList","@id":"https:\/\/noticiaempauta.com\/portal\/irmaos-de-7-e-11-anos-morrem-afogados-na-zona-rural-de-simoes\/#breadcrumb","itemListElement":[{"@type":"ListItem","position":1,"name":"P\u00e1gina Inicial","item":"https:\/\/noticiaempauta.com\/portal\/"},{"@type":"ListItem","position":2,"name":"Destaques","item":"https:\/\/noticiaempauta.com\/portal\/destaques-site\/"},{"@type":"ListItem","position":3,"name":"Irm\u00e3os de 7 e 11 anos morrem afogados na zona rural de Sim\u00f5es"}]},{"@type":"WebSite","@id":"https:\/\/noticiaempauta.com\/portal\/#website","url":"https:\/\/noticiaempauta.com\/portal\/","name":"Portal Not\u00edcia em Pauta","description":"Voc\u00ea bem informado","publisher":{"@id":"https:\/\/noticiaempauta.com\/portal\/#organization"},"potentialAction":[{"@type":"SearchAction","target":{"@type":"EntryPoint","urlTemplate":"https:\/\/noticiaempauta.com\/portal\/?s={search_term_string}"},"query-input":{"@type":"PropertyValueSpecification","valueRequired":true,"valueName":"search_term_string"}}],"inLanguage":"pt-BR"},{"@type":"Organization","@id":"https:\/\/noticiaempauta.com\/portal\/#organization","name":"Portal Not\u00edcia em Pauta","url":"https:\/\/noticiaempauta.com\/portal\/","logo":{"@type":"ImageObject","inLanguage":"pt-BR","@id":"https:\/\/noticiaempauta.com\/portal\/#\/schema\/logo\/image\/","url":"https:\/\/noticiaempauta.com\/portal\/wp-content\/uploads\/2022\/08\/logomarca_tema.fw_.png","contentUrl":"https:\/\/noticiaempauta.com\/portal\/wp-content\/uploads\/2022\/08\/logomarca_tema.fw_.png","width":400,"height":232,"caption":"Portal Not\u00edcia em Pauta"},"image":{"@id":"https:\/\/noticiaempauta.com\/portal\/#\/schema\/logo\/image\/"},"sameAs":["https:\/\/www.facebook.com\/Portal-Notcia-Em-Pauta-102292869264820\/","https:\/\/www.instagram.com\/portalnoticiaempauta\/"]},{"@type":"Person","@id":"https:\/\/noticiaempauta.com\/portal\/#\/schema\/person\/a74af43dd1ab3deca45f988c717d57ac","name":"Reda\u00e7\u00e3o","image":{"@type":"ImageObject","inLanguage":"pt-BR","@id":"https:\/\/noticiaempauta.com\/portal\/#\/schema\/person\/image\/","url":"https:\/\/secure.gravatar.com\/avatar\/03179346ecce6cdfc13361603e8f54242a90e5cde8618fa23c5c00aa2b0aadf3?s=96&d=mm&r=g","contentUrl":"https:\/\/secure.gravatar.com\/avatar\/03179346ecce6cdfc13361603e8f54242a90e5cde8618fa23c5c00aa2b0aadf3?s=96&d=mm&r=g","caption":"Reda\u00e7\u00e3o"},"sameAs":["https:\/\/noticiaempauta.com\/portal\/"],"url":"https:\/\/noticiaempauta.com\/portal\/author\/fernando\/"}]}},"_links":{"self":[{"href":"https:\/\/noticiaempauta.com\/portal\/wp-json\/wp\/v2\/posts\/285900","targetHints":{"allow":["GET"]}}],"collection":[{"href":"https:\/\/noticiaempauta.com\/portal\/wp-json\/wp\/v2\/posts"}],"about":[{"href":"https:\/\/noticiaempauta.com\/portal\/wp-json\/wp\/v2\/types\/post"}],"author":[{"embeddable":true,"href":"https:\/\/noticiaempauta.com\/portal\/wp-json\/wp\/v2\/users\/2"}],"replies":[{"embeddable":true,"href":"https:\/\/noticiaempauta.com\/portal\/wp-json\/wp\/v2\/comments?post=285900"}],"version-history":[{"count":2,"href":"https:\/\/noticiaempauta.com\/portal\/wp-json\/wp\/v2\/posts\/285900\/revisions"}],"predecessor-version":[{"id":285903,"href":"https:\/\/noticiaempauta.com\/portal\/wp-json\/wp\/v2\/posts\/285900\/revisions\/285903"}],"wp:featuredmedia":[{"embeddable":true,"href":"https:\/\/noticiaempauta.com\/portal\/wp-json\/wp\/v2\/media\/285901"}],"wp:attachment":[{"href":"https:\/\/noticiaempauta.com\/portal\/wp-json\/wp\/v2\/media?parent=285900"}],"wp:term":[{"taxonomy":"category","embeddable":true,"href":"https:\/\/noticiaempauta.com\/portal\/wp-json\/wp\/v2\/categories?post=285900"},{"taxonomy":"post_tag","embeddable":true,"href":"https:\/\/noticiaempauta.com\/portal\/wp-json\/wp\/v2\/tags?post=285900"}],"curies":[{"name":"wp","href":"https:\/\/api.w.org\/{rel}","templated":true}]}}