{"id":285917,"date":"2026-03-04T08:51:58","date_gmt":"2026-03-04T11:51:58","guid":{"rendered":"https:\/\/noticiaempauta.com\/portal\/?p=285917"},"modified":"2026-03-04T08:52:00","modified_gmt":"2026-03-04T11:52:00","slug":"aprovados-em-teste-seletivo-para-cargo-de-professor-sao-convocados-para-realizacao-contratual","status":"publish","type":"post","link":"https:\/\/noticiaempauta.com\/portal\/aprovados-em-teste-seletivo-para-cargo-de-professor-sao-convocados-para-realizacao-contratual\/","title":{"rendered":"Aprovados em teste seletivo para cargo de professor s\u00e3o convocados para realiza\u00e7\u00e3o contratual"},"content":{"rendered":"\n<p>O prefeito de Picos, Dr. Pablo Santos, publicou, nesta ter\u00e7a-feira (03), decreto convocando os candidatos aprovados no Processo Seletivo Simplificado regido pelo Edital n\u00ba 003\/2026 para apresenta\u00e7\u00e3o de documenta\u00e7\u00e3o e posterior contrata\u00e7\u00e3o tempor\u00e1ria na Secretaria Municipal de Educa\u00e7\u00e3o.<\/p>\n\n\n\n<figure class=\"wp-block-image size-full\"><img fetchpriority=\"high\" decoding=\"async\" width=\"800\" height=\"450\" src=\"https:\/\/noticiaempauta.com\/portal\/wp-content\/uploads\/2026\/03\/IMG_4012-2.webp\" alt=\"\" class=\"wp-image-285918\" srcset=\"https:\/\/noticiaempauta.com\/portal\/wp-content\/uploads\/2026\/03\/IMG_4012-2.webp 800w, https:\/\/noticiaempauta.com\/portal\/wp-content\/uploads\/2026\/03\/IMG_4012-2-300x169.webp 300w, https:\/\/noticiaempauta.com\/portal\/wp-content\/uploads\/2026\/03\/IMG_4012-2-768x432.webp 768w\" sizes=\"(max-width: 800px) 100vw, 800px\" \/><\/figure>\n\n\n\n<p>A convoca\u00e7\u00e3o leva em considera\u00e7\u00e3o a homologa\u00e7\u00e3o do Resultado Final, oficializada por meio do Decreto n\u00ba 38\/2026, de 02 de mar\u00e7o de 2026, e a necessidade administrativa de suprir demandas da rede municipal de ensino.<\/p>\n\n\n\n<p>De acordo com o decreto, os candidatos listados no Anexo \u00danico devem comparecer \u00e0 Diretoria Administrativa e Financeira da Secretaria Municipal de Educa\u00e7\u00e3o, localizada na Rua Santo Ant\u00f4nio, n\u00ba 74, Centro, em Picos-PI, nos dias 04, 05 e 06 de mar\u00e7o de 2026, a partir das 8h da manh\u00e3.<\/p>\n\n\n\n<p>Ser\u00e3o convocados os candidatos para os seguintes cargos:<\/p>\n\n\n\n<ul class=\"wp-block-list\">\n<li>Professor de Educa\u00e7\u00e3o Infantil<\/li>\n\n\n\n<li>Professor Anos Iniciais (1\u00ba ao 5\u00ba ano)<\/li>\n\n\n\n<li>Professor Anos Finais \u2013 Portugu\u00eas (6\u00ba ao 9\u00ba ano)<\/li>\n\n\n\n<li>Professor Anos Finais \u2013 Matem\u00e1tica (6\u00ba ao 9\u00ba ano)<\/li>\n\n\n\n<li>Professor de Educa\u00e7\u00e3o F\u00edsica<\/li>\n\n\n\n<li>Professor de Ci\u00eancias Humanas (Hist\u00f3ria e\/ou Geografia)<\/li>\n\n\n\n<li>Professor de Ingl\u00eas<\/li>\n\n\n\n<li>Professor de Computa\u00e7\u00e3o<\/li>\n\n\n\n<li>Professor de Ci\u00eancias<\/li>\n<\/ul>\n\n\n\n<h4 class=\"wp-block-heading\">Documenta\u00e7\u00e3o exigida<\/h4>\n\n\n\n<p>Os candidatos devem apresentar c\u00f3pia e original dos seguintes documentos:<\/p>\n\n\n\n<ul class=\"wp-block-list\">\n<li>CPF<\/li>\n\n\n\n<li>RG<\/li>\n\n\n\n<li>Comprovante de resid\u00eancia atualizado<\/li>\n\n\n\n<li>Comprova\u00e7\u00e3o de quita\u00e7\u00e3o eleitoral<\/li>\n\n\n\n<li>Certificado de Reservista (para candidatos do sexo masculino)<\/li>\n\n\n\n<li>Diploma e Hist\u00f3rico Escolar da gradua\u00e7\u00e3o, conforme \u00e1rea de inscri\u00e7\u00e3o<\/li>\n\n\n\n<li>Declara\u00e7\u00e3o de n\u00e3o ac\u00famulo ilegal de cargo ou fun\u00e7\u00e3o p\u00fablica (art. 37, XVI e XVII, da Constitui\u00e7\u00e3o Federal)<\/li>\n\n\n\n<li>Certid\u00e3o de antecedentes criminais<\/li>\n\n\n\n<li>Atestado m\u00e9dico comprovando aptid\u00e3o f\u00edsica e mental<\/li>\n\n\n\n<li>N\u00famero do PIS\/PASEP ou NIS<\/li>\n<\/ul>\n\n\n\n<p>O decreto estabelece ainda que o n\u00e3o comparecimento dentro do prazo estipulado ou a n\u00e3o apresenta\u00e7\u00e3o da documenta\u00e7\u00e3o exigida resultar\u00e1 na convoca\u00e7\u00e3o do candidato subsequente, obedecendo rigorosamente a ordem de classifica\u00e7\u00e3o do processo seletivo.<\/p>\n\n\n\n<h3 class=\"wp-block-heading\"><a href=\"https:\/\/www2.picos.pi.gov.br\/wp-content\/uploads\/2026\/03\/DECRETO-39-2026-CONVOCACAO-TESTE-SELETIVO-PROFESSORES-EDITAL-002-2026-SEME-1.pdf\">Decreto de Convoca\u00e7\u00e3o para Teste Seletivo<\/a><\/h3>\n\n\n\n<p><\/p>\n","protected":false},"excerpt":{"rendered":"<p>O prefeito de Picos, Dr. Pablo Santos, publicou, nesta ter\u00e7a-feira (03), decreto convocando os candidatos aprovados no Processo Seletivo Simplificado regido pelo Edital n\u00ba 003\/2026 para apresenta\u00e7\u00e3o de documenta\u00e7\u00e3o e posterior contrata\u00e7\u00e3o tempor\u00e1ria na Secretaria Municipal de Educa\u00e7\u00e3o. A convoca\u00e7\u00e3o leva em considera\u00e7\u00e3o a homologa\u00e7\u00e3o do Resultado Final, oficializada por meio do Decreto n\u00ba 38\/2026, [&hellip;]<\/p>\n","protected":false},"author":2,"featured_media":285918,"comment_status":"closed","ping_status":"closed","sticky":false,"template":"","format":"standard","meta":{"_mi_skip_tracking":false,"footnotes":""},"categories":[25,1,16],"tags":[],"class_list":["post-285917","post","type-post","status-publish","format-standard","has-post-thumbnail","hentry","category-destaques-site","category-geral","category-todas"],"acf":[],"yoast_head":"<!-- This site is optimized with the Yoast SEO Premium plugin v19.2 (Yoast SEO v26.9) - https:\/\/yoast.com\/product\/yoast-seo-premium-wordpress\/ -->\n<title>Aprovados em teste seletivo para cargo de professor s\u00e3o convocados para realiza\u00e7\u00e3o contratual - Portal Not\u00edcia em Pauta<\/title>\n<meta name=\"robots\" content=\"index, follow, max-snippet:-1, max-image-preview:large, max-video-preview:-1\" \/>\n<link rel=\"canonical\" href=\"https:\/\/noticiaempauta.com\/portal\/aprovados-em-teste-seletivo-para-cargo-de-professor-sao-convocados-para-realizacao-contratual\/\" \/>\n<meta property=\"og:locale\" content=\"pt_BR\" \/>\n<meta property=\"og:type\" content=\"article\" \/>\n<meta property=\"og:title\" content=\"Aprovados em teste seletivo para cargo de professor s\u00e3o convocados para realiza\u00e7\u00e3o contratual\" \/>\n<meta property=\"og:description\" content=\"O prefeito de Picos, Dr. Pablo Santos, publicou, nesta ter\u00e7a-feira (03), decreto convocando os candidatos aprovados no Processo Seletivo Simplificado regido pelo Edital n\u00ba 003\/2026 para apresenta\u00e7\u00e3o de documenta\u00e7\u00e3o e posterior contrata\u00e7\u00e3o tempor\u00e1ria na Secretaria Municipal de Educa\u00e7\u00e3o. A convoca\u00e7\u00e3o leva em considera\u00e7\u00e3o a homologa\u00e7\u00e3o do Resultado Final, oficializada por meio do Decreto n\u00ba 38\/2026, [&hellip;]\" \/>\n<meta property=\"og:url\" content=\"https:\/\/noticiaempauta.com\/portal\/aprovados-em-teste-seletivo-para-cargo-de-professor-sao-convocados-para-realizacao-contratual\/\" \/>\n<meta property=\"og:site_name\" content=\"Portal Not\u00edcia em Pauta\" \/>\n<meta property=\"article:publisher\" content=\"https:\/\/www.facebook.com\/Portal-Notcia-Em-Pauta-102292869264820\/\" \/>\n<meta property=\"article:published_time\" content=\"2026-03-04T11:51:58+00:00\" \/>\n<meta property=\"article:modified_time\" content=\"2026-03-04T11:52:00+00:00\" \/>\n<meta property=\"og:image\" content=\"https:\/\/noticiaempauta.com\/portal\/wp-content\/uploads\/2026\/03\/IMG_4012-2.webp\" \/>\n\t<meta property=\"og:image:width\" content=\"800\" \/>\n\t<meta property=\"og:image:height\" content=\"450\" \/>\n\t<meta property=\"og:image:type\" content=\"image\/webp\" \/>\n<meta name=\"author\" content=\"Reda\u00e7\u00e3o\" \/>\n<meta name=\"twitter:card\" content=\"summary_large_image\" \/>\n<meta name=\"twitter:label1\" content=\"Escrito por\" \/>\n\t<meta name=\"twitter:data1\" content=\"Reda\u00e7\u00e3o\" \/>\n\t<meta name=\"twitter:label2\" content=\"Est. tempo de leitura\" \/>\n\t<meta name=\"twitter:data2\" content=\"3 minutos\" \/>\n<script type=\"application\/ld+json\" class=\"yoast-schema-graph\">{\"@context\":\"https:\/\/schema.org\",\"@graph\":[{\"@type\":\"Article\",\"@id\":\"https:\/\/noticiaempauta.com\/portal\/aprovados-em-teste-seletivo-para-cargo-de-professor-sao-convocados-para-realizacao-contratual\/#article\",\"isPartOf\":{\"@id\":\"https:\/\/noticiaempauta.com\/portal\/aprovados-em-teste-seletivo-para-cargo-de-professor-sao-convocados-para-realizacao-contratual\/\"},\"author\":{\"name\":\"Reda\u00e7\u00e3o\",\"@id\":\"https:\/\/noticiaempauta.com\/portal\/#\/schema\/person\/a74af43dd1ab3deca45f988c717d57ac\"},\"headline\":\"Aprovados em teste seletivo para cargo de professor s\u00e3o convocados para realiza\u00e7\u00e3o contratual\",\"datePublished\":\"2026-03-04T11:51:58+00:00\",\"dateModified\":\"2026-03-04T11:52:00+00:00\",\"mainEntityOfPage\":{\"@id\":\"https:\/\/noticiaempauta.com\/portal\/aprovados-em-teste-seletivo-para-cargo-de-professor-sao-convocados-para-realizacao-contratual\/\"},\"wordCount\":340,\"publisher\":{\"@id\":\"https:\/\/noticiaempauta.com\/portal\/#organization\"},\"image\":{\"@id\":\"https:\/\/noticiaempauta.com\/portal\/aprovados-em-teste-seletivo-para-cargo-de-professor-sao-convocados-para-realizacao-contratual\/#primaryimage\"},\"thumbnailUrl\":\"https:\/\/noticiaempauta.com\/portal\/wp-content\/uploads\/2026\/03\/IMG_4012-2.webp\",\"articleSection\":[\"Destaques\",\"Geral\",\"Todas as Not\u00edcias\"],\"inLanguage\":\"pt-BR\"},{\"@type\":\"WebPage\",\"@id\":\"https:\/\/noticiaempauta.com\/portal\/aprovados-em-teste-seletivo-para-cargo-de-professor-sao-convocados-para-realizacao-contratual\/\",\"url\":\"https:\/\/noticiaempauta.com\/portal\/aprovados-em-teste-seletivo-para-cargo-de-professor-sao-convocados-para-realizacao-contratual\/\",\"name\":\"Aprovados em teste seletivo para cargo de professor s\u00e3o convocados para realiza\u00e7\u00e3o contratual - Portal Not\u00edcia em Pauta\",\"isPartOf\":{\"@id\":\"https:\/\/noticiaempauta.com\/portal\/#website\"},\"primaryImageOfPage\":{\"@id\":\"https:\/\/noticiaempauta.com\/portal\/aprovados-em-teste-seletivo-para-cargo-de-professor-sao-convocados-para-realizacao-contratual\/#primaryimage\"},\"image\":{\"@id\":\"https:\/\/noticiaempauta.com\/portal\/aprovados-em-teste-seletivo-para-cargo-de-professor-sao-convocados-para-realizacao-contratual\/#primaryimage\"},\"thumbnailUrl\":\"https:\/\/noticiaempauta.com\/portal\/wp-content\/uploads\/2026\/03\/IMG_4012-2.webp\",\"datePublished\":\"2026-03-04T11:51:58+00:00\",\"dateModified\":\"2026-03-04T11:52:00+00:00\",\"breadcrumb\":{\"@id\":\"https:\/\/noticiaempauta.com\/portal\/aprovados-em-teste-seletivo-para-cargo-de-professor-sao-convocados-para-realizacao-contratual\/#breadcrumb\"},\"inLanguage\":\"pt-BR\",\"potentialAction\":[{\"@type\":\"ReadAction\",\"target\":[\"https:\/\/noticiaempauta.com\/portal\/aprovados-em-teste-seletivo-para-cargo-de-professor-sao-convocados-para-realizacao-contratual\/\"]}]},{\"@type\":\"ImageObject\",\"inLanguage\":\"pt-BR\",\"@id\":\"https:\/\/noticiaempauta.com\/portal\/aprovados-em-teste-seletivo-para-cargo-de-professor-sao-convocados-para-realizacao-contratual\/#primaryimage\",\"url\":\"https:\/\/noticiaempauta.com\/portal\/wp-content\/uploads\/2026\/03\/IMG_4012-2.webp\",\"contentUrl\":\"https:\/\/noticiaempauta.com\/portal\/wp-content\/uploads\/2026\/03\/IMG_4012-2.webp\",\"width\":800,\"height\":450},{\"@type\":\"BreadcrumbList\",\"@id\":\"https:\/\/noticiaempauta.com\/portal\/aprovados-em-teste-seletivo-para-cargo-de-professor-sao-convocados-para-realizacao-contratual\/#breadcrumb\",\"itemListElement\":[{\"@type\":\"ListItem\",\"position\":1,\"name\":\"P\u00e1gina Inicial\",\"item\":\"https:\/\/noticiaempauta.com\/portal\/\"},{\"@type\":\"ListItem\",\"position\":2,\"name\":\"Destaques\",\"item\":\"https:\/\/noticiaempauta.com\/portal\/destaques-site\/\"},{\"@type\":\"ListItem\",\"position\":3,\"name\":\"Aprovados em teste seletivo para cargo de professor s\u00e3o convocados para realiza\u00e7\u00e3o contratual\"}]},{\"@type\":\"WebSite\",\"@id\":\"https:\/\/noticiaempauta.com\/portal\/#website\",\"url\":\"https:\/\/noticiaempauta.com\/portal\/\",\"name\":\"Portal Not\u00edcia em Pauta\",\"description\":\"Voc\u00ea bem informado\",\"publisher\":{\"@id\":\"https:\/\/noticiaempauta.com\/portal\/#organization\"},\"potentialAction\":[{\"@type\":\"SearchAction\",\"target\":{\"@type\":\"EntryPoint\",\"urlTemplate\":\"https:\/\/noticiaempauta.com\/portal\/?s={search_term_string}\"},\"query-input\":{\"@type\":\"PropertyValueSpecification\",\"valueRequired\":true,\"valueName\":\"search_term_string\"}}],\"inLanguage\":\"pt-BR\"},{\"@type\":\"Organization\",\"@id\":\"https:\/\/noticiaempauta.com\/portal\/#organization\",\"name\":\"Portal Not\u00edcia em Pauta\",\"url\":\"https:\/\/noticiaempauta.com\/portal\/\",\"logo\":{\"@type\":\"ImageObject\",\"inLanguage\":\"pt-BR\",\"@id\":\"https:\/\/noticiaempauta.com\/portal\/#\/schema\/logo\/image\/\",\"url\":\"https:\/\/noticiaempauta.com\/portal\/wp-content\/uploads\/2022\/08\/logomarca_tema.fw_.png\",\"contentUrl\":\"https:\/\/noticiaempauta.com\/portal\/wp-content\/uploads\/2022\/08\/logomarca_tema.fw_.png\",\"width\":400,\"height\":232,\"caption\":\"Portal Not\u00edcia em Pauta\"},\"image\":{\"@id\":\"https:\/\/noticiaempauta.com\/portal\/#\/schema\/logo\/image\/\"},\"sameAs\":[\"https:\/\/www.facebook.com\/Portal-Notcia-Em-Pauta-102292869264820\/\",\"https:\/\/www.instagram.com\/portalnoticiaempauta\/\"]},{\"@type\":\"Person\",\"@id\":\"https:\/\/noticiaempauta.com\/portal\/#\/schema\/person\/a74af43dd1ab3deca45f988c717d57ac\",\"name\":\"Reda\u00e7\u00e3o\",\"image\":{\"@type\":\"ImageObject\",\"inLanguage\":\"pt-BR\",\"@id\":\"https:\/\/noticiaempauta.com\/portal\/#\/schema\/person\/image\/\",\"url\":\"https:\/\/secure.gravatar.com\/avatar\/03179346ecce6cdfc13361603e8f54242a90e5cde8618fa23c5c00aa2b0aadf3?s=96&d=mm&r=g\",\"contentUrl\":\"https:\/\/secure.gravatar.com\/avatar\/03179346ecce6cdfc13361603e8f54242a90e5cde8618fa23c5c00aa2b0aadf3?s=96&d=mm&r=g\",\"caption\":\"Reda\u00e7\u00e3o\"},\"sameAs\":[\"https:\/\/noticiaempauta.com\/portal\/\"],\"url\":\"https:\/\/noticiaempauta.com\/portal\/author\/fernando\/\"}]}<\/script>\n<!-- \/ Yoast SEO Premium plugin. -->","yoast_head_json":{"title":"Aprovados em teste seletivo para cargo de professor s\u00e3o convocados para realiza\u00e7\u00e3o contratual - Portal Not\u00edcia em Pauta","robots":{"index":"index","follow":"follow","max-snippet":"max-snippet:-1","max-image-preview":"max-image-preview:large","max-video-preview":"max-video-preview:-1"},"canonical":"https:\/\/noticiaempauta.com\/portal\/aprovados-em-teste-seletivo-para-cargo-de-professor-sao-convocados-para-realizacao-contratual\/","og_locale":"pt_BR","og_type":"article","og_title":"Aprovados em teste seletivo para cargo de professor s\u00e3o convocados para realiza\u00e7\u00e3o contratual","og_description":"O prefeito de Picos, Dr. Pablo Santos, publicou, nesta ter\u00e7a-feira (03), decreto convocando os candidatos aprovados no Processo Seletivo Simplificado regido pelo Edital n\u00ba 003\/2026 para apresenta\u00e7\u00e3o de documenta\u00e7\u00e3o e posterior contrata\u00e7\u00e3o tempor\u00e1ria na Secretaria Municipal de Educa\u00e7\u00e3o. A convoca\u00e7\u00e3o leva em considera\u00e7\u00e3o a homologa\u00e7\u00e3o do Resultado Final, oficializada por meio do Decreto n\u00ba 38\/2026, [&hellip;]","og_url":"https:\/\/noticiaempauta.com\/portal\/aprovados-em-teste-seletivo-para-cargo-de-professor-sao-convocados-para-realizacao-contratual\/","og_site_name":"Portal Not\u00edcia em Pauta","article_publisher":"https:\/\/www.facebook.com\/Portal-Notcia-Em-Pauta-102292869264820\/","article_published_time":"2026-03-04T11:51:58+00:00","article_modified_time":"2026-03-04T11:52:00+00:00","og_image":[{"width":800,"height":450,"url":"https:\/\/noticiaempauta.com\/portal\/wp-content\/uploads\/2026\/03\/IMG_4012-2.webp","type":"image\/webp"}],"author":"Reda\u00e7\u00e3o","twitter_card":"summary_large_image","twitter_misc":{"Escrito por":"Reda\u00e7\u00e3o","Est. tempo de leitura":"3 minutos"},"schema":{"@context":"https:\/\/schema.org","@graph":[{"@type":"Article","@id":"https:\/\/noticiaempauta.com\/portal\/aprovados-em-teste-seletivo-para-cargo-de-professor-sao-convocados-para-realizacao-contratual\/#article","isPartOf":{"@id":"https:\/\/noticiaempauta.com\/portal\/aprovados-em-teste-seletivo-para-cargo-de-professor-sao-convocados-para-realizacao-contratual\/"},"author":{"name":"Reda\u00e7\u00e3o","@id":"https:\/\/noticiaempauta.com\/portal\/#\/schema\/person\/a74af43dd1ab3deca45f988c717d57ac"},"headline":"Aprovados em teste seletivo para cargo de professor s\u00e3o convocados para realiza\u00e7\u00e3o contratual","datePublished":"2026-03-04T11:51:58+00:00","dateModified":"2026-03-04T11:52:00+00:00","mainEntityOfPage":{"@id":"https:\/\/noticiaempauta.com\/portal\/aprovados-em-teste-seletivo-para-cargo-de-professor-sao-convocados-para-realizacao-contratual\/"},"wordCount":340,"publisher":{"@id":"https:\/\/noticiaempauta.com\/portal\/#organization"},"image":{"@id":"https:\/\/noticiaempauta.com\/portal\/aprovados-em-teste-seletivo-para-cargo-de-professor-sao-convocados-para-realizacao-contratual\/#primaryimage"},"thumbnailUrl":"https:\/\/noticiaempauta.com\/portal\/wp-content\/uploads\/2026\/03\/IMG_4012-2.webp","articleSection":["Destaques","Geral","Todas as Not\u00edcias"],"inLanguage":"pt-BR"},{"@type":"WebPage","@id":"https:\/\/noticiaempauta.com\/portal\/aprovados-em-teste-seletivo-para-cargo-de-professor-sao-convocados-para-realizacao-contratual\/","url":"https:\/\/noticiaempauta.com\/portal\/aprovados-em-teste-seletivo-para-cargo-de-professor-sao-convocados-para-realizacao-contratual\/","name":"Aprovados em teste seletivo para cargo de professor s\u00e3o convocados para realiza\u00e7\u00e3o contratual - Portal Not\u00edcia em Pauta","isPartOf":{"@id":"https:\/\/noticiaempauta.com\/portal\/#website"},"primaryImageOfPage":{"@id":"https:\/\/noticiaempauta.com\/portal\/aprovados-em-teste-seletivo-para-cargo-de-professor-sao-convocados-para-realizacao-contratual\/#primaryimage"},"image":{"@id":"https:\/\/noticiaempauta.com\/portal\/aprovados-em-teste-seletivo-para-cargo-de-professor-sao-convocados-para-realizacao-contratual\/#primaryimage"},"thumbnailUrl":"https:\/\/noticiaempauta.com\/portal\/wp-content\/uploads\/2026\/03\/IMG_4012-2.webp","datePublished":"2026-03-04T11:51:58+00:00","dateModified":"2026-03-04T11:52:00+00:00","breadcrumb":{"@id":"https:\/\/noticiaempauta.com\/portal\/aprovados-em-teste-seletivo-para-cargo-de-professor-sao-convocados-para-realizacao-contratual\/#breadcrumb"},"inLanguage":"pt-BR","potentialAction":[{"@type":"ReadAction","target":["https:\/\/noticiaempauta.com\/portal\/aprovados-em-teste-seletivo-para-cargo-de-professor-sao-convocados-para-realizacao-contratual\/"]}]},{"@type":"ImageObject","inLanguage":"pt-BR","@id":"https:\/\/noticiaempauta.com\/portal\/aprovados-em-teste-seletivo-para-cargo-de-professor-sao-convocados-para-realizacao-contratual\/#primaryimage","url":"https:\/\/noticiaempauta.com\/portal\/wp-content\/uploads\/2026\/03\/IMG_4012-2.webp","contentUrl":"https:\/\/noticiaempauta.com\/portal\/wp-content\/uploads\/2026\/03\/IMG_4012-2.webp","width":800,"height":450},{"@type":"BreadcrumbList","@id":"https:\/\/noticiaempauta.com\/portal\/aprovados-em-teste-seletivo-para-cargo-de-professor-sao-convocados-para-realizacao-contratual\/#breadcrumb","itemListElement":[{"@type":"ListItem","position":1,"name":"P\u00e1gina Inicial","item":"https:\/\/noticiaempauta.com\/portal\/"},{"@type":"ListItem","position":2,"name":"Destaques","item":"https:\/\/noticiaempauta.com\/portal\/destaques-site\/"},{"@type":"ListItem","position":3,"name":"Aprovados em teste seletivo para cargo de professor s\u00e3o convocados para realiza\u00e7\u00e3o contratual"}]},{"@type":"WebSite","@id":"https:\/\/noticiaempauta.com\/portal\/#website","url":"https:\/\/noticiaempauta.com\/portal\/","name":"Portal Not\u00edcia em Pauta","description":"Voc\u00ea bem informado","publisher":{"@id":"https:\/\/noticiaempauta.com\/portal\/#organization"},"potentialAction":[{"@type":"SearchAction","target":{"@type":"EntryPoint","urlTemplate":"https:\/\/noticiaempauta.com\/portal\/?s={search_term_string}"},"query-input":{"@type":"PropertyValueSpecification","valueRequired":true,"valueName":"search_term_string"}}],"inLanguage":"pt-BR"},{"@type":"Organization","@id":"https:\/\/noticiaempauta.com\/portal\/#organization","name":"Portal Not\u00edcia em Pauta","url":"https:\/\/noticiaempauta.com\/portal\/","logo":{"@type":"ImageObject","inLanguage":"pt-BR","@id":"https:\/\/noticiaempauta.com\/portal\/#\/schema\/logo\/image\/","url":"https:\/\/noticiaempauta.com\/portal\/wp-content\/uploads\/2022\/08\/logomarca_tema.fw_.png","contentUrl":"https:\/\/noticiaempauta.com\/portal\/wp-content\/uploads\/2022\/08\/logomarca_tema.fw_.png","width":400,"height":232,"caption":"Portal Not\u00edcia em Pauta"},"image":{"@id":"https:\/\/noticiaempauta.com\/portal\/#\/schema\/logo\/image\/"},"sameAs":["https:\/\/www.facebook.com\/Portal-Notcia-Em-Pauta-102292869264820\/","https:\/\/www.instagram.com\/portalnoticiaempauta\/"]},{"@type":"Person","@id":"https:\/\/noticiaempauta.com\/portal\/#\/schema\/person\/a74af43dd1ab3deca45f988c717d57ac","name":"Reda\u00e7\u00e3o","image":{"@type":"ImageObject","inLanguage":"pt-BR","@id":"https:\/\/noticiaempauta.com\/portal\/#\/schema\/person\/image\/","url":"https:\/\/secure.gravatar.com\/avatar\/03179346ecce6cdfc13361603e8f54242a90e5cde8618fa23c5c00aa2b0aadf3?s=96&d=mm&r=g","contentUrl":"https:\/\/secure.gravatar.com\/avatar\/03179346ecce6cdfc13361603e8f54242a90e5cde8618fa23c5c00aa2b0aadf3?s=96&d=mm&r=g","caption":"Reda\u00e7\u00e3o"},"sameAs":["https:\/\/noticiaempauta.com\/portal\/"],"url":"https:\/\/noticiaempauta.com\/portal\/author\/fernando\/"}]}},"_links":{"self":[{"href":"https:\/\/noticiaempauta.com\/portal\/wp-json\/wp\/v2\/posts\/285917","targetHints":{"allow":["GET"]}}],"collection":[{"href":"https:\/\/noticiaempauta.com\/portal\/wp-json\/wp\/v2\/posts"}],"about":[{"href":"https:\/\/noticiaempauta.com\/portal\/wp-json\/wp\/v2\/types\/post"}],"author":[{"embeddable":true,"href":"https:\/\/noticiaempauta.com\/portal\/wp-json\/wp\/v2\/users\/2"}],"replies":[{"embeddable":true,"href":"https:\/\/noticiaempauta.com\/portal\/wp-json\/wp\/v2\/comments?post=285917"}],"version-history":[{"count":2,"href":"https:\/\/noticiaempauta.com\/portal\/wp-json\/wp\/v2\/posts\/285917\/revisions"}],"predecessor-version":[{"id":285920,"href":"https:\/\/noticiaempauta.com\/portal\/wp-json\/wp\/v2\/posts\/285917\/revisions\/285920"}],"wp:featuredmedia":[{"embeddable":true,"href":"https:\/\/noticiaempauta.com\/portal\/wp-json\/wp\/v2\/media\/285918"}],"wp:attachment":[{"href":"https:\/\/noticiaempauta.com\/portal\/wp-json\/wp\/v2\/media?parent=285917"}],"wp:term":[{"taxonomy":"category","embeddable":true,"href":"https:\/\/noticiaempauta.com\/portal\/wp-json\/wp\/v2\/categories?post=285917"},{"taxonomy":"post_tag","embeddable":true,"href":"https:\/\/noticiaempauta.com\/portal\/wp-json\/wp\/v2\/tags?post=285917"}],"curies":[{"name":"wp","href":"https:\/\/api.w.org\/{rel}","templated":true}]}}