{"id":285926,"date":"2026-03-04T09:24:48","date_gmt":"2026-03-04T12:24:48","guid":{"rendered":"https:\/\/noticiaempauta.com\/portal\/?p=285926"},"modified":"2026-03-04T09:24:50","modified_gmt":"2026-03-04T12:24:50","slug":"alepi-convoca-audiencia-publica-para-discutir-repasse-de-couvert-a-musicos-no-piaui","status":"publish","type":"post","link":"https:\/\/noticiaempauta.com\/portal\/alepi-convoca-audiencia-publica-para-discutir-repasse-de-couvert-a-musicos-no-piaui\/","title":{"rendered":"Alepi convoca audi\u00eancia p\u00fablica para discutir repasse de couvert a m\u00fasicos no Piau\u00ed"},"content":{"rendered":"\n<p>A Assembleia Legislativa do Piau\u00ed (Alepi) vai realizar audi\u00eancia p\u00fablica para discutir o repasse do couvert art\u00edstico a m\u00fasicos no estado. O debate ocorre em meio \u00e0 tramita\u00e7\u00e3o de um projeto de lei que estabelece a obriga\u00e7\u00e3o de pagamento de, no m\u00ednimo, 80% do valor arrecadado aos artistas, com dep\u00f3sito em at\u00e9 24 horas ap\u00f3s a apresenta\u00e7\u00e3o.<\/p>\n\n\n\n<figure class=\"wp-block-image size-full\"><img fetchpriority=\"high\" decoding=\"async\" width=\"800\" height=\"450\" src=\"https:\/\/noticiaempauta.com\/portal\/wp-content\/uploads\/2026\/03\/ad3EIbdvCTtpWhx67YLJlRb0nTFllrpfiYfpwa4u.webp\" alt=\"\" class=\"wp-image-285927\" srcset=\"https:\/\/noticiaempauta.com\/portal\/wp-content\/uploads\/2026\/03\/ad3EIbdvCTtpWhx67YLJlRb0nTFllrpfiYfpwa4u.webp 800w, https:\/\/noticiaempauta.com\/portal\/wp-content\/uploads\/2026\/03\/ad3EIbdvCTtpWhx67YLJlRb0nTFllrpfiYfpwa4u-300x169.webp 300w, https:\/\/noticiaempauta.com\/portal\/wp-content\/uploads\/2026\/03\/ad3EIbdvCTtpWhx67YLJlRb0nTFllrpfiYfpwa4u-768x432.webp 768w\" sizes=\"(max-width: 800px) 100vw, 800px\" \/><figcaption class=\"wp-element-caption\"><em>(Foto: Reprodu\u00e7\u00e3o)<\/em><\/figcaption><\/figure>\n\n\n\n<p>A proposta foi\u00a0apresentada pelo deputado Ziza Carvalho (MDB) no fim de fevereiro\u00a0e ganhou refor\u00e7o do deputado Gessivaldo Isa\u00edas (Republicanos), que nesta ter\u00e7a-feira (03) declarou, na tribuna, que ir\u00e1 contribuir para o avan\u00e7o da mat\u00e9ria. Ele informou que j\u00e1 possui requerimento aprovado, desde 2025, para a realiza\u00e7\u00e3o de audi\u00eancia p\u00fablica sobre o tema.<\/p>\n\n\n\n<p>Segundo Gessivaldo, al\u00e9m da discuss\u00e3o sobre o repasse aos m\u00fasicos, h\u00e1 den\u00fancias de que bares e restaurantes tamb\u00e9m n\u00e3o estariam cumprindo o pagamento dos 10% destinados aos gar\u00e7ons.<\/p>\n\n\n\n<p>\u201cN\u00e3o tenho nada contra os empres\u00e1rios, desde que eles n\u00e3o tirem proveito daqueles que est\u00e3o ali fazendo seu trabalho. Se ele contratou e passou o percentual, aquilo que passou tem que ser dado para quem est\u00e1 fazendo a atra\u00e7\u00e3o, quem est\u00e1 cantando\u201d, defendeu o parlamentar.<\/p>\n\n\n\n<p>O parlamentar afirmou que j\u00e1 existe regulamenta\u00e7\u00e3o sobre o tema, citando a Lei n\u00ba 6.317, aprovada em 2013, e criticou o descumprimento da legisla\u00e7\u00e3o estadual.<\/p>\n\n\n\n<p>O projeto em tramita\u00e7\u00e3o prev\u00ea multa de at\u00e9 R$ 25 mil em caso de descumprimento. A proposta tamb\u00e9m determina que estabelecimentos que cobram couvert mantenham, por pelo menos dois anos, planilha com o n\u00famero de clientes e o valor arrecadado com a taxa, como forma de garantir maior transpar\u00eancia nos repasses. A mat\u00e9ria segue em an\u00e1lise nas comiss\u00f5es da Alepi e, se aprovada em plen\u00e1rio, depender\u00e1 de san\u00e7\u00e3o do governador Rafael Fonteles (PT) para entrar em vigor.<\/p>\n\n\n\n<p><strong>Fonte: Portal O Dia<\/strong><\/p>\n\n\n\n<p><\/p>\n","protected":false},"excerpt":{"rendered":"<p>A Assembleia Legislativa do Piau\u00ed (Alepi) vai realizar audi\u00eancia p\u00fablica para discutir o repasse do couvert art\u00edstico a m\u00fasicos no estado. O debate ocorre em meio \u00e0 tramita\u00e7\u00e3o de um projeto de lei que estabelece a obriga\u00e7\u00e3o de pagamento de, no m\u00ednimo, 80% do valor arrecadado aos artistas, com dep\u00f3sito em at\u00e9 24 horas ap\u00f3s [&hellip;]<\/p>\n","protected":false},"author":2,"featured_media":285927,"comment_status":"closed","ping_status":"closed","sticky":false,"template":"","format":"standard","meta":{"_mi_skip_tracking":false,"footnotes":""},"categories":[25,1,16],"tags":[192],"class_list":["post-285926","post","type-post","status-publish","format-standard","has-post-thumbnail","hentry","category-destaques-site","category-geral","category-todas","tag-destaqueprincipal"],"acf":[],"yoast_head":"<!-- This site is optimized with the Yoast SEO Premium plugin v19.2 (Yoast SEO v26.9) - https:\/\/yoast.com\/product\/yoast-seo-premium-wordpress\/ -->\n<title>Alepi convoca audi\u00eancia p\u00fablica para discutir repasse de couvert a m\u00fasicos no Piau\u00ed - Portal Not\u00edcia em Pauta<\/title>\n<meta name=\"robots\" content=\"index, follow, max-snippet:-1, max-image-preview:large, max-video-preview:-1\" \/>\n<link rel=\"canonical\" href=\"https:\/\/noticiaempauta.com\/portal\/alepi-convoca-audiencia-publica-para-discutir-repasse-de-couvert-a-musicos-no-piaui\/\" \/>\n<meta property=\"og:locale\" content=\"pt_BR\" \/>\n<meta property=\"og:type\" content=\"article\" \/>\n<meta property=\"og:title\" content=\"Alepi convoca audi\u00eancia p\u00fablica para discutir repasse de couvert a m\u00fasicos no Piau\u00ed\" \/>\n<meta property=\"og:description\" content=\"A Assembleia Legislativa do Piau\u00ed (Alepi) vai realizar audi\u00eancia p\u00fablica para discutir o repasse do couvert art\u00edstico a m\u00fasicos no estado. O debate ocorre em meio \u00e0 tramita\u00e7\u00e3o de um projeto de lei que estabelece a obriga\u00e7\u00e3o de pagamento de, no m\u00ednimo, 80% do valor arrecadado aos artistas, com dep\u00f3sito em at\u00e9 24 horas ap\u00f3s [&hellip;]\" \/>\n<meta property=\"og:url\" content=\"https:\/\/noticiaempauta.com\/portal\/alepi-convoca-audiencia-publica-para-discutir-repasse-de-couvert-a-musicos-no-piaui\/\" \/>\n<meta property=\"og:site_name\" content=\"Portal Not\u00edcia em Pauta\" \/>\n<meta property=\"article:publisher\" content=\"https:\/\/www.facebook.com\/Portal-Notcia-Em-Pauta-102292869264820\/\" \/>\n<meta property=\"article:published_time\" content=\"2026-03-04T12:24:48+00:00\" \/>\n<meta property=\"article:modified_time\" content=\"2026-03-04T12:24:50+00:00\" \/>\n<meta property=\"og:image\" content=\"https:\/\/noticiaempauta.com\/portal\/wp-content\/uploads\/2026\/03\/ad3EIbdvCTtpWhx67YLJlRb0nTFllrpfiYfpwa4u.webp\" \/>\n\t<meta property=\"og:image:width\" content=\"800\" \/>\n\t<meta property=\"og:image:height\" content=\"450\" \/>\n\t<meta property=\"og:image:type\" content=\"image\/webp\" \/>\n<meta name=\"author\" content=\"Reda\u00e7\u00e3o\" \/>\n<meta name=\"twitter:card\" content=\"summary_large_image\" \/>\n<meta name=\"twitter:label1\" content=\"Escrito por\" \/>\n\t<meta name=\"twitter:data1\" content=\"Reda\u00e7\u00e3o\" \/>\n\t<meta name=\"twitter:label2\" content=\"Est. tempo de leitura\" \/>\n\t<meta name=\"twitter:data2\" content=\"3 minutos\" \/>\n<script type=\"application\/ld+json\" class=\"yoast-schema-graph\">{\"@context\":\"https:\/\/schema.org\",\"@graph\":[{\"@type\":\"Article\",\"@id\":\"https:\/\/noticiaempauta.com\/portal\/alepi-convoca-audiencia-publica-para-discutir-repasse-de-couvert-a-musicos-no-piaui\/#article\",\"isPartOf\":{\"@id\":\"https:\/\/noticiaempauta.com\/portal\/alepi-convoca-audiencia-publica-para-discutir-repasse-de-couvert-a-musicos-no-piaui\/\"},\"author\":{\"name\":\"Reda\u00e7\u00e3o\",\"@id\":\"https:\/\/noticiaempauta.com\/portal\/#\/schema\/person\/a74af43dd1ab3deca45f988c717d57ac\"},\"headline\":\"Alepi convoca audi\u00eancia p\u00fablica para discutir repasse de couvert a m\u00fasicos no Piau\u00ed\",\"datePublished\":\"2026-03-04T12:24:48+00:00\",\"dateModified\":\"2026-03-04T12:24:50+00:00\",\"mainEntityOfPage\":{\"@id\":\"https:\/\/noticiaempauta.com\/portal\/alepi-convoca-audiencia-publica-para-discutir-repasse-de-couvert-a-musicos-no-piaui\/\"},\"wordCount\":341,\"publisher\":{\"@id\":\"https:\/\/noticiaempauta.com\/portal\/#organization\"},\"image\":{\"@id\":\"https:\/\/noticiaempauta.com\/portal\/alepi-convoca-audiencia-publica-para-discutir-repasse-de-couvert-a-musicos-no-piaui\/#primaryimage\"},\"thumbnailUrl\":\"https:\/\/noticiaempauta.com\/portal\/wp-content\/uploads\/2026\/03\/ad3EIbdvCTtpWhx67YLJlRb0nTFllrpfiYfpwa4u.webp\",\"keywords\":[\"destaqueprincipal\"],\"articleSection\":[\"Destaques\",\"Geral\",\"Todas as Not\u00edcias\"],\"inLanguage\":\"pt-BR\"},{\"@type\":\"WebPage\",\"@id\":\"https:\/\/noticiaempauta.com\/portal\/alepi-convoca-audiencia-publica-para-discutir-repasse-de-couvert-a-musicos-no-piaui\/\",\"url\":\"https:\/\/noticiaempauta.com\/portal\/alepi-convoca-audiencia-publica-para-discutir-repasse-de-couvert-a-musicos-no-piaui\/\",\"name\":\"Alepi convoca audi\u00eancia p\u00fablica para discutir repasse de couvert a m\u00fasicos no Piau\u00ed - Portal Not\u00edcia em Pauta\",\"isPartOf\":{\"@id\":\"https:\/\/noticiaempauta.com\/portal\/#website\"},\"primaryImageOfPage\":{\"@id\":\"https:\/\/noticiaempauta.com\/portal\/alepi-convoca-audiencia-publica-para-discutir-repasse-de-couvert-a-musicos-no-piaui\/#primaryimage\"},\"image\":{\"@id\":\"https:\/\/noticiaempauta.com\/portal\/alepi-convoca-audiencia-publica-para-discutir-repasse-de-couvert-a-musicos-no-piaui\/#primaryimage\"},\"thumbnailUrl\":\"https:\/\/noticiaempauta.com\/portal\/wp-content\/uploads\/2026\/03\/ad3EIbdvCTtpWhx67YLJlRb0nTFllrpfiYfpwa4u.webp\",\"datePublished\":\"2026-03-04T12:24:48+00:00\",\"dateModified\":\"2026-03-04T12:24:50+00:00\",\"breadcrumb\":{\"@id\":\"https:\/\/noticiaempauta.com\/portal\/alepi-convoca-audiencia-publica-para-discutir-repasse-de-couvert-a-musicos-no-piaui\/#breadcrumb\"},\"inLanguage\":\"pt-BR\",\"potentialAction\":[{\"@type\":\"ReadAction\",\"target\":[\"https:\/\/noticiaempauta.com\/portal\/alepi-convoca-audiencia-publica-para-discutir-repasse-de-couvert-a-musicos-no-piaui\/\"]}]},{\"@type\":\"ImageObject\",\"inLanguage\":\"pt-BR\",\"@id\":\"https:\/\/noticiaempauta.com\/portal\/alepi-convoca-audiencia-publica-para-discutir-repasse-de-couvert-a-musicos-no-piaui\/#primaryimage\",\"url\":\"https:\/\/noticiaempauta.com\/portal\/wp-content\/uploads\/2026\/03\/ad3EIbdvCTtpWhx67YLJlRb0nTFllrpfiYfpwa4u.webp\",\"contentUrl\":\"https:\/\/noticiaempauta.com\/portal\/wp-content\/uploads\/2026\/03\/ad3EIbdvCTtpWhx67YLJlRb0nTFllrpfiYfpwa4u.webp\",\"width\":800,\"height\":450},{\"@type\":\"BreadcrumbList\",\"@id\":\"https:\/\/noticiaempauta.com\/portal\/alepi-convoca-audiencia-publica-para-discutir-repasse-de-couvert-a-musicos-no-piaui\/#breadcrumb\",\"itemListElement\":[{\"@type\":\"ListItem\",\"position\":1,\"name\":\"P\u00e1gina Inicial\",\"item\":\"https:\/\/noticiaempauta.com\/portal\/\"},{\"@type\":\"ListItem\",\"position\":2,\"name\":\"Destaques\",\"item\":\"https:\/\/noticiaempauta.com\/portal\/destaques-site\/\"},{\"@type\":\"ListItem\",\"position\":3,\"name\":\"Alepi convoca audi\u00eancia p\u00fablica para discutir repasse de couvert a m\u00fasicos no Piau\u00ed\"}]},{\"@type\":\"WebSite\",\"@id\":\"https:\/\/noticiaempauta.com\/portal\/#website\",\"url\":\"https:\/\/noticiaempauta.com\/portal\/\",\"name\":\"Portal Not\u00edcia em Pauta\",\"description\":\"Voc\u00ea bem informado\",\"publisher\":{\"@id\":\"https:\/\/noticiaempauta.com\/portal\/#organization\"},\"potentialAction\":[{\"@type\":\"SearchAction\",\"target\":{\"@type\":\"EntryPoint\",\"urlTemplate\":\"https:\/\/noticiaempauta.com\/portal\/?s={search_term_string}\"},\"query-input\":{\"@type\":\"PropertyValueSpecification\",\"valueRequired\":true,\"valueName\":\"search_term_string\"}}],\"inLanguage\":\"pt-BR\"},{\"@type\":\"Organization\",\"@id\":\"https:\/\/noticiaempauta.com\/portal\/#organization\",\"name\":\"Portal Not\u00edcia em Pauta\",\"url\":\"https:\/\/noticiaempauta.com\/portal\/\",\"logo\":{\"@type\":\"ImageObject\",\"inLanguage\":\"pt-BR\",\"@id\":\"https:\/\/noticiaempauta.com\/portal\/#\/schema\/logo\/image\/\",\"url\":\"https:\/\/noticiaempauta.com\/portal\/wp-content\/uploads\/2022\/08\/logomarca_tema.fw_.png\",\"contentUrl\":\"https:\/\/noticiaempauta.com\/portal\/wp-content\/uploads\/2022\/08\/logomarca_tema.fw_.png\",\"width\":400,\"height\":232,\"caption\":\"Portal Not\u00edcia em Pauta\"},\"image\":{\"@id\":\"https:\/\/noticiaempauta.com\/portal\/#\/schema\/logo\/image\/\"},\"sameAs\":[\"https:\/\/www.facebook.com\/Portal-Notcia-Em-Pauta-102292869264820\/\",\"https:\/\/www.instagram.com\/portalnoticiaempauta\/\"]},{\"@type\":\"Person\",\"@id\":\"https:\/\/noticiaempauta.com\/portal\/#\/schema\/person\/a74af43dd1ab3deca45f988c717d57ac\",\"name\":\"Reda\u00e7\u00e3o\",\"image\":{\"@type\":\"ImageObject\",\"inLanguage\":\"pt-BR\",\"@id\":\"https:\/\/noticiaempauta.com\/portal\/#\/schema\/person\/image\/\",\"url\":\"https:\/\/secure.gravatar.com\/avatar\/03179346ecce6cdfc13361603e8f54242a90e5cde8618fa23c5c00aa2b0aadf3?s=96&d=mm&r=g\",\"contentUrl\":\"https:\/\/secure.gravatar.com\/avatar\/03179346ecce6cdfc13361603e8f54242a90e5cde8618fa23c5c00aa2b0aadf3?s=96&d=mm&r=g\",\"caption\":\"Reda\u00e7\u00e3o\"},\"sameAs\":[\"https:\/\/noticiaempauta.com\/portal\/\"],\"url\":\"https:\/\/noticiaempauta.com\/portal\/author\/fernando\/\"}]}<\/script>\n<!-- \/ Yoast SEO Premium plugin. -->","yoast_head_json":{"title":"Alepi convoca audi\u00eancia p\u00fablica para discutir repasse de couvert a m\u00fasicos no Piau\u00ed - Portal Not\u00edcia em Pauta","robots":{"index":"index","follow":"follow","max-snippet":"max-snippet:-1","max-image-preview":"max-image-preview:large","max-video-preview":"max-video-preview:-1"},"canonical":"https:\/\/noticiaempauta.com\/portal\/alepi-convoca-audiencia-publica-para-discutir-repasse-de-couvert-a-musicos-no-piaui\/","og_locale":"pt_BR","og_type":"article","og_title":"Alepi convoca audi\u00eancia p\u00fablica para discutir repasse de couvert a m\u00fasicos no Piau\u00ed","og_description":"A Assembleia Legislativa do Piau\u00ed (Alepi) vai realizar audi\u00eancia p\u00fablica para discutir o repasse do couvert art\u00edstico a m\u00fasicos no estado. O debate ocorre em meio \u00e0 tramita\u00e7\u00e3o de um projeto de lei que estabelece a obriga\u00e7\u00e3o de pagamento de, no m\u00ednimo, 80% do valor arrecadado aos artistas, com dep\u00f3sito em at\u00e9 24 horas ap\u00f3s [&hellip;]","og_url":"https:\/\/noticiaempauta.com\/portal\/alepi-convoca-audiencia-publica-para-discutir-repasse-de-couvert-a-musicos-no-piaui\/","og_site_name":"Portal Not\u00edcia em Pauta","article_publisher":"https:\/\/www.facebook.com\/Portal-Notcia-Em-Pauta-102292869264820\/","article_published_time":"2026-03-04T12:24:48+00:00","article_modified_time":"2026-03-04T12:24:50+00:00","og_image":[{"width":800,"height":450,"url":"https:\/\/noticiaempauta.com\/portal\/wp-content\/uploads\/2026\/03\/ad3EIbdvCTtpWhx67YLJlRb0nTFllrpfiYfpwa4u.webp","type":"image\/webp"}],"author":"Reda\u00e7\u00e3o","twitter_card":"summary_large_image","twitter_misc":{"Escrito por":"Reda\u00e7\u00e3o","Est. tempo de leitura":"3 minutos"},"schema":{"@context":"https:\/\/schema.org","@graph":[{"@type":"Article","@id":"https:\/\/noticiaempauta.com\/portal\/alepi-convoca-audiencia-publica-para-discutir-repasse-de-couvert-a-musicos-no-piaui\/#article","isPartOf":{"@id":"https:\/\/noticiaempauta.com\/portal\/alepi-convoca-audiencia-publica-para-discutir-repasse-de-couvert-a-musicos-no-piaui\/"},"author":{"name":"Reda\u00e7\u00e3o","@id":"https:\/\/noticiaempauta.com\/portal\/#\/schema\/person\/a74af43dd1ab3deca45f988c717d57ac"},"headline":"Alepi convoca audi\u00eancia p\u00fablica para discutir repasse de couvert a m\u00fasicos no Piau\u00ed","datePublished":"2026-03-04T12:24:48+00:00","dateModified":"2026-03-04T12:24:50+00:00","mainEntityOfPage":{"@id":"https:\/\/noticiaempauta.com\/portal\/alepi-convoca-audiencia-publica-para-discutir-repasse-de-couvert-a-musicos-no-piaui\/"},"wordCount":341,"publisher":{"@id":"https:\/\/noticiaempauta.com\/portal\/#organization"},"image":{"@id":"https:\/\/noticiaempauta.com\/portal\/alepi-convoca-audiencia-publica-para-discutir-repasse-de-couvert-a-musicos-no-piaui\/#primaryimage"},"thumbnailUrl":"https:\/\/noticiaempauta.com\/portal\/wp-content\/uploads\/2026\/03\/ad3EIbdvCTtpWhx67YLJlRb0nTFllrpfiYfpwa4u.webp","keywords":["destaqueprincipal"],"articleSection":["Destaques","Geral","Todas as Not\u00edcias"],"inLanguage":"pt-BR"},{"@type":"WebPage","@id":"https:\/\/noticiaempauta.com\/portal\/alepi-convoca-audiencia-publica-para-discutir-repasse-de-couvert-a-musicos-no-piaui\/","url":"https:\/\/noticiaempauta.com\/portal\/alepi-convoca-audiencia-publica-para-discutir-repasse-de-couvert-a-musicos-no-piaui\/","name":"Alepi convoca audi\u00eancia p\u00fablica para discutir repasse de couvert a m\u00fasicos no Piau\u00ed - Portal Not\u00edcia em Pauta","isPartOf":{"@id":"https:\/\/noticiaempauta.com\/portal\/#website"},"primaryImageOfPage":{"@id":"https:\/\/noticiaempauta.com\/portal\/alepi-convoca-audiencia-publica-para-discutir-repasse-de-couvert-a-musicos-no-piaui\/#primaryimage"},"image":{"@id":"https:\/\/noticiaempauta.com\/portal\/alepi-convoca-audiencia-publica-para-discutir-repasse-de-couvert-a-musicos-no-piaui\/#primaryimage"},"thumbnailUrl":"https:\/\/noticiaempauta.com\/portal\/wp-content\/uploads\/2026\/03\/ad3EIbdvCTtpWhx67YLJlRb0nTFllrpfiYfpwa4u.webp","datePublished":"2026-03-04T12:24:48+00:00","dateModified":"2026-03-04T12:24:50+00:00","breadcrumb":{"@id":"https:\/\/noticiaempauta.com\/portal\/alepi-convoca-audiencia-publica-para-discutir-repasse-de-couvert-a-musicos-no-piaui\/#breadcrumb"},"inLanguage":"pt-BR","potentialAction":[{"@type":"ReadAction","target":["https:\/\/noticiaempauta.com\/portal\/alepi-convoca-audiencia-publica-para-discutir-repasse-de-couvert-a-musicos-no-piaui\/"]}]},{"@type":"ImageObject","inLanguage":"pt-BR","@id":"https:\/\/noticiaempauta.com\/portal\/alepi-convoca-audiencia-publica-para-discutir-repasse-de-couvert-a-musicos-no-piaui\/#primaryimage","url":"https:\/\/noticiaempauta.com\/portal\/wp-content\/uploads\/2026\/03\/ad3EIbdvCTtpWhx67YLJlRb0nTFllrpfiYfpwa4u.webp","contentUrl":"https:\/\/noticiaempauta.com\/portal\/wp-content\/uploads\/2026\/03\/ad3EIbdvCTtpWhx67YLJlRb0nTFllrpfiYfpwa4u.webp","width":800,"height":450},{"@type":"BreadcrumbList","@id":"https:\/\/noticiaempauta.com\/portal\/alepi-convoca-audiencia-publica-para-discutir-repasse-de-couvert-a-musicos-no-piaui\/#breadcrumb","itemListElement":[{"@type":"ListItem","position":1,"name":"P\u00e1gina Inicial","item":"https:\/\/noticiaempauta.com\/portal\/"},{"@type":"ListItem","position":2,"name":"Destaques","item":"https:\/\/noticiaempauta.com\/portal\/destaques-site\/"},{"@type":"ListItem","position":3,"name":"Alepi convoca audi\u00eancia p\u00fablica para discutir repasse de couvert a m\u00fasicos no Piau\u00ed"}]},{"@type":"WebSite","@id":"https:\/\/noticiaempauta.com\/portal\/#website","url":"https:\/\/noticiaempauta.com\/portal\/","name":"Portal Not\u00edcia em Pauta","description":"Voc\u00ea bem informado","publisher":{"@id":"https:\/\/noticiaempauta.com\/portal\/#organization"},"potentialAction":[{"@type":"SearchAction","target":{"@type":"EntryPoint","urlTemplate":"https:\/\/noticiaempauta.com\/portal\/?s={search_term_string}"},"query-input":{"@type":"PropertyValueSpecification","valueRequired":true,"valueName":"search_term_string"}}],"inLanguage":"pt-BR"},{"@type":"Organization","@id":"https:\/\/noticiaempauta.com\/portal\/#organization","name":"Portal Not\u00edcia em Pauta","url":"https:\/\/noticiaempauta.com\/portal\/","logo":{"@type":"ImageObject","inLanguage":"pt-BR","@id":"https:\/\/noticiaempauta.com\/portal\/#\/schema\/logo\/image\/","url":"https:\/\/noticiaempauta.com\/portal\/wp-content\/uploads\/2022\/08\/logomarca_tema.fw_.png","contentUrl":"https:\/\/noticiaempauta.com\/portal\/wp-content\/uploads\/2022\/08\/logomarca_tema.fw_.png","width":400,"height":232,"caption":"Portal Not\u00edcia em Pauta"},"image":{"@id":"https:\/\/noticiaempauta.com\/portal\/#\/schema\/logo\/image\/"},"sameAs":["https:\/\/www.facebook.com\/Portal-Notcia-Em-Pauta-102292869264820\/","https:\/\/www.instagram.com\/portalnoticiaempauta\/"]},{"@type":"Person","@id":"https:\/\/noticiaempauta.com\/portal\/#\/schema\/person\/a74af43dd1ab3deca45f988c717d57ac","name":"Reda\u00e7\u00e3o","image":{"@type":"ImageObject","inLanguage":"pt-BR","@id":"https:\/\/noticiaempauta.com\/portal\/#\/schema\/person\/image\/","url":"https:\/\/secure.gravatar.com\/avatar\/03179346ecce6cdfc13361603e8f54242a90e5cde8618fa23c5c00aa2b0aadf3?s=96&d=mm&r=g","contentUrl":"https:\/\/secure.gravatar.com\/avatar\/03179346ecce6cdfc13361603e8f54242a90e5cde8618fa23c5c00aa2b0aadf3?s=96&d=mm&r=g","caption":"Reda\u00e7\u00e3o"},"sameAs":["https:\/\/noticiaempauta.com\/portal\/"],"url":"https:\/\/noticiaempauta.com\/portal\/author\/fernando\/"}]}},"_links":{"self":[{"href":"https:\/\/noticiaempauta.com\/portal\/wp-json\/wp\/v2\/posts\/285926","targetHints":{"allow":["GET"]}}],"collection":[{"href":"https:\/\/noticiaempauta.com\/portal\/wp-json\/wp\/v2\/posts"}],"about":[{"href":"https:\/\/noticiaempauta.com\/portal\/wp-json\/wp\/v2\/types\/post"}],"author":[{"embeddable":true,"href":"https:\/\/noticiaempauta.com\/portal\/wp-json\/wp\/v2\/users\/2"}],"replies":[{"embeddable":true,"href":"https:\/\/noticiaempauta.com\/portal\/wp-json\/wp\/v2\/comments?post=285926"}],"version-history":[{"count":2,"href":"https:\/\/noticiaempauta.com\/portal\/wp-json\/wp\/v2\/posts\/285926\/revisions"}],"predecessor-version":[{"id":285929,"href":"https:\/\/noticiaempauta.com\/portal\/wp-json\/wp\/v2\/posts\/285926\/revisions\/285929"}],"wp:featuredmedia":[{"embeddable":true,"href":"https:\/\/noticiaempauta.com\/portal\/wp-json\/wp\/v2\/media\/285927"}],"wp:attachment":[{"href":"https:\/\/noticiaempauta.com\/portal\/wp-json\/wp\/v2\/media?parent=285926"}],"wp:term":[{"taxonomy":"category","embeddable":true,"href":"https:\/\/noticiaempauta.com\/portal\/wp-json\/wp\/v2\/categories?post=285926"},{"taxonomy":"post_tag","embeddable":true,"href":"https:\/\/noticiaempauta.com\/portal\/wp-json\/wp\/v2\/tags?post=285926"}],"curies":[{"name":"wp","href":"https:\/\/api.w.org\/{rel}","templated":true}]}}