{"id":285931,"date":"2026-03-04T10:09:06","date_gmt":"2026-03-04T13:09:06","guid":{"rendered":"https:\/\/noticiaempauta.com\/portal\/?p=285931"},"modified":"2026-03-04T10:09:08","modified_gmt":"2026-03-04T13:09:08","slug":"primeira-dama-de-massape-do-piaui-representa-o-municipio-em-curso-executivo-voltado-a-primeira-infancia","status":"publish","type":"post","link":"https:\/\/noticiaempauta.com\/portal\/primeira-dama-de-massape-do-piaui-representa-o-municipio-em-curso-executivo-voltado-a-primeira-infancia\/","title":{"rendered":"Primeira-dama de Massap\u00ea do Piau\u00ed representa o munic\u00edpio em Curso Executivo voltado \u00e0 Primeira Inf\u00e2ncia"},"content":{"rendered":"\n<p>A primeira-dama e secret\u00e1ria municipal de finan\u00e7as de Massap\u00ea do Piau\u00ed, Karla Marreiros, esteve representando o munic\u00edpio no Curso Executivo em Pol\u00edticas de Primeira Inf\u00e2ncia do Estado, que teve abertura oficial nesta ter\u00e7a-feira (03), no audit\u00f3rio do Gran Hotel Arrey, na zona Leste de Teresina. A forma\u00e7\u00e3o \u00e9 voltada para gestores e l\u00edderes p\u00fablicos e tem como foco o fortalecimento de pol\u00edticas integradas para a inf\u00e2ncia no Piau\u00ed. A capacita\u00e7\u00e3o segue at\u00e9 o dia 12 de mar\u00e7o.\u00a0<\/p>\n\n\n\n<figure class=\"wp-block-image size-full\"><img fetchpriority=\"high\" decoding=\"async\" width=\"859\" height=\"919\" src=\"https:\/\/noticiaempauta.com\/portal\/wp-content\/uploads\/2026\/03\/WhatsApp-Image-2026-03-04-at-10.06.07.webp\" alt=\"\" class=\"wp-image-285933\" srcset=\"https:\/\/noticiaempauta.com\/portal\/wp-content\/uploads\/2026\/03\/WhatsApp-Image-2026-03-04-at-10.06.07.webp 859w, https:\/\/noticiaempauta.com\/portal\/wp-content\/uploads\/2026\/03\/WhatsApp-Image-2026-03-04-at-10.06.07-280x300.webp 280w, https:\/\/noticiaempauta.com\/portal\/wp-content\/uploads\/2026\/03\/WhatsApp-Image-2026-03-04-at-10.06.07-768x822.webp 768w\" sizes=\"(max-width: 859px) 100vw, 859px\" \/><\/figure>\n\n\n\n<p>A iniciativa tem como objetivo capacitar lideran\u00e7as estaduais e municipais para o desenvolvimento, implementa\u00e7\u00e3o e monitoramento de pol\u00edticas p\u00fablicas voltadas \u00e0 primeira inf\u00e2ncia, com base em evid\u00eancias e foco em resultados. O p\u00fablico re\u00fane representantes de 22 munic\u00edpios piauienses e integrantes do governo estadual, incluindo prefeitos(as), primeiras-damas, secret\u00e1rios(as) e t\u00e9cnicos(as) que atuam diretamente na formula\u00e7\u00e3o e execu\u00e7\u00e3o de pol\u00edticas p\u00fablicas.<\/p>\n\n\n\n<figure class=\"wp-block-image size-large\"><img decoding=\"async\" width=\"1024\" height=\"683\" src=\"https:\/\/noticiaempauta.com\/portal\/wp-content\/uploads\/2026\/03\/transferir-1-1024x683.webp\" alt=\"\" class=\"wp-image-285932\" srcset=\"https:\/\/noticiaempauta.com\/portal\/wp-content\/uploads\/2026\/03\/transferir-1-1024x683.webp 1024w, https:\/\/noticiaempauta.com\/portal\/wp-content\/uploads\/2026\/03\/transferir-1-300x200.webp 300w, https:\/\/noticiaempauta.com\/portal\/wp-content\/uploads\/2026\/03\/transferir-1-768x512.webp 768w, https:\/\/noticiaempauta.com\/portal\/wp-content\/uploads\/2026\/03\/transferir-1.webp 1280w\" sizes=\"(max-width: 1024px) 100vw, 1024px\" \/><figcaption class=\"wp-element-caption\"><em>(Foto: Alysson Dinis)<\/em><\/figcaption><\/figure>\n\n\n\n<p>O curso \u00e9 executado pela Funda\u00e7\u00e3o Getulio Vargas (FGV Projetos), em parceria com o Governo do Estado, por meio da Secretaria de Estado da Educa\u00e7\u00e3o do Piau\u00ed (Seduc) e da Coordena\u00e7\u00e3o do Pacto pelas Crian\u00e7as do Piau\u00ed. A forma\u00e7\u00e3o integra um conjunto de a\u00e7\u00f5es estrat\u00e9gicas que buscam fortalecer a governan\u00e7a intersetorial e consolidar a primeira inf\u00e2ncia como prioridade de Estado no Piau\u00ed.<\/p>\n\n\n\n<p>A participa\u00e7\u00e3o da primeira-dama Karla Marreiros refor\u00e7a o compromisso da gest\u00e3o municipal em ampliar a\u00e7\u00f5es que promovam mais cuidado, oportunidades e dignidade para as fam\u00edlias de Massap\u00ea do Piau\u00ed.<\/p>\n","protected":false},"excerpt":{"rendered":"<p>A primeira-dama e secret\u00e1ria municipal de finan\u00e7as de Massap\u00ea do Piau\u00ed, Karla Marreiros, esteve representando o munic\u00edpio no Curso Executivo em Pol\u00edticas de Primeira Inf\u00e2ncia do Estado, que teve abertura oficial nesta ter\u00e7a-feira (03), no audit\u00f3rio do Gran Hotel Arrey, na zona Leste de Teresina. A forma\u00e7\u00e3o \u00e9 voltada para gestores e l\u00edderes p\u00fablicos e [&hellip;]<\/p>\n","protected":false},"author":2,"featured_media":285934,"comment_status":"closed","ping_status":"closed","sticky":false,"template":"","format":"standard","meta":{"_mi_skip_tracking":false,"footnotes":""},"categories":[25,1,9,16],"tags":[192],"class_list":["post-285931","post","type-post","status-publish","format-standard","has-post-thumbnail","hentry","category-destaques-site","category-geral","category-municipios","category-todas","tag-destaqueprincipal"],"acf":[],"yoast_head":"<!-- This site is optimized with the Yoast SEO Premium plugin v19.2 (Yoast SEO v26.9) - https:\/\/yoast.com\/product\/yoast-seo-premium-wordpress\/ -->\n<title>Primeira-dama de Massap\u00ea do Piau\u00ed representa o munic\u00edpio em Curso Executivo voltado \u00e0 Primeira Inf\u00e2ncia - Portal Not\u00edcia em Pauta<\/title>\n<meta name=\"robots\" content=\"index, follow, max-snippet:-1, max-image-preview:large, max-video-preview:-1\" \/>\n<link rel=\"canonical\" href=\"https:\/\/noticiaempauta.com\/portal\/primeira-dama-de-massape-do-piaui-representa-o-municipio-em-curso-executivo-voltado-a-primeira-infancia\/\" \/>\n<meta property=\"og:locale\" content=\"pt_BR\" \/>\n<meta property=\"og:type\" content=\"article\" \/>\n<meta property=\"og:title\" content=\"Primeira-dama de Massap\u00ea do Piau\u00ed representa o munic\u00edpio em Curso Executivo voltado \u00e0 Primeira Inf\u00e2ncia\" \/>\n<meta property=\"og:description\" content=\"A primeira-dama e secret\u00e1ria municipal de finan\u00e7as de Massap\u00ea do Piau\u00ed, Karla Marreiros, esteve representando o munic\u00edpio no Curso Executivo em Pol\u00edticas de Primeira Inf\u00e2ncia do Estado, que teve abertura oficial nesta ter\u00e7a-feira (03), no audit\u00f3rio do Gran Hotel Arrey, na zona Leste de Teresina. A forma\u00e7\u00e3o \u00e9 voltada para gestores e l\u00edderes p\u00fablicos e [&hellip;]\" \/>\n<meta property=\"og:url\" content=\"https:\/\/noticiaempauta.com\/portal\/primeira-dama-de-massape-do-piaui-representa-o-municipio-em-curso-executivo-voltado-a-primeira-infancia\/\" \/>\n<meta property=\"og:site_name\" content=\"Portal Not\u00edcia em Pauta\" \/>\n<meta property=\"article:publisher\" content=\"https:\/\/www.facebook.com\/Portal-Notcia-Em-Pauta-102292869264820\/\" \/>\n<meta property=\"article:published_time\" content=\"2026-03-04T13:09:06+00:00\" \/>\n<meta property=\"article:modified_time\" content=\"2026-03-04T13:09:08+00:00\" \/>\n<meta property=\"og:image\" content=\"https:\/\/noticiaempauta.com\/portal\/wp-content\/uploads\/2026\/03\/WhatsApp-Image-2026-03-04-at-10.06.07-1.webp\" \/>\n\t<meta property=\"og:image:width\" content=\"859\" \/>\n\t<meta property=\"og:image:height\" content=\"677\" \/>\n\t<meta property=\"og:image:type\" content=\"image\/webp\" \/>\n<meta name=\"author\" content=\"Reda\u00e7\u00e3o\" \/>\n<meta name=\"twitter:card\" content=\"summary_large_image\" \/>\n<meta name=\"twitter:label1\" content=\"Escrito por\" \/>\n\t<meta name=\"twitter:data1\" content=\"Reda\u00e7\u00e3o\" \/>\n\t<meta name=\"twitter:label2\" content=\"Est. tempo de leitura\" \/>\n\t<meta name=\"twitter:data2\" content=\"2 minutos\" \/>\n<script type=\"application\/ld+json\" class=\"yoast-schema-graph\">{\"@context\":\"https:\/\/schema.org\",\"@graph\":[{\"@type\":\"Article\",\"@id\":\"https:\/\/noticiaempauta.com\/portal\/primeira-dama-de-massape-do-piaui-representa-o-municipio-em-curso-executivo-voltado-a-primeira-infancia\/#article\",\"isPartOf\":{\"@id\":\"https:\/\/noticiaempauta.com\/portal\/primeira-dama-de-massape-do-piaui-representa-o-municipio-em-curso-executivo-voltado-a-primeira-infancia\/\"},\"author\":{\"name\":\"Reda\u00e7\u00e3o\",\"@id\":\"https:\/\/noticiaempauta.com\/portal\/#\/schema\/person\/a74af43dd1ab3deca45f988c717d57ac\"},\"headline\":\"Primeira-dama de Massap\u00ea do Piau\u00ed representa o munic\u00edpio em Curso Executivo voltado \u00e0 Primeira Inf\u00e2ncia\",\"datePublished\":\"2026-03-04T13:09:06+00:00\",\"dateModified\":\"2026-03-04T13:09:08+00:00\",\"mainEntityOfPage\":{\"@id\":\"https:\/\/noticiaempauta.com\/portal\/primeira-dama-de-massape-do-piaui-representa-o-municipio-em-curso-executivo-voltado-a-primeira-infancia\/\"},\"wordCount\":287,\"publisher\":{\"@id\":\"https:\/\/noticiaempauta.com\/portal\/#organization\"},\"image\":{\"@id\":\"https:\/\/noticiaempauta.com\/portal\/primeira-dama-de-massape-do-piaui-representa-o-municipio-em-curso-executivo-voltado-a-primeira-infancia\/#primaryimage\"},\"thumbnailUrl\":\"https:\/\/noticiaempauta.com\/portal\/wp-content\/uploads\/2026\/03\/WhatsApp-Image-2026-03-04-at-10.06.07-1.webp\",\"keywords\":[\"destaqueprincipal\"],\"articleSection\":[\"Destaques\",\"Geral\",\"Munic\u00edpios\",\"Todas as Not\u00edcias\"],\"inLanguage\":\"pt-BR\"},{\"@type\":\"WebPage\",\"@id\":\"https:\/\/noticiaempauta.com\/portal\/primeira-dama-de-massape-do-piaui-representa-o-municipio-em-curso-executivo-voltado-a-primeira-infancia\/\",\"url\":\"https:\/\/noticiaempauta.com\/portal\/primeira-dama-de-massape-do-piaui-representa-o-municipio-em-curso-executivo-voltado-a-primeira-infancia\/\",\"name\":\"Primeira-dama de Massap\u00ea do Piau\u00ed representa o munic\u00edpio em Curso Executivo voltado \u00e0 Primeira Inf\u00e2ncia - Portal Not\u00edcia em Pauta\",\"isPartOf\":{\"@id\":\"https:\/\/noticiaempauta.com\/portal\/#website\"},\"primaryImageOfPage\":{\"@id\":\"https:\/\/noticiaempauta.com\/portal\/primeira-dama-de-massape-do-piaui-representa-o-municipio-em-curso-executivo-voltado-a-primeira-infancia\/#primaryimage\"},\"image\":{\"@id\":\"https:\/\/noticiaempauta.com\/portal\/primeira-dama-de-massape-do-piaui-representa-o-municipio-em-curso-executivo-voltado-a-primeira-infancia\/#primaryimage\"},\"thumbnailUrl\":\"https:\/\/noticiaempauta.com\/portal\/wp-content\/uploads\/2026\/03\/WhatsApp-Image-2026-03-04-at-10.06.07-1.webp\",\"datePublished\":\"2026-03-04T13:09:06+00:00\",\"dateModified\":\"2026-03-04T13:09:08+00:00\",\"breadcrumb\":{\"@id\":\"https:\/\/noticiaempauta.com\/portal\/primeira-dama-de-massape-do-piaui-representa-o-municipio-em-curso-executivo-voltado-a-primeira-infancia\/#breadcrumb\"},\"inLanguage\":\"pt-BR\",\"potentialAction\":[{\"@type\":\"ReadAction\",\"target\":[\"https:\/\/noticiaempauta.com\/portal\/primeira-dama-de-massape-do-piaui-representa-o-municipio-em-curso-executivo-voltado-a-primeira-infancia\/\"]}]},{\"@type\":\"ImageObject\",\"inLanguage\":\"pt-BR\",\"@id\":\"https:\/\/noticiaempauta.com\/portal\/primeira-dama-de-massape-do-piaui-representa-o-municipio-em-curso-executivo-voltado-a-primeira-infancia\/#primaryimage\",\"url\":\"https:\/\/noticiaempauta.com\/portal\/wp-content\/uploads\/2026\/03\/WhatsApp-Image-2026-03-04-at-10.06.07-1.webp\",\"contentUrl\":\"https:\/\/noticiaempauta.com\/portal\/wp-content\/uploads\/2026\/03\/WhatsApp-Image-2026-03-04-at-10.06.07-1.webp\",\"width\":859,\"height\":677},{\"@type\":\"BreadcrumbList\",\"@id\":\"https:\/\/noticiaempauta.com\/portal\/primeira-dama-de-massape-do-piaui-representa-o-municipio-em-curso-executivo-voltado-a-primeira-infancia\/#breadcrumb\",\"itemListElement\":[{\"@type\":\"ListItem\",\"position\":1,\"name\":\"P\u00e1gina Inicial\",\"item\":\"https:\/\/noticiaempauta.com\/portal\/\"},{\"@type\":\"ListItem\",\"position\":2,\"name\":\"Destaques\",\"item\":\"https:\/\/noticiaempauta.com\/portal\/destaques-site\/\"},{\"@type\":\"ListItem\",\"position\":3,\"name\":\"Primeira-dama de Massap\u00ea do Piau\u00ed representa o munic\u00edpio em Curso Executivo voltado \u00e0 Primeira Inf\u00e2ncia\"}]},{\"@type\":\"WebSite\",\"@id\":\"https:\/\/noticiaempauta.com\/portal\/#website\",\"url\":\"https:\/\/noticiaempauta.com\/portal\/\",\"name\":\"Portal Not\u00edcia em Pauta\",\"description\":\"Voc\u00ea bem informado\",\"publisher\":{\"@id\":\"https:\/\/noticiaempauta.com\/portal\/#organization\"},\"potentialAction\":[{\"@type\":\"SearchAction\",\"target\":{\"@type\":\"EntryPoint\",\"urlTemplate\":\"https:\/\/noticiaempauta.com\/portal\/?s={search_term_string}\"},\"query-input\":{\"@type\":\"PropertyValueSpecification\",\"valueRequired\":true,\"valueName\":\"search_term_string\"}}],\"inLanguage\":\"pt-BR\"},{\"@type\":\"Organization\",\"@id\":\"https:\/\/noticiaempauta.com\/portal\/#organization\",\"name\":\"Portal Not\u00edcia em Pauta\",\"url\":\"https:\/\/noticiaempauta.com\/portal\/\",\"logo\":{\"@type\":\"ImageObject\",\"inLanguage\":\"pt-BR\",\"@id\":\"https:\/\/noticiaempauta.com\/portal\/#\/schema\/logo\/image\/\",\"url\":\"https:\/\/noticiaempauta.com\/portal\/wp-content\/uploads\/2022\/08\/logomarca_tema.fw_.png\",\"contentUrl\":\"https:\/\/noticiaempauta.com\/portal\/wp-content\/uploads\/2022\/08\/logomarca_tema.fw_.png\",\"width\":400,\"height\":232,\"caption\":\"Portal Not\u00edcia em Pauta\"},\"image\":{\"@id\":\"https:\/\/noticiaempauta.com\/portal\/#\/schema\/logo\/image\/\"},\"sameAs\":[\"https:\/\/www.facebook.com\/Portal-Notcia-Em-Pauta-102292869264820\/\",\"https:\/\/www.instagram.com\/portalnoticiaempauta\/\"]},{\"@type\":\"Person\",\"@id\":\"https:\/\/noticiaempauta.com\/portal\/#\/schema\/person\/a74af43dd1ab3deca45f988c717d57ac\",\"name\":\"Reda\u00e7\u00e3o\",\"image\":{\"@type\":\"ImageObject\",\"inLanguage\":\"pt-BR\",\"@id\":\"https:\/\/noticiaempauta.com\/portal\/#\/schema\/person\/image\/\",\"url\":\"https:\/\/secure.gravatar.com\/avatar\/03179346ecce6cdfc13361603e8f54242a90e5cde8618fa23c5c00aa2b0aadf3?s=96&d=mm&r=g\",\"contentUrl\":\"https:\/\/secure.gravatar.com\/avatar\/03179346ecce6cdfc13361603e8f54242a90e5cde8618fa23c5c00aa2b0aadf3?s=96&d=mm&r=g\",\"caption\":\"Reda\u00e7\u00e3o\"},\"sameAs\":[\"https:\/\/noticiaempauta.com\/portal\/\"],\"url\":\"https:\/\/noticiaempauta.com\/portal\/author\/fernando\/\"}]}<\/script>\n<!-- \/ Yoast SEO Premium plugin. -->","yoast_head_json":{"title":"Primeira-dama de Massap\u00ea do Piau\u00ed representa o munic\u00edpio em Curso Executivo voltado \u00e0 Primeira Inf\u00e2ncia - Portal Not\u00edcia em Pauta","robots":{"index":"index","follow":"follow","max-snippet":"max-snippet:-1","max-image-preview":"max-image-preview:large","max-video-preview":"max-video-preview:-1"},"canonical":"https:\/\/noticiaempauta.com\/portal\/primeira-dama-de-massape-do-piaui-representa-o-municipio-em-curso-executivo-voltado-a-primeira-infancia\/","og_locale":"pt_BR","og_type":"article","og_title":"Primeira-dama de Massap\u00ea do Piau\u00ed representa o munic\u00edpio em Curso Executivo voltado \u00e0 Primeira Inf\u00e2ncia","og_description":"A primeira-dama e secret\u00e1ria municipal de finan\u00e7as de Massap\u00ea do Piau\u00ed, Karla Marreiros, esteve representando o munic\u00edpio no Curso Executivo em Pol\u00edticas de Primeira Inf\u00e2ncia do Estado, que teve abertura oficial nesta ter\u00e7a-feira (03), no audit\u00f3rio do Gran Hotel Arrey, na zona Leste de Teresina. A forma\u00e7\u00e3o \u00e9 voltada para gestores e l\u00edderes p\u00fablicos e [&hellip;]","og_url":"https:\/\/noticiaempauta.com\/portal\/primeira-dama-de-massape-do-piaui-representa-o-municipio-em-curso-executivo-voltado-a-primeira-infancia\/","og_site_name":"Portal Not\u00edcia em Pauta","article_publisher":"https:\/\/www.facebook.com\/Portal-Notcia-Em-Pauta-102292869264820\/","article_published_time":"2026-03-04T13:09:06+00:00","article_modified_time":"2026-03-04T13:09:08+00:00","og_image":[{"width":859,"height":677,"url":"https:\/\/noticiaempauta.com\/portal\/wp-content\/uploads\/2026\/03\/WhatsApp-Image-2026-03-04-at-10.06.07-1.webp","type":"image\/webp"}],"author":"Reda\u00e7\u00e3o","twitter_card":"summary_large_image","twitter_misc":{"Escrito por":"Reda\u00e7\u00e3o","Est. tempo de leitura":"2 minutos"},"schema":{"@context":"https:\/\/schema.org","@graph":[{"@type":"Article","@id":"https:\/\/noticiaempauta.com\/portal\/primeira-dama-de-massape-do-piaui-representa-o-municipio-em-curso-executivo-voltado-a-primeira-infancia\/#article","isPartOf":{"@id":"https:\/\/noticiaempauta.com\/portal\/primeira-dama-de-massape-do-piaui-representa-o-municipio-em-curso-executivo-voltado-a-primeira-infancia\/"},"author":{"name":"Reda\u00e7\u00e3o","@id":"https:\/\/noticiaempauta.com\/portal\/#\/schema\/person\/a74af43dd1ab3deca45f988c717d57ac"},"headline":"Primeira-dama de Massap\u00ea do Piau\u00ed representa o munic\u00edpio em Curso Executivo voltado \u00e0 Primeira Inf\u00e2ncia","datePublished":"2026-03-04T13:09:06+00:00","dateModified":"2026-03-04T13:09:08+00:00","mainEntityOfPage":{"@id":"https:\/\/noticiaempauta.com\/portal\/primeira-dama-de-massape-do-piaui-representa-o-municipio-em-curso-executivo-voltado-a-primeira-infancia\/"},"wordCount":287,"publisher":{"@id":"https:\/\/noticiaempauta.com\/portal\/#organization"},"image":{"@id":"https:\/\/noticiaempauta.com\/portal\/primeira-dama-de-massape-do-piaui-representa-o-municipio-em-curso-executivo-voltado-a-primeira-infancia\/#primaryimage"},"thumbnailUrl":"https:\/\/noticiaempauta.com\/portal\/wp-content\/uploads\/2026\/03\/WhatsApp-Image-2026-03-04-at-10.06.07-1.webp","keywords":["destaqueprincipal"],"articleSection":["Destaques","Geral","Munic\u00edpios","Todas as Not\u00edcias"],"inLanguage":"pt-BR"},{"@type":"WebPage","@id":"https:\/\/noticiaempauta.com\/portal\/primeira-dama-de-massape-do-piaui-representa-o-municipio-em-curso-executivo-voltado-a-primeira-infancia\/","url":"https:\/\/noticiaempauta.com\/portal\/primeira-dama-de-massape-do-piaui-representa-o-municipio-em-curso-executivo-voltado-a-primeira-infancia\/","name":"Primeira-dama de Massap\u00ea do Piau\u00ed representa o munic\u00edpio em Curso Executivo voltado \u00e0 Primeira Inf\u00e2ncia - Portal Not\u00edcia em Pauta","isPartOf":{"@id":"https:\/\/noticiaempauta.com\/portal\/#website"},"primaryImageOfPage":{"@id":"https:\/\/noticiaempauta.com\/portal\/primeira-dama-de-massape-do-piaui-representa-o-municipio-em-curso-executivo-voltado-a-primeira-infancia\/#primaryimage"},"image":{"@id":"https:\/\/noticiaempauta.com\/portal\/primeira-dama-de-massape-do-piaui-representa-o-municipio-em-curso-executivo-voltado-a-primeira-infancia\/#primaryimage"},"thumbnailUrl":"https:\/\/noticiaempauta.com\/portal\/wp-content\/uploads\/2026\/03\/WhatsApp-Image-2026-03-04-at-10.06.07-1.webp","datePublished":"2026-03-04T13:09:06+00:00","dateModified":"2026-03-04T13:09:08+00:00","breadcrumb":{"@id":"https:\/\/noticiaempauta.com\/portal\/primeira-dama-de-massape-do-piaui-representa-o-municipio-em-curso-executivo-voltado-a-primeira-infancia\/#breadcrumb"},"inLanguage":"pt-BR","potentialAction":[{"@type":"ReadAction","target":["https:\/\/noticiaempauta.com\/portal\/primeira-dama-de-massape-do-piaui-representa-o-municipio-em-curso-executivo-voltado-a-primeira-infancia\/"]}]},{"@type":"ImageObject","inLanguage":"pt-BR","@id":"https:\/\/noticiaempauta.com\/portal\/primeira-dama-de-massape-do-piaui-representa-o-municipio-em-curso-executivo-voltado-a-primeira-infancia\/#primaryimage","url":"https:\/\/noticiaempauta.com\/portal\/wp-content\/uploads\/2026\/03\/WhatsApp-Image-2026-03-04-at-10.06.07-1.webp","contentUrl":"https:\/\/noticiaempauta.com\/portal\/wp-content\/uploads\/2026\/03\/WhatsApp-Image-2026-03-04-at-10.06.07-1.webp","width":859,"height":677},{"@type":"BreadcrumbList","@id":"https:\/\/noticiaempauta.com\/portal\/primeira-dama-de-massape-do-piaui-representa-o-municipio-em-curso-executivo-voltado-a-primeira-infancia\/#breadcrumb","itemListElement":[{"@type":"ListItem","position":1,"name":"P\u00e1gina Inicial","item":"https:\/\/noticiaempauta.com\/portal\/"},{"@type":"ListItem","position":2,"name":"Destaques","item":"https:\/\/noticiaempauta.com\/portal\/destaques-site\/"},{"@type":"ListItem","position":3,"name":"Primeira-dama de Massap\u00ea do Piau\u00ed representa o munic\u00edpio em Curso Executivo voltado \u00e0 Primeira Inf\u00e2ncia"}]},{"@type":"WebSite","@id":"https:\/\/noticiaempauta.com\/portal\/#website","url":"https:\/\/noticiaempauta.com\/portal\/","name":"Portal Not\u00edcia em Pauta","description":"Voc\u00ea bem informado","publisher":{"@id":"https:\/\/noticiaempauta.com\/portal\/#organization"},"potentialAction":[{"@type":"SearchAction","target":{"@type":"EntryPoint","urlTemplate":"https:\/\/noticiaempauta.com\/portal\/?s={search_term_string}"},"query-input":{"@type":"PropertyValueSpecification","valueRequired":true,"valueName":"search_term_string"}}],"inLanguage":"pt-BR"},{"@type":"Organization","@id":"https:\/\/noticiaempauta.com\/portal\/#organization","name":"Portal Not\u00edcia em Pauta","url":"https:\/\/noticiaempauta.com\/portal\/","logo":{"@type":"ImageObject","inLanguage":"pt-BR","@id":"https:\/\/noticiaempauta.com\/portal\/#\/schema\/logo\/image\/","url":"https:\/\/noticiaempauta.com\/portal\/wp-content\/uploads\/2022\/08\/logomarca_tema.fw_.png","contentUrl":"https:\/\/noticiaempauta.com\/portal\/wp-content\/uploads\/2022\/08\/logomarca_tema.fw_.png","width":400,"height":232,"caption":"Portal Not\u00edcia em Pauta"},"image":{"@id":"https:\/\/noticiaempauta.com\/portal\/#\/schema\/logo\/image\/"},"sameAs":["https:\/\/www.facebook.com\/Portal-Notcia-Em-Pauta-102292869264820\/","https:\/\/www.instagram.com\/portalnoticiaempauta\/"]},{"@type":"Person","@id":"https:\/\/noticiaempauta.com\/portal\/#\/schema\/person\/a74af43dd1ab3deca45f988c717d57ac","name":"Reda\u00e7\u00e3o","image":{"@type":"ImageObject","inLanguage":"pt-BR","@id":"https:\/\/noticiaempauta.com\/portal\/#\/schema\/person\/image\/","url":"https:\/\/secure.gravatar.com\/avatar\/03179346ecce6cdfc13361603e8f54242a90e5cde8618fa23c5c00aa2b0aadf3?s=96&d=mm&r=g","contentUrl":"https:\/\/secure.gravatar.com\/avatar\/03179346ecce6cdfc13361603e8f54242a90e5cde8618fa23c5c00aa2b0aadf3?s=96&d=mm&r=g","caption":"Reda\u00e7\u00e3o"},"sameAs":["https:\/\/noticiaempauta.com\/portal\/"],"url":"https:\/\/noticiaempauta.com\/portal\/author\/fernando\/"}]}},"_links":{"self":[{"href":"https:\/\/noticiaempauta.com\/portal\/wp-json\/wp\/v2\/posts\/285931","targetHints":{"allow":["GET"]}}],"collection":[{"href":"https:\/\/noticiaempauta.com\/portal\/wp-json\/wp\/v2\/posts"}],"about":[{"href":"https:\/\/noticiaempauta.com\/portal\/wp-json\/wp\/v2\/types\/post"}],"author":[{"embeddable":true,"href":"https:\/\/noticiaempauta.com\/portal\/wp-json\/wp\/v2\/users\/2"}],"replies":[{"embeddable":true,"href":"https:\/\/noticiaempauta.com\/portal\/wp-json\/wp\/v2\/comments?post=285931"}],"version-history":[{"count":2,"href":"https:\/\/noticiaempauta.com\/portal\/wp-json\/wp\/v2\/posts\/285931\/revisions"}],"predecessor-version":[{"id":285936,"href":"https:\/\/noticiaempauta.com\/portal\/wp-json\/wp\/v2\/posts\/285931\/revisions\/285936"}],"wp:featuredmedia":[{"embeddable":true,"href":"https:\/\/noticiaempauta.com\/portal\/wp-json\/wp\/v2\/media\/285934"}],"wp:attachment":[{"href":"https:\/\/noticiaempauta.com\/portal\/wp-json\/wp\/v2\/media?parent=285931"}],"wp:term":[{"taxonomy":"category","embeddable":true,"href":"https:\/\/noticiaempauta.com\/portal\/wp-json\/wp\/v2\/categories?post=285931"},{"taxonomy":"post_tag","embeddable":true,"href":"https:\/\/noticiaempauta.com\/portal\/wp-json\/wp\/v2\/tags?post=285931"}],"curies":[{"name":"wp","href":"https:\/\/api.w.org\/{rel}","templated":true}]}}