{"id":285937,"date":"2026-03-04T15:19:53","date_gmt":"2026-03-04T18:19:53","guid":{"rendered":"https:\/\/noticiaempauta.com\/portal\/?p=285937"},"modified":"2026-03-04T15:19:55","modified_gmt":"2026-03-04T18:19:55","slug":"feminicidio-de-advogada-em-paulistana-completa-um-ano-irmao-segue-foragido","status":"publish","type":"post","link":"https:\/\/noticiaempauta.com\/portal\/feminicidio-de-advogada-em-paulistana-completa-um-ano-irmao-segue-foragido\/","title":{"rendered":"Feminic\u00eddio de advogada em Paulistana completa um ano; irm\u00e3o segue foragido"},"content":{"rendered":"\n<p>O feminic\u00eddio da advogada Valdenice Gomes Celestino Soares, de 53 anos, completou um ano nesta ter\u00e7a-feira (3). O irm\u00e3o da v\u00edtima, Adelaido Celestino, \u00e9 apontado como principal suspeito do assassinato e segue foragido da Justi\u00e7a.\u00a0O crime teria sido motivado por desentendimentos relacionados \u00e0 partilha de terras da fam\u00edlia.<\/p>\n\n\n\n<p>Valdenice foi atingida por oito disparos de arma de fogo, principalmente na regi\u00e3o do pesco\u00e7o, quando retornava de uma visita \u00e0 sua propriedade na zona rural de Paulistana, acompanhada da irm\u00e3 e do neto.\u00a0Na ocasi\u00e3o, ela havia ido consertar uma cerca que, segundo relatos de testemunhas, era frequentemente danificada por Adelaido.\u00a0<\/p>\n\n\n\n<figure class=\"wp-block-image size-full\"><img fetchpriority=\"high\" decoding=\"async\" width=\"940\" height=\"788\" src=\"https:\/\/noticiaempauta.com\/portal\/wp-content\/uploads\/2026\/03\/Design_sem_nome_87.webp\" alt=\"\" class=\"wp-image-285939\" srcset=\"https:\/\/noticiaempauta.com\/portal\/wp-content\/uploads\/2026\/03\/Design_sem_nome_87.webp 940w, https:\/\/noticiaempauta.com\/portal\/wp-content\/uploads\/2026\/03\/Design_sem_nome_87-300x251.webp 300w, https:\/\/noticiaempauta.com\/portal\/wp-content\/uploads\/2026\/03\/Design_sem_nome_87-768x644.webp 768w\" sizes=\"(max-width: 940px) 100vw, 940px\" \/><figcaption class=\"wp-element-caption\"><em>(Foto: Redes Sociais)<\/em><\/figcaption><\/figure>\n\n\n\n<p>Em junho de 2025,\u00a0outro irm\u00e3o da advogada, Narciso Gomes Celestino, e o sobrinho Gabriel da Silva Celestino, filho de Adelaido, foram presos por participa\u00e7\u00e3o no crime.<\/p>\n\n\n\n<p>Narciso \u00e9 apontado como mandante e instigador do assassinato, Adelaido, como executor do crime e Gabriel, como respons\u00e1vel por auxiliar na fuga do pai.\u00a0A Pol\u00edcia Civil investiga, inclusive, se a arma utilizada no homic\u00eddio foi enviada por Narciso de Goi\u00e2nia.<\/p>\n\n\n\n<p>Testemunhas relataram que Valdenice vinha sofrendo amea\u00e7as constantes dos irm\u00e3os, que n\u00e3o aceitavam sua atua\u00e7\u00e3o como inventariante no processo de partilha das terras herdadas. Na \u00e9poca do crime familiares entregaram \u00e0 pol\u00edcia \u00e1udios e mensagens atribu\u00eddas aos suspeitos.<\/p>\n\n\n\n<p>O ex-companheiro da v\u00edtima afirmou ainda ter sido alvo de uma tentativa de homic\u00eddio em 2021, supostamente praticada pelos mesmos irm\u00e3os.&nbsp;<\/p>\n\n\n\n<figure class=\"wp-block-image size-full\"><img decoding=\"async\" width=\"558\" height=\"529\" src=\"https:\/\/noticiaempauta.com\/portal\/wp-content\/uploads\/2026\/03\/pc131.webp\" alt=\"\" class=\"wp-image-285938\" srcset=\"https:\/\/noticiaempauta.com\/portal\/wp-content\/uploads\/2026\/03\/pc131.webp 558w, https:\/\/noticiaempauta.com\/portal\/wp-content\/uploads\/2026\/03\/pc131-300x284.webp 300w\" sizes=\"(max-width: 558px) 100vw, 558px\" \/><\/figure>\n\n\n\n<h2 class=\"wp-block-heading\"><strong>Movimenta\u00e7\u00f5es na Justi\u00e7a<\/strong><\/h2>\n\n\n\n<p>Em dezembro de 2025, o Minist\u00e9rio P\u00fablico do Estado do Piau\u00ed (MPPI) recorreu da decis\u00e3o que concedeu liberdade provis\u00f3ria a Narciso Celestino. O \u00f3rg\u00e3o sustentou que a soltura representava risco \u00e0 ordem p\u00fablica, \u00e0 instru\u00e7\u00e3o criminal e \u00e0 aplica\u00e7\u00e3o da lei penal, citando ind\u00edcios de coa\u00e7\u00e3o de testemunhas e descumprimento de medidas protetivas.<\/p>\n\n\n\n<p>Documentos recentes detalham o contexto do homic\u00eddio, apontando que a v\u00edtima e os suspeitos tinham hist\u00f3rico de conflitos familiares relacionados \u00e0 divis\u00e3o de terras e disputas por cercas. Testemunhas confirmaram que Adelaido rondava a propriedade dias antes do crime,\u00a0refor\u00e7ando a premedita\u00e7\u00e3o.\u00a0No dia do homic\u00eddio, ele teria surgido armado,\u00a0disparando contra Valdenice e amea\u00e7ando a irm\u00e3, que conseguiu escapar.<\/p>\n\n\n\n<p>A Justi\u00e7a decretou a pris\u00e3o preventiva de Adelaido, considerando a gravidade do crime, a periculosidade do suspeito, mas ele segue foragido.\u00a0Narciso e Adelaido tamb\u00e9m j\u00e1 foram pronunciados por tentativa de homic\u00eddio contra o ex-companheiro de Valdenice, crime ocorrido em 2021 e que ser\u00e1 julgado pelo Tribunal do J\u00fari.<\/p>\n\n\n\n<p>Fonte: Cidade Verde<\/p>\n","protected":false},"excerpt":{"rendered":"<p>O feminic\u00eddio da advogada Valdenice Gomes Celestino Soares, de 53 anos, completou um ano nesta ter\u00e7a-feira (3). O irm\u00e3o da v\u00edtima, Adelaido Celestino, \u00e9 apontado como principal suspeito do assassinato e segue foragido da Justi\u00e7a.\u00a0O crime teria sido motivado por desentendimentos relacionados \u00e0 partilha de terras da fam\u00edlia. Valdenice foi atingida por oito disparos de [&hellip;]<\/p>\n","protected":false},"author":2,"featured_media":280514,"comment_status":"closed","ping_status":"closed","sticky":false,"template":"","format":"standard","meta":{"_mi_skip_tracking":false,"footnotes":""},"categories":[25,1,9,137,16],"tags":[192],"class_list":["post-285937","post","type-post","status-publish","format-standard","has-post-thumbnail","hentry","category-destaques-site","category-geral","category-municipios","category-policia","category-todas","tag-destaqueprincipal"],"acf":[],"yoast_head":"<!-- This site is optimized with the Yoast SEO Premium plugin v19.2 (Yoast SEO v26.9) - https:\/\/yoast.com\/product\/yoast-seo-premium-wordpress\/ -->\n<title>Feminic\u00eddio de advogada em Paulistana completa um ano; irm\u00e3o segue foragido - Portal Not\u00edcia em Pauta<\/title>\n<meta name=\"robots\" content=\"index, follow, max-snippet:-1, max-image-preview:large, max-video-preview:-1\" \/>\n<link rel=\"canonical\" href=\"https:\/\/noticiaempauta.com\/portal\/feminicidio-de-advogada-em-paulistana-completa-um-ano-irmao-segue-foragido\/\" \/>\n<meta property=\"og:locale\" content=\"pt_BR\" \/>\n<meta property=\"og:type\" content=\"article\" \/>\n<meta property=\"og:title\" content=\"Feminic\u00eddio de advogada em Paulistana completa um ano; irm\u00e3o segue foragido\" \/>\n<meta property=\"og:description\" content=\"O feminic\u00eddio da advogada Valdenice Gomes Celestino Soares, de 53 anos, completou um ano nesta ter\u00e7a-feira (3). O irm\u00e3o da v\u00edtima, Adelaido Celestino, \u00e9 apontado como principal suspeito do assassinato e segue foragido da Justi\u00e7a.\u00a0O crime teria sido motivado por desentendimentos relacionados \u00e0 partilha de terras da fam\u00edlia. Valdenice foi atingida por oito disparos de [&hellip;]\" \/>\n<meta property=\"og:url\" content=\"https:\/\/noticiaempauta.com\/portal\/feminicidio-de-advogada-em-paulistana-completa-um-ano-irmao-segue-foragido\/\" \/>\n<meta property=\"og:site_name\" content=\"Portal Not\u00edcia em Pauta\" \/>\n<meta property=\"article:publisher\" content=\"https:\/\/www.facebook.com\/Portal-Notcia-Em-Pauta-102292869264820\/\" \/>\n<meta property=\"article:published_time\" content=\"2026-03-04T18:19:53+00:00\" \/>\n<meta property=\"article:modified_time\" content=\"2026-03-04T18:19:55+00:00\" \/>\n<meta property=\"og:image\" content=\"https:\/\/noticiaempauta.com\/portal\/wp-content\/uploads\/2025\/11\/policiacivilpicos.jpeg\" \/>\n\t<meta property=\"og:image:width\" content=\"1280\" \/>\n\t<meta property=\"og:image:height\" content=\"960\" \/>\n\t<meta property=\"og:image:type\" content=\"image\/jpeg\" \/>\n<meta name=\"author\" content=\"Reda\u00e7\u00e3o\" \/>\n<meta name=\"twitter:card\" content=\"summary_large_image\" \/>\n<meta name=\"twitter:label1\" content=\"Escrito por\" \/>\n\t<meta name=\"twitter:data1\" content=\"Reda\u00e7\u00e3o\" \/>\n\t<meta name=\"twitter:label2\" content=\"Est. tempo de leitura\" \/>\n\t<meta name=\"twitter:data2\" content=\"3 minutos\" \/>\n<script type=\"application\/ld+json\" class=\"yoast-schema-graph\">{\"@context\":\"https:\/\/schema.org\",\"@graph\":[{\"@type\":\"Article\",\"@id\":\"https:\/\/noticiaempauta.com\/portal\/feminicidio-de-advogada-em-paulistana-completa-um-ano-irmao-segue-foragido\/#article\",\"isPartOf\":{\"@id\":\"https:\/\/noticiaempauta.com\/portal\/feminicidio-de-advogada-em-paulistana-completa-um-ano-irmao-segue-foragido\/\"},\"author\":{\"name\":\"Reda\u00e7\u00e3o\",\"@id\":\"https:\/\/noticiaempauta.com\/portal\/#\/schema\/person\/a74af43dd1ab3deca45f988c717d57ac\"},\"headline\":\"Feminic\u00eddio de advogada em Paulistana completa um ano; irm\u00e3o segue foragido\",\"datePublished\":\"2026-03-04T18:19:53+00:00\",\"dateModified\":\"2026-03-04T18:19:55+00:00\",\"mainEntityOfPage\":{\"@id\":\"https:\/\/noticiaempauta.com\/portal\/feminicidio-de-advogada-em-paulistana-completa-um-ano-irmao-segue-foragido\/\"},\"wordCount\":447,\"publisher\":{\"@id\":\"https:\/\/noticiaempauta.com\/portal\/#organization\"},\"image\":{\"@id\":\"https:\/\/noticiaempauta.com\/portal\/feminicidio-de-advogada-em-paulistana-completa-um-ano-irmao-segue-foragido\/#primaryimage\"},\"thumbnailUrl\":\"https:\/\/noticiaempauta.com\/portal\/wp-content\/uploads\/2025\/11\/policiacivilpicos.jpeg\",\"keywords\":[\"destaqueprincipal\"],\"articleSection\":[\"Destaques\",\"Geral\",\"Munic\u00edpios\",\"Pol\u00edcia\",\"Todas as Not\u00edcias\"],\"inLanguage\":\"pt-BR\"},{\"@type\":\"WebPage\",\"@id\":\"https:\/\/noticiaempauta.com\/portal\/feminicidio-de-advogada-em-paulistana-completa-um-ano-irmao-segue-foragido\/\",\"url\":\"https:\/\/noticiaempauta.com\/portal\/feminicidio-de-advogada-em-paulistana-completa-um-ano-irmao-segue-foragido\/\",\"name\":\"Feminic\u00eddio de advogada em Paulistana completa um ano; irm\u00e3o segue foragido - Portal Not\u00edcia em Pauta\",\"isPartOf\":{\"@id\":\"https:\/\/noticiaempauta.com\/portal\/#website\"},\"primaryImageOfPage\":{\"@id\":\"https:\/\/noticiaempauta.com\/portal\/feminicidio-de-advogada-em-paulistana-completa-um-ano-irmao-segue-foragido\/#primaryimage\"},\"image\":{\"@id\":\"https:\/\/noticiaempauta.com\/portal\/feminicidio-de-advogada-em-paulistana-completa-um-ano-irmao-segue-foragido\/#primaryimage\"},\"thumbnailUrl\":\"https:\/\/noticiaempauta.com\/portal\/wp-content\/uploads\/2025\/11\/policiacivilpicos.jpeg\",\"datePublished\":\"2026-03-04T18:19:53+00:00\",\"dateModified\":\"2026-03-04T18:19:55+00:00\",\"breadcrumb\":{\"@id\":\"https:\/\/noticiaempauta.com\/portal\/feminicidio-de-advogada-em-paulistana-completa-um-ano-irmao-segue-foragido\/#breadcrumb\"},\"inLanguage\":\"pt-BR\",\"potentialAction\":[{\"@type\":\"ReadAction\",\"target\":[\"https:\/\/noticiaempauta.com\/portal\/feminicidio-de-advogada-em-paulistana-completa-um-ano-irmao-segue-foragido\/\"]}]},{\"@type\":\"ImageObject\",\"inLanguage\":\"pt-BR\",\"@id\":\"https:\/\/noticiaempauta.com\/portal\/feminicidio-de-advogada-em-paulistana-completa-um-ano-irmao-segue-foragido\/#primaryimage\",\"url\":\"https:\/\/noticiaempauta.com\/portal\/wp-content\/uploads\/2025\/11\/policiacivilpicos.jpeg\",\"contentUrl\":\"https:\/\/noticiaempauta.com\/portal\/wp-content\/uploads\/2025\/11\/policiacivilpicos.jpeg\",\"width\":1280,\"height\":960},{\"@type\":\"BreadcrumbList\",\"@id\":\"https:\/\/noticiaempauta.com\/portal\/feminicidio-de-advogada-em-paulistana-completa-um-ano-irmao-segue-foragido\/#breadcrumb\",\"itemListElement\":[{\"@type\":\"ListItem\",\"position\":1,\"name\":\"P\u00e1gina Inicial\",\"item\":\"https:\/\/noticiaempauta.com\/portal\/\"},{\"@type\":\"ListItem\",\"position\":2,\"name\":\"Destaques\",\"item\":\"https:\/\/noticiaempauta.com\/portal\/destaques-site\/\"},{\"@type\":\"ListItem\",\"position\":3,\"name\":\"Feminic\u00eddio de advogada em Paulistana completa um ano; irm\u00e3o segue foragido\"}]},{\"@type\":\"WebSite\",\"@id\":\"https:\/\/noticiaempauta.com\/portal\/#website\",\"url\":\"https:\/\/noticiaempauta.com\/portal\/\",\"name\":\"Portal Not\u00edcia em Pauta\",\"description\":\"Voc\u00ea bem informado\",\"publisher\":{\"@id\":\"https:\/\/noticiaempauta.com\/portal\/#organization\"},\"potentialAction\":[{\"@type\":\"SearchAction\",\"target\":{\"@type\":\"EntryPoint\",\"urlTemplate\":\"https:\/\/noticiaempauta.com\/portal\/?s={search_term_string}\"},\"query-input\":{\"@type\":\"PropertyValueSpecification\",\"valueRequired\":true,\"valueName\":\"search_term_string\"}}],\"inLanguage\":\"pt-BR\"},{\"@type\":\"Organization\",\"@id\":\"https:\/\/noticiaempauta.com\/portal\/#organization\",\"name\":\"Portal Not\u00edcia em Pauta\",\"url\":\"https:\/\/noticiaempauta.com\/portal\/\",\"logo\":{\"@type\":\"ImageObject\",\"inLanguage\":\"pt-BR\",\"@id\":\"https:\/\/noticiaempauta.com\/portal\/#\/schema\/logo\/image\/\",\"url\":\"https:\/\/noticiaempauta.com\/portal\/wp-content\/uploads\/2022\/08\/logomarca_tema.fw_.png\",\"contentUrl\":\"https:\/\/noticiaempauta.com\/portal\/wp-content\/uploads\/2022\/08\/logomarca_tema.fw_.png\",\"width\":400,\"height\":232,\"caption\":\"Portal Not\u00edcia em Pauta\"},\"image\":{\"@id\":\"https:\/\/noticiaempauta.com\/portal\/#\/schema\/logo\/image\/\"},\"sameAs\":[\"https:\/\/www.facebook.com\/Portal-Notcia-Em-Pauta-102292869264820\/\",\"https:\/\/www.instagram.com\/portalnoticiaempauta\/\"]},{\"@type\":\"Person\",\"@id\":\"https:\/\/noticiaempauta.com\/portal\/#\/schema\/person\/a74af43dd1ab3deca45f988c717d57ac\",\"name\":\"Reda\u00e7\u00e3o\",\"image\":{\"@type\":\"ImageObject\",\"inLanguage\":\"pt-BR\",\"@id\":\"https:\/\/noticiaempauta.com\/portal\/#\/schema\/person\/image\/\",\"url\":\"https:\/\/secure.gravatar.com\/avatar\/03179346ecce6cdfc13361603e8f54242a90e5cde8618fa23c5c00aa2b0aadf3?s=96&d=mm&r=g\",\"contentUrl\":\"https:\/\/secure.gravatar.com\/avatar\/03179346ecce6cdfc13361603e8f54242a90e5cde8618fa23c5c00aa2b0aadf3?s=96&d=mm&r=g\",\"caption\":\"Reda\u00e7\u00e3o\"},\"sameAs\":[\"https:\/\/noticiaempauta.com\/portal\/\"],\"url\":\"https:\/\/noticiaempauta.com\/portal\/author\/fernando\/\"}]}<\/script>\n<!-- \/ Yoast SEO Premium plugin. -->","yoast_head_json":{"title":"Feminic\u00eddio de advogada em Paulistana completa um ano; irm\u00e3o segue foragido - Portal Not\u00edcia em Pauta","robots":{"index":"index","follow":"follow","max-snippet":"max-snippet:-1","max-image-preview":"max-image-preview:large","max-video-preview":"max-video-preview:-1"},"canonical":"https:\/\/noticiaempauta.com\/portal\/feminicidio-de-advogada-em-paulistana-completa-um-ano-irmao-segue-foragido\/","og_locale":"pt_BR","og_type":"article","og_title":"Feminic\u00eddio de advogada em Paulistana completa um ano; irm\u00e3o segue foragido","og_description":"O feminic\u00eddio da advogada Valdenice Gomes Celestino Soares, de 53 anos, completou um ano nesta ter\u00e7a-feira (3). O irm\u00e3o da v\u00edtima, Adelaido Celestino, \u00e9 apontado como principal suspeito do assassinato e segue foragido da Justi\u00e7a.\u00a0O crime teria sido motivado por desentendimentos relacionados \u00e0 partilha de terras da fam\u00edlia. Valdenice foi atingida por oito disparos de [&hellip;]","og_url":"https:\/\/noticiaempauta.com\/portal\/feminicidio-de-advogada-em-paulistana-completa-um-ano-irmao-segue-foragido\/","og_site_name":"Portal Not\u00edcia em Pauta","article_publisher":"https:\/\/www.facebook.com\/Portal-Notcia-Em-Pauta-102292869264820\/","article_published_time":"2026-03-04T18:19:53+00:00","article_modified_time":"2026-03-04T18:19:55+00:00","og_image":[{"width":1280,"height":960,"url":"https:\/\/noticiaempauta.com\/portal\/wp-content\/uploads\/2025\/11\/policiacivilpicos.jpeg","type":"image\/jpeg"}],"author":"Reda\u00e7\u00e3o","twitter_card":"summary_large_image","twitter_misc":{"Escrito por":"Reda\u00e7\u00e3o","Est. tempo de leitura":"3 minutos"},"schema":{"@context":"https:\/\/schema.org","@graph":[{"@type":"Article","@id":"https:\/\/noticiaempauta.com\/portal\/feminicidio-de-advogada-em-paulistana-completa-um-ano-irmao-segue-foragido\/#article","isPartOf":{"@id":"https:\/\/noticiaempauta.com\/portal\/feminicidio-de-advogada-em-paulistana-completa-um-ano-irmao-segue-foragido\/"},"author":{"name":"Reda\u00e7\u00e3o","@id":"https:\/\/noticiaempauta.com\/portal\/#\/schema\/person\/a74af43dd1ab3deca45f988c717d57ac"},"headline":"Feminic\u00eddio de advogada em Paulistana completa um ano; irm\u00e3o segue foragido","datePublished":"2026-03-04T18:19:53+00:00","dateModified":"2026-03-04T18:19:55+00:00","mainEntityOfPage":{"@id":"https:\/\/noticiaempauta.com\/portal\/feminicidio-de-advogada-em-paulistana-completa-um-ano-irmao-segue-foragido\/"},"wordCount":447,"publisher":{"@id":"https:\/\/noticiaempauta.com\/portal\/#organization"},"image":{"@id":"https:\/\/noticiaempauta.com\/portal\/feminicidio-de-advogada-em-paulistana-completa-um-ano-irmao-segue-foragido\/#primaryimage"},"thumbnailUrl":"https:\/\/noticiaempauta.com\/portal\/wp-content\/uploads\/2025\/11\/policiacivilpicos.jpeg","keywords":["destaqueprincipal"],"articleSection":["Destaques","Geral","Munic\u00edpios","Pol\u00edcia","Todas as Not\u00edcias"],"inLanguage":"pt-BR"},{"@type":"WebPage","@id":"https:\/\/noticiaempauta.com\/portal\/feminicidio-de-advogada-em-paulistana-completa-um-ano-irmao-segue-foragido\/","url":"https:\/\/noticiaempauta.com\/portal\/feminicidio-de-advogada-em-paulistana-completa-um-ano-irmao-segue-foragido\/","name":"Feminic\u00eddio de advogada em Paulistana completa um ano; irm\u00e3o segue foragido - Portal Not\u00edcia em Pauta","isPartOf":{"@id":"https:\/\/noticiaempauta.com\/portal\/#website"},"primaryImageOfPage":{"@id":"https:\/\/noticiaempauta.com\/portal\/feminicidio-de-advogada-em-paulistana-completa-um-ano-irmao-segue-foragido\/#primaryimage"},"image":{"@id":"https:\/\/noticiaempauta.com\/portal\/feminicidio-de-advogada-em-paulistana-completa-um-ano-irmao-segue-foragido\/#primaryimage"},"thumbnailUrl":"https:\/\/noticiaempauta.com\/portal\/wp-content\/uploads\/2025\/11\/policiacivilpicos.jpeg","datePublished":"2026-03-04T18:19:53+00:00","dateModified":"2026-03-04T18:19:55+00:00","breadcrumb":{"@id":"https:\/\/noticiaempauta.com\/portal\/feminicidio-de-advogada-em-paulistana-completa-um-ano-irmao-segue-foragido\/#breadcrumb"},"inLanguage":"pt-BR","potentialAction":[{"@type":"ReadAction","target":["https:\/\/noticiaempauta.com\/portal\/feminicidio-de-advogada-em-paulistana-completa-um-ano-irmao-segue-foragido\/"]}]},{"@type":"ImageObject","inLanguage":"pt-BR","@id":"https:\/\/noticiaempauta.com\/portal\/feminicidio-de-advogada-em-paulistana-completa-um-ano-irmao-segue-foragido\/#primaryimage","url":"https:\/\/noticiaempauta.com\/portal\/wp-content\/uploads\/2025\/11\/policiacivilpicos.jpeg","contentUrl":"https:\/\/noticiaempauta.com\/portal\/wp-content\/uploads\/2025\/11\/policiacivilpicos.jpeg","width":1280,"height":960},{"@type":"BreadcrumbList","@id":"https:\/\/noticiaempauta.com\/portal\/feminicidio-de-advogada-em-paulistana-completa-um-ano-irmao-segue-foragido\/#breadcrumb","itemListElement":[{"@type":"ListItem","position":1,"name":"P\u00e1gina Inicial","item":"https:\/\/noticiaempauta.com\/portal\/"},{"@type":"ListItem","position":2,"name":"Destaques","item":"https:\/\/noticiaempauta.com\/portal\/destaques-site\/"},{"@type":"ListItem","position":3,"name":"Feminic\u00eddio de advogada em Paulistana completa um ano; irm\u00e3o segue foragido"}]},{"@type":"WebSite","@id":"https:\/\/noticiaempauta.com\/portal\/#website","url":"https:\/\/noticiaempauta.com\/portal\/","name":"Portal Not\u00edcia em Pauta","description":"Voc\u00ea bem informado","publisher":{"@id":"https:\/\/noticiaempauta.com\/portal\/#organization"},"potentialAction":[{"@type":"SearchAction","target":{"@type":"EntryPoint","urlTemplate":"https:\/\/noticiaempauta.com\/portal\/?s={search_term_string}"},"query-input":{"@type":"PropertyValueSpecification","valueRequired":true,"valueName":"search_term_string"}}],"inLanguage":"pt-BR"},{"@type":"Organization","@id":"https:\/\/noticiaempauta.com\/portal\/#organization","name":"Portal Not\u00edcia em Pauta","url":"https:\/\/noticiaempauta.com\/portal\/","logo":{"@type":"ImageObject","inLanguage":"pt-BR","@id":"https:\/\/noticiaempauta.com\/portal\/#\/schema\/logo\/image\/","url":"https:\/\/noticiaempauta.com\/portal\/wp-content\/uploads\/2022\/08\/logomarca_tema.fw_.png","contentUrl":"https:\/\/noticiaempauta.com\/portal\/wp-content\/uploads\/2022\/08\/logomarca_tema.fw_.png","width":400,"height":232,"caption":"Portal Not\u00edcia em Pauta"},"image":{"@id":"https:\/\/noticiaempauta.com\/portal\/#\/schema\/logo\/image\/"},"sameAs":["https:\/\/www.facebook.com\/Portal-Notcia-Em-Pauta-102292869264820\/","https:\/\/www.instagram.com\/portalnoticiaempauta\/"]},{"@type":"Person","@id":"https:\/\/noticiaempauta.com\/portal\/#\/schema\/person\/a74af43dd1ab3deca45f988c717d57ac","name":"Reda\u00e7\u00e3o","image":{"@type":"ImageObject","inLanguage":"pt-BR","@id":"https:\/\/noticiaempauta.com\/portal\/#\/schema\/person\/image\/","url":"https:\/\/secure.gravatar.com\/avatar\/03179346ecce6cdfc13361603e8f54242a90e5cde8618fa23c5c00aa2b0aadf3?s=96&d=mm&r=g","contentUrl":"https:\/\/secure.gravatar.com\/avatar\/03179346ecce6cdfc13361603e8f54242a90e5cde8618fa23c5c00aa2b0aadf3?s=96&d=mm&r=g","caption":"Reda\u00e7\u00e3o"},"sameAs":["https:\/\/noticiaempauta.com\/portal\/"],"url":"https:\/\/noticiaempauta.com\/portal\/author\/fernando\/"}]}},"_links":{"self":[{"href":"https:\/\/noticiaempauta.com\/portal\/wp-json\/wp\/v2\/posts\/285937","targetHints":{"allow":["GET"]}}],"collection":[{"href":"https:\/\/noticiaempauta.com\/portal\/wp-json\/wp\/v2\/posts"}],"about":[{"href":"https:\/\/noticiaempauta.com\/portal\/wp-json\/wp\/v2\/types\/post"}],"author":[{"embeddable":true,"href":"https:\/\/noticiaempauta.com\/portal\/wp-json\/wp\/v2\/users\/2"}],"replies":[{"embeddable":true,"href":"https:\/\/noticiaempauta.com\/portal\/wp-json\/wp\/v2\/comments?post=285937"}],"version-history":[{"count":2,"href":"https:\/\/noticiaempauta.com\/portal\/wp-json\/wp\/v2\/posts\/285937\/revisions"}],"predecessor-version":[{"id":285941,"href":"https:\/\/noticiaempauta.com\/portal\/wp-json\/wp\/v2\/posts\/285937\/revisions\/285941"}],"wp:featuredmedia":[{"embeddable":true,"href":"https:\/\/noticiaempauta.com\/portal\/wp-json\/wp\/v2\/media\/280514"}],"wp:attachment":[{"href":"https:\/\/noticiaempauta.com\/portal\/wp-json\/wp\/v2\/media?parent=285937"}],"wp:term":[{"taxonomy":"category","embeddable":true,"href":"https:\/\/noticiaempauta.com\/portal\/wp-json\/wp\/v2\/categories?post=285937"},{"taxonomy":"post_tag","embeddable":true,"href":"https:\/\/noticiaempauta.com\/portal\/wp-json\/wp\/v2\/tags?post=285937"}],"curies":[{"name":"wp","href":"https:\/\/api.w.org\/{rel}","templated":true}]}}