{"id":285942,"date":"2026-03-04T15:24:21","date_gmt":"2026-03-04T18:24:21","guid":{"rendered":"https:\/\/noticiaempauta.com\/portal\/?p=285942"},"modified":"2026-03-04T15:24:22","modified_gmt":"2026-03-04T18:24:22","slug":"alepi-recebera-no-tce-piaui-o-selo-ouro-no-programa-nacional-de-transparencia-publica","status":"publish","type":"post","link":"https:\/\/noticiaempauta.com\/portal\/alepi-recebera-no-tce-piaui-o-selo-ouro-no-programa-nacional-de-transparencia-publica\/","title":{"rendered":"Alepi receber\u00e1 no TCE Piau\u00ed o Selo Ouro no Programa Nacional de Transpar\u00eancia P\u00fablica"},"content":{"rendered":"\n<p>A&nbsp; Assembleia Legislativa do Piau\u00ed (Alepi) ser\u00e1 uma das institui\u00e7\u00f5es agraciadas, nesta quinta-feira (5), com o Selo da Transpar\u00eancia P\u00fablica, concedido pelo Programa Nacional de Transpar\u00eancia P\u00fablica (PNTP) \u2014 iniciativa do Sistema de Tribunais de Contas que avalia e reconhece a qualidade dos portais da transpar\u00eancia dos \u00f3rg\u00e3os p\u00fablicos brasileiros.<\/p>\n\n\n\n<figure class=\"wp-block-image size-full\"><img fetchpriority=\"high\" decoding=\"async\" width=\"600\" height=\"399\" src=\"https:\/\/noticiaempauta.com\/portal\/wp-content\/uploads\/2026\/03\/image_assessoria-30.webp\" alt=\"\" class=\"wp-image-285943\" srcset=\"https:\/\/noticiaempauta.com\/portal\/wp-content\/uploads\/2026\/03\/image_assessoria-30.webp 600w, https:\/\/noticiaempauta.com\/portal\/wp-content\/uploads\/2026\/03\/image_assessoria-30-300x200.webp 300w\" sizes=\"(max-width: 600px) 100vw, 600px\" \/><figcaption class=\"wp-element-caption\"><em>Foto: Thiago Amaral \/ Ascom Alepi<\/em><\/figcaption><\/figure>\n\n\n\n<p><br>A solenidade de entrega ocorrer\u00e1 \u00e0s 11h, no audit\u00f3rio do Tribunal de Contas do Estado do Piau\u00ed (TCE-PI). Na ocasi\u00e3o, o Poder Legislativo ser\u00e1 representado pelo presidente da Comiss\u00e3o de Constitui\u00e7\u00e3o e Justi\u00e7a, deputado Henrique Pires (MDB).<\/p>\n\n\n\n<p>A Alepi conquistou o Selo Ouro, alcan\u00e7ando 88,77% de avalia\u00e7\u00e3o, resultado que refor\u00e7a o compromisso do Legislativo estadual com a transpar\u00eancia, o controle social e a responsabilidade na gest\u00e3o p\u00fablica.\u00a0&#8220;\u00c9 o reconhecimento de um trabalho iniciado na gest\u00e3o do ex-presidente Franz\u00e9 e que foi refor\u00e7ado pelo nosso atual presidente, o emedebista Severo Eul\u00e1lio e que envolve a dedica\u00e7\u00e3o de todos os servidores. Fico feliz em estar presente neste momento e representar os colegas e a casa como um todo&#8221;, lembra Henrique Pires.<\/p>\n\n\n\n<p><strong>Piau\u00ed se destaca nacionalmente<\/strong><\/p>\n\n\n\n<p>O Piau\u00ed registrou avan\u00e7o expressivo no ranking nacional. Na edi\u00e7\u00e3o anterior, realizada em 2024, apenas seis institui\u00e7\u00f5es haviam sido premiadas no estado. Em 2026, esse n\u00famero saltou para 15 \u00f3rg\u00e3os contemplados, dentro dos crit\u00e9rios estabelecidos pelo PNTP.&nbsp;Foram avaliados 468 portais da transpar\u00eancia, abrangendo 100% das unidades gestoras estaduais e municipais. Entre esses,&nbsp;15 (3,21%) receberam Selo de Transpar\u00eancia,&nbsp;21 foram classificados como n\u00edvel elevado,&nbsp;190 como intermedi\u00e1rio,&nbsp;151 como b\u00e1sico,&nbsp;75 como inicial e&nbsp;16 como inexistente.<\/p>\n\n\n\n<p>Das 15 institui\u00e7\u00f5es que v\u00e3o receber selos, quatro v\u00e3o receber o Diamante (Tribunal de Justi\u00e7a do Estado do Piau\u00ed,&nbsp;Tribunal de Contas do Estado do Piau\u00ed,&nbsp;Minist\u00e9rio P\u00fablico do Estado do Piau\u00ed e&nbsp;Defensoria P\u00fablica do Estado do Piau\u00ed), sete o Ouro (Prefeitura Municipal de Lagoa do Barro do Piau\u00ed,&nbsp;Assembleia Legislativa do Estado do Piau\u00ed,&nbsp;Prefeitura Municipal de Dom Inoc\u00eancio,&nbsp;Prefeitura Municipal de Jo\u00e3o Costa,&nbsp;Prefeitura Municipal de Jos\u00e9 de Freitas,&nbsp;C\u00e2mara Municipal de Curimat\u00e1 e&nbsp;Prefeitura Municipal de S\u00e3o Jo\u00e3o do Piau\u00ed) e quatro o Prata (C\u00e2mara Municipal de Miguel Alves,&nbsp;Governo do Estado do Piau\u00ed,&nbsp;Prefeitura Municipal de Ribeira do Piau\u00ed e&nbsp;Prefeitura Municipal de Capit\u00e3o Gerv\u00e1sio Oliveira).<\/p>\n\n\n\n<p>Ascom Alepi<\/p>\n","protected":false},"excerpt":{"rendered":"<p>A&nbsp; Assembleia Legislativa do Piau\u00ed (Alepi) ser\u00e1 uma das institui\u00e7\u00f5es agraciadas, nesta quinta-feira (5), com o Selo da Transpar\u00eancia P\u00fablica, concedido pelo Programa Nacional de Transpar\u00eancia P\u00fablica (PNTP) \u2014 iniciativa do Sistema de Tribunais de Contas que avalia e reconhece a qualidade dos portais da transpar\u00eancia dos \u00f3rg\u00e3os p\u00fablicos brasileiros. A solenidade de entrega ocorrer\u00e1 [&hellip;]<\/p>\n","protected":false},"author":2,"featured_media":285943,"comment_status":"closed","ping_status":"closed","sticky":false,"template":"","format":"standard","meta":{"_mi_skip_tracking":false,"footnotes":""},"categories":[25,1,16],"tags":[192],"class_list":["post-285942","post","type-post","status-publish","format-standard","has-post-thumbnail","hentry","category-destaques-site","category-geral","category-todas","tag-destaqueprincipal"],"acf":[],"yoast_head":"<!-- This site is optimized with the Yoast SEO Premium plugin v19.2 (Yoast SEO v26.9) - https:\/\/yoast.com\/product\/yoast-seo-premium-wordpress\/ -->\n<title>Alepi receber\u00e1 no TCE Piau\u00ed o Selo Ouro no Programa Nacional de Transpar\u00eancia P\u00fablica - Portal Not\u00edcia em Pauta<\/title>\n<meta name=\"robots\" content=\"index, follow, max-snippet:-1, max-image-preview:large, max-video-preview:-1\" \/>\n<link rel=\"canonical\" href=\"https:\/\/noticiaempauta.com\/portal\/alepi-recebera-no-tce-piaui-o-selo-ouro-no-programa-nacional-de-transparencia-publica\/\" \/>\n<meta property=\"og:locale\" content=\"pt_BR\" \/>\n<meta property=\"og:type\" content=\"article\" \/>\n<meta property=\"og:title\" content=\"Alepi receber\u00e1 no TCE Piau\u00ed o Selo Ouro no Programa Nacional de Transpar\u00eancia P\u00fablica\" \/>\n<meta property=\"og:description\" content=\"A&nbsp; Assembleia Legislativa do Piau\u00ed (Alepi) ser\u00e1 uma das institui\u00e7\u00f5es agraciadas, nesta quinta-feira (5), com o Selo da Transpar\u00eancia P\u00fablica, concedido pelo Programa Nacional de Transpar\u00eancia P\u00fablica (PNTP) \u2014 iniciativa do Sistema de Tribunais de Contas que avalia e reconhece a qualidade dos portais da transpar\u00eancia dos \u00f3rg\u00e3os p\u00fablicos brasileiros. A solenidade de entrega ocorrer\u00e1 [&hellip;]\" \/>\n<meta property=\"og:url\" content=\"https:\/\/noticiaempauta.com\/portal\/alepi-recebera-no-tce-piaui-o-selo-ouro-no-programa-nacional-de-transparencia-publica\/\" \/>\n<meta property=\"og:site_name\" content=\"Portal Not\u00edcia em Pauta\" \/>\n<meta property=\"article:publisher\" content=\"https:\/\/www.facebook.com\/Portal-Notcia-Em-Pauta-102292869264820\/\" \/>\n<meta property=\"article:published_time\" content=\"2026-03-04T18:24:21+00:00\" \/>\n<meta property=\"article:modified_time\" content=\"2026-03-04T18:24:22+00:00\" \/>\n<meta property=\"og:image\" content=\"https:\/\/noticiaempauta.com\/portal\/wp-content\/uploads\/2026\/03\/image_assessoria-30.webp\" \/>\n\t<meta property=\"og:image:width\" content=\"600\" \/>\n\t<meta property=\"og:image:height\" content=\"399\" \/>\n\t<meta property=\"og:image:type\" content=\"image\/webp\" \/>\n<meta name=\"author\" content=\"Reda\u00e7\u00e3o\" \/>\n<meta name=\"twitter:card\" content=\"summary_large_image\" \/>\n<meta name=\"twitter:label1\" content=\"Escrito por\" \/>\n\t<meta name=\"twitter:data1\" content=\"Reda\u00e7\u00e3o\" \/>\n\t<meta name=\"twitter:label2\" content=\"Est. tempo de leitura\" \/>\n\t<meta name=\"twitter:data2\" content=\"3 minutos\" \/>\n<script type=\"application\/ld+json\" class=\"yoast-schema-graph\">{\"@context\":\"https:\/\/schema.org\",\"@graph\":[{\"@type\":\"Article\",\"@id\":\"https:\/\/noticiaempauta.com\/portal\/alepi-recebera-no-tce-piaui-o-selo-ouro-no-programa-nacional-de-transparencia-publica\/#article\",\"isPartOf\":{\"@id\":\"https:\/\/noticiaempauta.com\/portal\/alepi-recebera-no-tce-piaui-o-selo-ouro-no-programa-nacional-de-transparencia-publica\/\"},\"author\":{\"name\":\"Reda\u00e7\u00e3o\",\"@id\":\"https:\/\/noticiaempauta.com\/portal\/#\/schema\/person\/a74af43dd1ab3deca45f988c717d57ac\"},\"headline\":\"Alepi receber\u00e1 no TCE Piau\u00ed o Selo Ouro no Programa Nacional de Transpar\u00eancia P\u00fablica\",\"datePublished\":\"2026-03-04T18:24:21+00:00\",\"dateModified\":\"2026-03-04T18:24:22+00:00\",\"mainEntityOfPage\":{\"@id\":\"https:\/\/noticiaempauta.com\/portal\/alepi-recebera-no-tce-piaui-o-selo-ouro-no-programa-nacional-de-transparencia-publica\/\"},\"wordCount\":438,\"publisher\":{\"@id\":\"https:\/\/noticiaempauta.com\/portal\/#organization\"},\"image\":{\"@id\":\"https:\/\/noticiaempauta.com\/portal\/alepi-recebera-no-tce-piaui-o-selo-ouro-no-programa-nacional-de-transparencia-publica\/#primaryimage\"},\"thumbnailUrl\":\"https:\/\/noticiaempauta.com\/portal\/wp-content\/uploads\/2026\/03\/image_assessoria-30.webp\",\"keywords\":[\"destaqueprincipal\"],\"articleSection\":[\"Destaques\",\"Geral\",\"Todas as Not\u00edcias\"],\"inLanguage\":\"pt-BR\"},{\"@type\":\"WebPage\",\"@id\":\"https:\/\/noticiaempauta.com\/portal\/alepi-recebera-no-tce-piaui-o-selo-ouro-no-programa-nacional-de-transparencia-publica\/\",\"url\":\"https:\/\/noticiaempauta.com\/portal\/alepi-recebera-no-tce-piaui-o-selo-ouro-no-programa-nacional-de-transparencia-publica\/\",\"name\":\"Alepi receber\u00e1 no TCE Piau\u00ed o Selo Ouro no Programa Nacional de Transpar\u00eancia P\u00fablica - Portal Not\u00edcia em Pauta\",\"isPartOf\":{\"@id\":\"https:\/\/noticiaempauta.com\/portal\/#website\"},\"primaryImageOfPage\":{\"@id\":\"https:\/\/noticiaempauta.com\/portal\/alepi-recebera-no-tce-piaui-o-selo-ouro-no-programa-nacional-de-transparencia-publica\/#primaryimage\"},\"image\":{\"@id\":\"https:\/\/noticiaempauta.com\/portal\/alepi-recebera-no-tce-piaui-o-selo-ouro-no-programa-nacional-de-transparencia-publica\/#primaryimage\"},\"thumbnailUrl\":\"https:\/\/noticiaempauta.com\/portal\/wp-content\/uploads\/2026\/03\/image_assessoria-30.webp\",\"datePublished\":\"2026-03-04T18:24:21+00:00\",\"dateModified\":\"2026-03-04T18:24:22+00:00\",\"breadcrumb\":{\"@id\":\"https:\/\/noticiaempauta.com\/portal\/alepi-recebera-no-tce-piaui-o-selo-ouro-no-programa-nacional-de-transparencia-publica\/#breadcrumb\"},\"inLanguage\":\"pt-BR\",\"potentialAction\":[{\"@type\":\"ReadAction\",\"target\":[\"https:\/\/noticiaempauta.com\/portal\/alepi-recebera-no-tce-piaui-o-selo-ouro-no-programa-nacional-de-transparencia-publica\/\"]}]},{\"@type\":\"ImageObject\",\"inLanguage\":\"pt-BR\",\"@id\":\"https:\/\/noticiaempauta.com\/portal\/alepi-recebera-no-tce-piaui-o-selo-ouro-no-programa-nacional-de-transparencia-publica\/#primaryimage\",\"url\":\"https:\/\/noticiaempauta.com\/portal\/wp-content\/uploads\/2026\/03\/image_assessoria-30.webp\",\"contentUrl\":\"https:\/\/noticiaempauta.com\/portal\/wp-content\/uploads\/2026\/03\/image_assessoria-30.webp\",\"width\":600,\"height\":399},{\"@type\":\"BreadcrumbList\",\"@id\":\"https:\/\/noticiaempauta.com\/portal\/alepi-recebera-no-tce-piaui-o-selo-ouro-no-programa-nacional-de-transparencia-publica\/#breadcrumb\",\"itemListElement\":[{\"@type\":\"ListItem\",\"position\":1,\"name\":\"P\u00e1gina Inicial\",\"item\":\"https:\/\/noticiaempauta.com\/portal\/\"},{\"@type\":\"ListItem\",\"position\":2,\"name\":\"Destaques\",\"item\":\"https:\/\/noticiaempauta.com\/portal\/destaques-site\/\"},{\"@type\":\"ListItem\",\"position\":3,\"name\":\"Alepi receber\u00e1 no TCE Piau\u00ed o Selo Ouro no Programa Nacional de Transpar\u00eancia P\u00fablica\"}]},{\"@type\":\"WebSite\",\"@id\":\"https:\/\/noticiaempauta.com\/portal\/#website\",\"url\":\"https:\/\/noticiaempauta.com\/portal\/\",\"name\":\"Portal Not\u00edcia em Pauta\",\"description\":\"Voc\u00ea bem informado\",\"publisher\":{\"@id\":\"https:\/\/noticiaempauta.com\/portal\/#organization\"},\"potentialAction\":[{\"@type\":\"SearchAction\",\"target\":{\"@type\":\"EntryPoint\",\"urlTemplate\":\"https:\/\/noticiaempauta.com\/portal\/?s={search_term_string}\"},\"query-input\":{\"@type\":\"PropertyValueSpecification\",\"valueRequired\":true,\"valueName\":\"search_term_string\"}}],\"inLanguage\":\"pt-BR\"},{\"@type\":\"Organization\",\"@id\":\"https:\/\/noticiaempauta.com\/portal\/#organization\",\"name\":\"Portal Not\u00edcia em Pauta\",\"url\":\"https:\/\/noticiaempauta.com\/portal\/\",\"logo\":{\"@type\":\"ImageObject\",\"inLanguage\":\"pt-BR\",\"@id\":\"https:\/\/noticiaempauta.com\/portal\/#\/schema\/logo\/image\/\",\"url\":\"https:\/\/noticiaempauta.com\/portal\/wp-content\/uploads\/2022\/08\/logomarca_tema.fw_.png\",\"contentUrl\":\"https:\/\/noticiaempauta.com\/portal\/wp-content\/uploads\/2022\/08\/logomarca_tema.fw_.png\",\"width\":400,\"height\":232,\"caption\":\"Portal Not\u00edcia em Pauta\"},\"image\":{\"@id\":\"https:\/\/noticiaempauta.com\/portal\/#\/schema\/logo\/image\/\"},\"sameAs\":[\"https:\/\/www.facebook.com\/Portal-Notcia-Em-Pauta-102292869264820\/\",\"https:\/\/www.instagram.com\/portalnoticiaempauta\/\"]},{\"@type\":\"Person\",\"@id\":\"https:\/\/noticiaempauta.com\/portal\/#\/schema\/person\/a74af43dd1ab3deca45f988c717d57ac\",\"name\":\"Reda\u00e7\u00e3o\",\"image\":{\"@type\":\"ImageObject\",\"inLanguage\":\"pt-BR\",\"@id\":\"https:\/\/noticiaempauta.com\/portal\/#\/schema\/person\/image\/\",\"url\":\"https:\/\/secure.gravatar.com\/avatar\/03179346ecce6cdfc13361603e8f54242a90e5cde8618fa23c5c00aa2b0aadf3?s=96&d=mm&r=g\",\"contentUrl\":\"https:\/\/secure.gravatar.com\/avatar\/03179346ecce6cdfc13361603e8f54242a90e5cde8618fa23c5c00aa2b0aadf3?s=96&d=mm&r=g\",\"caption\":\"Reda\u00e7\u00e3o\"},\"sameAs\":[\"https:\/\/noticiaempauta.com\/portal\/\"],\"url\":\"https:\/\/noticiaempauta.com\/portal\/author\/fernando\/\"}]}<\/script>\n<!-- \/ Yoast SEO Premium plugin. -->","yoast_head_json":{"title":"Alepi receber\u00e1 no TCE Piau\u00ed o Selo Ouro no Programa Nacional de Transpar\u00eancia P\u00fablica - Portal Not\u00edcia em Pauta","robots":{"index":"index","follow":"follow","max-snippet":"max-snippet:-1","max-image-preview":"max-image-preview:large","max-video-preview":"max-video-preview:-1"},"canonical":"https:\/\/noticiaempauta.com\/portal\/alepi-recebera-no-tce-piaui-o-selo-ouro-no-programa-nacional-de-transparencia-publica\/","og_locale":"pt_BR","og_type":"article","og_title":"Alepi receber\u00e1 no TCE Piau\u00ed o Selo Ouro no Programa Nacional de Transpar\u00eancia P\u00fablica","og_description":"A&nbsp; Assembleia Legislativa do Piau\u00ed (Alepi) ser\u00e1 uma das institui\u00e7\u00f5es agraciadas, nesta quinta-feira (5), com o Selo da Transpar\u00eancia P\u00fablica, concedido pelo Programa Nacional de Transpar\u00eancia P\u00fablica (PNTP) \u2014 iniciativa do Sistema de Tribunais de Contas que avalia e reconhece a qualidade dos portais da transpar\u00eancia dos \u00f3rg\u00e3os p\u00fablicos brasileiros. A solenidade de entrega ocorrer\u00e1 [&hellip;]","og_url":"https:\/\/noticiaempauta.com\/portal\/alepi-recebera-no-tce-piaui-o-selo-ouro-no-programa-nacional-de-transparencia-publica\/","og_site_name":"Portal Not\u00edcia em Pauta","article_publisher":"https:\/\/www.facebook.com\/Portal-Notcia-Em-Pauta-102292869264820\/","article_published_time":"2026-03-04T18:24:21+00:00","article_modified_time":"2026-03-04T18:24:22+00:00","og_image":[{"width":600,"height":399,"url":"https:\/\/noticiaempauta.com\/portal\/wp-content\/uploads\/2026\/03\/image_assessoria-30.webp","type":"image\/webp"}],"author":"Reda\u00e7\u00e3o","twitter_card":"summary_large_image","twitter_misc":{"Escrito por":"Reda\u00e7\u00e3o","Est. tempo de leitura":"3 minutos"},"schema":{"@context":"https:\/\/schema.org","@graph":[{"@type":"Article","@id":"https:\/\/noticiaempauta.com\/portal\/alepi-recebera-no-tce-piaui-o-selo-ouro-no-programa-nacional-de-transparencia-publica\/#article","isPartOf":{"@id":"https:\/\/noticiaempauta.com\/portal\/alepi-recebera-no-tce-piaui-o-selo-ouro-no-programa-nacional-de-transparencia-publica\/"},"author":{"name":"Reda\u00e7\u00e3o","@id":"https:\/\/noticiaempauta.com\/portal\/#\/schema\/person\/a74af43dd1ab3deca45f988c717d57ac"},"headline":"Alepi receber\u00e1 no TCE Piau\u00ed o Selo Ouro no Programa Nacional de Transpar\u00eancia P\u00fablica","datePublished":"2026-03-04T18:24:21+00:00","dateModified":"2026-03-04T18:24:22+00:00","mainEntityOfPage":{"@id":"https:\/\/noticiaempauta.com\/portal\/alepi-recebera-no-tce-piaui-o-selo-ouro-no-programa-nacional-de-transparencia-publica\/"},"wordCount":438,"publisher":{"@id":"https:\/\/noticiaempauta.com\/portal\/#organization"},"image":{"@id":"https:\/\/noticiaempauta.com\/portal\/alepi-recebera-no-tce-piaui-o-selo-ouro-no-programa-nacional-de-transparencia-publica\/#primaryimage"},"thumbnailUrl":"https:\/\/noticiaempauta.com\/portal\/wp-content\/uploads\/2026\/03\/image_assessoria-30.webp","keywords":["destaqueprincipal"],"articleSection":["Destaques","Geral","Todas as Not\u00edcias"],"inLanguage":"pt-BR"},{"@type":"WebPage","@id":"https:\/\/noticiaempauta.com\/portal\/alepi-recebera-no-tce-piaui-o-selo-ouro-no-programa-nacional-de-transparencia-publica\/","url":"https:\/\/noticiaempauta.com\/portal\/alepi-recebera-no-tce-piaui-o-selo-ouro-no-programa-nacional-de-transparencia-publica\/","name":"Alepi receber\u00e1 no TCE Piau\u00ed o Selo Ouro no Programa Nacional de Transpar\u00eancia P\u00fablica - Portal Not\u00edcia em Pauta","isPartOf":{"@id":"https:\/\/noticiaempauta.com\/portal\/#website"},"primaryImageOfPage":{"@id":"https:\/\/noticiaempauta.com\/portal\/alepi-recebera-no-tce-piaui-o-selo-ouro-no-programa-nacional-de-transparencia-publica\/#primaryimage"},"image":{"@id":"https:\/\/noticiaempauta.com\/portal\/alepi-recebera-no-tce-piaui-o-selo-ouro-no-programa-nacional-de-transparencia-publica\/#primaryimage"},"thumbnailUrl":"https:\/\/noticiaempauta.com\/portal\/wp-content\/uploads\/2026\/03\/image_assessoria-30.webp","datePublished":"2026-03-04T18:24:21+00:00","dateModified":"2026-03-04T18:24:22+00:00","breadcrumb":{"@id":"https:\/\/noticiaempauta.com\/portal\/alepi-recebera-no-tce-piaui-o-selo-ouro-no-programa-nacional-de-transparencia-publica\/#breadcrumb"},"inLanguage":"pt-BR","potentialAction":[{"@type":"ReadAction","target":["https:\/\/noticiaempauta.com\/portal\/alepi-recebera-no-tce-piaui-o-selo-ouro-no-programa-nacional-de-transparencia-publica\/"]}]},{"@type":"ImageObject","inLanguage":"pt-BR","@id":"https:\/\/noticiaempauta.com\/portal\/alepi-recebera-no-tce-piaui-o-selo-ouro-no-programa-nacional-de-transparencia-publica\/#primaryimage","url":"https:\/\/noticiaempauta.com\/portal\/wp-content\/uploads\/2026\/03\/image_assessoria-30.webp","contentUrl":"https:\/\/noticiaempauta.com\/portal\/wp-content\/uploads\/2026\/03\/image_assessoria-30.webp","width":600,"height":399},{"@type":"BreadcrumbList","@id":"https:\/\/noticiaempauta.com\/portal\/alepi-recebera-no-tce-piaui-o-selo-ouro-no-programa-nacional-de-transparencia-publica\/#breadcrumb","itemListElement":[{"@type":"ListItem","position":1,"name":"P\u00e1gina Inicial","item":"https:\/\/noticiaempauta.com\/portal\/"},{"@type":"ListItem","position":2,"name":"Destaques","item":"https:\/\/noticiaempauta.com\/portal\/destaques-site\/"},{"@type":"ListItem","position":3,"name":"Alepi receber\u00e1 no TCE Piau\u00ed o Selo Ouro no Programa Nacional de Transpar\u00eancia P\u00fablica"}]},{"@type":"WebSite","@id":"https:\/\/noticiaempauta.com\/portal\/#website","url":"https:\/\/noticiaempauta.com\/portal\/","name":"Portal Not\u00edcia em Pauta","description":"Voc\u00ea bem informado","publisher":{"@id":"https:\/\/noticiaempauta.com\/portal\/#organization"},"potentialAction":[{"@type":"SearchAction","target":{"@type":"EntryPoint","urlTemplate":"https:\/\/noticiaempauta.com\/portal\/?s={search_term_string}"},"query-input":{"@type":"PropertyValueSpecification","valueRequired":true,"valueName":"search_term_string"}}],"inLanguage":"pt-BR"},{"@type":"Organization","@id":"https:\/\/noticiaempauta.com\/portal\/#organization","name":"Portal Not\u00edcia em Pauta","url":"https:\/\/noticiaempauta.com\/portal\/","logo":{"@type":"ImageObject","inLanguage":"pt-BR","@id":"https:\/\/noticiaempauta.com\/portal\/#\/schema\/logo\/image\/","url":"https:\/\/noticiaempauta.com\/portal\/wp-content\/uploads\/2022\/08\/logomarca_tema.fw_.png","contentUrl":"https:\/\/noticiaempauta.com\/portal\/wp-content\/uploads\/2022\/08\/logomarca_tema.fw_.png","width":400,"height":232,"caption":"Portal Not\u00edcia em Pauta"},"image":{"@id":"https:\/\/noticiaempauta.com\/portal\/#\/schema\/logo\/image\/"},"sameAs":["https:\/\/www.facebook.com\/Portal-Notcia-Em-Pauta-102292869264820\/","https:\/\/www.instagram.com\/portalnoticiaempauta\/"]},{"@type":"Person","@id":"https:\/\/noticiaempauta.com\/portal\/#\/schema\/person\/a74af43dd1ab3deca45f988c717d57ac","name":"Reda\u00e7\u00e3o","image":{"@type":"ImageObject","inLanguage":"pt-BR","@id":"https:\/\/noticiaempauta.com\/portal\/#\/schema\/person\/image\/","url":"https:\/\/secure.gravatar.com\/avatar\/03179346ecce6cdfc13361603e8f54242a90e5cde8618fa23c5c00aa2b0aadf3?s=96&d=mm&r=g","contentUrl":"https:\/\/secure.gravatar.com\/avatar\/03179346ecce6cdfc13361603e8f54242a90e5cde8618fa23c5c00aa2b0aadf3?s=96&d=mm&r=g","caption":"Reda\u00e7\u00e3o"},"sameAs":["https:\/\/noticiaempauta.com\/portal\/"],"url":"https:\/\/noticiaempauta.com\/portal\/author\/fernando\/"}]}},"_links":{"self":[{"href":"https:\/\/noticiaempauta.com\/portal\/wp-json\/wp\/v2\/posts\/285942","targetHints":{"allow":["GET"]}}],"collection":[{"href":"https:\/\/noticiaempauta.com\/portal\/wp-json\/wp\/v2\/posts"}],"about":[{"href":"https:\/\/noticiaempauta.com\/portal\/wp-json\/wp\/v2\/types\/post"}],"author":[{"embeddable":true,"href":"https:\/\/noticiaempauta.com\/portal\/wp-json\/wp\/v2\/users\/2"}],"replies":[{"embeddable":true,"href":"https:\/\/noticiaempauta.com\/portal\/wp-json\/wp\/v2\/comments?post=285942"}],"version-history":[{"count":2,"href":"https:\/\/noticiaempauta.com\/portal\/wp-json\/wp\/v2\/posts\/285942\/revisions"}],"predecessor-version":[{"id":285945,"href":"https:\/\/noticiaempauta.com\/portal\/wp-json\/wp\/v2\/posts\/285942\/revisions\/285945"}],"wp:featuredmedia":[{"embeddable":true,"href":"https:\/\/noticiaempauta.com\/portal\/wp-json\/wp\/v2\/media\/285943"}],"wp:attachment":[{"href":"https:\/\/noticiaempauta.com\/portal\/wp-json\/wp\/v2\/media?parent=285942"}],"wp:term":[{"taxonomy":"category","embeddable":true,"href":"https:\/\/noticiaempauta.com\/portal\/wp-json\/wp\/v2\/categories?post=285942"},{"taxonomy":"post_tag","embeddable":true,"href":"https:\/\/noticiaempauta.com\/portal\/wp-json\/wp\/v2\/tags?post=285942"}],"curies":[{"name":"wp","href":"https:\/\/api.w.org\/{rel}","templated":true}]}}