{"id":285946,"date":"2026-03-04T16:53:16","date_gmt":"2026-03-04T19:53:16","guid":{"rendered":"https:\/\/noticiaempauta.com\/portal\/?p=285946"},"modified":"2026-03-04T16:53:18","modified_gmt":"2026-03-04T19:53:18","slug":"assessoria-juridica-de-aroeiras-do-itaim-marca-presenca-em-reuniao-tecnica-da-appm","status":"publish","type":"post","link":"https:\/\/noticiaempauta.com\/portal\/assessoria-juridica-de-aroeiras-do-itaim-marca-presenca-em-reuniao-tecnica-da-appm\/","title":{"rendered":"Assessoria Jur\u00eddica de Aroeiras do Itaim marca presen\u00e7a em reuni\u00e3o t\u00e9cnica da APPM"},"content":{"rendered":"\n<p><\/p>\n\n\n\n<p>A Assessoria Jur\u00eddica do Munic\u00edpio de Aroeiras do Itaim participou nesta ter\u00e7a-feira (03), de reuni\u00e3o t\u00e9cnica promovida pela Associa\u00e7\u00e3o Piauiense de Munic\u00edpios (APPM), que reuniu gestores e procuradores municipais de diversas regi\u00f5es para debater temas estruturantes da administra\u00e7\u00e3o p\u00fablica. O encontro teve como foco a realidade dos munic\u00edpios piauienses e as diretrizes de controle externo estabelecidas pelo Tribunal de Contas do Estado do Piau\u00ed, com \u00eanfase na preven\u00e7\u00e3o de irregularidades e no fortalecimento da seguran\u00e7a jur\u00eddica das gest\u00f5es locais.<\/p>\n\n\n\n<figure class=\"wp-block-image size-large\"><img fetchpriority=\"high\" decoding=\"async\" width=\"718\" height=\"1024\" src=\"https:\/\/noticiaempauta.com\/portal\/wp-content\/uploads\/2026\/03\/WhatsApp-Image-2026-03-04-at-12.51.30-1-718x1024.webp\" alt=\"\" class=\"wp-image-285947\" srcset=\"https:\/\/noticiaempauta.com\/portal\/wp-content\/uploads\/2026\/03\/WhatsApp-Image-2026-03-04-at-12.51.30-1-718x1024.webp 718w, https:\/\/noticiaempauta.com\/portal\/wp-content\/uploads\/2026\/03\/WhatsApp-Image-2026-03-04-at-12.51.30-1-210x300.webp 210w, https:\/\/noticiaempauta.com\/portal\/wp-content\/uploads\/2026\/03\/WhatsApp-Image-2026-03-04-at-12.51.30-1-768x1095.webp 768w, https:\/\/noticiaempauta.com\/portal\/wp-content\/uploads\/2026\/03\/WhatsApp-Image-2026-03-04-at-12.51.30-1.webp 900w\" sizes=\"(max-width: 718px) 100vw, 718px\" \/><\/figure>\n\n\n\n<p>Representando o Munic\u00edpio de Aroeiras do Itaim, participaram o Procurador-Geral, Dr. Elianderson Moura, al\u00e9m dos advogados e consultores jur\u00eddicos Ricardo Rodrigues de Sousa Martins Neto e Jayro Mac\u00eado de Moura. A presen\u00e7a da equipe jur\u00eddica de forma integrada refor\u00e7a o compromisso institucional com a atualiza\u00e7\u00e3o t\u00e9cnica permanente e com o alinhamento \u00e0s orienta\u00e7\u00f5es dos \u00f3rg\u00e3os de controle.<\/p>\n\n\n\n<p>Durante a programa\u00e7\u00e3o, foram discutidos temas sens\u00edveis \u00e0 legalidade administrativa e \u00e0 responsabilidade fiscal, entre eles a contrata\u00e7\u00e3o tempor\u00e1ria no \u00e2mbito municipal, que, conforme o art. 37, IX, da Constitui\u00e7\u00e3o Federal, deve atender a necessidade tempor\u00e1ria de excepcional interesse p\u00fablico, n\u00e3o podendo substituir indevidamente o concurso p\u00fablico. O TCE-PI tem orientado que a legisla\u00e7\u00e3o municipal estabele\u00e7a hip\u00f3teses claras de contrata\u00e7\u00e3o, justificativa da excepcionalidade, prazo determinado compat\u00edvel com a demanda e realiza\u00e7\u00e3o de processo seletivo simplificado com crit\u00e9rios objetivos.<\/p>\n\n\n\n<figure class=\"wp-block-image size-large\"><img decoding=\"async\" width=\"1024\" height=\"576\" src=\"https:\/\/noticiaempauta.com\/portal\/wp-content\/uploads\/2026\/03\/WhatsApp-Image-2026-03-04-at-12.51.30-1024x576.webp\" alt=\"\" class=\"wp-image-285948\" srcset=\"https:\/\/noticiaempauta.com\/portal\/wp-content\/uploads\/2026\/03\/WhatsApp-Image-2026-03-04-at-12.51.30-1024x576.webp 1024w, https:\/\/noticiaempauta.com\/portal\/wp-content\/uploads\/2026\/03\/WhatsApp-Image-2026-03-04-at-12.51.30-300x169.webp 300w, https:\/\/noticiaempauta.com\/portal\/wp-content\/uploads\/2026\/03\/WhatsApp-Image-2026-03-04-at-12.51.30-768x432.webp 768w, https:\/\/noticiaempauta.com\/portal\/wp-content\/uploads\/2026\/03\/WhatsApp-Image-2026-03-04-at-12.51.30-1536x864.webp 1536w, https:\/\/noticiaempauta.com\/portal\/wp-content\/uploads\/2026\/03\/WhatsApp-Image-2026-03-04-at-12.51.30.webp 1600w\" sizes=\"(max-width: 1024px) 100vw, 1024px\" \/><\/figure>\n\n\n\n<p>Outro ponto de destaque foi a realiza\u00e7\u00e3o de concursos p\u00fablicos e a possibilidade de ado\u00e7\u00e3o do modelo de concurso unificado por munic\u00edpios de pequeno porte, como estrat\u00e9gia de economicidade e efici\u00eancia administrativa. O Tribunal de Contas tem refor\u00e7ado a import\u00e2ncia do planejamento pr\u00e9vio, do estudo de impacto or\u00e7ament\u00e1rio-financeiro e da observ\u00e2ncia dos limites da Lei de Responsabilidade Fiscal antes da cria\u00e7\u00e3o ou provimento de cargos efetivos.<\/p>\n\n\n\n<p>Tamb\u00e9m estiveram na pauta as emendas impositivas e seus reflexos na execu\u00e7\u00e3o or\u00e7ament\u00e1ria municipal. A orienta\u00e7\u00e3o t\u00e9cnica enfatiza que a execu\u00e7\u00e3o dessas emendas deve observar a compatibilidade com o PPA, a LDO e a LOA, al\u00e9m do respeito \u00e0 disponibilidade financeira e \u00e0 ordem cronol\u00f3gica de pagamentos, sob pena de responsabiliza\u00e7\u00e3o por eventual desequil\u00edbrio fiscal.<\/p>\n\n\n\n<p>A reuni\u00e3o abordou ainda a institui\u00e7\u00e3o da taxa de manejo de res\u00edduos s\u00f3lidos, tema que exige dos munic\u00edpios estudo t\u00e9cnico detalhado que comprove a especificidade e divisibilidade do servi\u00e7o, a adequa\u00e7\u00e3o da base de c\u00e1lculo e a proporcionalidade da cobran\u00e7a. O TCE-PI tem exigido fundamenta\u00e7\u00e3o robusta para evitar inconsist\u00eancias na cria\u00e7\u00e3o ou na cobran\u00e7a do tributo.<\/p>\n\n\n\n<p>No campo das contrata\u00e7\u00f5es p\u00fablicas, houve orienta\u00e7\u00e3o espec\u00edfica quanto \u00e0 contrata\u00e7\u00e3o de artistas por inexigibilidade de licita\u00e7\u00e3o, nos termos da Lei n\u00ba 14.133\/2021. O Tribunal tem intensificado a fiscaliza\u00e7\u00e3o dessas contrata\u00e7\u00f5es, exigindo a demonstra\u00e7\u00e3o da consagra\u00e7\u00e3o do artista, justificativa t\u00e9cnica do pre\u00e7o e formaliza\u00e7\u00e3o completa do processo administrativo, especialmente em per\u00edodos festivos.<\/p>\n\n\n\n<p>Por fim, foram discutidos os impactos da Reforma Tribut\u00e1ria, especialmente com a implementa\u00e7\u00e3o do Imposto sobre Bens e Servi\u00e7os (IBS), que substituir\u00e1 gradualmente o ISS e outros tributos sobre o consumo. Para os munic\u00edpios piauienses, o principal desafio ser\u00e1 a adapta\u00e7\u00e3o ao novo modelo de reparti\u00e7\u00e3o de receitas, exigindo planejamento estrat\u00e9gico, adequa\u00e7\u00e3o legislativa local e acompanhamento permanente das normas complementares.<\/p>\n\n\n\n<p>Segundo o Procurador-Geral, Dr. Elianderson Moura, a participa\u00e7\u00e3o no encontro fortalece a atua\u00e7\u00e3o preventiva da assessoria jur\u00eddica e contribui para maior seguran\u00e7a nos atos de gest\u00e3o. \u201cNos munic\u00edpios piauienses, a atua\u00e7\u00e3o jur\u00eddica precisa ser preventiva, t\u00e9cnica e alinhada \u00e0s orienta\u00e7\u00f5es do Tribunal de Contas. Cada decis\u00e3o administrativa deve estar fundamentada n\u00e3o apenas na lei, mas tamb\u00e9m nas diretrizes de controle externo\u201d, destacou.<\/p>\n\n\n\n<p>A presen\u00e7a da equipe jur\u00eddica no evento reafirma o compromisso do Munic\u00edpio de Aroeiras do Itaim com a legalidade, a responsabilidade fiscal e a boa governan\u00e7a, fortalecendo a gest\u00e3o p\u00fablica e a defesa do interesse coletivo.<\/p>\n\n\n\n<p><\/p>\n","protected":false},"excerpt":{"rendered":"<p>A Assessoria Jur\u00eddica do Munic\u00edpio de Aroeiras do Itaim participou nesta ter\u00e7a-feira (03), de reuni\u00e3o t\u00e9cnica promovida pela Associa\u00e7\u00e3o Piauiense de Munic\u00edpios (APPM), que reuniu gestores e procuradores municipais de diversas regi\u00f5es para debater temas estruturantes da administra\u00e7\u00e3o p\u00fablica. O encontro teve como foco a realidade dos munic\u00edpios piauienses e as diretrizes de controle externo [&hellip;]<\/p>\n","protected":false},"author":2,"featured_media":285949,"comment_status":"closed","ping_status":"closed","sticky":false,"template":"","format":"standard","meta":{"_mi_skip_tracking":false,"footnotes":""},"categories":[1,9,16],"tags":[],"class_list":["post-285946","post","type-post","status-publish","format-standard","has-post-thumbnail","hentry","category-geral","category-municipios","category-todas"],"acf":[],"yoast_head":"<!-- This site is optimized with the Yoast SEO Premium plugin v19.2 (Yoast SEO v26.9) - https:\/\/yoast.com\/product\/yoast-seo-premium-wordpress\/ -->\n<title>Assessoria Jur\u00eddica de Aroeiras do Itaim marca presen\u00e7a em reuni\u00e3o t\u00e9cnica da APPM - Portal Not\u00edcia em Pauta<\/title>\n<meta name=\"robots\" content=\"index, follow, max-snippet:-1, max-image-preview:large, max-video-preview:-1\" \/>\n<link rel=\"canonical\" href=\"https:\/\/noticiaempauta.com\/portal\/assessoria-juridica-de-aroeiras-do-itaim-marca-presenca-em-reuniao-tecnica-da-appm\/\" \/>\n<meta property=\"og:locale\" content=\"pt_BR\" \/>\n<meta property=\"og:type\" content=\"article\" \/>\n<meta property=\"og:title\" content=\"Assessoria Jur\u00eddica de Aroeiras do Itaim marca presen\u00e7a em reuni\u00e3o t\u00e9cnica da APPM\" \/>\n<meta property=\"og:description\" content=\"A Assessoria Jur\u00eddica do Munic\u00edpio de Aroeiras do Itaim participou nesta ter\u00e7a-feira (03), de reuni\u00e3o t\u00e9cnica promovida pela Associa\u00e7\u00e3o Piauiense de Munic\u00edpios (APPM), que reuniu gestores e procuradores municipais de diversas regi\u00f5es para debater temas estruturantes da administra\u00e7\u00e3o p\u00fablica. O encontro teve como foco a realidade dos munic\u00edpios piauienses e as diretrizes de controle externo [&hellip;]\" \/>\n<meta property=\"og:url\" content=\"https:\/\/noticiaempauta.com\/portal\/assessoria-juridica-de-aroeiras-do-itaim-marca-presenca-em-reuniao-tecnica-da-appm\/\" \/>\n<meta property=\"og:site_name\" content=\"Portal Not\u00edcia em Pauta\" \/>\n<meta property=\"article:publisher\" content=\"https:\/\/www.facebook.com\/Portal-Notcia-Em-Pauta-102292869264820\/\" \/>\n<meta property=\"article:published_time\" content=\"2026-03-04T19:53:16+00:00\" \/>\n<meta property=\"article:modified_time\" content=\"2026-03-04T19:53:18+00:00\" \/>\n<meta property=\"og:image\" content=\"https:\/\/noticiaempauta.com\/portal\/wp-content\/uploads\/2026\/03\/WhatsApp-Image-2026-03-04-at-12.51.30-1-1.webp\" \/>\n\t<meta property=\"og:image:width\" content=\"900\" \/>\n\t<meta property=\"og:image:height\" content=\"969\" \/>\n\t<meta property=\"og:image:type\" content=\"image\/webp\" \/>\n<meta name=\"author\" content=\"Reda\u00e7\u00e3o\" \/>\n<meta name=\"twitter:card\" content=\"summary_large_image\" \/>\n<meta name=\"twitter:label1\" content=\"Escrito por\" \/>\n\t<meta name=\"twitter:data1\" content=\"Reda\u00e7\u00e3o\" \/>\n\t<meta name=\"twitter:label2\" content=\"Est. tempo de leitura\" \/>\n\t<meta name=\"twitter:data2\" content=\"4 minutos\" \/>\n<script type=\"application\/ld+json\" class=\"yoast-schema-graph\">{\"@context\":\"https:\/\/schema.org\",\"@graph\":[{\"@type\":\"Article\",\"@id\":\"https:\/\/noticiaempauta.com\/portal\/assessoria-juridica-de-aroeiras-do-itaim-marca-presenca-em-reuniao-tecnica-da-appm\/#article\",\"isPartOf\":{\"@id\":\"https:\/\/noticiaempauta.com\/portal\/assessoria-juridica-de-aroeiras-do-itaim-marca-presenca-em-reuniao-tecnica-da-appm\/\"},\"author\":{\"name\":\"Reda\u00e7\u00e3o\",\"@id\":\"https:\/\/noticiaempauta.com\/portal\/#\/schema\/person\/a74af43dd1ab3deca45f988c717d57ac\"},\"headline\":\"Assessoria Jur\u00eddica de Aroeiras do Itaim marca presen\u00e7a em reuni\u00e3o t\u00e9cnica da APPM\",\"datePublished\":\"2026-03-04T19:53:16+00:00\",\"dateModified\":\"2026-03-04T19:53:18+00:00\",\"mainEntityOfPage\":{\"@id\":\"https:\/\/noticiaempauta.com\/portal\/assessoria-juridica-de-aroeiras-do-itaim-marca-presenca-em-reuniao-tecnica-da-appm\/\"},\"wordCount\":731,\"publisher\":{\"@id\":\"https:\/\/noticiaempauta.com\/portal\/#organization\"},\"image\":{\"@id\":\"https:\/\/noticiaempauta.com\/portal\/assessoria-juridica-de-aroeiras-do-itaim-marca-presenca-em-reuniao-tecnica-da-appm\/#primaryimage\"},\"thumbnailUrl\":\"https:\/\/noticiaempauta.com\/portal\/wp-content\/uploads\/2026\/03\/WhatsApp-Image-2026-03-04-at-12.51.30-1-1.webp\",\"articleSection\":[\"Geral\",\"Munic\u00edpios\",\"Todas as Not\u00edcias\"],\"inLanguage\":\"pt-BR\"},{\"@type\":\"WebPage\",\"@id\":\"https:\/\/noticiaempauta.com\/portal\/assessoria-juridica-de-aroeiras-do-itaim-marca-presenca-em-reuniao-tecnica-da-appm\/\",\"url\":\"https:\/\/noticiaempauta.com\/portal\/assessoria-juridica-de-aroeiras-do-itaim-marca-presenca-em-reuniao-tecnica-da-appm\/\",\"name\":\"Assessoria Jur\u00eddica de Aroeiras do Itaim marca presen\u00e7a em reuni\u00e3o t\u00e9cnica da APPM - Portal Not\u00edcia em Pauta\",\"isPartOf\":{\"@id\":\"https:\/\/noticiaempauta.com\/portal\/#website\"},\"primaryImageOfPage\":{\"@id\":\"https:\/\/noticiaempauta.com\/portal\/assessoria-juridica-de-aroeiras-do-itaim-marca-presenca-em-reuniao-tecnica-da-appm\/#primaryimage\"},\"image\":{\"@id\":\"https:\/\/noticiaempauta.com\/portal\/assessoria-juridica-de-aroeiras-do-itaim-marca-presenca-em-reuniao-tecnica-da-appm\/#primaryimage\"},\"thumbnailUrl\":\"https:\/\/noticiaempauta.com\/portal\/wp-content\/uploads\/2026\/03\/WhatsApp-Image-2026-03-04-at-12.51.30-1-1.webp\",\"datePublished\":\"2026-03-04T19:53:16+00:00\",\"dateModified\":\"2026-03-04T19:53:18+00:00\",\"breadcrumb\":{\"@id\":\"https:\/\/noticiaempauta.com\/portal\/assessoria-juridica-de-aroeiras-do-itaim-marca-presenca-em-reuniao-tecnica-da-appm\/#breadcrumb\"},\"inLanguage\":\"pt-BR\",\"potentialAction\":[{\"@type\":\"ReadAction\",\"target\":[\"https:\/\/noticiaempauta.com\/portal\/assessoria-juridica-de-aroeiras-do-itaim-marca-presenca-em-reuniao-tecnica-da-appm\/\"]}]},{\"@type\":\"ImageObject\",\"inLanguage\":\"pt-BR\",\"@id\":\"https:\/\/noticiaempauta.com\/portal\/assessoria-juridica-de-aroeiras-do-itaim-marca-presenca-em-reuniao-tecnica-da-appm\/#primaryimage\",\"url\":\"https:\/\/noticiaempauta.com\/portal\/wp-content\/uploads\/2026\/03\/WhatsApp-Image-2026-03-04-at-12.51.30-1-1.webp\",\"contentUrl\":\"https:\/\/noticiaempauta.com\/portal\/wp-content\/uploads\/2026\/03\/WhatsApp-Image-2026-03-04-at-12.51.30-1-1.webp\",\"width\":900,\"height\":969},{\"@type\":\"BreadcrumbList\",\"@id\":\"https:\/\/noticiaempauta.com\/portal\/assessoria-juridica-de-aroeiras-do-itaim-marca-presenca-em-reuniao-tecnica-da-appm\/#breadcrumb\",\"itemListElement\":[{\"@type\":\"ListItem\",\"position\":1,\"name\":\"P\u00e1gina Inicial\",\"item\":\"https:\/\/noticiaempauta.com\/portal\/\"},{\"@type\":\"ListItem\",\"position\":2,\"name\":\"Geral\",\"item\":\"https:\/\/noticiaempauta.com\/portal\/geral\/\"},{\"@type\":\"ListItem\",\"position\":3,\"name\":\"Assessoria Jur\u00eddica de Aroeiras do Itaim marca presen\u00e7a em reuni\u00e3o t\u00e9cnica da APPM\"}]},{\"@type\":\"WebSite\",\"@id\":\"https:\/\/noticiaempauta.com\/portal\/#website\",\"url\":\"https:\/\/noticiaempauta.com\/portal\/\",\"name\":\"Portal Not\u00edcia em Pauta\",\"description\":\"Voc\u00ea bem informado\",\"publisher\":{\"@id\":\"https:\/\/noticiaempauta.com\/portal\/#organization\"},\"potentialAction\":[{\"@type\":\"SearchAction\",\"target\":{\"@type\":\"EntryPoint\",\"urlTemplate\":\"https:\/\/noticiaempauta.com\/portal\/?s={search_term_string}\"},\"query-input\":{\"@type\":\"PropertyValueSpecification\",\"valueRequired\":true,\"valueName\":\"search_term_string\"}}],\"inLanguage\":\"pt-BR\"},{\"@type\":\"Organization\",\"@id\":\"https:\/\/noticiaempauta.com\/portal\/#organization\",\"name\":\"Portal Not\u00edcia em Pauta\",\"url\":\"https:\/\/noticiaempauta.com\/portal\/\",\"logo\":{\"@type\":\"ImageObject\",\"inLanguage\":\"pt-BR\",\"@id\":\"https:\/\/noticiaempauta.com\/portal\/#\/schema\/logo\/image\/\",\"url\":\"https:\/\/noticiaempauta.com\/portal\/wp-content\/uploads\/2022\/08\/logomarca_tema.fw_.png\",\"contentUrl\":\"https:\/\/noticiaempauta.com\/portal\/wp-content\/uploads\/2022\/08\/logomarca_tema.fw_.png\",\"width\":400,\"height\":232,\"caption\":\"Portal Not\u00edcia em Pauta\"},\"image\":{\"@id\":\"https:\/\/noticiaempauta.com\/portal\/#\/schema\/logo\/image\/\"},\"sameAs\":[\"https:\/\/www.facebook.com\/Portal-Notcia-Em-Pauta-102292869264820\/\",\"https:\/\/www.instagram.com\/portalnoticiaempauta\/\"]},{\"@type\":\"Person\",\"@id\":\"https:\/\/noticiaempauta.com\/portal\/#\/schema\/person\/a74af43dd1ab3deca45f988c717d57ac\",\"name\":\"Reda\u00e7\u00e3o\",\"image\":{\"@type\":\"ImageObject\",\"inLanguage\":\"pt-BR\",\"@id\":\"https:\/\/noticiaempauta.com\/portal\/#\/schema\/person\/image\/\",\"url\":\"https:\/\/secure.gravatar.com\/avatar\/03179346ecce6cdfc13361603e8f54242a90e5cde8618fa23c5c00aa2b0aadf3?s=96&d=mm&r=g\",\"contentUrl\":\"https:\/\/secure.gravatar.com\/avatar\/03179346ecce6cdfc13361603e8f54242a90e5cde8618fa23c5c00aa2b0aadf3?s=96&d=mm&r=g\",\"caption\":\"Reda\u00e7\u00e3o\"},\"sameAs\":[\"https:\/\/noticiaempauta.com\/portal\/\"],\"url\":\"https:\/\/noticiaempauta.com\/portal\/author\/fernando\/\"}]}<\/script>\n<!-- \/ Yoast SEO Premium plugin. -->","yoast_head_json":{"title":"Assessoria Jur\u00eddica de Aroeiras do Itaim marca presen\u00e7a em reuni\u00e3o t\u00e9cnica da APPM - Portal Not\u00edcia em Pauta","robots":{"index":"index","follow":"follow","max-snippet":"max-snippet:-1","max-image-preview":"max-image-preview:large","max-video-preview":"max-video-preview:-1"},"canonical":"https:\/\/noticiaempauta.com\/portal\/assessoria-juridica-de-aroeiras-do-itaim-marca-presenca-em-reuniao-tecnica-da-appm\/","og_locale":"pt_BR","og_type":"article","og_title":"Assessoria Jur\u00eddica de Aroeiras do Itaim marca presen\u00e7a em reuni\u00e3o t\u00e9cnica da APPM","og_description":"A Assessoria Jur\u00eddica do Munic\u00edpio de Aroeiras do Itaim participou nesta ter\u00e7a-feira (03), de reuni\u00e3o t\u00e9cnica promovida pela Associa\u00e7\u00e3o Piauiense de Munic\u00edpios (APPM), que reuniu gestores e procuradores municipais de diversas regi\u00f5es para debater temas estruturantes da administra\u00e7\u00e3o p\u00fablica. O encontro teve como foco a realidade dos munic\u00edpios piauienses e as diretrizes de controle externo [&hellip;]","og_url":"https:\/\/noticiaempauta.com\/portal\/assessoria-juridica-de-aroeiras-do-itaim-marca-presenca-em-reuniao-tecnica-da-appm\/","og_site_name":"Portal Not\u00edcia em Pauta","article_publisher":"https:\/\/www.facebook.com\/Portal-Notcia-Em-Pauta-102292869264820\/","article_published_time":"2026-03-04T19:53:16+00:00","article_modified_time":"2026-03-04T19:53:18+00:00","og_image":[{"width":900,"height":969,"url":"https:\/\/noticiaempauta.com\/portal\/wp-content\/uploads\/2026\/03\/WhatsApp-Image-2026-03-04-at-12.51.30-1-1.webp","type":"image\/webp"}],"author":"Reda\u00e7\u00e3o","twitter_card":"summary_large_image","twitter_misc":{"Escrito por":"Reda\u00e7\u00e3o","Est. tempo de leitura":"4 minutos"},"schema":{"@context":"https:\/\/schema.org","@graph":[{"@type":"Article","@id":"https:\/\/noticiaempauta.com\/portal\/assessoria-juridica-de-aroeiras-do-itaim-marca-presenca-em-reuniao-tecnica-da-appm\/#article","isPartOf":{"@id":"https:\/\/noticiaempauta.com\/portal\/assessoria-juridica-de-aroeiras-do-itaim-marca-presenca-em-reuniao-tecnica-da-appm\/"},"author":{"name":"Reda\u00e7\u00e3o","@id":"https:\/\/noticiaempauta.com\/portal\/#\/schema\/person\/a74af43dd1ab3deca45f988c717d57ac"},"headline":"Assessoria Jur\u00eddica de Aroeiras do Itaim marca presen\u00e7a em reuni\u00e3o t\u00e9cnica da APPM","datePublished":"2026-03-04T19:53:16+00:00","dateModified":"2026-03-04T19:53:18+00:00","mainEntityOfPage":{"@id":"https:\/\/noticiaempauta.com\/portal\/assessoria-juridica-de-aroeiras-do-itaim-marca-presenca-em-reuniao-tecnica-da-appm\/"},"wordCount":731,"publisher":{"@id":"https:\/\/noticiaempauta.com\/portal\/#organization"},"image":{"@id":"https:\/\/noticiaempauta.com\/portal\/assessoria-juridica-de-aroeiras-do-itaim-marca-presenca-em-reuniao-tecnica-da-appm\/#primaryimage"},"thumbnailUrl":"https:\/\/noticiaempauta.com\/portal\/wp-content\/uploads\/2026\/03\/WhatsApp-Image-2026-03-04-at-12.51.30-1-1.webp","articleSection":["Geral","Munic\u00edpios","Todas as Not\u00edcias"],"inLanguage":"pt-BR"},{"@type":"WebPage","@id":"https:\/\/noticiaempauta.com\/portal\/assessoria-juridica-de-aroeiras-do-itaim-marca-presenca-em-reuniao-tecnica-da-appm\/","url":"https:\/\/noticiaempauta.com\/portal\/assessoria-juridica-de-aroeiras-do-itaim-marca-presenca-em-reuniao-tecnica-da-appm\/","name":"Assessoria Jur\u00eddica de Aroeiras do Itaim marca presen\u00e7a em reuni\u00e3o t\u00e9cnica da APPM - Portal Not\u00edcia em Pauta","isPartOf":{"@id":"https:\/\/noticiaempauta.com\/portal\/#website"},"primaryImageOfPage":{"@id":"https:\/\/noticiaempauta.com\/portal\/assessoria-juridica-de-aroeiras-do-itaim-marca-presenca-em-reuniao-tecnica-da-appm\/#primaryimage"},"image":{"@id":"https:\/\/noticiaempauta.com\/portal\/assessoria-juridica-de-aroeiras-do-itaim-marca-presenca-em-reuniao-tecnica-da-appm\/#primaryimage"},"thumbnailUrl":"https:\/\/noticiaempauta.com\/portal\/wp-content\/uploads\/2026\/03\/WhatsApp-Image-2026-03-04-at-12.51.30-1-1.webp","datePublished":"2026-03-04T19:53:16+00:00","dateModified":"2026-03-04T19:53:18+00:00","breadcrumb":{"@id":"https:\/\/noticiaempauta.com\/portal\/assessoria-juridica-de-aroeiras-do-itaim-marca-presenca-em-reuniao-tecnica-da-appm\/#breadcrumb"},"inLanguage":"pt-BR","potentialAction":[{"@type":"ReadAction","target":["https:\/\/noticiaempauta.com\/portal\/assessoria-juridica-de-aroeiras-do-itaim-marca-presenca-em-reuniao-tecnica-da-appm\/"]}]},{"@type":"ImageObject","inLanguage":"pt-BR","@id":"https:\/\/noticiaempauta.com\/portal\/assessoria-juridica-de-aroeiras-do-itaim-marca-presenca-em-reuniao-tecnica-da-appm\/#primaryimage","url":"https:\/\/noticiaempauta.com\/portal\/wp-content\/uploads\/2026\/03\/WhatsApp-Image-2026-03-04-at-12.51.30-1-1.webp","contentUrl":"https:\/\/noticiaempauta.com\/portal\/wp-content\/uploads\/2026\/03\/WhatsApp-Image-2026-03-04-at-12.51.30-1-1.webp","width":900,"height":969},{"@type":"BreadcrumbList","@id":"https:\/\/noticiaempauta.com\/portal\/assessoria-juridica-de-aroeiras-do-itaim-marca-presenca-em-reuniao-tecnica-da-appm\/#breadcrumb","itemListElement":[{"@type":"ListItem","position":1,"name":"P\u00e1gina Inicial","item":"https:\/\/noticiaempauta.com\/portal\/"},{"@type":"ListItem","position":2,"name":"Geral","item":"https:\/\/noticiaempauta.com\/portal\/geral\/"},{"@type":"ListItem","position":3,"name":"Assessoria Jur\u00eddica de Aroeiras do Itaim marca presen\u00e7a em reuni\u00e3o t\u00e9cnica da APPM"}]},{"@type":"WebSite","@id":"https:\/\/noticiaempauta.com\/portal\/#website","url":"https:\/\/noticiaempauta.com\/portal\/","name":"Portal Not\u00edcia em Pauta","description":"Voc\u00ea bem informado","publisher":{"@id":"https:\/\/noticiaempauta.com\/portal\/#organization"},"potentialAction":[{"@type":"SearchAction","target":{"@type":"EntryPoint","urlTemplate":"https:\/\/noticiaempauta.com\/portal\/?s={search_term_string}"},"query-input":{"@type":"PropertyValueSpecification","valueRequired":true,"valueName":"search_term_string"}}],"inLanguage":"pt-BR"},{"@type":"Organization","@id":"https:\/\/noticiaempauta.com\/portal\/#organization","name":"Portal Not\u00edcia em Pauta","url":"https:\/\/noticiaempauta.com\/portal\/","logo":{"@type":"ImageObject","inLanguage":"pt-BR","@id":"https:\/\/noticiaempauta.com\/portal\/#\/schema\/logo\/image\/","url":"https:\/\/noticiaempauta.com\/portal\/wp-content\/uploads\/2022\/08\/logomarca_tema.fw_.png","contentUrl":"https:\/\/noticiaempauta.com\/portal\/wp-content\/uploads\/2022\/08\/logomarca_tema.fw_.png","width":400,"height":232,"caption":"Portal Not\u00edcia em Pauta"},"image":{"@id":"https:\/\/noticiaempauta.com\/portal\/#\/schema\/logo\/image\/"},"sameAs":["https:\/\/www.facebook.com\/Portal-Notcia-Em-Pauta-102292869264820\/","https:\/\/www.instagram.com\/portalnoticiaempauta\/"]},{"@type":"Person","@id":"https:\/\/noticiaempauta.com\/portal\/#\/schema\/person\/a74af43dd1ab3deca45f988c717d57ac","name":"Reda\u00e7\u00e3o","image":{"@type":"ImageObject","inLanguage":"pt-BR","@id":"https:\/\/noticiaempauta.com\/portal\/#\/schema\/person\/image\/","url":"https:\/\/secure.gravatar.com\/avatar\/03179346ecce6cdfc13361603e8f54242a90e5cde8618fa23c5c00aa2b0aadf3?s=96&d=mm&r=g","contentUrl":"https:\/\/secure.gravatar.com\/avatar\/03179346ecce6cdfc13361603e8f54242a90e5cde8618fa23c5c00aa2b0aadf3?s=96&d=mm&r=g","caption":"Reda\u00e7\u00e3o"},"sameAs":["https:\/\/noticiaempauta.com\/portal\/"],"url":"https:\/\/noticiaempauta.com\/portal\/author\/fernando\/"}]}},"_links":{"self":[{"href":"https:\/\/noticiaempauta.com\/portal\/wp-json\/wp\/v2\/posts\/285946","targetHints":{"allow":["GET"]}}],"collection":[{"href":"https:\/\/noticiaempauta.com\/portal\/wp-json\/wp\/v2\/posts"}],"about":[{"href":"https:\/\/noticiaempauta.com\/portal\/wp-json\/wp\/v2\/types\/post"}],"author":[{"embeddable":true,"href":"https:\/\/noticiaempauta.com\/portal\/wp-json\/wp\/v2\/users\/2"}],"replies":[{"embeddable":true,"href":"https:\/\/noticiaempauta.com\/portal\/wp-json\/wp\/v2\/comments?post=285946"}],"version-history":[{"count":2,"href":"https:\/\/noticiaempauta.com\/portal\/wp-json\/wp\/v2\/posts\/285946\/revisions"}],"predecessor-version":[{"id":285951,"href":"https:\/\/noticiaempauta.com\/portal\/wp-json\/wp\/v2\/posts\/285946\/revisions\/285951"}],"wp:featuredmedia":[{"embeddable":true,"href":"https:\/\/noticiaempauta.com\/portal\/wp-json\/wp\/v2\/media\/285949"}],"wp:attachment":[{"href":"https:\/\/noticiaempauta.com\/portal\/wp-json\/wp\/v2\/media?parent=285946"}],"wp:term":[{"taxonomy":"category","embeddable":true,"href":"https:\/\/noticiaempauta.com\/portal\/wp-json\/wp\/v2\/categories?post=285946"},{"taxonomy":"post_tag","embeddable":true,"href":"https:\/\/noticiaempauta.com\/portal\/wp-json\/wp\/v2\/tags?post=285946"}],"curies":[{"name":"wp","href":"https:\/\/api.w.org\/{rel}","templated":true}]}}