{"id":285952,"date":"2026-03-04T17:02:48","date_gmt":"2026-03-04T20:02:48","guid":{"rendered":"https:\/\/noticiaempauta.com\/portal\/?p=285952"},"modified":"2026-03-04T17:02:50","modified_gmt":"2026-03-04T20:02:50","slug":"educacao-de-massape-do-piaui-abre-matriculas-para-eja-com-incentivo-especial","status":"publish","type":"post","link":"https:\/\/noticiaempauta.com\/portal\/educacao-de-massape-do-piaui-abre-matriculas-para-eja-com-incentivo-especial\/","title":{"rendered":"Educa\u00e7\u00e3o de Massap\u00ea do Piau\u00ed abre matr\u00edculas para EJA com incentivo especial"},"content":{"rendered":"\n<p>A Prefeitura de Massap\u00ea do Piau\u00ed, por meio da Secretaria Municipal de Educa\u00e7\u00e3o, anunciou a abertura das matr\u00edculas para a Educa\u00e7\u00e3o de Jovens e Adultos (EJA).<\/p>\n\n\n\n<p>A iniciativa integra uma campanha de mobiliza\u00e7\u00e3o que traz como tema \u201cA hora de recome\u00e7ar \u00e9 agora!\u201d e tem como objetivo incentivar jovens, adultos e idosos a retomarem os estudos, garantindo uma nova oportunidade para quem n\u00e3o conseguiu concluir a forma\u00e7\u00e3o na idade adequada e deseja transformar sua realidade por meio da educa\u00e7\u00e3o.<\/p>\n\n\n\n<figure class=\"wp-block-image size-full\"><img fetchpriority=\"high\" decoding=\"async\" width=\"640\" height=\"442\" src=\"https:\/\/noticiaempauta.com\/portal\/wp-content\/uploads\/2026\/03\/FA-IMG-48a592151512cda81fa0.webp\" alt=\"\" class=\"wp-image-285954\" srcset=\"https:\/\/noticiaempauta.com\/portal\/wp-content\/uploads\/2026\/03\/FA-IMG-48a592151512cda81fa0.webp 640w, https:\/\/noticiaempauta.com\/portal\/wp-content\/uploads\/2026\/03\/FA-IMG-48a592151512cda81fa0-300x207.webp 300w\" sizes=\"(max-width: 640px) 100vw, 640px\" \/><\/figure>\n\n\n\n<p>O per\u00edodo de matr\u00edcula ser\u00e1 de 25 de fevereiro a 10 de mar\u00e7o, contemplando jovens a partir de 15 anos interessados em cursar o Ensino Fundamental, al\u00e9m de adultos e idosos que pretendem voltar \u00e0 sala de aula. As inscri\u00e7\u00f5es podem ser feitas nas unidades escolares da rede municipal ou diretamente na Secretaria de Educa\u00e7\u00e3o, mediante apresenta\u00e7\u00e3o de RG, CPF, comprovante de resid\u00eancia e hist\u00f3rico escolar, caso o candidato possua.<\/p>\n\n\n\n<p>Como incentivo adicional, a gest\u00e3o municipal anunciou que todos os estudantes que realizarem a matr\u00edcula dentro do prazo participar\u00e3o do sorteio de uma geladeira, a\u00e7\u00e3o pensada para estimular a ades\u00e3o e reconhecer a decis\u00e3o de quem escolhe recome\u00e7ar.<\/p>\n\n\n\n<figure class=\"wp-block-image size-full\"><img decoding=\"async\" width=\"463\" height=\"623\" src=\"https:\/\/noticiaempauta.com\/portal\/wp-content\/uploads\/2026\/03\/193.webp\" alt=\"\" class=\"wp-image-285953\" srcset=\"https:\/\/noticiaempauta.com\/portal\/wp-content\/uploads\/2026\/03\/193.webp 463w, https:\/\/noticiaempauta.com\/portal\/wp-content\/uploads\/2026\/03\/193-223x300.webp 223w\" sizes=\"(max-width: 463px) 100vw, 463px\" \/><\/figure>\n\n\n\n<p>A administra\u00e7\u00e3o destaca que a EJA vai al\u00e9m da conclus\u00e3o de etapas escolares, representando uma oportunidade concreta de crescimento pessoal, qualifica\u00e7\u00e3o profissional, fortalecimento da autoestima e amplia\u00e7\u00e3o das perspectivas no mercado de trabalho, refor\u00e7ando que investir na educa\u00e7\u00e3o \u00e9 abrir portas para um futuro com mais autonomia e participa\u00e7\u00e3o social.<\/p>\n\n\n\n<p><em>(Com informa\u00e7\u00f5es do Portal Folha Atual)<\/em><\/p>\n\n\n\n<p><\/p>\n","protected":false},"excerpt":{"rendered":"<p>A Prefeitura de Massap\u00ea do Piau\u00ed, por meio da Secretaria Municipal de Educa\u00e7\u00e3o, anunciou a abertura das matr\u00edculas para a Educa\u00e7\u00e3o de Jovens e Adultos (EJA). A iniciativa integra uma campanha de mobiliza\u00e7\u00e3o que traz como tema \u201cA hora de recome\u00e7ar \u00e9 agora!\u201d e tem como objetivo incentivar jovens, adultos e idosos a retomarem os [&hellip;]<\/p>\n","protected":false},"author":2,"featured_media":285954,"comment_status":"closed","ping_status":"closed","sticky":false,"template":"","format":"standard","meta":{"_mi_skip_tracking":false,"footnotes":""},"categories":[25,1,9,16],"tags":[],"class_list":["post-285952","post","type-post","status-publish","format-standard","has-post-thumbnail","hentry","category-destaques-site","category-geral","category-municipios","category-todas"],"acf":[],"yoast_head":"<!-- This site is optimized with the Yoast SEO Premium plugin v19.2 (Yoast SEO v26.9) - https:\/\/yoast.com\/product\/yoast-seo-premium-wordpress\/ -->\n<title>Educa\u00e7\u00e3o de Massap\u00ea do Piau\u00ed abre matr\u00edculas para EJA com incentivo especial - Portal Not\u00edcia em Pauta<\/title>\n<meta name=\"robots\" content=\"index, follow, max-snippet:-1, max-image-preview:large, max-video-preview:-1\" \/>\n<link rel=\"canonical\" href=\"https:\/\/noticiaempauta.com\/portal\/educacao-de-massape-do-piaui-abre-matriculas-para-eja-com-incentivo-especial\/\" \/>\n<meta property=\"og:locale\" content=\"pt_BR\" \/>\n<meta property=\"og:type\" content=\"article\" \/>\n<meta property=\"og:title\" content=\"Educa\u00e7\u00e3o de Massap\u00ea do Piau\u00ed abre matr\u00edculas para EJA com incentivo especial\" \/>\n<meta property=\"og:description\" content=\"A Prefeitura de Massap\u00ea do Piau\u00ed, por meio da Secretaria Municipal de Educa\u00e7\u00e3o, anunciou a abertura das matr\u00edculas para a Educa\u00e7\u00e3o de Jovens e Adultos (EJA). A iniciativa integra uma campanha de mobiliza\u00e7\u00e3o que traz como tema \u201cA hora de recome\u00e7ar \u00e9 agora!\u201d e tem como objetivo incentivar jovens, adultos e idosos a retomarem os [&hellip;]\" \/>\n<meta property=\"og:url\" content=\"https:\/\/noticiaempauta.com\/portal\/educacao-de-massape-do-piaui-abre-matriculas-para-eja-com-incentivo-especial\/\" \/>\n<meta property=\"og:site_name\" content=\"Portal Not\u00edcia em Pauta\" \/>\n<meta property=\"article:publisher\" content=\"https:\/\/www.facebook.com\/Portal-Notcia-Em-Pauta-102292869264820\/\" \/>\n<meta property=\"article:published_time\" content=\"2026-03-04T20:02:48+00:00\" \/>\n<meta property=\"article:modified_time\" content=\"2026-03-04T20:02:50+00:00\" \/>\n<meta property=\"og:image\" content=\"https:\/\/noticiaempauta.com\/portal\/wp-content\/uploads\/2026\/03\/FA-IMG-48a592151512cda81fa0.webp\" \/>\n\t<meta property=\"og:image:width\" content=\"640\" \/>\n\t<meta property=\"og:image:height\" content=\"442\" \/>\n\t<meta property=\"og:image:type\" content=\"image\/webp\" \/>\n<meta name=\"author\" content=\"Reda\u00e7\u00e3o\" \/>\n<meta name=\"twitter:card\" content=\"summary_large_image\" \/>\n<meta name=\"twitter:label1\" content=\"Escrito por\" \/>\n\t<meta name=\"twitter:data1\" content=\"Reda\u00e7\u00e3o\" \/>\n\t<meta name=\"twitter:label2\" content=\"Est. tempo de leitura\" \/>\n\t<meta name=\"twitter:data2\" content=\"2 minutos\" \/>\n<script type=\"application\/ld+json\" class=\"yoast-schema-graph\">{\"@context\":\"https:\/\/schema.org\",\"@graph\":[{\"@type\":\"Article\",\"@id\":\"https:\/\/noticiaempauta.com\/portal\/educacao-de-massape-do-piaui-abre-matriculas-para-eja-com-incentivo-especial\/#article\",\"isPartOf\":{\"@id\":\"https:\/\/noticiaempauta.com\/portal\/educacao-de-massape-do-piaui-abre-matriculas-para-eja-com-incentivo-especial\/\"},\"author\":{\"name\":\"Reda\u00e7\u00e3o\",\"@id\":\"https:\/\/noticiaempauta.com\/portal\/#\/schema\/person\/a74af43dd1ab3deca45f988c717d57ac\"},\"headline\":\"Educa\u00e7\u00e3o de Massap\u00ea do Piau\u00ed abre matr\u00edculas para EJA com incentivo especial\",\"datePublished\":\"2026-03-04T20:02:48+00:00\",\"dateModified\":\"2026-03-04T20:02:50+00:00\",\"mainEntityOfPage\":{\"@id\":\"https:\/\/noticiaempauta.com\/portal\/educacao-de-massape-do-piaui-abre-matriculas-para-eja-com-incentivo-especial\/\"},\"wordCount\":284,\"publisher\":{\"@id\":\"https:\/\/noticiaempauta.com\/portal\/#organization\"},\"image\":{\"@id\":\"https:\/\/noticiaempauta.com\/portal\/educacao-de-massape-do-piaui-abre-matriculas-para-eja-com-incentivo-especial\/#primaryimage\"},\"thumbnailUrl\":\"https:\/\/noticiaempauta.com\/portal\/wp-content\/uploads\/2026\/03\/FA-IMG-48a592151512cda81fa0.webp\",\"articleSection\":[\"Destaques\",\"Geral\",\"Munic\u00edpios\",\"Todas as Not\u00edcias\"],\"inLanguage\":\"pt-BR\"},{\"@type\":\"WebPage\",\"@id\":\"https:\/\/noticiaempauta.com\/portal\/educacao-de-massape-do-piaui-abre-matriculas-para-eja-com-incentivo-especial\/\",\"url\":\"https:\/\/noticiaempauta.com\/portal\/educacao-de-massape-do-piaui-abre-matriculas-para-eja-com-incentivo-especial\/\",\"name\":\"Educa\u00e7\u00e3o de Massap\u00ea do Piau\u00ed abre matr\u00edculas para EJA com incentivo especial - Portal Not\u00edcia em Pauta\",\"isPartOf\":{\"@id\":\"https:\/\/noticiaempauta.com\/portal\/#website\"},\"primaryImageOfPage\":{\"@id\":\"https:\/\/noticiaempauta.com\/portal\/educacao-de-massape-do-piaui-abre-matriculas-para-eja-com-incentivo-especial\/#primaryimage\"},\"image\":{\"@id\":\"https:\/\/noticiaempauta.com\/portal\/educacao-de-massape-do-piaui-abre-matriculas-para-eja-com-incentivo-especial\/#primaryimage\"},\"thumbnailUrl\":\"https:\/\/noticiaempauta.com\/portal\/wp-content\/uploads\/2026\/03\/FA-IMG-48a592151512cda81fa0.webp\",\"datePublished\":\"2026-03-04T20:02:48+00:00\",\"dateModified\":\"2026-03-04T20:02:50+00:00\",\"breadcrumb\":{\"@id\":\"https:\/\/noticiaempauta.com\/portal\/educacao-de-massape-do-piaui-abre-matriculas-para-eja-com-incentivo-especial\/#breadcrumb\"},\"inLanguage\":\"pt-BR\",\"potentialAction\":[{\"@type\":\"ReadAction\",\"target\":[\"https:\/\/noticiaempauta.com\/portal\/educacao-de-massape-do-piaui-abre-matriculas-para-eja-com-incentivo-especial\/\"]}]},{\"@type\":\"ImageObject\",\"inLanguage\":\"pt-BR\",\"@id\":\"https:\/\/noticiaempauta.com\/portal\/educacao-de-massape-do-piaui-abre-matriculas-para-eja-com-incentivo-especial\/#primaryimage\",\"url\":\"https:\/\/noticiaempauta.com\/portal\/wp-content\/uploads\/2026\/03\/FA-IMG-48a592151512cda81fa0.webp\",\"contentUrl\":\"https:\/\/noticiaempauta.com\/portal\/wp-content\/uploads\/2026\/03\/FA-IMG-48a592151512cda81fa0.webp\",\"width\":640,\"height\":442},{\"@type\":\"BreadcrumbList\",\"@id\":\"https:\/\/noticiaempauta.com\/portal\/educacao-de-massape-do-piaui-abre-matriculas-para-eja-com-incentivo-especial\/#breadcrumb\",\"itemListElement\":[{\"@type\":\"ListItem\",\"position\":1,\"name\":\"P\u00e1gina Inicial\",\"item\":\"https:\/\/noticiaempauta.com\/portal\/\"},{\"@type\":\"ListItem\",\"position\":2,\"name\":\"Destaques\",\"item\":\"https:\/\/noticiaempauta.com\/portal\/destaques-site\/\"},{\"@type\":\"ListItem\",\"position\":3,\"name\":\"Educa\u00e7\u00e3o de Massap\u00ea do Piau\u00ed abre matr\u00edculas para EJA com incentivo especial\"}]},{\"@type\":\"WebSite\",\"@id\":\"https:\/\/noticiaempauta.com\/portal\/#website\",\"url\":\"https:\/\/noticiaempauta.com\/portal\/\",\"name\":\"Portal Not\u00edcia em Pauta\",\"description\":\"Voc\u00ea bem informado\",\"publisher\":{\"@id\":\"https:\/\/noticiaempauta.com\/portal\/#organization\"},\"potentialAction\":[{\"@type\":\"SearchAction\",\"target\":{\"@type\":\"EntryPoint\",\"urlTemplate\":\"https:\/\/noticiaempauta.com\/portal\/?s={search_term_string}\"},\"query-input\":{\"@type\":\"PropertyValueSpecification\",\"valueRequired\":true,\"valueName\":\"search_term_string\"}}],\"inLanguage\":\"pt-BR\"},{\"@type\":\"Organization\",\"@id\":\"https:\/\/noticiaempauta.com\/portal\/#organization\",\"name\":\"Portal Not\u00edcia em Pauta\",\"url\":\"https:\/\/noticiaempauta.com\/portal\/\",\"logo\":{\"@type\":\"ImageObject\",\"inLanguage\":\"pt-BR\",\"@id\":\"https:\/\/noticiaempauta.com\/portal\/#\/schema\/logo\/image\/\",\"url\":\"https:\/\/noticiaempauta.com\/portal\/wp-content\/uploads\/2022\/08\/logomarca_tema.fw_.png\",\"contentUrl\":\"https:\/\/noticiaempauta.com\/portal\/wp-content\/uploads\/2022\/08\/logomarca_tema.fw_.png\",\"width\":400,\"height\":232,\"caption\":\"Portal Not\u00edcia em Pauta\"},\"image\":{\"@id\":\"https:\/\/noticiaempauta.com\/portal\/#\/schema\/logo\/image\/\"},\"sameAs\":[\"https:\/\/www.facebook.com\/Portal-Notcia-Em-Pauta-102292869264820\/\",\"https:\/\/www.instagram.com\/portalnoticiaempauta\/\"]},{\"@type\":\"Person\",\"@id\":\"https:\/\/noticiaempauta.com\/portal\/#\/schema\/person\/a74af43dd1ab3deca45f988c717d57ac\",\"name\":\"Reda\u00e7\u00e3o\",\"image\":{\"@type\":\"ImageObject\",\"inLanguage\":\"pt-BR\",\"@id\":\"https:\/\/noticiaempauta.com\/portal\/#\/schema\/person\/image\/\",\"url\":\"https:\/\/secure.gravatar.com\/avatar\/03179346ecce6cdfc13361603e8f54242a90e5cde8618fa23c5c00aa2b0aadf3?s=96&d=mm&r=g\",\"contentUrl\":\"https:\/\/secure.gravatar.com\/avatar\/03179346ecce6cdfc13361603e8f54242a90e5cde8618fa23c5c00aa2b0aadf3?s=96&d=mm&r=g\",\"caption\":\"Reda\u00e7\u00e3o\"},\"sameAs\":[\"https:\/\/noticiaempauta.com\/portal\/\"],\"url\":\"https:\/\/noticiaempauta.com\/portal\/author\/fernando\/\"}]}<\/script>\n<!-- \/ Yoast SEO Premium plugin. -->","yoast_head_json":{"title":"Educa\u00e7\u00e3o de Massap\u00ea do Piau\u00ed abre matr\u00edculas para EJA com incentivo especial - Portal Not\u00edcia em Pauta","robots":{"index":"index","follow":"follow","max-snippet":"max-snippet:-1","max-image-preview":"max-image-preview:large","max-video-preview":"max-video-preview:-1"},"canonical":"https:\/\/noticiaempauta.com\/portal\/educacao-de-massape-do-piaui-abre-matriculas-para-eja-com-incentivo-especial\/","og_locale":"pt_BR","og_type":"article","og_title":"Educa\u00e7\u00e3o de Massap\u00ea do Piau\u00ed abre matr\u00edculas para EJA com incentivo especial","og_description":"A Prefeitura de Massap\u00ea do Piau\u00ed, por meio da Secretaria Municipal de Educa\u00e7\u00e3o, anunciou a abertura das matr\u00edculas para a Educa\u00e7\u00e3o de Jovens e Adultos (EJA). A iniciativa integra uma campanha de mobiliza\u00e7\u00e3o que traz como tema \u201cA hora de recome\u00e7ar \u00e9 agora!\u201d e tem como objetivo incentivar jovens, adultos e idosos a retomarem os [&hellip;]","og_url":"https:\/\/noticiaempauta.com\/portal\/educacao-de-massape-do-piaui-abre-matriculas-para-eja-com-incentivo-especial\/","og_site_name":"Portal Not\u00edcia em Pauta","article_publisher":"https:\/\/www.facebook.com\/Portal-Notcia-Em-Pauta-102292869264820\/","article_published_time":"2026-03-04T20:02:48+00:00","article_modified_time":"2026-03-04T20:02:50+00:00","og_image":[{"width":640,"height":442,"url":"https:\/\/noticiaempauta.com\/portal\/wp-content\/uploads\/2026\/03\/FA-IMG-48a592151512cda81fa0.webp","type":"image\/webp"}],"author":"Reda\u00e7\u00e3o","twitter_card":"summary_large_image","twitter_misc":{"Escrito por":"Reda\u00e7\u00e3o","Est. tempo de leitura":"2 minutos"},"schema":{"@context":"https:\/\/schema.org","@graph":[{"@type":"Article","@id":"https:\/\/noticiaempauta.com\/portal\/educacao-de-massape-do-piaui-abre-matriculas-para-eja-com-incentivo-especial\/#article","isPartOf":{"@id":"https:\/\/noticiaempauta.com\/portal\/educacao-de-massape-do-piaui-abre-matriculas-para-eja-com-incentivo-especial\/"},"author":{"name":"Reda\u00e7\u00e3o","@id":"https:\/\/noticiaempauta.com\/portal\/#\/schema\/person\/a74af43dd1ab3deca45f988c717d57ac"},"headline":"Educa\u00e7\u00e3o de Massap\u00ea do Piau\u00ed abre matr\u00edculas para EJA com incentivo especial","datePublished":"2026-03-04T20:02:48+00:00","dateModified":"2026-03-04T20:02:50+00:00","mainEntityOfPage":{"@id":"https:\/\/noticiaempauta.com\/portal\/educacao-de-massape-do-piaui-abre-matriculas-para-eja-com-incentivo-especial\/"},"wordCount":284,"publisher":{"@id":"https:\/\/noticiaempauta.com\/portal\/#organization"},"image":{"@id":"https:\/\/noticiaempauta.com\/portal\/educacao-de-massape-do-piaui-abre-matriculas-para-eja-com-incentivo-especial\/#primaryimage"},"thumbnailUrl":"https:\/\/noticiaempauta.com\/portal\/wp-content\/uploads\/2026\/03\/FA-IMG-48a592151512cda81fa0.webp","articleSection":["Destaques","Geral","Munic\u00edpios","Todas as Not\u00edcias"],"inLanguage":"pt-BR"},{"@type":"WebPage","@id":"https:\/\/noticiaempauta.com\/portal\/educacao-de-massape-do-piaui-abre-matriculas-para-eja-com-incentivo-especial\/","url":"https:\/\/noticiaempauta.com\/portal\/educacao-de-massape-do-piaui-abre-matriculas-para-eja-com-incentivo-especial\/","name":"Educa\u00e7\u00e3o de Massap\u00ea do Piau\u00ed abre matr\u00edculas para EJA com incentivo especial - Portal Not\u00edcia em Pauta","isPartOf":{"@id":"https:\/\/noticiaempauta.com\/portal\/#website"},"primaryImageOfPage":{"@id":"https:\/\/noticiaempauta.com\/portal\/educacao-de-massape-do-piaui-abre-matriculas-para-eja-com-incentivo-especial\/#primaryimage"},"image":{"@id":"https:\/\/noticiaempauta.com\/portal\/educacao-de-massape-do-piaui-abre-matriculas-para-eja-com-incentivo-especial\/#primaryimage"},"thumbnailUrl":"https:\/\/noticiaempauta.com\/portal\/wp-content\/uploads\/2026\/03\/FA-IMG-48a592151512cda81fa0.webp","datePublished":"2026-03-04T20:02:48+00:00","dateModified":"2026-03-04T20:02:50+00:00","breadcrumb":{"@id":"https:\/\/noticiaempauta.com\/portal\/educacao-de-massape-do-piaui-abre-matriculas-para-eja-com-incentivo-especial\/#breadcrumb"},"inLanguage":"pt-BR","potentialAction":[{"@type":"ReadAction","target":["https:\/\/noticiaempauta.com\/portal\/educacao-de-massape-do-piaui-abre-matriculas-para-eja-com-incentivo-especial\/"]}]},{"@type":"ImageObject","inLanguage":"pt-BR","@id":"https:\/\/noticiaempauta.com\/portal\/educacao-de-massape-do-piaui-abre-matriculas-para-eja-com-incentivo-especial\/#primaryimage","url":"https:\/\/noticiaempauta.com\/portal\/wp-content\/uploads\/2026\/03\/FA-IMG-48a592151512cda81fa0.webp","contentUrl":"https:\/\/noticiaempauta.com\/portal\/wp-content\/uploads\/2026\/03\/FA-IMG-48a592151512cda81fa0.webp","width":640,"height":442},{"@type":"BreadcrumbList","@id":"https:\/\/noticiaempauta.com\/portal\/educacao-de-massape-do-piaui-abre-matriculas-para-eja-com-incentivo-especial\/#breadcrumb","itemListElement":[{"@type":"ListItem","position":1,"name":"P\u00e1gina Inicial","item":"https:\/\/noticiaempauta.com\/portal\/"},{"@type":"ListItem","position":2,"name":"Destaques","item":"https:\/\/noticiaempauta.com\/portal\/destaques-site\/"},{"@type":"ListItem","position":3,"name":"Educa\u00e7\u00e3o de Massap\u00ea do Piau\u00ed abre matr\u00edculas para EJA com incentivo especial"}]},{"@type":"WebSite","@id":"https:\/\/noticiaempauta.com\/portal\/#website","url":"https:\/\/noticiaempauta.com\/portal\/","name":"Portal Not\u00edcia em Pauta","description":"Voc\u00ea bem informado","publisher":{"@id":"https:\/\/noticiaempauta.com\/portal\/#organization"},"potentialAction":[{"@type":"SearchAction","target":{"@type":"EntryPoint","urlTemplate":"https:\/\/noticiaempauta.com\/portal\/?s={search_term_string}"},"query-input":{"@type":"PropertyValueSpecification","valueRequired":true,"valueName":"search_term_string"}}],"inLanguage":"pt-BR"},{"@type":"Organization","@id":"https:\/\/noticiaempauta.com\/portal\/#organization","name":"Portal Not\u00edcia em Pauta","url":"https:\/\/noticiaempauta.com\/portal\/","logo":{"@type":"ImageObject","inLanguage":"pt-BR","@id":"https:\/\/noticiaempauta.com\/portal\/#\/schema\/logo\/image\/","url":"https:\/\/noticiaempauta.com\/portal\/wp-content\/uploads\/2022\/08\/logomarca_tema.fw_.png","contentUrl":"https:\/\/noticiaempauta.com\/portal\/wp-content\/uploads\/2022\/08\/logomarca_tema.fw_.png","width":400,"height":232,"caption":"Portal Not\u00edcia em Pauta"},"image":{"@id":"https:\/\/noticiaempauta.com\/portal\/#\/schema\/logo\/image\/"},"sameAs":["https:\/\/www.facebook.com\/Portal-Notcia-Em-Pauta-102292869264820\/","https:\/\/www.instagram.com\/portalnoticiaempauta\/"]},{"@type":"Person","@id":"https:\/\/noticiaempauta.com\/portal\/#\/schema\/person\/a74af43dd1ab3deca45f988c717d57ac","name":"Reda\u00e7\u00e3o","image":{"@type":"ImageObject","inLanguage":"pt-BR","@id":"https:\/\/noticiaempauta.com\/portal\/#\/schema\/person\/image\/","url":"https:\/\/secure.gravatar.com\/avatar\/03179346ecce6cdfc13361603e8f54242a90e5cde8618fa23c5c00aa2b0aadf3?s=96&d=mm&r=g","contentUrl":"https:\/\/secure.gravatar.com\/avatar\/03179346ecce6cdfc13361603e8f54242a90e5cde8618fa23c5c00aa2b0aadf3?s=96&d=mm&r=g","caption":"Reda\u00e7\u00e3o"},"sameAs":["https:\/\/noticiaempauta.com\/portal\/"],"url":"https:\/\/noticiaempauta.com\/portal\/author\/fernando\/"}]}},"_links":{"self":[{"href":"https:\/\/noticiaempauta.com\/portal\/wp-json\/wp\/v2\/posts\/285952","targetHints":{"allow":["GET"]}}],"collection":[{"href":"https:\/\/noticiaempauta.com\/portal\/wp-json\/wp\/v2\/posts"}],"about":[{"href":"https:\/\/noticiaempauta.com\/portal\/wp-json\/wp\/v2\/types\/post"}],"author":[{"embeddable":true,"href":"https:\/\/noticiaempauta.com\/portal\/wp-json\/wp\/v2\/users\/2"}],"replies":[{"embeddable":true,"href":"https:\/\/noticiaempauta.com\/portal\/wp-json\/wp\/v2\/comments?post=285952"}],"version-history":[{"count":2,"href":"https:\/\/noticiaempauta.com\/portal\/wp-json\/wp\/v2\/posts\/285952\/revisions"}],"predecessor-version":[{"id":285956,"href":"https:\/\/noticiaempauta.com\/portal\/wp-json\/wp\/v2\/posts\/285952\/revisions\/285956"}],"wp:featuredmedia":[{"embeddable":true,"href":"https:\/\/noticiaempauta.com\/portal\/wp-json\/wp\/v2\/media\/285954"}],"wp:attachment":[{"href":"https:\/\/noticiaempauta.com\/portal\/wp-json\/wp\/v2\/media?parent=285952"}],"wp:term":[{"taxonomy":"category","embeddable":true,"href":"https:\/\/noticiaempauta.com\/portal\/wp-json\/wp\/v2\/categories?post=285952"},{"taxonomy":"post_tag","embeddable":true,"href":"https:\/\/noticiaempauta.com\/portal\/wp-json\/wp\/v2\/tags?post=285952"}],"curies":[{"name":"wp","href":"https:\/\/api.w.org\/{rel}","templated":true}]}}