{"id":285970,"date":"2026-03-05T09:14:21","date_gmt":"2026-03-05T12:14:21","guid":{"rendered":"https:\/\/noticiaempauta.com\/portal\/?p=285970"},"modified":"2026-03-05T09:14:23","modified_gmt":"2026-03-05T12:14:23","slug":"eleicoes-2026-janela-partidaria-para-deputados-comeca-nesta-quinta-feira-5-entenda-processo","status":"publish","type":"post","link":"https:\/\/noticiaempauta.com\/portal\/eleicoes-2026-janela-partidaria-para-deputados-comeca-nesta-quinta-feira-5-entenda-processo\/","title":{"rendered":"Elei\u00e7\u00f5es 2026: janela partid\u00e1ria para deputados come\u00e7a nesta quinta-feira (5); entenda processo"},"content":{"rendered":"\n<p>Come\u00e7a na nesta quinta-feira (5) a chamada\u00a0<strong>\u201cjanela partid\u00e1ria\u201d<\/strong>, per\u00edodo de\u00a0<strong>um m\u00eas em que deputados federais, estaduais e distritais podem trocar de partido<\/strong>\u00a0sem perder o mandato. O prazo segue\u00a0<strong>at\u00e9 o dia 3 de abril<\/strong>.<\/p>\n\n\n\n<figure class=\"wp-block-image size-full\"><img fetchpriority=\"high\" decoding=\"async\" width=\"1024\" height=\"681\" src=\"https:\/\/noticiaempauta.com\/portal\/wp-content\/uploads\/2024\/08\/Votacao-urna.jpg\" alt=\"\" class=\"wp-image-261033\" srcset=\"https:\/\/noticiaempauta.com\/portal\/wp-content\/uploads\/2024\/08\/Votacao-urna.jpg 1024w, https:\/\/noticiaempauta.com\/portal\/wp-content\/uploads\/2024\/08\/Votacao-urna-300x200.jpg 300w, https:\/\/noticiaempauta.com\/portal\/wp-content\/uploads\/2024\/08\/Votacao-urna-768x511.jpg 768w\" sizes=\"(max-width: 1024px) 100vw, 1024px\" \/><\/figure>\n\n\n\n<p>Durante esse per\u00edodo, parlamentares podem mudar de legenda sem sofrer puni\u00e7\u00e3o por infidelidade partid\u00e1ria, j\u00e1 que a regra est\u00e1 prevista na legisla\u00e7\u00e3o eleitoral. A movimenta\u00e7\u00e3o costuma agitar os bastidores da pol\u00edtica, pois partidos buscam aumentar suas bancadas e, assim, ganhar mais for\u00e7a na negocia\u00e7\u00e3o de alian\u00e7as para as elei\u00e7\u00f5es de outubro.<\/p>\n\n\n\n<p>A&nbsp;<strong>janela partid\u00e1ria<\/strong>&nbsp;\u00e9 aplicada apenas a cargos eleitos pelo&nbsp;<strong>sistema proporcional<\/strong>, que inclui:<\/p>\n\n\n\n<ul class=\"wp-block-list\">\n<li><strong>Vereadores<\/strong><\/li>\n<\/ul>\n\n\n\n<ul class=\"wp-block-list\">\n<li><strong>Deputados estaduais<\/strong><\/li>\n\n\n\n<li><strong>Deputados distritais<\/strong><\/li>\n\n\n\n<li><strong>Deputados federais<\/strong><\/li>\n<\/ul>\n\n\n\n<p>Nesse sistema, as vagas s\u00e3o distribu\u00eddas levando em conta o desempenho do partido e dos candidatos, e n\u00e3o apenas o n\u00famero de votos individuais.<\/p>\n\n\n\n<p>Por esse motivo, entende-se que o mandato pertence ao partido. Assim, se um parlamentar trocar de legenda fora do per\u00edodo permitido, a sigla pode reivindicar o mandato na Justi\u00e7a por infidelidade partid\u00e1ria. Durante a janela, por\u00e9m, a troca \u00e9 permitida sem risco de perda do cargo.<\/p>\n\n\n\n<h2 class=\"wp-block-heading\">Quem pode mudar de partido<\/h2>\n\n\n\n<p>Para as&nbsp;<strong>elei\u00e7\u00f5es deste ano<\/strong>, a janela permite a migra\u00e7\u00e3o de:<\/p>\n\n\n\n<ul class=\"wp-block-list\">\n<li><strong>Deputados federais<\/strong><\/li>\n\n\n\n<li><strong>Deputados estaduais<\/strong><\/li>\n\n\n\n<li><strong>Deputados distritais<\/strong><\/li>\n<\/ul>\n\n\n\n<p>Isso acontece porque esses parlamentares est\u00e3o no \u00faltimo ano de seus mandatos, condi\u00e7\u00e3o necess\u00e1ria para utilizar o mecanismo.<\/p>\n\n\n\n<h2 class=\"wp-block-heading\">Quem n\u00e3o entra na regra<\/h2>\n\n\n\n<p>A janela&nbsp;<strong>n\u00e3o vale para todos os cargos<\/strong>. Ela&nbsp;<strong>n\u00e3o se aplica a:<\/strong><\/p>\n\n\n\n<ul class=\"wp-block-list\">\n<li><strong>Vereadores<\/strong>, que ainda est\u00e3o no meio do mandato<\/li>\n\n\n\n<li><strong>Senadores<\/strong>, eleitos pelo\u00a0<strong>sistema majorit\u00e1rio<\/strong><\/li>\n<\/ul>\n\n\n\n<p>No sistema majorit\u00e1rio, vence o candidato mais votado, como ocorre nas elei\u00e7\u00f5es para prefeito, governador, senador e presidente da Rep\u00fablica. Caso queira, tamb\u00e9m posso te mostrar quais deputados do Piau\u00ed podem trocar de partido nessa janela, algo que costuma movimentar bastante a pol\u00edtica do estado.<\/p>\n\n\n\n<p>Fonte: Meio News<\/p>\n","protected":false},"excerpt":{"rendered":"<p>Come\u00e7a na nesta quinta-feira (5) a chamada\u00a0\u201cjanela partid\u00e1ria\u201d, per\u00edodo de\u00a0um m\u00eas em que deputados federais, estaduais e distritais podem trocar de partido\u00a0sem perder o mandato. O prazo segue\u00a0at\u00e9 o dia 3 de abril. Durante esse per\u00edodo, parlamentares podem mudar de legenda sem sofrer puni\u00e7\u00e3o por infidelidade partid\u00e1ria, j\u00e1 que a regra est\u00e1 prevista na legisla\u00e7\u00e3o [&hellip;]<\/p>\n","protected":false},"author":2,"featured_media":261033,"comment_status":"closed","ping_status":"closed","sticky":false,"template":"","format":"standard","meta":{"_mi_skip_tracking":false,"footnotes":""},"categories":[25,1,9,16],"tags":[192],"class_list":["post-285970","post","type-post","status-publish","format-standard","has-post-thumbnail","hentry","category-destaques-site","category-geral","category-municipios","category-todas","tag-destaqueprincipal"],"acf":[],"yoast_head":"<!-- This site is optimized with the Yoast SEO Premium plugin v19.2 (Yoast SEO v26.9) - https:\/\/yoast.com\/product\/yoast-seo-premium-wordpress\/ -->\n<title>Elei\u00e7\u00f5es 2026: janela partid\u00e1ria para deputados come\u00e7a nesta quinta-feira (5); entenda processo - Portal Not\u00edcia em Pauta<\/title>\n<meta name=\"robots\" content=\"index, follow, max-snippet:-1, max-image-preview:large, max-video-preview:-1\" \/>\n<link rel=\"canonical\" href=\"https:\/\/noticiaempauta.com\/portal\/eleicoes-2026-janela-partidaria-para-deputados-comeca-nesta-quinta-feira-5-entenda-processo\/\" \/>\n<meta property=\"og:locale\" content=\"pt_BR\" \/>\n<meta property=\"og:type\" content=\"article\" \/>\n<meta property=\"og:title\" content=\"Elei\u00e7\u00f5es 2026: janela partid\u00e1ria para deputados come\u00e7a nesta quinta-feira (5); entenda processo\" \/>\n<meta property=\"og:description\" content=\"Come\u00e7a na nesta quinta-feira (5) a chamada\u00a0\u201cjanela partid\u00e1ria\u201d, per\u00edodo de\u00a0um m\u00eas em que deputados federais, estaduais e distritais podem trocar de partido\u00a0sem perder o mandato. O prazo segue\u00a0at\u00e9 o dia 3 de abril. Durante esse per\u00edodo, parlamentares podem mudar de legenda sem sofrer puni\u00e7\u00e3o por infidelidade partid\u00e1ria, j\u00e1 que a regra est\u00e1 prevista na legisla\u00e7\u00e3o [&hellip;]\" \/>\n<meta property=\"og:url\" content=\"https:\/\/noticiaempauta.com\/portal\/eleicoes-2026-janela-partidaria-para-deputados-comeca-nesta-quinta-feira-5-entenda-processo\/\" \/>\n<meta property=\"og:site_name\" content=\"Portal Not\u00edcia em Pauta\" \/>\n<meta property=\"article:publisher\" content=\"https:\/\/www.facebook.com\/Portal-Notcia-Em-Pauta-102292869264820\/\" \/>\n<meta property=\"article:published_time\" content=\"2026-03-05T12:14:21+00:00\" \/>\n<meta property=\"article:modified_time\" content=\"2026-03-05T12:14:23+00:00\" \/>\n<meta property=\"og:image\" content=\"https:\/\/noticiaempauta.com\/portal\/wp-content\/uploads\/2024\/08\/Votacao-urna.jpg\" \/>\n\t<meta property=\"og:image:width\" content=\"1024\" \/>\n\t<meta property=\"og:image:height\" content=\"681\" \/>\n\t<meta property=\"og:image:type\" content=\"image\/jpeg\" \/>\n<meta name=\"author\" content=\"Reda\u00e7\u00e3o\" \/>\n<meta name=\"twitter:card\" content=\"summary_large_image\" \/>\n<meta name=\"twitter:label1\" content=\"Escrito por\" \/>\n\t<meta name=\"twitter:data1\" content=\"Reda\u00e7\u00e3o\" \/>\n\t<meta name=\"twitter:label2\" content=\"Est. tempo de leitura\" \/>\n\t<meta name=\"twitter:data2\" content=\"3 minutos\" \/>\n<script type=\"application\/ld+json\" class=\"yoast-schema-graph\">{\"@context\":\"https:\/\/schema.org\",\"@graph\":[{\"@type\":\"Article\",\"@id\":\"https:\/\/noticiaempauta.com\/portal\/eleicoes-2026-janela-partidaria-para-deputados-comeca-nesta-quinta-feira-5-entenda-processo\/#article\",\"isPartOf\":{\"@id\":\"https:\/\/noticiaempauta.com\/portal\/eleicoes-2026-janela-partidaria-para-deputados-comeca-nesta-quinta-feira-5-entenda-processo\/\"},\"author\":{\"name\":\"Reda\u00e7\u00e3o\",\"@id\":\"https:\/\/noticiaempauta.com\/portal\/#\/schema\/person\/a74af43dd1ab3deca45f988c717d57ac\"},\"headline\":\"Elei\u00e7\u00f5es 2026: janela partid\u00e1ria para deputados come\u00e7a nesta quinta-feira (5); entenda processo\",\"datePublished\":\"2026-03-05T12:14:21+00:00\",\"dateModified\":\"2026-03-05T12:14:23+00:00\",\"mainEntityOfPage\":{\"@id\":\"https:\/\/noticiaempauta.com\/portal\/eleicoes-2026-janela-partidaria-para-deputados-comeca-nesta-quinta-feira-5-entenda-processo\/\"},\"wordCount\":351,\"publisher\":{\"@id\":\"https:\/\/noticiaempauta.com\/portal\/#organization\"},\"image\":{\"@id\":\"https:\/\/noticiaempauta.com\/portal\/eleicoes-2026-janela-partidaria-para-deputados-comeca-nesta-quinta-feira-5-entenda-processo\/#primaryimage\"},\"thumbnailUrl\":\"https:\/\/noticiaempauta.com\/portal\/wp-content\/uploads\/2024\/08\/Votacao-urna.jpg\",\"keywords\":[\"destaqueprincipal\"],\"articleSection\":[\"Destaques\",\"Geral\",\"Munic\u00edpios\",\"Todas as Not\u00edcias\"],\"inLanguage\":\"pt-BR\"},{\"@type\":\"WebPage\",\"@id\":\"https:\/\/noticiaempauta.com\/portal\/eleicoes-2026-janela-partidaria-para-deputados-comeca-nesta-quinta-feira-5-entenda-processo\/\",\"url\":\"https:\/\/noticiaempauta.com\/portal\/eleicoes-2026-janela-partidaria-para-deputados-comeca-nesta-quinta-feira-5-entenda-processo\/\",\"name\":\"Elei\u00e7\u00f5es 2026: janela partid\u00e1ria para deputados come\u00e7a nesta quinta-feira (5); entenda processo - Portal Not\u00edcia em Pauta\",\"isPartOf\":{\"@id\":\"https:\/\/noticiaempauta.com\/portal\/#website\"},\"primaryImageOfPage\":{\"@id\":\"https:\/\/noticiaempauta.com\/portal\/eleicoes-2026-janela-partidaria-para-deputados-comeca-nesta-quinta-feira-5-entenda-processo\/#primaryimage\"},\"image\":{\"@id\":\"https:\/\/noticiaempauta.com\/portal\/eleicoes-2026-janela-partidaria-para-deputados-comeca-nesta-quinta-feira-5-entenda-processo\/#primaryimage\"},\"thumbnailUrl\":\"https:\/\/noticiaempauta.com\/portal\/wp-content\/uploads\/2024\/08\/Votacao-urna.jpg\",\"datePublished\":\"2026-03-05T12:14:21+00:00\",\"dateModified\":\"2026-03-05T12:14:23+00:00\",\"breadcrumb\":{\"@id\":\"https:\/\/noticiaempauta.com\/portal\/eleicoes-2026-janela-partidaria-para-deputados-comeca-nesta-quinta-feira-5-entenda-processo\/#breadcrumb\"},\"inLanguage\":\"pt-BR\",\"potentialAction\":[{\"@type\":\"ReadAction\",\"target\":[\"https:\/\/noticiaempauta.com\/portal\/eleicoes-2026-janela-partidaria-para-deputados-comeca-nesta-quinta-feira-5-entenda-processo\/\"]}]},{\"@type\":\"ImageObject\",\"inLanguage\":\"pt-BR\",\"@id\":\"https:\/\/noticiaempauta.com\/portal\/eleicoes-2026-janela-partidaria-para-deputados-comeca-nesta-quinta-feira-5-entenda-processo\/#primaryimage\",\"url\":\"https:\/\/noticiaempauta.com\/portal\/wp-content\/uploads\/2024\/08\/Votacao-urna.jpg\",\"contentUrl\":\"https:\/\/noticiaempauta.com\/portal\/wp-content\/uploads\/2024\/08\/Votacao-urna.jpg\",\"width\":1024,\"height\":681},{\"@type\":\"BreadcrumbList\",\"@id\":\"https:\/\/noticiaempauta.com\/portal\/eleicoes-2026-janela-partidaria-para-deputados-comeca-nesta-quinta-feira-5-entenda-processo\/#breadcrumb\",\"itemListElement\":[{\"@type\":\"ListItem\",\"position\":1,\"name\":\"P\u00e1gina Inicial\",\"item\":\"https:\/\/noticiaempauta.com\/portal\/\"},{\"@type\":\"ListItem\",\"position\":2,\"name\":\"Destaques\",\"item\":\"https:\/\/noticiaempauta.com\/portal\/destaques-site\/\"},{\"@type\":\"ListItem\",\"position\":3,\"name\":\"Elei\u00e7\u00f5es 2026: janela partid\u00e1ria para deputados come\u00e7a nesta quinta-feira (5); entenda processo\"}]},{\"@type\":\"WebSite\",\"@id\":\"https:\/\/noticiaempauta.com\/portal\/#website\",\"url\":\"https:\/\/noticiaempauta.com\/portal\/\",\"name\":\"Portal Not\u00edcia em Pauta\",\"description\":\"Voc\u00ea bem informado\",\"publisher\":{\"@id\":\"https:\/\/noticiaempauta.com\/portal\/#organization\"},\"potentialAction\":[{\"@type\":\"SearchAction\",\"target\":{\"@type\":\"EntryPoint\",\"urlTemplate\":\"https:\/\/noticiaempauta.com\/portal\/?s={search_term_string}\"},\"query-input\":{\"@type\":\"PropertyValueSpecification\",\"valueRequired\":true,\"valueName\":\"search_term_string\"}}],\"inLanguage\":\"pt-BR\"},{\"@type\":\"Organization\",\"@id\":\"https:\/\/noticiaempauta.com\/portal\/#organization\",\"name\":\"Portal Not\u00edcia em Pauta\",\"url\":\"https:\/\/noticiaempauta.com\/portal\/\",\"logo\":{\"@type\":\"ImageObject\",\"inLanguage\":\"pt-BR\",\"@id\":\"https:\/\/noticiaempauta.com\/portal\/#\/schema\/logo\/image\/\",\"url\":\"https:\/\/noticiaempauta.com\/portal\/wp-content\/uploads\/2022\/08\/logomarca_tema.fw_.png\",\"contentUrl\":\"https:\/\/noticiaempauta.com\/portal\/wp-content\/uploads\/2022\/08\/logomarca_tema.fw_.png\",\"width\":400,\"height\":232,\"caption\":\"Portal Not\u00edcia em Pauta\"},\"image\":{\"@id\":\"https:\/\/noticiaempauta.com\/portal\/#\/schema\/logo\/image\/\"},\"sameAs\":[\"https:\/\/www.facebook.com\/Portal-Notcia-Em-Pauta-102292869264820\/\",\"https:\/\/www.instagram.com\/portalnoticiaempauta\/\"]},{\"@type\":\"Person\",\"@id\":\"https:\/\/noticiaempauta.com\/portal\/#\/schema\/person\/a74af43dd1ab3deca45f988c717d57ac\",\"name\":\"Reda\u00e7\u00e3o\",\"image\":{\"@type\":\"ImageObject\",\"inLanguage\":\"pt-BR\",\"@id\":\"https:\/\/noticiaempauta.com\/portal\/#\/schema\/person\/image\/\",\"url\":\"https:\/\/secure.gravatar.com\/avatar\/03179346ecce6cdfc13361603e8f54242a90e5cde8618fa23c5c00aa2b0aadf3?s=96&d=mm&r=g\",\"contentUrl\":\"https:\/\/secure.gravatar.com\/avatar\/03179346ecce6cdfc13361603e8f54242a90e5cde8618fa23c5c00aa2b0aadf3?s=96&d=mm&r=g\",\"caption\":\"Reda\u00e7\u00e3o\"},\"sameAs\":[\"https:\/\/noticiaempauta.com\/portal\/\"],\"url\":\"https:\/\/noticiaempauta.com\/portal\/author\/fernando\/\"}]}<\/script>\n<!-- \/ Yoast SEO Premium plugin. -->","yoast_head_json":{"title":"Elei\u00e7\u00f5es 2026: janela partid\u00e1ria para deputados come\u00e7a nesta quinta-feira (5); entenda processo - Portal Not\u00edcia em Pauta","robots":{"index":"index","follow":"follow","max-snippet":"max-snippet:-1","max-image-preview":"max-image-preview:large","max-video-preview":"max-video-preview:-1"},"canonical":"https:\/\/noticiaempauta.com\/portal\/eleicoes-2026-janela-partidaria-para-deputados-comeca-nesta-quinta-feira-5-entenda-processo\/","og_locale":"pt_BR","og_type":"article","og_title":"Elei\u00e7\u00f5es 2026: janela partid\u00e1ria para deputados come\u00e7a nesta quinta-feira (5); entenda processo","og_description":"Come\u00e7a na nesta quinta-feira (5) a chamada\u00a0\u201cjanela partid\u00e1ria\u201d, per\u00edodo de\u00a0um m\u00eas em que deputados federais, estaduais e distritais podem trocar de partido\u00a0sem perder o mandato. O prazo segue\u00a0at\u00e9 o dia 3 de abril. Durante esse per\u00edodo, parlamentares podem mudar de legenda sem sofrer puni\u00e7\u00e3o por infidelidade partid\u00e1ria, j\u00e1 que a regra est\u00e1 prevista na legisla\u00e7\u00e3o [&hellip;]","og_url":"https:\/\/noticiaempauta.com\/portal\/eleicoes-2026-janela-partidaria-para-deputados-comeca-nesta-quinta-feira-5-entenda-processo\/","og_site_name":"Portal Not\u00edcia em Pauta","article_publisher":"https:\/\/www.facebook.com\/Portal-Notcia-Em-Pauta-102292869264820\/","article_published_time":"2026-03-05T12:14:21+00:00","article_modified_time":"2026-03-05T12:14:23+00:00","og_image":[{"width":1024,"height":681,"url":"https:\/\/noticiaempauta.com\/portal\/wp-content\/uploads\/2024\/08\/Votacao-urna.jpg","type":"image\/jpeg"}],"author":"Reda\u00e7\u00e3o","twitter_card":"summary_large_image","twitter_misc":{"Escrito por":"Reda\u00e7\u00e3o","Est. tempo de leitura":"3 minutos"},"schema":{"@context":"https:\/\/schema.org","@graph":[{"@type":"Article","@id":"https:\/\/noticiaempauta.com\/portal\/eleicoes-2026-janela-partidaria-para-deputados-comeca-nesta-quinta-feira-5-entenda-processo\/#article","isPartOf":{"@id":"https:\/\/noticiaempauta.com\/portal\/eleicoes-2026-janela-partidaria-para-deputados-comeca-nesta-quinta-feira-5-entenda-processo\/"},"author":{"name":"Reda\u00e7\u00e3o","@id":"https:\/\/noticiaempauta.com\/portal\/#\/schema\/person\/a74af43dd1ab3deca45f988c717d57ac"},"headline":"Elei\u00e7\u00f5es 2026: janela partid\u00e1ria para deputados come\u00e7a nesta quinta-feira (5); entenda processo","datePublished":"2026-03-05T12:14:21+00:00","dateModified":"2026-03-05T12:14:23+00:00","mainEntityOfPage":{"@id":"https:\/\/noticiaempauta.com\/portal\/eleicoes-2026-janela-partidaria-para-deputados-comeca-nesta-quinta-feira-5-entenda-processo\/"},"wordCount":351,"publisher":{"@id":"https:\/\/noticiaempauta.com\/portal\/#organization"},"image":{"@id":"https:\/\/noticiaempauta.com\/portal\/eleicoes-2026-janela-partidaria-para-deputados-comeca-nesta-quinta-feira-5-entenda-processo\/#primaryimage"},"thumbnailUrl":"https:\/\/noticiaempauta.com\/portal\/wp-content\/uploads\/2024\/08\/Votacao-urna.jpg","keywords":["destaqueprincipal"],"articleSection":["Destaques","Geral","Munic\u00edpios","Todas as Not\u00edcias"],"inLanguage":"pt-BR"},{"@type":"WebPage","@id":"https:\/\/noticiaempauta.com\/portal\/eleicoes-2026-janela-partidaria-para-deputados-comeca-nesta-quinta-feira-5-entenda-processo\/","url":"https:\/\/noticiaempauta.com\/portal\/eleicoes-2026-janela-partidaria-para-deputados-comeca-nesta-quinta-feira-5-entenda-processo\/","name":"Elei\u00e7\u00f5es 2026: janela partid\u00e1ria para deputados come\u00e7a nesta quinta-feira (5); entenda processo - Portal Not\u00edcia em Pauta","isPartOf":{"@id":"https:\/\/noticiaempauta.com\/portal\/#website"},"primaryImageOfPage":{"@id":"https:\/\/noticiaempauta.com\/portal\/eleicoes-2026-janela-partidaria-para-deputados-comeca-nesta-quinta-feira-5-entenda-processo\/#primaryimage"},"image":{"@id":"https:\/\/noticiaempauta.com\/portal\/eleicoes-2026-janela-partidaria-para-deputados-comeca-nesta-quinta-feira-5-entenda-processo\/#primaryimage"},"thumbnailUrl":"https:\/\/noticiaempauta.com\/portal\/wp-content\/uploads\/2024\/08\/Votacao-urna.jpg","datePublished":"2026-03-05T12:14:21+00:00","dateModified":"2026-03-05T12:14:23+00:00","breadcrumb":{"@id":"https:\/\/noticiaempauta.com\/portal\/eleicoes-2026-janela-partidaria-para-deputados-comeca-nesta-quinta-feira-5-entenda-processo\/#breadcrumb"},"inLanguage":"pt-BR","potentialAction":[{"@type":"ReadAction","target":["https:\/\/noticiaempauta.com\/portal\/eleicoes-2026-janela-partidaria-para-deputados-comeca-nesta-quinta-feira-5-entenda-processo\/"]}]},{"@type":"ImageObject","inLanguage":"pt-BR","@id":"https:\/\/noticiaempauta.com\/portal\/eleicoes-2026-janela-partidaria-para-deputados-comeca-nesta-quinta-feira-5-entenda-processo\/#primaryimage","url":"https:\/\/noticiaempauta.com\/portal\/wp-content\/uploads\/2024\/08\/Votacao-urna.jpg","contentUrl":"https:\/\/noticiaempauta.com\/portal\/wp-content\/uploads\/2024\/08\/Votacao-urna.jpg","width":1024,"height":681},{"@type":"BreadcrumbList","@id":"https:\/\/noticiaempauta.com\/portal\/eleicoes-2026-janela-partidaria-para-deputados-comeca-nesta-quinta-feira-5-entenda-processo\/#breadcrumb","itemListElement":[{"@type":"ListItem","position":1,"name":"P\u00e1gina Inicial","item":"https:\/\/noticiaempauta.com\/portal\/"},{"@type":"ListItem","position":2,"name":"Destaques","item":"https:\/\/noticiaempauta.com\/portal\/destaques-site\/"},{"@type":"ListItem","position":3,"name":"Elei\u00e7\u00f5es 2026: janela partid\u00e1ria para deputados come\u00e7a nesta quinta-feira (5); entenda processo"}]},{"@type":"WebSite","@id":"https:\/\/noticiaempauta.com\/portal\/#website","url":"https:\/\/noticiaempauta.com\/portal\/","name":"Portal Not\u00edcia em Pauta","description":"Voc\u00ea bem informado","publisher":{"@id":"https:\/\/noticiaempauta.com\/portal\/#organization"},"potentialAction":[{"@type":"SearchAction","target":{"@type":"EntryPoint","urlTemplate":"https:\/\/noticiaempauta.com\/portal\/?s={search_term_string}"},"query-input":{"@type":"PropertyValueSpecification","valueRequired":true,"valueName":"search_term_string"}}],"inLanguage":"pt-BR"},{"@type":"Organization","@id":"https:\/\/noticiaempauta.com\/portal\/#organization","name":"Portal Not\u00edcia em Pauta","url":"https:\/\/noticiaempauta.com\/portal\/","logo":{"@type":"ImageObject","inLanguage":"pt-BR","@id":"https:\/\/noticiaempauta.com\/portal\/#\/schema\/logo\/image\/","url":"https:\/\/noticiaempauta.com\/portal\/wp-content\/uploads\/2022\/08\/logomarca_tema.fw_.png","contentUrl":"https:\/\/noticiaempauta.com\/portal\/wp-content\/uploads\/2022\/08\/logomarca_tema.fw_.png","width":400,"height":232,"caption":"Portal Not\u00edcia em Pauta"},"image":{"@id":"https:\/\/noticiaempauta.com\/portal\/#\/schema\/logo\/image\/"},"sameAs":["https:\/\/www.facebook.com\/Portal-Notcia-Em-Pauta-102292869264820\/","https:\/\/www.instagram.com\/portalnoticiaempauta\/"]},{"@type":"Person","@id":"https:\/\/noticiaempauta.com\/portal\/#\/schema\/person\/a74af43dd1ab3deca45f988c717d57ac","name":"Reda\u00e7\u00e3o","image":{"@type":"ImageObject","inLanguage":"pt-BR","@id":"https:\/\/noticiaempauta.com\/portal\/#\/schema\/person\/image\/","url":"https:\/\/secure.gravatar.com\/avatar\/03179346ecce6cdfc13361603e8f54242a90e5cde8618fa23c5c00aa2b0aadf3?s=96&d=mm&r=g","contentUrl":"https:\/\/secure.gravatar.com\/avatar\/03179346ecce6cdfc13361603e8f54242a90e5cde8618fa23c5c00aa2b0aadf3?s=96&d=mm&r=g","caption":"Reda\u00e7\u00e3o"},"sameAs":["https:\/\/noticiaempauta.com\/portal\/"],"url":"https:\/\/noticiaempauta.com\/portal\/author\/fernando\/"}]}},"_links":{"self":[{"href":"https:\/\/noticiaempauta.com\/portal\/wp-json\/wp\/v2\/posts\/285970","targetHints":{"allow":["GET"]}}],"collection":[{"href":"https:\/\/noticiaempauta.com\/portal\/wp-json\/wp\/v2\/posts"}],"about":[{"href":"https:\/\/noticiaempauta.com\/portal\/wp-json\/wp\/v2\/types\/post"}],"author":[{"embeddable":true,"href":"https:\/\/noticiaempauta.com\/portal\/wp-json\/wp\/v2\/users\/2"}],"replies":[{"embeddable":true,"href":"https:\/\/noticiaempauta.com\/portal\/wp-json\/wp\/v2\/comments?post=285970"}],"version-history":[{"count":2,"href":"https:\/\/noticiaempauta.com\/portal\/wp-json\/wp\/v2\/posts\/285970\/revisions"}],"predecessor-version":[{"id":285972,"href":"https:\/\/noticiaempauta.com\/portal\/wp-json\/wp\/v2\/posts\/285970\/revisions\/285972"}],"wp:featuredmedia":[{"embeddable":true,"href":"https:\/\/noticiaempauta.com\/portal\/wp-json\/wp\/v2\/media\/261033"}],"wp:attachment":[{"href":"https:\/\/noticiaempauta.com\/portal\/wp-json\/wp\/v2\/media?parent=285970"}],"wp:term":[{"taxonomy":"category","embeddable":true,"href":"https:\/\/noticiaempauta.com\/portal\/wp-json\/wp\/v2\/categories?post=285970"},{"taxonomy":"post_tag","embeddable":true,"href":"https:\/\/noticiaempauta.com\/portal\/wp-json\/wp\/v2\/tags?post=285970"}],"curies":[{"name":"wp","href":"https:\/\/api.w.org\/{rel}","templated":true}]}}