{"id":285974,"date":"2026-03-05T10:43:21","date_gmt":"2026-03-05T13:43:21","guid":{"rendered":"https:\/\/noticiaempauta.com\/portal\/?p=285974"},"modified":"2026-03-05T10:43:25","modified_gmt":"2026-03-05T13:43:25","slug":"prefeitura-de-picos-abre-inscricoes-para-o-cursinho-municipal-professor-jose-bispo-e-lanca-programa-pix-legal-para-apoiar-estudantes","status":"publish","type":"post","link":"https:\/\/noticiaempauta.com\/portal\/prefeitura-de-picos-abre-inscricoes-para-o-cursinho-municipal-professor-jose-bispo-e-lanca-programa-pix-legal-para-apoiar-estudantes\/","title":{"rendered":"Prefeitura de Picos abre inscri\u00e7\u00f5es para o Cursinho Municipal Professor Jos\u00e9 Bispo e lan\u00e7a programa Pix Legal para apoiar estudantes"},"content":{"rendered":"\n<p>A Prefeitura de Picos, por meio da Secretaria Municipal da Juventude, abriu as inscri\u00e7\u00f5es para o processo seletivo do Cursinho Pr\u00e9-Vestibular Municipal Professor Jos\u00e9 Bispo. Ao todo, est\u00e3o sendo ofertadas 120 vagas destinadas a estudantes que estejam cursando o 3\u00ba ano do ensino m\u00e9dio ou que j\u00e1 tenham conclu\u00eddo essa etapa em escolas p\u00fablicas do munic\u00edpio.<\/p>\n\n\n\n<figure class=\"wp-block-image size-large\"><img fetchpriority=\"high\" decoding=\"async\" width=\"1024\" height=\"687\" src=\"https:\/\/noticiaempauta.com\/portal\/wp-content\/uploads\/2026\/03\/WhatsApp-Image-2026-03-05-at-10.20.47-1-1024x687.webp\" alt=\"\" class=\"wp-image-285975\" srcset=\"https:\/\/noticiaempauta.com\/portal\/wp-content\/uploads\/2026\/03\/WhatsApp-Image-2026-03-05-at-10.20.47-1-1024x687.webp 1024w, https:\/\/noticiaempauta.com\/portal\/wp-content\/uploads\/2026\/03\/WhatsApp-Image-2026-03-05-at-10.20.47-1-300x201.webp 300w, https:\/\/noticiaempauta.com\/portal\/wp-content\/uploads\/2026\/03\/WhatsApp-Image-2026-03-05-at-10.20.47-1-768x516.webp 768w, https:\/\/noticiaempauta.com\/portal\/wp-content\/uploads\/2026\/03\/WhatsApp-Image-2026-03-05-at-10.20.47-1-1536x1031.webp 1536w, https:\/\/noticiaempauta.com\/portal\/wp-content\/uploads\/2026\/03\/WhatsApp-Image-2026-03-05-at-10.20.47-1.webp 1600w\" sizes=\"(max-width: 1024px) 100vw, 1024px\" \/><\/figure>\n\n\n\n<p><strong>Confira o Edital na \u00edntegra!<\/strong><\/p>\n\n\n\n<div class=\"wp-block-file\"><a id=\"wp-block-file--media-9a1dd4ed-46ce-461a-bd16-dee7617da4d0\" href=\"https:\/\/noticiaempauta.com\/portal\/wp-content\/uploads\/2026\/03\/Edital-Pronto-CJB-2026-ok-1.docx\">Edital &#8211; Pronto (CJB 2026)-ok (1)<\/a><a href=\"https:\/\/noticiaempauta.com\/portal\/wp-content\/uploads\/2026\/03\/Edital-Pronto-CJB-2026-ok-1.docx\" class=\"wp-block-file__button wp-element-button\" download aria-describedby=\"wp-block-file--media-9a1dd4ed-46ce-461a-bd16-dee7617da4d0\">Baixar<\/a><\/div>\n\n\n\n<p>As inscri\u00e7\u00f5es s\u00e3o gratuitas e podem ser realizadas de 03 a 18 de mar\u00e7o, no 1\u00ba andar da Prefeitura Municipal de Picos, localizada na Rua Marcos Parente, n\u00ba 155, no Centro. Para efetivar a inscri\u00e7\u00e3o, os candidatos devem apresentar foto 3&#215;4, documento de identidade e CPF, declara\u00e7\u00e3o ou comprovante de matr\u00edcula no ensino m\u00e9dio ou certificado de conclus\u00e3o emitido por escola p\u00fablica, al\u00e9m de comprovante de resid\u00eancia no munic\u00edpio.<\/p>\n\n\n\n<p>O processo seletivo contar\u00e1 com prova objetiva marcada para o dia 21 de mar\u00e7o, das 14h \u00e0s 18h, com quest\u00f5es baseadas nos conte\u00fados do ensino m\u00e9dio, contemplando disciplinas como L\u00edngua Portuguesa, Matem\u00e1tica, Hist\u00f3ria, Geografia, F\u00edsica, Qu\u00edmica e Biologia.<\/p>\n\n\n\n<p>Al\u00e9m da prepara\u00e7\u00e3o para o Exame Nacional do Ensino M\u00e9dio (Enem) e vestibulares, a edi\u00e7\u00e3o de 2026 traz uma novidade importante para incentivar a perman\u00eancia dos estudantes no cursinho. A gest\u00e3o municipal lan\u00e7ou o Pix Legal, programa que oferecer\u00e1 bolsa mensal de R$ 200 durante seis meses para os alunos aprovados no teste seletivo.<\/p>\n\n\n\n<p>De acordo com o secret\u00e1rio municipal da Juventude, Matusal\u00e9m Almeida, a iniciativa busca ampliar o acesso dos jovens picoenses ao ensino superior e garantir condi\u00e7\u00f5es para que possam se dedicar aos estudos.<\/p>\n\n\n\n<p>\u201cO cursinho municipal j\u00e1 \u00e9 uma ferramenta importante para preparar nossos jovens para o Enem e para os vestibulares. Este ano, al\u00e9m das aulas, estamos trazendo o Pix Legal, que chegou chegando para dar aquela for\u00e7a e ajudar os alunos durante o estudo. A bolsa mensal \u00e9 um incentivo para que os estudantes possam permanecer focados no cursinho e na realiza\u00e7\u00e3o do sonho de entrar na universidade\u201d, destacou o secret\u00e1rio.<\/p>\n\n\n\n<p>Segundo a Secretaria da Juventude, a a\u00e7\u00e3o integra as pol\u00edticas da Prefeitura de Picos voltadas para o fortalecimento da juventude e para a amplia\u00e7\u00e3o de oportunidades educacionais no munic\u00edpio.<\/p>\n\n\n\n<p>As aulas do cursinho ter\u00e3o in\u00edcio no dia 30 de mar\u00e7o e ser\u00e3o realizadas de segunda a sexta-feira, das 18h \u00e0s 21h40, em local a ser divulgado pela organiza\u00e7\u00e3o do processo seletivo.<\/p>\n","protected":false},"excerpt":{"rendered":"<p>A Prefeitura de Picos, por meio da Secretaria Municipal da Juventude, abriu as inscri\u00e7\u00f5es para o processo seletivo do Cursinho Pr\u00e9-Vestibular Municipal Professor Jos\u00e9 Bispo. Ao todo, est\u00e3o sendo ofertadas 120 vagas destinadas a estudantes que estejam cursando o 3\u00ba ano do ensino m\u00e9dio ou que j\u00e1 tenham conclu\u00eddo essa etapa em escolas p\u00fablicas do [&hellip;]<\/p>\n","protected":false},"author":2,"featured_media":285975,"comment_status":"closed","ping_status":"closed","sticky":false,"template":"","format":"standard","meta":{"_mi_skip_tracking":false,"footnotes":""},"categories":[25,1,16],"tags":[],"class_list":["post-285974","post","type-post","status-publish","format-standard","has-post-thumbnail","hentry","category-destaques-site","category-geral","category-todas"],"acf":[],"yoast_head":"<!-- This site is optimized with the Yoast SEO Premium plugin v19.2 (Yoast SEO v26.9) - https:\/\/yoast.com\/product\/yoast-seo-premium-wordpress\/ -->\n<title>Prefeitura de Picos abre inscri\u00e7\u00f5es para o Cursinho Municipal Professor Jos\u00e9 Bispo e lan\u00e7a programa Pix Legal para apoiar estudantes - Portal Not\u00edcia em Pauta<\/title>\n<meta name=\"robots\" content=\"index, follow, max-snippet:-1, max-image-preview:large, max-video-preview:-1\" \/>\n<link rel=\"canonical\" href=\"https:\/\/noticiaempauta.com\/portal\/prefeitura-de-picos-abre-inscricoes-para-o-cursinho-municipal-professor-jose-bispo-e-lanca-programa-pix-legal-para-apoiar-estudantes\/\" \/>\n<meta property=\"og:locale\" content=\"pt_BR\" \/>\n<meta property=\"og:type\" content=\"article\" \/>\n<meta property=\"og:title\" content=\"Prefeitura de Picos abre inscri\u00e7\u00f5es para o Cursinho Municipal Professor Jos\u00e9 Bispo e lan\u00e7a programa Pix Legal para apoiar estudantes\" \/>\n<meta property=\"og:description\" content=\"A Prefeitura de Picos, por meio da Secretaria Municipal da Juventude, abriu as inscri\u00e7\u00f5es para o processo seletivo do Cursinho Pr\u00e9-Vestibular Municipal Professor Jos\u00e9 Bispo. Ao todo, est\u00e3o sendo ofertadas 120 vagas destinadas a estudantes que estejam cursando o 3\u00ba ano do ensino m\u00e9dio ou que j\u00e1 tenham conclu\u00eddo essa etapa em escolas p\u00fablicas do [&hellip;]\" \/>\n<meta property=\"og:url\" content=\"https:\/\/noticiaempauta.com\/portal\/prefeitura-de-picos-abre-inscricoes-para-o-cursinho-municipal-professor-jose-bispo-e-lanca-programa-pix-legal-para-apoiar-estudantes\/\" \/>\n<meta property=\"og:site_name\" content=\"Portal Not\u00edcia em Pauta\" \/>\n<meta property=\"article:publisher\" content=\"https:\/\/www.facebook.com\/Portal-Notcia-Em-Pauta-102292869264820\/\" \/>\n<meta property=\"article:published_time\" content=\"2026-03-05T13:43:21+00:00\" \/>\n<meta property=\"article:modified_time\" content=\"2026-03-05T13:43:25+00:00\" \/>\n<meta property=\"og:image\" content=\"https:\/\/noticiaempauta.com\/portal\/wp-content\/uploads\/2026\/03\/WhatsApp-Image-2026-03-05-at-10.20.47-1.webp\" \/>\n\t<meta property=\"og:image:width\" content=\"1600\" \/>\n\t<meta property=\"og:image:height\" content=\"1074\" \/>\n\t<meta property=\"og:image:type\" content=\"image\/webp\" \/>\n<meta name=\"author\" content=\"Reda\u00e7\u00e3o\" \/>\n<meta name=\"twitter:card\" content=\"summary_large_image\" \/>\n<meta name=\"twitter:label1\" content=\"Escrito por\" \/>\n\t<meta name=\"twitter:data1\" content=\"Reda\u00e7\u00e3o\" \/>\n\t<meta name=\"twitter:label2\" content=\"Est. tempo de leitura\" \/>\n\t<meta name=\"twitter:data2\" content=\"3 minutos\" \/>\n<script type=\"application\/ld+json\" class=\"yoast-schema-graph\">{\"@context\":\"https:\/\/schema.org\",\"@graph\":[{\"@type\":\"Article\",\"@id\":\"https:\/\/noticiaempauta.com\/portal\/prefeitura-de-picos-abre-inscricoes-para-o-cursinho-municipal-professor-jose-bispo-e-lanca-programa-pix-legal-para-apoiar-estudantes\/#article\",\"isPartOf\":{\"@id\":\"https:\/\/noticiaempauta.com\/portal\/prefeitura-de-picos-abre-inscricoes-para-o-cursinho-municipal-professor-jose-bispo-e-lanca-programa-pix-legal-para-apoiar-estudantes\/\"},\"author\":{\"name\":\"Reda\u00e7\u00e3o\",\"@id\":\"https:\/\/noticiaempauta.com\/portal\/#\/schema\/person\/a74af43dd1ab3deca45f988c717d57ac\"},\"headline\":\"Prefeitura de Picos abre inscri\u00e7\u00f5es para o Cursinho Municipal Professor Jos\u00e9 Bispo e lan\u00e7a programa Pix Legal para apoiar estudantes\",\"datePublished\":\"2026-03-05T13:43:21+00:00\",\"dateModified\":\"2026-03-05T13:43:25+00:00\",\"mainEntityOfPage\":{\"@id\":\"https:\/\/noticiaempauta.com\/portal\/prefeitura-de-picos-abre-inscricoes-para-o-cursinho-municipal-professor-jose-bispo-e-lanca-programa-pix-legal-para-apoiar-estudantes\/\"},\"wordCount\":452,\"publisher\":{\"@id\":\"https:\/\/noticiaempauta.com\/portal\/#organization\"},\"image\":{\"@id\":\"https:\/\/noticiaempauta.com\/portal\/prefeitura-de-picos-abre-inscricoes-para-o-cursinho-municipal-professor-jose-bispo-e-lanca-programa-pix-legal-para-apoiar-estudantes\/#primaryimage\"},\"thumbnailUrl\":\"https:\/\/noticiaempauta.com\/portal\/wp-content\/uploads\/2026\/03\/WhatsApp-Image-2026-03-05-at-10.20.47-1.webp\",\"articleSection\":[\"Destaques\",\"Geral\",\"Todas as Not\u00edcias\"],\"inLanguage\":\"pt-BR\"},{\"@type\":\"WebPage\",\"@id\":\"https:\/\/noticiaempauta.com\/portal\/prefeitura-de-picos-abre-inscricoes-para-o-cursinho-municipal-professor-jose-bispo-e-lanca-programa-pix-legal-para-apoiar-estudantes\/\",\"url\":\"https:\/\/noticiaempauta.com\/portal\/prefeitura-de-picos-abre-inscricoes-para-o-cursinho-municipal-professor-jose-bispo-e-lanca-programa-pix-legal-para-apoiar-estudantes\/\",\"name\":\"Prefeitura de Picos abre inscri\u00e7\u00f5es para o Cursinho Municipal Professor Jos\u00e9 Bispo e lan\u00e7a programa Pix Legal para apoiar estudantes - Portal Not\u00edcia em Pauta\",\"isPartOf\":{\"@id\":\"https:\/\/noticiaempauta.com\/portal\/#website\"},\"primaryImageOfPage\":{\"@id\":\"https:\/\/noticiaempauta.com\/portal\/prefeitura-de-picos-abre-inscricoes-para-o-cursinho-municipal-professor-jose-bispo-e-lanca-programa-pix-legal-para-apoiar-estudantes\/#primaryimage\"},\"image\":{\"@id\":\"https:\/\/noticiaempauta.com\/portal\/prefeitura-de-picos-abre-inscricoes-para-o-cursinho-municipal-professor-jose-bispo-e-lanca-programa-pix-legal-para-apoiar-estudantes\/#primaryimage\"},\"thumbnailUrl\":\"https:\/\/noticiaempauta.com\/portal\/wp-content\/uploads\/2026\/03\/WhatsApp-Image-2026-03-05-at-10.20.47-1.webp\",\"datePublished\":\"2026-03-05T13:43:21+00:00\",\"dateModified\":\"2026-03-05T13:43:25+00:00\",\"breadcrumb\":{\"@id\":\"https:\/\/noticiaempauta.com\/portal\/prefeitura-de-picos-abre-inscricoes-para-o-cursinho-municipal-professor-jose-bispo-e-lanca-programa-pix-legal-para-apoiar-estudantes\/#breadcrumb\"},\"inLanguage\":\"pt-BR\",\"potentialAction\":[{\"@type\":\"ReadAction\",\"target\":[\"https:\/\/noticiaempauta.com\/portal\/prefeitura-de-picos-abre-inscricoes-para-o-cursinho-municipal-professor-jose-bispo-e-lanca-programa-pix-legal-para-apoiar-estudantes\/\"]}]},{\"@type\":\"ImageObject\",\"inLanguage\":\"pt-BR\",\"@id\":\"https:\/\/noticiaempauta.com\/portal\/prefeitura-de-picos-abre-inscricoes-para-o-cursinho-municipal-professor-jose-bispo-e-lanca-programa-pix-legal-para-apoiar-estudantes\/#primaryimage\",\"url\":\"https:\/\/noticiaempauta.com\/portal\/wp-content\/uploads\/2026\/03\/WhatsApp-Image-2026-03-05-at-10.20.47-1.webp\",\"contentUrl\":\"https:\/\/noticiaempauta.com\/portal\/wp-content\/uploads\/2026\/03\/WhatsApp-Image-2026-03-05-at-10.20.47-1.webp\",\"width\":1600,\"height\":1074},{\"@type\":\"BreadcrumbList\",\"@id\":\"https:\/\/noticiaempauta.com\/portal\/prefeitura-de-picos-abre-inscricoes-para-o-cursinho-municipal-professor-jose-bispo-e-lanca-programa-pix-legal-para-apoiar-estudantes\/#breadcrumb\",\"itemListElement\":[{\"@type\":\"ListItem\",\"position\":1,\"name\":\"P\u00e1gina Inicial\",\"item\":\"https:\/\/noticiaempauta.com\/portal\/\"},{\"@type\":\"ListItem\",\"position\":2,\"name\":\"Destaques\",\"item\":\"https:\/\/noticiaempauta.com\/portal\/destaques-site\/\"},{\"@type\":\"ListItem\",\"position\":3,\"name\":\"Prefeitura de Picos abre inscri\u00e7\u00f5es para o Cursinho Municipal Professor Jos\u00e9 Bispo e lan\u00e7a programa Pix Legal para apoiar estudantes\"}]},{\"@type\":\"WebSite\",\"@id\":\"https:\/\/noticiaempauta.com\/portal\/#website\",\"url\":\"https:\/\/noticiaempauta.com\/portal\/\",\"name\":\"Portal Not\u00edcia em Pauta\",\"description\":\"Voc\u00ea bem informado\",\"publisher\":{\"@id\":\"https:\/\/noticiaempauta.com\/portal\/#organization\"},\"potentialAction\":[{\"@type\":\"SearchAction\",\"target\":{\"@type\":\"EntryPoint\",\"urlTemplate\":\"https:\/\/noticiaempauta.com\/portal\/?s={search_term_string}\"},\"query-input\":{\"@type\":\"PropertyValueSpecification\",\"valueRequired\":true,\"valueName\":\"search_term_string\"}}],\"inLanguage\":\"pt-BR\"},{\"@type\":\"Organization\",\"@id\":\"https:\/\/noticiaempauta.com\/portal\/#organization\",\"name\":\"Portal Not\u00edcia em Pauta\",\"url\":\"https:\/\/noticiaempauta.com\/portal\/\",\"logo\":{\"@type\":\"ImageObject\",\"inLanguage\":\"pt-BR\",\"@id\":\"https:\/\/noticiaempauta.com\/portal\/#\/schema\/logo\/image\/\",\"url\":\"https:\/\/noticiaempauta.com\/portal\/wp-content\/uploads\/2022\/08\/logomarca_tema.fw_.png\",\"contentUrl\":\"https:\/\/noticiaempauta.com\/portal\/wp-content\/uploads\/2022\/08\/logomarca_tema.fw_.png\",\"width\":400,\"height\":232,\"caption\":\"Portal Not\u00edcia em Pauta\"},\"image\":{\"@id\":\"https:\/\/noticiaempauta.com\/portal\/#\/schema\/logo\/image\/\"},\"sameAs\":[\"https:\/\/www.facebook.com\/Portal-Notcia-Em-Pauta-102292869264820\/\",\"https:\/\/www.instagram.com\/portalnoticiaempauta\/\"]},{\"@type\":\"Person\",\"@id\":\"https:\/\/noticiaempauta.com\/portal\/#\/schema\/person\/a74af43dd1ab3deca45f988c717d57ac\",\"name\":\"Reda\u00e7\u00e3o\",\"image\":{\"@type\":\"ImageObject\",\"inLanguage\":\"pt-BR\",\"@id\":\"https:\/\/noticiaempauta.com\/portal\/#\/schema\/person\/image\/\",\"url\":\"https:\/\/secure.gravatar.com\/avatar\/03179346ecce6cdfc13361603e8f54242a90e5cde8618fa23c5c00aa2b0aadf3?s=96&d=mm&r=g\",\"contentUrl\":\"https:\/\/secure.gravatar.com\/avatar\/03179346ecce6cdfc13361603e8f54242a90e5cde8618fa23c5c00aa2b0aadf3?s=96&d=mm&r=g\",\"caption\":\"Reda\u00e7\u00e3o\"},\"sameAs\":[\"https:\/\/noticiaempauta.com\/portal\/\"],\"url\":\"https:\/\/noticiaempauta.com\/portal\/author\/fernando\/\"}]}<\/script>\n<!-- \/ Yoast SEO Premium plugin. -->","yoast_head_json":{"title":"Prefeitura de Picos abre inscri\u00e7\u00f5es para o Cursinho Municipal Professor Jos\u00e9 Bispo e lan\u00e7a programa Pix Legal para apoiar estudantes - Portal Not\u00edcia em Pauta","robots":{"index":"index","follow":"follow","max-snippet":"max-snippet:-1","max-image-preview":"max-image-preview:large","max-video-preview":"max-video-preview:-1"},"canonical":"https:\/\/noticiaempauta.com\/portal\/prefeitura-de-picos-abre-inscricoes-para-o-cursinho-municipal-professor-jose-bispo-e-lanca-programa-pix-legal-para-apoiar-estudantes\/","og_locale":"pt_BR","og_type":"article","og_title":"Prefeitura de Picos abre inscri\u00e7\u00f5es para o Cursinho Municipal Professor Jos\u00e9 Bispo e lan\u00e7a programa Pix Legal para apoiar estudantes","og_description":"A Prefeitura de Picos, por meio da Secretaria Municipal da Juventude, abriu as inscri\u00e7\u00f5es para o processo seletivo do Cursinho Pr\u00e9-Vestibular Municipal Professor Jos\u00e9 Bispo. Ao todo, est\u00e3o sendo ofertadas 120 vagas destinadas a estudantes que estejam cursando o 3\u00ba ano do ensino m\u00e9dio ou que j\u00e1 tenham conclu\u00eddo essa etapa em escolas p\u00fablicas do [&hellip;]","og_url":"https:\/\/noticiaempauta.com\/portal\/prefeitura-de-picos-abre-inscricoes-para-o-cursinho-municipal-professor-jose-bispo-e-lanca-programa-pix-legal-para-apoiar-estudantes\/","og_site_name":"Portal Not\u00edcia em Pauta","article_publisher":"https:\/\/www.facebook.com\/Portal-Notcia-Em-Pauta-102292869264820\/","article_published_time":"2026-03-05T13:43:21+00:00","article_modified_time":"2026-03-05T13:43:25+00:00","og_image":[{"width":1600,"height":1074,"url":"https:\/\/noticiaempauta.com\/portal\/wp-content\/uploads\/2026\/03\/WhatsApp-Image-2026-03-05-at-10.20.47-1.webp","type":"image\/webp"}],"author":"Reda\u00e7\u00e3o","twitter_card":"summary_large_image","twitter_misc":{"Escrito por":"Reda\u00e7\u00e3o","Est. tempo de leitura":"3 minutos"},"schema":{"@context":"https:\/\/schema.org","@graph":[{"@type":"Article","@id":"https:\/\/noticiaempauta.com\/portal\/prefeitura-de-picos-abre-inscricoes-para-o-cursinho-municipal-professor-jose-bispo-e-lanca-programa-pix-legal-para-apoiar-estudantes\/#article","isPartOf":{"@id":"https:\/\/noticiaempauta.com\/portal\/prefeitura-de-picos-abre-inscricoes-para-o-cursinho-municipal-professor-jose-bispo-e-lanca-programa-pix-legal-para-apoiar-estudantes\/"},"author":{"name":"Reda\u00e7\u00e3o","@id":"https:\/\/noticiaempauta.com\/portal\/#\/schema\/person\/a74af43dd1ab3deca45f988c717d57ac"},"headline":"Prefeitura de Picos abre inscri\u00e7\u00f5es para o Cursinho Municipal Professor Jos\u00e9 Bispo e lan\u00e7a programa Pix Legal para apoiar estudantes","datePublished":"2026-03-05T13:43:21+00:00","dateModified":"2026-03-05T13:43:25+00:00","mainEntityOfPage":{"@id":"https:\/\/noticiaempauta.com\/portal\/prefeitura-de-picos-abre-inscricoes-para-o-cursinho-municipal-professor-jose-bispo-e-lanca-programa-pix-legal-para-apoiar-estudantes\/"},"wordCount":452,"publisher":{"@id":"https:\/\/noticiaempauta.com\/portal\/#organization"},"image":{"@id":"https:\/\/noticiaempauta.com\/portal\/prefeitura-de-picos-abre-inscricoes-para-o-cursinho-municipal-professor-jose-bispo-e-lanca-programa-pix-legal-para-apoiar-estudantes\/#primaryimage"},"thumbnailUrl":"https:\/\/noticiaempauta.com\/portal\/wp-content\/uploads\/2026\/03\/WhatsApp-Image-2026-03-05-at-10.20.47-1.webp","articleSection":["Destaques","Geral","Todas as Not\u00edcias"],"inLanguage":"pt-BR"},{"@type":"WebPage","@id":"https:\/\/noticiaempauta.com\/portal\/prefeitura-de-picos-abre-inscricoes-para-o-cursinho-municipal-professor-jose-bispo-e-lanca-programa-pix-legal-para-apoiar-estudantes\/","url":"https:\/\/noticiaempauta.com\/portal\/prefeitura-de-picos-abre-inscricoes-para-o-cursinho-municipal-professor-jose-bispo-e-lanca-programa-pix-legal-para-apoiar-estudantes\/","name":"Prefeitura de Picos abre inscri\u00e7\u00f5es para o Cursinho Municipal Professor Jos\u00e9 Bispo e lan\u00e7a programa Pix Legal para apoiar estudantes - Portal Not\u00edcia em Pauta","isPartOf":{"@id":"https:\/\/noticiaempauta.com\/portal\/#website"},"primaryImageOfPage":{"@id":"https:\/\/noticiaempauta.com\/portal\/prefeitura-de-picos-abre-inscricoes-para-o-cursinho-municipal-professor-jose-bispo-e-lanca-programa-pix-legal-para-apoiar-estudantes\/#primaryimage"},"image":{"@id":"https:\/\/noticiaempauta.com\/portal\/prefeitura-de-picos-abre-inscricoes-para-o-cursinho-municipal-professor-jose-bispo-e-lanca-programa-pix-legal-para-apoiar-estudantes\/#primaryimage"},"thumbnailUrl":"https:\/\/noticiaempauta.com\/portal\/wp-content\/uploads\/2026\/03\/WhatsApp-Image-2026-03-05-at-10.20.47-1.webp","datePublished":"2026-03-05T13:43:21+00:00","dateModified":"2026-03-05T13:43:25+00:00","breadcrumb":{"@id":"https:\/\/noticiaempauta.com\/portal\/prefeitura-de-picos-abre-inscricoes-para-o-cursinho-municipal-professor-jose-bispo-e-lanca-programa-pix-legal-para-apoiar-estudantes\/#breadcrumb"},"inLanguage":"pt-BR","potentialAction":[{"@type":"ReadAction","target":["https:\/\/noticiaempauta.com\/portal\/prefeitura-de-picos-abre-inscricoes-para-o-cursinho-municipal-professor-jose-bispo-e-lanca-programa-pix-legal-para-apoiar-estudantes\/"]}]},{"@type":"ImageObject","inLanguage":"pt-BR","@id":"https:\/\/noticiaempauta.com\/portal\/prefeitura-de-picos-abre-inscricoes-para-o-cursinho-municipal-professor-jose-bispo-e-lanca-programa-pix-legal-para-apoiar-estudantes\/#primaryimage","url":"https:\/\/noticiaempauta.com\/portal\/wp-content\/uploads\/2026\/03\/WhatsApp-Image-2026-03-05-at-10.20.47-1.webp","contentUrl":"https:\/\/noticiaempauta.com\/portal\/wp-content\/uploads\/2026\/03\/WhatsApp-Image-2026-03-05-at-10.20.47-1.webp","width":1600,"height":1074},{"@type":"BreadcrumbList","@id":"https:\/\/noticiaempauta.com\/portal\/prefeitura-de-picos-abre-inscricoes-para-o-cursinho-municipal-professor-jose-bispo-e-lanca-programa-pix-legal-para-apoiar-estudantes\/#breadcrumb","itemListElement":[{"@type":"ListItem","position":1,"name":"P\u00e1gina Inicial","item":"https:\/\/noticiaempauta.com\/portal\/"},{"@type":"ListItem","position":2,"name":"Destaques","item":"https:\/\/noticiaempauta.com\/portal\/destaques-site\/"},{"@type":"ListItem","position":3,"name":"Prefeitura de Picos abre inscri\u00e7\u00f5es para o Cursinho Municipal Professor Jos\u00e9 Bispo e lan\u00e7a programa Pix Legal para apoiar estudantes"}]},{"@type":"WebSite","@id":"https:\/\/noticiaempauta.com\/portal\/#website","url":"https:\/\/noticiaempauta.com\/portal\/","name":"Portal Not\u00edcia em Pauta","description":"Voc\u00ea bem informado","publisher":{"@id":"https:\/\/noticiaempauta.com\/portal\/#organization"},"potentialAction":[{"@type":"SearchAction","target":{"@type":"EntryPoint","urlTemplate":"https:\/\/noticiaempauta.com\/portal\/?s={search_term_string}"},"query-input":{"@type":"PropertyValueSpecification","valueRequired":true,"valueName":"search_term_string"}}],"inLanguage":"pt-BR"},{"@type":"Organization","@id":"https:\/\/noticiaempauta.com\/portal\/#organization","name":"Portal Not\u00edcia em Pauta","url":"https:\/\/noticiaempauta.com\/portal\/","logo":{"@type":"ImageObject","inLanguage":"pt-BR","@id":"https:\/\/noticiaempauta.com\/portal\/#\/schema\/logo\/image\/","url":"https:\/\/noticiaempauta.com\/portal\/wp-content\/uploads\/2022\/08\/logomarca_tema.fw_.png","contentUrl":"https:\/\/noticiaempauta.com\/portal\/wp-content\/uploads\/2022\/08\/logomarca_tema.fw_.png","width":400,"height":232,"caption":"Portal Not\u00edcia em Pauta"},"image":{"@id":"https:\/\/noticiaempauta.com\/portal\/#\/schema\/logo\/image\/"},"sameAs":["https:\/\/www.facebook.com\/Portal-Notcia-Em-Pauta-102292869264820\/","https:\/\/www.instagram.com\/portalnoticiaempauta\/"]},{"@type":"Person","@id":"https:\/\/noticiaempauta.com\/portal\/#\/schema\/person\/a74af43dd1ab3deca45f988c717d57ac","name":"Reda\u00e7\u00e3o","image":{"@type":"ImageObject","inLanguage":"pt-BR","@id":"https:\/\/noticiaempauta.com\/portal\/#\/schema\/person\/image\/","url":"https:\/\/secure.gravatar.com\/avatar\/03179346ecce6cdfc13361603e8f54242a90e5cde8618fa23c5c00aa2b0aadf3?s=96&d=mm&r=g","contentUrl":"https:\/\/secure.gravatar.com\/avatar\/03179346ecce6cdfc13361603e8f54242a90e5cde8618fa23c5c00aa2b0aadf3?s=96&d=mm&r=g","caption":"Reda\u00e7\u00e3o"},"sameAs":["https:\/\/noticiaempauta.com\/portal\/"],"url":"https:\/\/noticiaempauta.com\/portal\/author\/fernando\/"}]}},"_links":{"self":[{"href":"https:\/\/noticiaempauta.com\/portal\/wp-json\/wp\/v2\/posts\/285974","targetHints":{"allow":["GET"]}}],"collection":[{"href":"https:\/\/noticiaempauta.com\/portal\/wp-json\/wp\/v2\/posts"}],"about":[{"href":"https:\/\/noticiaempauta.com\/portal\/wp-json\/wp\/v2\/types\/post"}],"author":[{"embeddable":true,"href":"https:\/\/noticiaempauta.com\/portal\/wp-json\/wp\/v2\/users\/2"}],"replies":[{"embeddable":true,"href":"https:\/\/noticiaempauta.com\/portal\/wp-json\/wp\/v2\/comments?post=285974"}],"version-history":[{"count":2,"href":"https:\/\/noticiaempauta.com\/portal\/wp-json\/wp\/v2\/posts\/285974\/revisions"}],"predecessor-version":[{"id":285978,"href":"https:\/\/noticiaempauta.com\/portal\/wp-json\/wp\/v2\/posts\/285974\/revisions\/285978"}],"wp:featuredmedia":[{"embeddable":true,"href":"https:\/\/noticiaempauta.com\/portal\/wp-json\/wp\/v2\/media\/285975"}],"wp:attachment":[{"href":"https:\/\/noticiaempauta.com\/portal\/wp-json\/wp\/v2\/media?parent=285974"}],"wp:term":[{"taxonomy":"category","embeddable":true,"href":"https:\/\/noticiaempauta.com\/portal\/wp-json\/wp\/v2\/categories?post=285974"},{"taxonomy":"post_tag","embeddable":true,"href":"https:\/\/noticiaempauta.com\/portal\/wp-json\/wp\/v2\/tags?post=285974"}],"curies":[{"name":"wp","href":"https:\/\/api.w.org\/{rel}","templated":true}]}}