{"id":285991,"date":"2026-03-05T18:48:16","date_gmt":"2026-03-05T21:48:16","guid":{"rendered":"https:\/\/noticiaempauta.com\/portal\/?p=285991"},"modified":"2026-03-05T18:48:18","modified_gmt":"2026-03-05T21:48:18","slug":"procuradoria-de-aroeiras-do-itaim-participa-do-1o-forum-municipal-de-controle-interno-do-tce-pi","status":"publish","type":"post","link":"https:\/\/noticiaempauta.com\/portal\/procuradoria-de-aroeiras-do-itaim-participa-do-1o-forum-municipal-de-controle-interno-do-tce-pi\/","title":{"rendered":"Procuradoria de Aroeiras do Itaim participa do 1\u00ba F\u00f3rum Municipal de Controle Interno do TCE-PI"},"content":{"rendered":"\n<p>A Procuradoria-Geral do Munic\u00edpio de Aroeiras do Itaim participou, nesta quinta-feira (05), do 1\u00ba F\u00f3rum Municipal de Controle Interno, promovido pelo Tribunal de Contas do Estado do Piau\u00ed (TCE-PI). O evento foi realizado no audit\u00f3rio da Corte de Contas e reuniu mais de 500 participantes, entre gestores p\u00fablicos, controladores internos, advogados e representantes de cerca de 200 munic\u00edpios piauienses, com o objetivo de fortalecer as pr\u00e1ticas de governan\u00e7a e fiscaliza\u00e7\u00e3o na administra\u00e7\u00e3o p\u00fablica municipal.<\/p>\n\n\n\n<figure class=\"wp-block-image size-full\"><img fetchpriority=\"high\" decoding=\"async\" width=\"720\" height=\"801\" src=\"https:\/\/noticiaempauta.com\/portal\/wp-content\/uploads\/2026\/03\/7fbd8926-906f-448d-a8a0-ffaf14e74945.webp\" alt=\"\" class=\"wp-image-285993\" srcset=\"https:\/\/noticiaempauta.com\/portal\/wp-content\/uploads\/2026\/03\/7fbd8926-906f-448d-a8a0-ffaf14e74945.webp 720w, https:\/\/noticiaempauta.com\/portal\/wp-content\/uploads\/2026\/03\/7fbd8926-906f-448d-a8a0-ffaf14e74945-270x300.webp 270w\" sizes=\"(max-width: 720px) 100vw, 720px\" \/><\/figure>\n\n\n\n<p>Representaram o munic\u00edpio o Procurador-Geral, Dr. Jos\u00e9 Elianderson de Moura Fontes, e o Assessor Jur\u00eddico, Dr. Ricardo Martins, que acompanharam a programa\u00e7\u00e3o t\u00e9cnica voltada ao aprimoramento do controle preventivo e \u00e0 aplica\u00e7\u00e3o da Lei n\u00ba 14.133\/2021.<\/p>\n\n\n\n<figure class=\"wp-block-image size-large\"><img decoding=\"async\" width=\"1024\" height=\"683\" src=\"https:\/\/noticiaempauta.com\/portal\/wp-content\/uploads\/2026\/03\/980091ba-8b72-4a71-bd8b-2584ab7cd138-1024x683.webp\" alt=\"\" class=\"wp-image-285994\" srcset=\"https:\/\/noticiaempauta.com\/portal\/wp-content\/uploads\/2026\/03\/980091ba-8b72-4a71-bd8b-2584ab7cd138-1024x683.webp 1024w, https:\/\/noticiaempauta.com\/portal\/wp-content\/uploads\/2026\/03\/980091ba-8b72-4a71-bd8b-2584ab7cd138-300x200.webp 300w, https:\/\/noticiaempauta.com\/portal\/wp-content\/uploads\/2026\/03\/980091ba-8b72-4a71-bd8b-2584ab7cd138-768x512.webp 768w, https:\/\/noticiaempauta.com\/portal\/wp-content\/uploads\/2026\/03\/980091ba-8b72-4a71-bd8b-2584ab7cd138.webp 1536w\" sizes=\"(max-width: 1024px) 100vw, 1024px\" \/><\/figure>\n\n\n\n<p>Durante a abertura do f\u00f3rum, o presidente do Tribunal de Contas do Estado do Piau\u00ed, conselheiro Kennedy Barros, destacou a import\u00e2ncia do fortalecimento dos mecanismos de controle interno para evitar falhas administrativas e proteger o er\u00e1rio. Segundo ele, a auditoria preventiva funciona como uma esp\u00e9cie de manuten\u00e7\u00e3o da m\u00e1quina p\u00fablica, capaz de identificar riscos antes que eles se transformem em problemas mais graves para a administra\u00e7\u00e3o.<\/p>\n\n\n\n<p>A programa\u00e7\u00e3o tamb\u00e9m contou com a participa\u00e7\u00e3o da conselheira Flora Izabel, diretora-geral da Escola de Gest\u00e3o e Controle Conselheiro Alcides Nunes (EGC), que anunciou novos cursos de capacita\u00e7\u00e3o voltados aos gestores municipais. J\u00e1 a controladora-geral do Estado, Amparo Esm\u00e9rio, colocou a Controladoria-Geral do Estado do Piau\u00ed (CGE-PI) \u00e0 disposi\u00e7\u00e3o dos munic\u00edpios para atua\u00e7\u00e3o em regime de coopera\u00e7\u00e3o e orienta\u00e7\u00e3o t\u00e9cnica.<\/p>\n\n\n\n<figure class=\"wp-block-image size-large\"><img decoding=\"async\" width=\"1024\" height=\"579\" src=\"https:\/\/noticiaempauta.com\/portal\/wp-content\/uploads\/2026\/03\/9cae902f-eb3d-4ea9-96e2-3b9e6a14cdba-1024x579.webp\" alt=\"\" class=\"wp-image-285992\" srcset=\"https:\/\/noticiaempauta.com\/portal\/wp-content\/uploads\/2026\/03\/9cae902f-eb3d-4ea9-96e2-3b9e6a14cdba-1024x579.webp 1024w, https:\/\/noticiaempauta.com\/portal\/wp-content\/uploads\/2026\/03\/9cae902f-eb3d-4ea9-96e2-3b9e6a14cdba-300x170.webp 300w, https:\/\/noticiaempauta.com\/portal\/wp-content\/uploads\/2026\/03\/9cae902f-eb3d-4ea9-96e2-3b9e6a14cdba-768x435.webp 768w, https:\/\/noticiaempauta.com\/portal\/wp-content\/uploads\/2026\/03\/9cae902f-eb3d-4ea9-96e2-3b9e6a14cdba.webp 1536w\" sizes=\"(max-width: 1024px) 100vw, 1024px\" \/><\/figure>\n\n\n\n<p>Entre os destaques da programa\u00e7\u00e3o esteve o painel conduzido pelo auditor de controle externo do Tribunal de Contas do Estado de Pernambuco (TCE-PE), L\u00facio Genu Diniz, que apresentou uma an\u00e1lise detalhada sobre o Modelo das Tr\u00eas Linhas aplicado \u00e0 legisla\u00e7\u00e3o de licita\u00e7\u00f5es e contratos. A abordagem trouxe orienta\u00e7\u00f5es importantes para a elabora\u00e7\u00e3o de editais, gest\u00e3o de contratos e fortalecimento dos mecanismos de governan\u00e7a e responsabiliza\u00e7\u00e3o administrativa.<\/p>\n\n\n\n<p>Tamb\u00e9m foram debatidos temas como a estrutura\u00e7\u00e3o das controladorias municipais, apresentada pelo conselheiro substituto Alisson Ara\u00fajo, a experi\u00eancia da CGE-PI na organiza\u00e7\u00e3o dos sistemas de controle, exposta pelo auditor governamental Kilmer T\u00e1vora Teixeira, e estrat\u00e9gias de preven\u00e7\u00e3o de desvios na administra\u00e7\u00e3o p\u00fablica, discutidas pela diretora de fiscaliza\u00e7\u00e3o Liana Melo.<\/p>\n\n\n\n<figure class=\"wp-block-image size-large\"><img loading=\"lazy\" decoding=\"async\" width=\"1024\" height=\"959\" src=\"https:\/\/noticiaempauta.com\/portal\/wp-content\/uploads\/2026\/03\/3e09a808-c370-4f2d-8754-8531d236a741-1024x959.webp\" alt=\"\" class=\"wp-image-285995\" srcset=\"https:\/\/noticiaempauta.com\/portal\/wp-content\/uploads\/2026\/03\/3e09a808-c370-4f2d-8754-8531d236a741-1024x959.webp 1024w, https:\/\/noticiaempauta.com\/portal\/wp-content\/uploads\/2026\/03\/3e09a808-c370-4f2d-8754-8531d236a741-300x281.webp 300w, https:\/\/noticiaempauta.com\/portal\/wp-content\/uploads\/2026\/03\/3e09a808-c370-4f2d-8754-8531d236a741-768x719.webp 768w, https:\/\/noticiaempauta.com\/portal\/wp-content\/uploads\/2026\/03\/3e09a808-c370-4f2d-8754-8531d236a741.webp 1333w\" sizes=\"(max-width: 1024px) 100vw, 1024px\" \/><\/figure>\n\n\n\n<p>Para o Procurador-Geral do munic\u00edpio, a participa\u00e7\u00e3o no f\u00f3rum contribui para fortalecer a atua\u00e7\u00e3o jur\u00eddica da administra\u00e7\u00e3o p\u00fablica. \u201cO aprimoramento dos mecanismos de controle e sua converg\u00eancia com as exig\u00eancias da Lei n\u00ba 14.133\/21 demandam da advocacia p\u00fablica uma atua\u00e7\u00e3o proativa e eminentemente t\u00e9cnica. A compreens\u00e3o do Modelo das Tr\u00eas Linhas permite \u00e0 Procuradoria estruturar um arcabou\u00e7o jur\u00eddico s\u00f3lido, garantindo maior seguran\u00e7a aos atos administrativos\u201d, afirmou Dr. Jos\u00e9 Elianderson de Moura Fontes.<\/p>\n\n\n\n<p>O Assessor Jur\u00eddico Dr. Ricardo Martins tamb\u00e9m ressaltou a import\u00e2ncia da integra\u00e7\u00e3o entre a Procuradoria e o sistema de controle interno. \u201cA preven\u00e7\u00e3o \u00e9 o instrumento mais eficaz da gest\u00e3o p\u00fablica. Ao atuarmos em harmonia com o controle interno, transformamos a fiscaliza\u00e7\u00e3o em uma ferramenta estrat\u00e9gica de intelig\u00eancia administrativa, assegurando transpar\u00eancia e retid\u00e3o na condu\u00e7\u00e3o da m\u00e1quina p\u00fablica\u201d, destacou.<\/p>\n\n\n\n<p>A presen\u00e7a da equipe jur\u00eddica no evento refor\u00e7a o compromisso da gest\u00e3o municipal, com a moderniza\u00e7\u00e3o da administra\u00e7\u00e3o p\u00fablica, o fortalecimento das pr\u00e1ticas de governan\u00e7a e a prote\u00e7\u00e3o dos recursos p\u00fablicos, garantindo que os atos administrativos sejam conduzidos com responsabilidade, transpar\u00eancia e respeito aos princ\u00edpios da legalidade.<\/p>\n","protected":false},"excerpt":{"rendered":"<p>A Procuradoria-Geral do Munic\u00edpio de Aroeiras do Itaim participou, nesta quinta-feira (05), do 1\u00ba F\u00f3rum Municipal de Controle Interno, promovido pelo Tribunal de Contas do Estado do Piau\u00ed (TCE-PI). O evento foi realizado no audit\u00f3rio da Corte de Contas e reuniu mais de 500 participantes, entre gestores p\u00fablicos, controladores internos, advogados e representantes de cerca [&hellip;]<\/p>\n","protected":false},"author":2,"featured_media":285993,"comment_status":"closed","ping_status":"closed","sticky":false,"template":"","format":"standard","meta":{"_mi_skip_tracking":false,"footnotes":""},"categories":[25,1,9,16],"tags":[],"class_list":["post-285991","post","type-post","status-publish","format-standard","has-post-thumbnail","hentry","category-destaques-site","category-geral","category-municipios","category-todas"],"acf":[],"yoast_head":"<!-- This site is optimized with the Yoast SEO Premium plugin v19.2 (Yoast SEO v26.9) - https:\/\/yoast.com\/product\/yoast-seo-premium-wordpress\/ -->\n<title>Procuradoria de Aroeiras do Itaim participa do 1\u00ba F\u00f3rum Municipal de Controle Interno do TCE-PI - Portal Not\u00edcia em Pauta<\/title>\n<meta name=\"robots\" content=\"index, follow, max-snippet:-1, max-image-preview:large, max-video-preview:-1\" \/>\n<link rel=\"canonical\" href=\"https:\/\/noticiaempauta.com\/portal\/procuradoria-de-aroeiras-do-itaim-participa-do-1o-forum-municipal-de-controle-interno-do-tce-pi\/\" \/>\n<meta property=\"og:locale\" content=\"pt_BR\" \/>\n<meta property=\"og:type\" content=\"article\" \/>\n<meta property=\"og:title\" content=\"Procuradoria de Aroeiras do Itaim participa do 1\u00ba F\u00f3rum Municipal de Controle Interno do TCE-PI\" \/>\n<meta property=\"og:description\" content=\"A Procuradoria-Geral do Munic\u00edpio de Aroeiras do Itaim participou, nesta quinta-feira (05), do 1\u00ba F\u00f3rum Municipal de Controle Interno, promovido pelo Tribunal de Contas do Estado do Piau\u00ed (TCE-PI). O evento foi realizado no audit\u00f3rio da Corte de Contas e reuniu mais de 500 participantes, entre gestores p\u00fablicos, controladores internos, advogados e representantes de cerca [&hellip;]\" \/>\n<meta property=\"og:url\" content=\"https:\/\/noticiaempauta.com\/portal\/procuradoria-de-aroeiras-do-itaim-participa-do-1o-forum-municipal-de-controle-interno-do-tce-pi\/\" \/>\n<meta property=\"og:site_name\" content=\"Portal Not\u00edcia em Pauta\" \/>\n<meta property=\"article:publisher\" content=\"https:\/\/www.facebook.com\/Portal-Notcia-Em-Pauta-102292869264820\/\" \/>\n<meta property=\"article:published_time\" content=\"2026-03-05T21:48:16+00:00\" \/>\n<meta property=\"article:modified_time\" content=\"2026-03-05T21:48:18+00:00\" \/>\n<meta property=\"og:image\" content=\"https:\/\/noticiaempauta.com\/portal\/wp-content\/uploads\/2026\/03\/7fbd8926-906f-448d-a8a0-ffaf14e74945.webp\" \/>\n\t<meta property=\"og:image:width\" content=\"720\" \/>\n\t<meta property=\"og:image:height\" content=\"801\" \/>\n\t<meta property=\"og:image:type\" content=\"image\/webp\" \/>\n<meta name=\"author\" content=\"Reda\u00e7\u00e3o\" \/>\n<meta name=\"twitter:card\" content=\"summary_large_image\" \/>\n<meta name=\"twitter:label1\" content=\"Escrito por\" \/>\n\t<meta name=\"twitter:data1\" content=\"Reda\u00e7\u00e3o\" \/>\n\t<meta name=\"twitter:label2\" content=\"Est. tempo de leitura\" \/>\n\t<meta name=\"twitter:data2\" content=\"4 minutos\" \/>\n<script type=\"application\/ld+json\" class=\"yoast-schema-graph\">{\"@context\":\"https:\/\/schema.org\",\"@graph\":[{\"@type\":\"Article\",\"@id\":\"https:\/\/noticiaempauta.com\/portal\/procuradoria-de-aroeiras-do-itaim-participa-do-1o-forum-municipal-de-controle-interno-do-tce-pi\/#article\",\"isPartOf\":{\"@id\":\"https:\/\/noticiaempauta.com\/portal\/procuradoria-de-aroeiras-do-itaim-participa-do-1o-forum-municipal-de-controle-interno-do-tce-pi\/\"},\"author\":{\"name\":\"Reda\u00e7\u00e3o\",\"@id\":\"https:\/\/noticiaempauta.com\/portal\/#\/schema\/person\/a74af43dd1ab3deca45f988c717d57ac\"},\"headline\":\"Procuradoria de Aroeiras do Itaim participa do 1\u00ba F\u00f3rum Municipal de Controle Interno do TCE-PI\",\"datePublished\":\"2026-03-05T21:48:16+00:00\",\"dateModified\":\"2026-03-05T21:48:18+00:00\",\"mainEntityOfPage\":{\"@id\":\"https:\/\/noticiaempauta.com\/portal\/procuradoria-de-aroeiras-do-itaim-participa-do-1o-forum-municipal-de-controle-interno-do-tce-pi\/\"},\"wordCount\":636,\"publisher\":{\"@id\":\"https:\/\/noticiaempauta.com\/portal\/#organization\"},\"image\":{\"@id\":\"https:\/\/noticiaempauta.com\/portal\/procuradoria-de-aroeiras-do-itaim-participa-do-1o-forum-municipal-de-controle-interno-do-tce-pi\/#primaryimage\"},\"thumbnailUrl\":\"https:\/\/noticiaempauta.com\/portal\/wp-content\/uploads\/2026\/03\/7fbd8926-906f-448d-a8a0-ffaf14e74945.webp\",\"articleSection\":[\"Destaques\",\"Geral\",\"Munic\u00edpios\",\"Todas as Not\u00edcias\"],\"inLanguage\":\"pt-BR\"},{\"@type\":\"WebPage\",\"@id\":\"https:\/\/noticiaempauta.com\/portal\/procuradoria-de-aroeiras-do-itaim-participa-do-1o-forum-municipal-de-controle-interno-do-tce-pi\/\",\"url\":\"https:\/\/noticiaempauta.com\/portal\/procuradoria-de-aroeiras-do-itaim-participa-do-1o-forum-municipal-de-controle-interno-do-tce-pi\/\",\"name\":\"Procuradoria de Aroeiras do Itaim participa do 1\u00ba F\u00f3rum Municipal de Controle Interno do TCE-PI - Portal Not\u00edcia em Pauta\",\"isPartOf\":{\"@id\":\"https:\/\/noticiaempauta.com\/portal\/#website\"},\"primaryImageOfPage\":{\"@id\":\"https:\/\/noticiaempauta.com\/portal\/procuradoria-de-aroeiras-do-itaim-participa-do-1o-forum-municipal-de-controle-interno-do-tce-pi\/#primaryimage\"},\"image\":{\"@id\":\"https:\/\/noticiaempauta.com\/portal\/procuradoria-de-aroeiras-do-itaim-participa-do-1o-forum-municipal-de-controle-interno-do-tce-pi\/#primaryimage\"},\"thumbnailUrl\":\"https:\/\/noticiaempauta.com\/portal\/wp-content\/uploads\/2026\/03\/7fbd8926-906f-448d-a8a0-ffaf14e74945.webp\",\"datePublished\":\"2026-03-05T21:48:16+00:00\",\"dateModified\":\"2026-03-05T21:48:18+00:00\",\"breadcrumb\":{\"@id\":\"https:\/\/noticiaempauta.com\/portal\/procuradoria-de-aroeiras-do-itaim-participa-do-1o-forum-municipal-de-controle-interno-do-tce-pi\/#breadcrumb\"},\"inLanguage\":\"pt-BR\",\"potentialAction\":[{\"@type\":\"ReadAction\",\"target\":[\"https:\/\/noticiaempauta.com\/portal\/procuradoria-de-aroeiras-do-itaim-participa-do-1o-forum-municipal-de-controle-interno-do-tce-pi\/\"]}]},{\"@type\":\"ImageObject\",\"inLanguage\":\"pt-BR\",\"@id\":\"https:\/\/noticiaempauta.com\/portal\/procuradoria-de-aroeiras-do-itaim-participa-do-1o-forum-municipal-de-controle-interno-do-tce-pi\/#primaryimage\",\"url\":\"https:\/\/noticiaempauta.com\/portal\/wp-content\/uploads\/2026\/03\/7fbd8926-906f-448d-a8a0-ffaf14e74945.webp\",\"contentUrl\":\"https:\/\/noticiaempauta.com\/portal\/wp-content\/uploads\/2026\/03\/7fbd8926-906f-448d-a8a0-ffaf14e74945.webp\",\"width\":720,\"height\":801},{\"@type\":\"BreadcrumbList\",\"@id\":\"https:\/\/noticiaempauta.com\/portal\/procuradoria-de-aroeiras-do-itaim-participa-do-1o-forum-municipal-de-controle-interno-do-tce-pi\/#breadcrumb\",\"itemListElement\":[{\"@type\":\"ListItem\",\"position\":1,\"name\":\"P\u00e1gina Inicial\",\"item\":\"https:\/\/noticiaempauta.com\/portal\/\"},{\"@type\":\"ListItem\",\"position\":2,\"name\":\"Destaques\",\"item\":\"https:\/\/noticiaempauta.com\/portal\/destaques-site\/\"},{\"@type\":\"ListItem\",\"position\":3,\"name\":\"Procuradoria de Aroeiras do Itaim participa do 1\u00ba F\u00f3rum Municipal de Controle Interno do TCE-PI\"}]},{\"@type\":\"WebSite\",\"@id\":\"https:\/\/noticiaempauta.com\/portal\/#website\",\"url\":\"https:\/\/noticiaempauta.com\/portal\/\",\"name\":\"Portal Not\u00edcia em Pauta\",\"description\":\"Voc\u00ea bem informado\",\"publisher\":{\"@id\":\"https:\/\/noticiaempauta.com\/portal\/#organization\"},\"potentialAction\":[{\"@type\":\"SearchAction\",\"target\":{\"@type\":\"EntryPoint\",\"urlTemplate\":\"https:\/\/noticiaempauta.com\/portal\/?s={search_term_string}\"},\"query-input\":{\"@type\":\"PropertyValueSpecification\",\"valueRequired\":true,\"valueName\":\"search_term_string\"}}],\"inLanguage\":\"pt-BR\"},{\"@type\":\"Organization\",\"@id\":\"https:\/\/noticiaempauta.com\/portal\/#organization\",\"name\":\"Portal Not\u00edcia em Pauta\",\"url\":\"https:\/\/noticiaempauta.com\/portal\/\",\"logo\":{\"@type\":\"ImageObject\",\"inLanguage\":\"pt-BR\",\"@id\":\"https:\/\/noticiaempauta.com\/portal\/#\/schema\/logo\/image\/\",\"url\":\"https:\/\/noticiaempauta.com\/portal\/wp-content\/uploads\/2022\/08\/logomarca_tema.fw_.png\",\"contentUrl\":\"https:\/\/noticiaempauta.com\/portal\/wp-content\/uploads\/2022\/08\/logomarca_tema.fw_.png\",\"width\":400,\"height\":232,\"caption\":\"Portal Not\u00edcia em Pauta\"},\"image\":{\"@id\":\"https:\/\/noticiaempauta.com\/portal\/#\/schema\/logo\/image\/\"},\"sameAs\":[\"https:\/\/www.facebook.com\/Portal-Notcia-Em-Pauta-102292869264820\/\",\"https:\/\/www.instagram.com\/portalnoticiaempauta\/\"]},{\"@type\":\"Person\",\"@id\":\"https:\/\/noticiaempauta.com\/portal\/#\/schema\/person\/a74af43dd1ab3deca45f988c717d57ac\",\"name\":\"Reda\u00e7\u00e3o\",\"image\":{\"@type\":\"ImageObject\",\"inLanguage\":\"pt-BR\",\"@id\":\"https:\/\/noticiaempauta.com\/portal\/#\/schema\/person\/image\/\",\"url\":\"https:\/\/secure.gravatar.com\/avatar\/03179346ecce6cdfc13361603e8f54242a90e5cde8618fa23c5c00aa2b0aadf3?s=96&d=mm&r=g\",\"contentUrl\":\"https:\/\/secure.gravatar.com\/avatar\/03179346ecce6cdfc13361603e8f54242a90e5cde8618fa23c5c00aa2b0aadf3?s=96&d=mm&r=g\",\"caption\":\"Reda\u00e7\u00e3o\"},\"sameAs\":[\"https:\/\/noticiaempauta.com\/portal\/\"],\"url\":\"https:\/\/noticiaempauta.com\/portal\/author\/fernando\/\"}]}<\/script>\n<!-- \/ Yoast SEO Premium plugin. -->","yoast_head_json":{"title":"Procuradoria de Aroeiras do Itaim participa do 1\u00ba F\u00f3rum Municipal de Controle Interno do TCE-PI - Portal Not\u00edcia em Pauta","robots":{"index":"index","follow":"follow","max-snippet":"max-snippet:-1","max-image-preview":"max-image-preview:large","max-video-preview":"max-video-preview:-1"},"canonical":"https:\/\/noticiaempauta.com\/portal\/procuradoria-de-aroeiras-do-itaim-participa-do-1o-forum-municipal-de-controle-interno-do-tce-pi\/","og_locale":"pt_BR","og_type":"article","og_title":"Procuradoria de Aroeiras do Itaim participa do 1\u00ba F\u00f3rum Municipal de Controle Interno do TCE-PI","og_description":"A Procuradoria-Geral do Munic\u00edpio de Aroeiras do Itaim participou, nesta quinta-feira (05), do 1\u00ba F\u00f3rum Municipal de Controle Interno, promovido pelo Tribunal de Contas do Estado do Piau\u00ed (TCE-PI). O evento foi realizado no audit\u00f3rio da Corte de Contas e reuniu mais de 500 participantes, entre gestores p\u00fablicos, controladores internos, advogados e representantes de cerca [&hellip;]","og_url":"https:\/\/noticiaempauta.com\/portal\/procuradoria-de-aroeiras-do-itaim-participa-do-1o-forum-municipal-de-controle-interno-do-tce-pi\/","og_site_name":"Portal Not\u00edcia em Pauta","article_publisher":"https:\/\/www.facebook.com\/Portal-Notcia-Em-Pauta-102292869264820\/","article_published_time":"2026-03-05T21:48:16+00:00","article_modified_time":"2026-03-05T21:48:18+00:00","og_image":[{"width":720,"height":801,"url":"https:\/\/noticiaempauta.com\/portal\/wp-content\/uploads\/2026\/03\/7fbd8926-906f-448d-a8a0-ffaf14e74945.webp","type":"image\/webp"}],"author":"Reda\u00e7\u00e3o","twitter_card":"summary_large_image","twitter_misc":{"Escrito por":"Reda\u00e7\u00e3o","Est. tempo de leitura":"4 minutos"},"schema":{"@context":"https:\/\/schema.org","@graph":[{"@type":"Article","@id":"https:\/\/noticiaempauta.com\/portal\/procuradoria-de-aroeiras-do-itaim-participa-do-1o-forum-municipal-de-controle-interno-do-tce-pi\/#article","isPartOf":{"@id":"https:\/\/noticiaempauta.com\/portal\/procuradoria-de-aroeiras-do-itaim-participa-do-1o-forum-municipal-de-controle-interno-do-tce-pi\/"},"author":{"name":"Reda\u00e7\u00e3o","@id":"https:\/\/noticiaempauta.com\/portal\/#\/schema\/person\/a74af43dd1ab3deca45f988c717d57ac"},"headline":"Procuradoria de Aroeiras do Itaim participa do 1\u00ba F\u00f3rum Municipal de Controle Interno do TCE-PI","datePublished":"2026-03-05T21:48:16+00:00","dateModified":"2026-03-05T21:48:18+00:00","mainEntityOfPage":{"@id":"https:\/\/noticiaempauta.com\/portal\/procuradoria-de-aroeiras-do-itaim-participa-do-1o-forum-municipal-de-controle-interno-do-tce-pi\/"},"wordCount":636,"publisher":{"@id":"https:\/\/noticiaempauta.com\/portal\/#organization"},"image":{"@id":"https:\/\/noticiaempauta.com\/portal\/procuradoria-de-aroeiras-do-itaim-participa-do-1o-forum-municipal-de-controle-interno-do-tce-pi\/#primaryimage"},"thumbnailUrl":"https:\/\/noticiaempauta.com\/portal\/wp-content\/uploads\/2026\/03\/7fbd8926-906f-448d-a8a0-ffaf14e74945.webp","articleSection":["Destaques","Geral","Munic\u00edpios","Todas as Not\u00edcias"],"inLanguage":"pt-BR"},{"@type":"WebPage","@id":"https:\/\/noticiaempauta.com\/portal\/procuradoria-de-aroeiras-do-itaim-participa-do-1o-forum-municipal-de-controle-interno-do-tce-pi\/","url":"https:\/\/noticiaempauta.com\/portal\/procuradoria-de-aroeiras-do-itaim-participa-do-1o-forum-municipal-de-controle-interno-do-tce-pi\/","name":"Procuradoria de Aroeiras do Itaim participa do 1\u00ba F\u00f3rum Municipal de Controle Interno do TCE-PI - Portal Not\u00edcia em Pauta","isPartOf":{"@id":"https:\/\/noticiaempauta.com\/portal\/#website"},"primaryImageOfPage":{"@id":"https:\/\/noticiaempauta.com\/portal\/procuradoria-de-aroeiras-do-itaim-participa-do-1o-forum-municipal-de-controle-interno-do-tce-pi\/#primaryimage"},"image":{"@id":"https:\/\/noticiaempauta.com\/portal\/procuradoria-de-aroeiras-do-itaim-participa-do-1o-forum-municipal-de-controle-interno-do-tce-pi\/#primaryimage"},"thumbnailUrl":"https:\/\/noticiaempauta.com\/portal\/wp-content\/uploads\/2026\/03\/7fbd8926-906f-448d-a8a0-ffaf14e74945.webp","datePublished":"2026-03-05T21:48:16+00:00","dateModified":"2026-03-05T21:48:18+00:00","breadcrumb":{"@id":"https:\/\/noticiaempauta.com\/portal\/procuradoria-de-aroeiras-do-itaim-participa-do-1o-forum-municipal-de-controle-interno-do-tce-pi\/#breadcrumb"},"inLanguage":"pt-BR","potentialAction":[{"@type":"ReadAction","target":["https:\/\/noticiaempauta.com\/portal\/procuradoria-de-aroeiras-do-itaim-participa-do-1o-forum-municipal-de-controle-interno-do-tce-pi\/"]}]},{"@type":"ImageObject","inLanguage":"pt-BR","@id":"https:\/\/noticiaempauta.com\/portal\/procuradoria-de-aroeiras-do-itaim-participa-do-1o-forum-municipal-de-controle-interno-do-tce-pi\/#primaryimage","url":"https:\/\/noticiaempauta.com\/portal\/wp-content\/uploads\/2026\/03\/7fbd8926-906f-448d-a8a0-ffaf14e74945.webp","contentUrl":"https:\/\/noticiaempauta.com\/portal\/wp-content\/uploads\/2026\/03\/7fbd8926-906f-448d-a8a0-ffaf14e74945.webp","width":720,"height":801},{"@type":"BreadcrumbList","@id":"https:\/\/noticiaempauta.com\/portal\/procuradoria-de-aroeiras-do-itaim-participa-do-1o-forum-municipal-de-controle-interno-do-tce-pi\/#breadcrumb","itemListElement":[{"@type":"ListItem","position":1,"name":"P\u00e1gina Inicial","item":"https:\/\/noticiaempauta.com\/portal\/"},{"@type":"ListItem","position":2,"name":"Destaques","item":"https:\/\/noticiaempauta.com\/portal\/destaques-site\/"},{"@type":"ListItem","position":3,"name":"Procuradoria de Aroeiras do Itaim participa do 1\u00ba F\u00f3rum Municipal de Controle Interno do TCE-PI"}]},{"@type":"WebSite","@id":"https:\/\/noticiaempauta.com\/portal\/#website","url":"https:\/\/noticiaempauta.com\/portal\/","name":"Portal Not\u00edcia em Pauta","description":"Voc\u00ea bem informado","publisher":{"@id":"https:\/\/noticiaempauta.com\/portal\/#organization"},"potentialAction":[{"@type":"SearchAction","target":{"@type":"EntryPoint","urlTemplate":"https:\/\/noticiaempauta.com\/portal\/?s={search_term_string}"},"query-input":{"@type":"PropertyValueSpecification","valueRequired":true,"valueName":"search_term_string"}}],"inLanguage":"pt-BR"},{"@type":"Organization","@id":"https:\/\/noticiaempauta.com\/portal\/#organization","name":"Portal Not\u00edcia em Pauta","url":"https:\/\/noticiaempauta.com\/portal\/","logo":{"@type":"ImageObject","inLanguage":"pt-BR","@id":"https:\/\/noticiaempauta.com\/portal\/#\/schema\/logo\/image\/","url":"https:\/\/noticiaempauta.com\/portal\/wp-content\/uploads\/2022\/08\/logomarca_tema.fw_.png","contentUrl":"https:\/\/noticiaempauta.com\/portal\/wp-content\/uploads\/2022\/08\/logomarca_tema.fw_.png","width":400,"height":232,"caption":"Portal Not\u00edcia em Pauta"},"image":{"@id":"https:\/\/noticiaempauta.com\/portal\/#\/schema\/logo\/image\/"},"sameAs":["https:\/\/www.facebook.com\/Portal-Notcia-Em-Pauta-102292869264820\/","https:\/\/www.instagram.com\/portalnoticiaempauta\/"]},{"@type":"Person","@id":"https:\/\/noticiaempauta.com\/portal\/#\/schema\/person\/a74af43dd1ab3deca45f988c717d57ac","name":"Reda\u00e7\u00e3o","image":{"@type":"ImageObject","inLanguage":"pt-BR","@id":"https:\/\/noticiaempauta.com\/portal\/#\/schema\/person\/image\/","url":"https:\/\/secure.gravatar.com\/avatar\/03179346ecce6cdfc13361603e8f54242a90e5cde8618fa23c5c00aa2b0aadf3?s=96&d=mm&r=g","contentUrl":"https:\/\/secure.gravatar.com\/avatar\/03179346ecce6cdfc13361603e8f54242a90e5cde8618fa23c5c00aa2b0aadf3?s=96&d=mm&r=g","caption":"Reda\u00e7\u00e3o"},"sameAs":["https:\/\/noticiaempauta.com\/portal\/"],"url":"https:\/\/noticiaempauta.com\/portal\/author\/fernando\/"}]}},"_links":{"self":[{"href":"https:\/\/noticiaempauta.com\/portal\/wp-json\/wp\/v2\/posts\/285991","targetHints":{"allow":["GET"]}}],"collection":[{"href":"https:\/\/noticiaempauta.com\/portal\/wp-json\/wp\/v2\/posts"}],"about":[{"href":"https:\/\/noticiaempauta.com\/portal\/wp-json\/wp\/v2\/types\/post"}],"author":[{"embeddable":true,"href":"https:\/\/noticiaempauta.com\/portal\/wp-json\/wp\/v2\/users\/2"}],"replies":[{"embeddable":true,"href":"https:\/\/noticiaempauta.com\/portal\/wp-json\/wp\/v2\/comments?post=285991"}],"version-history":[{"count":2,"href":"https:\/\/noticiaempauta.com\/portal\/wp-json\/wp\/v2\/posts\/285991\/revisions"}],"predecessor-version":[{"id":285997,"href":"https:\/\/noticiaempauta.com\/portal\/wp-json\/wp\/v2\/posts\/285991\/revisions\/285997"}],"wp:featuredmedia":[{"embeddable":true,"href":"https:\/\/noticiaempauta.com\/portal\/wp-json\/wp\/v2\/media\/285993"}],"wp:attachment":[{"href":"https:\/\/noticiaempauta.com\/portal\/wp-json\/wp\/v2\/media?parent=285991"}],"wp:term":[{"taxonomy":"category","embeddable":true,"href":"https:\/\/noticiaempauta.com\/portal\/wp-json\/wp\/v2\/categories?post=285991"},{"taxonomy":"post_tag","embeddable":true,"href":"https:\/\/noticiaempauta.com\/portal\/wp-json\/wp\/v2\/tags?post=285991"}],"curies":[{"name":"wp","href":"https:\/\/api.w.org\/{rel}","templated":true}]}}