{"id":286013,"date":"2026-03-06T15:28:42","date_gmt":"2026-03-06T18:28:42","guid":{"rendered":"https:\/\/noticiaempauta.com\/portal\/?p=286013"},"modified":"2026-03-06T15:28:46","modified_gmt":"2026-03-06T18:28:46","slug":"prefeitura-de-picos-adere-a-campanha-leao-amigo","status":"publish","type":"post","link":"https:\/\/noticiaempauta.com\/portal\/prefeitura-de-picos-adere-a-campanha-leao-amigo\/","title":{"rendered":"Prefeitura de Picos adere a Campanha \u201cLe\u00e3o Amigo\u201d"},"content":{"rendered":"\n<p>A Prefeitura de Picos, atrav\u00e9s da SEMTAS (Secretaria Municipal de Trabalho e Assist\u00eancia Social), aderiu a Campanha Le\u00e3o Amigo.<\/p>\n\n\n\n<p>A iniciativa busca conscientizar os contribuintes picoenses de que \u00e9 poss\u00edvel manter parte dos recursos do Imposto de IR (Renda), no pr\u00f3prio munic\u00edpio, beneficiando diretamente projetos sociais locais em vez de enviar o montante integral ao Governo Federal.<\/p>\n\n\n\n<figure class=\"wp-block-image size-full\"><img fetchpriority=\"high\" decoding=\"async\" width=\"557\" height=\"480\" src=\"https:\/\/noticiaempauta.com\/portal\/wp-content\/uploads\/2026\/03\/Gemini_Generated_Image_7gjsqm7gjsqm7gjs-1.webp\" alt=\"\" class=\"wp-image-286014\" srcset=\"https:\/\/noticiaempauta.com\/portal\/wp-content\/uploads\/2026\/03\/Gemini_Generated_Image_7gjsqm7gjsqm7gjs-1.webp 557w, https:\/\/noticiaempauta.com\/portal\/wp-content\/uploads\/2026\/03\/Gemini_Generated_Image_7gjsqm7gjsqm7gjs-1-300x259.webp 300w\" sizes=\"(max-width: 557px) 100vw, 557px\" \/><\/figure>\n\n\n\n<p>A Campanha \u201cLe\u00e3o Amigo\u201d incentiva que pessoas f\u00edsicas e jur\u00eddicas direcionem uma porcentagem do imposto, que j\u00e1 seria recolhido, para o Fundo Municipal da Crian\u00e7a e do Adolescente e para o Fundo Municipal da Pessoa Idosa.<\/p>\n\n\n\n<p>O ponto principal \u00e9 que o contribuinte n\u00e3o paga nada a mais por isso, pois, trata-se apenas de uma ren\u00fancia fiscal do Governo Federal em favor do munic\u00edpio.<\/p>\n\n\n\n<p>Se o contribuinte tem imposto a pagar, parte dele vai para o fundo escolhido e se tem imposto a restituir, o valor destinado aumenta a sua restitui\u00e7\u00e3o.<\/p>\n\n\n\n<p>De acordo com as regras da Receita Federal para a destina\u00e7\u00e3o direta na declara\u00e7\u00e3o, pessoas f\u00edsicas podem destinar at\u00e9 3% para cada fundo (Crian\u00e7a\/Adolescente e Idoso), totalizando 6% do imposto devido e Pessoas Jur\u00eddicas podem destinar at\u00e9 1% para cada fundo.<\/p>\n\n\n\n<p>\u201c\u00c9 uma oportunidade de o cidad\u00e3o ver o seu imposto sendo aplicado aqui mesmo, em Picos, ajudando institui\u00e7\u00f5es que cuidam dos nossos jovens e dos nossos idosos. \u00c9 transformar burocracia em amor ao pr\u00f3ximo\u201d, destaca a gest\u00e3o da SEMTAS.<\/p>\n\n\n\n<p>O processo \u00e9 simples e realizado durante o preenchimento da Declara\u00e7\u00e3o de Ajuste Anual.<\/p>\n\n\n\n<p>O contribuinte deve selecionar a op\u00e7\u00e3o \u201cDoa\u00e7\u00f5es Diretamente na Declara\u00e7\u00e3o\u201d.<\/p>\n\n\n\n<p>A Prefeitura de Picos orienta que os cidad\u00e3os procurem seus contadores j\u00e1 que esses profissionais possuem o conhecimento necess\u00e1rio para realizar a destina\u00e7\u00e3o de forma segura e correta, garantindo que o recurso chegue aos fundos municipais.<\/p>\n\n\n\n<p>Os recursos arrecadados atrav\u00e9s da Campanha \u201cLe\u00e3o Amigo\u201d s\u00e3o geridos pelos respectivos conselhos municipais e aplicados em projetos de entidades assistenciais cadastradas, garantindo melhoria na qualidade de vida, sa\u00fade e educa\u00e7\u00e3o de grupos vulner\u00e1veis em Picos.<\/p>\n","protected":false},"excerpt":{"rendered":"<p>A Prefeitura de Picos, atrav\u00e9s da SEMTAS (Secretaria Municipal de Trabalho e Assist\u00eancia Social), aderiu a Campanha Le\u00e3o Amigo. A iniciativa busca conscientizar os contribuintes picoenses de que \u00e9 poss\u00edvel manter parte dos recursos do Imposto de IR (Renda), no pr\u00f3prio munic\u00edpio, beneficiando diretamente projetos sociais locais em vez de enviar o montante integral ao [&hellip;]<\/p>\n","protected":false},"author":2,"featured_media":286014,"comment_status":"closed","ping_status":"closed","sticky":false,"template":"","format":"standard","meta":{"_mi_skip_tracking":false,"footnotes":""},"categories":[1,16],"tags":[],"class_list":["post-286013","post","type-post","status-publish","format-standard","has-post-thumbnail","hentry","category-geral","category-todas"],"acf":[],"yoast_head":"<!-- This site is optimized with the Yoast SEO Premium plugin v19.2 (Yoast SEO v26.9) - https:\/\/yoast.com\/product\/yoast-seo-premium-wordpress\/ -->\n<title>Prefeitura de Picos adere a Campanha \u201cLe\u00e3o Amigo\u201d - Portal Not\u00edcia em Pauta<\/title>\n<meta name=\"robots\" content=\"index, follow, max-snippet:-1, max-image-preview:large, max-video-preview:-1\" \/>\n<link rel=\"canonical\" href=\"https:\/\/noticiaempauta.com\/portal\/prefeitura-de-picos-adere-a-campanha-leao-amigo\/\" \/>\n<meta property=\"og:locale\" content=\"pt_BR\" \/>\n<meta property=\"og:type\" content=\"article\" \/>\n<meta property=\"og:title\" content=\"Prefeitura de Picos adere a Campanha \u201cLe\u00e3o Amigo\u201d\" \/>\n<meta property=\"og:description\" content=\"A Prefeitura de Picos, atrav\u00e9s da SEMTAS (Secretaria Municipal de Trabalho e Assist\u00eancia Social), aderiu a Campanha Le\u00e3o Amigo. A iniciativa busca conscientizar os contribuintes picoenses de que \u00e9 poss\u00edvel manter parte dos recursos do Imposto de IR (Renda), no pr\u00f3prio munic\u00edpio, beneficiando diretamente projetos sociais locais em vez de enviar o montante integral ao [&hellip;]\" \/>\n<meta property=\"og:url\" content=\"https:\/\/noticiaempauta.com\/portal\/prefeitura-de-picos-adere-a-campanha-leao-amigo\/\" \/>\n<meta property=\"og:site_name\" content=\"Portal Not\u00edcia em Pauta\" \/>\n<meta property=\"article:publisher\" content=\"https:\/\/www.facebook.com\/Portal-Notcia-Em-Pauta-102292869264820\/\" \/>\n<meta property=\"article:published_time\" content=\"2026-03-06T18:28:42+00:00\" \/>\n<meta property=\"article:modified_time\" content=\"2026-03-06T18:28:46+00:00\" \/>\n<meta property=\"og:image\" content=\"https:\/\/noticiaempauta.com\/portal\/wp-content\/uploads\/2026\/03\/Gemini_Generated_Image_7gjsqm7gjsqm7gjs-1.webp\" \/>\n\t<meta property=\"og:image:width\" content=\"557\" \/>\n\t<meta property=\"og:image:height\" content=\"480\" \/>\n\t<meta property=\"og:image:type\" content=\"image\/webp\" \/>\n<meta name=\"author\" content=\"Reda\u00e7\u00e3o\" \/>\n<meta name=\"twitter:card\" content=\"summary_large_image\" \/>\n<meta name=\"twitter:label1\" content=\"Escrito por\" \/>\n\t<meta name=\"twitter:data1\" content=\"Reda\u00e7\u00e3o\" \/>\n\t<meta name=\"twitter:label2\" content=\"Est. tempo de leitura\" \/>\n\t<meta name=\"twitter:data2\" content=\"3 minutos\" \/>\n<script type=\"application\/ld+json\" class=\"yoast-schema-graph\">{\"@context\":\"https:\/\/schema.org\",\"@graph\":[{\"@type\":\"Article\",\"@id\":\"https:\/\/noticiaempauta.com\/portal\/prefeitura-de-picos-adere-a-campanha-leao-amigo\/#article\",\"isPartOf\":{\"@id\":\"https:\/\/noticiaempauta.com\/portal\/prefeitura-de-picos-adere-a-campanha-leao-amigo\/\"},\"author\":{\"name\":\"Reda\u00e7\u00e3o\",\"@id\":\"https:\/\/noticiaempauta.com\/portal\/#\/schema\/person\/a74af43dd1ab3deca45f988c717d57ac\"},\"headline\":\"Prefeitura de Picos adere a Campanha \u201cLe\u00e3o Amigo\u201d\",\"datePublished\":\"2026-03-06T18:28:42+00:00\",\"dateModified\":\"2026-03-06T18:28:46+00:00\",\"mainEntityOfPage\":{\"@id\":\"https:\/\/noticiaempauta.com\/portal\/prefeitura-de-picos-adere-a-campanha-leao-amigo\/\"},\"wordCount\":362,\"publisher\":{\"@id\":\"https:\/\/noticiaempauta.com\/portal\/#organization\"},\"image\":{\"@id\":\"https:\/\/noticiaempauta.com\/portal\/prefeitura-de-picos-adere-a-campanha-leao-amigo\/#primaryimage\"},\"thumbnailUrl\":\"https:\/\/noticiaempauta.com\/portal\/wp-content\/uploads\/2026\/03\/Gemini_Generated_Image_7gjsqm7gjsqm7gjs-1.webp\",\"articleSection\":[\"Geral\",\"Todas as Not\u00edcias\"],\"inLanguage\":\"pt-BR\"},{\"@type\":\"WebPage\",\"@id\":\"https:\/\/noticiaempauta.com\/portal\/prefeitura-de-picos-adere-a-campanha-leao-amigo\/\",\"url\":\"https:\/\/noticiaempauta.com\/portal\/prefeitura-de-picos-adere-a-campanha-leao-amigo\/\",\"name\":\"Prefeitura de Picos adere a Campanha \u201cLe\u00e3o Amigo\u201d - Portal Not\u00edcia em Pauta\",\"isPartOf\":{\"@id\":\"https:\/\/noticiaempauta.com\/portal\/#website\"},\"primaryImageOfPage\":{\"@id\":\"https:\/\/noticiaempauta.com\/portal\/prefeitura-de-picos-adere-a-campanha-leao-amigo\/#primaryimage\"},\"image\":{\"@id\":\"https:\/\/noticiaempauta.com\/portal\/prefeitura-de-picos-adere-a-campanha-leao-amigo\/#primaryimage\"},\"thumbnailUrl\":\"https:\/\/noticiaempauta.com\/portal\/wp-content\/uploads\/2026\/03\/Gemini_Generated_Image_7gjsqm7gjsqm7gjs-1.webp\",\"datePublished\":\"2026-03-06T18:28:42+00:00\",\"dateModified\":\"2026-03-06T18:28:46+00:00\",\"breadcrumb\":{\"@id\":\"https:\/\/noticiaempauta.com\/portal\/prefeitura-de-picos-adere-a-campanha-leao-amigo\/#breadcrumb\"},\"inLanguage\":\"pt-BR\",\"potentialAction\":[{\"@type\":\"ReadAction\",\"target\":[\"https:\/\/noticiaempauta.com\/portal\/prefeitura-de-picos-adere-a-campanha-leao-amigo\/\"]}]},{\"@type\":\"ImageObject\",\"inLanguage\":\"pt-BR\",\"@id\":\"https:\/\/noticiaempauta.com\/portal\/prefeitura-de-picos-adere-a-campanha-leao-amigo\/#primaryimage\",\"url\":\"https:\/\/noticiaempauta.com\/portal\/wp-content\/uploads\/2026\/03\/Gemini_Generated_Image_7gjsqm7gjsqm7gjs-1.webp\",\"contentUrl\":\"https:\/\/noticiaempauta.com\/portal\/wp-content\/uploads\/2026\/03\/Gemini_Generated_Image_7gjsqm7gjsqm7gjs-1.webp\",\"width\":557,\"height\":480},{\"@type\":\"BreadcrumbList\",\"@id\":\"https:\/\/noticiaempauta.com\/portal\/prefeitura-de-picos-adere-a-campanha-leao-amigo\/#breadcrumb\",\"itemListElement\":[{\"@type\":\"ListItem\",\"position\":1,\"name\":\"P\u00e1gina Inicial\",\"item\":\"https:\/\/noticiaempauta.com\/portal\/\"},{\"@type\":\"ListItem\",\"position\":2,\"name\":\"Geral\",\"item\":\"https:\/\/noticiaempauta.com\/portal\/geral\/\"},{\"@type\":\"ListItem\",\"position\":3,\"name\":\"Prefeitura de Picos adere a Campanha \u201cLe\u00e3o Amigo\u201d\"}]},{\"@type\":\"WebSite\",\"@id\":\"https:\/\/noticiaempauta.com\/portal\/#website\",\"url\":\"https:\/\/noticiaempauta.com\/portal\/\",\"name\":\"Portal Not\u00edcia em Pauta\",\"description\":\"Voc\u00ea bem informado\",\"publisher\":{\"@id\":\"https:\/\/noticiaempauta.com\/portal\/#organization\"},\"potentialAction\":[{\"@type\":\"SearchAction\",\"target\":{\"@type\":\"EntryPoint\",\"urlTemplate\":\"https:\/\/noticiaempauta.com\/portal\/?s={search_term_string}\"},\"query-input\":{\"@type\":\"PropertyValueSpecification\",\"valueRequired\":true,\"valueName\":\"search_term_string\"}}],\"inLanguage\":\"pt-BR\"},{\"@type\":\"Organization\",\"@id\":\"https:\/\/noticiaempauta.com\/portal\/#organization\",\"name\":\"Portal Not\u00edcia em Pauta\",\"url\":\"https:\/\/noticiaempauta.com\/portal\/\",\"logo\":{\"@type\":\"ImageObject\",\"inLanguage\":\"pt-BR\",\"@id\":\"https:\/\/noticiaempauta.com\/portal\/#\/schema\/logo\/image\/\",\"url\":\"https:\/\/noticiaempauta.com\/portal\/wp-content\/uploads\/2022\/08\/logomarca_tema.fw_.png\",\"contentUrl\":\"https:\/\/noticiaempauta.com\/portal\/wp-content\/uploads\/2022\/08\/logomarca_tema.fw_.png\",\"width\":400,\"height\":232,\"caption\":\"Portal Not\u00edcia em Pauta\"},\"image\":{\"@id\":\"https:\/\/noticiaempauta.com\/portal\/#\/schema\/logo\/image\/\"},\"sameAs\":[\"https:\/\/www.facebook.com\/Portal-Notcia-Em-Pauta-102292869264820\/\",\"https:\/\/www.instagram.com\/portalnoticiaempauta\/\"]},{\"@type\":\"Person\",\"@id\":\"https:\/\/noticiaempauta.com\/portal\/#\/schema\/person\/a74af43dd1ab3deca45f988c717d57ac\",\"name\":\"Reda\u00e7\u00e3o\",\"image\":{\"@type\":\"ImageObject\",\"inLanguage\":\"pt-BR\",\"@id\":\"https:\/\/noticiaempauta.com\/portal\/#\/schema\/person\/image\/\",\"url\":\"https:\/\/secure.gravatar.com\/avatar\/03179346ecce6cdfc13361603e8f54242a90e5cde8618fa23c5c00aa2b0aadf3?s=96&d=mm&r=g\",\"contentUrl\":\"https:\/\/secure.gravatar.com\/avatar\/03179346ecce6cdfc13361603e8f54242a90e5cde8618fa23c5c00aa2b0aadf3?s=96&d=mm&r=g\",\"caption\":\"Reda\u00e7\u00e3o\"},\"sameAs\":[\"https:\/\/noticiaempauta.com\/portal\/\"],\"url\":\"https:\/\/noticiaempauta.com\/portal\/author\/fernando\/\"}]}<\/script>\n<!-- \/ Yoast SEO Premium plugin. -->","yoast_head_json":{"title":"Prefeitura de Picos adere a Campanha \u201cLe\u00e3o Amigo\u201d - Portal Not\u00edcia em Pauta","robots":{"index":"index","follow":"follow","max-snippet":"max-snippet:-1","max-image-preview":"max-image-preview:large","max-video-preview":"max-video-preview:-1"},"canonical":"https:\/\/noticiaempauta.com\/portal\/prefeitura-de-picos-adere-a-campanha-leao-amigo\/","og_locale":"pt_BR","og_type":"article","og_title":"Prefeitura de Picos adere a Campanha \u201cLe\u00e3o Amigo\u201d","og_description":"A Prefeitura de Picos, atrav\u00e9s da SEMTAS (Secretaria Municipal de Trabalho e Assist\u00eancia Social), aderiu a Campanha Le\u00e3o Amigo. A iniciativa busca conscientizar os contribuintes picoenses de que \u00e9 poss\u00edvel manter parte dos recursos do Imposto de IR (Renda), no pr\u00f3prio munic\u00edpio, beneficiando diretamente projetos sociais locais em vez de enviar o montante integral ao [&hellip;]","og_url":"https:\/\/noticiaempauta.com\/portal\/prefeitura-de-picos-adere-a-campanha-leao-amigo\/","og_site_name":"Portal Not\u00edcia em Pauta","article_publisher":"https:\/\/www.facebook.com\/Portal-Notcia-Em-Pauta-102292869264820\/","article_published_time":"2026-03-06T18:28:42+00:00","article_modified_time":"2026-03-06T18:28:46+00:00","og_image":[{"width":557,"height":480,"url":"https:\/\/noticiaempauta.com\/portal\/wp-content\/uploads\/2026\/03\/Gemini_Generated_Image_7gjsqm7gjsqm7gjs-1.webp","type":"image\/webp"}],"author":"Reda\u00e7\u00e3o","twitter_card":"summary_large_image","twitter_misc":{"Escrito por":"Reda\u00e7\u00e3o","Est. tempo de leitura":"3 minutos"},"schema":{"@context":"https:\/\/schema.org","@graph":[{"@type":"Article","@id":"https:\/\/noticiaempauta.com\/portal\/prefeitura-de-picos-adere-a-campanha-leao-amigo\/#article","isPartOf":{"@id":"https:\/\/noticiaempauta.com\/portal\/prefeitura-de-picos-adere-a-campanha-leao-amigo\/"},"author":{"name":"Reda\u00e7\u00e3o","@id":"https:\/\/noticiaempauta.com\/portal\/#\/schema\/person\/a74af43dd1ab3deca45f988c717d57ac"},"headline":"Prefeitura de Picos adere a Campanha \u201cLe\u00e3o Amigo\u201d","datePublished":"2026-03-06T18:28:42+00:00","dateModified":"2026-03-06T18:28:46+00:00","mainEntityOfPage":{"@id":"https:\/\/noticiaempauta.com\/portal\/prefeitura-de-picos-adere-a-campanha-leao-amigo\/"},"wordCount":362,"publisher":{"@id":"https:\/\/noticiaempauta.com\/portal\/#organization"},"image":{"@id":"https:\/\/noticiaempauta.com\/portal\/prefeitura-de-picos-adere-a-campanha-leao-amigo\/#primaryimage"},"thumbnailUrl":"https:\/\/noticiaempauta.com\/portal\/wp-content\/uploads\/2026\/03\/Gemini_Generated_Image_7gjsqm7gjsqm7gjs-1.webp","articleSection":["Geral","Todas as Not\u00edcias"],"inLanguage":"pt-BR"},{"@type":"WebPage","@id":"https:\/\/noticiaempauta.com\/portal\/prefeitura-de-picos-adere-a-campanha-leao-amigo\/","url":"https:\/\/noticiaempauta.com\/portal\/prefeitura-de-picos-adere-a-campanha-leao-amigo\/","name":"Prefeitura de Picos adere a Campanha \u201cLe\u00e3o Amigo\u201d - Portal Not\u00edcia em Pauta","isPartOf":{"@id":"https:\/\/noticiaempauta.com\/portal\/#website"},"primaryImageOfPage":{"@id":"https:\/\/noticiaempauta.com\/portal\/prefeitura-de-picos-adere-a-campanha-leao-amigo\/#primaryimage"},"image":{"@id":"https:\/\/noticiaempauta.com\/portal\/prefeitura-de-picos-adere-a-campanha-leao-amigo\/#primaryimage"},"thumbnailUrl":"https:\/\/noticiaempauta.com\/portal\/wp-content\/uploads\/2026\/03\/Gemini_Generated_Image_7gjsqm7gjsqm7gjs-1.webp","datePublished":"2026-03-06T18:28:42+00:00","dateModified":"2026-03-06T18:28:46+00:00","breadcrumb":{"@id":"https:\/\/noticiaempauta.com\/portal\/prefeitura-de-picos-adere-a-campanha-leao-amigo\/#breadcrumb"},"inLanguage":"pt-BR","potentialAction":[{"@type":"ReadAction","target":["https:\/\/noticiaempauta.com\/portal\/prefeitura-de-picos-adere-a-campanha-leao-amigo\/"]}]},{"@type":"ImageObject","inLanguage":"pt-BR","@id":"https:\/\/noticiaempauta.com\/portal\/prefeitura-de-picos-adere-a-campanha-leao-amigo\/#primaryimage","url":"https:\/\/noticiaempauta.com\/portal\/wp-content\/uploads\/2026\/03\/Gemini_Generated_Image_7gjsqm7gjsqm7gjs-1.webp","contentUrl":"https:\/\/noticiaempauta.com\/portal\/wp-content\/uploads\/2026\/03\/Gemini_Generated_Image_7gjsqm7gjsqm7gjs-1.webp","width":557,"height":480},{"@type":"BreadcrumbList","@id":"https:\/\/noticiaempauta.com\/portal\/prefeitura-de-picos-adere-a-campanha-leao-amigo\/#breadcrumb","itemListElement":[{"@type":"ListItem","position":1,"name":"P\u00e1gina Inicial","item":"https:\/\/noticiaempauta.com\/portal\/"},{"@type":"ListItem","position":2,"name":"Geral","item":"https:\/\/noticiaempauta.com\/portal\/geral\/"},{"@type":"ListItem","position":3,"name":"Prefeitura de Picos adere a Campanha \u201cLe\u00e3o Amigo\u201d"}]},{"@type":"WebSite","@id":"https:\/\/noticiaempauta.com\/portal\/#website","url":"https:\/\/noticiaempauta.com\/portal\/","name":"Portal Not\u00edcia em Pauta","description":"Voc\u00ea bem informado","publisher":{"@id":"https:\/\/noticiaempauta.com\/portal\/#organization"},"potentialAction":[{"@type":"SearchAction","target":{"@type":"EntryPoint","urlTemplate":"https:\/\/noticiaempauta.com\/portal\/?s={search_term_string}"},"query-input":{"@type":"PropertyValueSpecification","valueRequired":true,"valueName":"search_term_string"}}],"inLanguage":"pt-BR"},{"@type":"Organization","@id":"https:\/\/noticiaempauta.com\/portal\/#organization","name":"Portal Not\u00edcia em Pauta","url":"https:\/\/noticiaempauta.com\/portal\/","logo":{"@type":"ImageObject","inLanguage":"pt-BR","@id":"https:\/\/noticiaempauta.com\/portal\/#\/schema\/logo\/image\/","url":"https:\/\/noticiaempauta.com\/portal\/wp-content\/uploads\/2022\/08\/logomarca_tema.fw_.png","contentUrl":"https:\/\/noticiaempauta.com\/portal\/wp-content\/uploads\/2022\/08\/logomarca_tema.fw_.png","width":400,"height":232,"caption":"Portal Not\u00edcia em Pauta"},"image":{"@id":"https:\/\/noticiaempauta.com\/portal\/#\/schema\/logo\/image\/"},"sameAs":["https:\/\/www.facebook.com\/Portal-Notcia-Em-Pauta-102292869264820\/","https:\/\/www.instagram.com\/portalnoticiaempauta\/"]},{"@type":"Person","@id":"https:\/\/noticiaempauta.com\/portal\/#\/schema\/person\/a74af43dd1ab3deca45f988c717d57ac","name":"Reda\u00e7\u00e3o","image":{"@type":"ImageObject","inLanguage":"pt-BR","@id":"https:\/\/noticiaempauta.com\/portal\/#\/schema\/person\/image\/","url":"https:\/\/secure.gravatar.com\/avatar\/03179346ecce6cdfc13361603e8f54242a90e5cde8618fa23c5c00aa2b0aadf3?s=96&d=mm&r=g","contentUrl":"https:\/\/secure.gravatar.com\/avatar\/03179346ecce6cdfc13361603e8f54242a90e5cde8618fa23c5c00aa2b0aadf3?s=96&d=mm&r=g","caption":"Reda\u00e7\u00e3o"},"sameAs":["https:\/\/noticiaempauta.com\/portal\/"],"url":"https:\/\/noticiaempauta.com\/portal\/author\/fernando\/"}]}},"_links":{"self":[{"href":"https:\/\/noticiaempauta.com\/portal\/wp-json\/wp\/v2\/posts\/286013","targetHints":{"allow":["GET"]}}],"collection":[{"href":"https:\/\/noticiaempauta.com\/portal\/wp-json\/wp\/v2\/posts"}],"about":[{"href":"https:\/\/noticiaempauta.com\/portal\/wp-json\/wp\/v2\/types\/post"}],"author":[{"embeddable":true,"href":"https:\/\/noticiaempauta.com\/portal\/wp-json\/wp\/v2\/users\/2"}],"replies":[{"embeddable":true,"href":"https:\/\/noticiaempauta.com\/portal\/wp-json\/wp\/v2\/comments?post=286013"}],"version-history":[{"count":2,"href":"https:\/\/noticiaempauta.com\/portal\/wp-json\/wp\/v2\/posts\/286013\/revisions"}],"predecessor-version":[{"id":286016,"href":"https:\/\/noticiaempauta.com\/portal\/wp-json\/wp\/v2\/posts\/286013\/revisions\/286016"}],"wp:featuredmedia":[{"embeddable":true,"href":"https:\/\/noticiaempauta.com\/portal\/wp-json\/wp\/v2\/media\/286014"}],"wp:attachment":[{"href":"https:\/\/noticiaempauta.com\/portal\/wp-json\/wp\/v2\/media?parent=286013"}],"wp:term":[{"taxonomy":"category","embeddable":true,"href":"https:\/\/noticiaempauta.com\/portal\/wp-json\/wp\/v2\/categories?post=286013"},{"taxonomy":"post_tag","embeddable":true,"href":"https:\/\/noticiaempauta.com\/portal\/wp-json\/wp\/v2\/tags?post=286013"}],"curies":[{"name":"wp","href":"https:\/\/api.w.org\/{rel}","templated":true}]}}