{"id":286017,"date":"2026-03-06T15:31:19","date_gmt":"2026-03-06T18:31:19","guid":{"rendered":"https:\/\/noticiaempauta.com\/portal\/?p=286017"},"modified":"2026-03-06T15:31:21","modified_gmt":"2026-03-06T18:31:21","slug":"prefeitura-de-picos-ira-comemorar-o-dia-internacional-da-mulher-com-a-2a-edicao-do-projeto-mulher-em-acao","status":"publish","type":"post","link":"https:\/\/noticiaempauta.com\/portal\/prefeitura-de-picos-ira-comemorar-o-dia-internacional-da-mulher-com-a-2a-edicao-do-projeto-mulher-em-acao\/","title":{"rendered":"Prefeitura de Picos ir\u00e1 comemorar o Dia Internacional da Mulher com a 2\u00aa edi\u00e7\u00e3o do Projeto \u201cMulher em A\u00e7\u00e3o\u201d"},"content":{"rendered":"\n<p>Em alus\u00e3o ao Dia Internacional da Mulher, a Prefeitura de Picos, atrav\u00e9s da SEMEL (Secretaria Municipal de Esportes e Lazer), com o apoio da SMS (Secretaria Municipal de Sa\u00fade) e da SEMTAS (Secretaria Municipal do Trabalho e Assist\u00eancia Social), ir\u00e1 realizar a 2\u00aa edi\u00e7\u00e3o do Projeto \u201cMulher em A\u00e7\u00e3o\u201d.<\/p>\n\n\n\n<p>O evento, exclusivo para as mulheres, vai acontecer no pr\u00f3ximo domingo (08), a partir das 09h00min, na AABB (Associa\u00e7\u00e3o Atl\u00e9tica Banco do Brasil).<\/p>\n\n\n\n<figure class=\"wp-block-image size-full\"><img fetchpriority=\"high\" decoding=\"async\" width=\"640\" height=\"427\" src=\"https:\/\/noticiaempauta.com\/portal\/wp-content\/uploads\/2026\/03\/CCM_0431.webp\" alt=\"\" class=\"wp-image-286020\" srcset=\"https:\/\/noticiaempauta.com\/portal\/wp-content\/uploads\/2026\/03\/CCM_0431.webp 640w, https:\/\/noticiaempauta.com\/portal\/wp-content\/uploads\/2026\/03\/CCM_0431-300x200.webp 300w\" sizes=\"(max-width: 640px) 100vw, 640px\" \/><\/figure>\n\n\n\n<p>Ap\u00f3s o sucesso alcan\u00e7ado em 2025, a iniciativa promete uma estrutura ainda maior para este ano.<\/p>\n\n\n\n<p>O Projeto \u201cMulher em A\u00e7\u00e3o\u201d tem como objetivo principal homenagear o p\u00fablico feminino, oferecendo um dia repleto de atividades f\u00edsicas, momentos de relaxamento e integra\u00e7\u00e3o social.<\/p>\n\n\n\n<p>A secret\u00e1ria municipal de Esportes e Lazer, Layana Rufino, destacou que a edi\u00e7\u00e3o de 2026 trar\u00e1 modalidades in\u00e9ditas entre as quais, fut7 e v\u00f4lei de quadra, al\u00e9m do v\u00f4lei de areia.<\/p>\n\n\n\n<p>Na parte de atividades f\u00edsicas ser\u00e3o realizados \u201cAul\u00e3o de Dan\u00e7a\u201d, treino funcional e sess\u00f5es de spinning.<\/p>\n\n\n\n<figure class=\"wp-block-image size-full\"><img decoding=\"async\" width=\"640\" height=\"427\" src=\"https:\/\/noticiaempauta.com\/portal\/wp-content\/uploads\/2026\/03\/CCM_0342.webp\" alt=\"\" class=\"wp-image-286019\" srcset=\"https:\/\/noticiaempauta.com\/portal\/wp-content\/uploads\/2026\/03\/CCM_0342.webp 640w, https:\/\/noticiaempauta.com\/portal\/wp-content\/uploads\/2026\/03\/CCM_0342-300x200.webp 300w\" sizes=\"(max-width: 640px) 100vw, 640px\" \/><\/figure>\n\n\n\n<p>J\u00e1 em rela\u00e7\u00e3o a promo\u00e7\u00e3o de sa\u00fade e bem-estar ser\u00e3o desenvolvidas atividades voltadas para a terceira idade com o grupo \u201c60+\u201d, avalia\u00e7\u00e3o de bioimped\u00e2ncia e sess\u00f5es de fisioterapia.<\/p>\n\n\n\n<p>No evento tamb\u00e9m ser\u00e1 disponibilizado um Espa\u00e7o de Massagens e um Espa\u00e7o Kids, permitindo que as m\u00e3es aproveitem as atividades enquanto os filhos se divertem com seguran\u00e7a.<\/p>\n\n\n\n<p>Al\u00e9m das atividades esportivas, o evento contar\u00e1 com o sorteio de diversos brindes para as participantes.<\/p>\n\n\n\n<p>O \u201cMulher em A\u00e7\u00e3o\u201d \u00e9 aberto a todas as mulheres picoenses e as inscri\u00e7\u00f5es para participar do evento devem ser realizadas at\u00e9 \u00e0s 23h59 desta sexta-feira (06), nos links disponibilizados na Bio do Instagram da SEMEL &nbsp;(@<a href=\"https:\/\/www.instagram.com\/semelpicos_\/\">semelpicos_)<\/a>&nbsp;e presencialmente no local do evento.<\/p>\n\n\n\n<figure class=\"wp-block-image size-full\"><img decoding=\"async\" width=\"640\" height=\"427\" src=\"https:\/\/noticiaempauta.com\/portal\/wp-content\/uploads\/2026\/03\/CCM_0360-1.webp\" alt=\"\" class=\"wp-image-286018\" srcset=\"https:\/\/noticiaempauta.com\/portal\/wp-content\/uploads\/2026\/03\/CCM_0360-1.webp 640w, https:\/\/noticiaempauta.com\/portal\/wp-content\/uploads\/2026\/03\/CCM_0360-1-300x200.webp 300w\" sizes=\"(max-width: 640px) 100vw, 640px\" \/><\/figure>\n\n\n\n<p>Apoiam o \u201cMulher em A\u00e7\u00e3o\u201d: a AABB (Associa\u00e7\u00e3o Atl\u00e9tica Banco do Brasil), o SEST\/ SENAT (Servi\u00e7o Social do Transporte e Servi\u00e7o Nacional de Aprendizagem do Transporte), o SESC (Servi\u00e7o Social do Com\u00e9rcio), o A\u00e7a\u00ed no Grau, o Bem Viver, o Cerberus Volleyball, as ARP (Abelhas Rainha de Picos), a Max Training Clube, a Virtex Telecom, a A &amp; M Decora\u00e7\u00f5es e Eventos, o Ateli\u00ea Lilian Mac\u00eado, a Color Systems, o Grupo Suprimentos, a Magazine Farma, o SENAI (Servi\u00e7o Nacional de Aprendizagem Industrial), o SEBRAE (Servi\u00e7o Brasileiro de Apoio \u00e0s Micro e Pequenas Empresas), as \u00d3ticas Diniz, a UNIMED, a Romanel, a Manipulare, a Noroeste, o 181 Carnes, a MedCenter, o Urbano e o Clube Amigos da Comunidade.<\/p>\n\n\n\n<p>\u201cTeremos muito esporte, lazer, bem-estar, sa\u00fade, energia positiva e muitos brindes. Convide suas amigas, sua fam\u00edlia e venha viver conosco esse momento\u201d, convida a secret\u00e1ria de Esportes.<\/p>\n\n\n\n<p><\/p>\n","protected":false},"excerpt":{"rendered":"<p>Em alus\u00e3o ao Dia Internacional da Mulher, a Prefeitura de Picos, atrav\u00e9s da SEMEL (Secretaria Municipal de Esportes e Lazer), com o apoio da SMS (Secretaria Municipal de Sa\u00fade) e da SEMTAS (Secretaria Municipal do Trabalho e Assist\u00eancia Social), ir\u00e1 realizar a 2\u00aa edi\u00e7\u00e3o do Projeto \u201cMulher em A\u00e7\u00e3o\u201d. O evento, exclusivo para as mulheres, [&hellip;]<\/p>\n","protected":false},"author":2,"featured_media":286018,"comment_status":"closed","ping_status":"closed","sticky":false,"template":"","format":"standard","meta":{"_mi_skip_tracking":false,"footnotes":""},"categories":[25,1,16],"tags":[192],"class_list":["post-286017","post","type-post","status-publish","format-standard","has-post-thumbnail","hentry","category-destaques-site","category-geral","category-todas","tag-destaqueprincipal"],"acf":[],"yoast_head":"<!-- This site is optimized with the Yoast SEO Premium plugin v19.2 (Yoast SEO v26.9) - https:\/\/yoast.com\/product\/yoast-seo-premium-wordpress\/ -->\n<title>Prefeitura de Picos ir\u00e1 comemorar o Dia Internacional da Mulher com a 2\u00aa edi\u00e7\u00e3o do Projeto \u201cMulher em A\u00e7\u00e3o\u201d - Portal Not\u00edcia em Pauta<\/title>\n<meta name=\"robots\" content=\"index, follow, max-snippet:-1, max-image-preview:large, max-video-preview:-1\" \/>\n<link rel=\"canonical\" href=\"https:\/\/noticiaempauta.com\/portal\/prefeitura-de-picos-ira-comemorar-o-dia-internacional-da-mulher-com-a-2a-edicao-do-projeto-mulher-em-acao\/\" \/>\n<meta property=\"og:locale\" content=\"pt_BR\" \/>\n<meta property=\"og:type\" content=\"article\" \/>\n<meta property=\"og:title\" content=\"Prefeitura de Picos ir\u00e1 comemorar o Dia Internacional da Mulher com a 2\u00aa edi\u00e7\u00e3o do Projeto \u201cMulher em A\u00e7\u00e3o\u201d\" \/>\n<meta property=\"og:description\" content=\"Em alus\u00e3o ao Dia Internacional da Mulher, a Prefeitura de Picos, atrav\u00e9s da SEMEL (Secretaria Municipal de Esportes e Lazer), com o apoio da SMS (Secretaria Municipal de Sa\u00fade) e da SEMTAS (Secretaria Municipal do Trabalho e Assist\u00eancia Social), ir\u00e1 realizar a 2\u00aa edi\u00e7\u00e3o do Projeto \u201cMulher em A\u00e7\u00e3o\u201d. O evento, exclusivo para as mulheres, [&hellip;]\" \/>\n<meta property=\"og:url\" content=\"https:\/\/noticiaempauta.com\/portal\/prefeitura-de-picos-ira-comemorar-o-dia-internacional-da-mulher-com-a-2a-edicao-do-projeto-mulher-em-acao\/\" \/>\n<meta property=\"og:site_name\" content=\"Portal Not\u00edcia em Pauta\" \/>\n<meta property=\"article:publisher\" content=\"https:\/\/www.facebook.com\/Portal-Notcia-Em-Pauta-102292869264820\/\" \/>\n<meta property=\"article:published_time\" content=\"2026-03-06T18:31:19+00:00\" \/>\n<meta property=\"article:modified_time\" content=\"2026-03-06T18:31:21+00:00\" \/>\n<meta property=\"og:image\" content=\"https:\/\/noticiaempauta.com\/portal\/wp-content\/uploads\/2026\/03\/CCM_0360-1.webp\" \/>\n\t<meta property=\"og:image:width\" content=\"640\" \/>\n\t<meta property=\"og:image:height\" content=\"427\" \/>\n\t<meta property=\"og:image:type\" content=\"image\/webp\" \/>\n<meta name=\"author\" content=\"Reda\u00e7\u00e3o\" \/>\n<meta name=\"twitter:card\" content=\"summary_large_image\" \/>\n<meta name=\"twitter:label1\" content=\"Escrito por\" \/>\n\t<meta name=\"twitter:data1\" content=\"Reda\u00e7\u00e3o\" \/>\n\t<meta name=\"twitter:label2\" content=\"Est. tempo de leitura\" \/>\n\t<meta name=\"twitter:data2\" content=\"4 minutos\" \/>\n<script type=\"application\/ld+json\" class=\"yoast-schema-graph\">{\"@context\":\"https:\/\/schema.org\",\"@graph\":[{\"@type\":\"Article\",\"@id\":\"https:\/\/noticiaempauta.com\/portal\/prefeitura-de-picos-ira-comemorar-o-dia-internacional-da-mulher-com-a-2a-edicao-do-projeto-mulher-em-acao\/#article\",\"isPartOf\":{\"@id\":\"https:\/\/noticiaempauta.com\/portal\/prefeitura-de-picos-ira-comemorar-o-dia-internacional-da-mulher-com-a-2a-edicao-do-projeto-mulher-em-acao\/\"},\"author\":{\"name\":\"Reda\u00e7\u00e3o\",\"@id\":\"https:\/\/noticiaempauta.com\/portal\/#\/schema\/person\/a74af43dd1ab3deca45f988c717d57ac\"},\"headline\":\"Prefeitura de Picos ir\u00e1 comemorar o Dia Internacional da Mulher com a 2\u00aa edi\u00e7\u00e3o do Projeto \u201cMulher em A\u00e7\u00e3o\u201d\",\"datePublished\":\"2026-03-06T18:31:19+00:00\",\"dateModified\":\"2026-03-06T18:31:21+00:00\",\"mainEntityOfPage\":{\"@id\":\"https:\/\/noticiaempauta.com\/portal\/prefeitura-de-picos-ira-comemorar-o-dia-internacional-da-mulher-com-a-2a-edicao-do-projeto-mulher-em-acao\/\"},\"wordCount\":490,\"publisher\":{\"@id\":\"https:\/\/noticiaempauta.com\/portal\/#organization\"},\"image\":{\"@id\":\"https:\/\/noticiaempauta.com\/portal\/prefeitura-de-picos-ira-comemorar-o-dia-internacional-da-mulher-com-a-2a-edicao-do-projeto-mulher-em-acao\/#primaryimage\"},\"thumbnailUrl\":\"https:\/\/noticiaempauta.com\/portal\/wp-content\/uploads\/2026\/03\/CCM_0360-1.webp\",\"keywords\":[\"destaqueprincipal\"],\"articleSection\":[\"Destaques\",\"Geral\",\"Todas as Not\u00edcias\"],\"inLanguage\":\"pt-BR\"},{\"@type\":\"WebPage\",\"@id\":\"https:\/\/noticiaempauta.com\/portal\/prefeitura-de-picos-ira-comemorar-o-dia-internacional-da-mulher-com-a-2a-edicao-do-projeto-mulher-em-acao\/\",\"url\":\"https:\/\/noticiaempauta.com\/portal\/prefeitura-de-picos-ira-comemorar-o-dia-internacional-da-mulher-com-a-2a-edicao-do-projeto-mulher-em-acao\/\",\"name\":\"Prefeitura de Picos ir\u00e1 comemorar o Dia Internacional da Mulher com a 2\u00aa edi\u00e7\u00e3o do Projeto \u201cMulher em A\u00e7\u00e3o\u201d - Portal Not\u00edcia em Pauta\",\"isPartOf\":{\"@id\":\"https:\/\/noticiaempauta.com\/portal\/#website\"},\"primaryImageOfPage\":{\"@id\":\"https:\/\/noticiaempauta.com\/portal\/prefeitura-de-picos-ira-comemorar-o-dia-internacional-da-mulher-com-a-2a-edicao-do-projeto-mulher-em-acao\/#primaryimage\"},\"image\":{\"@id\":\"https:\/\/noticiaempauta.com\/portal\/prefeitura-de-picos-ira-comemorar-o-dia-internacional-da-mulher-com-a-2a-edicao-do-projeto-mulher-em-acao\/#primaryimage\"},\"thumbnailUrl\":\"https:\/\/noticiaempauta.com\/portal\/wp-content\/uploads\/2026\/03\/CCM_0360-1.webp\",\"datePublished\":\"2026-03-06T18:31:19+00:00\",\"dateModified\":\"2026-03-06T18:31:21+00:00\",\"breadcrumb\":{\"@id\":\"https:\/\/noticiaempauta.com\/portal\/prefeitura-de-picos-ira-comemorar-o-dia-internacional-da-mulher-com-a-2a-edicao-do-projeto-mulher-em-acao\/#breadcrumb\"},\"inLanguage\":\"pt-BR\",\"potentialAction\":[{\"@type\":\"ReadAction\",\"target\":[\"https:\/\/noticiaempauta.com\/portal\/prefeitura-de-picos-ira-comemorar-o-dia-internacional-da-mulher-com-a-2a-edicao-do-projeto-mulher-em-acao\/\"]}]},{\"@type\":\"ImageObject\",\"inLanguage\":\"pt-BR\",\"@id\":\"https:\/\/noticiaempauta.com\/portal\/prefeitura-de-picos-ira-comemorar-o-dia-internacional-da-mulher-com-a-2a-edicao-do-projeto-mulher-em-acao\/#primaryimage\",\"url\":\"https:\/\/noticiaempauta.com\/portal\/wp-content\/uploads\/2026\/03\/CCM_0360-1.webp\",\"contentUrl\":\"https:\/\/noticiaempauta.com\/portal\/wp-content\/uploads\/2026\/03\/CCM_0360-1.webp\",\"width\":640,\"height\":427},{\"@type\":\"BreadcrumbList\",\"@id\":\"https:\/\/noticiaempauta.com\/portal\/prefeitura-de-picos-ira-comemorar-o-dia-internacional-da-mulher-com-a-2a-edicao-do-projeto-mulher-em-acao\/#breadcrumb\",\"itemListElement\":[{\"@type\":\"ListItem\",\"position\":1,\"name\":\"P\u00e1gina Inicial\",\"item\":\"https:\/\/noticiaempauta.com\/portal\/\"},{\"@type\":\"ListItem\",\"position\":2,\"name\":\"Destaques\",\"item\":\"https:\/\/noticiaempauta.com\/portal\/destaques-site\/\"},{\"@type\":\"ListItem\",\"position\":3,\"name\":\"Prefeitura de Picos ir\u00e1 comemorar o Dia Internacional da Mulher com a 2\u00aa edi\u00e7\u00e3o do Projeto \u201cMulher em A\u00e7\u00e3o\u201d\"}]},{\"@type\":\"WebSite\",\"@id\":\"https:\/\/noticiaempauta.com\/portal\/#website\",\"url\":\"https:\/\/noticiaempauta.com\/portal\/\",\"name\":\"Portal Not\u00edcia em Pauta\",\"description\":\"Voc\u00ea bem informado\",\"publisher\":{\"@id\":\"https:\/\/noticiaempauta.com\/portal\/#organization\"},\"potentialAction\":[{\"@type\":\"SearchAction\",\"target\":{\"@type\":\"EntryPoint\",\"urlTemplate\":\"https:\/\/noticiaempauta.com\/portal\/?s={search_term_string}\"},\"query-input\":{\"@type\":\"PropertyValueSpecification\",\"valueRequired\":true,\"valueName\":\"search_term_string\"}}],\"inLanguage\":\"pt-BR\"},{\"@type\":\"Organization\",\"@id\":\"https:\/\/noticiaempauta.com\/portal\/#organization\",\"name\":\"Portal Not\u00edcia em Pauta\",\"url\":\"https:\/\/noticiaempauta.com\/portal\/\",\"logo\":{\"@type\":\"ImageObject\",\"inLanguage\":\"pt-BR\",\"@id\":\"https:\/\/noticiaempauta.com\/portal\/#\/schema\/logo\/image\/\",\"url\":\"https:\/\/noticiaempauta.com\/portal\/wp-content\/uploads\/2022\/08\/logomarca_tema.fw_.png\",\"contentUrl\":\"https:\/\/noticiaempauta.com\/portal\/wp-content\/uploads\/2022\/08\/logomarca_tema.fw_.png\",\"width\":400,\"height\":232,\"caption\":\"Portal Not\u00edcia em Pauta\"},\"image\":{\"@id\":\"https:\/\/noticiaempauta.com\/portal\/#\/schema\/logo\/image\/\"},\"sameAs\":[\"https:\/\/www.facebook.com\/Portal-Notcia-Em-Pauta-102292869264820\/\",\"https:\/\/www.instagram.com\/portalnoticiaempauta\/\"]},{\"@type\":\"Person\",\"@id\":\"https:\/\/noticiaempauta.com\/portal\/#\/schema\/person\/a74af43dd1ab3deca45f988c717d57ac\",\"name\":\"Reda\u00e7\u00e3o\",\"image\":{\"@type\":\"ImageObject\",\"inLanguage\":\"pt-BR\",\"@id\":\"https:\/\/noticiaempauta.com\/portal\/#\/schema\/person\/image\/\",\"url\":\"https:\/\/secure.gravatar.com\/avatar\/03179346ecce6cdfc13361603e8f54242a90e5cde8618fa23c5c00aa2b0aadf3?s=96&d=mm&r=g\",\"contentUrl\":\"https:\/\/secure.gravatar.com\/avatar\/03179346ecce6cdfc13361603e8f54242a90e5cde8618fa23c5c00aa2b0aadf3?s=96&d=mm&r=g\",\"caption\":\"Reda\u00e7\u00e3o\"},\"sameAs\":[\"https:\/\/noticiaempauta.com\/portal\/\"],\"url\":\"https:\/\/noticiaempauta.com\/portal\/author\/fernando\/\"}]}<\/script>\n<!-- \/ Yoast SEO Premium plugin. -->","yoast_head_json":{"title":"Prefeitura de Picos ir\u00e1 comemorar o Dia Internacional da Mulher com a 2\u00aa edi\u00e7\u00e3o do Projeto \u201cMulher em A\u00e7\u00e3o\u201d - Portal Not\u00edcia em Pauta","robots":{"index":"index","follow":"follow","max-snippet":"max-snippet:-1","max-image-preview":"max-image-preview:large","max-video-preview":"max-video-preview:-1"},"canonical":"https:\/\/noticiaempauta.com\/portal\/prefeitura-de-picos-ira-comemorar-o-dia-internacional-da-mulher-com-a-2a-edicao-do-projeto-mulher-em-acao\/","og_locale":"pt_BR","og_type":"article","og_title":"Prefeitura de Picos ir\u00e1 comemorar o Dia Internacional da Mulher com a 2\u00aa edi\u00e7\u00e3o do Projeto \u201cMulher em A\u00e7\u00e3o\u201d","og_description":"Em alus\u00e3o ao Dia Internacional da Mulher, a Prefeitura de Picos, atrav\u00e9s da SEMEL (Secretaria Municipal de Esportes e Lazer), com o apoio da SMS (Secretaria Municipal de Sa\u00fade) e da SEMTAS (Secretaria Municipal do Trabalho e Assist\u00eancia Social), ir\u00e1 realizar a 2\u00aa edi\u00e7\u00e3o do Projeto \u201cMulher em A\u00e7\u00e3o\u201d. O evento, exclusivo para as mulheres, [&hellip;]","og_url":"https:\/\/noticiaempauta.com\/portal\/prefeitura-de-picos-ira-comemorar-o-dia-internacional-da-mulher-com-a-2a-edicao-do-projeto-mulher-em-acao\/","og_site_name":"Portal Not\u00edcia em Pauta","article_publisher":"https:\/\/www.facebook.com\/Portal-Notcia-Em-Pauta-102292869264820\/","article_published_time":"2026-03-06T18:31:19+00:00","article_modified_time":"2026-03-06T18:31:21+00:00","og_image":[{"width":640,"height":427,"url":"https:\/\/noticiaempauta.com\/portal\/wp-content\/uploads\/2026\/03\/CCM_0360-1.webp","type":"image\/webp"}],"author":"Reda\u00e7\u00e3o","twitter_card":"summary_large_image","twitter_misc":{"Escrito por":"Reda\u00e7\u00e3o","Est. tempo de leitura":"4 minutos"},"schema":{"@context":"https:\/\/schema.org","@graph":[{"@type":"Article","@id":"https:\/\/noticiaempauta.com\/portal\/prefeitura-de-picos-ira-comemorar-o-dia-internacional-da-mulher-com-a-2a-edicao-do-projeto-mulher-em-acao\/#article","isPartOf":{"@id":"https:\/\/noticiaempauta.com\/portal\/prefeitura-de-picos-ira-comemorar-o-dia-internacional-da-mulher-com-a-2a-edicao-do-projeto-mulher-em-acao\/"},"author":{"name":"Reda\u00e7\u00e3o","@id":"https:\/\/noticiaempauta.com\/portal\/#\/schema\/person\/a74af43dd1ab3deca45f988c717d57ac"},"headline":"Prefeitura de Picos ir\u00e1 comemorar o Dia Internacional da Mulher com a 2\u00aa edi\u00e7\u00e3o do Projeto \u201cMulher em A\u00e7\u00e3o\u201d","datePublished":"2026-03-06T18:31:19+00:00","dateModified":"2026-03-06T18:31:21+00:00","mainEntityOfPage":{"@id":"https:\/\/noticiaempauta.com\/portal\/prefeitura-de-picos-ira-comemorar-o-dia-internacional-da-mulher-com-a-2a-edicao-do-projeto-mulher-em-acao\/"},"wordCount":490,"publisher":{"@id":"https:\/\/noticiaempauta.com\/portal\/#organization"},"image":{"@id":"https:\/\/noticiaempauta.com\/portal\/prefeitura-de-picos-ira-comemorar-o-dia-internacional-da-mulher-com-a-2a-edicao-do-projeto-mulher-em-acao\/#primaryimage"},"thumbnailUrl":"https:\/\/noticiaempauta.com\/portal\/wp-content\/uploads\/2026\/03\/CCM_0360-1.webp","keywords":["destaqueprincipal"],"articleSection":["Destaques","Geral","Todas as Not\u00edcias"],"inLanguage":"pt-BR"},{"@type":"WebPage","@id":"https:\/\/noticiaempauta.com\/portal\/prefeitura-de-picos-ira-comemorar-o-dia-internacional-da-mulher-com-a-2a-edicao-do-projeto-mulher-em-acao\/","url":"https:\/\/noticiaempauta.com\/portal\/prefeitura-de-picos-ira-comemorar-o-dia-internacional-da-mulher-com-a-2a-edicao-do-projeto-mulher-em-acao\/","name":"Prefeitura de Picos ir\u00e1 comemorar o Dia Internacional da Mulher com a 2\u00aa edi\u00e7\u00e3o do Projeto \u201cMulher em A\u00e7\u00e3o\u201d - Portal Not\u00edcia em Pauta","isPartOf":{"@id":"https:\/\/noticiaempauta.com\/portal\/#website"},"primaryImageOfPage":{"@id":"https:\/\/noticiaempauta.com\/portal\/prefeitura-de-picos-ira-comemorar-o-dia-internacional-da-mulher-com-a-2a-edicao-do-projeto-mulher-em-acao\/#primaryimage"},"image":{"@id":"https:\/\/noticiaempauta.com\/portal\/prefeitura-de-picos-ira-comemorar-o-dia-internacional-da-mulher-com-a-2a-edicao-do-projeto-mulher-em-acao\/#primaryimage"},"thumbnailUrl":"https:\/\/noticiaempauta.com\/portal\/wp-content\/uploads\/2026\/03\/CCM_0360-1.webp","datePublished":"2026-03-06T18:31:19+00:00","dateModified":"2026-03-06T18:31:21+00:00","breadcrumb":{"@id":"https:\/\/noticiaempauta.com\/portal\/prefeitura-de-picos-ira-comemorar-o-dia-internacional-da-mulher-com-a-2a-edicao-do-projeto-mulher-em-acao\/#breadcrumb"},"inLanguage":"pt-BR","potentialAction":[{"@type":"ReadAction","target":["https:\/\/noticiaempauta.com\/portal\/prefeitura-de-picos-ira-comemorar-o-dia-internacional-da-mulher-com-a-2a-edicao-do-projeto-mulher-em-acao\/"]}]},{"@type":"ImageObject","inLanguage":"pt-BR","@id":"https:\/\/noticiaempauta.com\/portal\/prefeitura-de-picos-ira-comemorar-o-dia-internacional-da-mulher-com-a-2a-edicao-do-projeto-mulher-em-acao\/#primaryimage","url":"https:\/\/noticiaempauta.com\/portal\/wp-content\/uploads\/2026\/03\/CCM_0360-1.webp","contentUrl":"https:\/\/noticiaempauta.com\/portal\/wp-content\/uploads\/2026\/03\/CCM_0360-1.webp","width":640,"height":427},{"@type":"BreadcrumbList","@id":"https:\/\/noticiaempauta.com\/portal\/prefeitura-de-picos-ira-comemorar-o-dia-internacional-da-mulher-com-a-2a-edicao-do-projeto-mulher-em-acao\/#breadcrumb","itemListElement":[{"@type":"ListItem","position":1,"name":"P\u00e1gina Inicial","item":"https:\/\/noticiaempauta.com\/portal\/"},{"@type":"ListItem","position":2,"name":"Destaques","item":"https:\/\/noticiaempauta.com\/portal\/destaques-site\/"},{"@type":"ListItem","position":3,"name":"Prefeitura de Picos ir\u00e1 comemorar o Dia Internacional da Mulher com a 2\u00aa edi\u00e7\u00e3o do Projeto \u201cMulher em A\u00e7\u00e3o\u201d"}]},{"@type":"WebSite","@id":"https:\/\/noticiaempauta.com\/portal\/#website","url":"https:\/\/noticiaempauta.com\/portal\/","name":"Portal Not\u00edcia em Pauta","description":"Voc\u00ea bem informado","publisher":{"@id":"https:\/\/noticiaempauta.com\/portal\/#organization"},"potentialAction":[{"@type":"SearchAction","target":{"@type":"EntryPoint","urlTemplate":"https:\/\/noticiaempauta.com\/portal\/?s={search_term_string}"},"query-input":{"@type":"PropertyValueSpecification","valueRequired":true,"valueName":"search_term_string"}}],"inLanguage":"pt-BR"},{"@type":"Organization","@id":"https:\/\/noticiaempauta.com\/portal\/#organization","name":"Portal Not\u00edcia em Pauta","url":"https:\/\/noticiaempauta.com\/portal\/","logo":{"@type":"ImageObject","inLanguage":"pt-BR","@id":"https:\/\/noticiaempauta.com\/portal\/#\/schema\/logo\/image\/","url":"https:\/\/noticiaempauta.com\/portal\/wp-content\/uploads\/2022\/08\/logomarca_tema.fw_.png","contentUrl":"https:\/\/noticiaempauta.com\/portal\/wp-content\/uploads\/2022\/08\/logomarca_tema.fw_.png","width":400,"height":232,"caption":"Portal Not\u00edcia em Pauta"},"image":{"@id":"https:\/\/noticiaempauta.com\/portal\/#\/schema\/logo\/image\/"},"sameAs":["https:\/\/www.facebook.com\/Portal-Notcia-Em-Pauta-102292869264820\/","https:\/\/www.instagram.com\/portalnoticiaempauta\/"]},{"@type":"Person","@id":"https:\/\/noticiaempauta.com\/portal\/#\/schema\/person\/a74af43dd1ab3deca45f988c717d57ac","name":"Reda\u00e7\u00e3o","image":{"@type":"ImageObject","inLanguage":"pt-BR","@id":"https:\/\/noticiaempauta.com\/portal\/#\/schema\/person\/image\/","url":"https:\/\/secure.gravatar.com\/avatar\/03179346ecce6cdfc13361603e8f54242a90e5cde8618fa23c5c00aa2b0aadf3?s=96&d=mm&r=g","contentUrl":"https:\/\/secure.gravatar.com\/avatar\/03179346ecce6cdfc13361603e8f54242a90e5cde8618fa23c5c00aa2b0aadf3?s=96&d=mm&r=g","caption":"Reda\u00e7\u00e3o"},"sameAs":["https:\/\/noticiaempauta.com\/portal\/"],"url":"https:\/\/noticiaempauta.com\/portal\/author\/fernando\/"}]}},"_links":{"self":[{"href":"https:\/\/noticiaempauta.com\/portal\/wp-json\/wp\/v2\/posts\/286017","targetHints":{"allow":["GET"]}}],"collection":[{"href":"https:\/\/noticiaempauta.com\/portal\/wp-json\/wp\/v2\/posts"}],"about":[{"href":"https:\/\/noticiaempauta.com\/portal\/wp-json\/wp\/v2\/types\/post"}],"author":[{"embeddable":true,"href":"https:\/\/noticiaempauta.com\/portal\/wp-json\/wp\/v2\/users\/2"}],"replies":[{"embeddable":true,"href":"https:\/\/noticiaempauta.com\/portal\/wp-json\/wp\/v2\/comments?post=286017"}],"version-history":[{"count":2,"href":"https:\/\/noticiaempauta.com\/portal\/wp-json\/wp\/v2\/posts\/286017\/revisions"}],"predecessor-version":[{"id":286022,"href":"https:\/\/noticiaempauta.com\/portal\/wp-json\/wp\/v2\/posts\/286017\/revisions\/286022"}],"wp:featuredmedia":[{"embeddable":true,"href":"https:\/\/noticiaempauta.com\/portal\/wp-json\/wp\/v2\/media\/286018"}],"wp:attachment":[{"href":"https:\/\/noticiaempauta.com\/portal\/wp-json\/wp\/v2\/media?parent=286017"}],"wp:term":[{"taxonomy":"category","embeddable":true,"href":"https:\/\/noticiaempauta.com\/portal\/wp-json\/wp\/v2\/categories?post=286017"},{"taxonomy":"post_tag","embeddable":true,"href":"https:\/\/noticiaempauta.com\/portal\/wp-json\/wp\/v2\/tags?post=286017"}],"curies":[{"name":"wp","href":"https:\/\/api.w.org\/{rel}","templated":true}]}}