{"id":286077,"date":"2026-03-09T09:44:06","date_gmt":"2026-03-09T12:44:06","guid":{"rendered":"https:\/\/noticiaempauta.com\/portal\/?p=286077"},"modified":"2026-03-09T09:44:08","modified_gmt":"2026-03-09T12:44:08","slug":"2a-edicao-do-mulher-em-acao-movimenta-o-dia-internacional-da-mulher-em-picos","status":"publish","type":"post","link":"https:\/\/noticiaempauta.com\/portal\/2a-edicao-do-mulher-em-acao-movimenta-o-dia-internacional-da-mulher-em-picos\/","title":{"rendered":"2\u00aa edi\u00e7\u00e3o do \u201cMulher em A\u00e7\u00e3o\u201d movimenta o \u201cDia Internacional da Mulher\u201d em Picos"},"content":{"rendered":"\n<p>O \u201cDia Internacional da Mulher\u201d, comemorado neste domingo (08), foi marcado, na cidade de Picos, por muita atividade f\u00edsica, momentos de integra\u00e7\u00e3o social, lazer, relaxamento e promo\u00e7\u00e3o da sa\u00fade.<\/p>\n\n\n\n<p>Na oportunidade, a Prefeitura, atrav\u00e9s da da SEMEL (Secretaria Municipal de Esportes e Lazer), com o apoio da SMS (Secretaria Municipal de Sa\u00fade) e da SEMTAS (Secretaria Municipal do Trabalho e Assist\u00eancia Social), realizou a 2\u00aa edi\u00e7\u00e3o do \u201cMulher em A\u00e7\u00e3o\u201d.<\/p>\n\n\n\n<figure class=\"wp-block-image size-large\"><img fetchpriority=\"high\" decoding=\"async\" width=\"1024\" height=\"683\" src=\"https:\/\/noticiaempauta.com\/portal\/wp-content\/uploads\/2026\/03\/CCM_0767-scaled-1-1024x683.webp\" alt=\"\" class=\"wp-image-286078\" srcset=\"https:\/\/noticiaempauta.com\/portal\/wp-content\/uploads\/2026\/03\/CCM_0767-scaled-1-1024x683.webp 1024w, https:\/\/noticiaempauta.com\/portal\/wp-content\/uploads\/2026\/03\/CCM_0767-scaled-1-300x200.webp 300w, https:\/\/noticiaempauta.com\/portal\/wp-content\/uploads\/2026\/03\/CCM_0767-scaled-1-768x512.webp 768w, https:\/\/noticiaempauta.com\/portal\/wp-content\/uploads\/2026\/03\/CCM_0767-scaled-1-1536x1025.webp 1536w, https:\/\/noticiaempauta.com\/portal\/wp-content\/uploads\/2026\/03\/CCM_0767-scaled-1-2048x1366.webp 2048w\" sizes=\"(max-width: 1024px) 100vw, 1024px\" \/><\/figure>\n\n\n\n<p>O evento, que teve uma programa\u00e7\u00e3o ampliada em rela\u00e7\u00e3o ao ano passado, reuniu mulheres meninas, adolescentes, jovens, adultas e da terceira idade, na AABB (Associa\u00e7\u00e3o Atl\u00e9tica Banco do Brasil).<\/p>\n\n\n\n<figure class=\"wp-block-image size-full\"><img decoding=\"async\" width=\"1024\" height=\"683\" src=\"https:\/\/noticiaempauta.com\/portal\/wp-content\/uploads\/2026\/03\/CCM_0740-1024x683-1.webp\" alt=\"\" class=\"wp-image-286079\" srcset=\"https:\/\/noticiaempauta.com\/portal\/wp-content\/uploads\/2026\/03\/CCM_0740-1024x683-1.webp 1024w, https:\/\/noticiaempauta.com\/portal\/wp-content\/uploads\/2026\/03\/CCM_0740-1024x683-1-300x200.webp 300w, https:\/\/noticiaempauta.com\/portal\/wp-content\/uploads\/2026\/03\/CCM_0740-1024x683-1-768x512.webp 768w\" sizes=\"(max-width: 1024px) 100vw, 1024px\" \/><\/figure>\n\n\n\n<p>\u201cNo ano passado o evento foi muito validado pelo p\u00fablico e esse ano voltamos com uma vers\u00e3o ainda mais ampliada, com diversos parceiros e trouxemos mais sa\u00fade, mais lazer, mais esporte, mais bem-estar e qualidade de vida para as mulheres e isso tudo fomentando o esporte e o desenvolvimento de uma cultura de h\u00e1bitos saud\u00e1veis\u201d, destacou a secret\u00e1ria de Esportes e Lazer, Layana Rufino.<\/p>\n\n\n\n<figure class=\"wp-block-image size-full\"><img decoding=\"async\" width=\"1024\" height=\"683\" src=\"https:\/\/noticiaempauta.com\/portal\/wp-content\/uploads\/2026\/03\/CCM_0764-1024x683-1.webp\" alt=\"\" class=\"wp-image-286083\" srcset=\"https:\/\/noticiaempauta.com\/portal\/wp-content\/uploads\/2026\/03\/CCM_0764-1024x683-1.webp 1024w, https:\/\/noticiaempauta.com\/portal\/wp-content\/uploads\/2026\/03\/CCM_0764-1024x683-1-300x200.webp 300w, https:\/\/noticiaempauta.com\/portal\/wp-content\/uploads\/2026\/03\/CCM_0764-1024x683-1-768x512.webp 768w\" sizes=\"(max-width: 1024px) 100vw, 1024px\" \/><\/figure>\n\n\n\n<figure class=\"wp-block-image size-full\"><img loading=\"lazy\" decoding=\"async\" width=\"1024\" height=\"683\" src=\"https:\/\/noticiaempauta.com\/portal\/wp-content\/uploads\/2026\/03\/CCM_0735-1024x683-1.webp\" alt=\"\" class=\"wp-image-286081\" srcset=\"https:\/\/noticiaempauta.com\/portal\/wp-content\/uploads\/2026\/03\/CCM_0735-1024x683-1.webp 1024w, https:\/\/noticiaempauta.com\/portal\/wp-content\/uploads\/2026\/03\/CCM_0735-1024x683-1-300x200.webp 300w, https:\/\/noticiaempauta.com\/portal\/wp-content\/uploads\/2026\/03\/CCM_0735-1024x683-1-768x512.webp 768w\" sizes=\"(max-width: 1024px) 100vw, 1024px\" \/><\/figure>\n\n\n\n<p>A programa\u00e7\u00e3o contou com torneios de fut7, de v\u00f4lei de quadra e de v\u00f4lei de areia, \u201cAul\u00e3o de Dan\u00e7a\u201d, treino funcional, sess\u00f5es de spinning, avalia\u00e7\u00e3o de bioimped\u00e2ncia, sess\u00f5es de fisioterapia, al\u00e9m de atividades f\u00edsicas voltadas para o grupo \u201c60+\u201d.<\/p>\n\n\n\n<figure class=\"wp-block-image size-full\"><img loading=\"lazy\" decoding=\"async\" width=\"1024\" height=\"683\" src=\"https:\/\/noticiaempauta.com\/portal\/wp-content\/uploads\/2026\/03\/CCM_0756-1024x683-1.webp\" alt=\"\" class=\"wp-image-286082\" srcset=\"https:\/\/noticiaempauta.com\/portal\/wp-content\/uploads\/2026\/03\/CCM_0756-1024x683-1.webp 1024w, https:\/\/noticiaempauta.com\/portal\/wp-content\/uploads\/2026\/03\/CCM_0756-1024x683-1-300x200.webp 300w, https:\/\/noticiaempauta.com\/portal\/wp-content\/uploads\/2026\/03\/CCM_0756-1024x683-1-768x512.webp 768w\" sizes=\"(max-width: 1024px) 100vw, 1024px\" \/><\/figure>\n\n\n\n<p>O evento disponibilizou ainda um Espa\u00e7o Kids, que garantiu muita divers\u00e3o para os pequenos, e a presen\u00e7a do suporte de uma ambul\u00e2ncia.<\/p>\n\n\n\n<figure class=\"wp-block-image size-full\"><img loading=\"lazy\" decoding=\"async\" width=\"1024\" height=\"683\" src=\"https:\/\/noticiaempauta.com\/portal\/wp-content\/uploads\/2026\/03\/CCM_0726-1024x683-1.webp\" alt=\"\" class=\"wp-image-286080\" srcset=\"https:\/\/noticiaempauta.com\/portal\/wp-content\/uploads\/2026\/03\/CCM_0726-1024x683-1.webp 1024w, https:\/\/noticiaempauta.com\/portal\/wp-content\/uploads\/2026\/03\/CCM_0726-1024x683-1-300x200.webp 300w, https:\/\/noticiaempauta.com\/portal\/wp-content\/uploads\/2026\/03\/CCM_0726-1024x683-1-768x512.webp 768w\" sizes=\"(max-width: 1024px) 100vw, 1024px\" \/><\/figure>\n\n\n\n<p>A 2\u00aa edi\u00e7\u00e3o do \u201cMulher em A\u00e7\u00e3o\u201d teve o apoio da AABB, do SEST\/ SENAT (Servi\u00e7o Social do Transporte e Servi\u00e7o Nacional de Aprendizagem do Transporte), do SESC (Servi\u00e7o Social do Com\u00e9rcio), do A\u00e7a\u00ed no Grau, do Bem Viver, do Cerberus Volleyball, das ARP (Abelhas Rainha de Picos), da Max Training Clube, da Virtex Telecom, da A &amp; M Decora\u00e7\u00f5es e Eventos e do Ateli\u00ea Lilian Mac\u00eado.<\/p>\n\n\n\n<figure class=\"wp-block-image size-full\"><img loading=\"lazy\" decoding=\"async\" width=\"1024\" height=\"683\" src=\"https:\/\/noticiaempauta.com\/portal\/wp-content\/uploads\/2026\/03\/CCM_0905-1024x683-1.webp\" alt=\"\" class=\"wp-image-286084\" srcset=\"https:\/\/noticiaempauta.com\/portal\/wp-content\/uploads\/2026\/03\/CCM_0905-1024x683-1.webp 1024w, https:\/\/noticiaempauta.com\/portal\/wp-content\/uploads\/2026\/03\/CCM_0905-1024x683-1-300x200.webp 300w, https:\/\/noticiaempauta.com\/portal\/wp-content\/uploads\/2026\/03\/CCM_0905-1024x683-1-768x512.webp 768w\" sizes=\"(max-width: 1024px) 100vw, 1024px\" \/><\/figure>\n\n\n\n<p>O evento em alus\u00e3o ao \u201cDia Internacional da Mulher\u201d realizado pela SEMEL de Picos tamb\u00e9m teve o apoio da Color Systems, do Grupo Suprimentos, da Magazine Farma, do SENAI (Servi\u00e7o Nacional de Aprendizagem Industrial), do SEBRAE (Servi\u00e7o Brasileiro de Apoio \u00e0s Micro e Pequenas Empresas), das \u00d3ticas Diniz, da UNIMED, da Romanel, da Manipulare, da Noroeste, do 181 Carnes, da MedCenter, do Urbano e dos Amigos da Comunidade.<\/p>\n\n\n\n<figure class=\"wp-block-image size-full\"><img loading=\"lazy\" decoding=\"async\" width=\"1024\" height=\"683\" src=\"https:\/\/noticiaempauta.com\/portal\/wp-content\/uploads\/2026\/03\/CCM_0810-1024x683-1.webp\" alt=\"\" class=\"wp-image-286085\" srcset=\"https:\/\/noticiaempauta.com\/portal\/wp-content\/uploads\/2026\/03\/CCM_0810-1024x683-1.webp 1024w, https:\/\/noticiaempauta.com\/portal\/wp-content\/uploads\/2026\/03\/CCM_0810-1024x683-1-300x200.webp 300w, https:\/\/noticiaempauta.com\/portal\/wp-content\/uploads\/2026\/03\/CCM_0810-1024x683-1-768x512.webp 768w\" sizes=\"(max-width: 1024px) 100vw, 1024px\" \/><\/figure>\n\n\n\n<figure class=\"wp-block-image size-full\"><img loading=\"lazy\" decoding=\"async\" width=\"1024\" height=\"683\" src=\"https:\/\/noticiaempauta.com\/portal\/wp-content\/uploads\/2026\/03\/CCM_0862-1024x683-1.webp\" alt=\"\" class=\"wp-image-286087\" srcset=\"https:\/\/noticiaempauta.com\/portal\/wp-content\/uploads\/2026\/03\/CCM_0862-1024x683-1.webp 1024w, https:\/\/noticiaempauta.com\/portal\/wp-content\/uploads\/2026\/03\/CCM_0862-1024x683-1-300x200.webp 300w, https:\/\/noticiaempauta.com\/portal\/wp-content\/uploads\/2026\/03\/CCM_0862-1024x683-1-768x512.webp 768w\" sizes=\"(max-width: 1024px) 100vw, 1024px\" \/><\/figure>\n","protected":false},"excerpt":{"rendered":"<p>O \u201cDia Internacional da Mulher\u201d, comemorado neste domingo (08), foi marcado, na cidade de Picos, por muita atividade f\u00edsica, momentos de integra\u00e7\u00e3o social, lazer, relaxamento e promo\u00e7\u00e3o da sa\u00fade. Na oportunidade, a Prefeitura, atrav\u00e9s da da SEMEL (Secretaria Municipal de Esportes e Lazer), com o apoio da SMS (Secretaria Municipal de Sa\u00fade) e da SEMTAS [&hellip;]<\/p>\n","protected":false},"author":2,"featured_media":286078,"comment_status":"closed","ping_status":"closed","sticky":false,"template":"","format":"standard","meta":{"_mi_skip_tracking":false,"footnotes":""},"categories":[25,1,16],"tags":[],"class_list":["post-286077","post","type-post","status-publish","format-standard","has-post-thumbnail","hentry","category-destaques-site","category-geral","category-todas"],"acf":[],"yoast_head":"<!-- This site is optimized with the Yoast SEO Premium plugin v19.2 (Yoast SEO v26.9) - https:\/\/yoast.com\/product\/yoast-seo-premium-wordpress\/ -->\n<title>2\u00aa edi\u00e7\u00e3o do \u201cMulher em A\u00e7\u00e3o\u201d movimenta o \u201cDia Internacional da Mulher\u201d em Picos - Portal Not\u00edcia em Pauta<\/title>\n<meta name=\"robots\" content=\"index, follow, max-snippet:-1, max-image-preview:large, max-video-preview:-1\" \/>\n<link rel=\"canonical\" href=\"https:\/\/noticiaempauta.com\/portal\/2a-edicao-do-mulher-em-acao-movimenta-o-dia-internacional-da-mulher-em-picos\/\" \/>\n<meta property=\"og:locale\" content=\"pt_BR\" \/>\n<meta property=\"og:type\" content=\"article\" \/>\n<meta property=\"og:title\" content=\"2\u00aa edi\u00e7\u00e3o do \u201cMulher em A\u00e7\u00e3o\u201d movimenta o \u201cDia Internacional da Mulher\u201d em Picos\" \/>\n<meta property=\"og:description\" content=\"O \u201cDia Internacional da Mulher\u201d, comemorado neste domingo (08), foi marcado, na cidade de Picos, por muita atividade f\u00edsica, momentos de integra\u00e7\u00e3o social, lazer, relaxamento e promo\u00e7\u00e3o da sa\u00fade. Na oportunidade, a Prefeitura, atrav\u00e9s da da SEMEL (Secretaria Municipal de Esportes e Lazer), com o apoio da SMS (Secretaria Municipal de Sa\u00fade) e da SEMTAS [&hellip;]\" \/>\n<meta property=\"og:url\" content=\"https:\/\/noticiaempauta.com\/portal\/2a-edicao-do-mulher-em-acao-movimenta-o-dia-internacional-da-mulher-em-picos\/\" \/>\n<meta property=\"og:site_name\" content=\"Portal Not\u00edcia em Pauta\" \/>\n<meta property=\"article:publisher\" content=\"https:\/\/www.facebook.com\/Portal-Notcia-Em-Pauta-102292869264820\/\" \/>\n<meta property=\"article:published_time\" content=\"2026-03-09T12:44:06+00:00\" \/>\n<meta property=\"article:modified_time\" content=\"2026-03-09T12:44:08+00:00\" \/>\n<meta property=\"og:image\" content=\"https:\/\/noticiaempauta.com\/portal\/wp-content\/uploads\/2026\/03\/CCM_0767-scaled-1.webp\" \/>\n\t<meta property=\"og:image:width\" content=\"2560\" \/>\n\t<meta property=\"og:image:height\" content=\"1708\" \/>\n\t<meta property=\"og:image:type\" content=\"image\/webp\" \/>\n<meta name=\"author\" content=\"Reda\u00e7\u00e3o\" \/>\n<meta name=\"twitter:card\" content=\"summary_large_image\" \/>\n<meta name=\"twitter:label1\" content=\"Escrito por\" \/>\n\t<meta name=\"twitter:data1\" content=\"Reda\u00e7\u00e3o\" \/>\n\t<meta name=\"twitter:label2\" content=\"Est. tempo de leitura\" \/>\n\t<meta name=\"twitter:data2\" content=\"4 minutos\" \/>\n<script type=\"application\/ld+json\" class=\"yoast-schema-graph\">{\"@context\":\"https:\/\/schema.org\",\"@graph\":[{\"@type\":\"Article\",\"@id\":\"https:\/\/noticiaempauta.com\/portal\/2a-edicao-do-mulher-em-acao-movimenta-o-dia-internacional-da-mulher-em-picos\/#article\",\"isPartOf\":{\"@id\":\"https:\/\/noticiaempauta.com\/portal\/2a-edicao-do-mulher-em-acao-movimenta-o-dia-internacional-da-mulher-em-picos\/\"},\"author\":{\"name\":\"Reda\u00e7\u00e3o\",\"@id\":\"https:\/\/noticiaempauta.com\/portal\/#\/schema\/person\/a74af43dd1ab3deca45f988c717d57ac\"},\"headline\":\"2\u00aa edi\u00e7\u00e3o do \u201cMulher em A\u00e7\u00e3o\u201d movimenta o \u201cDia Internacional da Mulher\u201d em Picos\",\"datePublished\":\"2026-03-09T12:44:06+00:00\",\"dateModified\":\"2026-03-09T12:44:08+00:00\",\"mainEntityOfPage\":{\"@id\":\"https:\/\/noticiaempauta.com\/portal\/2a-edicao-do-mulher-em-acao-movimenta-o-dia-internacional-da-mulher-em-picos\/\"},\"wordCount\":416,\"publisher\":{\"@id\":\"https:\/\/noticiaempauta.com\/portal\/#organization\"},\"image\":{\"@id\":\"https:\/\/noticiaempauta.com\/portal\/2a-edicao-do-mulher-em-acao-movimenta-o-dia-internacional-da-mulher-em-picos\/#primaryimage\"},\"thumbnailUrl\":\"https:\/\/noticiaempauta.com\/portal\/wp-content\/uploads\/2026\/03\/CCM_0767-scaled-1.webp\",\"articleSection\":[\"Destaques\",\"Geral\",\"Todas as Not\u00edcias\"],\"inLanguage\":\"pt-BR\"},{\"@type\":\"WebPage\",\"@id\":\"https:\/\/noticiaempauta.com\/portal\/2a-edicao-do-mulher-em-acao-movimenta-o-dia-internacional-da-mulher-em-picos\/\",\"url\":\"https:\/\/noticiaempauta.com\/portal\/2a-edicao-do-mulher-em-acao-movimenta-o-dia-internacional-da-mulher-em-picos\/\",\"name\":\"2\u00aa edi\u00e7\u00e3o do \u201cMulher em A\u00e7\u00e3o\u201d movimenta o \u201cDia Internacional da Mulher\u201d em Picos - Portal Not\u00edcia em Pauta\",\"isPartOf\":{\"@id\":\"https:\/\/noticiaempauta.com\/portal\/#website\"},\"primaryImageOfPage\":{\"@id\":\"https:\/\/noticiaempauta.com\/portal\/2a-edicao-do-mulher-em-acao-movimenta-o-dia-internacional-da-mulher-em-picos\/#primaryimage\"},\"image\":{\"@id\":\"https:\/\/noticiaempauta.com\/portal\/2a-edicao-do-mulher-em-acao-movimenta-o-dia-internacional-da-mulher-em-picos\/#primaryimage\"},\"thumbnailUrl\":\"https:\/\/noticiaempauta.com\/portal\/wp-content\/uploads\/2026\/03\/CCM_0767-scaled-1.webp\",\"datePublished\":\"2026-03-09T12:44:06+00:00\",\"dateModified\":\"2026-03-09T12:44:08+00:00\",\"breadcrumb\":{\"@id\":\"https:\/\/noticiaempauta.com\/portal\/2a-edicao-do-mulher-em-acao-movimenta-o-dia-internacional-da-mulher-em-picos\/#breadcrumb\"},\"inLanguage\":\"pt-BR\",\"potentialAction\":[{\"@type\":\"ReadAction\",\"target\":[\"https:\/\/noticiaempauta.com\/portal\/2a-edicao-do-mulher-em-acao-movimenta-o-dia-internacional-da-mulher-em-picos\/\"]}]},{\"@type\":\"ImageObject\",\"inLanguage\":\"pt-BR\",\"@id\":\"https:\/\/noticiaempauta.com\/portal\/2a-edicao-do-mulher-em-acao-movimenta-o-dia-internacional-da-mulher-em-picos\/#primaryimage\",\"url\":\"https:\/\/noticiaempauta.com\/portal\/wp-content\/uploads\/2026\/03\/CCM_0767-scaled-1.webp\",\"contentUrl\":\"https:\/\/noticiaempauta.com\/portal\/wp-content\/uploads\/2026\/03\/CCM_0767-scaled-1.webp\",\"width\":2560,\"height\":1708},{\"@type\":\"BreadcrumbList\",\"@id\":\"https:\/\/noticiaempauta.com\/portal\/2a-edicao-do-mulher-em-acao-movimenta-o-dia-internacional-da-mulher-em-picos\/#breadcrumb\",\"itemListElement\":[{\"@type\":\"ListItem\",\"position\":1,\"name\":\"P\u00e1gina Inicial\",\"item\":\"https:\/\/noticiaempauta.com\/portal\/\"},{\"@type\":\"ListItem\",\"position\":2,\"name\":\"Destaques\",\"item\":\"https:\/\/noticiaempauta.com\/portal\/destaques-site\/\"},{\"@type\":\"ListItem\",\"position\":3,\"name\":\"2\u00aa edi\u00e7\u00e3o do \u201cMulher em A\u00e7\u00e3o\u201d movimenta o \u201cDia Internacional da Mulher\u201d em Picos\"}]},{\"@type\":\"WebSite\",\"@id\":\"https:\/\/noticiaempauta.com\/portal\/#website\",\"url\":\"https:\/\/noticiaempauta.com\/portal\/\",\"name\":\"Portal Not\u00edcia em Pauta\",\"description\":\"Voc\u00ea bem informado\",\"publisher\":{\"@id\":\"https:\/\/noticiaempauta.com\/portal\/#organization\"},\"potentialAction\":[{\"@type\":\"SearchAction\",\"target\":{\"@type\":\"EntryPoint\",\"urlTemplate\":\"https:\/\/noticiaempauta.com\/portal\/?s={search_term_string}\"},\"query-input\":{\"@type\":\"PropertyValueSpecification\",\"valueRequired\":true,\"valueName\":\"search_term_string\"}}],\"inLanguage\":\"pt-BR\"},{\"@type\":\"Organization\",\"@id\":\"https:\/\/noticiaempauta.com\/portal\/#organization\",\"name\":\"Portal Not\u00edcia em Pauta\",\"url\":\"https:\/\/noticiaempauta.com\/portal\/\",\"logo\":{\"@type\":\"ImageObject\",\"inLanguage\":\"pt-BR\",\"@id\":\"https:\/\/noticiaempauta.com\/portal\/#\/schema\/logo\/image\/\",\"url\":\"https:\/\/noticiaempauta.com\/portal\/wp-content\/uploads\/2022\/08\/logomarca_tema.fw_.png\",\"contentUrl\":\"https:\/\/noticiaempauta.com\/portal\/wp-content\/uploads\/2022\/08\/logomarca_tema.fw_.png\",\"width\":400,\"height\":232,\"caption\":\"Portal Not\u00edcia em Pauta\"},\"image\":{\"@id\":\"https:\/\/noticiaempauta.com\/portal\/#\/schema\/logo\/image\/\"},\"sameAs\":[\"https:\/\/www.facebook.com\/Portal-Notcia-Em-Pauta-102292869264820\/\",\"https:\/\/www.instagram.com\/portalnoticiaempauta\/\"]},{\"@type\":\"Person\",\"@id\":\"https:\/\/noticiaempauta.com\/portal\/#\/schema\/person\/a74af43dd1ab3deca45f988c717d57ac\",\"name\":\"Reda\u00e7\u00e3o\",\"image\":{\"@type\":\"ImageObject\",\"inLanguage\":\"pt-BR\",\"@id\":\"https:\/\/noticiaempauta.com\/portal\/#\/schema\/person\/image\/\",\"url\":\"https:\/\/secure.gravatar.com\/avatar\/03179346ecce6cdfc13361603e8f54242a90e5cde8618fa23c5c00aa2b0aadf3?s=96&d=mm&r=g\",\"contentUrl\":\"https:\/\/secure.gravatar.com\/avatar\/03179346ecce6cdfc13361603e8f54242a90e5cde8618fa23c5c00aa2b0aadf3?s=96&d=mm&r=g\",\"caption\":\"Reda\u00e7\u00e3o\"},\"sameAs\":[\"https:\/\/noticiaempauta.com\/portal\/\"],\"url\":\"https:\/\/noticiaempauta.com\/portal\/author\/fernando\/\"}]}<\/script>\n<!-- \/ Yoast SEO Premium plugin. -->","yoast_head_json":{"title":"2\u00aa edi\u00e7\u00e3o do \u201cMulher em A\u00e7\u00e3o\u201d movimenta o \u201cDia Internacional da Mulher\u201d em Picos - Portal Not\u00edcia em Pauta","robots":{"index":"index","follow":"follow","max-snippet":"max-snippet:-1","max-image-preview":"max-image-preview:large","max-video-preview":"max-video-preview:-1"},"canonical":"https:\/\/noticiaempauta.com\/portal\/2a-edicao-do-mulher-em-acao-movimenta-o-dia-internacional-da-mulher-em-picos\/","og_locale":"pt_BR","og_type":"article","og_title":"2\u00aa edi\u00e7\u00e3o do \u201cMulher em A\u00e7\u00e3o\u201d movimenta o \u201cDia Internacional da Mulher\u201d em Picos","og_description":"O \u201cDia Internacional da Mulher\u201d, comemorado neste domingo (08), foi marcado, na cidade de Picos, por muita atividade f\u00edsica, momentos de integra\u00e7\u00e3o social, lazer, relaxamento e promo\u00e7\u00e3o da sa\u00fade. Na oportunidade, a Prefeitura, atrav\u00e9s da da SEMEL (Secretaria Municipal de Esportes e Lazer), com o apoio da SMS (Secretaria Municipal de Sa\u00fade) e da SEMTAS [&hellip;]","og_url":"https:\/\/noticiaempauta.com\/portal\/2a-edicao-do-mulher-em-acao-movimenta-o-dia-internacional-da-mulher-em-picos\/","og_site_name":"Portal Not\u00edcia em Pauta","article_publisher":"https:\/\/www.facebook.com\/Portal-Notcia-Em-Pauta-102292869264820\/","article_published_time":"2026-03-09T12:44:06+00:00","article_modified_time":"2026-03-09T12:44:08+00:00","og_image":[{"width":2560,"height":1708,"url":"https:\/\/noticiaempauta.com\/portal\/wp-content\/uploads\/2026\/03\/CCM_0767-scaled-1.webp","type":"image\/webp"}],"author":"Reda\u00e7\u00e3o","twitter_card":"summary_large_image","twitter_misc":{"Escrito por":"Reda\u00e7\u00e3o","Est. tempo de leitura":"4 minutos"},"schema":{"@context":"https:\/\/schema.org","@graph":[{"@type":"Article","@id":"https:\/\/noticiaempauta.com\/portal\/2a-edicao-do-mulher-em-acao-movimenta-o-dia-internacional-da-mulher-em-picos\/#article","isPartOf":{"@id":"https:\/\/noticiaempauta.com\/portal\/2a-edicao-do-mulher-em-acao-movimenta-o-dia-internacional-da-mulher-em-picos\/"},"author":{"name":"Reda\u00e7\u00e3o","@id":"https:\/\/noticiaempauta.com\/portal\/#\/schema\/person\/a74af43dd1ab3deca45f988c717d57ac"},"headline":"2\u00aa edi\u00e7\u00e3o do \u201cMulher em A\u00e7\u00e3o\u201d movimenta o \u201cDia Internacional da Mulher\u201d em Picos","datePublished":"2026-03-09T12:44:06+00:00","dateModified":"2026-03-09T12:44:08+00:00","mainEntityOfPage":{"@id":"https:\/\/noticiaempauta.com\/portal\/2a-edicao-do-mulher-em-acao-movimenta-o-dia-internacional-da-mulher-em-picos\/"},"wordCount":416,"publisher":{"@id":"https:\/\/noticiaempauta.com\/portal\/#organization"},"image":{"@id":"https:\/\/noticiaempauta.com\/portal\/2a-edicao-do-mulher-em-acao-movimenta-o-dia-internacional-da-mulher-em-picos\/#primaryimage"},"thumbnailUrl":"https:\/\/noticiaempauta.com\/portal\/wp-content\/uploads\/2026\/03\/CCM_0767-scaled-1.webp","articleSection":["Destaques","Geral","Todas as Not\u00edcias"],"inLanguage":"pt-BR"},{"@type":"WebPage","@id":"https:\/\/noticiaempauta.com\/portal\/2a-edicao-do-mulher-em-acao-movimenta-o-dia-internacional-da-mulher-em-picos\/","url":"https:\/\/noticiaempauta.com\/portal\/2a-edicao-do-mulher-em-acao-movimenta-o-dia-internacional-da-mulher-em-picos\/","name":"2\u00aa edi\u00e7\u00e3o do \u201cMulher em A\u00e7\u00e3o\u201d movimenta o \u201cDia Internacional da Mulher\u201d em Picos - Portal Not\u00edcia em Pauta","isPartOf":{"@id":"https:\/\/noticiaempauta.com\/portal\/#website"},"primaryImageOfPage":{"@id":"https:\/\/noticiaempauta.com\/portal\/2a-edicao-do-mulher-em-acao-movimenta-o-dia-internacional-da-mulher-em-picos\/#primaryimage"},"image":{"@id":"https:\/\/noticiaempauta.com\/portal\/2a-edicao-do-mulher-em-acao-movimenta-o-dia-internacional-da-mulher-em-picos\/#primaryimage"},"thumbnailUrl":"https:\/\/noticiaempauta.com\/portal\/wp-content\/uploads\/2026\/03\/CCM_0767-scaled-1.webp","datePublished":"2026-03-09T12:44:06+00:00","dateModified":"2026-03-09T12:44:08+00:00","breadcrumb":{"@id":"https:\/\/noticiaempauta.com\/portal\/2a-edicao-do-mulher-em-acao-movimenta-o-dia-internacional-da-mulher-em-picos\/#breadcrumb"},"inLanguage":"pt-BR","potentialAction":[{"@type":"ReadAction","target":["https:\/\/noticiaempauta.com\/portal\/2a-edicao-do-mulher-em-acao-movimenta-o-dia-internacional-da-mulher-em-picos\/"]}]},{"@type":"ImageObject","inLanguage":"pt-BR","@id":"https:\/\/noticiaempauta.com\/portal\/2a-edicao-do-mulher-em-acao-movimenta-o-dia-internacional-da-mulher-em-picos\/#primaryimage","url":"https:\/\/noticiaempauta.com\/portal\/wp-content\/uploads\/2026\/03\/CCM_0767-scaled-1.webp","contentUrl":"https:\/\/noticiaempauta.com\/portal\/wp-content\/uploads\/2026\/03\/CCM_0767-scaled-1.webp","width":2560,"height":1708},{"@type":"BreadcrumbList","@id":"https:\/\/noticiaempauta.com\/portal\/2a-edicao-do-mulher-em-acao-movimenta-o-dia-internacional-da-mulher-em-picos\/#breadcrumb","itemListElement":[{"@type":"ListItem","position":1,"name":"P\u00e1gina Inicial","item":"https:\/\/noticiaempauta.com\/portal\/"},{"@type":"ListItem","position":2,"name":"Destaques","item":"https:\/\/noticiaempauta.com\/portal\/destaques-site\/"},{"@type":"ListItem","position":3,"name":"2\u00aa edi\u00e7\u00e3o do \u201cMulher em A\u00e7\u00e3o\u201d movimenta o \u201cDia Internacional da Mulher\u201d em Picos"}]},{"@type":"WebSite","@id":"https:\/\/noticiaempauta.com\/portal\/#website","url":"https:\/\/noticiaempauta.com\/portal\/","name":"Portal Not\u00edcia em Pauta","description":"Voc\u00ea bem informado","publisher":{"@id":"https:\/\/noticiaempauta.com\/portal\/#organization"},"potentialAction":[{"@type":"SearchAction","target":{"@type":"EntryPoint","urlTemplate":"https:\/\/noticiaempauta.com\/portal\/?s={search_term_string}"},"query-input":{"@type":"PropertyValueSpecification","valueRequired":true,"valueName":"search_term_string"}}],"inLanguage":"pt-BR"},{"@type":"Organization","@id":"https:\/\/noticiaempauta.com\/portal\/#organization","name":"Portal Not\u00edcia em Pauta","url":"https:\/\/noticiaempauta.com\/portal\/","logo":{"@type":"ImageObject","inLanguage":"pt-BR","@id":"https:\/\/noticiaempauta.com\/portal\/#\/schema\/logo\/image\/","url":"https:\/\/noticiaempauta.com\/portal\/wp-content\/uploads\/2022\/08\/logomarca_tema.fw_.png","contentUrl":"https:\/\/noticiaempauta.com\/portal\/wp-content\/uploads\/2022\/08\/logomarca_tema.fw_.png","width":400,"height":232,"caption":"Portal Not\u00edcia em Pauta"},"image":{"@id":"https:\/\/noticiaempauta.com\/portal\/#\/schema\/logo\/image\/"},"sameAs":["https:\/\/www.facebook.com\/Portal-Notcia-Em-Pauta-102292869264820\/","https:\/\/www.instagram.com\/portalnoticiaempauta\/"]},{"@type":"Person","@id":"https:\/\/noticiaempauta.com\/portal\/#\/schema\/person\/a74af43dd1ab3deca45f988c717d57ac","name":"Reda\u00e7\u00e3o","image":{"@type":"ImageObject","inLanguage":"pt-BR","@id":"https:\/\/noticiaempauta.com\/portal\/#\/schema\/person\/image\/","url":"https:\/\/secure.gravatar.com\/avatar\/03179346ecce6cdfc13361603e8f54242a90e5cde8618fa23c5c00aa2b0aadf3?s=96&d=mm&r=g","contentUrl":"https:\/\/secure.gravatar.com\/avatar\/03179346ecce6cdfc13361603e8f54242a90e5cde8618fa23c5c00aa2b0aadf3?s=96&d=mm&r=g","caption":"Reda\u00e7\u00e3o"},"sameAs":["https:\/\/noticiaempauta.com\/portal\/"],"url":"https:\/\/noticiaempauta.com\/portal\/author\/fernando\/"}]}},"_links":{"self":[{"href":"https:\/\/noticiaempauta.com\/portal\/wp-json\/wp\/v2\/posts\/286077","targetHints":{"allow":["GET"]}}],"collection":[{"href":"https:\/\/noticiaempauta.com\/portal\/wp-json\/wp\/v2\/posts"}],"about":[{"href":"https:\/\/noticiaempauta.com\/portal\/wp-json\/wp\/v2\/types\/post"}],"author":[{"embeddable":true,"href":"https:\/\/noticiaempauta.com\/portal\/wp-json\/wp\/v2\/users\/2"}],"replies":[{"embeddable":true,"href":"https:\/\/noticiaempauta.com\/portal\/wp-json\/wp\/v2\/comments?post=286077"}],"version-history":[{"count":2,"href":"https:\/\/noticiaempauta.com\/portal\/wp-json\/wp\/v2\/posts\/286077\/revisions"}],"predecessor-version":[{"id":286089,"href":"https:\/\/noticiaempauta.com\/portal\/wp-json\/wp\/v2\/posts\/286077\/revisions\/286089"}],"wp:featuredmedia":[{"embeddable":true,"href":"https:\/\/noticiaempauta.com\/portal\/wp-json\/wp\/v2\/media\/286078"}],"wp:attachment":[{"href":"https:\/\/noticiaempauta.com\/portal\/wp-json\/wp\/v2\/media?parent=286077"}],"wp:term":[{"taxonomy":"category","embeddable":true,"href":"https:\/\/noticiaempauta.com\/portal\/wp-json\/wp\/v2\/categories?post=286077"},{"taxonomy":"post_tag","embeddable":true,"href":"https:\/\/noticiaempauta.com\/portal\/wp-json\/wp\/v2\/tags?post=286077"}],"curies":[{"name":"wp","href":"https:\/\/api.w.org\/{rel}","templated":true}]}}