{"id":286091,"date":"2026-03-09T10:10:41","date_gmt":"2026-03-09T13:10:41","guid":{"rendered":"https:\/\/noticiaempauta.com\/portal\/?p=286091"},"modified":"2026-03-09T10:10:43","modified_gmt":"2026-03-09T13:10:43","slug":"papa-leao-xiv-pede-fim-da-guerra-no-oriente-medio-calem-se-as-armas","status":"publish","type":"post","link":"https:\/\/noticiaempauta.com\/portal\/papa-leao-xiv-pede-fim-da-guerra-no-oriente-medio-calem-se-as-armas\/","title":{"rendered":"Papa Le\u00e3o XIV pede fim da guerra no Oriente M\u00e9dio: \u201cCalem-se as armas\u201d"},"content":{"rendered":"\n<p>O Papa Le\u00e3o XIV voltou a pedir o\u00a0fim da guerra no Oriente M\u00e9dio\u00a0neste domingo (8\/3). Ap\u00f3s a ora\u00e7\u00e3o do Angelus, Le\u00e3o XIV rezou pela abertura do di\u00e1logo e o\u00a0fim das hostilidades no Ir\u00e3\u00a0que, de acordo com o pont\u00edfice, tem se espalhado gerando \u201cum clima de \u00f3dio e medo\u201d.<\/p>\n\n\n\n<figure class=\"wp-block-image size-full\"><img fetchpriority=\"high\" decoding=\"async\" width=\"1024\" height=\"675\" src=\"https:\/\/noticiaempauta.com\/portal\/wp-content\/uploads\/2026\/03\/cq5dam.thumbnail.cropped.1500.844-24-1-1024x675-1.webp\" alt=\"\" class=\"wp-image-286092\" srcset=\"https:\/\/noticiaempauta.com\/portal\/wp-content\/uploads\/2026\/03\/cq5dam.thumbnail.cropped.1500.844-24-1-1024x675-1.webp 1024w, https:\/\/noticiaempauta.com\/portal\/wp-content\/uploads\/2026\/03\/cq5dam.thumbnail.cropped.1500.844-24-1-1024x675-1-300x198.webp 300w, https:\/\/noticiaempauta.com\/portal\/wp-content\/uploads\/2026\/03\/cq5dam.thumbnail.cropped.1500.844-24-1-1024x675-1-768x506.webp 768w\" sizes=\"(max-width: 1024px) 100vw, 1024px\" \/><figcaption class=\"wp-element-caption\"><em>(Foto: Reprodu\u00e7\u00e3o)<\/em><\/figcaption><\/figure>\n\n\n\n<p>O pont\u00edfice afirmou ainda que o conflito est\u00e1\u00a0desestabilizando o L\u00edbano, regi\u00e3o considerada um \u201cbaluarte\u201d para crist\u00e3os.\u00a0O pa\u00eds foi atacado nos \u00faltimos dias, em meio ao confronto do Ir\u00e3 contra os Estados Unidos e Israel.<\/p>\n\n\n\n<p>\u201cDo Ir\u00e3 e de todo o Oriente M\u00e9dio continuam chegando not\u00edcias que causam profunda consterna\u00e7\u00e3o. Aos epis\u00f3dios de viol\u00eancia e devasta\u00e7\u00e3o, e ao clima generalizado de \u00f3dio e medo, soma-se o temor de que o conflito se alastre e outros pa\u00edses da regi\u00e3o, entre eles o querido L\u00edbano, possam mergulhar novamente na instabilidade\u201d, pediu o Papa.<\/p>\n\n\n\n<p>Le\u00e3o XIV expressou \u201cprofunda consterna\u00e7\u00e3o\u201d pelos confrontos na regi\u00e3o e\u00a0pediu pela abertura do di\u00e1logo, exaltando a necessidade para que a \u201cvoz do povo seja ouvida\u201d.<\/p>\n\n\n\n<p>\u201cElevemos nossa humilde ora\u00e7\u00e3o ao Senhor, para que cesse o barulho das bombas, calem-se as armas e se abra um espa\u00e7o de di\u00e1logo, no qual se possa ouvir a voz dos povos.\u00a0Confio esta s\u00faplica a Maria, Rainha da Paz: que ela interceda por aqueles que sofrem por causa da guerra e acompanhe os cora\u00e7\u00f5es pelos caminhos da reconcilia\u00e7\u00e3o e da esperan\u00e7a\u201d, intercedeu o pont\u00edfice.<\/p>\n\n\n\n<h2 class=\"wp-block-heading\">Hostilidades no Oriente M\u00e9dio<\/h2>\n\n\n\n<p>Chega a nove dias, neste domingo (8\/3) a escalada das hostilidades no Oriente M\u00e9dio, depois que os Estados Unidos e Ir\u00e3 realizaram um ataque coordenado contra o Ir\u00e3 na regi\u00e3o. A a\u00e7\u00e3o culminou na\u00a0morte do l\u00edder supremo do pa\u00eds, o aiatol\u00e1 Ali Khamenei.<\/p>\n\n\n\n<p>Em retalia\u00e7\u00e3o, o regime teocr\u00e1tico do Ir\u00e3 atacou outros pa\u00edses aliados aos Estados Unidos na regi\u00e3o, elevando a situa\u00e7\u00e3o \u00e0 um conflito regional com mais de 10 pa\u00edses atingidos diretamente e milhares de v\u00edtimas.<\/p>\n\n\n\n<p>Neste domingo, a\u00a0Assembleia de Peritos do Ir\u00e3 escolheu o novo l\u00edder supremo\u00a0que substituir\u00e1 Khamenei. O nome, no entanto, ainda n\u00e3o foi relevado.<\/p>\n\n\n\n<p>Fonte: Metr\u00f3poles<\/p>\n","protected":false},"excerpt":{"rendered":"<p>O Papa Le\u00e3o XIV voltou a pedir o\u00a0fim da guerra no Oriente M\u00e9dio\u00a0neste domingo (8\/3). Ap\u00f3s a ora\u00e7\u00e3o do Angelus, Le\u00e3o XIV rezou pela abertura do di\u00e1logo e o\u00a0fim das hostilidades no Ir\u00e3\u00a0que, de acordo com o pont\u00edfice, tem se espalhado gerando \u201cum clima de \u00f3dio e medo\u201d. O pont\u00edfice afirmou ainda que o conflito [&hellip;]<\/p>\n","protected":false},"author":2,"featured_media":286092,"comment_status":"closed","ping_status":"closed","sticky":false,"template":"","format":"standard","meta":{"_mi_skip_tracking":false,"footnotes":""},"categories":[25,1,16],"tags":[192],"class_list":["post-286091","post","type-post","status-publish","format-standard","has-post-thumbnail","hentry","category-destaques-site","category-geral","category-todas","tag-destaqueprincipal"],"acf":[],"yoast_head":"<!-- This site is optimized with the Yoast SEO Premium plugin v19.2 (Yoast SEO v26.9) - https:\/\/yoast.com\/product\/yoast-seo-premium-wordpress\/ -->\n<title>Papa Le\u00e3o XIV pede fim da guerra no Oriente M\u00e9dio: \u201cCalem-se as armas\u201d - Portal Not\u00edcia em Pauta<\/title>\n<meta name=\"robots\" content=\"index, follow, max-snippet:-1, max-image-preview:large, max-video-preview:-1\" \/>\n<link rel=\"canonical\" href=\"https:\/\/noticiaempauta.com\/portal\/papa-leao-xiv-pede-fim-da-guerra-no-oriente-medio-calem-se-as-armas\/\" \/>\n<meta property=\"og:locale\" content=\"pt_BR\" \/>\n<meta property=\"og:type\" content=\"article\" \/>\n<meta property=\"og:title\" content=\"Papa Le\u00e3o XIV pede fim da guerra no Oriente M\u00e9dio: \u201cCalem-se as armas\u201d\" \/>\n<meta property=\"og:description\" content=\"O Papa Le\u00e3o XIV voltou a pedir o\u00a0fim da guerra no Oriente M\u00e9dio\u00a0neste domingo (8\/3). Ap\u00f3s a ora\u00e7\u00e3o do Angelus, Le\u00e3o XIV rezou pela abertura do di\u00e1logo e o\u00a0fim das hostilidades no Ir\u00e3\u00a0que, de acordo com o pont\u00edfice, tem se espalhado gerando \u201cum clima de \u00f3dio e medo\u201d. O pont\u00edfice afirmou ainda que o conflito [&hellip;]\" \/>\n<meta property=\"og:url\" content=\"https:\/\/noticiaempauta.com\/portal\/papa-leao-xiv-pede-fim-da-guerra-no-oriente-medio-calem-se-as-armas\/\" \/>\n<meta property=\"og:site_name\" content=\"Portal Not\u00edcia em Pauta\" \/>\n<meta property=\"article:publisher\" content=\"https:\/\/www.facebook.com\/Portal-Notcia-Em-Pauta-102292869264820\/\" \/>\n<meta property=\"article:published_time\" content=\"2026-03-09T13:10:41+00:00\" \/>\n<meta property=\"article:modified_time\" content=\"2026-03-09T13:10:43+00:00\" \/>\n<meta property=\"og:image\" content=\"https:\/\/noticiaempauta.com\/portal\/wp-content\/uploads\/2026\/03\/cq5dam.thumbnail.cropped.1500.844-24-1-1024x675-1.webp\" \/>\n\t<meta property=\"og:image:width\" content=\"1024\" \/>\n\t<meta property=\"og:image:height\" content=\"675\" \/>\n\t<meta property=\"og:image:type\" content=\"image\/webp\" \/>\n<meta name=\"author\" content=\"Reda\u00e7\u00e3o\" \/>\n<meta name=\"twitter:card\" content=\"summary_large_image\" \/>\n<meta name=\"twitter:label1\" content=\"Escrito por\" \/>\n\t<meta name=\"twitter:data1\" content=\"Reda\u00e7\u00e3o\" \/>\n\t<meta name=\"twitter:label2\" content=\"Est. tempo de leitura\" \/>\n\t<meta name=\"twitter:data2\" content=\"3 minutos\" \/>\n<script type=\"application\/ld+json\" class=\"yoast-schema-graph\">{\"@context\":\"https:\/\/schema.org\",\"@graph\":[{\"@type\":\"Article\",\"@id\":\"https:\/\/noticiaempauta.com\/portal\/papa-leao-xiv-pede-fim-da-guerra-no-oriente-medio-calem-se-as-armas\/#article\",\"isPartOf\":{\"@id\":\"https:\/\/noticiaempauta.com\/portal\/papa-leao-xiv-pede-fim-da-guerra-no-oriente-medio-calem-se-as-armas\/\"},\"author\":{\"name\":\"Reda\u00e7\u00e3o\",\"@id\":\"https:\/\/noticiaempauta.com\/portal\/#\/schema\/person\/a74af43dd1ab3deca45f988c717d57ac\"},\"headline\":\"Papa Le\u00e3o XIV pede fim da guerra no Oriente M\u00e9dio: \u201cCalem-se as armas\u201d\",\"datePublished\":\"2026-03-09T13:10:41+00:00\",\"dateModified\":\"2026-03-09T13:10:43+00:00\",\"mainEntityOfPage\":{\"@id\":\"https:\/\/noticiaempauta.com\/portal\/papa-leao-xiv-pede-fim-da-guerra-no-oriente-medio-calem-se-as-armas\/\"},\"wordCount\":406,\"publisher\":{\"@id\":\"https:\/\/noticiaempauta.com\/portal\/#organization\"},\"image\":{\"@id\":\"https:\/\/noticiaempauta.com\/portal\/papa-leao-xiv-pede-fim-da-guerra-no-oriente-medio-calem-se-as-armas\/#primaryimage\"},\"thumbnailUrl\":\"https:\/\/noticiaempauta.com\/portal\/wp-content\/uploads\/2026\/03\/cq5dam.thumbnail.cropped.1500.844-24-1-1024x675-1.webp\",\"keywords\":[\"destaqueprincipal\"],\"articleSection\":[\"Destaques\",\"Geral\",\"Todas as Not\u00edcias\"],\"inLanguage\":\"pt-BR\"},{\"@type\":\"WebPage\",\"@id\":\"https:\/\/noticiaempauta.com\/portal\/papa-leao-xiv-pede-fim-da-guerra-no-oriente-medio-calem-se-as-armas\/\",\"url\":\"https:\/\/noticiaempauta.com\/portal\/papa-leao-xiv-pede-fim-da-guerra-no-oriente-medio-calem-se-as-armas\/\",\"name\":\"Papa Le\u00e3o XIV pede fim da guerra no Oriente M\u00e9dio: \u201cCalem-se as armas\u201d - Portal Not\u00edcia em Pauta\",\"isPartOf\":{\"@id\":\"https:\/\/noticiaempauta.com\/portal\/#website\"},\"primaryImageOfPage\":{\"@id\":\"https:\/\/noticiaempauta.com\/portal\/papa-leao-xiv-pede-fim-da-guerra-no-oriente-medio-calem-se-as-armas\/#primaryimage\"},\"image\":{\"@id\":\"https:\/\/noticiaempauta.com\/portal\/papa-leao-xiv-pede-fim-da-guerra-no-oriente-medio-calem-se-as-armas\/#primaryimage\"},\"thumbnailUrl\":\"https:\/\/noticiaempauta.com\/portal\/wp-content\/uploads\/2026\/03\/cq5dam.thumbnail.cropped.1500.844-24-1-1024x675-1.webp\",\"datePublished\":\"2026-03-09T13:10:41+00:00\",\"dateModified\":\"2026-03-09T13:10:43+00:00\",\"breadcrumb\":{\"@id\":\"https:\/\/noticiaempauta.com\/portal\/papa-leao-xiv-pede-fim-da-guerra-no-oriente-medio-calem-se-as-armas\/#breadcrumb\"},\"inLanguage\":\"pt-BR\",\"potentialAction\":[{\"@type\":\"ReadAction\",\"target\":[\"https:\/\/noticiaempauta.com\/portal\/papa-leao-xiv-pede-fim-da-guerra-no-oriente-medio-calem-se-as-armas\/\"]}]},{\"@type\":\"ImageObject\",\"inLanguage\":\"pt-BR\",\"@id\":\"https:\/\/noticiaempauta.com\/portal\/papa-leao-xiv-pede-fim-da-guerra-no-oriente-medio-calem-se-as-armas\/#primaryimage\",\"url\":\"https:\/\/noticiaempauta.com\/portal\/wp-content\/uploads\/2026\/03\/cq5dam.thumbnail.cropped.1500.844-24-1-1024x675-1.webp\",\"contentUrl\":\"https:\/\/noticiaempauta.com\/portal\/wp-content\/uploads\/2026\/03\/cq5dam.thumbnail.cropped.1500.844-24-1-1024x675-1.webp\",\"width\":1024,\"height\":675},{\"@type\":\"BreadcrumbList\",\"@id\":\"https:\/\/noticiaempauta.com\/portal\/papa-leao-xiv-pede-fim-da-guerra-no-oriente-medio-calem-se-as-armas\/#breadcrumb\",\"itemListElement\":[{\"@type\":\"ListItem\",\"position\":1,\"name\":\"P\u00e1gina Inicial\",\"item\":\"https:\/\/noticiaempauta.com\/portal\/\"},{\"@type\":\"ListItem\",\"position\":2,\"name\":\"Destaques\",\"item\":\"https:\/\/noticiaempauta.com\/portal\/destaques-site\/\"},{\"@type\":\"ListItem\",\"position\":3,\"name\":\"Papa Le\u00e3o XIV pede fim da guerra no Oriente M\u00e9dio: \u201cCalem-se as armas\u201d\"}]},{\"@type\":\"WebSite\",\"@id\":\"https:\/\/noticiaempauta.com\/portal\/#website\",\"url\":\"https:\/\/noticiaempauta.com\/portal\/\",\"name\":\"Portal Not\u00edcia em Pauta\",\"description\":\"Voc\u00ea bem informado\",\"publisher\":{\"@id\":\"https:\/\/noticiaempauta.com\/portal\/#organization\"},\"potentialAction\":[{\"@type\":\"SearchAction\",\"target\":{\"@type\":\"EntryPoint\",\"urlTemplate\":\"https:\/\/noticiaempauta.com\/portal\/?s={search_term_string}\"},\"query-input\":{\"@type\":\"PropertyValueSpecification\",\"valueRequired\":true,\"valueName\":\"search_term_string\"}}],\"inLanguage\":\"pt-BR\"},{\"@type\":\"Organization\",\"@id\":\"https:\/\/noticiaempauta.com\/portal\/#organization\",\"name\":\"Portal Not\u00edcia em Pauta\",\"url\":\"https:\/\/noticiaempauta.com\/portal\/\",\"logo\":{\"@type\":\"ImageObject\",\"inLanguage\":\"pt-BR\",\"@id\":\"https:\/\/noticiaempauta.com\/portal\/#\/schema\/logo\/image\/\",\"url\":\"https:\/\/noticiaempauta.com\/portal\/wp-content\/uploads\/2022\/08\/logomarca_tema.fw_.png\",\"contentUrl\":\"https:\/\/noticiaempauta.com\/portal\/wp-content\/uploads\/2022\/08\/logomarca_tema.fw_.png\",\"width\":400,\"height\":232,\"caption\":\"Portal Not\u00edcia em Pauta\"},\"image\":{\"@id\":\"https:\/\/noticiaempauta.com\/portal\/#\/schema\/logo\/image\/\"},\"sameAs\":[\"https:\/\/www.facebook.com\/Portal-Notcia-Em-Pauta-102292869264820\/\",\"https:\/\/www.instagram.com\/portalnoticiaempauta\/\"]},{\"@type\":\"Person\",\"@id\":\"https:\/\/noticiaempauta.com\/portal\/#\/schema\/person\/a74af43dd1ab3deca45f988c717d57ac\",\"name\":\"Reda\u00e7\u00e3o\",\"image\":{\"@type\":\"ImageObject\",\"inLanguage\":\"pt-BR\",\"@id\":\"https:\/\/noticiaempauta.com\/portal\/#\/schema\/person\/image\/\",\"url\":\"https:\/\/secure.gravatar.com\/avatar\/03179346ecce6cdfc13361603e8f54242a90e5cde8618fa23c5c00aa2b0aadf3?s=96&d=mm&r=g\",\"contentUrl\":\"https:\/\/secure.gravatar.com\/avatar\/03179346ecce6cdfc13361603e8f54242a90e5cde8618fa23c5c00aa2b0aadf3?s=96&d=mm&r=g\",\"caption\":\"Reda\u00e7\u00e3o\"},\"sameAs\":[\"https:\/\/noticiaempauta.com\/portal\/\"],\"url\":\"https:\/\/noticiaempauta.com\/portal\/author\/fernando\/\"}]}<\/script>\n<!-- \/ Yoast SEO Premium plugin. -->","yoast_head_json":{"title":"Papa Le\u00e3o XIV pede fim da guerra no Oriente M\u00e9dio: \u201cCalem-se as armas\u201d - Portal Not\u00edcia em Pauta","robots":{"index":"index","follow":"follow","max-snippet":"max-snippet:-1","max-image-preview":"max-image-preview:large","max-video-preview":"max-video-preview:-1"},"canonical":"https:\/\/noticiaempauta.com\/portal\/papa-leao-xiv-pede-fim-da-guerra-no-oriente-medio-calem-se-as-armas\/","og_locale":"pt_BR","og_type":"article","og_title":"Papa Le\u00e3o XIV pede fim da guerra no Oriente M\u00e9dio: \u201cCalem-se as armas\u201d","og_description":"O Papa Le\u00e3o XIV voltou a pedir o\u00a0fim da guerra no Oriente M\u00e9dio\u00a0neste domingo (8\/3). Ap\u00f3s a ora\u00e7\u00e3o do Angelus, Le\u00e3o XIV rezou pela abertura do di\u00e1logo e o\u00a0fim das hostilidades no Ir\u00e3\u00a0que, de acordo com o pont\u00edfice, tem se espalhado gerando \u201cum clima de \u00f3dio e medo\u201d. O pont\u00edfice afirmou ainda que o conflito [&hellip;]","og_url":"https:\/\/noticiaempauta.com\/portal\/papa-leao-xiv-pede-fim-da-guerra-no-oriente-medio-calem-se-as-armas\/","og_site_name":"Portal Not\u00edcia em Pauta","article_publisher":"https:\/\/www.facebook.com\/Portal-Notcia-Em-Pauta-102292869264820\/","article_published_time":"2026-03-09T13:10:41+00:00","article_modified_time":"2026-03-09T13:10:43+00:00","og_image":[{"width":1024,"height":675,"url":"https:\/\/noticiaempauta.com\/portal\/wp-content\/uploads\/2026\/03\/cq5dam.thumbnail.cropped.1500.844-24-1-1024x675-1.webp","type":"image\/webp"}],"author":"Reda\u00e7\u00e3o","twitter_card":"summary_large_image","twitter_misc":{"Escrito por":"Reda\u00e7\u00e3o","Est. tempo de leitura":"3 minutos"},"schema":{"@context":"https:\/\/schema.org","@graph":[{"@type":"Article","@id":"https:\/\/noticiaempauta.com\/portal\/papa-leao-xiv-pede-fim-da-guerra-no-oriente-medio-calem-se-as-armas\/#article","isPartOf":{"@id":"https:\/\/noticiaempauta.com\/portal\/papa-leao-xiv-pede-fim-da-guerra-no-oriente-medio-calem-se-as-armas\/"},"author":{"name":"Reda\u00e7\u00e3o","@id":"https:\/\/noticiaempauta.com\/portal\/#\/schema\/person\/a74af43dd1ab3deca45f988c717d57ac"},"headline":"Papa Le\u00e3o XIV pede fim da guerra no Oriente M\u00e9dio: \u201cCalem-se as armas\u201d","datePublished":"2026-03-09T13:10:41+00:00","dateModified":"2026-03-09T13:10:43+00:00","mainEntityOfPage":{"@id":"https:\/\/noticiaempauta.com\/portal\/papa-leao-xiv-pede-fim-da-guerra-no-oriente-medio-calem-se-as-armas\/"},"wordCount":406,"publisher":{"@id":"https:\/\/noticiaempauta.com\/portal\/#organization"},"image":{"@id":"https:\/\/noticiaempauta.com\/portal\/papa-leao-xiv-pede-fim-da-guerra-no-oriente-medio-calem-se-as-armas\/#primaryimage"},"thumbnailUrl":"https:\/\/noticiaempauta.com\/portal\/wp-content\/uploads\/2026\/03\/cq5dam.thumbnail.cropped.1500.844-24-1-1024x675-1.webp","keywords":["destaqueprincipal"],"articleSection":["Destaques","Geral","Todas as Not\u00edcias"],"inLanguage":"pt-BR"},{"@type":"WebPage","@id":"https:\/\/noticiaempauta.com\/portal\/papa-leao-xiv-pede-fim-da-guerra-no-oriente-medio-calem-se-as-armas\/","url":"https:\/\/noticiaempauta.com\/portal\/papa-leao-xiv-pede-fim-da-guerra-no-oriente-medio-calem-se-as-armas\/","name":"Papa Le\u00e3o XIV pede fim da guerra no Oriente M\u00e9dio: \u201cCalem-se as armas\u201d - Portal Not\u00edcia em Pauta","isPartOf":{"@id":"https:\/\/noticiaempauta.com\/portal\/#website"},"primaryImageOfPage":{"@id":"https:\/\/noticiaempauta.com\/portal\/papa-leao-xiv-pede-fim-da-guerra-no-oriente-medio-calem-se-as-armas\/#primaryimage"},"image":{"@id":"https:\/\/noticiaempauta.com\/portal\/papa-leao-xiv-pede-fim-da-guerra-no-oriente-medio-calem-se-as-armas\/#primaryimage"},"thumbnailUrl":"https:\/\/noticiaempauta.com\/portal\/wp-content\/uploads\/2026\/03\/cq5dam.thumbnail.cropped.1500.844-24-1-1024x675-1.webp","datePublished":"2026-03-09T13:10:41+00:00","dateModified":"2026-03-09T13:10:43+00:00","breadcrumb":{"@id":"https:\/\/noticiaempauta.com\/portal\/papa-leao-xiv-pede-fim-da-guerra-no-oriente-medio-calem-se-as-armas\/#breadcrumb"},"inLanguage":"pt-BR","potentialAction":[{"@type":"ReadAction","target":["https:\/\/noticiaempauta.com\/portal\/papa-leao-xiv-pede-fim-da-guerra-no-oriente-medio-calem-se-as-armas\/"]}]},{"@type":"ImageObject","inLanguage":"pt-BR","@id":"https:\/\/noticiaempauta.com\/portal\/papa-leao-xiv-pede-fim-da-guerra-no-oriente-medio-calem-se-as-armas\/#primaryimage","url":"https:\/\/noticiaempauta.com\/portal\/wp-content\/uploads\/2026\/03\/cq5dam.thumbnail.cropped.1500.844-24-1-1024x675-1.webp","contentUrl":"https:\/\/noticiaempauta.com\/portal\/wp-content\/uploads\/2026\/03\/cq5dam.thumbnail.cropped.1500.844-24-1-1024x675-1.webp","width":1024,"height":675},{"@type":"BreadcrumbList","@id":"https:\/\/noticiaempauta.com\/portal\/papa-leao-xiv-pede-fim-da-guerra-no-oriente-medio-calem-se-as-armas\/#breadcrumb","itemListElement":[{"@type":"ListItem","position":1,"name":"P\u00e1gina Inicial","item":"https:\/\/noticiaempauta.com\/portal\/"},{"@type":"ListItem","position":2,"name":"Destaques","item":"https:\/\/noticiaempauta.com\/portal\/destaques-site\/"},{"@type":"ListItem","position":3,"name":"Papa Le\u00e3o XIV pede fim da guerra no Oriente M\u00e9dio: \u201cCalem-se as armas\u201d"}]},{"@type":"WebSite","@id":"https:\/\/noticiaempauta.com\/portal\/#website","url":"https:\/\/noticiaempauta.com\/portal\/","name":"Portal Not\u00edcia em Pauta","description":"Voc\u00ea bem informado","publisher":{"@id":"https:\/\/noticiaempauta.com\/portal\/#organization"},"potentialAction":[{"@type":"SearchAction","target":{"@type":"EntryPoint","urlTemplate":"https:\/\/noticiaempauta.com\/portal\/?s={search_term_string}"},"query-input":{"@type":"PropertyValueSpecification","valueRequired":true,"valueName":"search_term_string"}}],"inLanguage":"pt-BR"},{"@type":"Organization","@id":"https:\/\/noticiaempauta.com\/portal\/#organization","name":"Portal Not\u00edcia em Pauta","url":"https:\/\/noticiaempauta.com\/portal\/","logo":{"@type":"ImageObject","inLanguage":"pt-BR","@id":"https:\/\/noticiaempauta.com\/portal\/#\/schema\/logo\/image\/","url":"https:\/\/noticiaempauta.com\/portal\/wp-content\/uploads\/2022\/08\/logomarca_tema.fw_.png","contentUrl":"https:\/\/noticiaempauta.com\/portal\/wp-content\/uploads\/2022\/08\/logomarca_tema.fw_.png","width":400,"height":232,"caption":"Portal Not\u00edcia em Pauta"},"image":{"@id":"https:\/\/noticiaempauta.com\/portal\/#\/schema\/logo\/image\/"},"sameAs":["https:\/\/www.facebook.com\/Portal-Notcia-Em-Pauta-102292869264820\/","https:\/\/www.instagram.com\/portalnoticiaempauta\/"]},{"@type":"Person","@id":"https:\/\/noticiaempauta.com\/portal\/#\/schema\/person\/a74af43dd1ab3deca45f988c717d57ac","name":"Reda\u00e7\u00e3o","image":{"@type":"ImageObject","inLanguage":"pt-BR","@id":"https:\/\/noticiaempauta.com\/portal\/#\/schema\/person\/image\/","url":"https:\/\/secure.gravatar.com\/avatar\/03179346ecce6cdfc13361603e8f54242a90e5cde8618fa23c5c00aa2b0aadf3?s=96&d=mm&r=g","contentUrl":"https:\/\/secure.gravatar.com\/avatar\/03179346ecce6cdfc13361603e8f54242a90e5cde8618fa23c5c00aa2b0aadf3?s=96&d=mm&r=g","caption":"Reda\u00e7\u00e3o"},"sameAs":["https:\/\/noticiaempauta.com\/portal\/"],"url":"https:\/\/noticiaempauta.com\/portal\/author\/fernando\/"}]}},"_links":{"self":[{"href":"https:\/\/noticiaempauta.com\/portal\/wp-json\/wp\/v2\/posts\/286091","targetHints":{"allow":["GET"]}}],"collection":[{"href":"https:\/\/noticiaempauta.com\/portal\/wp-json\/wp\/v2\/posts"}],"about":[{"href":"https:\/\/noticiaempauta.com\/portal\/wp-json\/wp\/v2\/types\/post"}],"author":[{"embeddable":true,"href":"https:\/\/noticiaempauta.com\/portal\/wp-json\/wp\/v2\/users\/2"}],"replies":[{"embeddable":true,"href":"https:\/\/noticiaempauta.com\/portal\/wp-json\/wp\/v2\/comments?post=286091"}],"version-history":[{"count":2,"href":"https:\/\/noticiaempauta.com\/portal\/wp-json\/wp\/v2\/posts\/286091\/revisions"}],"predecessor-version":[{"id":286094,"href":"https:\/\/noticiaempauta.com\/portal\/wp-json\/wp\/v2\/posts\/286091\/revisions\/286094"}],"wp:featuredmedia":[{"embeddable":true,"href":"https:\/\/noticiaempauta.com\/portal\/wp-json\/wp\/v2\/media\/286092"}],"wp:attachment":[{"href":"https:\/\/noticiaempauta.com\/portal\/wp-json\/wp\/v2\/media?parent=286091"}],"wp:term":[{"taxonomy":"category","embeddable":true,"href":"https:\/\/noticiaempauta.com\/portal\/wp-json\/wp\/v2\/categories?post=286091"},{"taxonomy":"post_tag","embeddable":true,"href":"https:\/\/noticiaempauta.com\/portal\/wp-json\/wp\/v2\/tags?post=286091"}],"curies":[{"name":"wp","href":"https:\/\/api.w.org\/{rel}","templated":true}]}}